{"id":23508,"date":"2024-10-07T21:30:02","date_gmt":"2024-10-08T00:30:02","guid":{"rendered":"https:\/\/apuntesdesanluis.com\/?p=23508"},"modified":"2024-10-07T21:30:51","modified_gmt":"2024-10-08T00:30:51","slug":"el-senador-abdala-pide-endurecer-las-penas-a-quienes-provocan-incendios","status":"publish","type":"post","link":"https:\/\/apuntesdesanluis.com\/index.php\/2024\/10\/07\/el-senador-abdala-pide-endurecer-las-penas-a-quienes-provocan-incendios\/","title":{"rendered":"EL SENADOR ABDALA PIDE ENDURECER LAS PENAS A QUIENES PROVOCAN INCENDIOS"},"content":{"rendered":"<h3>En los \u00faltimos dos a\u00f1os, la provincia de San Luis ha sido una de las m\u00e1s perjudicadas por los incendios, motivo por el cual el senador nacional <strong>Bartolom\u00e9 Abdala<\/strong> (LLA) present\u00f3 un proyecto de ley que endurece las penas para aquellas personas que inicien los siniestros y adem\u00e1s establece que el delito no sea excarcelable.<\/h3>\n<h3>El texto de esta iniciativa modifica los <strong>art\u00edculos 186 y 189 del C\u00f3digo Penal de la Naci\u00f3n<\/strong>. El art\u00edculo 186 dispone que quien causare incendios, explosi\u00f3n o inundaci\u00f3n ser\u00e1 reprimido con reclusi\u00f3n o prisi\u00f3n de cuatro a diez a\u00f1os, si hubiere peligro com\u00fan para los bienes. Amplia a doce a\u00f1os en caso de destrucci\u00f3n de cereales, bosques, vi\u00f1as, olivares, ca\u00f1averales, algodonales yerbatales o cualquier otra plantaci\u00f3n de \u00e1rboles o arbustos, de ganado y de forrajes. Si hubiera peligro de muerte para una persona, la pena se aumenta a tres a\u00f1os m\u00e1s y si el hecho provocara una muerte, la pena de reclusi\u00f3n o prisi\u00f3n est\u00e1 prevista de ocho a veinte a\u00f1os.<\/h3>\n<h3>Por su parte, el art\u00edculo 189, en caso de provocar un incendio por imprudencia, negligencia, impericia o falta de cumplimiento de reglamentos u ordenanzas, la prisi\u00f3n prevista es de tres a seis a\u00f1os. Si el hecho pusiere en peligro la vida de alguna persona el m\u00e1ximo de la pena se elevar\u00e1 a ocho a\u00f1os y si causare la muerte se elevar\u00e1 a diez a\u00f1os.<\/h3>\n<h3>La escalada de incendios forestales en Argentina, afectaron gravemente a la provincia de San Luis (el a\u00f1o pasado se quemaron 128.186 hect\u00e1reas seg\u00fan la CONAE, aunque fuentes provinciales aseguran que se trat\u00f3 de 192.000 hect\u00e1reas y este a\u00f1o la cifra ya llega aproximadamente a las 100.000 hect\u00e1reas), C\u00f3rdoba, Chubut, adem\u00e1s de toda la zona del Delta del Paran\u00e1.<\/h3>\n<h3>\u201cAumentar las penas no s\u00f3lo servir\u00e1 como un claro mensaje para los infractores sino tambi\u00e9n que reforzar\u00e1 el compromiso del pa\u00eds con la protecci\u00f3n del medio ambiente. Es necesario que todos tomemos conciencia del rol que jugamos en la protecci\u00f3n de nuestros ecosistemas, a trav\u00e9s de campa\u00f1as educativas que promuevan pr\u00e1cticas responsables\u201d, enfatiz\u00f3 el Presidente Provisional del Senado.<\/h3>\n<p>&nbsp;<\/p>\n<p>&nbsp;<\/p>\n<p>&nbsp;<\/p>\n<p>&nbsp;<\/p>\n<p>&nbsp;<\/p>\n<p>&nbsp;<\/p>\n","protected":false},"excerpt":{"rendered":"<p>En los \u00faltimos dos a\u00f1os, la provincia de San Luis ha sido una de las&#8230;<\/p>\n","protected":false},"author":1,"featured_media":23509,"comment_status":"closed","ping_status":"closed","sticky":false,"template":"","format":"standard","meta":{"footnotes":""},"categories":[6],"tags":[],"class_list":["post-23508","post","type-post","status-publish","format-standard","has-post-thumbnail","hentry","category-ciudad-provincia"],"yoast_head":"<!-- This site is optimized with the Yoast SEO plugin v26.1.1 - https:\/\/yoast.com\/wordpress\/plugins\/seo\/ -->\n<title>EL SENADOR ABDALA PIDE ENDURECER LAS PENAS A QUIENES PROVOCAN INCENDIOS - Apuntes de San Luis<\/title>\n<meta name=\"robots\" content=\"index, follow, max-snippet:-1, max-image-preview:large, max-video-preview:-1\" \/>\n<link rel=\"canonical\" href=\"https:\/\/apuntesdesanluis.com\/index.php\/2024\/10\/07\/el-senador-abdala-pide-endurecer-las-penas-a-quienes-provocan-incendios\/\" \/>\n<meta property=\"og:locale\" content=\"es_ES\" \/>\n<meta property=\"og:type\" content=\"article\" \/>\n<meta property=\"og:title\" content=\"EL SENADOR ABDALA PIDE ENDURECER LAS PENAS A QUIENES PROVOCAN INCENDIOS - Apuntes de San Luis\" \/>\n<meta property=\"og:description\" content=\"En los \u00faltimos dos a\u00f1os, la provincia de San Luis ha sido una de las...\" \/>\n<meta property=\"og:url\" content=\"https:\/\/apuntesdesanluis.com\/index.php\/2024\/10\/07\/el-senador-abdala-pide-endurecer-las-penas-a-quienes-provocan-incendios\/\" \/>\n<meta property=\"og:site_name\" content=\"Apuntes de San Luis\" \/>\n<meta property=\"article:published_time\" content=\"2024-10-08T00:30:02+00:00\" \/>\n<meta property=\"article:modified_time\" content=\"2024-10-08T00:30:51+00:00\" \/>\n<meta property=\"og:image\" content=\"https:\/\/apuntesdesanluis.com\/wp-content\/uploads\/2024\/10\/incendio.jpg\" \/>\n\t<meta property=\"og:image:width\" content=\"700\" \/>\n\t<meta property=\"og:image:height\" content=\"399\" \/>\n\t<meta property=\"og:image:type\" content=\"image\/jpeg\" \/>\n<meta name=\"author\" content=\"apuntesdesanluis.com\" \/>\n<meta name=\"twitter:card\" content=\"summary_large_image\" \/>\n<meta name=\"twitter:label1\" content=\"Escrito por\" \/>\n\t<meta name=\"twitter:data1\" content=\"apuntesdesanluis.com\" \/>\n\t<meta name=\"twitter:label2\" content=\"Tiempo de lectura\" \/>\n\t<meta name=\"twitter:data2\" content=\"2 minutos\" \/>\n<script type=\"application\/ld+json\" class=\"yoast-schema-graph\">{\"@context\":\"https:\/\/schema.org\",\"@graph\":[{\"@type\":\"Article\",\"@id\":\"https:\/\/apuntesdesanluis.com\/index.php\/2024\/10\/07\/el-senador-abdala-pide-endurecer-las-penas-a-quienes-provocan-incendios\/#article\",\"isPartOf\":{\"@id\":\"https:\/\/apuntesdesanluis.com\/index.php\/2024\/10\/07\/el-senador-abdala-pide-endurecer-las-penas-a-quienes-provocan-incendios\/\"},\"author\":{\"name\":\"apuntesdesanluis.com\",\"@id\":\"https:\/\/apuntesdesanluis.com\/#\/schema\/person\/b55151d52296fcce64d1a72538a70b90\"},\"headline\":\"EL SENADOR ABDALA PIDE ENDURECER LAS PENAS A QUIENES PROVOCAN INCENDIOS\",\"datePublished\":\"2024-10-08T00:30:02+00:00\",\"dateModified\":\"2024-10-08T00:30:51+00:00\",\"mainEntityOfPage\":{\"@id\":\"https:\/\/apuntesdesanluis.com\/index.php\/2024\/10\/07\/el-senador-abdala-pide-endurecer-las-penas-a-quienes-provocan-incendios\/\"},\"wordCount\":401,\"publisher\":{\"@id\":\"https:\/\/apuntesdesanluis.com\/#\/schema\/person\/b55151d52296fcce64d1a72538a70b90\"},\"image\":{\"@id\":\"https:\/\/apuntesdesanluis.com\/index.php\/2024\/10\/07\/el-senador-abdala-pide-endurecer-las-penas-a-quienes-provocan-incendios\/#primaryimage\"},\"thumbnailUrl\":\"https:\/\/apuntesdesanluis.com\/wp-content\/uploads\/2024\/10\/incendio.jpg\",\"articleSection\":[\"Ciudad\/Provincia\"],\"inLanguage\":\"es-AR\"},{\"@type\":\"WebPage\",\"@id\":\"https:\/\/apuntesdesanluis.com\/index.php\/2024\/10\/07\/el-senador-abdala-pide-endurecer-las-penas-a-quienes-provocan-incendios\/\",\"url\":\"https:\/\/apuntesdesanluis.com\/index.php\/2024\/10\/07\/el-senador-abdala-pide-endurecer-las-penas-a-quienes-provocan-incendios\/\",\"name\":\"EL SENADOR ABDALA PIDE ENDURECER LAS PENAS A QUIENES PROVOCAN INCENDIOS - Apuntes de San Luis\",\"isPartOf\":{\"@id\":\"https:\/\/apuntesdesanluis.com\/#website\"},\"primaryImageOfPage\":{\"@id\":\"https:\/\/apuntesdesanluis.com\/index.php\/2024\/10\/07\/el-senador-abdala-pide-endurecer-las-penas-a-quienes-provocan-incendios\/#primaryimage\"},\"image\":{\"@id\":\"https:\/\/apuntesdesanluis.com\/index.php\/2024\/10\/07\/el-senador-abdala-pide-endurecer-las-penas-a-quienes-provocan-incendios\/#primaryimage\"},\"thumbnailUrl\":\"https:\/\/apuntesdesanluis.com\/wp-content\/uploads\/2024\/10\/incendio.jpg\",\"datePublished\":\"2024-10-08T00:30:02+00:00\",\"dateModified\":\"2024-10-08T00:30:51+00:00\",\"breadcrumb\":{\"@id\":\"https:\/\/apuntesdesanluis.com\/index.php\/2024\/10\/07\/el-senador-abdala-pide-endurecer-las-penas-a-quienes-provocan-incendios\/#breadcrumb\"},\"inLanguage\":\"es-AR\",\"potentialAction\":[{\"@type\":\"ReadAction\",\"target\":[\"https:\/\/apuntesdesanluis.com\/index.php\/2024\/10\/07\/el-senador-abdala-pide-endurecer-las-penas-a-quienes-provocan-incendios\/\"]}]},{\"@type\":\"ImageObject\",\"inLanguage\":\"es-AR\",\"@id\":\"https:\/\/apuntesdesanluis.com\/index.php\/2024\/10\/07\/el-senador-abdala-pide-endurecer-las-penas-a-quienes-provocan-incendios\/#primaryimage\",\"url\":\"https:\/\/apuntesdesanluis.com\/wp-content\/uploads\/2024\/10\/incendio.jpg\",\"contentUrl\":\"https:\/\/apuntesdesanluis.com\/wp-content\/uploads\/2024\/10\/incendio.jpg\",\"width\":700,\"height\":399},{\"@type\":\"BreadcrumbList\",\"@id\":\"https:\/\/apuntesdesanluis.com\/index.php\/2024\/10\/07\/el-senador-abdala-pide-endurecer-las-penas-a-quienes-provocan-incendios\/#breadcrumb\",\"itemListElement\":[{\"@type\":\"ListItem\",\"position\":1,\"name\":\"Inicio\",\"item\":\"https:\/\/apuntesdesanluis.com\/\"},{\"@type\":\"ListItem\",\"position\":2,\"name\":\"EL SENADOR ABDALA PIDE ENDURECER LAS PENAS A QUIENES PROVOCAN INCENDIOS\"}]},{\"@type\":\"WebSite\",\"@id\":\"https:\/\/apuntesdesanluis.com\/#website\",\"url\":\"https:\/\/apuntesdesanluis.com\/\",\"name\":\"Apuntes de San Luis\",\"description\":\"\",\"publisher\":{\"@id\":\"https:\/\/apuntesdesanluis.com\/#\/schema\/person\/b55151d52296fcce64d1a72538a70b90\"},\"potentialAction\":[{\"@type\":\"SearchAction\",\"target\":{\"@type\":\"EntryPoint\",\"urlTemplate\":\"https:\/\/apuntesdesanluis.com\/?s={search_term_string}\"},\"query-input\":{\"@type\":\"PropertyValueSpecification\",\"valueRequired\":true,\"valueName\":\"search_term_string\"}}],\"inLanguage\":\"es-AR\"},{\"@type\":[\"Person\",\"Organization\"],\"@id\":\"https:\/\/apuntesdesanluis.com\/#\/schema\/person\/b55151d52296fcce64d1a72538a70b90\",\"name\":\"apuntesdesanluis.com\",\"image\":{\"@type\":\"ImageObject\",\"inLanguage\":\"es-AR\",\"@id\":\"https:\/\/apuntesdesanluis.com\/#\/schema\/person\/image\/\",\"url\":\"https:\/\/apuntesdesanluis.com\/wp-content\/uploads\/2023\/07\/cropped-apuntesdesanluis.png\",\"contentUrl\":\"https:\/\/apuntesdesanluis.com\/wp-content\/uploads\/2023\/07\/cropped-apuntesdesanluis.png\",\"width\":450,\"height\":112,\"caption\":\"apuntesdesanluis.com\"},\"logo\":{\"@id\":\"https:\/\/apuntesdesanluis.com\/#\/schema\/person\/image\/\"},\"sameAs\":[\"https:\/\/apuntesdesanluis.com\"],\"url\":\"https:\/\/apuntesdesanluis.com\/index.php\/author\/apuntesdesanluis-com\/\"}]}<\/script>\n<!-- \/ Yoast SEO plugin. -->","yoast_head_json":{"title":"EL SENADOR ABDALA PIDE ENDURECER LAS PENAS A QUIENES PROVOCAN INCENDIOS - Apuntes de San Luis","robots":{"index":"index","follow":"follow","max-snippet":"max-snippet:-1","max-image-preview":"max-image-preview:large","max-video-preview":"max-video-preview:-1"},"canonical":"https:\/\/apuntesdesanluis.com\/index.php\/2024\/10\/07\/el-senador-abdala-pide-endurecer-las-penas-a-quienes-provocan-incendios\/","og_locale":"es_ES","og_type":"article","og_title":"EL SENADOR ABDALA PIDE ENDURECER LAS PENAS A QUIENES PROVOCAN INCENDIOS - Apuntes de San Luis","og_description":"En los \u00faltimos dos a\u00f1os, la provincia de San Luis ha sido una de las...","og_url":"https:\/\/apuntesdesanluis.com\/index.php\/2024\/10\/07\/el-senador-abdala-pide-endurecer-las-penas-a-quienes-provocan-incendios\/","og_site_name":"Apuntes de San Luis","article_published_time":"2024-10-08T00:30:02+00:00","article_modified_time":"2024-10-08T00:30:51+00:00","og_image":[{"width":700,"height":399,"url":"https:\/\/apuntesdesanluis.com\/wp-content\/uploads\/2024\/10\/incendio.jpg","type":"image\/jpeg"}],"author":"apuntesdesanluis.com","twitter_card":"summary_large_image","twitter_misc":{"Escrito por":"apuntesdesanluis.com","Tiempo de lectura":"2 minutos"},"schema":{"@context":"https:\/\/schema.org","@graph":[{"@type":"Article","@id":"https:\/\/apuntesdesanluis.com\/index.php\/2024\/10\/07\/el-senador-abdala-pide-endurecer-las-penas-a-quienes-provocan-incendios\/#article","isPartOf":{"@id":"https:\/\/apuntesdesanluis.com\/index.php\/2024\/10\/07\/el-senador-abdala-pide-endurecer-las-penas-a-quienes-provocan-incendios\/"},"author":{"name":"apuntesdesanluis.com","@id":"https:\/\/apuntesdesanluis.com\/#\/schema\/person\/b55151d52296fcce64d1a72538a70b90"},"headline":"EL SENADOR ABDALA PIDE ENDURECER LAS PENAS A QUIENES PROVOCAN INCENDIOS","datePublished":"2024-10-08T00:30:02+00:00","dateModified":"2024-10-08T00:30:51+00:00","mainEntityOfPage":{"@id":"https:\/\/apuntesdesanluis.com\/index.php\/2024\/10\/07\/el-senador-abdala-pide-endurecer-las-penas-a-quienes-provocan-incendios\/"},"wordCount":401,"publisher":{"@id":"https:\/\/apuntesdesanluis.com\/#\/schema\/person\/b55151d52296fcce64d1a72538a70b90"},"image":{"@id":"https:\/\/apuntesdesanluis.com\/index.php\/2024\/10\/07\/el-senador-abdala-pide-endurecer-las-penas-a-quienes-provocan-incendios\/#primaryimage"},"thumbnailUrl":"https:\/\/apuntesdesanluis.com\/wp-content\/uploads\/2024\/10\/incendio.jpg","articleSection":["Ciudad\/Provincia"],"inLanguage":"es-AR"},{"@type":"WebPage","@id":"https:\/\/apuntesdesanluis.com\/index.php\/2024\/10\/07\/el-senador-abdala-pide-endurecer-las-penas-a-quienes-provocan-incendios\/","url":"https:\/\/apuntesdesanluis.com\/index.php\/2024\/10\/07\/el-senador-abdala-pide-endurecer-las-penas-a-quienes-provocan-incendios\/","name":"EL SENADOR ABDALA PIDE ENDURECER LAS PENAS A QUIENES PROVOCAN INCENDIOS - Apuntes de San Luis","isPartOf":{"@id":"https:\/\/apuntesdesanluis.com\/#website"},"primaryImageOfPage":{"@id":"https:\/\/apuntesdesanluis.com\/index.php\/2024\/10\/07\/el-senador-abdala-pide-endurecer-las-penas-a-quienes-provocan-incendios\/#primaryimage"},"image":{"@id":"https:\/\/apuntesdesanluis.com\/index.php\/2024\/10\/07\/el-senador-abdala-pide-endurecer-las-penas-a-quienes-provocan-incendios\/#primaryimage"},"thumbnailUrl":"https:\/\/apuntesdesanluis.com\/wp-content\/uploads\/2024\/10\/incendio.jpg","datePublished":"2024-10-08T00:30:02+00:00","dateModified":"2024-10-08T00:30:51+00:00","breadcrumb":{"@id":"https:\/\/apuntesdesanluis.com\/index.php\/2024\/10\/07\/el-senador-abdala-pide-endurecer-las-penas-a-quienes-provocan-incendios\/#breadcrumb"},"inLanguage":"es-AR","potentialAction":[{"@type":"ReadAction","target":["https:\/\/apuntesdesanluis.com\/index.php\/2024\/10\/07\/el-senador-abdala-pide-endurecer-las-penas-a-quienes-provocan-incendios\/"]}]},{"@type":"ImageObject","inLanguage":"es-AR","@id":"https:\/\/apuntesdesanluis.com\/index.php\/2024\/10\/07\/el-senador-abdala-pide-endurecer-las-penas-a-quienes-provocan-incendios\/#primaryimage","url":"https:\/\/apuntesdesanluis.com\/wp-content\/uploads\/2024\/10\/incendio.jpg","contentUrl":"https:\/\/apuntesdesanluis.com\/wp-content\/uploads\/2024\/10\/incendio.jpg","width":700,"height":399},{"@type":"BreadcrumbList","@id":"https:\/\/apuntesdesanluis.com\/index.php\/2024\/10\/07\/el-senador-abdala-pide-endurecer-las-penas-a-quienes-provocan-incendios\/#breadcrumb","itemListElement":[{"@type":"ListItem","position":1,"name":"Inicio","item":"https:\/\/apuntesdesanluis.com\/"},{"@type":"ListItem","position":2,"name":"EL SENADOR ABDALA PIDE ENDURECER LAS PENAS A QUIENES PROVOCAN INCENDIOS"}]},{"@type":"WebSite","@id":"https:\/\/apuntesdesanluis.com\/#website","url":"https:\/\/apuntesdesanluis.com\/","name":"Apuntes de San Luis","description":"","publisher":{"@id":"https:\/\/apuntesdesanluis.com\/#\/schema\/person\/b55151d52296fcce64d1a72538a70b90"},"potentialAction":[{"@type":"SearchAction","target":{"@type":"EntryPoint","urlTemplate":"https:\/\/apuntesdesanluis.com\/?s={search_term_string}"},"query-input":{"@type":"PropertyValueSpecification","valueRequired":true,"valueName":"search_term_string"}}],"inLanguage":"es-AR"},{"@type":["Person","Organization"],"@id":"https:\/\/apuntesdesanluis.com\/#\/schema\/person\/b55151d52296fcce64d1a72538a70b90","name":"apuntesdesanluis.com","image":{"@type":"ImageObject","inLanguage":"es-AR","@id":"https:\/\/apuntesdesanluis.com\/#\/schema\/person\/image\/","url":"https:\/\/apuntesdesanluis.com\/wp-content\/uploads\/2023\/07\/cropped-apuntesdesanluis.png","contentUrl":"https:\/\/apuntesdesanluis.com\/wp-content\/uploads\/2023\/07\/cropped-apuntesdesanluis.png","width":450,"height":112,"caption":"apuntesdesanluis.com"},"logo":{"@id":"https:\/\/apuntesdesanluis.com\/#\/schema\/person\/image\/"},"sameAs":["https:\/\/apuntesdesanluis.com"],"url":"https:\/\/apuntesdesanluis.com\/index.php\/author\/apuntesdesanluis-com\/"}]}},"featured_image_urls":{"full":["https:\/\/apuntesdesanluis.com\/wp-content\/uploads\/2024\/10\/incendio.jpg",700,399,false],"thumbnail":["https:\/\/apuntesdesanluis.com\/wp-content\/uploads\/2024\/10\/incendio-150x150.jpg",150,150,true],"medium":["https:\/\/apuntesdesanluis.com\/wp-content\/uploads\/2024\/10\/incendio-300x171.jpg",300,171,true],"medium_large":["https:\/\/apuntesdesanluis.com\/wp-content\/uploads\/2024\/10\/incendio.jpg",640,365,false],"large":["https:\/\/apuntesdesanluis.com\/wp-content\/uploads\/2024\/10\/incendio.jpg",640,365,false],"1536x1536":["https:\/\/apuntesdesanluis.com\/wp-content\/uploads\/2024\/10\/incendio.jpg",700,399,false],"2048x2048":["https:\/\/apuntesdesanluis.com\/wp-content\/uploads\/2024\/10\/incendio.jpg",700,399,false],"newsever-slider-full":["https:\/\/apuntesdesanluis.com\/wp-content\/uploads\/2024\/10\/incendio.jpg",700,399,false],"newsever-featured":["https:\/\/apuntesdesanluis.com\/wp-content\/uploads\/2024\/10\/incendio.jpg",700,399,false],"newsever-medium":["https:\/\/apuntesdesanluis.com\/wp-content\/uploads\/2024\/10\/incendio.jpg",700,399,false]},"author_info":{"display_name":"apuntesdesanluis.com","author_link":"https:\/\/apuntesdesanluis.com\/index.php\/author\/apuntesdesanluis-com\/"},"category_info":"<a href=\"https:\/\/apuntesdesanluis.com\/index.php\/category\/ciudad-provincia\/\" rel=\"category tag\">Ciudad\/Provincia<\/a>","tag_info":"Ciudad\/Provincia","comment_count":"0","_links":{"self":[{"href":"https:\/\/apuntesdesanluis.com\/index.php\/wp-json\/wp\/v2\/posts\/23508","targetHints":{"allow":["GET"]}}],"collection":[{"href":"https:\/\/apuntesdesanluis.com\/index.php\/wp-json\/wp\/v2\/posts"}],"about":[{"href":"https:\/\/apuntesdesanluis.com\/index.php\/wp-json\/wp\/v2\/types\/post"}],"author":[{"embeddable":true,"href":"https:\/\/apuntesdesanluis.com\/index.php\/wp-json\/wp\/v2\/users\/1"}],"replies":[{"embeddable":true,"href":"https:\/\/apuntesdesanluis.com\/index.php\/wp-json\/wp\/v2\/comments?post=23508"}],"version-history":[{"count":2,"href":"https:\/\/apuntesdesanluis.com\/index.php\/wp-json\/wp\/v2\/posts\/23508\/revisions"}],"predecessor-version":[{"id":23511,"href":"https:\/\/apuntesdesanluis.com\/index.php\/wp-json\/wp\/v2\/posts\/23508\/revisions\/23511"}],"wp:featuredmedia":[{"embeddable":true,"href":"https:\/\/apuntesdesanluis.com\/index.php\/wp-json\/wp\/v2\/media\/23509"}],"wp:attachment":[{"href":"https:\/\/apuntesdesanluis.com\/index.php\/wp-json\/wp\/v2\/media?parent=23508"}],"wp:term":[{"taxonomy":"category","embeddable":true,"href":"https:\/\/apuntesdesanluis.com\/index.php\/wp-json\/wp\/v2\/categories?post=23508"},{"taxonomy":"post_tag","embeddable":true,"href":"https:\/\/apuntesdesanluis.com\/index.php\/wp-json\/wp\/v2\/tags?post=23508"}],"curies":[{"name":"wp","href":"https:\/\/api.w.org\/{rel}","templated":true}]}}