{"id":23512,"date":"2024-10-07T21:50:20","date_gmt":"2024-10-08T00:50:20","guid":{"rendered":"https:\/\/apuntesdesanluis.com\/?p=23512"},"modified":"2024-10-07T21:50:20","modified_gmt":"2024-10-08T00:50:20","slug":"horror-en-mexico-un-alcalde-fue-decapitado-a-solo-unos-dias-de-haber-asumido-el-cargo","status":"publish","type":"post","link":"https:\/\/apuntesdesanluis.com\/index.php\/2024\/10\/07\/horror-en-mexico-un-alcalde-fue-decapitado-a-solo-unos-dias-de-haber-asumido-el-cargo\/","title":{"rendered":"HORROR EN M\u00c9XICO: UN ALCALDE FUE DECAPITADO A SOLO UNOS D\u00cdAS DE HABER ASUMIDO EL CARGO"},"content":{"rendered":"<h3><strong>Alejandro Arcos<\/strong>, alcalde del poblado mexicano de Chilpancingo, en el estado de Guerrero (sur), fue asesinado a solo unos d\u00edas de haber asumido el cargo,\u00a0 informaron fuentes oficiales y partidistas.<\/h3>\n<p><img fetchpriority=\"high\" decoding=\"async\" class=\"wp-image-23515 aligncenter\" src=\"https:\/\/apuntesdesanluis.com\/wp-content\/uploads\/2024\/10\/alejandro-arcos-300x209.png\" alt=\"\" width=\"680\" height=\"474\" srcset=\"https:\/\/apuntesdesanluis.com\/wp-content\/uploads\/2024\/10\/alejandro-arcos-300x209.png 300w, https:\/\/apuntesdesanluis.com\/wp-content\/uploads\/2024\/10\/alejandro-arcos.png 659w\" sizes=\"(max-width: 680px) 100vw, 680px\" \/><\/p>\n<h3>La Fiscal\u00eda General del Estado de Guerrero inform\u00f3 que inici\u00f3 una carpeta de investigaci\u00f3n por el delito de homicidio calificado, por los hechos ocurridos en Chilpancingo en contra de Arcos.<\/h3>\n<h3>&#8220;Agentes de la Polic\u00eda Investigadora Ministerial y de los Servicios Periciales de la FGE Guerrero, acudieron al lugar de los hechos, para llevar a cabo los actos de investigaci\u00f3n correspondientes, que permitan obtener datos de prueba necesarios para esclarecer el il\u00edcito&#8221;, indic\u00f3 la dependencia en un breve comunicado.<\/h3>\n<p><img decoding=\"async\" class=\"wp-image-23514 aligncenter\" src=\"https:\/\/apuntesdesanluis.com\/wp-content\/uploads\/2024\/10\/decapitado-300x245.png\" alt=\"\" width=\"688\" height=\"562\" srcset=\"https:\/\/apuntesdesanluis.com\/wp-content\/uploads\/2024\/10\/decapitado-300x245.png 300w, https:\/\/apuntesdesanluis.com\/wp-content\/uploads\/2024\/10\/decapitado.png 714w\" sizes=\"(max-width: 688px) 100vw, 688px\" \/><\/p>\n<h3>Por su parte, el presidente del Partido Revolucionario Institucional (PRI), Alejandro Moreno, lament\u00f3 en sus redes sociales el deceso de Arcos, quien muri\u00f3 tres d\u00edas despu\u00e9s del homicidio del secretario del ayuntamiento de Chilpancingo, Francisco Tapia.<\/h3>\n<h3>&#8220;Llevaban menos de una semana en el cargo&#8221;, escribi\u00f3 el l\u00edder partidista, tras afirmar que su organizaci\u00f3n estar\u00e1 pidiendo a la aut\u00f3noma Fiscal\u00eda General de la Rep\u00fablica (FGR) atraer ambos asesinatos para realizar las investigaciones correspondientes.<\/h3>\n<p>&nbsp;<\/p>\n<p>&nbsp;<\/p>\n<p>&nbsp;<\/p>\n<p>&nbsp;<\/p>\n<p>&nbsp;<\/p>\n","protected":false},"excerpt":{"rendered":"<p>Alejandro Arcos, alcalde del poblado mexicano de Chilpancingo, en el estado de Guerrero (sur), fue&#8230;<\/p>\n","protected":false},"author":1,"featured_media":23513,"comment_status":"closed","ping_status":"closed","sticky":false,"template":"","format":"standard","meta":{"footnotes":""},"categories":[5],"tags":[],"class_list":["post-23512","post","type-post","status-publish","format-standard","has-post-thumbnail","hentry","category-nacionales-internacionales"],"yoast_head":"<!-- This site is optimized with the Yoast SEO plugin v26.1.1 - https:\/\/yoast.com\/wordpress\/plugins\/seo\/ -->\n<title>HORROR EN M\u00c9XICO: UN ALCALDE FUE DECAPITADO A SOLO UNOS D\u00cdAS DE HABER ASUMIDO EL CARGO - Apuntes de San Luis<\/title>\n<meta name=\"robots\" content=\"index, follow, max-snippet:-1, max-image-preview:large, max-video-preview:-1\" \/>\n<link rel=\"canonical\" href=\"https:\/\/apuntesdesanluis.com\/index.php\/2024\/10\/07\/horror-en-mexico-un-alcalde-fue-decapitado-a-solo-unos-dias-de-haber-asumido-el-cargo\/\" \/>\n<meta property=\"og:locale\" content=\"es_ES\" \/>\n<meta property=\"og:type\" content=\"article\" \/>\n<meta property=\"og:title\" content=\"HORROR EN M\u00c9XICO: UN ALCALDE FUE DECAPITADO A SOLO UNOS D\u00cdAS DE HABER ASUMIDO EL CARGO - Apuntes de San Luis\" \/>\n<meta property=\"og:description\" content=\"Alejandro Arcos, alcalde del poblado mexicano de Chilpancingo, en el estado de Guerrero (sur), fue...\" \/>\n<meta property=\"og:url\" content=\"https:\/\/apuntesdesanluis.com\/index.php\/2024\/10\/07\/horror-en-mexico-un-alcalde-fue-decapitado-a-solo-unos-dias-de-haber-asumido-el-cargo\/\" \/>\n<meta property=\"og:site_name\" content=\"Apuntes de San Luis\" \/>\n<meta property=\"article:published_time\" content=\"2024-10-08T00:50:20+00:00\" \/>\n<meta property=\"og:image\" content=\"https:\/\/apuntesdesanluis.com\/wp-content\/uploads\/2024\/10\/decapitado-el-alcalde.png\" \/>\n\t<meta property=\"og:image:width\" content=\"645\" \/>\n\t<meta property=\"og:image:height\" content=\"388\" \/>\n\t<meta property=\"og:image:type\" content=\"image\/png\" \/>\n<meta name=\"author\" content=\"apuntesdesanluis.com\" \/>\n<meta name=\"twitter:card\" content=\"summary_large_image\" \/>\n<meta name=\"twitter:label1\" content=\"Escrito por\" \/>\n\t<meta name=\"twitter:data1\" content=\"apuntesdesanluis.com\" \/>\n\t<meta name=\"twitter:label2\" content=\"Tiempo de lectura\" \/>\n\t<meta name=\"twitter:data2\" content=\"2 minutos\" \/>\n<script type=\"application\/ld+json\" class=\"yoast-schema-graph\">{\"@context\":\"https:\/\/schema.org\",\"@graph\":[{\"@type\":\"Article\",\"@id\":\"https:\/\/apuntesdesanluis.com\/index.php\/2024\/10\/07\/horror-en-mexico-un-alcalde-fue-decapitado-a-solo-unos-dias-de-haber-asumido-el-cargo\/#article\",\"isPartOf\":{\"@id\":\"https:\/\/apuntesdesanluis.com\/index.php\/2024\/10\/07\/horror-en-mexico-un-alcalde-fue-decapitado-a-solo-unos-dias-de-haber-asumido-el-cargo\/\"},\"author\":{\"name\":\"apuntesdesanluis.com\",\"@id\":\"https:\/\/apuntesdesanluis.com\/#\/schema\/person\/b55151d52296fcce64d1a72538a70b90\"},\"headline\":\"HORROR EN M\u00c9XICO: UN ALCALDE FUE DECAPITADO A SOLO UNOS D\u00cdAS DE HABER ASUMIDO EL CARGO\",\"datePublished\":\"2024-10-08T00:50:20+00:00\",\"mainEntityOfPage\":{\"@id\":\"https:\/\/apuntesdesanluis.com\/index.php\/2024\/10\/07\/horror-en-mexico-un-alcalde-fue-decapitado-a-solo-unos-dias-de-haber-asumido-el-cargo\/\"},\"wordCount\":216,\"publisher\":{\"@id\":\"https:\/\/apuntesdesanluis.com\/#\/schema\/person\/b55151d52296fcce64d1a72538a70b90\"},\"image\":{\"@id\":\"https:\/\/apuntesdesanluis.com\/index.php\/2024\/10\/07\/horror-en-mexico-un-alcalde-fue-decapitado-a-solo-unos-dias-de-haber-asumido-el-cargo\/#primaryimage\"},\"thumbnailUrl\":\"https:\/\/apuntesdesanluis.com\/wp-content\/uploads\/2024\/10\/decapitado-el-alcalde.png\",\"articleSection\":[\"Nacionales\/Internacionales\"],\"inLanguage\":\"es-AR\"},{\"@type\":\"WebPage\",\"@id\":\"https:\/\/apuntesdesanluis.com\/index.php\/2024\/10\/07\/horror-en-mexico-un-alcalde-fue-decapitado-a-solo-unos-dias-de-haber-asumido-el-cargo\/\",\"url\":\"https:\/\/apuntesdesanluis.com\/index.php\/2024\/10\/07\/horror-en-mexico-un-alcalde-fue-decapitado-a-solo-unos-dias-de-haber-asumido-el-cargo\/\",\"name\":\"HORROR EN M\u00c9XICO: UN ALCALDE FUE DECAPITADO A SOLO UNOS D\u00cdAS DE HABER ASUMIDO EL CARGO - Apuntes de San Luis\",\"isPartOf\":{\"@id\":\"https:\/\/apuntesdesanluis.com\/#website\"},\"primaryImageOfPage\":{\"@id\":\"https:\/\/apuntesdesanluis.com\/index.php\/2024\/10\/07\/horror-en-mexico-un-alcalde-fue-decapitado-a-solo-unos-dias-de-haber-asumido-el-cargo\/#primaryimage\"},\"image\":{\"@id\":\"https:\/\/apuntesdesanluis.com\/index.php\/2024\/10\/07\/horror-en-mexico-un-alcalde-fue-decapitado-a-solo-unos-dias-de-haber-asumido-el-cargo\/#primaryimage\"},\"thumbnailUrl\":\"https:\/\/apuntesdesanluis.com\/wp-content\/uploads\/2024\/10\/decapitado-el-alcalde.png\",\"datePublished\":\"2024-10-08T00:50:20+00:00\",\"breadcrumb\":{\"@id\":\"https:\/\/apuntesdesanluis.com\/index.php\/2024\/10\/07\/horror-en-mexico-un-alcalde-fue-decapitado-a-solo-unos-dias-de-haber-asumido-el-cargo\/#breadcrumb\"},\"inLanguage\":\"es-AR\",\"potentialAction\":[{\"@type\":\"ReadAction\",\"target\":[\"https:\/\/apuntesdesanluis.com\/index.php\/2024\/10\/07\/horror-en-mexico-un-alcalde-fue-decapitado-a-solo-unos-dias-de-haber-asumido-el-cargo\/\"]}]},{\"@type\":\"ImageObject\",\"inLanguage\":\"es-AR\",\"@id\":\"https:\/\/apuntesdesanluis.com\/index.php\/2024\/10\/07\/horror-en-mexico-un-alcalde-fue-decapitado-a-solo-unos-dias-de-haber-asumido-el-cargo\/#primaryimage\",\"url\":\"https:\/\/apuntesdesanluis.com\/wp-content\/uploads\/2024\/10\/decapitado-el-alcalde.png\",\"contentUrl\":\"https:\/\/apuntesdesanluis.com\/wp-content\/uploads\/2024\/10\/decapitado-el-alcalde.png\",\"width\":645,\"height\":388},{\"@type\":\"BreadcrumbList\",\"@id\":\"https:\/\/apuntesdesanluis.com\/index.php\/2024\/10\/07\/horror-en-mexico-un-alcalde-fue-decapitado-a-solo-unos-dias-de-haber-asumido-el-cargo\/#breadcrumb\",\"itemListElement\":[{\"@type\":\"ListItem\",\"position\":1,\"name\":\"Inicio\",\"item\":\"https:\/\/apuntesdesanluis.com\/\"},{\"@type\":\"ListItem\",\"position\":2,\"name\":\"HORROR EN M\u00c9XICO: UN ALCALDE FUE DECAPITADO A SOLO UNOS D\u00cdAS DE HABER ASUMIDO EL CARGO\"}]},{\"@type\":\"WebSite\",\"@id\":\"https:\/\/apuntesdesanluis.com\/#website\",\"url\":\"https:\/\/apuntesdesanluis.com\/\",\"name\":\"Apuntes de San Luis\",\"description\":\"\",\"publisher\":{\"@id\":\"https:\/\/apuntesdesanluis.com\/#\/schema\/person\/b55151d52296fcce64d1a72538a70b90\"},\"potentialAction\":[{\"@type\":\"SearchAction\",\"target\":{\"@type\":\"EntryPoint\",\"urlTemplate\":\"https:\/\/apuntesdesanluis.com\/?s={search_term_string}\"},\"query-input\":{\"@type\":\"PropertyValueSpecification\",\"valueRequired\":true,\"valueName\":\"search_term_string\"}}],\"inLanguage\":\"es-AR\"},{\"@type\":[\"Person\",\"Organization\"],\"@id\":\"https:\/\/apuntesdesanluis.com\/#\/schema\/person\/b55151d52296fcce64d1a72538a70b90\",\"name\":\"apuntesdesanluis.com\",\"image\":{\"@type\":\"ImageObject\",\"inLanguage\":\"es-AR\",\"@id\":\"https:\/\/apuntesdesanluis.com\/#\/schema\/person\/image\/\",\"url\":\"https:\/\/apuntesdesanluis.com\/wp-content\/uploads\/2023\/07\/cropped-apuntesdesanluis.png\",\"contentUrl\":\"https:\/\/apuntesdesanluis.com\/wp-content\/uploads\/2023\/07\/cropped-apuntesdesanluis.png\",\"width\":450,\"height\":112,\"caption\":\"apuntesdesanluis.com\"},\"logo\":{\"@id\":\"https:\/\/apuntesdesanluis.com\/#\/schema\/person\/image\/\"},\"sameAs\":[\"https:\/\/apuntesdesanluis.com\"],\"url\":\"https:\/\/apuntesdesanluis.com\/index.php\/author\/apuntesdesanluis-com\/\"}]}<\/script>\n<!-- \/ Yoast SEO plugin. -->","yoast_head_json":{"title":"HORROR EN M\u00c9XICO: UN ALCALDE FUE DECAPITADO A SOLO UNOS D\u00cdAS DE HABER ASUMIDO EL CARGO - Apuntes de San Luis","robots":{"index":"index","follow":"follow","max-snippet":"max-snippet:-1","max-image-preview":"max-image-preview:large","max-video-preview":"max-video-preview:-1"},"canonical":"https:\/\/apuntesdesanluis.com\/index.php\/2024\/10\/07\/horror-en-mexico-un-alcalde-fue-decapitado-a-solo-unos-dias-de-haber-asumido-el-cargo\/","og_locale":"es_ES","og_type":"article","og_title":"HORROR EN M\u00c9XICO: UN ALCALDE FUE DECAPITADO A SOLO UNOS D\u00cdAS DE HABER ASUMIDO EL CARGO - Apuntes de San Luis","og_description":"Alejandro Arcos, alcalde del poblado mexicano de Chilpancingo, en el estado de Guerrero (sur), fue...","og_url":"https:\/\/apuntesdesanluis.com\/index.php\/2024\/10\/07\/horror-en-mexico-un-alcalde-fue-decapitado-a-solo-unos-dias-de-haber-asumido-el-cargo\/","og_site_name":"Apuntes de San Luis","article_published_time":"2024-10-08T00:50:20+00:00","og_image":[{"width":645,"height":388,"url":"https:\/\/apuntesdesanluis.com\/wp-content\/uploads\/2024\/10\/decapitado-el-alcalde.png","type":"image\/png"}],"author":"apuntesdesanluis.com","twitter_card":"summary_large_image","twitter_misc":{"Escrito por":"apuntesdesanluis.com","Tiempo de lectura":"2 minutos"},"schema":{"@context":"https:\/\/schema.org","@graph":[{"@type":"Article","@id":"https:\/\/apuntesdesanluis.com\/index.php\/2024\/10\/07\/horror-en-mexico-un-alcalde-fue-decapitado-a-solo-unos-dias-de-haber-asumido-el-cargo\/#article","isPartOf":{"@id":"https:\/\/apuntesdesanluis.com\/index.php\/2024\/10\/07\/horror-en-mexico-un-alcalde-fue-decapitado-a-solo-unos-dias-de-haber-asumido-el-cargo\/"},"author":{"name":"apuntesdesanluis.com","@id":"https:\/\/apuntesdesanluis.com\/#\/schema\/person\/b55151d52296fcce64d1a72538a70b90"},"headline":"HORROR EN M\u00c9XICO: UN ALCALDE FUE DECAPITADO A SOLO UNOS D\u00cdAS DE HABER ASUMIDO EL CARGO","datePublished":"2024-10-08T00:50:20+00:00","mainEntityOfPage":{"@id":"https:\/\/apuntesdesanluis.com\/index.php\/2024\/10\/07\/horror-en-mexico-un-alcalde-fue-decapitado-a-solo-unos-dias-de-haber-asumido-el-cargo\/"},"wordCount":216,"publisher":{"@id":"https:\/\/apuntesdesanluis.com\/#\/schema\/person\/b55151d52296fcce64d1a72538a70b90"},"image":{"@id":"https:\/\/apuntesdesanluis.com\/index.php\/2024\/10\/07\/horror-en-mexico-un-alcalde-fue-decapitado-a-solo-unos-dias-de-haber-asumido-el-cargo\/#primaryimage"},"thumbnailUrl":"https:\/\/apuntesdesanluis.com\/wp-content\/uploads\/2024\/10\/decapitado-el-alcalde.png","articleSection":["Nacionales\/Internacionales"],"inLanguage":"es-AR"},{"@type":"WebPage","@id":"https:\/\/apuntesdesanluis.com\/index.php\/2024\/10\/07\/horror-en-mexico-un-alcalde-fue-decapitado-a-solo-unos-dias-de-haber-asumido-el-cargo\/","url":"https:\/\/apuntesdesanluis.com\/index.php\/2024\/10\/07\/horror-en-mexico-un-alcalde-fue-decapitado-a-solo-unos-dias-de-haber-asumido-el-cargo\/","name":"HORROR EN M\u00c9XICO: UN ALCALDE FUE DECAPITADO A SOLO UNOS D\u00cdAS DE HABER ASUMIDO EL CARGO - Apuntes de San Luis","isPartOf":{"@id":"https:\/\/apuntesdesanluis.com\/#website"},"primaryImageOfPage":{"@id":"https:\/\/apuntesdesanluis.com\/index.php\/2024\/10\/07\/horror-en-mexico-un-alcalde-fue-decapitado-a-solo-unos-dias-de-haber-asumido-el-cargo\/#primaryimage"},"image":{"@id":"https:\/\/apuntesdesanluis.com\/index.php\/2024\/10\/07\/horror-en-mexico-un-alcalde-fue-decapitado-a-solo-unos-dias-de-haber-asumido-el-cargo\/#primaryimage"},"thumbnailUrl":"https:\/\/apuntesdesanluis.com\/wp-content\/uploads\/2024\/10\/decapitado-el-alcalde.png","datePublished":"2024-10-08T00:50:20+00:00","breadcrumb":{"@id":"https:\/\/apuntesdesanluis.com\/index.php\/2024\/10\/07\/horror-en-mexico-un-alcalde-fue-decapitado-a-solo-unos-dias-de-haber-asumido-el-cargo\/#breadcrumb"},"inLanguage":"es-AR","potentialAction":[{"@type":"ReadAction","target":["https:\/\/apuntesdesanluis.com\/index.php\/2024\/10\/07\/horror-en-mexico-un-alcalde-fue-decapitado-a-solo-unos-dias-de-haber-asumido-el-cargo\/"]}]},{"@type":"ImageObject","inLanguage":"es-AR","@id":"https:\/\/apuntesdesanluis.com\/index.php\/2024\/10\/07\/horror-en-mexico-un-alcalde-fue-decapitado-a-solo-unos-dias-de-haber-asumido-el-cargo\/#primaryimage","url":"https:\/\/apuntesdesanluis.com\/wp-content\/uploads\/2024\/10\/decapitado-el-alcalde.png","contentUrl":"https:\/\/apuntesdesanluis.com\/wp-content\/uploads\/2024\/10\/decapitado-el-alcalde.png","width":645,"height":388},{"@type":"BreadcrumbList","@id":"https:\/\/apuntesdesanluis.com\/index.php\/2024\/10\/07\/horror-en-mexico-un-alcalde-fue-decapitado-a-solo-unos-dias-de-haber-asumido-el-cargo\/#breadcrumb","itemListElement":[{"@type":"ListItem","position":1,"name":"Inicio","item":"https:\/\/apuntesdesanluis.com\/"},{"@type":"ListItem","position":2,"name":"HORROR EN M\u00c9XICO: UN ALCALDE FUE DECAPITADO A SOLO UNOS D\u00cdAS DE HABER ASUMIDO EL CARGO"}]},{"@type":"WebSite","@id":"https:\/\/apuntesdesanluis.com\/#website","url":"https:\/\/apuntesdesanluis.com\/","name":"Apuntes de San Luis","description":"","publisher":{"@id":"https:\/\/apuntesdesanluis.com\/#\/schema\/person\/b55151d52296fcce64d1a72538a70b90"},"potentialAction":[{"@type":"SearchAction","target":{"@type":"EntryPoint","urlTemplate":"https:\/\/apuntesdesanluis.com\/?s={search_term_string}"},"query-input":{"@type":"PropertyValueSpecification","valueRequired":true,"valueName":"search_term_string"}}],"inLanguage":"es-AR"},{"@type":["Person","Organization"],"@id":"https:\/\/apuntesdesanluis.com\/#\/schema\/person\/b55151d52296fcce64d1a72538a70b90","name":"apuntesdesanluis.com","image":{"@type":"ImageObject","inLanguage":"es-AR","@id":"https:\/\/apuntesdesanluis.com\/#\/schema\/person\/image\/","url":"https:\/\/apuntesdesanluis.com\/wp-content\/uploads\/2023\/07\/cropped-apuntesdesanluis.png","contentUrl":"https:\/\/apuntesdesanluis.com\/wp-content\/uploads\/2023\/07\/cropped-apuntesdesanluis.png","width":450,"height":112,"caption":"apuntesdesanluis.com"},"logo":{"@id":"https:\/\/apuntesdesanluis.com\/#\/schema\/person\/image\/"},"sameAs":["https:\/\/apuntesdesanluis.com"],"url":"https:\/\/apuntesdesanluis.com\/index.php\/author\/apuntesdesanluis-com\/"}]}},"featured_image_urls":{"full":["https:\/\/apuntesdesanluis.com\/wp-content\/uploads\/2024\/10\/decapitado-el-alcalde.png",645,388,false],"thumbnail":["https:\/\/apuntesdesanluis.com\/wp-content\/uploads\/2024\/10\/decapitado-el-alcalde-150x150.png",150,150,true],"medium":["https:\/\/apuntesdesanluis.com\/wp-content\/uploads\/2024\/10\/decapitado-el-alcalde-300x180.png",300,180,true],"medium_large":["https:\/\/apuntesdesanluis.com\/wp-content\/uploads\/2024\/10\/decapitado-el-alcalde.png",640,385,false],"large":["https:\/\/apuntesdesanluis.com\/wp-content\/uploads\/2024\/10\/decapitado-el-alcalde.png",640,385,false],"1536x1536":["https:\/\/apuntesdesanluis.com\/wp-content\/uploads\/2024\/10\/decapitado-el-alcalde.png",645,388,false],"2048x2048":["https:\/\/apuntesdesanluis.com\/wp-content\/uploads\/2024\/10\/decapitado-el-alcalde.png",645,388,false],"newsever-slider-full":["https:\/\/apuntesdesanluis.com\/wp-content\/uploads\/2024\/10\/decapitado-el-alcalde.png",645,388,false],"newsever-featured":["https:\/\/apuntesdesanluis.com\/wp-content\/uploads\/2024\/10\/decapitado-el-alcalde.png",645,388,false],"newsever-medium":["https:\/\/apuntesdesanluis.com\/wp-content\/uploads\/2024\/10\/decapitado-el-alcalde.png",645,388,false]},"author_info":{"display_name":"apuntesdesanluis.com","author_link":"https:\/\/apuntesdesanluis.com\/index.php\/author\/apuntesdesanluis-com\/"},"category_info":"<a href=\"https:\/\/apuntesdesanluis.com\/index.php\/category\/nacionales-internacionales\/\" rel=\"category tag\">Nacionales\/Internacionales<\/a>","tag_info":"Nacionales\/Internacionales","comment_count":"0","_links":{"self":[{"href":"https:\/\/apuntesdesanluis.com\/index.php\/wp-json\/wp\/v2\/posts\/23512","targetHints":{"allow":["GET"]}}],"collection":[{"href":"https:\/\/apuntesdesanluis.com\/index.php\/wp-json\/wp\/v2\/posts"}],"about":[{"href":"https:\/\/apuntesdesanluis.com\/index.php\/wp-json\/wp\/v2\/types\/post"}],"author":[{"embeddable":true,"href":"https:\/\/apuntesdesanluis.com\/index.php\/wp-json\/wp\/v2\/users\/1"}],"replies":[{"embeddable":true,"href":"https:\/\/apuntesdesanluis.com\/index.php\/wp-json\/wp\/v2\/comments?post=23512"}],"version-history":[{"count":1,"href":"https:\/\/apuntesdesanluis.com\/index.php\/wp-json\/wp\/v2\/posts\/23512\/revisions"}],"predecessor-version":[{"id":23516,"href":"https:\/\/apuntesdesanluis.com\/index.php\/wp-json\/wp\/v2\/posts\/23512\/revisions\/23516"}],"wp:featuredmedia":[{"embeddable":true,"href":"https:\/\/apuntesdesanluis.com\/index.php\/wp-json\/wp\/v2\/media\/23513"}],"wp:attachment":[{"href":"https:\/\/apuntesdesanluis.com\/index.php\/wp-json\/wp\/v2\/media?parent=23512"}],"wp:term":[{"taxonomy":"category","embeddable":true,"href":"https:\/\/apuntesdesanluis.com\/index.php\/wp-json\/wp\/v2\/categories?post=23512"},{"taxonomy":"post_tag","embeddable":true,"href":"https:\/\/apuntesdesanluis.com\/index.php\/wp-json\/wp\/v2\/tags?post=23512"}],"curies":[{"name":"wp","href":"https:\/\/api.w.org\/{rel}","templated":true}]}}