{"id":2354,"date":"2023-08-29T21:58:14","date_gmt":"2023-08-30T00:58:14","guid":{"rendered":"https:\/\/apuntesdesanluis.com\/?p=2354"},"modified":"2023-08-29T22:03:13","modified_gmt":"2023-08-30T01:03:13","slug":"la-municipalidad-dennuncio-reiteracion-de-actos-vandalicos-y-pidio-la-colaboracion-ciudadana","status":"publish","type":"post","link":"https:\/\/apuntesdesanluis.com\/index.php\/2023\/08\/29\/la-municipalidad-dennuncio-reiteracion-de-actos-vandalicos-y-pidio-la-colaboracion-ciudadana\/","title":{"rendered":"LA MUNICIPALIDAD DENUNCI\u00d3 REITERACI\u00d3N DE ACTOS VAND\u00c1LICOS Y PIDI\u00d3 LA COLABORACI\u00d3N CIUDADANA"},"content":{"rendered":"<h3>Desde hace un tiempo a esta parte se vienen registrando actos vand\u00e1licos en diferentes intersecciones de Avenida Mitre, la arteria principal de acceso a Villa Mercedes.<\/h3>\n<h3>B\u00e1sicamente en horas de la ma\u00f1ana cuando los trabajadores p\u00fablicos retoman sus tareas de limpieza advierten la rotura de cestos de basura y bolsas, dejando gran suciedad en veredas y viviendas, lo que constituye un grav\u00edsimo foco de contaminaci\u00f3n. A esto se agrega que perros y gatos aprovechan los desperdicios y terminan por arrastrar las bolsas hacia lugares alejados.<\/h3>\n<h3>Si bien los equipos de Servicios P\u00fablicos act\u00faan con rapidez y realizan la limpieza, las tareas demandan un tiempo que se pierde innecesariamente, por lo que se desatienden otras tareas.<\/h3>\n<p><img fetchpriority=\"high\" decoding=\"async\" class=\"wp-image-2356 aligncenter\" src=\"https:\/\/apuntesdesanluis.com\/wp-content\/uploads\/2023\/08\/vandaismo-1-300x244.png\" alt=\"\" width=\"687\" height=\"559\" srcset=\"https:\/\/apuntesdesanluis.com\/wp-content\/uploads\/2023\/08\/vandaismo-1-300x244.png 300w, https:\/\/apuntesdesanluis.com\/wp-content\/uploads\/2023\/08\/vandaismo-1.png 674w\" sizes=\"(max-width: 687px) 100vw, 687px\" \/><\/p>\n<h3>Por ese motivo el municipio pidi\u00f3 a los vecinos que si detectan hechos similares, procedan a comunicarlo al 147 o al n\u00famero 2657-300147 (solo wssp).<\/h3>\n<h3>\u201cSi bien nosotros tenemos a nuestro cargo la limpieza general, est\u00e1 claro que la responsabilidad en cuanto a la preservaci\u00f3n de la higiene es de todos, porque en estos casos claramente se visualiza una actitud deliberada que no se condice con las normas de convivencia\u201d, indic\u00f3 un trabajador municipal.<\/h3>\n","protected":false},"excerpt":{"rendered":"<p>Desde hace un tiempo a esta parte se vienen registrando actos vand\u00e1licos en diferentes intersecciones&#8230;<\/p>\n","protected":false},"author":1,"featured_media":2355,"comment_status":"closed","ping_status":"closed","sticky":false,"template":"","format":"standard","meta":{"footnotes":""},"categories":[6],"tags":[],"class_list":["post-2354","post","type-post","status-publish","format-standard","has-post-thumbnail","hentry","category-ciudad-provincia"],"yoast_head":"<!-- This site is optimized with the Yoast SEO plugin v26.1.1 - https:\/\/yoast.com\/wordpress\/plugins\/seo\/ -->\n<title>LA MUNICIPALIDAD DENUNCI\u00d3 REITERACI\u00d3N DE ACTOS VAND\u00c1LICOS Y PIDI\u00d3 LA COLABORACI\u00d3N CIUDADANA - Apuntes de San Luis<\/title>\n<meta name=\"robots\" content=\"index, follow, max-snippet:-1, max-image-preview:large, max-video-preview:-1\" \/>\n<link rel=\"canonical\" href=\"https:\/\/apuntesdesanluis.com\/index.php\/2023\/08\/29\/la-municipalidad-dennuncio-reiteracion-de-actos-vandalicos-y-pidio-la-colaboracion-ciudadana\/\" \/>\n<meta property=\"og:locale\" content=\"es_ES\" \/>\n<meta property=\"og:type\" content=\"article\" \/>\n<meta property=\"og:title\" content=\"LA MUNICIPALIDAD DENUNCI\u00d3 REITERACI\u00d3N DE ACTOS VAND\u00c1LICOS Y PIDI\u00d3 LA COLABORACI\u00d3N CIUDADANA - Apuntes de San Luis\" \/>\n<meta property=\"og:description\" content=\"Desde hace un tiempo a esta parte se vienen registrando actos vand\u00e1licos en diferentes intersecciones...\" \/>\n<meta property=\"og:url\" content=\"https:\/\/apuntesdesanluis.com\/index.php\/2023\/08\/29\/la-municipalidad-dennuncio-reiteracion-de-actos-vandalicos-y-pidio-la-colaboracion-ciudadana\/\" \/>\n<meta property=\"og:site_name\" content=\"Apuntes de San Luis\" \/>\n<meta property=\"article:published_time\" content=\"2023-08-30T00:58:14+00:00\" \/>\n<meta property=\"article:modified_time\" content=\"2023-08-30T01:03:13+00:00\" \/>\n<meta property=\"og:image\" content=\"https:\/\/apuntesdesanluis.com\/wp-content\/uploads\/2023\/08\/vandalismo.png\" \/>\n\t<meta property=\"og:image:width\" content=\"933\" \/>\n\t<meta property=\"og:image:height\" content=\"578\" \/>\n\t<meta property=\"og:image:type\" content=\"image\/png\" \/>\n<meta name=\"author\" content=\"apuntesdesanluis.com\" \/>\n<meta name=\"twitter:card\" content=\"summary_large_image\" \/>\n<meta name=\"twitter:label1\" content=\"Escrito por\" \/>\n\t<meta name=\"twitter:data1\" content=\"apuntesdesanluis.com\" \/>\n\t<meta name=\"twitter:label2\" content=\"Tiempo de lectura\" \/>\n\t<meta name=\"twitter:data2\" content=\"2 minutos\" \/>\n<script type=\"application\/ld+json\" class=\"yoast-schema-graph\">{\"@context\":\"https:\/\/schema.org\",\"@graph\":[{\"@type\":\"Article\",\"@id\":\"https:\/\/apuntesdesanluis.com\/index.php\/2023\/08\/29\/la-municipalidad-dennuncio-reiteracion-de-actos-vandalicos-y-pidio-la-colaboracion-ciudadana\/#article\",\"isPartOf\":{\"@id\":\"https:\/\/apuntesdesanluis.com\/index.php\/2023\/08\/29\/la-municipalidad-dennuncio-reiteracion-de-actos-vandalicos-y-pidio-la-colaboracion-ciudadana\/\"},\"author\":{\"name\":\"apuntesdesanluis.com\",\"@id\":\"https:\/\/apuntesdesanluis.com\/#\/schema\/person\/b55151d52296fcce64d1a72538a70b90\"},\"headline\":\"LA MUNICIPALIDAD DENUNCI\u00d3 REITERACI\u00d3N DE ACTOS VAND\u00c1LICOS Y PIDI\u00d3 LA COLABORACI\u00d3N CIUDADANA\",\"datePublished\":\"2023-08-30T00:58:14+00:00\",\"dateModified\":\"2023-08-30T01:03:13+00:00\",\"mainEntityOfPage\":{\"@id\":\"https:\/\/apuntesdesanluis.com\/index.php\/2023\/08\/29\/la-municipalidad-dennuncio-reiteracion-de-actos-vandalicos-y-pidio-la-colaboracion-ciudadana\/\"},\"wordCount\":213,\"publisher\":{\"@id\":\"https:\/\/apuntesdesanluis.com\/#\/schema\/person\/b55151d52296fcce64d1a72538a70b90\"},\"image\":{\"@id\":\"https:\/\/apuntesdesanluis.com\/index.php\/2023\/08\/29\/la-municipalidad-dennuncio-reiteracion-de-actos-vandalicos-y-pidio-la-colaboracion-ciudadana\/#primaryimage\"},\"thumbnailUrl\":\"https:\/\/apuntesdesanluis.com\/wp-content\/uploads\/2023\/08\/vandalismo.png\",\"articleSection\":[\"Ciudad\/Provincia\"],\"inLanguage\":\"es-AR\"},{\"@type\":\"WebPage\",\"@id\":\"https:\/\/apuntesdesanluis.com\/index.php\/2023\/08\/29\/la-municipalidad-dennuncio-reiteracion-de-actos-vandalicos-y-pidio-la-colaboracion-ciudadana\/\",\"url\":\"https:\/\/apuntesdesanluis.com\/index.php\/2023\/08\/29\/la-municipalidad-dennuncio-reiteracion-de-actos-vandalicos-y-pidio-la-colaboracion-ciudadana\/\",\"name\":\"LA MUNICIPALIDAD DENUNCI\u00d3 REITERACI\u00d3N DE ACTOS VAND\u00c1LICOS Y PIDI\u00d3 LA COLABORACI\u00d3N CIUDADANA - Apuntes de San Luis\",\"isPartOf\":{\"@id\":\"https:\/\/apuntesdesanluis.com\/#website\"},\"primaryImageOfPage\":{\"@id\":\"https:\/\/apuntesdesanluis.com\/index.php\/2023\/08\/29\/la-municipalidad-dennuncio-reiteracion-de-actos-vandalicos-y-pidio-la-colaboracion-ciudadana\/#primaryimage\"},\"image\":{\"@id\":\"https:\/\/apuntesdesanluis.com\/index.php\/2023\/08\/29\/la-municipalidad-dennuncio-reiteracion-de-actos-vandalicos-y-pidio-la-colaboracion-ciudadana\/#primaryimage\"},\"thumbnailUrl\":\"https:\/\/apuntesdesanluis.com\/wp-content\/uploads\/2023\/08\/vandalismo.png\",\"datePublished\":\"2023-08-30T00:58:14+00:00\",\"dateModified\":\"2023-08-30T01:03:13+00:00\",\"breadcrumb\":{\"@id\":\"https:\/\/apuntesdesanluis.com\/index.php\/2023\/08\/29\/la-municipalidad-dennuncio-reiteracion-de-actos-vandalicos-y-pidio-la-colaboracion-ciudadana\/#breadcrumb\"},\"inLanguage\":\"es-AR\",\"potentialAction\":[{\"@type\":\"ReadAction\",\"target\":[\"https:\/\/apuntesdesanluis.com\/index.php\/2023\/08\/29\/la-municipalidad-dennuncio-reiteracion-de-actos-vandalicos-y-pidio-la-colaboracion-ciudadana\/\"]}]},{\"@type\":\"ImageObject\",\"inLanguage\":\"es-AR\",\"@id\":\"https:\/\/apuntesdesanluis.com\/index.php\/2023\/08\/29\/la-municipalidad-dennuncio-reiteracion-de-actos-vandalicos-y-pidio-la-colaboracion-ciudadana\/#primaryimage\",\"url\":\"https:\/\/apuntesdesanluis.com\/wp-content\/uploads\/2023\/08\/vandalismo.png\",\"contentUrl\":\"https:\/\/apuntesdesanluis.com\/wp-content\/uploads\/2023\/08\/vandalismo.png\",\"width\":933,\"height\":578},{\"@type\":\"BreadcrumbList\",\"@id\":\"https:\/\/apuntesdesanluis.com\/index.php\/2023\/08\/29\/la-municipalidad-dennuncio-reiteracion-de-actos-vandalicos-y-pidio-la-colaboracion-ciudadana\/#breadcrumb\",\"itemListElement\":[{\"@type\":\"ListItem\",\"position\":1,\"name\":\"Inicio\",\"item\":\"https:\/\/apuntesdesanluis.com\/\"},{\"@type\":\"ListItem\",\"position\":2,\"name\":\"LA MUNICIPALIDAD DENUNCI\u00d3 REITERACI\u00d3N DE ACTOS VAND\u00c1LICOS Y PIDI\u00d3 LA COLABORACI\u00d3N CIUDADANA\"}]},{\"@type\":\"WebSite\",\"@id\":\"https:\/\/apuntesdesanluis.com\/#website\",\"url\":\"https:\/\/apuntesdesanluis.com\/\",\"name\":\"Apuntes de San Luis\",\"description\":\"\",\"publisher\":{\"@id\":\"https:\/\/apuntesdesanluis.com\/#\/schema\/person\/b55151d52296fcce64d1a72538a70b90\"},\"potentialAction\":[{\"@type\":\"SearchAction\",\"target\":{\"@type\":\"EntryPoint\",\"urlTemplate\":\"https:\/\/apuntesdesanluis.com\/?s={search_term_string}\"},\"query-input\":{\"@type\":\"PropertyValueSpecification\",\"valueRequired\":true,\"valueName\":\"search_term_string\"}}],\"inLanguage\":\"es-AR\"},{\"@type\":[\"Person\",\"Organization\"],\"@id\":\"https:\/\/apuntesdesanluis.com\/#\/schema\/person\/b55151d52296fcce64d1a72538a70b90\",\"name\":\"apuntesdesanluis.com\",\"image\":{\"@type\":\"ImageObject\",\"inLanguage\":\"es-AR\",\"@id\":\"https:\/\/apuntesdesanluis.com\/#\/schema\/person\/image\/\",\"url\":\"https:\/\/apuntesdesanluis.com\/wp-content\/uploads\/2023\/07\/cropped-apuntesdesanluis.png\",\"contentUrl\":\"https:\/\/apuntesdesanluis.com\/wp-content\/uploads\/2023\/07\/cropped-apuntesdesanluis.png\",\"width\":450,\"height\":112,\"caption\":\"apuntesdesanluis.com\"},\"logo\":{\"@id\":\"https:\/\/apuntesdesanluis.com\/#\/schema\/person\/image\/\"},\"sameAs\":[\"https:\/\/apuntesdesanluis.com\"],\"url\":\"https:\/\/apuntesdesanluis.com\/index.php\/author\/apuntesdesanluis-com\/\"}]}<\/script>\n<!-- \/ Yoast SEO plugin. -->","yoast_head_json":{"title":"LA MUNICIPALIDAD DENUNCI\u00d3 REITERACI\u00d3N DE ACTOS VAND\u00c1LICOS Y PIDI\u00d3 LA COLABORACI\u00d3N CIUDADANA - Apuntes de San Luis","robots":{"index":"index","follow":"follow","max-snippet":"max-snippet:-1","max-image-preview":"max-image-preview:large","max-video-preview":"max-video-preview:-1"},"canonical":"https:\/\/apuntesdesanluis.com\/index.php\/2023\/08\/29\/la-municipalidad-dennuncio-reiteracion-de-actos-vandalicos-y-pidio-la-colaboracion-ciudadana\/","og_locale":"es_ES","og_type":"article","og_title":"LA MUNICIPALIDAD DENUNCI\u00d3 REITERACI\u00d3N DE ACTOS VAND\u00c1LICOS Y PIDI\u00d3 LA COLABORACI\u00d3N CIUDADANA - Apuntes de San Luis","og_description":"Desde hace un tiempo a esta parte se vienen registrando actos vand\u00e1licos en diferentes intersecciones...","og_url":"https:\/\/apuntesdesanluis.com\/index.php\/2023\/08\/29\/la-municipalidad-dennuncio-reiteracion-de-actos-vandalicos-y-pidio-la-colaboracion-ciudadana\/","og_site_name":"Apuntes de San Luis","article_published_time":"2023-08-30T00:58:14+00:00","article_modified_time":"2023-08-30T01:03:13+00:00","og_image":[{"width":933,"height":578,"url":"https:\/\/apuntesdesanluis.com\/wp-content\/uploads\/2023\/08\/vandalismo.png","type":"image\/png"}],"author":"apuntesdesanluis.com","twitter_card":"summary_large_image","twitter_misc":{"Escrito por":"apuntesdesanluis.com","Tiempo de lectura":"2 minutos"},"schema":{"@context":"https:\/\/schema.org","@graph":[{"@type":"Article","@id":"https:\/\/apuntesdesanluis.com\/index.php\/2023\/08\/29\/la-municipalidad-dennuncio-reiteracion-de-actos-vandalicos-y-pidio-la-colaboracion-ciudadana\/#article","isPartOf":{"@id":"https:\/\/apuntesdesanluis.com\/index.php\/2023\/08\/29\/la-municipalidad-dennuncio-reiteracion-de-actos-vandalicos-y-pidio-la-colaboracion-ciudadana\/"},"author":{"name":"apuntesdesanluis.com","@id":"https:\/\/apuntesdesanluis.com\/#\/schema\/person\/b55151d52296fcce64d1a72538a70b90"},"headline":"LA MUNICIPALIDAD DENUNCI\u00d3 REITERACI\u00d3N DE ACTOS VAND\u00c1LICOS Y PIDI\u00d3 LA COLABORACI\u00d3N CIUDADANA","datePublished":"2023-08-30T00:58:14+00:00","dateModified":"2023-08-30T01:03:13+00:00","mainEntityOfPage":{"@id":"https:\/\/apuntesdesanluis.com\/index.php\/2023\/08\/29\/la-municipalidad-dennuncio-reiteracion-de-actos-vandalicos-y-pidio-la-colaboracion-ciudadana\/"},"wordCount":213,"publisher":{"@id":"https:\/\/apuntesdesanluis.com\/#\/schema\/person\/b55151d52296fcce64d1a72538a70b90"},"image":{"@id":"https:\/\/apuntesdesanluis.com\/index.php\/2023\/08\/29\/la-municipalidad-dennuncio-reiteracion-de-actos-vandalicos-y-pidio-la-colaboracion-ciudadana\/#primaryimage"},"thumbnailUrl":"https:\/\/apuntesdesanluis.com\/wp-content\/uploads\/2023\/08\/vandalismo.png","articleSection":["Ciudad\/Provincia"],"inLanguage":"es-AR"},{"@type":"WebPage","@id":"https:\/\/apuntesdesanluis.com\/index.php\/2023\/08\/29\/la-municipalidad-dennuncio-reiteracion-de-actos-vandalicos-y-pidio-la-colaboracion-ciudadana\/","url":"https:\/\/apuntesdesanluis.com\/index.php\/2023\/08\/29\/la-municipalidad-dennuncio-reiteracion-de-actos-vandalicos-y-pidio-la-colaboracion-ciudadana\/","name":"LA MUNICIPALIDAD DENUNCI\u00d3 REITERACI\u00d3N DE ACTOS VAND\u00c1LICOS Y PIDI\u00d3 LA COLABORACI\u00d3N CIUDADANA - Apuntes de San Luis","isPartOf":{"@id":"https:\/\/apuntesdesanluis.com\/#website"},"primaryImageOfPage":{"@id":"https:\/\/apuntesdesanluis.com\/index.php\/2023\/08\/29\/la-municipalidad-dennuncio-reiteracion-de-actos-vandalicos-y-pidio-la-colaboracion-ciudadana\/#primaryimage"},"image":{"@id":"https:\/\/apuntesdesanluis.com\/index.php\/2023\/08\/29\/la-municipalidad-dennuncio-reiteracion-de-actos-vandalicos-y-pidio-la-colaboracion-ciudadana\/#primaryimage"},"thumbnailUrl":"https:\/\/apuntesdesanluis.com\/wp-content\/uploads\/2023\/08\/vandalismo.png","datePublished":"2023-08-30T00:58:14+00:00","dateModified":"2023-08-30T01:03:13+00:00","breadcrumb":{"@id":"https:\/\/apuntesdesanluis.com\/index.php\/2023\/08\/29\/la-municipalidad-dennuncio-reiteracion-de-actos-vandalicos-y-pidio-la-colaboracion-ciudadana\/#breadcrumb"},"inLanguage":"es-AR","potentialAction":[{"@type":"ReadAction","target":["https:\/\/apuntesdesanluis.com\/index.php\/2023\/08\/29\/la-municipalidad-dennuncio-reiteracion-de-actos-vandalicos-y-pidio-la-colaboracion-ciudadana\/"]}]},{"@type":"ImageObject","inLanguage":"es-AR","@id":"https:\/\/apuntesdesanluis.com\/index.php\/2023\/08\/29\/la-municipalidad-dennuncio-reiteracion-de-actos-vandalicos-y-pidio-la-colaboracion-ciudadana\/#primaryimage","url":"https:\/\/apuntesdesanluis.com\/wp-content\/uploads\/2023\/08\/vandalismo.png","contentUrl":"https:\/\/apuntesdesanluis.com\/wp-content\/uploads\/2023\/08\/vandalismo.png","width":933,"height":578},{"@type":"BreadcrumbList","@id":"https:\/\/apuntesdesanluis.com\/index.php\/2023\/08\/29\/la-municipalidad-dennuncio-reiteracion-de-actos-vandalicos-y-pidio-la-colaboracion-ciudadana\/#breadcrumb","itemListElement":[{"@type":"ListItem","position":1,"name":"Inicio","item":"https:\/\/apuntesdesanluis.com\/"},{"@type":"ListItem","position":2,"name":"LA MUNICIPALIDAD DENUNCI\u00d3 REITERACI\u00d3N DE ACTOS VAND\u00c1LICOS Y PIDI\u00d3 LA COLABORACI\u00d3N CIUDADANA"}]},{"@type":"WebSite","@id":"https:\/\/apuntesdesanluis.com\/#website","url":"https:\/\/apuntesdesanluis.com\/","name":"Apuntes de San Luis","description":"","publisher":{"@id":"https:\/\/apuntesdesanluis.com\/#\/schema\/person\/b55151d52296fcce64d1a72538a70b90"},"potentialAction":[{"@type":"SearchAction","target":{"@type":"EntryPoint","urlTemplate":"https:\/\/apuntesdesanluis.com\/?s={search_term_string}"},"query-input":{"@type":"PropertyValueSpecification","valueRequired":true,"valueName":"search_term_string"}}],"inLanguage":"es-AR"},{"@type":["Person","Organization"],"@id":"https:\/\/apuntesdesanluis.com\/#\/schema\/person\/b55151d52296fcce64d1a72538a70b90","name":"apuntesdesanluis.com","image":{"@type":"ImageObject","inLanguage":"es-AR","@id":"https:\/\/apuntesdesanluis.com\/#\/schema\/person\/image\/","url":"https:\/\/apuntesdesanluis.com\/wp-content\/uploads\/2023\/07\/cropped-apuntesdesanluis.png","contentUrl":"https:\/\/apuntesdesanluis.com\/wp-content\/uploads\/2023\/07\/cropped-apuntesdesanluis.png","width":450,"height":112,"caption":"apuntesdesanluis.com"},"logo":{"@id":"https:\/\/apuntesdesanluis.com\/#\/schema\/person\/image\/"},"sameAs":["https:\/\/apuntesdesanluis.com"],"url":"https:\/\/apuntesdesanluis.com\/index.php\/author\/apuntesdesanluis-com\/"}]}},"featured_image_urls":{"full":["https:\/\/apuntesdesanluis.com\/wp-content\/uploads\/2023\/08\/vandalismo.png",933,578,false],"thumbnail":["https:\/\/apuntesdesanluis.com\/wp-content\/uploads\/2023\/08\/vandalismo-150x150.png",150,150,true],"medium":["https:\/\/apuntesdesanluis.com\/wp-content\/uploads\/2023\/08\/vandalismo-300x186.png",300,186,true],"medium_large":["https:\/\/apuntesdesanluis.com\/wp-content\/uploads\/2023\/08\/vandalismo-768x476.png",640,397,true],"large":["https:\/\/apuntesdesanluis.com\/wp-content\/uploads\/2023\/08\/vandalismo.png",640,396,false],"1536x1536":["https:\/\/apuntesdesanluis.com\/wp-content\/uploads\/2023\/08\/vandalismo.png",933,578,false],"2048x2048":["https:\/\/apuntesdesanluis.com\/wp-content\/uploads\/2023\/08\/vandalismo.png",933,578,false],"newsever-slider-full":["https:\/\/apuntesdesanluis.com\/wp-content\/uploads\/2023\/08\/vandalismo.png",933,578,false],"newsever-featured":["https:\/\/apuntesdesanluis.com\/wp-content\/uploads\/2023\/08\/vandalismo.png",933,578,false],"newsever-medium":["https:\/\/apuntesdesanluis.com\/wp-content\/uploads\/2023\/08\/vandalismo-720x475.png",720,475,true]},"author_info":{"display_name":"apuntesdesanluis.com","author_link":"https:\/\/apuntesdesanluis.com\/index.php\/author\/apuntesdesanluis-com\/"},"category_info":"<a href=\"https:\/\/apuntesdesanluis.com\/index.php\/category\/ciudad-provincia\/\" rel=\"category tag\">Ciudad\/Provincia<\/a>","tag_info":"Ciudad\/Provincia","comment_count":"0","_links":{"self":[{"href":"https:\/\/apuntesdesanluis.com\/index.php\/wp-json\/wp\/v2\/posts\/2354","targetHints":{"allow":["GET"]}}],"collection":[{"href":"https:\/\/apuntesdesanluis.com\/index.php\/wp-json\/wp\/v2\/posts"}],"about":[{"href":"https:\/\/apuntesdesanluis.com\/index.php\/wp-json\/wp\/v2\/types\/post"}],"author":[{"embeddable":true,"href":"https:\/\/apuntesdesanluis.com\/index.php\/wp-json\/wp\/v2\/users\/1"}],"replies":[{"embeddable":true,"href":"https:\/\/apuntesdesanluis.com\/index.php\/wp-json\/wp\/v2\/comments?post=2354"}],"version-history":[{"count":2,"href":"https:\/\/apuntesdesanluis.com\/index.php\/wp-json\/wp\/v2\/posts\/2354\/revisions"}],"predecessor-version":[{"id":2358,"href":"https:\/\/apuntesdesanluis.com\/index.php\/wp-json\/wp\/v2\/posts\/2354\/revisions\/2358"}],"wp:featuredmedia":[{"embeddable":true,"href":"https:\/\/apuntesdesanluis.com\/index.php\/wp-json\/wp\/v2\/media\/2355"}],"wp:attachment":[{"href":"https:\/\/apuntesdesanluis.com\/index.php\/wp-json\/wp\/v2\/media?parent=2354"}],"wp:term":[{"taxonomy":"category","embeddable":true,"href":"https:\/\/apuntesdesanluis.com\/index.php\/wp-json\/wp\/v2\/categories?post=2354"},{"taxonomy":"post_tag","embeddable":true,"href":"https:\/\/apuntesdesanluis.com\/index.php\/wp-json\/wp\/v2\/tags?post=2354"}],"curies":[{"name":"wp","href":"https:\/\/api.w.org\/{rel}","templated":true}]}}