{"id":23549,"date":"2024-10-08T20:37:15","date_gmt":"2024-10-08T23:37:15","guid":{"rendered":"https:\/\/apuntesdesanluis.com\/?p=23549"},"modified":"2024-10-08T20:37:15","modified_gmt":"2024-10-08T23:37:15","slug":"tomaron-el-bloque-i-de-la-universidad-nacional-de-san-luis","status":"publish","type":"post","link":"https:\/\/apuntesdesanluis.com\/index.php\/2024\/10\/08\/tomaron-el-bloque-i-de-la-universidad-nacional-de-san-luis\/","title":{"rendered":"TOMARON EL BLOQUE I DE LA UNIVERSIDAD NACIONAL DE SAN LUIS"},"content":{"rendered":"<h3>A manera de vigilia del tratamiento que se espera este mi\u00e9rcoles en la C\u00e1mara de Diputados de la naci\u00f3n, que debe tratar el veto presidencial a la ley de financiamiento universitario, la Asamblea Interclaustro de la UNSL dispuso la toma del Bloque I.<\/h3>\n<h3>En este sentido, dieron a conocer un comunicado titulado: \u201cLa Universidad Nacional de San Luis se pliega a las tomas de la UBA: las Universidades argentinas en pie de lucha\u201d:<\/h3>\n<h3>\u201cReunidos en asamblea interclaustro, estudiantes, docentes y no docentes decidimos acompa\u00f1ar la decisi\u00f3n democr\u00e1tica de la Facultad de Filosof\u00eda y Letras, Psicolog\u00eda, Agronom\u00eda y Colegio Nacional Buenos Aires de la UBA y de la Universidad Nacional de las Artes que han tomado sus edificios, con la toma del bloque 1 de la Universidad Nacional de San Luis.<\/h3>\n<p><img fetchpriority=\"high\" decoding=\"async\" class=\"wp-image-23551 aligncenter\" src=\"https:\/\/apuntesdesanluis.com\/wp-content\/uploads\/2024\/10\/bloque-I-300x163.png\" alt=\"\" width=\"721\" height=\"392\" srcset=\"https:\/\/apuntesdesanluis.com\/wp-content\/uploads\/2024\/10\/bloque-I-300x163.png 300w, https:\/\/apuntesdesanluis.com\/wp-content\/uploads\/2024\/10\/bloque-I.png 413w\" sizes=\"(max-width: 721px) 100vw, 721px\" \/><\/p>\n<h3>Esta medida busca ser de impacto para visibilizar la gravedad de la situaci\u00f3n que estamos viviendo, en la que el gobierno Nacional tiene la clara intenci\u00f3n de ahogar a las Universidades Nacionales en particular y a la Educaci\u00f3n P\u00fablica en general.<\/h3>\n<h3>Profundizamos las medidas de lucha para hacer un seguimiento activo del tratamiento del destino de la ley de financiamiento universitario en el Congreso Nacional.<\/h3>\n<h3>Saludamos a los trabajadores del Hospital de salud mental Laura Bonaparte que est\u00e1n haciendo frente a la amenaza de cierre.<\/h3>\n<h3>Las luchas por la salud y la educaci\u00f3n deben hermanarse en una sola causa.<\/h3>\n<h3>Sabemos que este bloque cuenta con laboratorios especiales que necesitan cuidados. Por ello, vamos a garantizar el acceso de quienes est\u00e1n a cargo de los mismos.<\/h3>\n<h3>Hacemos un llamado a toda la comunidad a apoyar la toma, haci\u00e9ndose presentes desde el d\u00eda de la fecha.<\/h3>\n<h3>Convocamos a una nueva asamblea interclaustro para el d\u00eda martes 08\/10 a las 8 hs en el Bloque 1 de la UNSL para debatir sobre la continuidad de las medidas.<\/h3>\n<h3>Para ganar esta lucha, necesitamos replicar las tomas en cada universidad del pa\u00eds. \u00a1Viva la Universidad P\u00fablica!\u201d.<\/h3>\n<p>&nbsp;<\/p>\n<p>&nbsp;<\/p>\n<p>&nbsp;<\/p>\n","protected":false},"excerpt":{"rendered":"<p>A manera de vigilia del tratamiento que se espera este mi\u00e9rcoles en la C\u00e1mara de&#8230;<\/p>\n","protected":false},"author":1,"featured_media":23550,"comment_status":"closed","ping_status":"closed","sticky":false,"template":"","format":"standard","meta":{"footnotes":""},"categories":[6],"tags":[],"class_list":["post-23549","post","type-post","status-publish","format-standard","has-post-thumbnail","hentry","category-ciudad-provincia"],"yoast_head":"<!-- This site is optimized with the Yoast SEO plugin v26.1.1 - https:\/\/yoast.com\/wordpress\/plugins\/seo\/ -->\n<title>TOMARON EL BLOQUE I DE LA UNIVERSIDAD NACIONAL DE SAN LUIS - Apuntes de San Luis<\/title>\n<meta name=\"robots\" content=\"index, follow, max-snippet:-1, max-image-preview:large, max-video-preview:-1\" \/>\n<link rel=\"canonical\" href=\"https:\/\/apuntesdesanluis.com\/index.php\/2024\/10\/08\/tomaron-el-bloque-i-de-la-universidad-nacional-de-san-luis\/\" \/>\n<meta property=\"og:locale\" content=\"es_ES\" \/>\n<meta property=\"og:type\" content=\"article\" \/>\n<meta property=\"og:title\" content=\"TOMARON EL BLOQUE I DE LA UNIVERSIDAD NACIONAL DE SAN LUIS - Apuntes de San Luis\" \/>\n<meta property=\"og:description\" content=\"A manera de vigilia del tratamiento que se espera este mi\u00e9rcoles en la C\u00e1mara de...\" \/>\n<meta property=\"og:url\" content=\"https:\/\/apuntesdesanluis.com\/index.php\/2024\/10\/08\/tomaron-el-bloque-i-de-la-universidad-nacional-de-san-luis\/\" \/>\n<meta property=\"og:site_name\" content=\"Apuntes de San Luis\" \/>\n<meta property=\"article:published_time\" content=\"2024-10-08T23:37:15+00:00\" \/>\n<meta property=\"og:image\" content=\"https:\/\/apuntesdesanluis.com\/wp-content\/uploads\/2024\/10\/toma-del-bloque-I.png\" \/>\n\t<meta property=\"og:image:width\" content=\"430\" \/>\n\t<meta property=\"og:image:height\" content=\"229\" \/>\n\t<meta property=\"og:image:type\" content=\"image\/png\" \/>\n<meta name=\"author\" content=\"apuntesdesanluis.com\" \/>\n<meta name=\"twitter:card\" content=\"summary_large_image\" \/>\n<meta name=\"twitter:label1\" content=\"Escrito por\" \/>\n\t<meta name=\"twitter:data1\" content=\"apuntesdesanluis.com\" \/>\n\t<meta name=\"twitter:label2\" content=\"Tiempo de lectura\" \/>\n\t<meta name=\"twitter:data2\" content=\"2 minutos\" \/>\n<script type=\"application\/ld+json\" class=\"yoast-schema-graph\">{\"@context\":\"https:\/\/schema.org\",\"@graph\":[{\"@type\":\"Article\",\"@id\":\"https:\/\/apuntesdesanluis.com\/index.php\/2024\/10\/08\/tomaron-el-bloque-i-de-la-universidad-nacional-de-san-luis\/#article\",\"isPartOf\":{\"@id\":\"https:\/\/apuntesdesanluis.com\/index.php\/2024\/10\/08\/tomaron-el-bloque-i-de-la-universidad-nacional-de-san-luis\/\"},\"author\":{\"name\":\"apuntesdesanluis.com\",\"@id\":\"https:\/\/apuntesdesanluis.com\/#\/schema\/person\/b55151d52296fcce64d1a72538a70b90\"},\"headline\":\"TOMARON EL BLOQUE I DE LA UNIVERSIDAD NACIONAL DE SAN LUIS\",\"datePublished\":\"2024-10-08T23:37:15+00:00\",\"mainEntityOfPage\":{\"@id\":\"https:\/\/apuntesdesanluis.com\/index.php\/2024\/10\/08\/tomaron-el-bloque-i-de-la-universidad-nacional-de-san-luis\/\"},\"wordCount\":352,\"publisher\":{\"@id\":\"https:\/\/apuntesdesanluis.com\/#\/schema\/person\/b55151d52296fcce64d1a72538a70b90\"},\"image\":{\"@id\":\"https:\/\/apuntesdesanluis.com\/index.php\/2024\/10\/08\/tomaron-el-bloque-i-de-la-universidad-nacional-de-san-luis\/#primaryimage\"},\"thumbnailUrl\":\"https:\/\/apuntesdesanluis.com\/wp-content\/uploads\/2024\/10\/toma-del-bloque-I.png\",\"articleSection\":[\"Ciudad\/Provincia\"],\"inLanguage\":\"es-AR\"},{\"@type\":\"WebPage\",\"@id\":\"https:\/\/apuntesdesanluis.com\/index.php\/2024\/10\/08\/tomaron-el-bloque-i-de-la-universidad-nacional-de-san-luis\/\",\"url\":\"https:\/\/apuntesdesanluis.com\/index.php\/2024\/10\/08\/tomaron-el-bloque-i-de-la-universidad-nacional-de-san-luis\/\",\"name\":\"TOMARON EL BLOQUE I DE LA UNIVERSIDAD NACIONAL DE SAN LUIS - Apuntes de San Luis\",\"isPartOf\":{\"@id\":\"https:\/\/apuntesdesanluis.com\/#website\"},\"primaryImageOfPage\":{\"@id\":\"https:\/\/apuntesdesanluis.com\/index.php\/2024\/10\/08\/tomaron-el-bloque-i-de-la-universidad-nacional-de-san-luis\/#primaryimage\"},\"image\":{\"@id\":\"https:\/\/apuntesdesanluis.com\/index.php\/2024\/10\/08\/tomaron-el-bloque-i-de-la-universidad-nacional-de-san-luis\/#primaryimage\"},\"thumbnailUrl\":\"https:\/\/apuntesdesanluis.com\/wp-content\/uploads\/2024\/10\/toma-del-bloque-I.png\",\"datePublished\":\"2024-10-08T23:37:15+00:00\",\"breadcrumb\":{\"@id\":\"https:\/\/apuntesdesanluis.com\/index.php\/2024\/10\/08\/tomaron-el-bloque-i-de-la-universidad-nacional-de-san-luis\/#breadcrumb\"},\"inLanguage\":\"es-AR\",\"potentialAction\":[{\"@type\":\"ReadAction\",\"target\":[\"https:\/\/apuntesdesanluis.com\/index.php\/2024\/10\/08\/tomaron-el-bloque-i-de-la-universidad-nacional-de-san-luis\/\"]}]},{\"@type\":\"ImageObject\",\"inLanguage\":\"es-AR\",\"@id\":\"https:\/\/apuntesdesanluis.com\/index.php\/2024\/10\/08\/tomaron-el-bloque-i-de-la-universidad-nacional-de-san-luis\/#primaryimage\",\"url\":\"https:\/\/apuntesdesanluis.com\/wp-content\/uploads\/2024\/10\/toma-del-bloque-I.png\",\"contentUrl\":\"https:\/\/apuntesdesanluis.com\/wp-content\/uploads\/2024\/10\/toma-del-bloque-I.png\",\"width\":430,\"height\":229},{\"@type\":\"BreadcrumbList\",\"@id\":\"https:\/\/apuntesdesanluis.com\/index.php\/2024\/10\/08\/tomaron-el-bloque-i-de-la-universidad-nacional-de-san-luis\/#breadcrumb\",\"itemListElement\":[{\"@type\":\"ListItem\",\"position\":1,\"name\":\"Inicio\",\"item\":\"https:\/\/apuntesdesanluis.com\/\"},{\"@type\":\"ListItem\",\"position\":2,\"name\":\"TOMARON EL BLOQUE I DE LA UNIVERSIDAD NACIONAL DE SAN LUIS\"}]},{\"@type\":\"WebSite\",\"@id\":\"https:\/\/apuntesdesanluis.com\/#website\",\"url\":\"https:\/\/apuntesdesanluis.com\/\",\"name\":\"Apuntes de San Luis\",\"description\":\"\",\"publisher\":{\"@id\":\"https:\/\/apuntesdesanluis.com\/#\/schema\/person\/b55151d52296fcce64d1a72538a70b90\"},\"potentialAction\":[{\"@type\":\"SearchAction\",\"target\":{\"@type\":\"EntryPoint\",\"urlTemplate\":\"https:\/\/apuntesdesanluis.com\/?s={search_term_string}\"},\"query-input\":{\"@type\":\"PropertyValueSpecification\",\"valueRequired\":true,\"valueName\":\"search_term_string\"}}],\"inLanguage\":\"es-AR\"},{\"@type\":[\"Person\",\"Organization\"],\"@id\":\"https:\/\/apuntesdesanluis.com\/#\/schema\/person\/b55151d52296fcce64d1a72538a70b90\",\"name\":\"apuntesdesanluis.com\",\"image\":{\"@type\":\"ImageObject\",\"inLanguage\":\"es-AR\",\"@id\":\"https:\/\/apuntesdesanluis.com\/#\/schema\/person\/image\/\",\"url\":\"https:\/\/apuntesdesanluis.com\/wp-content\/uploads\/2023\/07\/cropped-apuntesdesanluis.png\",\"contentUrl\":\"https:\/\/apuntesdesanluis.com\/wp-content\/uploads\/2023\/07\/cropped-apuntesdesanluis.png\",\"width\":450,\"height\":112,\"caption\":\"apuntesdesanluis.com\"},\"logo\":{\"@id\":\"https:\/\/apuntesdesanluis.com\/#\/schema\/person\/image\/\"},\"sameAs\":[\"https:\/\/apuntesdesanluis.com\"],\"url\":\"https:\/\/apuntesdesanluis.com\/index.php\/author\/apuntesdesanluis-com\/\"}]}<\/script>\n<!-- \/ Yoast SEO plugin. -->","yoast_head_json":{"title":"TOMARON EL BLOQUE I DE LA UNIVERSIDAD NACIONAL DE SAN LUIS - Apuntes de San Luis","robots":{"index":"index","follow":"follow","max-snippet":"max-snippet:-1","max-image-preview":"max-image-preview:large","max-video-preview":"max-video-preview:-1"},"canonical":"https:\/\/apuntesdesanluis.com\/index.php\/2024\/10\/08\/tomaron-el-bloque-i-de-la-universidad-nacional-de-san-luis\/","og_locale":"es_ES","og_type":"article","og_title":"TOMARON EL BLOQUE I DE LA UNIVERSIDAD NACIONAL DE SAN LUIS - Apuntes de San Luis","og_description":"A manera de vigilia del tratamiento que se espera este mi\u00e9rcoles en la C\u00e1mara de...","og_url":"https:\/\/apuntesdesanluis.com\/index.php\/2024\/10\/08\/tomaron-el-bloque-i-de-la-universidad-nacional-de-san-luis\/","og_site_name":"Apuntes de San Luis","article_published_time":"2024-10-08T23:37:15+00:00","og_image":[{"width":430,"height":229,"url":"https:\/\/apuntesdesanluis.com\/wp-content\/uploads\/2024\/10\/toma-del-bloque-I.png","type":"image\/png"}],"author":"apuntesdesanluis.com","twitter_card":"summary_large_image","twitter_misc":{"Escrito por":"apuntesdesanluis.com","Tiempo de lectura":"2 minutos"},"schema":{"@context":"https:\/\/schema.org","@graph":[{"@type":"Article","@id":"https:\/\/apuntesdesanluis.com\/index.php\/2024\/10\/08\/tomaron-el-bloque-i-de-la-universidad-nacional-de-san-luis\/#article","isPartOf":{"@id":"https:\/\/apuntesdesanluis.com\/index.php\/2024\/10\/08\/tomaron-el-bloque-i-de-la-universidad-nacional-de-san-luis\/"},"author":{"name":"apuntesdesanluis.com","@id":"https:\/\/apuntesdesanluis.com\/#\/schema\/person\/b55151d52296fcce64d1a72538a70b90"},"headline":"TOMARON EL BLOQUE I DE LA UNIVERSIDAD NACIONAL DE SAN LUIS","datePublished":"2024-10-08T23:37:15+00:00","mainEntityOfPage":{"@id":"https:\/\/apuntesdesanluis.com\/index.php\/2024\/10\/08\/tomaron-el-bloque-i-de-la-universidad-nacional-de-san-luis\/"},"wordCount":352,"publisher":{"@id":"https:\/\/apuntesdesanluis.com\/#\/schema\/person\/b55151d52296fcce64d1a72538a70b90"},"image":{"@id":"https:\/\/apuntesdesanluis.com\/index.php\/2024\/10\/08\/tomaron-el-bloque-i-de-la-universidad-nacional-de-san-luis\/#primaryimage"},"thumbnailUrl":"https:\/\/apuntesdesanluis.com\/wp-content\/uploads\/2024\/10\/toma-del-bloque-I.png","articleSection":["Ciudad\/Provincia"],"inLanguage":"es-AR"},{"@type":"WebPage","@id":"https:\/\/apuntesdesanluis.com\/index.php\/2024\/10\/08\/tomaron-el-bloque-i-de-la-universidad-nacional-de-san-luis\/","url":"https:\/\/apuntesdesanluis.com\/index.php\/2024\/10\/08\/tomaron-el-bloque-i-de-la-universidad-nacional-de-san-luis\/","name":"TOMARON EL BLOQUE I DE LA UNIVERSIDAD NACIONAL DE SAN LUIS - Apuntes de San Luis","isPartOf":{"@id":"https:\/\/apuntesdesanluis.com\/#website"},"primaryImageOfPage":{"@id":"https:\/\/apuntesdesanluis.com\/index.php\/2024\/10\/08\/tomaron-el-bloque-i-de-la-universidad-nacional-de-san-luis\/#primaryimage"},"image":{"@id":"https:\/\/apuntesdesanluis.com\/index.php\/2024\/10\/08\/tomaron-el-bloque-i-de-la-universidad-nacional-de-san-luis\/#primaryimage"},"thumbnailUrl":"https:\/\/apuntesdesanluis.com\/wp-content\/uploads\/2024\/10\/toma-del-bloque-I.png","datePublished":"2024-10-08T23:37:15+00:00","breadcrumb":{"@id":"https:\/\/apuntesdesanluis.com\/index.php\/2024\/10\/08\/tomaron-el-bloque-i-de-la-universidad-nacional-de-san-luis\/#breadcrumb"},"inLanguage":"es-AR","potentialAction":[{"@type":"ReadAction","target":["https:\/\/apuntesdesanluis.com\/index.php\/2024\/10\/08\/tomaron-el-bloque-i-de-la-universidad-nacional-de-san-luis\/"]}]},{"@type":"ImageObject","inLanguage":"es-AR","@id":"https:\/\/apuntesdesanluis.com\/index.php\/2024\/10\/08\/tomaron-el-bloque-i-de-la-universidad-nacional-de-san-luis\/#primaryimage","url":"https:\/\/apuntesdesanluis.com\/wp-content\/uploads\/2024\/10\/toma-del-bloque-I.png","contentUrl":"https:\/\/apuntesdesanluis.com\/wp-content\/uploads\/2024\/10\/toma-del-bloque-I.png","width":430,"height":229},{"@type":"BreadcrumbList","@id":"https:\/\/apuntesdesanluis.com\/index.php\/2024\/10\/08\/tomaron-el-bloque-i-de-la-universidad-nacional-de-san-luis\/#breadcrumb","itemListElement":[{"@type":"ListItem","position":1,"name":"Inicio","item":"https:\/\/apuntesdesanluis.com\/"},{"@type":"ListItem","position":2,"name":"TOMARON EL BLOQUE I DE LA UNIVERSIDAD NACIONAL DE SAN LUIS"}]},{"@type":"WebSite","@id":"https:\/\/apuntesdesanluis.com\/#website","url":"https:\/\/apuntesdesanluis.com\/","name":"Apuntes de San Luis","description":"","publisher":{"@id":"https:\/\/apuntesdesanluis.com\/#\/schema\/person\/b55151d52296fcce64d1a72538a70b90"},"potentialAction":[{"@type":"SearchAction","target":{"@type":"EntryPoint","urlTemplate":"https:\/\/apuntesdesanluis.com\/?s={search_term_string}"},"query-input":{"@type":"PropertyValueSpecification","valueRequired":true,"valueName":"search_term_string"}}],"inLanguage":"es-AR"},{"@type":["Person","Organization"],"@id":"https:\/\/apuntesdesanluis.com\/#\/schema\/person\/b55151d52296fcce64d1a72538a70b90","name":"apuntesdesanluis.com","image":{"@type":"ImageObject","inLanguage":"es-AR","@id":"https:\/\/apuntesdesanluis.com\/#\/schema\/person\/image\/","url":"https:\/\/apuntesdesanluis.com\/wp-content\/uploads\/2023\/07\/cropped-apuntesdesanluis.png","contentUrl":"https:\/\/apuntesdesanluis.com\/wp-content\/uploads\/2023\/07\/cropped-apuntesdesanluis.png","width":450,"height":112,"caption":"apuntesdesanluis.com"},"logo":{"@id":"https:\/\/apuntesdesanluis.com\/#\/schema\/person\/image\/"},"sameAs":["https:\/\/apuntesdesanluis.com"],"url":"https:\/\/apuntesdesanluis.com\/index.php\/author\/apuntesdesanluis-com\/"}]}},"featured_image_urls":{"full":["https:\/\/apuntesdesanluis.com\/wp-content\/uploads\/2024\/10\/toma-del-bloque-I.png",430,229,false],"thumbnail":["https:\/\/apuntesdesanluis.com\/wp-content\/uploads\/2024\/10\/toma-del-bloque-I-150x150.png",150,150,true],"medium":["https:\/\/apuntesdesanluis.com\/wp-content\/uploads\/2024\/10\/toma-del-bloque-I-300x160.png",300,160,true],"medium_large":["https:\/\/apuntesdesanluis.com\/wp-content\/uploads\/2024\/10\/toma-del-bloque-I.png",430,229,false],"large":["https:\/\/apuntesdesanluis.com\/wp-content\/uploads\/2024\/10\/toma-del-bloque-I.png",430,229,false],"1536x1536":["https:\/\/apuntesdesanluis.com\/wp-content\/uploads\/2024\/10\/toma-del-bloque-I.png",430,229,false],"2048x2048":["https:\/\/apuntesdesanluis.com\/wp-content\/uploads\/2024\/10\/toma-del-bloque-I.png",430,229,false],"newsever-slider-full":["https:\/\/apuntesdesanluis.com\/wp-content\/uploads\/2024\/10\/toma-del-bloque-I.png",430,229,false],"newsever-featured":["https:\/\/apuntesdesanluis.com\/wp-content\/uploads\/2024\/10\/toma-del-bloque-I.png",430,229,false],"newsever-medium":["https:\/\/apuntesdesanluis.com\/wp-content\/uploads\/2024\/10\/toma-del-bloque-I.png",430,229,false]},"author_info":{"display_name":"apuntesdesanluis.com","author_link":"https:\/\/apuntesdesanluis.com\/index.php\/author\/apuntesdesanluis-com\/"},"category_info":"<a href=\"https:\/\/apuntesdesanluis.com\/index.php\/category\/ciudad-provincia\/\" rel=\"category tag\">Ciudad\/Provincia<\/a>","tag_info":"Ciudad\/Provincia","comment_count":"0","_links":{"self":[{"href":"https:\/\/apuntesdesanluis.com\/index.php\/wp-json\/wp\/v2\/posts\/23549","targetHints":{"allow":["GET"]}}],"collection":[{"href":"https:\/\/apuntesdesanluis.com\/index.php\/wp-json\/wp\/v2\/posts"}],"about":[{"href":"https:\/\/apuntesdesanluis.com\/index.php\/wp-json\/wp\/v2\/types\/post"}],"author":[{"embeddable":true,"href":"https:\/\/apuntesdesanluis.com\/index.php\/wp-json\/wp\/v2\/users\/1"}],"replies":[{"embeddable":true,"href":"https:\/\/apuntesdesanluis.com\/index.php\/wp-json\/wp\/v2\/comments?post=23549"}],"version-history":[{"count":1,"href":"https:\/\/apuntesdesanluis.com\/index.php\/wp-json\/wp\/v2\/posts\/23549\/revisions"}],"predecessor-version":[{"id":23552,"href":"https:\/\/apuntesdesanluis.com\/index.php\/wp-json\/wp\/v2\/posts\/23549\/revisions\/23552"}],"wp:featuredmedia":[{"embeddable":true,"href":"https:\/\/apuntesdesanluis.com\/index.php\/wp-json\/wp\/v2\/media\/23550"}],"wp:attachment":[{"href":"https:\/\/apuntesdesanluis.com\/index.php\/wp-json\/wp\/v2\/media?parent=23549"}],"wp:term":[{"taxonomy":"category","embeddable":true,"href":"https:\/\/apuntesdesanluis.com\/index.php\/wp-json\/wp\/v2\/categories?post=23549"},{"taxonomy":"post_tag","embeddable":true,"href":"https:\/\/apuntesdesanluis.com\/index.php\/wp-json\/wp\/v2\/tags?post=23549"}],"curies":[{"name":"wp","href":"https:\/\/api.w.org\/{rel}","templated":true}]}}