{"id":23556,"date":"2024-10-08T20:57:40","date_gmt":"2024-10-08T23:57:40","guid":{"rendered":"https:\/\/apuntesdesanluis.com\/?p=23556"},"modified":"2024-10-08T20:57:40","modified_gmt":"2024-10-08T23:57:40","slug":"grave-detienen-a-un-policia-y-otros-dos-hombres-por-abigeato","status":"publish","type":"post","link":"https:\/\/apuntesdesanluis.com\/index.php\/2024\/10\/08\/grave-detienen-a-un-policia-y-otros-dos-hombres-por-abigeato\/","title":{"rendered":"GRAVE: DETIENEN A UN POLIC\u00cdA Y OTROS DOS HOMBRES POR ABIGEATO"},"content":{"rendered":"<h3>Fue este lunes por la noche, cuando personal policial realizaba operativos estrat\u00e9gicos en la zona rural de Uni\u00f3n, con el fin de controlar los caminos rurales y rutas vecinales.<\/h3>\n<h3>Cera de las 23 h, en la Ruta Provincial N\u00b0 3 a unos 8 kil\u00f3metros hacia el punto cardinal Sur de Uni\u00f3n, se intercepto una camioneta marca Ford F100 de color rojo y blanco, que en un primer momento intento evadir el control policial, d\u00e1ndose a la fuga, logr\u00e1ndose su detenci\u00f3n a unos dos kil\u00f3metros.<\/h3>\n<p><img fetchpriority=\"high\" decoding=\"async\" class=\"wp-image-23558 aligncenter\" src=\"https:\/\/apuntesdesanluis.com\/wp-content\/uploads\/2024\/10\/Imagen-de-WhatsApp-2024-10-08-a-las-14.14.37_f689a4b6-300x300.jpg\" alt=\"\" width=\"648\" height=\"648\" srcset=\"https:\/\/apuntesdesanluis.com\/wp-content\/uploads\/2024\/10\/Imagen-de-WhatsApp-2024-10-08-a-las-14.14.37_f689a4b6-300x300.jpg 300w, https:\/\/apuntesdesanluis.com\/wp-content\/uploads\/2024\/10\/Imagen-de-WhatsApp-2024-10-08-a-las-14.14.37_f689a4b6-150x150.jpg 150w\" sizes=\"(max-width: 648px) 100vw, 648px\" \/><\/p>\n<h3>Posteriormente se observ\u00f3 en la caja trasera de la camioneta que transportaban un animal vacuno faenado, sin cabeza y sin v\u00edsceras. En el interior del veh\u00edculo ten\u00edan en su poder una Carabina calibre 22 con mira telesc\u00f3pica cargada con cuatro proyectiles, radios de comunicaci\u00f3n, dos cuchillos y un hacha chica. Los involucrados en el hecho no pudieron dar datos sobre la procedencia del animal ni documentaci\u00f3n del arma.<\/h3>\n<p><img decoding=\"async\" class=\"wp-image-23559 aligncenter\" src=\"https:\/\/apuntesdesanluis.com\/wp-content\/uploads\/2024\/10\/Imagen-de-WhatsApp-2024-10-08-a-las-14.14.37_b142ba4f-300x225.jpg\" alt=\"\" width=\"647\" height=\"485\" srcset=\"https:\/\/apuntesdesanluis.com\/wp-content\/uploads\/2024\/10\/Imagen-de-WhatsApp-2024-10-08-a-las-14.14.37_b142ba4f-300x225.jpg 300w, https:\/\/apuntesdesanluis.com\/wp-content\/uploads\/2024\/10\/Imagen-de-WhatsApp-2024-10-08-a-las-14.14.37_b142ba4f.jpg 700w\" sizes=\"(max-width: 647px) 100vw, 647px\" \/><\/p>\n<h3>Fueron demorados tres hombres mayores de edad, uno de ellos integrante de la Polic\u00eda a quien por el momento se llevan actuaciones de caracter\u00edsticas penales y administrativas dentro de la Instituci\u00f3n.<\/h3>\n<h3>Se dio conocimiento a la Fiscal\u00eda Nro. 3 a cargo del Dr. Jos\u00e9 Olgu\u00edn, Fiscal Adjunto Dra. Andrea Curd. }<\/h3>\n<h3>Se orden\u00f3 que se realicen todas las diligencias de rigor, secuestro de veh\u00edculo, restos del vacuno y todo elemento vinculado con el hecho.<\/h3>\n<p>&nbsp;<\/p>\n<p>&nbsp;<\/p>\n<p>&nbsp;<\/p>\n<p>&nbsp;<\/p>\n<p>&nbsp;<\/p>\n<p>&nbsp;<\/p>\n","protected":false},"excerpt":{"rendered":"<p>Fue este lunes por la noche, cuando personal policial realizaba operativos estrat\u00e9gicos en la zona&#8230;<\/p>\n","protected":false},"author":1,"featured_media":23557,"comment_status":"closed","ping_status":"closed","sticky":false,"template":"","format":"standard","meta":{"footnotes":""},"categories":[6],"tags":[],"class_list":["post-23556","post","type-post","status-publish","format-standard","has-post-thumbnail","hentry","category-ciudad-provincia"],"yoast_head":"<!-- This site is optimized with the Yoast SEO plugin v26.1.1 - https:\/\/yoast.com\/wordpress\/plugins\/seo\/ -->\n<title>GRAVE: DETIENEN A UN POLIC\u00cdA Y OTROS DOS HOMBRES POR ABIGEATO - Apuntes de San Luis<\/title>\n<meta name=\"robots\" content=\"index, follow, max-snippet:-1, max-image-preview:large, max-video-preview:-1\" \/>\n<link rel=\"canonical\" href=\"https:\/\/apuntesdesanluis.com\/index.php\/2024\/10\/08\/grave-detienen-a-un-policia-y-otros-dos-hombres-por-abigeato\/\" \/>\n<meta property=\"og:locale\" content=\"es_ES\" \/>\n<meta property=\"og:type\" content=\"article\" \/>\n<meta property=\"og:title\" content=\"GRAVE: DETIENEN A UN POLIC\u00cdA Y OTROS DOS HOMBRES POR ABIGEATO - Apuntes de San Luis\" \/>\n<meta property=\"og:description\" content=\"Fue este lunes por la noche, cuando personal policial realizaba operativos estrat\u00e9gicos en la zona...\" \/>\n<meta property=\"og:url\" content=\"https:\/\/apuntesdesanluis.com\/index.php\/2024\/10\/08\/grave-detienen-a-un-policia-y-otros-dos-hombres-por-abigeato\/\" \/>\n<meta property=\"og:site_name\" content=\"Apuntes de San Luis\" \/>\n<meta property=\"article:published_time\" content=\"2024-10-08T23:57:40+00:00\" \/>\n<meta property=\"og:image\" content=\"https:\/\/apuntesdesanluis.com\/wp-content\/uploads\/2024\/10\/detenidos.jpg\" \/>\n\t<meta property=\"og:image:width\" content=\"800\" \/>\n\t<meta property=\"og:image:height\" content=\"442\" \/>\n\t<meta property=\"og:image:type\" content=\"image\/jpeg\" \/>\n<meta name=\"author\" content=\"apuntesdesanluis.com\" \/>\n<meta name=\"twitter:card\" content=\"summary_large_image\" \/>\n<meta name=\"twitter:label1\" content=\"Escrito por\" \/>\n\t<meta name=\"twitter:data1\" content=\"apuntesdesanluis.com\" \/>\n\t<meta name=\"twitter:label2\" content=\"Tiempo de lectura\" \/>\n\t<meta name=\"twitter:data2\" content=\"2 minutos\" \/>\n<script type=\"application\/ld+json\" class=\"yoast-schema-graph\">{\"@context\":\"https:\/\/schema.org\",\"@graph\":[{\"@type\":\"Article\",\"@id\":\"https:\/\/apuntesdesanluis.com\/index.php\/2024\/10\/08\/grave-detienen-a-un-policia-y-otros-dos-hombres-por-abigeato\/#article\",\"isPartOf\":{\"@id\":\"https:\/\/apuntesdesanluis.com\/index.php\/2024\/10\/08\/grave-detienen-a-un-policia-y-otros-dos-hombres-por-abigeato\/\"},\"author\":{\"name\":\"apuntesdesanluis.com\",\"@id\":\"https:\/\/apuntesdesanluis.com\/#\/schema\/person\/b55151d52296fcce64d1a72538a70b90\"},\"headline\":\"GRAVE: DETIENEN A UN POLIC\u00cdA Y OTROS DOS HOMBRES POR ABIGEATO\",\"datePublished\":\"2024-10-08T23:57:40+00:00\",\"mainEntityOfPage\":{\"@id\":\"https:\/\/apuntesdesanluis.com\/index.php\/2024\/10\/08\/grave-detienen-a-un-policia-y-otros-dos-hombres-por-abigeato\/\"},\"wordCount\":258,\"publisher\":{\"@id\":\"https:\/\/apuntesdesanluis.com\/#\/schema\/person\/b55151d52296fcce64d1a72538a70b90\"},\"image\":{\"@id\":\"https:\/\/apuntesdesanluis.com\/index.php\/2024\/10\/08\/grave-detienen-a-un-policia-y-otros-dos-hombres-por-abigeato\/#primaryimage\"},\"thumbnailUrl\":\"https:\/\/apuntesdesanluis.com\/wp-content\/uploads\/2024\/10\/detenidos.jpg\",\"articleSection\":[\"Ciudad\/Provincia\"],\"inLanguage\":\"es-AR\"},{\"@type\":\"WebPage\",\"@id\":\"https:\/\/apuntesdesanluis.com\/index.php\/2024\/10\/08\/grave-detienen-a-un-policia-y-otros-dos-hombres-por-abigeato\/\",\"url\":\"https:\/\/apuntesdesanluis.com\/index.php\/2024\/10\/08\/grave-detienen-a-un-policia-y-otros-dos-hombres-por-abigeato\/\",\"name\":\"GRAVE: DETIENEN A UN POLIC\u00cdA Y OTROS DOS HOMBRES POR ABIGEATO - Apuntes de San Luis\",\"isPartOf\":{\"@id\":\"https:\/\/apuntesdesanluis.com\/#website\"},\"primaryImageOfPage\":{\"@id\":\"https:\/\/apuntesdesanluis.com\/index.php\/2024\/10\/08\/grave-detienen-a-un-policia-y-otros-dos-hombres-por-abigeato\/#primaryimage\"},\"image\":{\"@id\":\"https:\/\/apuntesdesanluis.com\/index.php\/2024\/10\/08\/grave-detienen-a-un-policia-y-otros-dos-hombres-por-abigeato\/#primaryimage\"},\"thumbnailUrl\":\"https:\/\/apuntesdesanluis.com\/wp-content\/uploads\/2024\/10\/detenidos.jpg\",\"datePublished\":\"2024-10-08T23:57:40+00:00\",\"breadcrumb\":{\"@id\":\"https:\/\/apuntesdesanluis.com\/index.php\/2024\/10\/08\/grave-detienen-a-un-policia-y-otros-dos-hombres-por-abigeato\/#breadcrumb\"},\"inLanguage\":\"es-AR\",\"potentialAction\":[{\"@type\":\"ReadAction\",\"target\":[\"https:\/\/apuntesdesanluis.com\/index.php\/2024\/10\/08\/grave-detienen-a-un-policia-y-otros-dos-hombres-por-abigeato\/\"]}]},{\"@type\":\"ImageObject\",\"inLanguage\":\"es-AR\",\"@id\":\"https:\/\/apuntesdesanluis.com\/index.php\/2024\/10\/08\/grave-detienen-a-un-policia-y-otros-dos-hombres-por-abigeato\/#primaryimage\",\"url\":\"https:\/\/apuntesdesanluis.com\/wp-content\/uploads\/2024\/10\/detenidos.jpg\",\"contentUrl\":\"https:\/\/apuntesdesanluis.com\/wp-content\/uploads\/2024\/10\/detenidos.jpg\",\"width\":800,\"height\":442},{\"@type\":\"BreadcrumbList\",\"@id\":\"https:\/\/apuntesdesanluis.com\/index.php\/2024\/10\/08\/grave-detienen-a-un-policia-y-otros-dos-hombres-por-abigeato\/#breadcrumb\",\"itemListElement\":[{\"@type\":\"ListItem\",\"position\":1,\"name\":\"Inicio\",\"item\":\"https:\/\/apuntesdesanluis.com\/\"},{\"@type\":\"ListItem\",\"position\":2,\"name\":\"GRAVE: DETIENEN A UN POLIC\u00cdA Y OTROS DOS HOMBRES POR ABIGEATO\"}]},{\"@type\":\"WebSite\",\"@id\":\"https:\/\/apuntesdesanluis.com\/#website\",\"url\":\"https:\/\/apuntesdesanluis.com\/\",\"name\":\"Apuntes de San Luis\",\"description\":\"\",\"publisher\":{\"@id\":\"https:\/\/apuntesdesanluis.com\/#\/schema\/person\/b55151d52296fcce64d1a72538a70b90\"},\"potentialAction\":[{\"@type\":\"SearchAction\",\"target\":{\"@type\":\"EntryPoint\",\"urlTemplate\":\"https:\/\/apuntesdesanluis.com\/?s={search_term_string}\"},\"query-input\":{\"@type\":\"PropertyValueSpecification\",\"valueRequired\":true,\"valueName\":\"search_term_string\"}}],\"inLanguage\":\"es-AR\"},{\"@type\":[\"Person\",\"Organization\"],\"@id\":\"https:\/\/apuntesdesanluis.com\/#\/schema\/person\/b55151d52296fcce64d1a72538a70b90\",\"name\":\"apuntesdesanluis.com\",\"image\":{\"@type\":\"ImageObject\",\"inLanguage\":\"es-AR\",\"@id\":\"https:\/\/apuntesdesanluis.com\/#\/schema\/person\/image\/\",\"url\":\"https:\/\/apuntesdesanluis.com\/wp-content\/uploads\/2023\/07\/cropped-apuntesdesanluis.png\",\"contentUrl\":\"https:\/\/apuntesdesanluis.com\/wp-content\/uploads\/2023\/07\/cropped-apuntesdesanluis.png\",\"width\":450,\"height\":112,\"caption\":\"apuntesdesanluis.com\"},\"logo\":{\"@id\":\"https:\/\/apuntesdesanluis.com\/#\/schema\/person\/image\/\"},\"sameAs\":[\"https:\/\/apuntesdesanluis.com\"],\"url\":\"https:\/\/apuntesdesanluis.com\/index.php\/author\/apuntesdesanluis-com\/\"}]}<\/script>\n<!-- \/ Yoast SEO plugin. -->","yoast_head_json":{"title":"GRAVE: DETIENEN A UN POLIC\u00cdA Y OTROS DOS HOMBRES POR ABIGEATO - Apuntes de San Luis","robots":{"index":"index","follow":"follow","max-snippet":"max-snippet:-1","max-image-preview":"max-image-preview:large","max-video-preview":"max-video-preview:-1"},"canonical":"https:\/\/apuntesdesanluis.com\/index.php\/2024\/10\/08\/grave-detienen-a-un-policia-y-otros-dos-hombres-por-abigeato\/","og_locale":"es_ES","og_type":"article","og_title":"GRAVE: DETIENEN A UN POLIC\u00cdA Y OTROS DOS HOMBRES POR ABIGEATO - Apuntes de San Luis","og_description":"Fue este lunes por la noche, cuando personal policial realizaba operativos estrat\u00e9gicos en la zona...","og_url":"https:\/\/apuntesdesanluis.com\/index.php\/2024\/10\/08\/grave-detienen-a-un-policia-y-otros-dos-hombres-por-abigeato\/","og_site_name":"Apuntes de San Luis","article_published_time":"2024-10-08T23:57:40+00:00","og_image":[{"width":800,"height":442,"url":"https:\/\/apuntesdesanluis.com\/wp-content\/uploads\/2024\/10\/detenidos.jpg","type":"image\/jpeg"}],"author":"apuntesdesanluis.com","twitter_card":"summary_large_image","twitter_misc":{"Escrito por":"apuntesdesanluis.com","Tiempo de lectura":"2 minutos"},"schema":{"@context":"https:\/\/schema.org","@graph":[{"@type":"Article","@id":"https:\/\/apuntesdesanluis.com\/index.php\/2024\/10\/08\/grave-detienen-a-un-policia-y-otros-dos-hombres-por-abigeato\/#article","isPartOf":{"@id":"https:\/\/apuntesdesanluis.com\/index.php\/2024\/10\/08\/grave-detienen-a-un-policia-y-otros-dos-hombres-por-abigeato\/"},"author":{"name":"apuntesdesanluis.com","@id":"https:\/\/apuntesdesanluis.com\/#\/schema\/person\/b55151d52296fcce64d1a72538a70b90"},"headline":"GRAVE: DETIENEN A UN POLIC\u00cdA Y OTROS DOS HOMBRES POR ABIGEATO","datePublished":"2024-10-08T23:57:40+00:00","mainEntityOfPage":{"@id":"https:\/\/apuntesdesanluis.com\/index.php\/2024\/10\/08\/grave-detienen-a-un-policia-y-otros-dos-hombres-por-abigeato\/"},"wordCount":258,"publisher":{"@id":"https:\/\/apuntesdesanluis.com\/#\/schema\/person\/b55151d52296fcce64d1a72538a70b90"},"image":{"@id":"https:\/\/apuntesdesanluis.com\/index.php\/2024\/10\/08\/grave-detienen-a-un-policia-y-otros-dos-hombres-por-abigeato\/#primaryimage"},"thumbnailUrl":"https:\/\/apuntesdesanluis.com\/wp-content\/uploads\/2024\/10\/detenidos.jpg","articleSection":["Ciudad\/Provincia"],"inLanguage":"es-AR"},{"@type":"WebPage","@id":"https:\/\/apuntesdesanluis.com\/index.php\/2024\/10\/08\/grave-detienen-a-un-policia-y-otros-dos-hombres-por-abigeato\/","url":"https:\/\/apuntesdesanluis.com\/index.php\/2024\/10\/08\/grave-detienen-a-un-policia-y-otros-dos-hombres-por-abigeato\/","name":"GRAVE: DETIENEN A UN POLIC\u00cdA Y OTROS DOS HOMBRES POR ABIGEATO - Apuntes de San Luis","isPartOf":{"@id":"https:\/\/apuntesdesanluis.com\/#website"},"primaryImageOfPage":{"@id":"https:\/\/apuntesdesanluis.com\/index.php\/2024\/10\/08\/grave-detienen-a-un-policia-y-otros-dos-hombres-por-abigeato\/#primaryimage"},"image":{"@id":"https:\/\/apuntesdesanluis.com\/index.php\/2024\/10\/08\/grave-detienen-a-un-policia-y-otros-dos-hombres-por-abigeato\/#primaryimage"},"thumbnailUrl":"https:\/\/apuntesdesanluis.com\/wp-content\/uploads\/2024\/10\/detenidos.jpg","datePublished":"2024-10-08T23:57:40+00:00","breadcrumb":{"@id":"https:\/\/apuntesdesanluis.com\/index.php\/2024\/10\/08\/grave-detienen-a-un-policia-y-otros-dos-hombres-por-abigeato\/#breadcrumb"},"inLanguage":"es-AR","potentialAction":[{"@type":"ReadAction","target":["https:\/\/apuntesdesanluis.com\/index.php\/2024\/10\/08\/grave-detienen-a-un-policia-y-otros-dos-hombres-por-abigeato\/"]}]},{"@type":"ImageObject","inLanguage":"es-AR","@id":"https:\/\/apuntesdesanluis.com\/index.php\/2024\/10\/08\/grave-detienen-a-un-policia-y-otros-dos-hombres-por-abigeato\/#primaryimage","url":"https:\/\/apuntesdesanluis.com\/wp-content\/uploads\/2024\/10\/detenidos.jpg","contentUrl":"https:\/\/apuntesdesanluis.com\/wp-content\/uploads\/2024\/10\/detenidos.jpg","width":800,"height":442},{"@type":"BreadcrumbList","@id":"https:\/\/apuntesdesanluis.com\/index.php\/2024\/10\/08\/grave-detienen-a-un-policia-y-otros-dos-hombres-por-abigeato\/#breadcrumb","itemListElement":[{"@type":"ListItem","position":1,"name":"Inicio","item":"https:\/\/apuntesdesanluis.com\/"},{"@type":"ListItem","position":2,"name":"GRAVE: DETIENEN A UN POLIC\u00cdA Y OTROS DOS HOMBRES POR ABIGEATO"}]},{"@type":"WebSite","@id":"https:\/\/apuntesdesanluis.com\/#website","url":"https:\/\/apuntesdesanluis.com\/","name":"Apuntes de San Luis","description":"","publisher":{"@id":"https:\/\/apuntesdesanluis.com\/#\/schema\/person\/b55151d52296fcce64d1a72538a70b90"},"potentialAction":[{"@type":"SearchAction","target":{"@type":"EntryPoint","urlTemplate":"https:\/\/apuntesdesanluis.com\/?s={search_term_string}"},"query-input":{"@type":"PropertyValueSpecification","valueRequired":true,"valueName":"search_term_string"}}],"inLanguage":"es-AR"},{"@type":["Person","Organization"],"@id":"https:\/\/apuntesdesanluis.com\/#\/schema\/person\/b55151d52296fcce64d1a72538a70b90","name":"apuntesdesanluis.com","image":{"@type":"ImageObject","inLanguage":"es-AR","@id":"https:\/\/apuntesdesanluis.com\/#\/schema\/person\/image\/","url":"https:\/\/apuntesdesanluis.com\/wp-content\/uploads\/2023\/07\/cropped-apuntesdesanluis.png","contentUrl":"https:\/\/apuntesdesanluis.com\/wp-content\/uploads\/2023\/07\/cropped-apuntesdesanluis.png","width":450,"height":112,"caption":"apuntesdesanluis.com"},"logo":{"@id":"https:\/\/apuntesdesanluis.com\/#\/schema\/person\/image\/"},"sameAs":["https:\/\/apuntesdesanluis.com"],"url":"https:\/\/apuntesdesanluis.com\/index.php\/author\/apuntesdesanluis-com\/"}]}},"featured_image_urls":{"full":["https:\/\/apuntesdesanluis.com\/wp-content\/uploads\/2024\/10\/detenidos.jpg",800,442,false],"thumbnail":["https:\/\/apuntesdesanluis.com\/wp-content\/uploads\/2024\/10\/detenidos-150x150.jpg",150,150,true],"medium":["https:\/\/apuntesdesanluis.com\/wp-content\/uploads\/2024\/10\/detenidos-300x166.jpg",300,166,true],"medium_large":["https:\/\/apuntesdesanluis.com\/wp-content\/uploads\/2024\/10\/detenidos-768x424.jpg",640,353,true],"large":["https:\/\/apuntesdesanluis.com\/wp-content\/uploads\/2024\/10\/detenidos.jpg",640,354,false],"1536x1536":["https:\/\/apuntesdesanluis.com\/wp-content\/uploads\/2024\/10\/detenidos.jpg",800,442,false],"2048x2048":["https:\/\/apuntesdesanluis.com\/wp-content\/uploads\/2024\/10\/detenidos.jpg",800,442,false],"newsever-slider-full":["https:\/\/apuntesdesanluis.com\/wp-content\/uploads\/2024\/10\/detenidos.jpg",800,442,false],"newsever-featured":["https:\/\/apuntesdesanluis.com\/wp-content\/uploads\/2024\/10\/detenidos.jpg",800,442,false],"newsever-medium":["https:\/\/apuntesdesanluis.com\/wp-content\/uploads\/2024\/10\/detenidos-720x442.jpg",720,442,true]},"author_info":{"display_name":"apuntesdesanluis.com","author_link":"https:\/\/apuntesdesanluis.com\/index.php\/author\/apuntesdesanluis-com\/"},"category_info":"<a href=\"https:\/\/apuntesdesanluis.com\/index.php\/category\/ciudad-provincia\/\" rel=\"category tag\">Ciudad\/Provincia<\/a>","tag_info":"Ciudad\/Provincia","comment_count":"0","_links":{"self":[{"href":"https:\/\/apuntesdesanluis.com\/index.php\/wp-json\/wp\/v2\/posts\/23556","targetHints":{"allow":["GET"]}}],"collection":[{"href":"https:\/\/apuntesdesanluis.com\/index.php\/wp-json\/wp\/v2\/posts"}],"about":[{"href":"https:\/\/apuntesdesanluis.com\/index.php\/wp-json\/wp\/v2\/types\/post"}],"author":[{"embeddable":true,"href":"https:\/\/apuntesdesanluis.com\/index.php\/wp-json\/wp\/v2\/users\/1"}],"replies":[{"embeddable":true,"href":"https:\/\/apuntesdesanluis.com\/index.php\/wp-json\/wp\/v2\/comments?post=23556"}],"version-history":[{"count":1,"href":"https:\/\/apuntesdesanluis.com\/index.php\/wp-json\/wp\/v2\/posts\/23556\/revisions"}],"predecessor-version":[{"id":23560,"href":"https:\/\/apuntesdesanluis.com\/index.php\/wp-json\/wp\/v2\/posts\/23556\/revisions\/23560"}],"wp:featuredmedia":[{"embeddable":true,"href":"https:\/\/apuntesdesanluis.com\/index.php\/wp-json\/wp\/v2\/media\/23557"}],"wp:attachment":[{"href":"https:\/\/apuntesdesanluis.com\/index.php\/wp-json\/wp\/v2\/media?parent=23556"}],"wp:term":[{"taxonomy":"category","embeddable":true,"href":"https:\/\/apuntesdesanluis.com\/index.php\/wp-json\/wp\/v2\/categories?post=23556"},{"taxonomy":"post_tag","embeddable":true,"href":"https:\/\/apuntesdesanluis.com\/index.php\/wp-json\/wp\/v2\/tags?post=23556"}],"curies":[{"name":"wp","href":"https:\/\/api.w.org\/{rel}","templated":true}]}}