{"id":23580,"date":"2024-10-08T21:53:56","date_gmt":"2024-10-09T00:53:56","guid":{"rendered":"https:\/\/apuntesdesanluis.com\/?p=23580"},"modified":"2024-10-08T21:53:56","modified_gmt":"2024-10-09T00:53:56","slug":"decretan-feriado-puente-y-habra-otro-fin-de-semana-largo-antes-de-fin-de-ano","status":"publish","type":"post","link":"https:\/\/apuntesdesanluis.com\/index.php\/2024\/10\/08\/decretan-feriado-puente-y-habra-otro-fin-de-semana-largo-antes-de-fin-de-ano\/","title":{"rendered":"DECRETAN FERIADO PUENTE Y HABR\u00c1 OTRO FIN DE SEMANA LARGO ANTES DE FIN DE A\u00d1O"},"content":{"rendered":"<h3>Adem\u00e1s del feriado puente del viernes 11 de octubre venidero, se genera otro per\u00edodo de descanso en el pa\u00eds.<\/h3>\n<h3>Se confirm\u00f3 que el <strong>D\u00eda de la Soberan\u00eda Nacional<\/strong>, que conmemora la gesta de la Batalla de Vuelta de Obligado, ser\u00e1 decretado como feriado puente por lo que se arma un nuevo fin de semana largo en la Argentina de tres d\u00edas antes de fin de a\u00f1o.<\/h3>\n<h3>La decisi\u00f3n del Gobierno nacional se basa en la Ley N\u00b0 27.399 que establece el r\u00e9gimen de feriados nacionales y d\u00edas no laborales en la Argentina.<\/h3>\n<h3>En el art\u00edculo 6\u00b0 de esta norma figura que \u201clos feriados nacionales trasladables previstos en la citada ley cuyas fechas coincidan con los d\u00edas martes y mi\u00e9rcoles ser\u00e1n trasladados al d\u00eda lunes anterior y los que coincidan con los d\u00edas jueves y viernes, al d\u00eda lunes siguiente\u201d.<\/h3>\n<h3>De esta manera, se gener\u00f3 un fin de semana largo de tres d\u00edas que tendr\u00e1 lugar en la Argentina el s\u00e1bado 16, domingo 17 y lunes 18 de noviembre y que ser\u00e1 el \u00faltimo del a\u00f1o porque el D\u00eda de la Virgen cae el domingo 8 de diciembre y Navidad el mi\u00e9rcoles 25 de diciembre.<\/h3>\n<h3>Este fin de semana largo se suma al venidero del D\u00eda de la Diversidad Cultural, que se celebra el s\u00e1bado 12 de octubre con la antesala del viernes 11 que fue declarado como puente tur\u00edstico.<\/h3>\n<h3><strong>Todos los feriados que quedan en el a\u00f1o:<\/strong><\/h3>\n<h3>Viernes 11 de octubre: D\u00eda del Respeto a la Diversidad Cultural (feriado movible)<\/h3>\n<h3>Lunes 18 de noviembre: D\u00eda de la Soberan\u00eda Nacional (feriado movible)<\/h3>\n<h3>Domingo 8 de diciembre: D\u00eda de la Inmaculada Concepci\u00f3n de Mar\u00eda (feriado inamovible)<\/h3>\n<h3>Mi\u00e9rcoles 25 de diciembre: Navidad (feriado inamovible)<\/h3>\n<h3><strong>Fines de Semana Largos que se vienen en la Argentina:<\/strong><\/h3>\n<h3>Desde el 11 de octubre hasta el 13 de octubre: fin de semana largo de 3 d\u00edas.<\/h3>\n<h3>Desde el 16 de noviembre al 18 de noviembre: fin de semana largo de 3 d\u00edas.<\/h3>\n<p>&nbsp;<\/p>\n<p>&nbsp;<\/p>\n<p>&nbsp;<\/p>\n<p>&nbsp;<\/p>\n<p>&nbsp;<\/p>\n<p>&nbsp;<\/p>\n","protected":false},"excerpt":{"rendered":"<p>Adem\u00e1s del feriado puente del viernes 11 de octubre venidero, se genera otro per\u00edodo de&#8230;<\/p>\n","protected":false},"author":1,"featured_media":23581,"comment_status":"closed","ping_status":"closed","sticky":false,"template":"","format":"standard","meta":{"footnotes":""},"categories":[5],"tags":[],"class_list":["post-23580","post","type-post","status-publish","format-standard","has-post-thumbnail","hentry","category-nacionales-internacionales"],"yoast_head":"<!-- This site is optimized with the Yoast SEO plugin v26.1.1 - https:\/\/yoast.com\/wordpress\/plugins\/seo\/ -->\n<title>DECRETAN FERIADO PUENTE Y HABR\u00c1 OTRO FIN DE SEMANA LARGO ANTES DE FIN DE A\u00d1O - Apuntes de San Luis<\/title>\n<meta name=\"robots\" content=\"index, follow, max-snippet:-1, max-image-preview:large, max-video-preview:-1\" \/>\n<link rel=\"canonical\" href=\"https:\/\/apuntesdesanluis.com\/index.php\/2024\/10\/08\/decretan-feriado-puente-y-habra-otro-fin-de-semana-largo-antes-de-fin-de-ano\/\" \/>\n<meta property=\"og:locale\" content=\"es_ES\" \/>\n<meta property=\"og:type\" content=\"article\" \/>\n<meta property=\"og:title\" content=\"DECRETAN FERIADO PUENTE Y HABR\u00c1 OTRO FIN DE SEMANA LARGO ANTES DE FIN DE A\u00d1O - Apuntes de San Luis\" \/>\n<meta property=\"og:description\" content=\"Adem\u00e1s del feriado puente del viernes 11 de octubre venidero, se genera otro per\u00edodo de...\" \/>\n<meta property=\"og:url\" content=\"https:\/\/apuntesdesanluis.com\/index.php\/2024\/10\/08\/decretan-feriado-puente-y-habra-otro-fin-de-semana-largo-antes-de-fin-de-ano\/\" \/>\n<meta property=\"og:site_name\" content=\"Apuntes de San Luis\" \/>\n<meta property=\"article:published_time\" content=\"2024-10-09T00:53:56+00:00\" \/>\n<meta property=\"og:image\" content=\"https:\/\/apuntesdesanluis.com\/wp-content\/uploads\/2024\/10\/sierras.png\" \/>\n\t<meta property=\"og:image:width\" content=\"700\" \/>\n\t<meta property=\"og:image:height\" content=\"426\" \/>\n\t<meta property=\"og:image:type\" content=\"image\/png\" \/>\n<meta name=\"author\" content=\"apuntesdesanluis.com\" \/>\n<meta name=\"twitter:card\" content=\"summary_large_image\" \/>\n<meta name=\"twitter:label1\" content=\"Escrito por\" \/>\n\t<meta name=\"twitter:data1\" content=\"apuntesdesanluis.com\" \/>\n\t<meta name=\"twitter:label2\" content=\"Tiempo de lectura\" \/>\n\t<meta name=\"twitter:data2\" content=\"2 minutos\" \/>\n<script type=\"application\/ld+json\" class=\"yoast-schema-graph\">{\"@context\":\"https:\/\/schema.org\",\"@graph\":[{\"@type\":\"Article\",\"@id\":\"https:\/\/apuntesdesanluis.com\/index.php\/2024\/10\/08\/decretan-feriado-puente-y-habra-otro-fin-de-semana-largo-antes-de-fin-de-ano\/#article\",\"isPartOf\":{\"@id\":\"https:\/\/apuntesdesanluis.com\/index.php\/2024\/10\/08\/decretan-feriado-puente-y-habra-otro-fin-de-semana-largo-antes-de-fin-de-ano\/\"},\"author\":{\"name\":\"apuntesdesanluis.com\",\"@id\":\"https:\/\/apuntesdesanluis.com\/#\/schema\/person\/b55151d52296fcce64d1a72538a70b90\"},\"headline\":\"DECRETAN FERIADO PUENTE Y HABR\u00c1 OTRO FIN DE SEMANA LARGO ANTES DE FIN DE A\u00d1O\",\"datePublished\":\"2024-10-09T00:53:56+00:00\",\"mainEntityOfPage\":{\"@id\":\"https:\/\/apuntesdesanluis.com\/index.php\/2024\/10\/08\/decretan-feriado-puente-y-habra-otro-fin-de-semana-largo-antes-de-fin-de-ano\/\"},\"wordCount\":361,\"publisher\":{\"@id\":\"https:\/\/apuntesdesanluis.com\/#\/schema\/person\/b55151d52296fcce64d1a72538a70b90\"},\"image\":{\"@id\":\"https:\/\/apuntesdesanluis.com\/index.php\/2024\/10\/08\/decretan-feriado-puente-y-habra-otro-fin-de-semana-largo-antes-de-fin-de-ano\/#primaryimage\"},\"thumbnailUrl\":\"https:\/\/apuntesdesanluis.com\/wp-content\/uploads\/2024\/10\/sierras.png\",\"articleSection\":[\"Nacionales\/Internacionales\"],\"inLanguage\":\"es-AR\"},{\"@type\":\"WebPage\",\"@id\":\"https:\/\/apuntesdesanluis.com\/index.php\/2024\/10\/08\/decretan-feriado-puente-y-habra-otro-fin-de-semana-largo-antes-de-fin-de-ano\/\",\"url\":\"https:\/\/apuntesdesanluis.com\/index.php\/2024\/10\/08\/decretan-feriado-puente-y-habra-otro-fin-de-semana-largo-antes-de-fin-de-ano\/\",\"name\":\"DECRETAN FERIADO PUENTE Y HABR\u00c1 OTRO FIN DE SEMANA LARGO ANTES DE FIN DE A\u00d1O - Apuntes de San Luis\",\"isPartOf\":{\"@id\":\"https:\/\/apuntesdesanluis.com\/#website\"},\"primaryImageOfPage\":{\"@id\":\"https:\/\/apuntesdesanluis.com\/index.php\/2024\/10\/08\/decretan-feriado-puente-y-habra-otro-fin-de-semana-largo-antes-de-fin-de-ano\/#primaryimage\"},\"image\":{\"@id\":\"https:\/\/apuntesdesanluis.com\/index.php\/2024\/10\/08\/decretan-feriado-puente-y-habra-otro-fin-de-semana-largo-antes-de-fin-de-ano\/#primaryimage\"},\"thumbnailUrl\":\"https:\/\/apuntesdesanluis.com\/wp-content\/uploads\/2024\/10\/sierras.png\",\"datePublished\":\"2024-10-09T00:53:56+00:00\",\"breadcrumb\":{\"@id\":\"https:\/\/apuntesdesanluis.com\/index.php\/2024\/10\/08\/decretan-feriado-puente-y-habra-otro-fin-de-semana-largo-antes-de-fin-de-ano\/#breadcrumb\"},\"inLanguage\":\"es-AR\",\"potentialAction\":[{\"@type\":\"ReadAction\",\"target\":[\"https:\/\/apuntesdesanluis.com\/index.php\/2024\/10\/08\/decretan-feriado-puente-y-habra-otro-fin-de-semana-largo-antes-de-fin-de-ano\/\"]}]},{\"@type\":\"ImageObject\",\"inLanguage\":\"es-AR\",\"@id\":\"https:\/\/apuntesdesanluis.com\/index.php\/2024\/10\/08\/decretan-feriado-puente-y-habra-otro-fin-de-semana-largo-antes-de-fin-de-ano\/#primaryimage\",\"url\":\"https:\/\/apuntesdesanluis.com\/wp-content\/uploads\/2024\/10\/sierras.png\",\"contentUrl\":\"https:\/\/apuntesdesanluis.com\/wp-content\/uploads\/2024\/10\/sierras.png\",\"width\":700,\"height\":426},{\"@type\":\"BreadcrumbList\",\"@id\":\"https:\/\/apuntesdesanluis.com\/index.php\/2024\/10\/08\/decretan-feriado-puente-y-habra-otro-fin-de-semana-largo-antes-de-fin-de-ano\/#breadcrumb\",\"itemListElement\":[{\"@type\":\"ListItem\",\"position\":1,\"name\":\"Inicio\",\"item\":\"https:\/\/apuntesdesanluis.com\/\"},{\"@type\":\"ListItem\",\"position\":2,\"name\":\"DECRETAN FERIADO PUENTE Y HABR\u00c1 OTRO FIN DE SEMANA LARGO ANTES DE FIN DE A\u00d1O\"}]},{\"@type\":\"WebSite\",\"@id\":\"https:\/\/apuntesdesanluis.com\/#website\",\"url\":\"https:\/\/apuntesdesanluis.com\/\",\"name\":\"Apuntes de San Luis\",\"description\":\"\",\"publisher\":{\"@id\":\"https:\/\/apuntesdesanluis.com\/#\/schema\/person\/b55151d52296fcce64d1a72538a70b90\"},\"potentialAction\":[{\"@type\":\"SearchAction\",\"target\":{\"@type\":\"EntryPoint\",\"urlTemplate\":\"https:\/\/apuntesdesanluis.com\/?s={search_term_string}\"},\"query-input\":{\"@type\":\"PropertyValueSpecification\",\"valueRequired\":true,\"valueName\":\"search_term_string\"}}],\"inLanguage\":\"es-AR\"},{\"@type\":[\"Person\",\"Organization\"],\"@id\":\"https:\/\/apuntesdesanluis.com\/#\/schema\/person\/b55151d52296fcce64d1a72538a70b90\",\"name\":\"apuntesdesanluis.com\",\"image\":{\"@type\":\"ImageObject\",\"inLanguage\":\"es-AR\",\"@id\":\"https:\/\/apuntesdesanluis.com\/#\/schema\/person\/image\/\",\"url\":\"https:\/\/apuntesdesanluis.com\/wp-content\/uploads\/2023\/07\/cropped-apuntesdesanluis.png\",\"contentUrl\":\"https:\/\/apuntesdesanluis.com\/wp-content\/uploads\/2023\/07\/cropped-apuntesdesanluis.png\",\"width\":450,\"height\":112,\"caption\":\"apuntesdesanluis.com\"},\"logo\":{\"@id\":\"https:\/\/apuntesdesanluis.com\/#\/schema\/person\/image\/\"},\"sameAs\":[\"https:\/\/apuntesdesanluis.com\"],\"url\":\"https:\/\/apuntesdesanluis.com\/index.php\/author\/apuntesdesanluis-com\/\"}]}<\/script>\n<!-- \/ Yoast SEO plugin. -->","yoast_head_json":{"title":"DECRETAN FERIADO PUENTE Y HABR\u00c1 OTRO FIN DE SEMANA LARGO ANTES DE FIN DE A\u00d1O - Apuntes de San Luis","robots":{"index":"index","follow":"follow","max-snippet":"max-snippet:-1","max-image-preview":"max-image-preview:large","max-video-preview":"max-video-preview:-1"},"canonical":"https:\/\/apuntesdesanluis.com\/index.php\/2024\/10\/08\/decretan-feriado-puente-y-habra-otro-fin-de-semana-largo-antes-de-fin-de-ano\/","og_locale":"es_ES","og_type":"article","og_title":"DECRETAN FERIADO PUENTE Y HABR\u00c1 OTRO FIN DE SEMANA LARGO ANTES DE FIN DE A\u00d1O - Apuntes de San Luis","og_description":"Adem\u00e1s del feriado puente del viernes 11 de octubre venidero, se genera otro per\u00edodo de...","og_url":"https:\/\/apuntesdesanluis.com\/index.php\/2024\/10\/08\/decretan-feriado-puente-y-habra-otro-fin-de-semana-largo-antes-de-fin-de-ano\/","og_site_name":"Apuntes de San Luis","article_published_time":"2024-10-09T00:53:56+00:00","og_image":[{"width":700,"height":426,"url":"https:\/\/apuntesdesanluis.com\/wp-content\/uploads\/2024\/10\/sierras.png","type":"image\/png"}],"author":"apuntesdesanluis.com","twitter_card":"summary_large_image","twitter_misc":{"Escrito por":"apuntesdesanluis.com","Tiempo de lectura":"2 minutos"},"schema":{"@context":"https:\/\/schema.org","@graph":[{"@type":"Article","@id":"https:\/\/apuntesdesanluis.com\/index.php\/2024\/10\/08\/decretan-feriado-puente-y-habra-otro-fin-de-semana-largo-antes-de-fin-de-ano\/#article","isPartOf":{"@id":"https:\/\/apuntesdesanluis.com\/index.php\/2024\/10\/08\/decretan-feriado-puente-y-habra-otro-fin-de-semana-largo-antes-de-fin-de-ano\/"},"author":{"name":"apuntesdesanluis.com","@id":"https:\/\/apuntesdesanluis.com\/#\/schema\/person\/b55151d52296fcce64d1a72538a70b90"},"headline":"DECRETAN FERIADO PUENTE Y HABR\u00c1 OTRO FIN DE SEMANA LARGO ANTES DE FIN DE A\u00d1O","datePublished":"2024-10-09T00:53:56+00:00","mainEntityOfPage":{"@id":"https:\/\/apuntesdesanluis.com\/index.php\/2024\/10\/08\/decretan-feriado-puente-y-habra-otro-fin-de-semana-largo-antes-de-fin-de-ano\/"},"wordCount":361,"publisher":{"@id":"https:\/\/apuntesdesanluis.com\/#\/schema\/person\/b55151d52296fcce64d1a72538a70b90"},"image":{"@id":"https:\/\/apuntesdesanluis.com\/index.php\/2024\/10\/08\/decretan-feriado-puente-y-habra-otro-fin-de-semana-largo-antes-de-fin-de-ano\/#primaryimage"},"thumbnailUrl":"https:\/\/apuntesdesanluis.com\/wp-content\/uploads\/2024\/10\/sierras.png","articleSection":["Nacionales\/Internacionales"],"inLanguage":"es-AR"},{"@type":"WebPage","@id":"https:\/\/apuntesdesanluis.com\/index.php\/2024\/10\/08\/decretan-feriado-puente-y-habra-otro-fin-de-semana-largo-antes-de-fin-de-ano\/","url":"https:\/\/apuntesdesanluis.com\/index.php\/2024\/10\/08\/decretan-feriado-puente-y-habra-otro-fin-de-semana-largo-antes-de-fin-de-ano\/","name":"DECRETAN FERIADO PUENTE Y HABR\u00c1 OTRO FIN DE SEMANA LARGO ANTES DE FIN DE A\u00d1O - Apuntes de San Luis","isPartOf":{"@id":"https:\/\/apuntesdesanluis.com\/#website"},"primaryImageOfPage":{"@id":"https:\/\/apuntesdesanluis.com\/index.php\/2024\/10\/08\/decretan-feriado-puente-y-habra-otro-fin-de-semana-largo-antes-de-fin-de-ano\/#primaryimage"},"image":{"@id":"https:\/\/apuntesdesanluis.com\/index.php\/2024\/10\/08\/decretan-feriado-puente-y-habra-otro-fin-de-semana-largo-antes-de-fin-de-ano\/#primaryimage"},"thumbnailUrl":"https:\/\/apuntesdesanluis.com\/wp-content\/uploads\/2024\/10\/sierras.png","datePublished":"2024-10-09T00:53:56+00:00","breadcrumb":{"@id":"https:\/\/apuntesdesanluis.com\/index.php\/2024\/10\/08\/decretan-feriado-puente-y-habra-otro-fin-de-semana-largo-antes-de-fin-de-ano\/#breadcrumb"},"inLanguage":"es-AR","potentialAction":[{"@type":"ReadAction","target":["https:\/\/apuntesdesanluis.com\/index.php\/2024\/10\/08\/decretan-feriado-puente-y-habra-otro-fin-de-semana-largo-antes-de-fin-de-ano\/"]}]},{"@type":"ImageObject","inLanguage":"es-AR","@id":"https:\/\/apuntesdesanluis.com\/index.php\/2024\/10\/08\/decretan-feriado-puente-y-habra-otro-fin-de-semana-largo-antes-de-fin-de-ano\/#primaryimage","url":"https:\/\/apuntesdesanluis.com\/wp-content\/uploads\/2024\/10\/sierras.png","contentUrl":"https:\/\/apuntesdesanluis.com\/wp-content\/uploads\/2024\/10\/sierras.png","width":700,"height":426},{"@type":"BreadcrumbList","@id":"https:\/\/apuntesdesanluis.com\/index.php\/2024\/10\/08\/decretan-feriado-puente-y-habra-otro-fin-de-semana-largo-antes-de-fin-de-ano\/#breadcrumb","itemListElement":[{"@type":"ListItem","position":1,"name":"Inicio","item":"https:\/\/apuntesdesanluis.com\/"},{"@type":"ListItem","position":2,"name":"DECRETAN FERIADO PUENTE Y HABR\u00c1 OTRO FIN DE SEMANA LARGO ANTES DE FIN DE A\u00d1O"}]},{"@type":"WebSite","@id":"https:\/\/apuntesdesanluis.com\/#website","url":"https:\/\/apuntesdesanluis.com\/","name":"Apuntes de San Luis","description":"","publisher":{"@id":"https:\/\/apuntesdesanluis.com\/#\/schema\/person\/b55151d52296fcce64d1a72538a70b90"},"potentialAction":[{"@type":"SearchAction","target":{"@type":"EntryPoint","urlTemplate":"https:\/\/apuntesdesanluis.com\/?s={search_term_string}"},"query-input":{"@type":"PropertyValueSpecification","valueRequired":true,"valueName":"search_term_string"}}],"inLanguage":"es-AR"},{"@type":["Person","Organization"],"@id":"https:\/\/apuntesdesanluis.com\/#\/schema\/person\/b55151d52296fcce64d1a72538a70b90","name":"apuntesdesanluis.com","image":{"@type":"ImageObject","inLanguage":"es-AR","@id":"https:\/\/apuntesdesanluis.com\/#\/schema\/person\/image\/","url":"https:\/\/apuntesdesanluis.com\/wp-content\/uploads\/2023\/07\/cropped-apuntesdesanluis.png","contentUrl":"https:\/\/apuntesdesanluis.com\/wp-content\/uploads\/2023\/07\/cropped-apuntesdesanluis.png","width":450,"height":112,"caption":"apuntesdesanluis.com"},"logo":{"@id":"https:\/\/apuntesdesanluis.com\/#\/schema\/person\/image\/"},"sameAs":["https:\/\/apuntesdesanluis.com"],"url":"https:\/\/apuntesdesanluis.com\/index.php\/author\/apuntesdesanluis-com\/"}]}},"featured_image_urls":{"full":["https:\/\/apuntesdesanluis.com\/wp-content\/uploads\/2024\/10\/sierras.png",700,426,false],"thumbnail":["https:\/\/apuntesdesanluis.com\/wp-content\/uploads\/2024\/10\/sierras-150x150.png",150,150,true],"medium":["https:\/\/apuntesdesanluis.com\/wp-content\/uploads\/2024\/10\/sierras-300x183.png",300,183,true],"medium_large":["https:\/\/apuntesdesanluis.com\/wp-content\/uploads\/2024\/10\/sierras.png",640,389,false],"large":["https:\/\/apuntesdesanluis.com\/wp-content\/uploads\/2024\/10\/sierras.png",640,389,false],"1536x1536":["https:\/\/apuntesdesanluis.com\/wp-content\/uploads\/2024\/10\/sierras.png",700,426,false],"2048x2048":["https:\/\/apuntesdesanluis.com\/wp-content\/uploads\/2024\/10\/sierras.png",700,426,false],"newsever-slider-full":["https:\/\/apuntesdesanluis.com\/wp-content\/uploads\/2024\/10\/sierras.png",700,426,false],"newsever-featured":["https:\/\/apuntesdesanluis.com\/wp-content\/uploads\/2024\/10\/sierras.png",700,426,false],"newsever-medium":["https:\/\/apuntesdesanluis.com\/wp-content\/uploads\/2024\/10\/sierras.png",700,426,false]},"author_info":{"display_name":"apuntesdesanluis.com","author_link":"https:\/\/apuntesdesanluis.com\/index.php\/author\/apuntesdesanluis-com\/"},"category_info":"<a href=\"https:\/\/apuntesdesanluis.com\/index.php\/category\/nacionales-internacionales\/\" rel=\"category tag\">Nacionales\/Internacionales<\/a>","tag_info":"Nacionales\/Internacionales","comment_count":"0","_links":{"self":[{"href":"https:\/\/apuntesdesanluis.com\/index.php\/wp-json\/wp\/v2\/posts\/23580","targetHints":{"allow":["GET"]}}],"collection":[{"href":"https:\/\/apuntesdesanluis.com\/index.php\/wp-json\/wp\/v2\/posts"}],"about":[{"href":"https:\/\/apuntesdesanluis.com\/index.php\/wp-json\/wp\/v2\/types\/post"}],"author":[{"embeddable":true,"href":"https:\/\/apuntesdesanluis.com\/index.php\/wp-json\/wp\/v2\/users\/1"}],"replies":[{"embeddable":true,"href":"https:\/\/apuntesdesanluis.com\/index.php\/wp-json\/wp\/v2\/comments?post=23580"}],"version-history":[{"count":1,"href":"https:\/\/apuntesdesanluis.com\/index.php\/wp-json\/wp\/v2\/posts\/23580\/revisions"}],"predecessor-version":[{"id":23582,"href":"https:\/\/apuntesdesanluis.com\/index.php\/wp-json\/wp\/v2\/posts\/23580\/revisions\/23582"}],"wp:featuredmedia":[{"embeddable":true,"href":"https:\/\/apuntesdesanluis.com\/index.php\/wp-json\/wp\/v2\/media\/23581"}],"wp:attachment":[{"href":"https:\/\/apuntesdesanluis.com\/index.php\/wp-json\/wp\/v2\/media?parent=23580"}],"wp:term":[{"taxonomy":"category","embeddable":true,"href":"https:\/\/apuntesdesanluis.com\/index.php\/wp-json\/wp\/v2\/categories?post=23580"},{"taxonomy":"post_tag","embeddable":true,"href":"https:\/\/apuntesdesanluis.com\/index.php\/wp-json\/wp\/v2\/tags?post=23580"}],"curies":[{"name":"wp","href":"https:\/\/api.w.org\/{rel}","templated":true}]}}