{"id":23585,"date":"2024-10-08T22:12:44","date_gmt":"2024-10-09T01:12:44","guid":{"rendered":"https:\/\/apuntesdesanluis.com\/?p=23585"},"modified":"2024-10-08T22:12:44","modified_gmt":"2024-10-09T01:12:44","slug":"los-gremios-del-transporte-anunciaron-un-paro-general-para-el-30-de-octubre","status":"publish","type":"post","link":"https:\/\/apuntesdesanluis.com\/index.php\/2024\/10\/08\/los-gremios-del-transporte-anunciaron-un-paro-general-para-el-30-de-octubre\/","title":{"rendered":"LOS GREMIOS DEL TRANSPORTE ANUNCIARON UN PARO GENERAL PARA EL 30 DE OCTUBRE"},"content":{"rendered":"<h3>En el plenario se ausent\u00f3 la <strong>Uni\u00f3n Tranviarios Automotor (UTA)<\/strong>, lo que hace suponer que no adherir\u00e1 a la protesta.<\/h3>\n<h3>Los sindicatos del transporte de la CATT y la UGATT reprogramaron la medida que estaba prevista para el 17 octubre.<\/h3>\n<h3>En la reuni\u00f3n celebrada esta ma\u00f1ana se ausent\u00f3 la Uni\u00f3n Tranviarios Automotor (UTA), liderada por <strong>Roberto Fern\u00e1ndez<\/strong>, en plena negociaci\u00f3n salarial, lo que hace suponer que se bajar\u00e1 de la protesta.<\/h3>\n<h3>Los sindicatos del sector se volver\u00e1n a reunir este martes a las 10 en el Complejo Deportivo de la Federaci\u00f3n de Peones de Taxis, ubicado en la calle Quintino Bocayuva al 1.200, &#8220;donde tratar\u00e1n la realidad del sector y la coyuntura nacional&#8221;, se inform\u00f3.<\/h3>\n<h3>La mayor\u00eda de los integrantes de la Mesa Nacional del Transporte no ir\u00edan al plenario de este martes en la Federaci\u00f3n de Peones de Taxis. Fue lo que sucedi\u00f3, lo que permite suponer que no adherir\u00e1n al paro del 30 de octubre.<\/h3>\n<h3>En el sindicato que lidera Roberto Fern\u00e1ndez no quisieron arriesgar ning\u00fan pron\u00f3stico sobre el resultado de la negociaci\u00f3n paritaria, aunque advirtieron que los empresarios est\u00e1n preocupados por la desregulaci\u00f3n del transporte automotor de media y larga distancia anunciada este domingo por el Gobierno.<\/h3>\n<p>&nbsp;<\/p>\n<p>&nbsp;<\/p>\n<p>&nbsp;<\/p>\n<p>&nbsp;<\/p>\n<p>&nbsp;<\/p>\n<p>&nbsp;<\/p>\n","protected":false},"excerpt":{"rendered":"<p>En el plenario se ausent\u00f3 la Uni\u00f3n Tranviarios Automotor (UTA), lo que hace suponer que&#8230;<\/p>\n","protected":false},"author":1,"featured_media":23586,"comment_status":"closed","ping_status":"closed","sticky":false,"template":"","format":"standard","meta":{"footnotes":""},"categories":[5],"tags":[],"class_list":["post-23585","post","type-post","status-publish","format-standard","has-post-thumbnail","hentry","category-nacionales-internacionales"],"yoast_head":"<!-- This site is optimized with the Yoast SEO plugin v26.1.1 - https:\/\/yoast.com\/wordpress\/plugins\/seo\/ -->\n<title>LOS GREMIOS DEL TRANSPORTE ANUNCIARON UN PARO GENERAL PARA EL 30 DE OCTUBRE - Apuntes de San Luis<\/title>\n<meta name=\"robots\" content=\"index, follow, max-snippet:-1, max-image-preview:large, max-video-preview:-1\" \/>\n<link rel=\"canonical\" href=\"https:\/\/apuntesdesanluis.com\/index.php\/2024\/10\/08\/los-gremios-del-transporte-anunciaron-un-paro-general-para-el-30-de-octubre\/\" \/>\n<meta property=\"og:locale\" content=\"es_ES\" \/>\n<meta property=\"og:type\" content=\"article\" \/>\n<meta property=\"og:title\" content=\"LOS GREMIOS DEL TRANSPORTE ANUNCIARON UN PARO GENERAL PARA EL 30 DE OCTUBRE - Apuntes de San Luis\" \/>\n<meta property=\"og:description\" content=\"En el plenario se ausent\u00f3 la Uni\u00f3n Tranviarios Automotor (UTA), lo que hace suponer que...\" \/>\n<meta property=\"og:url\" content=\"https:\/\/apuntesdesanluis.com\/index.php\/2024\/10\/08\/los-gremios-del-transporte-anunciaron-un-paro-general-para-el-30-de-octubre\/\" \/>\n<meta property=\"og:site_name\" content=\"Apuntes de San Luis\" \/>\n<meta property=\"article:published_time\" content=\"2024-10-09T01:12:44+00:00\" \/>\n<meta property=\"og:image\" content=\"https:\/\/apuntesdesanluis.com\/wp-content\/uploads\/2024\/10\/gremios-del-transporte.png\" \/>\n\t<meta property=\"og:image:width\" content=\"700\" \/>\n\t<meta property=\"og:image:height\" content=\"409\" \/>\n\t<meta property=\"og:image:type\" content=\"image\/png\" \/>\n<meta name=\"author\" content=\"apuntesdesanluis.com\" \/>\n<meta name=\"twitter:card\" content=\"summary_large_image\" \/>\n<meta name=\"twitter:label1\" content=\"Escrito por\" \/>\n\t<meta name=\"twitter:data1\" content=\"apuntesdesanluis.com\" \/>\n\t<meta name=\"twitter:label2\" content=\"Tiempo de lectura\" \/>\n\t<meta name=\"twitter:data2\" content=\"2 minutos\" \/>\n<script type=\"application\/ld+json\" class=\"yoast-schema-graph\">{\"@context\":\"https:\/\/schema.org\",\"@graph\":[{\"@type\":\"Article\",\"@id\":\"https:\/\/apuntesdesanluis.com\/index.php\/2024\/10\/08\/los-gremios-del-transporte-anunciaron-un-paro-general-para-el-30-de-octubre\/#article\",\"isPartOf\":{\"@id\":\"https:\/\/apuntesdesanluis.com\/index.php\/2024\/10\/08\/los-gremios-del-transporte-anunciaron-un-paro-general-para-el-30-de-octubre\/\"},\"author\":{\"name\":\"apuntesdesanluis.com\",\"@id\":\"https:\/\/apuntesdesanluis.com\/#\/schema\/person\/b55151d52296fcce64d1a72538a70b90\"},\"headline\":\"LOS GREMIOS DEL TRANSPORTE ANUNCIARON UN PARO GENERAL PARA EL 30 DE OCTUBRE\",\"datePublished\":\"2024-10-09T01:12:44+00:00\",\"mainEntityOfPage\":{\"@id\":\"https:\/\/apuntesdesanluis.com\/index.php\/2024\/10\/08\/los-gremios-del-transporte-anunciaron-un-paro-general-para-el-30-de-octubre\/\"},\"wordCount\":233,\"publisher\":{\"@id\":\"https:\/\/apuntesdesanluis.com\/#\/schema\/person\/b55151d52296fcce64d1a72538a70b90\"},\"image\":{\"@id\":\"https:\/\/apuntesdesanluis.com\/index.php\/2024\/10\/08\/los-gremios-del-transporte-anunciaron-un-paro-general-para-el-30-de-octubre\/#primaryimage\"},\"thumbnailUrl\":\"https:\/\/apuntesdesanluis.com\/wp-content\/uploads\/2024\/10\/gremios-del-transporte.png\",\"articleSection\":[\"Nacionales\/Internacionales\"],\"inLanguage\":\"es-AR\"},{\"@type\":\"WebPage\",\"@id\":\"https:\/\/apuntesdesanluis.com\/index.php\/2024\/10\/08\/los-gremios-del-transporte-anunciaron-un-paro-general-para-el-30-de-octubre\/\",\"url\":\"https:\/\/apuntesdesanluis.com\/index.php\/2024\/10\/08\/los-gremios-del-transporte-anunciaron-un-paro-general-para-el-30-de-octubre\/\",\"name\":\"LOS GREMIOS DEL TRANSPORTE ANUNCIARON UN PARO GENERAL PARA EL 30 DE OCTUBRE - Apuntes de San Luis\",\"isPartOf\":{\"@id\":\"https:\/\/apuntesdesanluis.com\/#website\"},\"primaryImageOfPage\":{\"@id\":\"https:\/\/apuntesdesanluis.com\/index.php\/2024\/10\/08\/los-gremios-del-transporte-anunciaron-un-paro-general-para-el-30-de-octubre\/#primaryimage\"},\"image\":{\"@id\":\"https:\/\/apuntesdesanluis.com\/index.php\/2024\/10\/08\/los-gremios-del-transporte-anunciaron-un-paro-general-para-el-30-de-octubre\/#primaryimage\"},\"thumbnailUrl\":\"https:\/\/apuntesdesanluis.com\/wp-content\/uploads\/2024\/10\/gremios-del-transporte.png\",\"datePublished\":\"2024-10-09T01:12:44+00:00\",\"breadcrumb\":{\"@id\":\"https:\/\/apuntesdesanluis.com\/index.php\/2024\/10\/08\/los-gremios-del-transporte-anunciaron-un-paro-general-para-el-30-de-octubre\/#breadcrumb\"},\"inLanguage\":\"es-AR\",\"potentialAction\":[{\"@type\":\"ReadAction\",\"target\":[\"https:\/\/apuntesdesanluis.com\/index.php\/2024\/10\/08\/los-gremios-del-transporte-anunciaron-un-paro-general-para-el-30-de-octubre\/\"]}]},{\"@type\":\"ImageObject\",\"inLanguage\":\"es-AR\",\"@id\":\"https:\/\/apuntesdesanluis.com\/index.php\/2024\/10\/08\/los-gremios-del-transporte-anunciaron-un-paro-general-para-el-30-de-octubre\/#primaryimage\",\"url\":\"https:\/\/apuntesdesanluis.com\/wp-content\/uploads\/2024\/10\/gremios-del-transporte.png\",\"contentUrl\":\"https:\/\/apuntesdesanluis.com\/wp-content\/uploads\/2024\/10\/gremios-del-transporte.png\",\"width\":700,\"height\":409},{\"@type\":\"BreadcrumbList\",\"@id\":\"https:\/\/apuntesdesanluis.com\/index.php\/2024\/10\/08\/los-gremios-del-transporte-anunciaron-un-paro-general-para-el-30-de-octubre\/#breadcrumb\",\"itemListElement\":[{\"@type\":\"ListItem\",\"position\":1,\"name\":\"Inicio\",\"item\":\"https:\/\/apuntesdesanluis.com\/\"},{\"@type\":\"ListItem\",\"position\":2,\"name\":\"LOS GREMIOS DEL TRANSPORTE ANUNCIARON UN PARO GENERAL PARA EL 30 DE OCTUBRE\"}]},{\"@type\":\"WebSite\",\"@id\":\"https:\/\/apuntesdesanluis.com\/#website\",\"url\":\"https:\/\/apuntesdesanluis.com\/\",\"name\":\"Apuntes de San Luis\",\"description\":\"\",\"publisher\":{\"@id\":\"https:\/\/apuntesdesanluis.com\/#\/schema\/person\/b55151d52296fcce64d1a72538a70b90\"},\"potentialAction\":[{\"@type\":\"SearchAction\",\"target\":{\"@type\":\"EntryPoint\",\"urlTemplate\":\"https:\/\/apuntesdesanluis.com\/?s={search_term_string}\"},\"query-input\":{\"@type\":\"PropertyValueSpecification\",\"valueRequired\":true,\"valueName\":\"search_term_string\"}}],\"inLanguage\":\"es-AR\"},{\"@type\":[\"Person\",\"Organization\"],\"@id\":\"https:\/\/apuntesdesanluis.com\/#\/schema\/person\/b55151d52296fcce64d1a72538a70b90\",\"name\":\"apuntesdesanluis.com\",\"image\":{\"@type\":\"ImageObject\",\"inLanguage\":\"es-AR\",\"@id\":\"https:\/\/apuntesdesanluis.com\/#\/schema\/person\/image\/\",\"url\":\"https:\/\/apuntesdesanluis.com\/wp-content\/uploads\/2023\/07\/cropped-apuntesdesanluis.png\",\"contentUrl\":\"https:\/\/apuntesdesanluis.com\/wp-content\/uploads\/2023\/07\/cropped-apuntesdesanluis.png\",\"width\":450,\"height\":112,\"caption\":\"apuntesdesanluis.com\"},\"logo\":{\"@id\":\"https:\/\/apuntesdesanluis.com\/#\/schema\/person\/image\/\"},\"sameAs\":[\"https:\/\/apuntesdesanluis.com\"],\"url\":\"https:\/\/apuntesdesanluis.com\/index.php\/author\/apuntesdesanluis-com\/\"}]}<\/script>\n<!-- \/ Yoast SEO plugin. -->","yoast_head_json":{"title":"LOS GREMIOS DEL TRANSPORTE ANUNCIARON UN PARO GENERAL PARA EL 30 DE OCTUBRE - Apuntes de San Luis","robots":{"index":"index","follow":"follow","max-snippet":"max-snippet:-1","max-image-preview":"max-image-preview:large","max-video-preview":"max-video-preview:-1"},"canonical":"https:\/\/apuntesdesanluis.com\/index.php\/2024\/10\/08\/los-gremios-del-transporte-anunciaron-un-paro-general-para-el-30-de-octubre\/","og_locale":"es_ES","og_type":"article","og_title":"LOS GREMIOS DEL TRANSPORTE ANUNCIARON UN PARO GENERAL PARA EL 30 DE OCTUBRE - Apuntes de San Luis","og_description":"En el plenario se ausent\u00f3 la Uni\u00f3n Tranviarios Automotor (UTA), lo que hace suponer que...","og_url":"https:\/\/apuntesdesanluis.com\/index.php\/2024\/10\/08\/los-gremios-del-transporte-anunciaron-un-paro-general-para-el-30-de-octubre\/","og_site_name":"Apuntes de San Luis","article_published_time":"2024-10-09T01:12:44+00:00","og_image":[{"width":700,"height":409,"url":"https:\/\/apuntesdesanluis.com\/wp-content\/uploads\/2024\/10\/gremios-del-transporte.png","type":"image\/png"}],"author":"apuntesdesanluis.com","twitter_card":"summary_large_image","twitter_misc":{"Escrito por":"apuntesdesanluis.com","Tiempo de lectura":"2 minutos"},"schema":{"@context":"https:\/\/schema.org","@graph":[{"@type":"Article","@id":"https:\/\/apuntesdesanluis.com\/index.php\/2024\/10\/08\/los-gremios-del-transporte-anunciaron-un-paro-general-para-el-30-de-octubre\/#article","isPartOf":{"@id":"https:\/\/apuntesdesanluis.com\/index.php\/2024\/10\/08\/los-gremios-del-transporte-anunciaron-un-paro-general-para-el-30-de-octubre\/"},"author":{"name":"apuntesdesanluis.com","@id":"https:\/\/apuntesdesanluis.com\/#\/schema\/person\/b55151d52296fcce64d1a72538a70b90"},"headline":"LOS GREMIOS DEL TRANSPORTE ANUNCIARON UN PARO GENERAL PARA EL 30 DE OCTUBRE","datePublished":"2024-10-09T01:12:44+00:00","mainEntityOfPage":{"@id":"https:\/\/apuntesdesanluis.com\/index.php\/2024\/10\/08\/los-gremios-del-transporte-anunciaron-un-paro-general-para-el-30-de-octubre\/"},"wordCount":233,"publisher":{"@id":"https:\/\/apuntesdesanluis.com\/#\/schema\/person\/b55151d52296fcce64d1a72538a70b90"},"image":{"@id":"https:\/\/apuntesdesanluis.com\/index.php\/2024\/10\/08\/los-gremios-del-transporte-anunciaron-un-paro-general-para-el-30-de-octubre\/#primaryimage"},"thumbnailUrl":"https:\/\/apuntesdesanluis.com\/wp-content\/uploads\/2024\/10\/gremios-del-transporte.png","articleSection":["Nacionales\/Internacionales"],"inLanguage":"es-AR"},{"@type":"WebPage","@id":"https:\/\/apuntesdesanluis.com\/index.php\/2024\/10\/08\/los-gremios-del-transporte-anunciaron-un-paro-general-para-el-30-de-octubre\/","url":"https:\/\/apuntesdesanluis.com\/index.php\/2024\/10\/08\/los-gremios-del-transporte-anunciaron-un-paro-general-para-el-30-de-octubre\/","name":"LOS GREMIOS DEL TRANSPORTE ANUNCIARON UN PARO GENERAL PARA EL 30 DE OCTUBRE - Apuntes de San Luis","isPartOf":{"@id":"https:\/\/apuntesdesanluis.com\/#website"},"primaryImageOfPage":{"@id":"https:\/\/apuntesdesanluis.com\/index.php\/2024\/10\/08\/los-gremios-del-transporte-anunciaron-un-paro-general-para-el-30-de-octubre\/#primaryimage"},"image":{"@id":"https:\/\/apuntesdesanluis.com\/index.php\/2024\/10\/08\/los-gremios-del-transporte-anunciaron-un-paro-general-para-el-30-de-octubre\/#primaryimage"},"thumbnailUrl":"https:\/\/apuntesdesanluis.com\/wp-content\/uploads\/2024\/10\/gremios-del-transporte.png","datePublished":"2024-10-09T01:12:44+00:00","breadcrumb":{"@id":"https:\/\/apuntesdesanluis.com\/index.php\/2024\/10\/08\/los-gremios-del-transporte-anunciaron-un-paro-general-para-el-30-de-octubre\/#breadcrumb"},"inLanguage":"es-AR","potentialAction":[{"@type":"ReadAction","target":["https:\/\/apuntesdesanluis.com\/index.php\/2024\/10\/08\/los-gremios-del-transporte-anunciaron-un-paro-general-para-el-30-de-octubre\/"]}]},{"@type":"ImageObject","inLanguage":"es-AR","@id":"https:\/\/apuntesdesanluis.com\/index.php\/2024\/10\/08\/los-gremios-del-transporte-anunciaron-un-paro-general-para-el-30-de-octubre\/#primaryimage","url":"https:\/\/apuntesdesanluis.com\/wp-content\/uploads\/2024\/10\/gremios-del-transporte.png","contentUrl":"https:\/\/apuntesdesanluis.com\/wp-content\/uploads\/2024\/10\/gremios-del-transporte.png","width":700,"height":409},{"@type":"BreadcrumbList","@id":"https:\/\/apuntesdesanluis.com\/index.php\/2024\/10\/08\/los-gremios-del-transporte-anunciaron-un-paro-general-para-el-30-de-octubre\/#breadcrumb","itemListElement":[{"@type":"ListItem","position":1,"name":"Inicio","item":"https:\/\/apuntesdesanluis.com\/"},{"@type":"ListItem","position":2,"name":"LOS GREMIOS DEL TRANSPORTE ANUNCIARON UN PARO GENERAL PARA EL 30 DE OCTUBRE"}]},{"@type":"WebSite","@id":"https:\/\/apuntesdesanluis.com\/#website","url":"https:\/\/apuntesdesanluis.com\/","name":"Apuntes de San Luis","description":"","publisher":{"@id":"https:\/\/apuntesdesanluis.com\/#\/schema\/person\/b55151d52296fcce64d1a72538a70b90"},"potentialAction":[{"@type":"SearchAction","target":{"@type":"EntryPoint","urlTemplate":"https:\/\/apuntesdesanluis.com\/?s={search_term_string}"},"query-input":{"@type":"PropertyValueSpecification","valueRequired":true,"valueName":"search_term_string"}}],"inLanguage":"es-AR"},{"@type":["Person","Organization"],"@id":"https:\/\/apuntesdesanluis.com\/#\/schema\/person\/b55151d52296fcce64d1a72538a70b90","name":"apuntesdesanluis.com","image":{"@type":"ImageObject","inLanguage":"es-AR","@id":"https:\/\/apuntesdesanluis.com\/#\/schema\/person\/image\/","url":"https:\/\/apuntesdesanluis.com\/wp-content\/uploads\/2023\/07\/cropped-apuntesdesanluis.png","contentUrl":"https:\/\/apuntesdesanluis.com\/wp-content\/uploads\/2023\/07\/cropped-apuntesdesanluis.png","width":450,"height":112,"caption":"apuntesdesanluis.com"},"logo":{"@id":"https:\/\/apuntesdesanluis.com\/#\/schema\/person\/image\/"},"sameAs":["https:\/\/apuntesdesanluis.com"],"url":"https:\/\/apuntesdesanluis.com\/index.php\/author\/apuntesdesanluis-com\/"}]}},"featured_image_urls":{"full":["https:\/\/apuntesdesanluis.com\/wp-content\/uploads\/2024\/10\/gremios-del-transporte.png",700,409,false],"thumbnail":["https:\/\/apuntesdesanluis.com\/wp-content\/uploads\/2024\/10\/gremios-del-transporte-150x150.png",150,150,true],"medium":["https:\/\/apuntesdesanluis.com\/wp-content\/uploads\/2024\/10\/gremios-del-transporte-300x175.png",300,175,true],"medium_large":["https:\/\/apuntesdesanluis.com\/wp-content\/uploads\/2024\/10\/gremios-del-transporte.png",640,374,false],"large":["https:\/\/apuntesdesanluis.com\/wp-content\/uploads\/2024\/10\/gremios-del-transporte.png",640,374,false],"1536x1536":["https:\/\/apuntesdesanluis.com\/wp-content\/uploads\/2024\/10\/gremios-del-transporte.png",700,409,false],"2048x2048":["https:\/\/apuntesdesanluis.com\/wp-content\/uploads\/2024\/10\/gremios-del-transporte.png",700,409,false],"newsever-slider-full":["https:\/\/apuntesdesanluis.com\/wp-content\/uploads\/2024\/10\/gremios-del-transporte.png",700,409,false],"newsever-featured":["https:\/\/apuntesdesanluis.com\/wp-content\/uploads\/2024\/10\/gremios-del-transporte.png",700,409,false],"newsever-medium":["https:\/\/apuntesdesanluis.com\/wp-content\/uploads\/2024\/10\/gremios-del-transporte.png",700,409,false]},"author_info":{"display_name":"apuntesdesanluis.com","author_link":"https:\/\/apuntesdesanluis.com\/index.php\/author\/apuntesdesanluis-com\/"},"category_info":"<a href=\"https:\/\/apuntesdesanluis.com\/index.php\/category\/nacionales-internacionales\/\" rel=\"category tag\">Nacionales\/Internacionales<\/a>","tag_info":"Nacionales\/Internacionales","comment_count":"0","_links":{"self":[{"href":"https:\/\/apuntesdesanluis.com\/index.php\/wp-json\/wp\/v2\/posts\/23585","targetHints":{"allow":["GET"]}}],"collection":[{"href":"https:\/\/apuntesdesanluis.com\/index.php\/wp-json\/wp\/v2\/posts"}],"about":[{"href":"https:\/\/apuntesdesanluis.com\/index.php\/wp-json\/wp\/v2\/types\/post"}],"author":[{"embeddable":true,"href":"https:\/\/apuntesdesanluis.com\/index.php\/wp-json\/wp\/v2\/users\/1"}],"replies":[{"embeddable":true,"href":"https:\/\/apuntesdesanluis.com\/index.php\/wp-json\/wp\/v2\/comments?post=23585"}],"version-history":[{"count":1,"href":"https:\/\/apuntesdesanluis.com\/index.php\/wp-json\/wp\/v2\/posts\/23585\/revisions"}],"predecessor-version":[{"id":23587,"href":"https:\/\/apuntesdesanluis.com\/index.php\/wp-json\/wp\/v2\/posts\/23585\/revisions\/23587"}],"wp:featuredmedia":[{"embeddable":true,"href":"https:\/\/apuntesdesanluis.com\/index.php\/wp-json\/wp\/v2\/media\/23586"}],"wp:attachment":[{"href":"https:\/\/apuntesdesanluis.com\/index.php\/wp-json\/wp\/v2\/media?parent=23585"}],"wp:term":[{"taxonomy":"category","embeddable":true,"href":"https:\/\/apuntesdesanluis.com\/index.php\/wp-json\/wp\/v2\/categories?post=23585"},{"taxonomy":"post_tag","embeddable":true,"href":"https:\/\/apuntesdesanluis.com\/index.php\/wp-json\/wp\/v2\/tags?post=23585"}],"curies":[{"name":"wp","href":"https:\/\/api.w.org\/{rel}","templated":true}]}}