{"id":23590,"date":"2024-10-08T22:27:22","date_gmt":"2024-10-09T01:27:22","guid":{"rendered":"https:\/\/apuntesdesanluis.com\/?p=23590"},"modified":"2024-10-08T22:27:49","modified_gmt":"2024-10-09T01:27:49","slug":"veto-a-la-ley-de-financiamiento-universitario-el-gobierno-anuncio-que-actualizara-la-garantia-salarial-docente","status":"publish","type":"post","link":"https:\/\/apuntesdesanluis.com\/index.php\/2024\/10\/08\/veto-a-la-ley-de-financiamiento-universitario-el-gobierno-anuncio-que-actualizara-la-garantia-salarial-docente\/","title":{"rendered":"VETO A LA LEY DE FINANCIAMIENTO UNIVERSITARIO: EL GOBIERNO ANUNCI\u00d3 QUE ACTUALIZAR\u00c1 LA GARANT\u00cdA SALARIAL DOCENTE"},"content":{"rendered":"<h3>El Gobierno Nacional, a trav\u00e9s del Ministerio de Capital Humano, anunci\u00f3 este martes que actualizar\u00e1 la garant\u00eda salarial docente del sistema universitario, con retroactividad a abril. Ocurre antes de que en el Congreso debate la ratificaci\u00f3n del veto que el presidente <strong>Javier Milei<\/strong> le dio al aumento del presupuesto para universidades.<\/h3>\n<h3>&#8220;El Ministerio de Capital Humano, a trav\u00e9s de la Secretar\u00eda de Educaci\u00f3n, informa que se proceder\u00e1 a la actualizaci\u00f3n de la garant\u00eda salarial docente del sistema universitario con retroactividad a abril de 2024, para asegurar un salario de bolsillo m\u00ednimo por cada cargo docente, luego de descontar los aportes obligatorios&#8221;, informaron este martes por la noche desde la cartera que encabeza Sandra Pettovello.<\/h3>\n<h3>Y agregaron, explicando el alcance de la medida: &#8220;Esto significa que, si un docente tiene dos cargos, percibir\u00e1 el salario m\u00ednimos por cada uno de ellos&#8221;.<\/h3>\n<h3>Por otro lado, agregaron que frente a consultas recibidas, tienen la intenci\u00f3n futura de &#8220;hacer extensivo el pago de la garant\u00eda salarial retroactiva al convenio no docente&#8221;.<\/h3>\n<p><img fetchpriority=\"high\" decoding=\"async\" class=\"wp-image-23356 aligncenter\" src=\"https:\/\/apuntesdesanluis.com\/wp-content\/uploads\/2024\/10\/segunda-marcha-federal-300x152.png\" alt=\"\" width=\"768\" height=\"389\" srcset=\"https:\/\/apuntesdesanluis.com\/wp-content\/uploads\/2024\/10\/segunda-marcha-federal-300x152.png 300w, https:\/\/apuntesdesanluis.com\/wp-content\/uploads\/2024\/10\/segunda-marcha-federal-1024x520.png 1024w, https:\/\/apuntesdesanluis.com\/wp-content\/uploads\/2024\/10\/segunda-marcha-federal-768x390.png 768w, https:\/\/apuntesdesanluis.com\/wp-content\/uploads\/2024\/10\/segunda-marcha-federal.png 1147w\" sizes=\"(max-width: 768px) 100vw, 768px\" \/><\/p>\n<h4 style=\"text-align: center;\"><em>Imagen de la marcha universitaria del 2 de octubre pasado.<\/em><\/h4>\n<h3>Este mi\u00e9rcoles, la C\u00e1mara de Diputados va a debatir el veto a la ley de Financiamiento Universitario, en una votaci\u00f3n que se asoma cerrada, con el oficialismo tratando de volver a juntar los votos para ratificar el rechazo al aumento de jubilaciones.<\/h3>\n<h3>En ese contexto, este martes Capital Humano anunci\u00f3 que aplicar\u00eda por decreto un aumento de 6,8% a docentes y no docentes universitarios, indicando que \u201cesta medida llevar\u00e1 el salario universitario a niveles equivalentes al Sistema Nacional de Empleo P\u00fablico\u201d.<\/h3>\n<h3>En disputa con los gremios docentes, que hab\u00edan rechazado por bajo ese aumento, desde la cartera expresaron: \u201cPese al rechazo gremial, se otorgar\u00e1 el mayor aumento acumulado a este mes dentro del Estado Nacional, en l\u00ednea con el compromiso de priorizar el salario sobre las disputas pol\u00edticas\u201d.<\/h3>\n<h3>El incremento se desglosar\u00e1 en un 5,8% adicional al 1% ya acordado para el personal de las Universidades Nacionales en el mes de octubre. Adem\u00e1s, el gobierno pondr\u00e1 en marcha la Garant\u00eda Salarial Docente para las categor\u00edas m\u00e1s bajas.<\/h3>\n<h3><strong>EL APOYO DEL PRO A MILEI<\/strong><\/h3>\n<h3>Mientras busca sumar apoyos para blindar el veto, el Gobierno recibi\u00f3 este martes una ratificaci\u00f3n que esperaba con ansias: el apoyo del PRO en Diputados. Desde el partido amarillo que preside <strong>Mauricio Macri<\/strong> indicaron que aportar\u00e1n los votos para frenar la ofensiva de la oposici\u00f3n, al menos de la mayor\u00eda del bloque. Solamente \u00c1lvaro Gonz\u00e1lez y H\u00e9ctor Baldassi votar\u00e1n con la oposici\u00f3n, mientras que H\u00e9ctor Stefani estar\u00e1 ausente.<\/h3>\n<p><img decoding=\"async\" class=\"wp-image-5966 aligncenter\" src=\"https:\/\/apuntesdesanluis.com\/wp-content\/uploads\/2023\/10\/macri-1-300x175.png\" alt=\"\" width=\"703\" height=\"410\" srcset=\"https:\/\/apuntesdesanluis.com\/wp-content\/uploads\/2023\/10\/macri-1-300x175.png 300w, https:\/\/apuntesdesanluis.com\/wp-content\/uploads\/2023\/10\/macri-1.png 600w\" sizes=\"(max-width: 703px) 100vw, 703px\" \/><\/p>\n<h3>A trav\u00e9s de un comunicado titulado \u201cSeremos consecuentes con nuestra votaci\u00f3n anterior\u201d, la bancada que preside Cristian Ritondo valor\u00f3 que el Gobierno haya escuchado los &#8220;pedidos en relaci\u00f3n a mejorar la propuesta salarial a los docentes&#8221;. \u201cEl Bloque PRO va a acompa\u00f1ar la decisi\u00f3n del veto presidencial con respecto al presupuesto universitario que ser\u00e1 tratado este mi\u00e9rcoles en la Sesi\u00f3n Especial solicitada en la C\u00e1mara de Diputados\u201d, indic\u00f3 en el texto.<\/h3>\n<h3>\u201cEl PRO siempre estuvo a favor de la educaci\u00f3n p\u00fablica y lo continuaremos sosteniendo en el tiempo. No cuestionamos la autonom\u00eda universitaria, su acceso ni su funcionamiento sino que, por el contrario, las promovemos. Creemos que es importante que se auditen las cuentas de las universidades, que se rindan cuentas de cara a la sociedad para que todos puedan conocer el detalle la inversi\u00f3n que se destina a la educaci\u00f3n superior\u201d, se\u00f1alaron.<\/h3>\n<h3>El pasado mi\u00e9rcoles 2 de octubre se llevaron a cabo en distintos puntos del pa\u00eds manifestaciones masivas en favor de las universidades p\u00fablicas, donde se reclam\u00f3 mayor financiamiento y tambi\u00e9n mejores salarios. Horas despu\u00e9s, Milei vet\u00f3 la ley como hab\u00eda prometido. Fue entonces cuando bloques de diputados pidieron debatir el rechazo a la medida. Para lograr dejarlo sin efecto, deber\u00e1n juntar dos tercios de los presentes.<\/h3>\n<p>&nbsp;<\/p>\n<p>&nbsp;<\/p>\n<p>&nbsp;<\/p>\n<p>&nbsp;<\/p>\n<p>&nbsp;<\/p>\n<p>&nbsp;<\/p>\n","protected":false},"excerpt":{"rendered":"<p>El Gobierno Nacional, a trav\u00e9s del Ministerio de Capital Humano, anunci\u00f3 este martes que actualizar\u00e1&#8230;<\/p>\n","protected":false},"author":1,"featured_media":23591,"comment_status":"closed","ping_status":"closed","sticky":false,"template":"","format":"standard","meta":{"footnotes":""},"categories":[5],"tags":[],"class_list":["post-23590","post","type-post","status-publish","format-standard","has-post-thumbnail","hentry","category-nacionales-internacionales"],"yoast_head":"<!-- This site is optimized with the Yoast SEO plugin v26.1.1 - https:\/\/yoast.com\/wordpress\/plugins\/seo\/ -->\n<title>VETO A LA LEY DE FINANCIAMIENTO UNIVERSITARIO: EL GOBIERNO ANUNCI\u00d3 QUE ACTUALIZAR\u00c1 LA GARANT\u00cdA SALARIAL DOCENTE - Apuntes de San Luis<\/title>\n<meta name=\"robots\" content=\"index, follow, max-snippet:-1, max-image-preview:large, max-video-preview:-1\" \/>\n<link rel=\"canonical\" href=\"https:\/\/apuntesdesanluis.com\/index.php\/2024\/10\/08\/veto-a-la-ley-de-financiamiento-universitario-el-gobierno-anuncio-que-actualizara-la-garantia-salarial-docente\/\" \/>\n<meta property=\"og:locale\" content=\"es_ES\" \/>\n<meta property=\"og:type\" content=\"article\" \/>\n<meta property=\"og:title\" content=\"VETO A LA LEY DE FINANCIAMIENTO UNIVERSITARIO: EL GOBIERNO ANUNCI\u00d3 QUE ACTUALIZAR\u00c1 LA GARANT\u00cdA SALARIAL DOCENTE - Apuntes de San Luis\" \/>\n<meta property=\"og:description\" content=\"El Gobierno Nacional, a trav\u00e9s del Ministerio de Capital Humano, anunci\u00f3 este martes que actualizar\u00e1...\" \/>\n<meta property=\"og:url\" content=\"https:\/\/apuntesdesanluis.com\/index.php\/2024\/10\/08\/veto-a-la-ley-de-financiamiento-universitario-el-gobierno-anuncio-que-actualizara-la-garantia-salarial-docente\/\" \/>\n<meta property=\"og:site_name\" content=\"Apuntes de San Luis\" \/>\n<meta property=\"article:published_time\" content=\"2024-10-09T01:27:22+00:00\" \/>\n<meta property=\"article:modified_time\" content=\"2024-10-09T01:27:49+00:00\" \/>\n<meta property=\"og:image\" content=\"https:\/\/apuntesdesanluis.com\/wp-content\/uploads\/2024\/10\/EDUCACION-PUBLICA-2.png\" \/>\n\t<meta property=\"og:image:width\" content=\"676\" \/>\n\t<meta property=\"og:image:height\" content=\"392\" \/>\n\t<meta property=\"og:image:type\" content=\"image\/png\" \/>\n<meta name=\"author\" content=\"apuntesdesanluis.com\" \/>\n<meta name=\"twitter:card\" content=\"summary_large_image\" \/>\n<meta name=\"twitter:label1\" content=\"Escrito por\" \/>\n\t<meta name=\"twitter:data1\" content=\"apuntesdesanluis.com\" \/>\n\t<meta name=\"twitter:label2\" content=\"Tiempo de lectura\" \/>\n\t<meta name=\"twitter:data2\" content=\"4 minutos\" \/>\n<script type=\"application\/ld+json\" class=\"yoast-schema-graph\">{\"@context\":\"https:\/\/schema.org\",\"@graph\":[{\"@type\":\"Article\",\"@id\":\"https:\/\/apuntesdesanluis.com\/index.php\/2024\/10\/08\/veto-a-la-ley-de-financiamiento-universitario-el-gobierno-anuncio-que-actualizara-la-garantia-salarial-docente\/#article\",\"isPartOf\":{\"@id\":\"https:\/\/apuntesdesanluis.com\/index.php\/2024\/10\/08\/veto-a-la-ley-de-financiamiento-universitario-el-gobierno-anuncio-que-actualizara-la-garantia-salarial-docente\/\"},\"author\":{\"name\":\"apuntesdesanluis.com\",\"@id\":\"https:\/\/apuntesdesanluis.com\/#\/schema\/person\/b55151d52296fcce64d1a72538a70b90\"},\"headline\":\"VETO A LA LEY DE FINANCIAMIENTO UNIVERSITARIO: EL GOBIERNO ANUNCI\u00d3 QUE ACTUALIZAR\u00c1 LA GARANT\u00cdA SALARIAL DOCENTE\",\"datePublished\":\"2024-10-09T01:27:22+00:00\",\"dateModified\":\"2024-10-09T01:27:49+00:00\",\"mainEntityOfPage\":{\"@id\":\"https:\/\/apuntesdesanluis.com\/index.php\/2024\/10\/08\/veto-a-la-ley-de-financiamiento-universitario-el-gobierno-anuncio-que-actualizara-la-garantia-salarial-docente\/\"},\"wordCount\":698,\"publisher\":{\"@id\":\"https:\/\/apuntesdesanluis.com\/#\/schema\/person\/b55151d52296fcce64d1a72538a70b90\"},\"image\":{\"@id\":\"https:\/\/apuntesdesanluis.com\/index.php\/2024\/10\/08\/veto-a-la-ley-de-financiamiento-universitario-el-gobierno-anuncio-que-actualizara-la-garantia-salarial-docente\/#primaryimage\"},\"thumbnailUrl\":\"https:\/\/apuntesdesanluis.com\/wp-content\/uploads\/2024\/10\/EDUCACION-PUBLICA-2.png\",\"articleSection\":[\"Nacionales\/Internacionales\"],\"inLanguage\":\"es-AR\"},{\"@type\":\"WebPage\",\"@id\":\"https:\/\/apuntesdesanluis.com\/index.php\/2024\/10\/08\/veto-a-la-ley-de-financiamiento-universitario-el-gobierno-anuncio-que-actualizara-la-garantia-salarial-docente\/\",\"url\":\"https:\/\/apuntesdesanluis.com\/index.php\/2024\/10\/08\/veto-a-la-ley-de-financiamiento-universitario-el-gobierno-anuncio-que-actualizara-la-garantia-salarial-docente\/\",\"name\":\"VETO A LA LEY DE FINANCIAMIENTO UNIVERSITARIO: EL GOBIERNO ANUNCI\u00d3 QUE ACTUALIZAR\u00c1 LA GARANT\u00cdA SALARIAL DOCENTE - Apuntes de San Luis\",\"isPartOf\":{\"@id\":\"https:\/\/apuntesdesanluis.com\/#website\"},\"primaryImageOfPage\":{\"@id\":\"https:\/\/apuntesdesanluis.com\/index.php\/2024\/10\/08\/veto-a-la-ley-de-financiamiento-universitario-el-gobierno-anuncio-que-actualizara-la-garantia-salarial-docente\/#primaryimage\"},\"image\":{\"@id\":\"https:\/\/apuntesdesanluis.com\/index.php\/2024\/10\/08\/veto-a-la-ley-de-financiamiento-universitario-el-gobierno-anuncio-que-actualizara-la-garantia-salarial-docente\/#primaryimage\"},\"thumbnailUrl\":\"https:\/\/apuntesdesanluis.com\/wp-content\/uploads\/2024\/10\/EDUCACION-PUBLICA-2.png\",\"datePublished\":\"2024-10-09T01:27:22+00:00\",\"dateModified\":\"2024-10-09T01:27:49+00:00\",\"breadcrumb\":{\"@id\":\"https:\/\/apuntesdesanluis.com\/index.php\/2024\/10\/08\/veto-a-la-ley-de-financiamiento-universitario-el-gobierno-anuncio-que-actualizara-la-garantia-salarial-docente\/#breadcrumb\"},\"inLanguage\":\"es-AR\",\"potentialAction\":[{\"@type\":\"ReadAction\",\"target\":[\"https:\/\/apuntesdesanluis.com\/index.php\/2024\/10\/08\/veto-a-la-ley-de-financiamiento-universitario-el-gobierno-anuncio-que-actualizara-la-garantia-salarial-docente\/\"]}]},{\"@type\":\"ImageObject\",\"inLanguage\":\"es-AR\",\"@id\":\"https:\/\/apuntesdesanluis.com\/index.php\/2024\/10\/08\/veto-a-la-ley-de-financiamiento-universitario-el-gobierno-anuncio-que-actualizara-la-garantia-salarial-docente\/#primaryimage\",\"url\":\"https:\/\/apuntesdesanluis.com\/wp-content\/uploads\/2024\/10\/EDUCACION-PUBLICA-2.png\",\"contentUrl\":\"https:\/\/apuntesdesanluis.com\/wp-content\/uploads\/2024\/10\/EDUCACION-PUBLICA-2.png\",\"width\":676,\"height\":392},{\"@type\":\"BreadcrumbList\",\"@id\":\"https:\/\/apuntesdesanluis.com\/index.php\/2024\/10\/08\/veto-a-la-ley-de-financiamiento-universitario-el-gobierno-anuncio-que-actualizara-la-garantia-salarial-docente\/#breadcrumb\",\"itemListElement\":[{\"@type\":\"ListItem\",\"position\":1,\"name\":\"Inicio\",\"item\":\"https:\/\/apuntesdesanluis.com\/\"},{\"@type\":\"ListItem\",\"position\":2,\"name\":\"VETO A LA LEY DE FINANCIAMIENTO UNIVERSITARIO: EL GOBIERNO ANUNCI\u00d3 QUE ACTUALIZAR\u00c1 LA GARANT\u00cdA SALARIAL DOCENTE\"}]},{\"@type\":\"WebSite\",\"@id\":\"https:\/\/apuntesdesanluis.com\/#website\",\"url\":\"https:\/\/apuntesdesanluis.com\/\",\"name\":\"Apuntes de San Luis\",\"description\":\"\",\"publisher\":{\"@id\":\"https:\/\/apuntesdesanluis.com\/#\/schema\/person\/b55151d52296fcce64d1a72538a70b90\"},\"potentialAction\":[{\"@type\":\"SearchAction\",\"target\":{\"@type\":\"EntryPoint\",\"urlTemplate\":\"https:\/\/apuntesdesanluis.com\/?s={search_term_string}\"},\"query-input\":{\"@type\":\"PropertyValueSpecification\",\"valueRequired\":true,\"valueName\":\"search_term_string\"}}],\"inLanguage\":\"es-AR\"},{\"@type\":[\"Person\",\"Organization\"],\"@id\":\"https:\/\/apuntesdesanluis.com\/#\/schema\/person\/b55151d52296fcce64d1a72538a70b90\",\"name\":\"apuntesdesanluis.com\",\"image\":{\"@type\":\"ImageObject\",\"inLanguage\":\"es-AR\",\"@id\":\"https:\/\/apuntesdesanluis.com\/#\/schema\/person\/image\/\",\"url\":\"https:\/\/apuntesdesanluis.com\/wp-content\/uploads\/2023\/07\/cropped-apuntesdesanluis.png\",\"contentUrl\":\"https:\/\/apuntesdesanluis.com\/wp-content\/uploads\/2023\/07\/cropped-apuntesdesanluis.png\",\"width\":450,\"height\":112,\"caption\":\"apuntesdesanluis.com\"},\"logo\":{\"@id\":\"https:\/\/apuntesdesanluis.com\/#\/schema\/person\/image\/\"},\"sameAs\":[\"https:\/\/apuntesdesanluis.com\"],\"url\":\"https:\/\/apuntesdesanluis.com\/index.php\/author\/apuntesdesanluis-com\/\"}]}<\/script>\n<!-- \/ Yoast SEO plugin. -->","yoast_head_json":{"title":"VETO A LA LEY DE FINANCIAMIENTO UNIVERSITARIO: EL GOBIERNO ANUNCI\u00d3 QUE ACTUALIZAR\u00c1 LA GARANT\u00cdA SALARIAL DOCENTE - Apuntes de San Luis","robots":{"index":"index","follow":"follow","max-snippet":"max-snippet:-1","max-image-preview":"max-image-preview:large","max-video-preview":"max-video-preview:-1"},"canonical":"https:\/\/apuntesdesanluis.com\/index.php\/2024\/10\/08\/veto-a-la-ley-de-financiamiento-universitario-el-gobierno-anuncio-que-actualizara-la-garantia-salarial-docente\/","og_locale":"es_ES","og_type":"article","og_title":"VETO A LA LEY DE FINANCIAMIENTO UNIVERSITARIO: EL GOBIERNO ANUNCI\u00d3 QUE ACTUALIZAR\u00c1 LA GARANT\u00cdA SALARIAL DOCENTE - Apuntes de San Luis","og_description":"El Gobierno Nacional, a trav\u00e9s del Ministerio de Capital Humano, anunci\u00f3 este martes que actualizar\u00e1...","og_url":"https:\/\/apuntesdesanluis.com\/index.php\/2024\/10\/08\/veto-a-la-ley-de-financiamiento-universitario-el-gobierno-anuncio-que-actualizara-la-garantia-salarial-docente\/","og_site_name":"Apuntes de San Luis","article_published_time":"2024-10-09T01:27:22+00:00","article_modified_time":"2024-10-09T01:27:49+00:00","og_image":[{"width":676,"height":392,"url":"https:\/\/apuntesdesanluis.com\/wp-content\/uploads\/2024\/10\/EDUCACION-PUBLICA-2.png","type":"image\/png"}],"author":"apuntesdesanluis.com","twitter_card":"summary_large_image","twitter_misc":{"Escrito por":"apuntesdesanluis.com","Tiempo de lectura":"4 minutos"},"schema":{"@context":"https:\/\/schema.org","@graph":[{"@type":"Article","@id":"https:\/\/apuntesdesanluis.com\/index.php\/2024\/10\/08\/veto-a-la-ley-de-financiamiento-universitario-el-gobierno-anuncio-que-actualizara-la-garantia-salarial-docente\/#article","isPartOf":{"@id":"https:\/\/apuntesdesanluis.com\/index.php\/2024\/10\/08\/veto-a-la-ley-de-financiamiento-universitario-el-gobierno-anuncio-que-actualizara-la-garantia-salarial-docente\/"},"author":{"name":"apuntesdesanluis.com","@id":"https:\/\/apuntesdesanluis.com\/#\/schema\/person\/b55151d52296fcce64d1a72538a70b90"},"headline":"VETO A LA LEY DE FINANCIAMIENTO UNIVERSITARIO: EL GOBIERNO ANUNCI\u00d3 QUE ACTUALIZAR\u00c1 LA GARANT\u00cdA SALARIAL DOCENTE","datePublished":"2024-10-09T01:27:22+00:00","dateModified":"2024-10-09T01:27:49+00:00","mainEntityOfPage":{"@id":"https:\/\/apuntesdesanluis.com\/index.php\/2024\/10\/08\/veto-a-la-ley-de-financiamiento-universitario-el-gobierno-anuncio-que-actualizara-la-garantia-salarial-docente\/"},"wordCount":698,"publisher":{"@id":"https:\/\/apuntesdesanluis.com\/#\/schema\/person\/b55151d52296fcce64d1a72538a70b90"},"image":{"@id":"https:\/\/apuntesdesanluis.com\/index.php\/2024\/10\/08\/veto-a-la-ley-de-financiamiento-universitario-el-gobierno-anuncio-que-actualizara-la-garantia-salarial-docente\/#primaryimage"},"thumbnailUrl":"https:\/\/apuntesdesanluis.com\/wp-content\/uploads\/2024\/10\/EDUCACION-PUBLICA-2.png","articleSection":["Nacionales\/Internacionales"],"inLanguage":"es-AR"},{"@type":"WebPage","@id":"https:\/\/apuntesdesanluis.com\/index.php\/2024\/10\/08\/veto-a-la-ley-de-financiamiento-universitario-el-gobierno-anuncio-que-actualizara-la-garantia-salarial-docente\/","url":"https:\/\/apuntesdesanluis.com\/index.php\/2024\/10\/08\/veto-a-la-ley-de-financiamiento-universitario-el-gobierno-anuncio-que-actualizara-la-garantia-salarial-docente\/","name":"VETO A LA LEY DE FINANCIAMIENTO UNIVERSITARIO: EL GOBIERNO ANUNCI\u00d3 QUE ACTUALIZAR\u00c1 LA GARANT\u00cdA SALARIAL DOCENTE - Apuntes de San Luis","isPartOf":{"@id":"https:\/\/apuntesdesanluis.com\/#website"},"primaryImageOfPage":{"@id":"https:\/\/apuntesdesanluis.com\/index.php\/2024\/10\/08\/veto-a-la-ley-de-financiamiento-universitario-el-gobierno-anuncio-que-actualizara-la-garantia-salarial-docente\/#primaryimage"},"image":{"@id":"https:\/\/apuntesdesanluis.com\/index.php\/2024\/10\/08\/veto-a-la-ley-de-financiamiento-universitario-el-gobierno-anuncio-que-actualizara-la-garantia-salarial-docente\/#primaryimage"},"thumbnailUrl":"https:\/\/apuntesdesanluis.com\/wp-content\/uploads\/2024\/10\/EDUCACION-PUBLICA-2.png","datePublished":"2024-10-09T01:27:22+00:00","dateModified":"2024-10-09T01:27:49+00:00","breadcrumb":{"@id":"https:\/\/apuntesdesanluis.com\/index.php\/2024\/10\/08\/veto-a-la-ley-de-financiamiento-universitario-el-gobierno-anuncio-que-actualizara-la-garantia-salarial-docente\/#breadcrumb"},"inLanguage":"es-AR","potentialAction":[{"@type":"ReadAction","target":["https:\/\/apuntesdesanluis.com\/index.php\/2024\/10\/08\/veto-a-la-ley-de-financiamiento-universitario-el-gobierno-anuncio-que-actualizara-la-garantia-salarial-docente\/"]}]},{"@type":"ImageObject","inLanguage":"es-AR","@id":"https:\/\/apuntesdesanluis.com\/index.php\/2024\/10\/08\/veto-a-la-ley-de-financiamiento-universitario-el-gobierno-anuncio-que-actualizara-la-garantia-salarial-docente\/#primaryimage","url":"https:\/\/apuntesdesanluis.com\/wp-content\/uploads\/2024\/10\/EDUCACION-PUBLICA-2.png","contentUrl":"https:\/\/apuntesdesanluis.com\/wp-content\/uploads\/2024\/10\/EDUCACION-PUBLICA-2.png","width":676,"height":392},{"@type":"BreadcrumbList","@id":"https:\/\/apuntesdesanluis.com\/index.php\/2024\/10\/08\/veto-a-la-ley-de-financiamiento-universitario-el-gobierno-anuncio-que-actualizara-la-garantia-salarial-docente\/#breadcrumb","itemListElement":[{"@type":"ListItem","position":1,"name":"Inicio","item":"https:\/\/apuntesdesanluis.com\/"},{"@type":"ListItem","position":2,"name":"VETO A LA LEY DE FINANCIAMIENTO UNIVERSITARIO: EL GOBIERNO ANUNCI\u00d3 QUE ACTUALIZAR\u00c1 LA GARANT\u00cdA SALARIAL DOCENTE"}]},{"@type":"WebSite","@id":"https:\/\/apuntesdesanluis.com\/#website","url":"https:\/\/apuntesdesanluis.com\/","name":"Apuntes de San Luis","description":"","publisher":{"@id":"https:\/\/apuntesdesanluis.com\/#\/schema\/person\/b55151d52296fcce64d1a72538a70b90"},"potentialAction":[{"@type":"SearchAction","target":{"@type":"EntryPoint","urlTemplate":"https:\/\/apuntesdesanluis.com\/?s={search_term_string}"},"query-input":{"@type":"PropertyValueSpecification","valueRequired":true,"valueName":"search_term_string"}}],"inLanguage":"es-AR"},{"@type":["Person","Organization"],"@id":"https:\/\/apuntesdesanluis.com\/#\/schema\/person\/b55151d52296fcce64d1a72538a70b90","name":"apuntesdesanluis.com","image":{"@type":"ImageObject","inLanguage":"es-AR","@id":"https:\/\/apuntesdesanluis.com\/#\/schema\/person\/image\/","url":"https:\/\/apuntesdesanluis.com\/wp-content\/uploads\/2023\/07\/cropped-apuntesdesanluis.png","contentUrl":"https:\/\/apuntesdesanluis.com\/wp-content\/uploads\/2023\/07\/cropped-apuntesdesanluis.png","width":450,"height":112,"caption":"apuntesdesanluis.com"},"logo":{"@id":"https:\/\/apuntesdesanluis.com\/#\/schema\/person\/image\/"},"sameAs":["https:\/\/apuntesdesanluis.com"],"url":"https:\/\/apuntesdesanluis.com\/index.php\/author\/apuntesdesanluis-com\/"}]}},"featured_image_urls":{"full":["https:\/\/apuntesdesanluis.com\/wp-content\/uploads\/2024\/10\/EDUCACION-PUBLICA-2.png",676,392,false],"thumbnail":["https:\/\/apuntesdesanluis.com\/wp-content\/uploads\/2024\/10\/EDUCACION-PUBLICA-2-150x150.png",150,150,true],"medium":["https:\/\/apuntesdesanluis.com\/wp-content\/uploads\/2024\/10\/EDUCACION-PUBLICA-2-300x174.png",300,174,true],"medium_large":["https:\/\/apuntesdesanluis.com\/wp-content\/uploads\/2024\/10\/EDUCACION-PUBLICA-2.png",640,371,false],"large":["https:\/\/apuntesdesanluis.com\/wp-content\/uploads\/2024\/10\/EDUCACION-PUBLICA-2.png",640,371,false],"1536x1536":["https:\/\/apuntesdesanluis.com\/wp-content\/uploads\/2024\/10\/EDUCACION-PUBLICA-2.png",676,392,false],"2048x2048":["https:\/\/apuntesdesanluis.com\/wp-content\/uploads\/2024\/10\/EDUCACION-PUBLICA-2.png",676,392,false],"newsever-slider-full":["https:\/\/apuntesdesanluis.com\/wp-content\/uploads\/2024\/10\/EDUCACION-PUBLICA-2.png",676,392,false],"newsever-featured":["https:\/\/apuntesdesanluis.com\/wp-content\/uploads\/2024\/10\/EDUCACION-PUBLICA-2.png",676,392,false],"newsever-medium":["https:\/\/apuntesdesanluis.com\/wp-content\/uploads\/2024\/10\/EDUCACION-PUBLICA-2.png",676,392,false]},"author_info":{"display_name":"apuntesdesanluis.com","author_link":"https:\/\/apuntesdesanluis.com\/index.php\/author\/apuntesdesanluis-com\/"},"category_info":"<a href=\"https:\/\/apuntesdesanluis.com\/index.php\/category\/nacionales-internacionales\/\" rel=\"category tag\">Nacionales\/Internacionales<\/a>","tag_info":"Nacionales\/Internacionales","comment_count":"0","_links":{"self":[{"href":"https:\/\/apuntesdesanluis.com\/index.php\/wp-json\/wp\/v2\/posts\/23590","targetHints":{"allow":["GET"]}}],"collection":[{"href":"https:\/\/apuntesdesanluis.com\/index.php\/wp-json\/wp\/v2\/posts"}],"about":[{"href":"https:\/\/apuntesdesanluis.com\/index.php\/wp-json\/wp\/v2\/types\/post"}],"author":[{"embeddable":true,"href":"https:\/\/apuntesdesanluis.com\/index.php\/wp-json\/wp\/v2\/users\/1"}],"replies":[{"embeddable":true,"href":"https:\/\/apuntesdesanluis.com\/index.php\/wp-json\/wp\/v2\/comments?post=23590"}],"version-history":[{"count":2,"href":"https:\/\/apuntesdesanluis.com\/index.php\/wp-json\/wp\/v2\/posts\/23590\/revisions"}],"predecessor-version":[{"id":23593,"href":"https:\/\/apuntesdesanluis.com\/index.php\/wp-json\/wp\/v2\/posts\/23590\/revisions\/23593"}],"wp:featuredmedia":[{"embeddable":true,"href":"https:\/\/apuntesdesanluis.com\/index.php\/wp-json\/wp\/v2\/media\/23591"}],"wp:attachment":[{"href":"https:\/\/apuntesdesanluis.com\/index.php\/wp-json\/wp\/v2\/media?parent=23590"}],"wp:term":[{"taxonomy":"category","embeddable":true,"href":"https:\/\/apuntesdesanluis.com\/index.php\/wp-json\/wp\/v2\/categories?post=23590"},{"taxonomy":"post_tag","embeddable":true,"href":"https:\/\/apuntesdesanluis.com\/index.php\/wp-json\/wp\/v2\/tags?post=23590"}],"curies":[{"name":"wp","href":"https:\/\/api.w.org\/{rel}","templated":true}]}}