{"id":23598,"date":"2024-10-09T20:45:31","date_gmt":"2024-10-09T23:45:31","guid":{"rendered":"https:\/\/apuntesdesanluis.com\/?p=23598"},"modified":"2024-10-09T20:45:31","modified_gmt":"2024-10-09T23:45:31","slug":"rebelde-el-hombre-continuara-detenido-por-violar-la-restriccion-perimetral","status":"publish","type":"post","link":"https:\/\/apuntesdesanluis.com\/index.php\/2024\/10\/09\/rebelde-el-hombre-continuara-detenido-por-violar-la-restriccion-perimetral\/","title":{"rendered":"REBELDE EL HOMBRE: CONTINUAR\u00c1 DETENIDO POR VIOLAR LA RESTRICCI\u00d3N PERIMETRAL"},"content":{"rendered":"<h3>La Fiscal\u00eda formul\u00f3 cargos a un hombre por el delito de desobediencia a una orden judicial. El hecho ocurri\u00f3 el pasado 6 de octubre, cuando el imputado se present\u00f3 en el domicilio de la madre de sus hijos. Fue aprehendido a 300 metros del lugar.<\/h3>\n<h3>La audiencia se desarroll\u00f3 el martes en el Juzgado de Garant\u00eda N\u00ba 4 de la Segunda Circunscripci\u00f3n Judicial.<\/h3>\n<h3>El Fiscal mencion\u00f3 que sobre el hombre se encuentran vigentes medidas de restricci\u00f3n del fuero familia y penal. Tiene prohibiciones de acercamiento respecto de sus hijos menores de edad y la madre.<\/h3>\n<h3>La Defensa expres\u00f3 que va a plantear una excepci\u00f3n por falta de acci\u00f3n y solicit\u00f3 la pr\u00f3rroga de detenci\u00f3n por ocho d\u00edas para aportar pruebas.<\/h3>\n<h3>El Juez de Garant\u00eda N\u00ba 4 admiti\u00f3 la formulaci\u00f3n de cargos de manera provisoria y de esta manera dar inicio a la investigaci\u00f3n penal preparatoria y concedi\u00f3 la pr\u00f3rroga de detenci\u00f3n solicitada por la defensa.<\/h3>\n<h3>En representaci\u00f3n del Ministerio P\u00fablico Fiscal intervino el Dr. Marcelo Palacio Fern\u00e1ndez, como Defensor actu\u00f3 el Dr. Gonzalo Estrada. La secretaria interviniente, Dra. Daniela L\u00f3pez Martin.<\/h3>\n<p>&nbsp;<\/p>\n<p>&nbsp;<\/p>\n<p>&nbsp;<\/p>\n<h3><\/h3>\n<p>&nbsp;<\/p>\n<p>&nbsp;<\/p>\n","protected":false},"excerpt":{"rendered":"<p>La Fiscal\u00eda formul\u00f3 cargos a un hombre por el delito de desobediencia a una orden&#8230;<\/p>\n","protected":false},"author":1,"featured_media":23599,"comment_status":"closed","ping_status":"closed","sticky":false,"template":"","format":"standard","meta":{"footnotes":""},"categories":[6],"tags":[],"class_list":["post-23598","post","type-post","status-publish","format-standard","has-post-thumbnail","hentry","category-ciudad-provincia"],"yoast_head":"<!-- This site is optimized with the Yoast SEO plugin v26.1.1 - https:\/\/yoast.com\/wordpress\/plugins\/seo\/ -->\n<title>REBELDE EL HOMBRE: CONTINUAR\u00c1 DETENIDO POR VIOLAR LA RESTRICCI\u00d3N PERIMETRAL - Apuntes de San Luis<\/title>\n<meta name=\"robots\" content=\"index, follow, max-snippet:-1, max-image-preview:large, max-video-preview:-1\" \/>\n<link rel=\"canonical\" href=\"https:\/\/apuntesdesanluis.com\/index.php\/2024\/10\/09\/rebelde-el-hombre-continuara-detenido-por-violar-la-restriccion-perimetral\/\" \/>\n<meta property=\"og:locale\" content=\"es_ES\" \/>\n<meta property=\"og:type\" content=\"article\" \/>\n<meta property=\"og:title\" content=\"REBELDE EL HOMBRE: CONTINUAR\u00c1 DETENIDO POR VIOLAR LA RESTRICCI\u00d3N PERIMETRAL - Apuntes de San Luis\" \/>\n<meta property=\"og:description\" content=\"La Fiscal\u00eda formul\u00f3 cargos a un hombre por el delito de desobediencia a una orden...\" \/>\n<meta property=\"og:url\" content=\"https:\/\/apuntesdesanluis.com\/index.php\/2024\/10\/09\/rebelde-el-hombre-continuara-detenido-por-violar-la-restriccion-perimetral\/\" \/>\n<meta property=\"og:site_name\" content=\"Apuntes de San Luis\" \/>\n<meta property=\"article:published_time\" content=\"2024-10-09T23:45:31+00:00\" \/>\n<meta property=\"og:image\" content=\"https:\/\/apuntesdesanluis.com\/wp-content\/uploads\/2024\/10\/juez-ortiz.png\" \/>\n\t<meta property=\"og:image:width\" content=\"700\" \/>\n\t<meta property=\"og:image:height\" content=\"440\" \/>\n\t<meta property=\"og:image:type\" content=\"image\/png\" \/>\n<meta name=\"author\" content=\"apuntesdesanluis.com\" \/>\n<meta name=\"twitter:card\" content=\"summary_large_image\" \/>\n<meta name=\"twitter:label1\" content=\"Escrito por\" \/>\n\t<meta name=\"twitter:data1\" content=\"apuntesdesanluis.com\" \/>\n\t<meta name=\"twitter:label2\" content=\"Tiempo de lectura\" \/>\n\t<meta name=\"twitter:data2\" content=\"2 minutos\" \/>\n<script type=\"application\/ld+json\" class=\"yoast-schema-graph\">{\"@context\":\"https:\/\/schema.org\",\"@graph\":[{\"@type\":\"Article\",\"@id\":\"https:\/\/apuntesdesanluis.com\/index.php\/2024\/10\/09\/rebelde-el-hombre-continuara-detenido-por-violar-la-restriccion-perimetral\/#article\",\"isPartOf\":{\"@id\":\"https:\/\/apuntesdesanluis.com\/index.php\/2024\/10\/09\/rebelde-el-hombre-continuara-detenido-por-violar-la-restriccion-perimetral\/\"},\"author\":{\"name\":\"apuntesdesanluis.com\",\"@id\":\"https:\/\/apuntesdesanluis.com\/#\/schema\/person\/b55151d52296fcce64d1a72538a70b90\"},\"headline\":\"REBELDE EL HOMBRE: CONTINUAR\u00c1 DETENIDO POR VIOLAR LA RESTRICCI\u00d3N PERIMETRAL\",\"datePublished\":\"2024-10-09T23:45:31+00:00\",\"mainEntityOfPage\":{\"@id\":\"https:\/\/apuntesdesanluis.com\/index.php\/2024\/10\/09\/rebelde-el-hombre-continuara-detenido-por-violar-la-restriccion-perimetral\/\"},\"wordCount\":211,\"publisher\":{\"@id\":\"https:\/\/apuntesdesanluis.com\/#\/schema\/person\/b55151d52296fcce64d1a72538a70b90\"},\"image\":{\"@id\":\"https:\/\/apuntesdesanluis.com\/index.php\/2024\/10\/09\/rebelde-el-hombre-continuara-detenido-por-violar-la-restriccion-perimetral\/#primaryimage\"},\"thumbnailUrl\":\"https:\/\/apuntesdesanluis.com\/wp-content\/uploads\/2024\/10\/juez-ortiz.png\",\"articleSection\":[\"Ciudad\/Provincia\"],\"inLanguage\":\"es-AR\"},{\"@type\":\"WebPage\",\"@id\":\"https:\/\/apuntesdesanluis.com\/index.php\/2024\/10\/09\/rebelde-el-hombre-continuara-detenido-por-violar-la-restriccion-perimetral\/\",\"url\":\"https:\/\/apuntesdesanluis.com\/index.php\/2024\/10\/09\/rebelde-el-hombre-continuara-detenido-por-violar-la-restriccion-perimetral\/\",\"name\":\"REBELDE EL HOMBRE: CONTINUAR\u00c1 DETENIDO POR VIOLAR LA RESTRICCI\u00d3N PERIMETRAL - Apuntes de San Luis\",\"isPartOf\":{\"@id\":\"https:\/\/apuntesdesanluis.com\/#website\"},\"primaryImageOfPage\":{\"@id\":\"https:\/\/apuntesdesanluis.com\/index.php\/2024\/10\/09\/rebelde-el-hombre-continuara-detenido-por-violar-la-restriccion-perimetral\/#primaryimage\"},\"image\":{\"@id\":\"https:\/\/apuntesdesanluis.com\/index.php\/2024\/10\/09\/rebelde-el-hombre-continuara-detenido-por-violar-la-restriccion-perimetral\/#primaryimage\"},\"thumbnailUrl\":\"https:\/\/apuntesdesanluis.com\/wp-content\/uploads\/2024\/10\/juez-ortiz.png\",\"datePublished\":\"2024-10-09T23:45:31+00:00\",\"breadcrumb\":{\"@id\":\"https:\/\/apuntesdesanluis.com\/index.php\/2024\/10\/09\/rebelde-el-hombre-continuara-detenido-por-violar-la-restriccion-perimetral\/#breadcrumb\"},\"inLanguage\":\"es-AR\",\"potentialAction\":[{\"@type\":\"ReadAction\",\"target\":[\"https:\/\/apuntesdesanluis.com\/index.php\/2024\/10\/09\/rebelde-el-hombre-continuara-detenido-por-violar-la-restriccion-perimetral\/\"]}]},{\"@type\":\"ImageObject\",\"inLanguage\":\"es-AR\",\"@id\":\"https:\/\/apuntesdesanluis.com\/index.php\/2024\/10\/09\/rebelde-el-hombre-continuara-detenido-por-violar-la-restriccion-perimetral\/#primaryimage\",\"url\":\"https:\/\/apuntesdesanluis.com\/wp-content\/uploads\/2024\/10\/juez-ortiz.png\",\"contentUrl\":\"https:\/\/apuntesdesanluis.com\/wp-content\/uploads\/2024\/10\/juez-ortiz.png\",\"width\":700,\"height\":440},{\"@type\":\"BreadcrumbList\",\"@id\":\"https:\/\/apuntesdesanluis.com\/index.php\/2024\/10\/09\/rebelde-el-hombre-continuara-detenido-por-violar-la-restriccion-perimetral\/#breadcrumb\",\"itemListElement\":[{\"@type\":\"ListItem\",\"position\":1,\"name\":\"Inicio\",\"item\":\"https:\/\/apuntesdesanluis.com\/\"},{\"@type\":\"ListItem\",\"position\":2,\"name\":\"REBELDE EL HOMBRE: CONTINUAR\u00c1 DETENIDO POR VIOLAR LA RESTRICCI\u00d3N PERIMETRAL\"}]},{\"@type\":\"WebSite\",\"@id\":\"https:\/\/apuntesdesanluis.com\/#website\",\"url\":\"https:\/\/apuntesdesanluis.com\/\",\"name\":\"Apuntes de San Luis\",\"description\":\"\",\"publisher\":{\"@id\":\"https:\/\/apuntesdesanluis.com\/#\/schema\/person\/b55151d52296fcce64d1a72538a70b90\"},\"potentialAction\":[{\"@type\":\"SearchAction\",\"target\":{\"@type\":\"EntryPoint\",\"urlTemplate\":\"https:\/\/apuntesdesanluis.com\/?s={search_term_string}\"},\"query-input\":{\"@type\":\"PropertyValueSpecification\",\"valueRequired\":true,\"valueName\":\"search_term_string\"}}],\"inLanguage\":\"es-AR\"},{\"@type\":[\"Person\",\"Organization\"],\"@id\":\"https:\/\/apuntesdesanluis.com\/#\/schema\/person\/b55151d52296fcce64d1a72538a70b90\",\"name\":\"apuntesdesanluis.com\",\"image\":{\"@type\":\"ImageObject\",\"inLanguage\":\"es-AR\",\"@id\":\"https:\/\/apuntesdesanluis.com\/#\/schema\/person\/image\/\",\"url\":\"https:\/\/apuntesdesanluis.com\/wp-content\/uploads\/2023\/07\/cropped-apuntesdesanluis.png\",\"contentUrl\":\"https:\/\/apuntesdesanluis.com\/wp-content\/uploads\/2023\/07\/cropped-apuntesdesanluis.png\",\"width\":450,\"height\":112,\"caption\":\"apuntesdesanluis.com\"},\"logo\":{\"@id\":\"https:\/\/apuntesdesanluis.com\/#\/schema\/person\/image\/\"},\"sameAs\":[\"https:\/\/apuntesdesanluis.com\"],\"url\":\"https:\/\/apuntesdesanluis.com\/index.php\/author\/apuntesdesanluis-com\/\"}]}<\/script>\n<!-- \/ Yoast SEO plugin. -->","yoast_head_json":{"title":"REBELDE EL HOMBRE: CONTINUAR\u00c1 DETENIDO POR VIOLAR LA RESTRICCI\u00d3N PERIMETRAL - Apuntes de San Luis","robots":{"index":"index","follow":"follow","max-snippet":"max-snippet:-1","max-image-preview":"max-image-preview:large","max-video-preview":"max-video-preview:-1"},"canonical":"https:\/\/apuntesdesanluis.com\/index.php\/2024\/10\/09\/rebelde-el-hombre-continuara-detenido-por-violar-la-restriccion-perimetral\/","og_locale":"es_ES","og_type":"article","og_title":"REBELDE EL HOMBRE: CONTINUAR\u00c1 DETENIDO POR VIOLAR LA RESTRICCI\u00d3N PERIMETRAL - Apuntes de San Luis","og_description":"La Fiscal\u00eda formul\u00f3 cargos a un hombre por el delito de desobediencia a una orden...","og_url":"https:\/\/apuntesdesanluis.com\/index.php\/2024\/10\/09\/rebelde-el-hombre-continuara-detenido-por-violar-la-restriccion-perimetral\/","og_site_name":"Apuntes de San Luis","article_published_time":"2024-10-09T23:45:31+00:00","og_image":[{"width":700,"height":440,"url":"https:\/\/apuntesdesanluis.com\/wp-content\/uploads\/2024\/10\/juez-ortiz.png","type":"image\/png"}],"author":"apuntesdesanluis.com","twitter_card":"summary_large_image","twitter_misc":{"Escrito por":"apuntesdesanluis.com","Tiempo de lectura":"2 minutos"},"schema":{"@context":"https:\/\/schema.org","@graph":[{"@type":"Article","@id":"https:\/\/apuntesdesanluis.com\/index.php\/2024\/10\/09\/rebelde-el-hombre-continuara-detenido-por-violar-la-restriccion-perimetral\/#article","isPartOf":{"@id":"https:\/\/apuntesdesanluis.com\/index.php\/2024\/10\/09\/rebelde-el-hombre-continuara-detenido-por-violar-la-restriccion-perimetral\/"},"author":{"name":"apuntesdesanluis.com","@id":"https:\/\/apuntesdesanluis.com\/#\/schema\/person\/b55151d52296fcce64d1a72538a70b90"},"headline":"REBELDE EL HOMBRE: CONTINUAR\u00c1 DETENIDO POR VIOLAR LA RESTRICCI\u00d3N PERIMETRAL","datePublished":"2024-10-09T23:45:31+00:00","mainEntityOfPage":{"@id":"https:\/\/apuntesdesanluis.com\/index.php\/2024\/10\/09\/rebelde-el-hombre-continuara-detenido-por-violar-la-restriccion-perimetral\/"},"wordCount":211,"publisher":{"@id":"https:\/\/apuntesdesanluis.com\/#\/schema\/person\/b55151d52296fcce64d1a72538a70b90"},"image":{"@id":"https:\/\/apuntesdesanluis.com\/index.php\/2024\/10\/09\/rebelde-el-hombre-continuara-detenido-por-violar-la-restriccion-perimetral\/#primaryimage"},"thumbnailUrl":"https:\/\/apuntesdesanluis.com\/wp-content\/uploads\/2024\/10\/juez-ortiz.png","articleSection":["Ciudad\/Provincia"],"inLanguage":"es-AR"},{"@type":"WebPage","@id":"https:\/\/apuntesdesanluis.com\/index.php\/2024\/10\/09\/rebelde-el-hombre-continuara-detenido-por-violar-la-restriccion-perimetral\/","url":"https:\/\/apuntesdesanluis.com\/index.php\/2024\/10\/09\/rebelde-el-hombre-continuara-detenido-por-violar-la-restriccion-perimetral\/","name":"REBELDE EL HOMBRE: CONTINUAR\u00c1 DETENIDO POR VIOLAR LA RESTRICCI\u00d3N PERIMETRAL - Apuntes de San Luis","isPartOf":{"@id":"https:\/\/apuntesdesanluis.com\/#website"},"primaryImageOfPage":{"@id":"https:\/\/apuntesdesanluis.com\/index.php\/2024\/10\/09\/rebelde-el-hombre-continuara-detenido-por-violar-la-restriccion-perimetral\/#primaryimage"},"image":{"@id":"https:\/\/apuntesdesanluis.com\/index.php\/2024\/10\/09\/rebelde-el-hombre-continuara-detenido-por-violar-la-restriccion-perimetral\/#primaryimage"},"thumbnailUrl":"https:\/\/apuntesdesanluis.com\/wp-content\/uploads\/2024\/10\/juez-ortiz.png","datePublished":"2024-10-09T23:45:31+00:00","breadcrumb":{"@id":"https:\/\/apuntesdesanluis.com\/index.php\/2024\/10\/09\/rebelde-el-hombre-continuara-detenido-por-violar-la-restriccion-perimetral\/#breadcrumb"},"inLanguage":"es-AR","potentialAction":[{"@type":"ReadAction","target":["https:\/\/apuntesdesanluis.com\/index.php\/2024\/10\/09\/rebelde-el-hombre-continuara-detenido-por-violar-la-restriccion-perimetral\/"]}]},{"@type":"ImageObject","inLanguage":"es-AR","@id":"https:\/\/apuntesdesanluis.com\/index.php\/2024\/10\/09\/rebelde-el-hombre-continuara-detenido-por-violar-la-restriccion-perimetral\/#primaryimage","url":"https:\/\/apuntesdesanluis.com\/wp-content\/uploads\/2024\/10\/juez-ortiz.png","contentUrl":"https:\/\/apuntesdesanluis.com\/wp-content\/uploads\/2024\/10\/juez-ortiz.png","width":700,"height":440},{"@type":"BreadcrumbList","@id":"https:\/\/apuntesdesanluis.com\/index.php\/2024\/10\/09\/rebelde-el-hombre-continuara-detenido-por-violar-la-restriccion-perimetral\/#breadcrumb","itemListElement":[{"@type":"ListItem","position":1,"name":"Inicio","item":"https:\/\/apuntesdesanluis.com\/"},{"@type":"ListItem","position":2,"name":"REBELDE EL HOMBRE: CONTINUAR\u00c1 DETENIDO POR VIOLAR LA RESTRICCI\u00d3N PERIMETRAL"}]},{"@type":"WebSite","@id":"https:\/\/apuntesdesanluis.com\/#website","url":"https:\/\/apuntesdesanluis.com\/","name":"Apuntes de San Luis","description":"","publisher":{"@id":"https:\/\/apuntesdesanluis.com\/#\/schema\/person\/b55151d52296fcce64d1a72538a70b90"},"potentialAction":[{"@type":"SearchAction","target":{"@type":"EntryPoint","urlTemplate":"https:\/\/apuntesdesanluis.com\/?s={search_term_string}"},"query-input":{"@type":"PropertyValueSpecification","valueRequired":true,"valueName":"search_term_string"}}],"inLanguage":"es-AR"},{"@type":["Person","Organization"],"@id":"https:\/\/apuntesdesanluis.com\/#\/schema\/person\/b55151d52296fcce64d1a72538a70b90","name":"apuntesdesanluis.com","image":{"@type":"ImageObject","inLanguage":"es-AR","@id":"https:\/\/apuntesdesanluis.com\/#\/schema\/person\/image\/","url":"https:\/\/apuntesdesanluis.com\/wp-content\/uploads\/2023\/07\/cropped-apuntesdesanluis.png","contentUrl":"https:\/\/apuntesdesanluis.com\/wp-content\/uploads\/2023\/07\/cropped-apuntesdesanluis.png","width":450,"height":112,"caption":"apuntesdesanluis.com"},"logo":{"@id":"https:\/\/apuntesdesanluis.com\/#\/schema\/person\/image\/"},"sameAs":["https:\/\/apuntesdesanluis.com"],"url":"https:\/\/apuntesdesanluis.com\/index.php\/author\/apuntesdesanluis-com\/"}]}},"featured_image_urls":{"full":["https:\/\/apuntesdesanluis.com\/wp-content\/uploads\/2024\/10\/juez-ortiz.png",700,440,false],"thumbnail":["https:\/\/apuntesdesanluis.com\/wp-content\/uploads\/2024\/10\/juez-ortiz-150x150.png",150,150,true],"medium":["https:\/\/apuntesdesanluis.com\/wp-content\/uploads\/2024\/10\/juez-ortiz-300x189.png",300,189,true],"medium_large":["https:\/\/apuntesdesanluis.com\/wp-content\/uploads\/2024\/10\/juez-ortiz.png",640,402,false],"large":["https:\/\/apuntesdesanluis.com\/wp-content\/uploads\/2024\/10\/juez-ortiz.png",640,402,false],"1536x1536":["https:\/\/apuntesdesanluis.com\/wp-content\/uploads\/2024\/10\/juez-ortiz.png",700,440,false],"2048x2048":["https:\/\/apuntesdesanluis.com\/wp-content\/uploads\/2024\/10\/juez-ortiz.png",700,440,false],"newsever-slider-full":["https:\/\/apuntesdesanluis.com\/wp-content\/uploads\/2024\/10\/juez-ortiz.png",700,440,false],"newsever-featured":["https:\/\/apuntesdesanluis.com\/wp-content\/uploads\/2024\/10\/juez-ortiz.png",700,440,false],"newsever-medium":["https:\/\/apuntesdesanluis.com\/wp-content\/uploads\/2024\/10\/juez-ortiz.png",700,440,false]},"author_info":{"display_name":"apuntesdesanluis.com","author_link":"https:\/\/apuntesdesanluis.com\/index.php\/author\/apuntesdesanluis-com\/"},"category_info":"<a href=\"https:\/\/apuntesdesanluis.com\/index.php\/category\/ciudad-provincia\/\" rel=\"category tag\">Ciudad\/Provincia<\/a>","tag_info":"Ciudad\/Provincia","comment_count":"0","_links":{"self":[{"href":"https:\/\/apuntesdesanluis.com\/index.php\/wp-json\/wp\/v2\/posts\/23598","targetHints":{"allow":["GET"]}}],"collection":[{"href":"https:\/\/apuntesdesanluis.com\/index.php\/wp-json\/wp\/v2\/posts"}],"about":[{"href":"https:\/\/apuntesdesanluis.com\/index.php\/wp-json\/wp\/v2\/types\/post"}],"author":[{"embeddable":true,"href":"https:\/\/apuntesdesanluis.com\/index.php\/wp-json\/wp\/v2\/users\/1"}],"replies":[{"embeddable":true,"href":"https:\/\/apuntesdesanluis.com\/index.php\/wp-json\/wp\/v2\/comments?post=23598"}],"version-history":[{"count":1,"href":"https:\/\/apuntesdesanluis.com\/index.php\/wp-json\/wp\/v2\/posts\/23598\/revisions"}],"predecessor-version":[{"id":23600,"href":"https:\/\/apuntesdesanluis.com\/index.php\/wp-json\/wp\/v2\/posts\/23598\/revisions\/23600"}],"wp:featuredmedia":[{"embeddable":true,"href":"https:\/\/apuntesdesanluis.com\/index.php\/wp-json\/wp\/v2\/media\/23599"}],"wp:attachment":[{"href":"https:\/\/apuntesdesanluis.com\/index.php\/wp-json\/wp\/v2\/media?parent=23598"}],"wp:term":[{"taxonomy":"category","embeddable":true,"href":"https:\/\/apuntesdesanluis.com\/index.php\/wp-json\/wp\/v2\/categories?post=23598"},{"taxonomy":"post_tag","embeddable":true,"href":"https:\/\/apuntesdesanluis.com\/index.php\/wp-json\/wp\/v2\/tags?post=23598"}],"curies":[{"name":"wp","href":"https:\/\/api.w.org\/{rel}","templated":true}]}}