{"id":236,"date":"2023-07-18T23:06:20","date_gmt":"2023-07-19T02:06:20","guid":{"rendered":"https:\/\/apuntesdesanluis.com\/?p=236"},"modified":"2023-07-18T23:18:49","modified_gmt":"2023-07-19T02:18:49","slug":"bonino-se-recupera-de-su-afeccion-y-expreso-su-agradecimiento-a-medicos-y-allegados","status":"publish","type":"post","link":"https:\/\/apuntesdesanluis.com\/index.php\/2023\/07\/18\/bonino-se-recupera-de-su-afeccion-y-expreso-su-agradecimiento-a-medicos-y-allegados\/","title":{"rendered":"BONINO SE RECUPERA DE SU AFECCI\u00d3N Y EXPRES\u00d3 SU AGRADECIMIENTO A M\u00c9DICOS Y ALLEGADOS"},"content":{"rendered":"<h3>El dirigente <strong>Miguel \u00c1ngel Bonino<\/strong>, quien se encuentra internado hace cuatro d\u00edas en la Cl\u00ednica Aconcagua de Villa Mercedes, emiti\u00f3 un mensaje p\u00fablico en el que expres\u00f3 su agradecimiento hacia los m\u00e9dicos de la instituci\u00f3n y a quienes le hicieran llegar sus muestras de afecto.<\/h3>\n<h3>El ex intendente de Villa Mercedes se encontraba haciendo algunos trabajos dom\u00e9sticos en su domicilio, el pasado viernes, cuando percibi\u00f3 un \u201cs\u00fabito cansancio\u201d, por lo que resolvi\u00f3 voluntariamente efectuar una consulta en el citado nosocomio, seg\u00fan inform\u00f3 a <strong>Apuntes de San Luis<\/strong>.<\/h3>\n<h3>Al serle efectuados algunos estudios, en principio se le diagnostic\u00f3 que pudo haber sufrido un \u201cpico de presi\u00f3n alta\u201d y presentaba bajas pulsaciones, por lo que le recomendaron internarse para profundizar los estudios.<\/h3>\n<h3>El <strong>Dr. Fernando Pastor<\/strong>, m\u00e9dico cardi\u00f3logo, precis\u00f3 que se le hizo un electrocardiograma y se constat\u00f3 que padec\u00eda una &#8220;arritmia&#8221;. Agreg\u00f3 que actualmente se encuentra bien y de buen \u00e1nimo, calculando que entre mi\u00e9rcoles y jueves podr\u00edan darle el alta.<\/h3>\n<h3>El mensaje textual que hizo llegar Bonino esta noche a este medio y a sus allegados, expresa lo siguiente:<\/h3>\n<h3><em>\u201cAnte lo sucedido el d\u00eda viernes sobre mi salud, quiero en primer lugar agradecer al equipo medico de Cl\u00ednica Aconcagua y en especial a su secci\u00f3n Cardiol\u00f3gica por la r\u00e1pida repuesta que tuvieron, lograron detectar y subsanar mi cuadro cl\u00ednico, del cual ya me encuentro estable, medicado y pronto a recibir el alta m\u00e9dica.<\/em><\/h3>\n<h3><em>En segundo lugar agradecer a los cientos mensajes de afecto, dese\u00e1ndome una pronta recuperaci\u00f3n, desde ya muchas gracias a todos, sepan que me hicieron muy bien a m\u00ed y toda mi familia quienes estuvieron conmigo en cada momento.<\/em><\/h3>\n<h3><em>Estaremos pronto compartiendo pronto nuestras charlas por la ciudad. \u00a1Un abrazo y nuevamente gracias!\u201d<\/em><\/h3>\n<h3>Ayer el periodista <strong>Jorge Leguizam\u00f3n<\/strong> (FM Tiempo 89.1 MHz), entrevist\u00f3 al m\u00e9dico cardi\u00f3logo <strong>Fernando Pastor<\/strong>, quien dio precisiones en torno del estado de salud de Miguel \u00c1ngel Bonino.<\/h3>\n<p><img fetchpriority=\"high\" decoding=\"async\" class=\"wp-image-238 aligncenter\" src=\"https:\/\/apuntesdesanluis.com\/wp-content\/uploads\/2023\/07\/pastor-bonino-300x161.png\" alt=\"\" width=\"589\" height=\"316\" srcset=\"https:\/\/apuntesdesanluis.com\/wp-content\/uploads\/2023\/07\/pastor-bonino-300x161.png 300w, https:\/\/apuntesdesanluis.com\/wp-content\/uploads\/2023\/07\/pastor-bonino.png 567w\" sizes=\"(max-width: 589px) 100vw, 589px\" \/><\/p>\n<!--[if lt IE 9]><script>document.createElement('audio');<\/script><![endif]-->\n<audio class=\"wp-audio-shortcode\" id=\"audio-236-1\" preload=\"none\" style=\"width: 100%;\" controls=\"controls\"><source type=\"audio\/mpeg\" src=\"https:\/\/apuntesdesanluis.com\/wp-content\/uploads\/2023\/07\/DR-FERNANDO-PASTOR-MEDICO-CARDIOLOGO-17-07-23.mp3?_=1\" \/><a href=\"https:\/\/apuntesdesanluis.com\/wp-content\/uploads\/2023\/07\/DR-FERNANDO-PASTOR-MEDICO-CARDIOLOGO-17-07-23.mp3\">https:\/\/apuntesdesanluis.com\/wp-content\/uploads\/2023\/07\/DR-FERNANDO-PASTOR-MEDICO-CARDIOLOGO-17-07-23.mp3<\/a><\/audio>\n","protected":false},"excerpt":{"rendered":"<p>El dirigente Miguel \u00c1ngel Bonino, quien se encuentra internado hace cuatro d\u00edas en la Cl\u00ednica&#8230;<\/p>\n","protected":false},"author":1,"featured_media":237,"comment_status":"closed","ping_status":"closed","sticky":false,"template":"","format":"standard","meta":{"footnotes":""},"categories":[6],"tags":[],"class_list":["post-236","post","type-post","status-publish","format-standard","has-post-thumbnail","hentry","category-ciudad-provincia"],"yoast_head":"<!-- This site is optimized with the Yoast SEO plugin v26.1.1 - https:\/\/yoast.com\/wordpress\/plugins\/seo\/ -->\n<title>BONINO SE RECUPERA DE SU AFECCI\u00d3N Y EXPRES\u00d3 SU AGRADECIMIENTO A M\u00c9DICOS Y ALLEGADOS - Apuntes de San Luis<\/title>\n<meta name=\"robots\" content=\"index, follow, max-snippet:-1, max-image-preview:large, max-video-preview:-1\" \/>\n<link rel=\"canonical\" href=\"https:\/\/apuntesdesanluis.com\/index.php\/2023\/07\/18\/bonino-se-recupera-de-su-afeccion-y-expreso-su-agradecimiento-a-medicos-y-allegados\/\" \/>\n<meta property=\"og:locale\" content=\"es_ES\" \/>\n<meta property=\"og:type\" content=\"article\" \/>\n<meta property=\"og:title\" content=\"BONINO SE RECUPERA DE SU AFECCI\u00d3N Y EXPRES\u00d3 SU AGRADECIMIENTO A M\u00c9DICOS Y ALLEGADOS - Apuntes de San Luis\" \/>\n<meta property=\"og:description\" content=\"El dirigente Miguel \u00c1ngel Bonino, quien se encuentra internado hace cuatro d\u00edas en la Cl\u00ednica...\" \/>\n<meta property=\"og:url\" content=\"https:\/\/apuntesdesanluis.com\/index.php\/2023\/07\/18\/bonino-se-recupera-de-su-afeccion-y-expreso-su-agradecimiento-a-medicos-y-allegados\/\" \/>\n<meta property=\"og:site_name\" content=\"Apuntes de San Luis\" \/>\n<meta property=\"article:published_time\" content=\"2023-07-19T02:06:20+00:00\" \/>\n<meta property=\"article:modified_time\" content=\"2023-07-19T02:18:49+00:00\" \/>\n<meta property=\"og:image\" content=\"https:\/\/apuntesdesanluis.com\/wp-content\/uploads\/2023\/07\/gringo-bonino.png\" \/>\n\t<meta property=\"og:image:width\" content=\"632\" \/>\n\t<meta property=\"og:image:height\" content=\"392\" \/>\n\t<meta property=\"og:image:type\" content=\"image\/png\" \/>\n<meta name=\"author\" content=\"apuntesdesanluis.com\" \/>\n<meta name=\"twitter:card\" content=\"summary_large_image\" \/>\n<meta name=\"twitter:label1\" content=\"Escrito por\" \/>\n\t<meta name=\"twitter:data1\" content=\"apuntesdesanluis.com\" \/>\n\t<meta name=\"twitter:label2\" content=\"Tiempo de lectura\" \/>\n\t<meta name=\"twitter:data2\" content=\"2 minutos\" \/>\n<script type=\"application\/ld+json\" class=\"yoast-schema-graph\">{\"@context\":\"https:\/\/schema.org\",\"@graph\":[{\"@type\":\"Article\",\"@id\":\"https:\/\/apuntesdesanluis.com\/index.php\/2023\/07\/18\/bonino-se-recupera-de-su-afeccion-y-expreso-su-agradecimiento-a-medicos-y-allegados\/#article\",\"isPartOf\":{\"@id\":\"https:\/\/apuntesdesanluis.com\/index.php\/2023\/07\/18\/bonino-se-recupera-de-su-afeccion-y-expreso-su-agradecimiento-a-medicos-y-allegados\/\"},\"author\":{\"name\":\"apuntesdesanluis.com\",\"@id\":\"https:\/\/apuntesdesanluis.com\/#\/schema\/person\/b55151d52296fcce64d1a72538a70b90\"},\"headline\":\"BONINO SE RECUPERA DE SU AFECCI\u00d3N Y EXPRES\u00d3 SU AGRADECIMIENTO A M\u00c9DICOS Y ALLEGADOS\",\"datePublished\":\"2023-07-19T02:06:20+00:00\",\"dateModified\":\"2023-07-19T02:18:49+00:00\",\"mainEntityOfPage\":{\"@id\":\"https:\/\/apuntesdesanluis.com\/index.php\/2023\/07\/18\/bonino-se-recupera-de-su-afeccion-y-expreso-su-agradecimiento-a-medicos-y-allegados\/\"},\"wordCount\":366,\"publisher\":{\"@id\":\"https:\/\/apuntesdesanluis.com\/#\/schema\/person\/b55151d52296fcce64d1a72538a70b90\"},\"image\":{\"@id\":\"https:\/\/apuntesdesanluis.com\/index.php\/2023\/07\/18\/bonino-se-recupera-de-su-afeccion-y-expreso-su-agradecimiento-a-medicos-y-allegados\/#primaryimage\"},\"thumbnailUrl\":\"https:\/\/apuntesdesanluis.com\/wp-content\/uploads\/2023\/07\/gringo-bonino.png\",\"articleSection\":[\"Ciudad\/Provincia\"],\"inLanguage\":\"es-AR\"},{\"@type\":\"WebPage\",\"@id\":\"https:\/\/apuntesdesanluis.com\/index.php\/2023\/07\/18\/bonino-se-recupera-de-su-afeccion-y-expreso-su-agradecimiento-a-medicos-y-allegados\/\",\"url\":\"https:\/\/apuntesdesanluis.com\/index.php\/2023\/07\/18\/bonino-se-recupera-de-su-afeccion-y-expreso-su-agradecimiento-a-medicos-y-allegados\/\",\"name\":\"BONINO SE RECUPERA DE SU AFECCI\u00d3N Y EXPRES\u00d3 SU AGRADECIMIENTO A M\u00c9DICOS Y ALLEGADOS - Apuntes de San Luis\",\"isPartOf\":{\"@id\":\"https:\/\/apuntesdesanluis.com\/#website\"},\"primaryImageOfPage\":{\"@id\":\"https:\/\/apuntesdesanluis.com\/index.php\/2023\/07\/18\/bonino-se-recupera-de-su-afeccion-y-expreso-su-agradecimiento-a-medicos-y-allegados\/#primaryimage\"},\"image\":{\"@id\":\"https:\/\/apuntesdesanluis.com\/index.php\/2023\/07\/18\/bonino-se-recupera-de-su-afeccion-y-expreso-su-agradecimiento-a-medicos-y-allegados\/#primaryimage\"},\"thumbnailUrl\":\"https:\/\/apuntesdesanluis.com\/wp-content\/uploads\/2023\/07\/gringo-bonino.png\",\"datePublished\":\"2023-07-19T02:06:20+00:00\",\"dateModified\":\"2023-07-19T02:18:49+00:00\",\"breadcrumb\":{\"@id\":\"https:\/\/apuntesdesanluis.com\/index.php\/2023\/07\/18\/bonino-se-recupera-de-su-afeccion-y-expreso-su-agradecimiento-a-medicos-y-allegados\/#breadcrumb\"},\"inLanguage\":\"es-AR\",\"potentialAction\":[{\"@type\":\"ReadAction\",\"target\":[\"https:\/\/apuntesdesanluis.com\/index.php\/2023\/07\/18\/bonino-se-recupera-de-su-afeccion-y-expreso-su-agradecimiento-a-medicos-y-allegados\/\"]}]},{\"@type\":\"ImageObject\",\"inLanguage\":\"es-AR\",\"@id\":\"https:\/\/apuntesdesanluis.com\/index.php\/2023\/07\/18\/bonino-se-recupera-de-su-afeccion-y-expreso-su-agradecimiento-a-medicos-y-allegados\/#primaryimage\",\"url\":\"https:\/\/apuntesdesanluis.com\/wp-content\/uploads\/2023\/07\/gringo-bonino.png\",\"contentUrl\":\"https:\/\/apuntesdesanluis.com\/wp-content\/uploads\/2023\/07\/gringo-bonino.png\",\"width\":632,\"height\":392},{\"@type\":\"BreadcrumbList\",\"@id\":\"https:\/\/apuntesdesanluis.com\/index.php\/2023\/07\/18\/bonino-se-recupera-de-su-afeccion-y-expreso-su-agradecimiento-a-medicos-y-allegados\/#breadcrumb\",\"itemListElement\":[{\"@type\":\"ListItem\",\"position\":1,\"name\":\"Inicio\",\"item\":\"https:\/\/apuntesdesanluis.com\/\"},{\"@type\":\"ListItem\",\"position\":2,\"name\":\"BONINO SE RECUPERA DE SU AFECCI\u00d3N Y EXPRES\u00d3 SU AGRADECIMIENTO A M\u00c9DICOS Y ALLEGADOS\"}]},{\"@type\":\"WebSite\",\"@id\":\"https:\/\/apuntesdesanluis.com\/#website\",\"url\":\"https:\/\/apuntesdesanluis.com\/\",\"name\":\"Apuntes de San Luis\",\"description\":\"\",\"publisher\":{\"@id\":\"https:\/\/apuntesdesanluis.com\/#\/schema\/person\/b55151d52296fcce64d1a72538a70b90\"},\"potentialAction\":[{\"@type\":\"SearchAction\",\"target\":{\"@type\":\"EntryPoint\",\"urlTemplate\":\"https:\/\/apuntesdesanluis.com\/?s={search_term_string}\"},\"query-input\":{\"@type\":\"PropertyValueSpecification\",\"valueRequired\":true,\"valueName\":\"search_term_string\"}}],\"inLanguage\":\"es-AR\"},{\"@type\":[\"Person\",\"Organization\"],\"@id\":\"https:\/\/apuntesdesanluis.com\/#\/schema\/person\/b55151d52296fcce64d1a72538a70b90\",\"name\":\"apuntesdesanluis.com\",\"image\":{\"@type\":\"ImageObject\",\"inLanguage\":\"es-AR\",\"@id\":\"https:\/\/apuntesdesanluis.com\/#\/schema\/person\/image\/\",\"url\":\"https:\/\/apuntesdesanluis.com\/wp-content\/uploads\/2023\/07\/cropped-apuntesdesanluis.png\",\"contentUrl\":\"https:\/\/apuntesdesanluis.com\/wp-content\/uploads\/2023\/07\/cropped-apuntesdesanluis.png\",\"width\":450,\"height\":112,\"caption\":\"apuntesdesanluis.com\"},\"logo\":{\"@id\":\"https:\/\/apuntesdesanluis.com\/#\/schema\/person\/image\/\"},\"sameAs\":[\"https:\/\/apuntesdesanluis.com\"],\"url\":\"https:\/\/apuntesdesanluis.com\/index.php\/author\/apuntesdesanluis-com\/\"}]}<\/script>\n<!-- \/ Yoast SEO plugin. -->","yoast_head_json":{"title":"BONINO SE RECUPERA DE SU AFECCI\u00d3N Y EXPRES\u00d3 SU AGRADECIMIENTO A M\u00c9DICOS Y ALLEGADOS - Apuntes de San Luis","robots":{"index":"index","follow":"follow","max-snippet":"max-snippet:-1","max-image-preview":"max-image-preview:large","max-video-preview":"max-video-preview:-1"},"canonical":"https:\/\/apuntesdesanluis.com\/index.php\/2023\/07\/18\/bonino-se-recupera-de-su-afeccion-y-expreso-su-agradecimiento-a-medicos-y-allegados\/","og_locale":"es_ES","og_type":"article","og_title":"BONINO SE RECUPERA DE SU AFECCI\u00d3N Y EXPRES\u00d3 SU AGRADECIMIENTO A M\u00c9DICOS Y ALLEGADOS - Apuntes de San Luis","og_description":"El dirigente Miguel \u00c1ngel Bonino, quien se encuentra internado hace cuatro d\u00edas en la Cl\u00ednica...","og_url":"https:\/\/apuntesdesanluis.com\/index.php\/2023\/07\/18\/bonino-se-recupera-de-su-afeccion-y-expreso-su-agradecimiento-a-medicos-y-allegados\/","og_site_name":"Apuntes de San Luis","article_published_time":"2023-07-19T02:06:20+00:00","article_modified_time":"2023-07-19T02:18:49+00:00","og_image":[{"width":632,"height":392,"url":"https:\/\/apuntesdesanluis.com\/wp-content\/uploads\/2023\/07\/gringo-bonino.png","type":"image\/png"}],"author":"apuntesdesanluis.com","twitter_card":"summary_large_image","twitter_misc":{"Escrito por":"apuntesdesanluis.com","Tiempo de lectura":"2 minutos"},"schema":{"@context":"https:\/\/schema.org","@graph":[{"@type":"Article","@id":"https:\/\/apuntesdesanluis.com\/index.php\/2023\/07\/18\/bonino-se-recupera-de-su-afeccion-y-expreso-su-agradecimiento-a-medicos-y-allegados\/#article","isPartOf":{"@id":"https:\/\/apuntesdesanluis.com\/index.php\/2023\/07\/18\/bonino-se-recupera-de-su-afeccion-y-expreso-su-agradecimiento-a-medicos-y-allegados\/"},"author":{"name":"apuntesdesanluis.com","@id":"https:\/\/apuntesdesanluis.com\/#\/schema\/person\/b55151d52296fcce64d1a72538a70b90"},"headline":"BONINO SE RECUPERA DE SU AFECCI\u00d3N Y EXPRES\u00d3 SU AGRADECIMIENTO A M\u00c9DICOS Y ALLEGADOS","datePublished":"2023-07-19T02:06:20+00:00","dateModified":"2023-07-19T02:18:49+00:00","mainEntityOfPage":{"@id":"https:\/\/apuntesdesanluis.com\/index.php\/2023\/07\/18\/bonino-se-recupera-de-su-afeccion-y-expreso-su-agradecimiento-a-medicos-y-allegados\/"},"wordCount":366,"publisher":{"@id":"https:\/\/apuntesdesanluis.com\/#\/schema\/person\/b55151d52296fcce64d1a72538a70b90"},"image":{"@id":"https:\/\/apuntesdesanluis.com\/index.php\/2023\/07\/18\/bonino-se-recupera-de-su-afeccion-y-expreso-su-agradecimiento-a-medicos-y-allegados\/#primaryimage"},"thumbnailUrl":"https:\/\/apuntesdesanluis.com\/wp-content\/uploads\/2023\/07\/gringo-bonino.png","articleSection":["Ciudad\/Provincia"],"inLanguage":"es-AR"},{"@type":"WebPage","@id":"https:\/\/apuntesdesanluis.com\/index.php\/2023\/07\/18\/bonino-se-recupera-de-su-afeccion-y-expreso-su-agradecimiento-a-medicos-y-allegados\/","url":"https:\/\/apuntesdesanluis.com\/index.php\/2023\/07\/18\/bonino-se-recupera-de-su-afeccion-y-expreso-su-agradecimiento-a-medicos-y-allegados\/","name":"BONINO SE RECUPERA DE SU AFECCI\u00d3N Y EXPRES\u00d3 SU AGRADECIMIENTO A M\u00c9DICOS Y ALLEGADOS - Apuntes de San Luis","isPartOf":{"@id":"https:\/\/apuntesdesanluis.com\/#website"},"primaryImageOfPage":{"@id":"https:\/\/apuntesdesanluis.com\/index.php\/2023\/07\/18\/bonino-se-recupera-de-su-afeccion-y-expreso-su-agradecimiento-a-medicos-y-allegados\/#primaryimage"},"image":{"@id":"https:\/\/apuntesdesanluis.com\/index.php\/2023\/07\/18\/bonino-se-recupera-de-su-afeccion-y-expreso-su-agradecimiento-a-medicos-y-allegados\/#primaryimage"},"thumbnailUrl":"https:\/\/apuntesdesanluis.com\/wp-content\/uploads\/2023\/07\/gringo-bonino.png","datePublished":"2023-07-19T02:06:20+00:00","dateModified":"2023-07-19T02:18:49+00:00","breadcrumb":{"@id":"https:\/\/apuntesdesanluis.com\/index.php\/2023\/07\/18\/bonino-se-recupera-de-su-afeccion-y-expreso-su-agradecimiento-a-medicos-y-allegados\/#breadcrumb"},"inLanguage":"es-AR","potentialAction":[{"@type":"ReadAction","target":["https:\/\/apuntesdesanluis.com\/index.php\/2023\/07\/18\/bonino-se-recupera-de-su-afeccion-y-expreso-su-agradecimiento-a-medicos-y-allegados\/"]}]},{"@type":"ImageObject","inLanguage":"es-AR","@id":"https:\/\/apuntesdesanluis.com\/index.php\/2023\/07\/18\/bonino-se-recupera-de-su-afeccion-y-expreso-su-agradecimiento-a-medicos-y-allegados\/#primaryimage","url":"https:\/\/apuntesdesanluis.com\/wp-content\/uploads\/2023\/07\/gringo-bonino.png","contentUrl":"https:\/\/apuntesdesanluis.com\/wp-content\/uploads\/2023\/07\/gringo-bonino.png","width":632,"height":392},{"@type":"BreadcrumbList","@id":"https:\/\/apuntesdesanluis.com\/index.php\/2023\/07\/18\/bonino-se-recupera-de-su-afeccion-y-expreso-su-agradecimiento-a-medicos-y-allegados\/#breadcrumb","itemListElement":[{"@type":"ListItem","position":1,"name":"Inicio","item":"https:\/\/apuntesdesanluis.com\/"},{"@type":"ListItem","position":2,"name":"BONINO SE RECUPERA DE SU AFECCI\u00d3N Y EXPRES\u00d3 SU AGRADECIMIENTO A M\u00c9DICOS Y ALLEGADOS"}]},{"@type":"WebSite","@id":"https:\/\/apuntesdesanluis.com\/#website","url":"https:\/\/apuntesdesanluis.com\/","name":"Apuntes de San Luis","description":"","publisher":{"@id":"https:\/\/apuntesdesanluis.com\/#\/schema\/person\/b55151d52296fcce64d1a72538a70b90"},"potentialAction":[{"@type":"SearchAction","target":{"@type":"EntryPoint","urlTemplate":"https:\/\/apuntesdesanluis.com\/?s={search_term_string}"},"query-input":{"@type":"PropertyValueSpecification","valueRequired":true,"valueName":"search_term_string"}}],"inLanguage":"es-AR"},{"@type":["Person","Organization"],"@id":"https:\/\/apuntesdesanluis.com\/#\/schema\/person\/b55151d52296fcce64d1a72538a70b90","name":"apuntesdesanluis.com","image":{"@type":"ImageObject","inLanguage":"es-AR","@id":"https:\/\/apuntesdesanluis.com\/#\/schema\/person\/image\/","url":"https:\/\/apuntesdesanluis.com\/wp-content\/uploads\/2023\/07\/cropped-apuntesdesanluis.png","contentUrl":"https:\/\/apuntesdesanluis.com\/wp-content\/uploads\/2023\/07\/cropped-apuntesdesanluis.png","width":450,"height":112,"caption":"apuntesdesanluis.com"},"logo":{"@id":"https:\/\/apuntesdesanluis.com\/#\/schema\/person\/image\/"},"sameAs":["https:\/\/apuntesdesanluis.com"],"url":"https:\/\/apuntesdesanluis.com\/index.php\/author\/apuntesdesanluis-com\/"}]}},"featured_image_urls":{"full":["https:\/\/apuntesdesanluis.com\/wp-content\/uploads\/2023\/07\/gringo-bonino.png",632,392,false],"thumbnail":["https:\/\/apuntesdesanluis.com\/wp-content\/uploads\/2023\/07\/gringo-bonino-150x150.png",150,150,true],"medium":["https:\/\/apuntesdesanluis.com\/wp-content\/uploads\/2023\/07\/gringo-bonino-300x186.png",300,186,true],"medium_large":["https:\/\/apuntesdesanluis.com\/wp-content\/uploads\/2023\/07\/gringo-bonino.png",632,392,false],"large":["https:\/\/apuntesdesanluis.com\/wp-content\/uploads\/2023\/07\/gringo-bonino.png",632,392,false],"1536x1536":["https:\/\/apuntesdesanluis.com\/wp-content\/uploads\/2023\/07\/gringo-bonino.png",632,392,false],"2048x2048":["https:\/\/apuntesdesanluis.com\/wp-content\/uploads\/2023\/07\/gringo-bonino.png",632,392,false],"newsever-slider-full":["https:\/\/apuntesdesanluis.com\/wp-content\/uploads\/2023\/07\/gringo-bonino.png",632,392,false],"newsever-featured":["https:\/\/apuntesdesanluis.com\/wp-content\/uploads\/2023\/07\/gringo-bonino.png",632,392,false],"newsever-medium":["https:\/\/apuntesdesanluis.com\/wp-content\/uploads\/2023\/07\/gringo-bonino.png",632,392,false]},"author_info":{"display_name":"apuntesdesanluis.com","author_link":"https:\/\/apuntesdesanluis.com\/index.php\/author\/apuntesdesanluis-com\/"},"category_info":"<a href=\"https:\/\/apuntesdesanluis.com\/index.php\/category\/ciudad-provincia\/\" rel=\"category tag\">Ciudad\/Provincia<\/a>","tag_info":"Ciudad\/Provincia","comment_count":"0","_links":{"self":[{"href":"https:\/\/apuntesdesanluis.com\/index.php\/wp-json\/wp\/v2\/posts\/236","targetHints":{"allow":["GET"]}}],"collection":[{"href":"https:\/\/apuntesdesanluis.com\/index.php\/wp-json\/wp\/v2\/posts"}],"about":[{"href":"https:\/\/apuntesdesanluis.com\/index.php\/wp-json\/wp\/v2\/types\/post"}],"author":[{"embeddable":true,"href":"https:\/\/apuntesdesanluis.com\/index.php\/wp-json\/wp\/v2\/users\/1"}],"replies":[{"embeddable":true,"href":"https:\/\/apuntesdesanluis.com\/index.php\/wp-json\/wp\/v2\/comments?post=236"}],"version-history":[{"count":6,"href":"https:\/\/apuntesdesanluis.com\/index.php\/wp-json\/wp\/v2\/posts\/236\/revisions"}],"predecessor-version":[{"id":245,"href":"https:\/\/apuntesdesanluis.com\/index.php\/wp-json\/wp\/v2\/posts\/236\/revisions\/245"}],"wp:featuredmedia":[{"embeddable":true,"href":"https:\/\/apuntesdesanluis.com\/index.php\/wp-json\/wp\/v2\/media\/237"}],"wp:attachment":[{"href":"https:\/\/apuntesdesanluis.com\/index.php\/wp-json\/wp\/v2\/media?parent=236"}],"wp:term":[{"taxonomy":"category","embeddable":true,"href":"https:\/\/apuntesdesanluis.com\/index.php\/wp-json\/wp\/v2\/categories?post=236"},{"taxonomy":"post_tag","embeddable":true,"href":"https:\/\/apuntesdesanluis.com\/index.php\/wp-json\/wp\/v2\/tags?post=236"}],"curies":[{"name":"wp","href":"https:\/\/api.w.org\/{rel}","templated":true}]}}