{"id":23607,"date":"2024-10-09T21:25:40","date_gmt":"2024-10-10T00:25:40","guid":{"rendered":"https:\/\/apuntesdesanluis.com\/?p=23607"},"modified":"2024-10-09T21:25:40","modified_gmt":"2024-10-10T00:25:40","slug":"el-lunes-14-se-lanza-la-segunda-edicion-del-programa-mi-proximo-paso","status":"publish","type":"post","link":"https:\/\/apuntesdesanluis.com\/index.php\/2024\/10\/09\/el-lunes-14-se-lanza-la-segunda-edicion-del-programa-mi-proximo-paso\/","title":{"rendered":"EL LUNES 14 SE LANZA LA SEGUNDA EDICI\u00d3N DEL PROGRAMA \u201cMI PR\u00d3XIMO PASO\u201d"},"content":{"rendered":"<h3>El d\u00eda lunes 14 a las 17:30 el gobernador, <strong>Claudio Poggi<\/strong>, presentar\u00e1 la segunda edici\u00f3n del programa de Financiamiento P\u00fablico \u2018Mi Pr\u00f3ximo Paso\u2019, en el Sal\u00f3n Blanco de Casa de Gobierno.<\/h3>\n<h3>Este Programa, impulsado como parte de la pol\u00edtica de reactivaci\u00f3n productiva del Ejecutivo provincial bajo el lema \u2018San Luis Se Activa\u2019, ha sido una herramienta clave para el fortalecimiento del sector privado. En menos de medio a\u00f1o, \u2018Mi Pr\u00f3ximo Paso\u2019 ha permitido que 1.506 emprendimientos de diversos sectores accedan a l\u00edneas de financiamiento, logrando que estas iniciativas puedan consolidarse y crecer.<\/h3>\n<h3>Es una decisi\u00f3n del Gobernador definir estas medidas como motor de crecimiento del sector privado, marcando como norte la importancia de articular este crecimiento con el rol del Estado: \u201cSan Luis tiene que tener un sector p\u00fablico tan grande como se necesite y un sector privado tan grande como se pueda\u201d, afirm\u00f3 en varias ocasiones.<\/h3>\n<h3>La segunda edici\u00f3n de \u2018Mi Pr\u00f3ximo Paso\u2019 promete novedades importantes, ampliando su alcance para incluir a m\u00e1s emprendedores de la provincia. Con el objetivo de facilitar la presentaci\u00f3n de proyectos y apoyar el crecimiento de nuevas empresas. Este Programa sigue siendo un pilar fundamental para el desarrollo econ\u00f3mico de San Luis.<\/h3>\n<p>&nbsp;<\/p>\n<p>&nbsp;<\/p>\n<p>&nbsp;<\/p>\n<p>&nbsp;<\/p>\n<p>&nbsp;<\/p>\n<p>&nbsp;<\/p>\n","protected":false},"excerpt":{"rendered":"<p>El d\u00eda lunes 14 a las 17:30 el gobernador, Claudio Poggi, presentar\u00e1 la segunda edici\u00f3n&#8230;<\/p>\n","protected":false},"author":1,"featured_media":23608,"comment_status":"closed","ping_status":"closed","sticky":false,"template":"","format":"standard","meta":{"footnotes":""},"categories":[6],"tags":[],"class_list":["post-23607","post","type-post","status-publish","format-standard","has-post-thumbnail","hentry","category-ciudad-provincia"],"yoast_head":"<!-- This site is optimized with the Yoast SEO plugin v26.1.1 - https:\/\/yoast.com\/wordpress\/plugins\/seo\/ -->\n<title>EL LUNES 14 SE LANZA LA SEGUNDA EDICI\u00d3N DEL PROGRAMA \u201cMI PR\u00d3XIMO PASO\u201d - Apuntes de San Luis<\/title>\n<meta name=\"robots\" content=\"index, follow, max-snippet:-1, max-image-preview:large, max-video-preview:-1\" \/>\n<link rel=\"canonical\" href=\"https:\/\/apuntesdesanluis.com\/index.php\/2024\/10\/09\/el-lunes-14-se-lanza-la-segunda-edicion-del-programa-mi-proximo-paso\/\" \/>\n<meta property=\"og:locale\" content=\"es_ES\" \/>\n<meta property=\"og:type\" content=\"article\" \/>\n<meta property=\"og:title\" content=\"EL LUNES 14 SE LANZA LA SEGUNDA EDICI\u00d3N DEL PROGRAMA \u201cMI PR\u00d3XIMO PASO\u201d - Apuntes de San Luis\" \/>\n<meta property=\"og:description\" content=\"El d\u00eda lunes 14 a las 17:30 el gobernador, Claudio Poggi, presentar\u00e1 la segunda edici\u00f3n...\" \/>\n<meta property=\"og:url\" content=\"https:\/\/apuntesdesanluis.com\/index.php\/2024\/10\/09\/el-lunes-14-se-lanza-la-segunda-edicion-del-programa-mi-proximo-paso\/\" \/>\n<meta property=\"og:site_name\" content=\"Apuntes de San Luis\" \/>\n<meta property=\"article:published_time\" content=\"2024-10-10T00:25:40+00:00\" \/>\n<meta property=\"og:image\" content=\"https:\/\/apuntesdesanluis.com\/wp-content\/uploads\/2024\/10\/POGGI-2.png\" \/>\n\t<meta property=\"og:image:width\" content=\"755\" \/>\n\t<meta property=\"og:image:height\" content=\"483\" \/>\n\t<meta property=\"og:image:type\" content=\"image\/png\" \/>\n<meta name=\"author\" content=\"apuntesdesanluis.com\" \/>\n<meta name=\"twitter:card\" content=\"summary_large_image\" \/>\n<meta name=\"twitter:label1\" content=\"Escrito por\" \/>\n\t<meta name=\"twitter:data1\" content=\"apuntesdesanluis.com\" \/>\n\t<meta name=\"twitter:label2\" content=\"Tiempo de lectura\" \/>\n\t<meta name=\"twitter:data2\" content=\"2 minutos\" \/>\n<script type=\"application\/ld+json\" class=\"yoast-schema-graph\">{\"@context\":\"https:\/\/schema.org\",\"@graph\":[{\"@type\":\"Article\",\"@id\":\"https:\/\/apuntesdesanluis.com\/index.php\/2024\/10\/09\/el-lunes-14-se-lanza-la-segunda-edicion-del-programa-mi-proximo-paso\/#article\",\"isPartOf\":{\"@id\":\"https:\/\/apuntesdesanluis.com\/index.php\/2024\/10\/09\/el-lunes-14-se-lanza-la-segunda-edicion-del-programa-mi-proximo-paso\/\"},\"author\":{\"name\":\"apuntesdesanluis.com\",\"@id\":\"https:\/\/apuntesdesanluis.com\/#\/schema\/person\/b55151d52296fcce64d1a72538a70b90\"},\"headline\":\"EL LUNES 14 SE LANZA LA SEGUNDA EDICI\u00d3N DEL PROGRAMA \u201cMI PR\u00d3XIMO PASO\u201d\",\"datePublished\":\"2024-10-10T00:25:40+00:00\",\"mainEntityOfPage\":{\"@id\":\"https:\/\/apuntesdesanluis.com\/index.php\/2024\/10\/09\/el-lunes-14-se-lanza-la-segunda-edicion-del-programa-mi-proximo-paso\/\"},\"wordCount\":232,\"publisher\":{\"@id\":\"https:\/\/apuntesdesanluis.com\/#\/schema\/person\/b55151d52296fcce64d1a72538a70b90\"},\"image\":{\"@id\":\"https:\/\/apuntesdesanluis.com\/index.php\/2024\/10\/09\/el-lunes-14-se-lanza-la-segunda-edicion-del-programa-mi-proximo-paso\/#primaryimage\"},\"thumbnailUrl\":\"https:\/\/apuntesdesanluis.com\/wp-content\/uploads\/2024\/10\/POGGI-2.png\",\"articleSection\":[\"Ciudad\/Provincia\"],\"inLanguage\":\"es-AR\"},{\"@type\":\"WebPage\",\"@id\":\"https:\/\/apuntesdesanluis.com\/index.php\/2024\/10\/09\/el-lunes-14-se-lanza-la-segunda-edicion-del-programa-mi-proximo-paso\/\",\"url\":\"https:\/\/apuntesdesanluis.com\/index.php\/2024\/10\/09\/el-lunes-14-se-lanza-la-segunda-edicion-del-programa-mi-proximo-paso\/\",\"name\":\"EL LUNES 14 SE LANZA LA SEGUNDA EDICI\u00d3N DEL PROGRAMA \u201cMI PR\u00d3XIMO PASO\u201d - Apuntes de San Luis\",\"isPartOf\":{\"@id\":\"https:\/\/apuntesdesanluis.com\/#website\"},\"primaryImageOfPage\":{\"@id\":\"https:\/\/apuntesdesanluis.com\/index.php\/2024\/10\/09\/el-lunes-14-se-lanza-la-segunda-edicion-del-programa-mi-proximo-paso\/#primaryimage\"},\"image\":{\"@id\":\"https:\/\/apuntesdesanluis.com\/index.php\/2024\/10\/09\/el-lunes-14-se-lanza-la-segunda-edicion-del-programa-mi-proximo-paso\/#primaryimage\"},\"thumbnailUrl\":\"https:\/\/apuntesdesanluis.com\/wp-content\/uploads\/2024\/10\/POGGI-2.png\",\"datePublished\":\"2024-10-10T00:25:40+00:00\",\"breadcrumb\":{\"@id\":\"https:\/\/apuntesdesanluis.com\/index.php\/2024\/10\/09\/el-lunes-14-se-lanza-la-segunda-edicion-del-programa-mi-proximo-paso\/#breadcrumb\"},\"inLanguage\":\"es-AR\",\"potentialAction\":[{\"@type\":\"ReadAction\",\"target\":[\"https:\/\/apuntesdesanluis.com\/index.php\/2024\/10\/09\/el-lunes-14-se-lanza-la-segunda-edicion-del-programa-mi-proximo-paso\/\"]}]},{\"@type\":\"ImageObject\",\"inLanguage\":\"es-AR\",\"@id\":\"https:\/\/apuntesdesanluis.com\/index.php\/2024\/10\/09\/el-lunes-14-se-lanza-la-segunda-edicion-del-programa-mi-proximo-paso\/#primaryimage\",\"url\":\"https:\/\/apuntesdesanluis.com\/wp-content\/uploads\/2024\/10\/POGGI-2.png\",\"contentUrl\":\"https:\/\/apuntesdesanluis.com\/wp-content\/uploads\/2024\/10\/POGGI-2.png\",\"width\":755,\"height\":483},{\"@type\":\"BreadcrumbList\",\"@id\":\"https:\/\/apuntesdesanluis.com\/index.php\/2024\/10\/09\/el-lunes-14-se-lanza-la-segunda-edicion-del-programa-mi-proximo-paso\/#breadcrumb\",\"itemListElement\":[{\"@type\":\"ListItem\",\"position\":1,\"name\":\"Inicio\",\"item\":\"https:\/\/apuntesdesanluis.com\/\"},{\"@type\":\"ListItem\",\"position\":2,\"name\":\"EL LUNES 14 SE LANZA LA SEGUNDA EDICI\u00d3N DEL PROGRAMA \u201cMI PR\u00d3XIMO PASO\u201d\"}]},{\"@type\":\"WebSite\",\"@id\":\"https:\/\/apuntesdesanluis.com\/#website\",\"url\":\"https:\/\/apuntesdesanluis.com\/\",\"name\":\"Apuntes de San Luis\",\"description\":\"\",\"publisher\":{\"@id\":\"https:\/\/apuntesdesanluis.com\/#\/schema\/person\/b55151d52296fcce64d1a72538a70b90\"},\"potentialAction\":[{\"@type\":\"SearchAction\",\"target\":{\"@type\":\"EntryPoint\",\"urlTemplate\":\"https:\/\/apuntesdesanluis.com\/?s={search_term_string}\"},\"query-input\":{\"@type\":\"PropertyValueSpecification\",\"valueRequired\":true,\"valueName\":\"search_term_string\"}}],\"inLanguage\":\"es-AR\"},{\"@type\":[\"Person\",\"Organization\"],\"@id\":\"https:\/\/apuntesdesanluis.com\/#\/schema\/person\/b55151d52296fcce64d1a72538a70b90\",\"name\":\"apuntesdesanluis.com\",\"image\":{\"@type\":\"ImageObject\",\"inLanguage\":\"es-AR\",\"@id\":\"https:\/\/apuntesdesanluis.com\/#\/schema\/person\/image\/\",\"url\":\"https:\/\/apuntesdesanluis.com\/wp-content\/uploads\/2023\/07\/cropped-apuntesdesanluis.png\",\"contentUrl\":\"https:\/\/apuntesdesanluis.com\/wp-content\/uploads\/2023\/07\/cropped-apuntesdesanluis.png\",\"width\":450,\"height\":112,\"caption\":\"apuntesdesanluis.com\"},\"logo\":{\"@id\":\"https:\/\/apuntesdesanluis.com\/#\/schema\/person\/image\/\"},\"sameAs\":[\"https:\/\/apuntesdesanluis.com\"],\"url\":\"https:\/\/apuntesdesanluis.com\/index.php\/author\/apuntesdesanluis-com\/\"}]}<\/script>\n<!-- \/ Yoast SEO plugin. -->","yoast_head_json":{"title":"EL LUNES 14 SE LANZA LA SEGUNDA EDICI\u00d3N DEL PROGRAMA \u201cMI PR\u00d3XIMO PASO\u201d - Apuntes de San Luis","robots":{"index":"index","follow":"follow","max-snippet":"max-snippet:-1","max-image-preview":"max-image-preview:large","max-video-preview":"max-video-preview:-1"},"canonical":"https:\/\/apuntesdesanluis.com\/index.php\/2024\/10\/09\/el-lunes-14-se-lanza-la-segunda-edicion-del-programa-mi-proximo-paso\/","og_locale":"es_ES","og_type":"article","og_title":"EL LUNES 14 SE LANZA LA SEGUNDA EDICI\u00d3N DEL PROGRAMA \u201cMI PR\u00d3XIMO PASO\u201d - Apuntes de San Luis","og_description":"El d\u00eda lunes 14 a las 17:30 el gobernador, Claudio Poggi, presentar\u00e1 la segunda edici\u00f3n...","og_url":"https:\/\/apuntesdesanluis.com\/index.php\/2024\/10\/09\/el-lunes-14-se-lanza-la-segunda-edicion-del-programa-mi-proximo-paso\/","og_site_name":"Apuntes de San Luis","article_published_time":"2024-10-10T00:25:40+00:00","og_image":[{"width":755,"height":483,"url":"https:\/\/apuntesdesanluis.com\/wp-content\/uploads\/2024\/10\/POGGI-2.png","type":"image\/png"}],"author":"apuntesdesanluis.com","twitter_card":"summary_large_image","twitter_misc":{"Escrito por":"apuntesdesanluis.com","Tiempo de lectura":"2 minutos"},"schema":{"@context":"https:\/\/schema.org","@graph":[{"@type":"Article","@id":"https:\/\/apuntesdesanluis.com\/index.php\/2024\/10\/09\/el-lunes-14-se-lanza-la-segunda-edicion-del-programa-mi-proximo-paso\/#article","isPartOf":{"@id":"https:\/\/apuntesdesanluis.com\/index.php\/2024\/10\/09\/el-lunes-14-se-lanza-la-segunda-edicion-del-programa-mi-proximo-paso\/"},"author":{"name":"apuntesdesanluis.com","@id":"https:\/\/apuntesdesanluis.com\/#\/schema\/person\/b55151d52296fcce64d1a72538a70b90"},"headline":"EL LUNES 14 SE LANZA LA SEGUNDA EDICI\u00d3N DEL PROGRAMA \u201cMI PR\u00d3XIMO PASO\u201d","datePublished":"2024-10-10T00:25:40+00:00","mainEntityOfPage":{"@id":"https:\/\/apuntesdesanluis.com\/index.php\/2024\/10\/09\/el-lunes-14-se-lanza-la-segunda-edicion-del-programa-mi-proximo-paso\/"},"wordCount":232,"publisher":{"@id":"https:\/\/apuntesdesanluis.com\/#\/schema\/person\/b55151d52296fcce64d1a72538a70b90"},"image":{"@id":"https:\/\/apuntesdesanluis.com\/index.php\/2024\/10\/09\/el-lunes-14-se-lanza-la-segunda-edicion-del-programa-mi-proximo-paso\/#primaryimage"},"thumbnailUrl":"https:\/\/apuntesdesanluis.com\/wp-content\/uploads\/2024\/10\/POGGI-2.png","articleSection":["Ciudad\/Provincia"],"inLanguage":"es-AR"},{"@type":"WebPage","@id":"https:\/\/apuntesdesanluis.com\/index.php\/2024\/10\/09\/el-lunes-14-se-lanza-la-segunda-edicion-del-programa-mi-proximo-paso\/","url":"https:\/\/apuntesdesanluis.com\/index.php\/2024\/10\/09\/el-lunes-14-se-lanza-la-segunda-edicion-del-programa-mi-proximo-paso\/","name":"EL LUNES 14 SE LANZA LA SEGUNDA EDICI\u00d3N DEL PROGRAMA \u201cMI PR\u00d3XIMO PASO\u201d - Apuntes de San Luis","isPartOf":{"@id":"https:\/\/apuntesdesanluis.com\/#website"},"primaryImageOfPage":{"@id":"https:\/\/apuntesdesanluis.com\/index.php\/2024\/10\/09\/el-lunes-14-se-lanza-la-segunda-edicion-del-programa-mi-proximo-paso\/#primaryimage"},"image":{"@id":"https:\/\/apuntesdesanluis.com\/index.php\/2024\/10\/09\/el-lunes-14-se-lanza-la-segunda-edicion-del-programa-mi-proximo-paso\/#primaryimage"},"thumbnailUrl":"https:\/\/apuntesdesanluis.com\/wp-content\/uploads\/2024\/10\/POGGI-2.png","datePublished":"2024-10-10T00:25:40+00:00","breadcrumb":{"@id":"https:\/\/apuntesdesanluis.com\/index.php\/2024\/10\/09\/el-lunes-14-se-lanza-la-segunda-edicion-del-programa-mi-proximo-paso\/#breadcrumb"},"inLanguage":"es-AR","potentialAction":[{"@type":"ReadAction","target":["https:\/\/apuntesdesanluis.com\/index.php\/2024\/10\/09\/el-lunes-14-se-lanza-la-segunda-edicion-del-programa-mi-proximo-paso\/"]}]},{"@type":"ImageObject","inLanguage":"es-AR","@id":"https:\/\/apuntesdesanluis.com\/index.php\/2024\/10\/09\/el-lunes-14-se-lanza-la-segunda-edicion-del-programa-mi-proximo-paso\/#primaryimage","url":"https:\/\/apuntesdesanluis.com\/wp-content\/uploads\/2024\/10\/POGGI-2.png","contentUrl":"https:\/\/apuntesdesanluis.com\/wp-content\/uploads\/2024\/10\/POGGI-2.png","width":755,"height":483},{"@type":"BreadcrumbList","@id":"https:\/\/apuntesdesanluis.com\/index.php\/2024\/10\/09\/el-lunes-14-se-lanza-la-segunda-edicion-del-programa-mi-proximo-paso\/#breadcrumb","itemListElement":[{"@type":"ListItem","position":1,"name":"Inicio","item":"https:\/\/apuntesdesanluis.com\/"},{"@type":"ListItem","position":2,"name":"EL LUNES 14 SE LANZA LA SEGUNDA EDICI\u00d3N DEL PROGRAMA \u201cMI PR\u00d3XIMO PASO\u201d"}]},{"@type":"WebSite","@id":"https:\/\/apuntesdesanluis.com\/#website","url":"https:\/\/apuntesdesanluis.com\/","name":"Apuntes de San Luis","description":"","publisher":{"@id":"https:\/\/apuntesdesanluis.com\/#\/schema\/person\/b55151d52296fcce64d1a72538a70b90"},"potentialAction":[{"@type":"SearchAction","target":{"@type":"EntryPoint","urlTemplate":"https:\/\/apuntesdesanluis.com\/?s={search_term_string}"},"query-input":{"@type":"PropertyValueSpecification","valueRequired":true,"valueName":"search_term_string"}}],"inLanguage":"es-AR"},{"@type":["Person","Organization"],"@id":"https:\/\/apuntesdesanluis.com\/#\/schema\/person\/b55151d52296fcce64d1a72538a70b90","name":"apuntesdesanluis.com","image":{"@type":"ImageObject","inLanguage":"es-AR","@id":"https:\/\/apuntesdesanluis.com\/#\/schema\/person\/image\/","url":"https:\/\/apuntesdesanluis.com\/wp-content\/uploads\/2023\/07\/cropped-apuntesdesanluis.png","contentUrl":"https:\/\/apuntesdesanluis.com\/wp-content\/uploads\/2023\/07\/cropped-apuntesdesanluis.png","width":450,"height":112,"caption":"apuntesdesanluis.com"},"logo":{"@id":"https:\/\/apuntesdesanluis.com\/#\/schema\/person\/image\/"},"sameAs":["https:\/\/apuntesdesanluis.com"],"url":"https:\/\/apuntesdesanluis.com\/index.php\/author\/apuntesdesanluis-com\/"}]}},"featured_image_urls":{"full":["https:\/\/apuntesdesanluis.com\/wp-content\/uploads\/2024\/10\/POGGI-2.png",755,483,false],"thumbnail":["https:\/\/apuntesdesanluis.com\/wp-content\/uploads\/2024\/10\/POGGI-2-150x150.png",150,150,true],"medium":["https:\/\/apuntesdesanluis.com\/wp-content\/uploads\/2024\/10\/POGGI-2-300x192.png",300,192,true],"medium_large":["https:\/\/apuntesdesanluis.com\/wp-content\/uploads\/2024\/10\/POGGI-2.png",640,409,false],"large":["https:\/\/apuntesdesanluis.com\/wp-content\/uploads\/2024\/10\/POGGI-2.png",640,409,false],"1536x1536":["https:\/\/apuntesdesanluis.com\/wp-content\/uploads\/2024\/10\/POGGI-2.png",755,483,false],"2048x2048":["https:\/\/apuntesdesanluis.com\/wp-content\/uploads\/2024\/10\/POGGI-2.png",755,483,false],"newsever-slider-full":["https:\/\/apuntesdesanluis.com\/wp-content\/uploads\/2024\/10\/POGGI-2.png",755,483,false],"newsever-featured":["https:\/\/apuntesdesanluis.com\/wp-content\/uploads\/2024\/10\/POGGI-2.png",755,483,false],"newsever-medium":["https:\/\/apuntesdesanluis.com\/wp-content\/uploads\/2024\/10\/POGGI-2-720x475.png",720,475,true]},"author_info":{"display_name":"apuntesdesanluis.com","author_link":"https:\/\/apuntesdesanluis.com\/index.php\/author\/apuntesdesanluis-com\/"},"category_info":"<a href=\"https:\/\/apuntesdesanluis.com\/index.php\/category\/ciudad-provincia\/\" rel=\"category tag\">Ciudad\/Provincia<\/a>","tag_info":"Ciudad\/Provincia","comment_count":"0","_links":{"self":[{"href":"https:\/\/apuntesdesanluis.com\/index.php\/wp-json\/wp\/v2\/posts\/23607","targetHints":{"allow":["GET"]}}],"collection":[{"href":"https:\/\/apuntesdesanluis.com\/index.php\/wp-json\/wp\/v2\/posts"}],"about":[{"href":"https:\/\/apuntesdesanluis.com\/index.php\/wp-json\/wp\/v2\/types\/post"}],"author":[{"embeddable":true,"href":"https:\/\/apuntesdesanluis.com\/index.php\/wp-json\/wp\/v2\/users\/1"}],"replies":[{"embeddable":true,"href":"https:\/\/apuntesdesanluis.com\/index.php\/wp-json\/wp\/v2\/comments?post=23607"}],"version-history":[{"count":1,"href":"https:\/\/apuntesdesanluis.com\/index.php\/wp-json\/wp\/v2\/posts\/23607\/revisions"}],"predecessor-version":[{"id":23609,"href":"https:\/\/apuntesdesanluis.com\/index.php\/wp-json\/wp\/v2\/posts\/23607\/revisions\/23609"}],"wp:featuredmedia":[{"embeddable":true,"href":"https:\/\/apuntesdesanluis.com\/index.php\/wp-json\/wp\/v2\/media\/23608"}],"wp:attachment":[{"href":"https:\/\/apuntesdesanluis.com\/index.php\/wp-json\/wp\/v2\/media?parent=23607"}],"wp:term":[{"taxonomy":"category","embeddable":true,"href":"https:\/\/apuntesdesanluis.com\/index.php\/wp-json\/wp\/v2\/categories?post=23607"},{"taxonomy":"post_tag","embeddable":true,"href":"https:\/\/apuntesdesanluis.com\/index.php\/wp-json\/wp\/v2\/tags?post=23607"}],"curies":[{"name":"wp","href":"https:\/\/api.w.org\/{rel}","templated":true}]}}