{"id":23610,"date":"2024-10-09T21:35:05","date_gmt":"2024-10-10T00:35:05","guid":{"rendered":"https:\/\/apuntesdesanluis.com\/?p=23610"},"modified":"2024-10-09T21:35:05","modified_gmt":"2024-10-10T00:35:05","slug":"otra-victoria-pirrica-del-gobierno-logro-mantener-el-veto-presidencial-a-la-ley-de-financiamiento-universitario","status":"publish","type":"post","link":"https:\/\/apuntesdesanluis.com\/index.php\/2024\/10\/09\/otra-victoria-pirrica-del-gobierno-logro-mantener-el-veto-presidencial-a-la-ley-de-financiamiento-universitario\/","title":{"rendered":"OTRA VICTORIA P\u00cdRRICA DEL GOBIERNO: LOGR\u00d3 MANTENER EL VETO PRESIDENCIAL A LA LEY DE FINANCIAMIENTO UNIVERSITARIO"},"content":{"rendered":"<h3>La oposici\u00f3n fracas\u00f3 con la insistencia de la ley universitaria. La intervenci\u00f3n del ex presidente <strong>Mauricio Macri<\/strong> d\u00edas atr\u00e1s cambi\u00f3 definitivamente la tendencia y fue determinante para que el oficialismo pudiera llegar al tercio de los votos. Tambi\u00e9n volvi\u00f3 a ser clave la divisi\u00f3n de la UCR.<\/h3>\n<h3>La C\u00e1mara de Diputados dej\u00f3 firme hoy el veto presidencial a la ley de financiamiento universitario, al no haber obtenido la oposici\u00f3n los dos tercios necesarios para mantener la iniciativa que hab\u00eda sido aprobada por el Congreso.<\/h3>\n<h3>Los bloques de<strong> Uni\u00f3n por la Patria, la UCR, Encuentro Federal, la Coalici\u00f3n C\u00edvica, el Frente de Izquierda, Por Santa Cruz, Producci\u00f3n y Trabajo<\/strong> y algunos legisladores monobloquistas lograron reunir 159 votos, pero no fue suficiente.<\/h3>\n<h3>Con 85 votos, el oficialismo de<strong> La Libertad Avanza (LLA) con el apoyo de bloques afines<\/strong> lograron levantar un muro infranqueable para la oposici\u00f3n, que se qued\u00f3 con las manos vac\u00edas.<\/h3>\n<h3>El oficialismo recibi\u00f3 la ayuda del grueso del<strong> PRO<\/strong>, cuatro diputados de la <strong>UCR<\/strong>, el <strong>MID<\/strong>, el bloque tucumano I<strong>ndependencia<\/strong> y <strong>Paula Omodeo<\/strong> de <strong>CREO<\/strong>.<\/h3>\n<h3>El resultado se completa con cinco abstenciones y ocho ausencias que fueron determinantes en la victoria oficialista.<\/h3>\n<h3>Despu\u00e9s de transpirar mucho la camiseta, de fatigar tel\u00e9fonos de gobernadores y diputados, el Gobierno gan\u00f3 otra batalla decisiva y mantiene el rumbo fijo con el norte puesto en el equilibrio fiscal.<\/h3>\n<h3>No le sobr\u00f3 nada. Hasta el tuit del ex presidente Mauricio Macri, en el que garantiz\u00f3 el apoyo del PRO, las fuerzas de la oposici\u00f3n ten\u00edan contra las cuerdas al oficialismo. Confiaban en que el partido amarillo iba a dictar libertad de acci\u00f3n y se iba a dividir.\u00a0La intervenci\u00f3n del fundador del PRO cambi\u00f3 definitivamente la tendencia y el partido fue otro.<\/h3>\n<h3>\u201cPens\u00e1bamos que por ejemplo Silvia Lospennato, Alejandro Finocchiaro y Sabrina Ajmechet iban a ausentarse si el PRO resolv\u00eda la libertad de acci\u00f3n\u201d, confes\u00f3 un diputado de Encuentro Federal.<\/h3>\n<h3>En el bloque que preside Miguel Pichetto tambi\u00e9n hubo movimientos sospechosos. Horas antes de la sesi\u00f3n, la cordobesa Alejandra Torres avis\u00f3 que no concurrir\u00eda a la sesiones por transitar problemas de salud.<\/h3>\n<h3>M\u00e1s alevoso fue el cambio en el voto del chubutense <strong>Jorge \u201cLoma\u201d \u00c1vila<\/strong>, quien estaba decidido a votar a favor de la universidad p\u00fablica hasta que recibi\u00f3 el llamado de su gobernador, <strong>Ignacio Torres<\/strong>. La orden fue que se ausentara y as\u00ed lo hizo.<\/h3>\n<h3>Lo del mandatario chubutense no qued\u00f3 en ese gesto. Tambi\u00e9n oper\u00f3 para que la otra diputada que le responde, <strong>Ana Clara Romero<\/strong> (PRO), quien hab\u00eda tenido expresiones de solidaridad con las universidades p\u00fablicas, votara a favor del veto.<\/h3>\n<h3>En Uni\u00f3n por la Patria llam\u00f3 la atenci\u00f3n la ausencia de la catamarque\u00f1a <strong>Fernanda \u00c1vila<\/strong>, posiblemente inducida por su gobernador, Ra\u00fal Jalil, quien para sostener la buena sinton\u00eda con el Gobierno ten\u00eda que ofrendar alg\u00fan favor pol\u00edtico.<\/h3>\n<h3>Como en la sesi\u00f3n en la que se trat\u00f3 el veto a la ley de movilidad jubilatoria, fue determinante la divisi\u00f3n de la UCR para desnivelar la balanza a favor del Gobierno.<\/h3>\n<h3>Los cinco <strong>\u201cradicales con peluca\u201d<\/strong>, como fueron apodados maliciosamente por quienes no perdonan la traici\u00f3n, volvieron a jugar en contra de su propia bancada.<\/h3>\n<h3>El &#8220;panquequeo&#8221; m\u00e1s expl\u00edcito fue el del misionero Mart\u00edn Arjol, que en la sesi\u00f3n del pasado 15 de agosto hab\u00eda votado a favor del financiamiento universitario y sin que hubiesen transcurrido siquiera dos meses hizo un giro copernicano para respaldar el veto.<\/h3>\n<h3>Los otros tres votos radicales que respaldaron la posici\u00f3n del oficialismo vinieron de manos de Mariano Campero, Mart\u00edn Picat y Jos\u00e9 Federico Tournier, en tanto que Pablo Cervi, que en la mencionada sesi\u00f3n hab\u00eda votado a favor de la ley, en esta ocasi\u00f3n opt\u00f3 por abstenerse.<\/h3>\n<h3>Con que tres de ellos hubieran votado con la oposici\u00f3n, se habr\u00edan alcanzado los dos tercios y el debate habr\u00eda continuado en el Senado, donde las previsiones eran bastante favorables para voltear el veto.<\/h3>\n<h3>Casi en la misma magnitud que la UCR, la fragmentaci\u00f3n del voto de Innovaci\u00f3n Federal fue clave. Pocos d\u00edas atr\u00e1s, los ocho diputados del interbloque iban a votar con el resto de la oposici\u00f3n.<\/h3>\n<h3>Pero algo sucedi\u00f3 en el medio para que de un momento a otro, los cuatro misioneros se dieran vuelta y optaran por abstenerse.<\/h3>\n<h3>Tanto los tres salte\u00f1os como el rionegrino Agust\u00edn Domingo respetaron la postura que hab\u00edan tenido el 15 de agosto y votaron en consecuencia.<\/h3>\n<h3>EL DEBATE EN EL RECINTO<\/h3>\n<h3>Durante su intervenci\u00f3n, la diputada libertaria Lourdes Arrieta (FE) anunci\u00f3 que rechazar\u00eda el veto a la ley de financiamiento universitario, con lo cual profundiz\u00f3 su distancia con el Gobierno Nacional.<\/h3>\n<h3>Destac\u00f3 que su compromiso es que \u201ccon los estudiantes y argentinos de bien, que nunca iban a poder acceder a la universidad p\u00fablica, pero con el IVA a la polenta que compran financian a las Universidades, la SIDE, los \u00f1oquis, y los trolls\u201d.<\/h3>\n<h3>La legisladora, expulsada del bloque de la Libertad Avanza, agreg\u00f3 que \u201cyo les pido perd\u00f3n a los argentinos porque el dinero no est\u00e1 siendo bien administrado\u201d y pidi\u00f3 que haya un debate sobre las auditor\u00edas.<\/h3>\n<h3>El diputado nacional de la UCR Facundo Manes asegur\u00f3 que \u201cla educaci\u00f3n es la mejor pol\u00edtica econ\u00f3mica en el siglo XXI\u201d.<\/h3>\n<h3>Al defender la ley de Financiamiento Universitario durante la sesi\u00f3n especial, el legislador radical argument\u00f3 que \u201clos pa\u00edses que est\u00e1n desarrollados es por sus sistemas educativos y cient\u00edficos\u201d.<\/h3>\n<h3>Para el neurocient\u00edfico, \u201cla educaci\u00f3n p\u00fablica es un derecho que define a nuestra Naci\u00f3n&#8221; y es &#8220;el coraz\u00f3n de la identidad argentina\u201d.<\/h3>\n<h3>\u201cCuando pienso en la educaci\u00f3n no pienso en estad\u00edstica o en un presupuesto. Pienso en inversi\u00f3n, en esperanza. Pienso en millones de argentinos que encontraron en la educaci\u00f3n la posibilidad de ser alguien y de so\u00f1ar&#8221;, manifest\u00f3.<\/h3>\n<h3>Por su parte, Pichetto se\u00f1al\u00f3 que el aumento de los recursos para las universidades prevista en la ley representaba &#8220;solo el 0,14 del PBI&#8221;, seg\u00fan estim\u00f3 informe de la Oficina del Presupuesto del Congreso.<\/h3>\n<h3>Al apuntar sobre la alianza parlamentaria entre el oficialismo y el PRO, consider\u00f3 que \u201cac\u00e1 lo que est\u00e1n haciendo es consolidar el partido del bloqueo y de la minor\u00eda\u201d.<\/h3>\n<h3>El diputado nacional del PRO Fernando Iglesias rebati\u00f3 a la oposici\u00f3n al considerar que \u201cno hay ning\u00fan plan de desmantelamiento de la universidad p\u00fablica\u201d y calific\u00f3 de \u201cmentirosos\u201d y \u201ccaraduras\u201d a quienes pretender instalar esa interpretaci\u00f3n.<\/h3>\n<h3>\u201cNo estamos discutiendo el valor ni la continuidad de la universidad p\u00fablica. No hay ning\u00fan plan desmantelamiento. Mienten sin pruebas los que dicen eso\u201d, indic\u00f3.<\/h3>\n<h3>El diputado nacional de la Coalici\u00f3n C\u00edvica Maximiliano Ferraro sostuvo que con el veto a la ley de Financiamiento Universitario, el oficialismo est\u00e1 conduciendo a \u201cun claro conflicto de poderes\u201d.<\/h3>\n<h3>\u201cApareci\u00f3 la plata en el d\u00eda de ayer para tratar de sumar mayor cantidad de diputados, y para impedir hoy que tengamos los dos tercios&#8221;, se quej\u00f3 el legislador opositor.<\/h3>\n<h3>A su turno, el presidente del bloque de la UCR, Rodrigo De Loredo, asegur\u00f3 que &#8220;es falso&#8221; que el aumento de partidas para la educaci\u00f3n superior p\u00fablica pueda &#8220;quebrar el equilibrio fiscal&#8221;, dado que \u201cel 0,14 que prev\u00e9 la oficina de presupuesto del Congreso equivale el 10 % del super\u00e1vit primario\u201d.<\/h3>\n<h3>El presidente del bloque de diputados nacionales del PRO, Cristian Ritondo, embisti\u00f3 contra los sectores de la oposici\u00f3n que est\u00e1n en contra del veto a la ley de financiamiento universitario, a los que acus\u00f3 de querer \u201cgolpear a un Gobierno que tiene debilidad parlamentaria\u201d.<\/h3>\n<h3>En representaci\u00f3n de Uni\u00f3n por la Patria, el jefe del bloque, Germ\u00e1n Mart\u00ednez, sostuvo que &#8220;no se hace pol\u00edtica traicionando los compromisos electorales&#8221; y llam\u00f3 a rebelarse &#8220;contra los aprietes del Gobierno y de los jefes pol\u00edticos territoriales&#8221;, al defender la ley de financiamiento universitario cuyo veto fue ratificado por el cuerpo.<\/h3>\n<p>&nbsp;<\/p>\n<p>&nbsp;<\/p>\n<p>&nbsp;<\/p>\n<p>&nbsp;<\/p>\n<p>&nbsp;<\/p>\n<p>&nbsp;<\/p>\n","protected":false},"excerpt":{"rendered":"<p>La oposici\u00f3n fracas\u00f3 con la insistencia de la ley universitaria. La intervenci\u00f3n del ex presidente&#8230;<\/p>\n","protected":false},"author":1,"featured_media":23611,"comment_status":"closed","ping_status":"closed","sticky":false,"template":"","format":"standard","meta":{"footnotes":""},"categories":[5],"tags":[],"class_list":["post-23610","post","type-post","status-publish","format-standard","has-post-thumbnail","hentry","category-nacionales-internacionales"],"yoast_head":"<!-- This site is optimized with the Yoast SEO plugin v26.1.1 - https:\/\/yoast.com\/wordpress\/plugins\/seo\/ -->\n<title>OTRA VICTORIA P\u00cdRRICA DEL GOBIERNO: LOGR\u00d3 MANTENER EL VETO PRESIDENCIAL A LA LEY DE FINANCIAMIENTO UNIVERSITARIO - Apuntes de San Luis<\/title>\n<meta name=\"robots\" content=\"index, follow, max-snippet:-1, max-image-preview:large, max-video-preview:-1\" \/>\n<link rel=\"canonical\" href=\"https:\/\/apuntesdesanluis.com\/index.php\/2024\/10\/09\/otra-victoria-pirrica-del-gobierno-logro-mantener-el-veto-presidencial-a-la-ley-de-financiamiento-universitario\/\" \/>\n<meta property=\"og:locale\" content=\"es_ES\" \/>\n<meta property=\"og:type\" content=\"article\" \/>\n<meta property=\"og:title\" content=\"OTRA VICTORIA P\u00cdRRICA DEL GOBIERNO: LOGR\u00d3 MANTENER EL VETO PRESIDENCIAL A LA LEY DE FINANCIAMIENTO UNIVERSITARIO - Apuntes de San Luis\" \/>\n<meta property=\"og:description\" content=\"La oposici\u00f3n fracas\u00f3 con la insistencia de la ley universitaria. La intervenci\u00f3n del ex presidente...\" \/>\n<meta property=\"og:url\" content=\"https:\/\/apuntesdesanluis.com\/index.php\/2024\/10\/09\/otra-victoria-pirrica-del-gobierno-logro-mantener-el-veto-presidencial-a-la-ley-de-financiamiento-universitario\/\" \/>\n<meta property=\"og:site_name\" content=\"Apuntes de San Luis\" \/>\n<meta property=\"article:published_time\" content=\"2024-10-10T00:35:05+00:00\" \/>\n<meta property=\"og:image\" content=\"https:\/\/apuntesdesanluis.com\/wp-content\/uploads\/2024\/10\/camara-de-diputados.png\" \/>\n\t<meta property=\"og:image:width\" content=\"748\" \/>\n\t<meta property=\"og:image:height\" content=\"431\" \/>\n\t<meta property=\"og:image:type\" content=\"image\/png\" \/>\n<meta name=\"author\" content=\"apuntesdesanluis.com\" \/>\n<meta name=\"twitter:card\" content=\"summary_large_image\" \/>\n<meta name=\"twitter:label1\" content=\"Escrito por\" \/>\n\t<meta name=\"twitter:data1\" content=\"apuntesdesanluis.com\" \/>\n\t<meta name=\"twitter:label2\" content=\"Tiempo de lectura\" \/>\n\t<meta name=\"twitter:data2\" content=\"7 minutos\" \/>\n<script type=\"application\/ld+json\" class=\"yoast-schema-graph\">{\"@context\":\"https:\/\/schema.org\",\"@graph\":[{\"@type\":\"Article\",\"@id\":\"https:\/\/apuntesdesanluis.com\/index.php\/2024\/10\/09\/otra-victoria-pirrica-del-gobierno-logro-mantener-el-veto-presidencial-a-la-ley-de-financiamiento-universitario\/#article\",\"isPartOf\":{\"@id\":\"https:\/\/apuntesdesanluis.com\/index.php\/2024\/10\/09\/otra-victoria-pirrica-del-gobierno-logro-mantener-el-veto-presidencial-a-la-ley-de-financiamiento-universitario\/\"},\"author\":{\"name\":\"apuntesdesanluis.com\",\"@id\":\"https:\/\/apuntesdesanluis.com\/#\/schema\/person\/b55151d52296fcce64d1a72538a70b90\"},\"headline\":\"OTRA VICTORIA P\u00cdRRICA DEL GOBIERNO: LOGR\u00d3 MANTENER EL VETO PRESIDENCIAL A LA LEY DE FINANCIAMIENTO UNIVERSITARIO\",\"datePublished\":\"2024-10-10T00:35:05+00:00\",\"mainEntityOfPage\":{\"@id\":\"https:\/\/apuntesdesanluis.com\/index.php\/2024\/10\/09\/otra-victoria-pirrica-del-gobierno-logro-mantener-el-veto-presidencial-a-la-ley-de-financiamiento-universitario\/\"},\"wordCount\":1402,\"publisher\":{\"@id\":\"https:\/\/apuntesdesanluis.com\/#\/schema\/person\/b55151d52296fcce64d1a72538a70b90\"},\"image\":{\"@id\":\"https:\/\/apuntesdesanluis.com\/index.php\/2024\/10\/09\/otra-victoria-pirrica-del-gobierno-logro-mantener-el-veto-presidencial-a-la-ley-de-financiamiento-universitario\/#primaryimage\"},\"thumbnailUrl\":\"https:\/\/apuntesdesanluis.com\/wp-content\/uploads\/2024\/10\/camara-de-diputados.png\",\"articleSection\":[\"Nacionales\/Internacionales\"],\"inLanguage\":\"es-AR\"},{\"@type\":\"WebPage\",\"@id\":\"https:\/\/apuntesdesanluis.com\/index.php\/2024\/10\/09\/otra-victoria-pirrica-del-gobierno-logro-mantener-el-veto-presidencial-a-la-ley-de-financiamiento-universitario\/\",\"url\":\"https:\/\/apuntesdesanluis.com\/index.php\/2024\/10\/09\/otra-victoria-pirrica-del-gobierno-logro-mantener-el-veto-presidencial-a-la-ley-de-financiamiento-universitario\/\",\"name\":\"OTRA VICTORIA P\u00cdRRICA DEL GOBIERNO: LOGR\u00d3 MANTENER EL VETO PRESIDENCIAL A LA LEY DE FINANCIAMIENTO UNIVERSITARIO - Apuntes de San Luis\",\"isPartOf\":{\"@id\":\"https:\/\/apuntesdesanluis.com\/#website\"},\"primaryImageOfPage\":{\"@id\":\"https:\/\/apuntesdesanluis.com\/index.php\/2024\/10\/09\/otra-victoria-pirrica-del-gobierno-logro-mantener-el-veto-presidencial-a-la-ley-de-financiamiento-universitario\/#primaryimage\"},\"image\":{\"@id\":\"https:\/\/apuntesdesanluis.com\/index.php\/2024\/10\/09\/otra-victoria-pirrica-del-gobierno-logro-mantener-el-veto-presidencial-a-la-ley-de-financiamiento-universitario\/#primaryimage\"},\"thumbnailUrl\":\"https:\/\/apuntesdesanluis.com\/wp-content\/uploads\/2024\/10\/camara-de-diputados.png\",\"datePublished\":\"2024-10-10T00:35:05+00:00\",\"breadcrumb\":{\"@id\":\"https:\/\/apuntesdesanluis.com\/index.php\/2024\/10\/09\/otra-victoria-pirrica-del-gobierno-logro-mantener-el-veto-presidencial-a-la-ley-de-financiamiento-universitario\/#breadcrumb\"},\"inLanguage\":\"es-AR\",\"potentialAction\":[{\"@type\":\"ReadAction\",\"target\":[\"https:\/\/apuntesdesanluis.com\/index.php\/2024\/10\/09\/otra-victoria-pirrica-del-gobierno-logro-mantener-el-veto-presidencial-a-la-ley-de-financiamiento-universitario\/\"]}]},{\"@type\":\"ImageObject\",\"inLanguage\":\"es-AR\",\"@id\":\"https:\/\/apuntesdesanluis.com\/index.php\/2024\/10\/09\/otra-victoria-pirrica-del-gobierno-logro-mantener-el-veto-presidencial-a-la-ley-de-financiamiento-universitario\/#primaryimage\",\"url\":\"https:\/\/apuntesdesanluis.com\/wp-content\/uploads\/2024\/10\/camara-de-diputados.png\",\"contentUrl\":\"https:\/\/apuntesdesanluis.com\/wp-content\/uploads\/2024\/10\/camara-de-diputados.png\",\"width\":748,\"height\":431},{\"@type\":\"BreadcrumbList\",\"@id\":\"https:\/\/apuntesdesanluis.com\/index.php\/2024\/10\/09\/otra-victoria-pirrica-del-gobierno-logro-mantener-el-veto-presidencial-a-la-ley-de-financiamiento-universitario\/#breadcrumb\",\"itemListElement\":[{\"@type\":\"ListItem\",\"position\":1,\"name\":\"Inicio\",\"item\":\"https:\/\/apuntesdesanluis.com\/\"},{\"@type\":\"ListItem\",\"position\":2,\"name\":\"OTRA VICTORIA P\u00cdRRICA DEL GOBIERNO: LOGR\u00d3 MANTENER EL VETO PRESIDENCIAL A LA LEY DE FINANCIAMIENTO UNIVERSITARIO\"}]},{\"@type\":\"WebSite\",\"@id\":\"https:\/\/apuntesdesanluis.com\/#website\",\"url\":\"https:\/\/apuntesdesanluis.com\/\",\"name\":\"Apuntes de San Luis\",\"description\":\"\",\"publisher\":{\"@id\":\"https:\/\/apuntesdesanluis.com\/#\/schema\/person\/b55151d52296fcce64d1a72538a70b90\"},\"potentialAction\":[{\"@type\":\"SearchAction\",\"target\":{\"@type\":\"EntryPoint\",\"urlTemplate\":\"https:\/\/apuntesdesanluis.com\/?s={search_term_string}\"},\"query-input\":{\"@type\":\"PropertyValueSpecification\",\"valueRequired\":true,\"valueName\":\"search_term_string\"}}],\"inLanguage\":\"es-AR\"},{\"@type\":[\"Person\",\"Organization\"],\"@id\":\"https:\/\/apuntesdesanluis.com\/#\/schema\/person\/b55151d52296fcce64d1a72538a70b90\",\"name\":\"apuntesdesanluis.com\",\"image\":{\"@type\":\"ImageObject\",\"inLanguage\":\"es-AR\",\"@id\":\"https:\/\/apuntesdesanluis.com\/#\/schema\/person\/image\/\",\"url\":\"https:\/\/apuntesdesanluis.com\/wp-content\/uploads\/2023\/07\/cropped-apuntesdesanluis.png\",\"contentUrl\":\"https:\/\/apuntesdesanluis.com\/wp-content\/uploads\/2023\/07\/cropped-apuntesdesanluis.png\",\"width\":450,\"height\":112,\"caption\":\"apuntesdesanluis.com\"},\"logo\":{\"@id\":\"https:\/\/apuntesdesanluis.com\/#\/schema\/person\/image\/\"},\"sameAs\":[\"https:\/\/apuntesdesanluis.com\"],\"url\":\"https:\/\/apuntesdesanluis.com\/index.php\/author\/apuntesdesanluis-com\/\"}]}<\/script>\n<!-- \/ Yoast SEO plugin. -->","yoast_head_json":{"title":"OTRA VICTORIA P\u00cdRRICA DEL GOBIERNO: LOGR\u00d3 MANTENER EL VETO PRESIDENCIAL A LA LEY DE FINANCIAMIENTO UNIVERSITARIO - Apuntes de San Luis","robots":{"index":"index","follow":"follow","max-snippet":"max-snippet:-1","max-image-preview":"max-image-preview:large","max-video-preview":"max-video-preview:-1"},"canonical":"https:\/\/apuntesdesanluis.com\/index.php\/2024\/10\/09\/otra-victoria-pirrica-del-gobierno-logro-mantener-el-veto-presidencial-a-la-ley-de-financiamiento-universitario\/","og_locale":"es_ES","og_type":"article","og_title":"OTRA VICTORIA P\u00cdRRICA DEL GOBIERNO: LOGR\u00d3 MANTENER EL VETO PRESIDENCIAL A LA LEY DE FINANCIAMIENTO UNIVERSITARIO - Apuntes de San Luis","og_description":"La oposici\u00f3n fracas\u00f3 con la insistencia de la ley universitaria. La intervenci\u00f3n del ex presidente...","og_url":"https:\/\/apuntesdesanluis.com\/index.php\/2024\/10\/09\/otra-victoria-pirrica-del-gobierno-logro-mantener-el-veto-presidencial-a-la-ley-de-financiamiento-universitario\/","og_site_name":"Apuntes de San Luis","article_published_time":"2024-10-10T00:35:05+00:00","og_image":[{"width":748,"height":431,"url":"https:\/\/apuntesdesanluis.com\/wp-content\/uploads\/2024\/10\/camara-de-diputados.png","type":"image\/png"}],"author":"apuntesdesanluis.com","twitter_card":"summary_large_image","twitter_misc":{"Escrito por":"apuntesdesanluis.com","Tiempo de lectura":"7 minutos"},"schema":{"@context":"https:\/\/schema.org","@graph":[{"@type":"Article","@id":"https:\/\/apuntesdesanluis.com\/index.php\/2024\/10\/09\/otra-victoria-pirrica-del-gobierno-logro-mantener-el-veto-presidencial-a-la-ley-de-financiamiento-universitario\/#article","isPartOf":{"@id":"https:\/\/apuntesdesanluis.com\/index.php\/2024\/10\/09\/otra-victoria-pirrica-del-gobierno-logro-mantener-el-veto-presidencial-a-la-ley-de-financiamiento-universitario\/"},"author":{"name":"apuntesdesanluis.com","@id":"https:\/\/apuntesdesanluis.com\/#\/schema\/person\/b55151d52296fcce64d1a72538a70b90"},"headline":"OTRA VICTORIA P\u00cdRRICA DEL GOBIERNO: LOGR\u00d3 MANTENER EL VETO PRESIDENCIAL A LA LEY DE FINANCIAMIENTO UNIVERSITARIO","datePublished":"2024-10-10T00:35:05+00:00","mainEntityOfPage":{"@id":"https:\/\/apuntesdesanluis.com\/index.php\/2024\/10\/09\/otra-victoria-pirrica-del-gobierno-logro-mantener-el-veto-presidencial-a-la-ley-de-financiamiento-universitario\/"},"wordCount":1402,"publisher":{"@id":"https:\/\/apuntesdesanluis.com\/#\/schema\/person\/b55151d52296fcce64d1a72538a70b90"},"image":{"@id":"https:\/\/apuntesdesanluis.com\/index.php\/2024\/10\/09\/otra-victoria-pirrica-del-gobierno-logro-mantener-el-veto-presidencial-a-la-ley-de-financiamiento-universitario\/#primaryimage"},"thumbnailUrl":"https:\/\/apuntesdesanluis.com\/wp-content\/uploads\/2024\/10\/camara-de-diputados.png","articleSection":["Nacionales\/Internacionales"],"inLanguage":"es-AR"},{"@type":"WebPage","@id":"https:\/\/apuntesdesanluis.com\/index.php\/2024\/10\/09\/otra-victoria-pirrica-del-gobierno-logro-mantener-el-veto-presidencial-a-la-ley-de-financiamiento-universitario\/","url":"https:\/\/apuntesdesanluis.com\/index.php\/2024\/10\/09\/otra-victoria-pirrica-del-gobierno-logro-mantener-el-veto-presidencial-a-la-ley-de-financiamiento-universitario\/","name":"OTRA VICTORIA P\u00cdRRICA DEL GOBIERNO: LOGR\u00d3 MANTENER EL VETO PRESIDENCIAL A LA LEY DE FINANCIAMIENTO UNIVERSITARIO - Apuntes de San Luis","isPartOf":{"@id":"https:\/\/apuntesdesanluis.com\/#website"},"primaryImageOfPage":{"@id":"https:\/\/apuntesdesanluis.com\/index.php\/2024\/10\/09\/otra-victoria-pirrica-del-gobierno-logro-mantener-el-veto-presidencial-a-la-ley-de-financiamiento-universitario\/#primaryimage"},"image":{"@id":"https:\/\/apuntesdesanluis.com\/index.php\/2024\/10\/09\/otra-victoria-pirrica-del-gobierno-logro-mantener-el-veto-presidencial-a-la-ley-de-financiamiento-universitario\/#primaryimage"},"thumbnailUrl":"https:\/\/apuntesdesanluis.com\/wp-content\/uploads\/2024\/10\/camara-de-diputados.png","datePublished":"2024-10-10T00:35:05+00:00","breadcrumb":{"@id":"https:\/\/apuntesdesanluis.com\/index.php\/2024\/10\/09\/otra-victoria-pirrica-del-gobierno-logro-mantener-el-veto-presidencial-a-la-ley-de-financiamiento-universitario\/#breadcrumb"},"inLanguage":"es-AR","potentialAction":[{"@type":"ReadAction","target":["https:\/\/apuntesdesanluis.com\/index.php\/2024\/10\/09\/otra-victoria-pirrica-del-gobierno-logro-mantener-el-veto-presidencial-a-la-ley-de-financiamiento-universitario\/"]}]},{"@type":"ImageObject","inLanguage":"es-AR","@id":"https:\/\/apuntesdesanluis.com\/index.php\/2024\/10\/09\/otra-victoria-pirrica-del-gobierno-logro-mantener-el-veto-presidencial-a-la-ley-de-financiamiento-universitario\/#primaryimage","url":"https:\/\/apuntesdesanluis.com\/wp-content\/uploads\/2024\/10\/camara-de-diputados.png","contentUrl":"https:\/\/apuntesdesanluis.com\/wp-content\/uploads\/2024\/10\/camara-de-diputados.png","width":748,"height":431},{"@type":"BreadcrumbList","@id":"https:\/\/apuntesdesanluis.com\/index.php\/2024\/10\/09\/otra-victoria-pirrica-del-gobierno-logro-mantener-el-veto-presidencial-a-la-ley-de-financiamiento-universitario\/#breadcrumb","itemListElement":[{"@type":"ListItem","position":1,"name":"Inicio","item":"https:\/\/apuntesdesanluis.com\/"},{"@type":"ListItem","position":2,"name":"OTRA VICTORIA P\u00cdRRICA DEL GOBIERNO: LOGR\u00d3 MANTENER EL VETO PRESIDENCIAL A LA LEY DE FINANCIAMIENTO UNIVERSITARIO"}]},{"@type":"WebSite","@id":"https:\/\/apuntesdesanluis.com\/#website","url":"https:\/\/apuntesdesanluis.com\/","name":"Apuntes de San Luis","description":"","publisher":{"@id":"https:\/\/apuntesdesanluis.com\/#\/schema\/person\/b55151d52296fcce64d1a72538a70b90"},"potentialAction":[{"@type":"SearchAction","target":{"@type":"EntryPoint","urlTemplate":"https:\/\/apuntesdesanluis.com\/?s={search_term_string}"},"query-input":{"@type":"PropertyValueSpecification","valueRequired":true,"valueName":"search_term_string"}}],"inLanguage":"es-AR"},{"@type":["Person","Organization"],"@id":"https:\/\/apuntesdesanluis.com\/#\/schema\/person\/b55151d52296fcce64d1a72538a70b90","name":"apuntesdesanluis.com","image":{"@type":"ImageObject","inLanguage":"es-AR","@id":"https:\/\/apuntesdesanluis.com\/#\/schema\/person\/image\/","url":"https:\/\/apuntesdesanluis.com\/wp-content\/uploads\/2023\/07\/cropped-apuntesdesanluis.png","contentUrl":"https:\/\/apuntesdesanluis.com\/wp-content\/uploads\/2023\/07\/cropped-apuntesdesanluis.png","width":450,"height":112,"caption":"apuntesdesanluis.com"},"logo":{"@id":"https:\/\/apuntesdesanluis.com\/#\/schema\/person\/image\/"},"sameAs":["https:\/\/apuntesdesanluis.com"],"url":"https:\/\/apuntesdesanluis.com\/index.php\/author\/apuntesdesanluis-com\/"}]}},"featured_image_urls":{"full":["https:\/\/apuntesdesanluis.com\/wp-content\/uploads\/2024\/10\/camara-de-diputados.png",748,431,false],"thumbnail":["https:\/\/apuntesdesanluis.com\/wp-content\/uploads\/2024\/10\/camara-de-diputados-150x150.png",150,150,true],"medium":["https:\/\/apuntesdesanluis.com\/wp-content\/uploads\/2024\/10\/camara-de-diputados-300x173.png",300,173,true],"medium_large":["https:\/\/apuntesdesanluis.com\/wp-content\/uploads\/2024\/10\/camara-de-diputados.png",640,369,false],"large":["https:\/\/apuntesdesanluis.com\/wp-content\/uploads\/2024\/10\/camara-de-diputados.png",640,369,false],"1536x1536":["https:\/\/apuntesdesanluis.com\/wp-content\/uploads\/2024\/10\/camara-de-diputados.png",748,431,false],"2048x2048":["https:\/\/apuntesdesanluis.com\/wp-content\/uploads\/2024\/10\/camara-de-diputados.png",748,431,false],"newsever-slider-full":["https:\/\/apuntesdesanluis.com\/wp-content\/uploads\/2024\/10\/camara-de-diputados.png",748,431,false],"newsever-featured":["https:\/\/apuntesdesanluis.com\/wp-content\/uploads\/2024\/10\/camara-de-diputados.png",748,431,false],"newsever-medium":["https:\/\/apuntesdesanluis.com\/wp-content\/uploads\/2024\/10\/camara-de-diputados-720x431.png",720,431,true]},"author_info":{"display_name":"apuntesdesanluis.com","author_link":"https:\/\/apuntesdesanluis.com\/index.php\/author\/apuntesdesanluis-com\/"},"category_info":"<a href=\"https:\/\/apuntesdesanluis.com\/index.php\/category\/nacionales-internacionales\/\" rel=\"category tag\">Nacionales\/Internacionales<\/a>","tag_info":"Nacionales\/Internacionales","comment_count":"0","_links":{"self":[{"href":"https:\/\/apuntesdesanluis.com\/index.php\/wp-json\/wp\/v2\/posts\/23610","targetHints":{"allow":["GET"]}}],"collection":[{"href":"https:\/\/apuntesdesanluis.com\/index.php\/wp-json\/wp\/v2\/posts"}],"about":[{"href":"https:\/\/apuntesdesanluis.com\/index.php\/wp-json\/wp\/v2\/types\/post"}],"author":[{"embeddable":true,"href":"https:\/\/apuntesdesanluis.com\/index.php\/wp-json\/wp\/v2\/users\/1"}],"replies":[{"embeddable":true,"href":"https:\/\/apuntesdesanluis.com\/index.php\/wp-json\/wp\/v2\/comments?post=23610"}],"version-history":[{"count":1,"href":"https:\/\/apuntesdesanluis.com\/index.php\/wp-json\/wp\/v2\/posts\/23610\/revisions"}],"predecessor-version":[{"id":23612,"href":"https:\/\/apuntesdesanluis.com\/index.php\/wp-json\/wp\/v2\/posts\/23610\/revisions\/23612"}],"wp:featuredmedia":[{"embeddable":true,"href":"https:\/\/apuntesdesanluis.com\/index.php\/wp-json\/wp\/v2\/media\/23611"}],"wp:attachment":[{"href":"https:\/\/apuntesdesanluis.com\/index.php\/wp-json\/wp\/v2\/media?parent=23610"}],"wp:term":[{"taxonomy":"category","embeddable":true,"href":"https:\/\/apuntesdesanluis.com\/index.php\/wp-json\/wp\/v2\/categories?post=23610"},{"taxonomy":"post_tag","embeddable":true,"href":"https:\/\/apuntesdesanluis.com\/index.php\/wp-json\/wp\/v2\/tags?post=23610"}],"curies":[{"name":"wp","href":"https:\/\/api.w.org\/{rel}","templated":true}]}}