{"id":23613,"date":"2024-10-09T21:41:26","date_gmt":"2024-10-10T00:41:26","guid":{"rendered":"https:\/\/apuntesdesanluis.com\/?p=23613"},"modified":"2024-10-09T21:41:26","modified_gmt":"2024-10-10T00:41:26","slug":"veto-a-la-ley-universitaria-los-diputados-que-dieron-vuelta-la-votacion-a-favor-del-oficialismo","status":"publish","type":"post","link":"https:\/\/apuntesdesanluis.com\/index.php\/2024\/10\/09\/veto-a-la-ley-universitaria-los-diputados-que-dieron-vuelta-la-votacion-a-favor-del-oficialismo\/","title":{"rendered":"VETO A LA LEY UNIVERSITARIA: LOS DIPUTADOS QUE DIERON VUELTA LA VOTACI\u00d3N A FAVOR DEL OFICIALISMO"},"content":{"rendered":"<h3>Con la ayuda del <strong>PRO<\/strong>, el Gobierno lograba cambiar la tendencia y alimentaba su ilusi\u00f3n, pero no habr\u00eda sido suficiente de no haber contado con m\u00e1s aliados.<\/h3>\n<h3>Hasta el domingo a la ma\u00f1ana, cuando el ex presidente <strong>Mauricio Macri<\/strong> public\u00f3 un tuit con el que orden\u00f3 a la tropa del PRO y emparej\u00f3 la disputa abierta con la oposici\u00f3n en torno a la ley de Financiamiento Universitario, el escenario se presentaba cuesta arriba para el oficialismo.<\/h3>\n<h3>Como en la sesi\u00f3n en la que se trat\u00f3 el veto a la ley de movilidad jubilatoria, fue determinante la divisi\u00f3n de la<strong> UCR<\/strong> para desnivelar la balanza a favor del Gobierno.<\/h3>\n<h3>Los cinco<strong> \u201cradicales con peluca\u201d<\/strong>, como fueron apodados maliciosamente por quienes no perdonan la traici\u00f3n, volvieron a jugar en contra de su propia bancada.<\/h3>\n<h3>El &#8220;panquequeo&#8221; m\u00e1s expl\u00edcito fue el del misionero <strong>Mart\u00edn Arjol<\/strong>, que en la sesi\u00f3n del pasado 15 de agosto hab\u00eda votado a favor del financiamiento universitario y sin que hubiesen transcurrido siquiera dos meses hizo un giro copernicano para respaldar el veto.<\/h3>\n<h3>Los otros tres votos radicales que respaldaron la posici\u00f3n del oficialismo vinieron de manos de Mariano Campero, Mart\u00edn Picat y Jos\u00e9 Federico Tournier, en tanto que Pablo Cervi, que en la mencionada sesi\u00f3n hab\u00eda votado a favor de la ley, en esta ocasi\u00f3n opt\u00f3 por abstenerse.<\/h3>\n<h3>Con que tres de ellos hubieran votado con la oposici\u00f3n, se habr\u00edan alcanzado los dos tercios y el debate habr\u00eda continuado en el Senado, donde las previsiones eran bastante favorables para voltear el veto.<\/h3>\n<h3>Casi en la misma magnitud que la UCR, la fragmentaci\u00f3n del voto de Innovaci\u00f3n Federal fue clave. Pocos d\u00edas atr\u00e1s, los ocho diputados del interbloque iban a votar con el resto de la oposici\u00f3n.<\/h3>\n<h3>Pero algo sucedi\u00f3 en el medio para que de un momento a otro, los cuatro misioneros se dieran vuelta y optaran por abstenerse.<\/h3>\n<h3>Tanto los tres salte\u00f1os como el rionegrino Agust\u00edn Domingo respetaron la postura que hab\u00edan tenido el 15 de agosto y votaron en consecuencia.<\/h3>\n<h3>Las gestiones de la Casa Rosada con gobernadores tambi\u00e9n dieron sus frutos. El caso m\u00e1s paradigm\u00e1tico es el del chubutense Ignacio \u201cNacho\u201d Torres, a quien le responden dos diputados nacionales.<\/h3>\n<h3>El mandatario patag\u00f3nico tiene los huevos repartidos en dos canastas: Jorge \u201cLoma\u201d \u00c1vila integra Encuentro Federal, el bloque que preside Miguel Pichetto, en tanto que Ana Clara Romero est\u00e1 en el PRO.<\/h3>\n<h3>\u00c1vila estaba decidido a votar a favor de la universidad p\u00fablica hasta que recibi\u00f3 el llamado de su gobernador con la orden de que se ausentara. As\u00ed se hizo.<\/h3>\n<h3>Torres tambi\u00e9n oper\u00f3 para que Romero, que hab\u00eda tenido expresiones de solidaridad con las universidades p\u00fablicas, votara a favor del veto.<\/h3>\n<h3>En la previa, se especulaba que los dos santacruce\u00f1os del bloque que responde al gobernador Claudio Vidal iban a expresarse a favor de la ley. Por eso sorprendi\u00f3 que Jos\u00e9 Garrido votara por la negativa, en contraste con Sergio Acevedo.<\/h3>\n<h3>En Uni\u00f3n por la Patria llam\u00f3 la atenci\u00f3n la ausencia de la catamarque\u00f1a Fernanda \u00c1vila, posiblemente inducida por su gobernador, Ra\u00fal Jalil, quien para sostener la buena sinton\u00eda con el Gobierno ten\u00eda que ofrendar alg\u00fan favor pol\u00edtico.<\/h3>\n<h3>La distribuci\u00f3n de los votos:<\/h3>\n<h3><strong>AFIRMATIVOS: 159<\/strong><\/h3>\n<h3>&#8211; UP: 98 (de 99) (1 ausente: Fernanda \u00c1vila &#8211; Catamarca)<\/h3>\n<h3>&#8211; UCR: 27 (de 33).<\/h3>\n<h3>&#8211; Encuentro Federal: 13 (de 16).<\/h3>\n<h3>&#8211; CC: 6 (de 6)<\/h3>\n<h3>&#8211; Frente de Izquierda: 5 (de 5)<\/h3>\n<h3>&#8211; PRO 2 (de 38) (\u00c1lvaro Gonzalez y H\u00e9ctor Baldassi afirmativos)<\/h3>\n<h3>&#8211; Producci\u00f3n y Trabajo: 2 (de 2)<\/h3>\n<h3>&#8211; Innovaci\u00f3n Federal &#8211; Salta: 2 (de 3).<\/h3>\n<h3>&#8211; Innovaci\u00f3n Federal &#8211; Rio Negro: 1 (de 1)<\/h3>\n<h3>&#8211; Lourdes Arrieta: 1 (de 1)<\/h3>\n<h3>&#8211; MPN: 1 (de 1)<\/h3>\n<h3>&#8211; Por Santa Cruz: 1 (de 2) (Sergio Acevedo afirmativo)<\/h3>\n<h3><strong>NEGATIVOS: 85<\/strong><\/h3>\n<h3>&#8211; LLA: 39 (de 39)<\/h3>\n<h3>&#8211; PRO: 35 (de 38)<\/h3>\n<h3>&#8211; Independencia (Gobernador Jaldo): 3 (de 3)<\/h3>\n<h3>&#8211; UCR: 4 (de 33) (4 negativos: Luis Picat, Jos\u00e9 Federico Tournier, Mariano Campero y Mart\u00edn Arjol)\u00a0\u00a0 \u00a0\u00a0\u00a0\u00a0\u00a0\u00a0\u00a0\u00a0\u00a0\u00a0\u00a0\u00a0\u00a0\u00a0\u00a0\u00a0\u00a0\u00a0\u00a0\u00a0\u00a0\u00a0\u00a0\u00a0\u00a0\u00a0\u00a0\u00a0\u00a0\u00a0\u00a0\u00a0\u00a0\u00a0\u00a0\u00a0\u00a0\u00a0\u00a0\u00a0\u00a0\u00a0\u00a0\u00a0\u00a0\u00a0\u00a0\u00a0\u00a0\u00a0\u00a0\u00a0\u00a0\u00a0\u00a0\u00a0\u00a0\u00a0\u00a0\u00a0\u00a0\u00a0\u00a0\u00a0\u00a0\u00a0\u00a0\u00a0\u00a0\u00a0\u00a0\u00a0\u00a0\u00a0\u00a0\u00a0\u00a0\u00a0\u00a0\u00a0\u00a0\u00a0\u00a0\u00a0\u00a0&#8211; MID: 2 (de 3)<\/h3>\n<h3>&#8211; Creo: 1 (de 1)<\/h3>\n<h3>&#8211; Por Santa Cruz: 1 (de 2) (Jos\u00e9 Garrido negativo)<\/h3>\n<h3><strong>ABSTENCIONES: 5<\/strong><\/h3>\n<h3>&#8211; Innovaci\u00f3n Federal &#8211; Misiones 4 (de 4)<\/h3>\n<h3>&#8211; UCR: 1 (Pablo Cervi)<\/h3>\n<h3><strong>AUSENTES: 8<\/strong><\/h3>\n<h3>&#8211; Encuentro Federal: 3 (de 16) (Ricardo Lopez Murphy, Jorge \u00c1vila y Alejandra Torres)<\/h3>\n<h3>&#8211; UP: 1 (de 99) (\u00c1vila &#8211; Catamarca; 98 afirmativos)<\/h3>\n<h3>&#8211; PRO: 1 (de 38) (H\u00e9ctor Stefani)<\/h3>\n<h3>&#8211; UCR: 1 (de 33) (Fernando Carbajal)<\/h3>\n<h3>&#8211; MID: 1 (de 3) (Oscar Zago)<\/h3>\n<h3>&#8211; Innovaci\u00f3n Federal &#8211; Salta: 1 (de 3) (Yolanda Vega)<\/h3>\n<p>&nbsp;<\/p>\n<p>&nbsp;<\/p>\n<p>&nbsp;<\/p>\n<p>&nbsp;<\/p>\n<p>&nbsp;<\/p>\n<p>&nbsp;<\/p>\n","protected":false},"excerpt":{"rendered":"<p>Con la ayuda del PRO, el Gobierno lograba cambiar la tendencia y alimentaba su ilusi\u00f3n,&#8230;<\/p>\n","protected":false},"author":1,"featured_media":23614,"comment_status":"closed","ping_status":"closed","sticky":false,"template":"","format":"standard","meta":{"footnotes":""},"categories":[5],"tags":[],"class_list":["post-23613","post","type-post","status-publish","format-standard","has-post-thumbnail","hentry","category-nacionales-internacionales"],"yoast_head":"<!-- This site is optimized with the Yoast SEO plugin v26.1.1 - https:\/\/yoast.com\/wordpress\/plugins\/seo\/ -->\n<title>VETO A LA LEY UNIVERSITARIA: LOS DIPUTADOS QUE DIERON VUELTA LA VOTACI\u00d3N A FAVOR DEL OFICIALISMO - Apuntes de San Luis<\/title>\n<meta name=\"robots\" content=\"index, follow, max-snippet:-1, max-image-preview:large, max-video-preview:-1\" \/>\n<link rel=\"canonical\" href=\"https:\/\/apuntesdesanluis.com\/index.php\/2024\/10\/09\/veto-a-la-ley-universitaria-los-diputados-que-dieron-vuelta-la-votacion-a-favor-del-oficialismo\/\" \/>\n<meta property=\"og:locale\" content=\"es_ES\" \/>\n<meta property=\"og:type\" content=\"article\" \/>\n<meta property=\"og:title\" content=\"VETO A LA LEY UNIVERSITARIA: LOS DIPUTADOS QUE DIERON VUELTA LA VOTACI\u00d3N A FAVOR DEL OFICIALISMO - Apuntes de San Luis\" \/>\n<meta property=\"og:description\" content=\"Con la ayuda del PRO, el Gobierno lograba cambiar la tendencia y alimentaba su ilusi\u00f3n,...\" \/>\n<meta property=\"og:url\" content=\"https:\/\/apuntesdesanluis.com\/index.php\/2024\/10\/09\/veto-a-la-ley-universitaria-los-diputados-que-dieron-vuelta-la-votacion-a-favor-del-oficialismo\/\" \/>\n<meta property=\"og:site_name\" content=\"Apuntes de San Luis\" \/>\n<meta property=\"article:published_time\" content=\"2024-10-10T00:41:26+00:00\" \/>\n<meta property=\"og:image\" content=\"https:\/\/apuntesdesanluis.com\/wp-content\/uploads\/2024\/10\/diputados-se-dan-vuelta.png\" \/>\n\t<meta property=\"og:image:width\" content=\"788\" \/>\n\t<meta property=\"og:image:height\" content=\"482\" \/>\n\t<meta property=\"og:image:type\" content=\"image\/png\" \/>\n<meta name=\"author\" content=\"apuntesdesanluis.com\" \/>\n<meta name=\"twitter:card\" content=\"summary_large_image\" \/>\n<meta name=\"twitter:label1\" content=\"Escrito por\" \/>\n\t<meta name=\"twitter:data1\" content=\"apuntesdesanluis.com\" \/>\n\t<meta name=\"twitter:label2\" content=\"Tiempo de lectura\" \/>\n\t<meta name=\"twitter:data2\" content=\"4 minutos\" \/>\n<script type=\"application\/ld+json\" class=\"yoast-schema-graph\">{\"@context\":\"https:\/\/schema.org\",\"@graph\":[{\"@type\":\"Article\",\"@id\":\"https:\/\/apuntesdesanluis.com\/index.php\/2024\/10\/09\/veto-a-la-ley-universitaria-los-diputados-que-dieron-vuelta-la-votacion-a-favor-del-oficialismo\/#article\",\"isPartOf\":{\"@id\":\"https:\/\/apuntesdesanluis.com\/index.php\/2024\/10\/09\/veto-a-la-ley-universitaria-los-diputados-que-dieron-vuelta-la-votacion-a-favor-del-oficialismo\/\"},\"author\":{\"name\":\"apuntesdesanluis.com\",\"@id\":\"https:\/\/apuntesdesanluis.com\/#\/schema\/person\/b55151d52296fcce64d1a72538a70b90\"},\"headline\":\"VETO A LA LEY UNIVERSITARIA: LOS DIPUTADOS QUE DIERON VUELTA LA VOTACI\u00d3N A FAVOR DEL OFICIALISMO\",\"datePublished\":\"2024-10-10T00:41:26+00:00\",\"mainEntityOfPage\":{\"@id\":\"https:\/\/apuntesdesanluis.com\/index.php\/2024\/10\/09\/veto-a-la-ley-universitaria-los-diputados-que-dieron-vuelta-la-votacion-a-favor-del-oficialismo\/\"},\"wordCount\":764,\"publisher\":{\"@id\":\"https:\/\/apuntesdesanluis.com\/#\/schema\/person\/b55151d52296fcce64d1a72538a70b90\"},\"image\":{\"@id\":\"https:\/\/apuntesdesanluis.com\/index.php\/2024\/10\/09\/veto-a-la-ley-universitaria-los-diputados-que-dieron-vuelta-la-votacion-a-favor-del-oficialismo\/#primaryimage\"},\"thumbnailUrl\":\"https:\/\/apuntesdesanluis.com\/wp-content\/uploads\/2024\/10\/diputados-se-dan-vuelta.png\",\"articleSection\":[\"Nacionales\/Internacionales\"],\"inLanguage\":\"es-AR\"},{\"@type\":\"WebPage\",\"@id\":\"https:\/\/apuntesdesanluis.com\/index.php\/2024\/10\/09\/veto-a-la-ley-universitaria-los-diputados-que-dieron-vuelta-la-votacion-a-favor-del-oficialismo\/\",\"url\":\"https:\/\/apuntesdesanluis.com\/index.php\/2024\/10\/09\/veto-a-la-ley-universitaria-los-diputados-que-dieron-vuelta-la-votacion-a-favor-del-oficialismo\/\",\"name\":\"VETO A LA LEY UNIVERSITARIA: LOS DIPUTADOS QUE DIERON VUELTA LA VOTACI\u00d3N A FAVOR DEL OFICIALISMO - Apuntes de San Luis\",\"isPartOf\":{\"@id\":\"https:\/\/apuntesdesanluis.com\/#website\"},\"primaryImageOfPage\":{\"@id\":\"https:\/\/apuntesdesanluis.com\/index.php\/2024\/10\/09\/veto-a-la-ley-universitaria-los-diputados-que-dieron-vuelta-la-votacion-a-favor-del-oficialismo\/#primaryimage\"},\"image\":{\"@id\":\"https:\/\/apuntesdesanluis.com\/index.php\/2024\/10\/09\/veto-a-la-ley-universitaria-los-diputados-que-dieron-vuelta-la-votacion-a-favor-del-oficialismo\/#primaryimage\"},\"thumbnailUrl\":\"https:\/\/apuntesdesanluis.com\/wp-content\/uploads\/2024\/10\/diputados-se-dan-vuelta.png\",\"datePublished\":\"2024-10-10T00:41:26+00:00\",\"breadcrumb\":{\"@id\":\"https:\/\/apuntesdesanluis.com\/index.php\/2024\/10\/09\/veto-a-la-ley-universitaria-los-diputados-que-dieron-vuelta-la-votacion-a-favor-del-oficialismo\/#breadcrumb\"},\"inLanguage\":\"es-AR\",\"potentialAction\":[{\"@type\":\"ReadAction\",\"target\":[\"https:\/\/apuntesdesanluis.com\/index.php\/2024\/10\/09\/veto-a-la-ley-universitaria-los-diputados-que-dieron-vuelta-la-votacion-a-favor-del-oficialismo\/\"]}]},{\"@type\":\"ImageObject\",\"inLanguage\":\"es-AR\",\"@id\":\"https:\/\/apuntesdesanluis.com\/index.php\/2024\/10\/09\/veto-a-la-ley-universitaria-los-diputados-que-dieron-vuelta-la-votacion-a-favor-del-oficialismo\/#primaryimage\",\"url\":\"https:\/\/apuntesdesanluis.com\/wp-content\/uploads\/2024\/10\/diputados-se-dan-vuelta.png\",\"contentUrl\":\"https:\/\/apuntesdesanluis.com\/wp-content\/uploads\/2024\/10\/diputados-se-dan-vuelta.png\",\"width\":788,\"height\":482},{\"@type\":\"BreadcrumbList\",\"@id\":\"https:\/\/apuntesdesanluis.com\/index.php\/2024\/10\/09\/veto-a-la-ley-universitaria-los-diputados-que-dieron-vuelta-la-votacion-a-favor-del-oficialismo\/#breadcrumb\",\"itemListElement\":[{\"@type\":\"ListItem\",\"position\":1,\"name\":\"Inicio\",\"item\":\"https:\/\/apuntesdesanluis.com\/\"},{\"@type\":\"ListItem\",\"position\":2,\"name\":\"VETO A LA LEY UNIVERSITARIA: LOS DIPUTADOS QUE DIERON VUELTA LA VOTACI\u00d3N A FAVOR DEL OFICIALISMO\"}]},{\"@type\":\"WebSite\",\"@id\":\"https:\/\/apuntesdesanluis.com\/#website\",\"url\":\"https:\/\/apuntesdesanluis.com\/\",\"name\":\"Apuntes de San Luis\",\"description\":\"\",\"publisher\":{\"@id\":\"https:\/\/apuntesdesanluis.com\/#\/schema\/person\/b55151d52296fcce64d1a72538a70b90\"},\"potentialAction\":[{\"@type\":\"SearchAction\",\"target\":{\"@type\":\"EntryPoint\",\"urlTemplate\":\"https:\/\/apuntesdesanluis.com\/?s={search_term_string}\"},\"query-input\":{\"@type\":\"PropertyValueSpecification\",\"valueRequired\":true,\"valueName\":\"search_term_string\"}}],\"inLanguage\":\"es-AR\"},{\"@type\":[\"Person\",\"Organization\"],\"@id\":\"https:\/\/apuntesdesanluis.com\/#\/schema\/person\/b55151d52296fcce64d1a72538a70b90\",\"name\":\"apuntesdesanluis.com\",\"image\":{\"@type\":\"ImageObject\",\"inLanguage\":\"es-AR\",\"@id\":\"https:\/\/apuntesdesanluis.com\/#\/schema\/person\/image\/\",\"url\":\"https:\/\/apuntesdesanluis.com\/wp-content\/uploads\/2023\/07\/cropped-apuntesdesanluis.png\",\"contentUrl\":\"https:\/\/apuntesdesanluis.com\/wp-content\/uploads\/2023\/07\/cropped-apuntesdesanluis.png\",\"width\":450,\"height\":112,\"caption\":\"apuntesdesanluis.com\"},\"logo\":{\"@id\":\"https:\/\/apuntesdesanluis.com\/#\/schema\/person\/image\/\"},\"sameAs\":[\"https:\/\/apuntesdesanluis.com\"],\"url\":\"https:\/\/apuntesdesanluis.com\/index.php\/author\/apuntesdesanluis-com\/\"}]}<\/script>\n<!-- \/ Yoast SEO plugin. -->","yoast_head_json":{"title":"VETO A LA LEY UNIVERSITARIA: LOS DIPUTADOS QUE DIERON VUELTA LA VOTACI\u00d3N A FAVOR DEL OFICIALISMO - Apuntes de San Luis","robots":{"index":"index","follow":"follow","max-snippet":"max-snippet:-1","max-image-preview":"max-image-preview:large","max-video-preview":"max-video-preview:-1"},"canonical":"https:\/\/apuntesdesanluis.com\/index.php\/2024\/10\/09\/veto-a-la-ley-universitaria-los-diputados-que-dieron-vuelta-la-votacion-a-favor-del-oficialismo\/","og_locale":"es_ES","og_type":"article","og_title":"VETO A LA LEY UNIVERSITARIA: LOS DIPUTADOS QUE DIERON VUELTA LA VOTACI\u00d3N A FAVOR DEL OFICIALISMO - Apuntes de San Luis","og_description":"Con la ayuda del PRO, el Gobierno lograba cambiar la tendencia y alimentaba su ilusi\u00f3n,...","og_url":"https:\/\/apuntesdesanluis.com\/index.php\/2024\/10\/09\/veto-a-la-ley-universitaria-los-diputados-que-dieron-vuelta-la-votacion-a-favor-del-oficialismo\/","og_site_name":"Apuntes de San Luis","article_published_time":"2024-10-10T00:41:26+00:00","og_image":[{"width":788,"height":482,"url":"https:\/\/apuntesdesanluis.com\/wp-content\/uploads\/2024\/10\/diputados-se-dan-vuelta.png","type":"image\/png"}],"author":"apuntesdesanluis.com","twitter_card":"summary_large_image","twitter_misc":{"Escrito por":"apuntesdesanluis.com","Tiempo de lectura":"4 minutos"},"schema":{"@context":"https:\/\/schema.org","@graph":[{"@type":"Article","@id":"https:\/\/apuntesdesanluis.com\/index.php\/2024\/10\/09\/veto-a-la-ley-universitaria-los-diputados-que-dieron-vuelta-la-votacion-a-favor-del-oficialismo\/#article","isPartOf":{"@id":"https:\/\/apuntesdesanluis.com\/index.php\/2024\/10\/09\/veto-a-la-ley-universitaria-los-diputados-que-dieron-vuelta-la-votacion-a-favor-del-oficialismo\/"},"author":{"name":"apuntesdesanluis.com","@id":"https:\/\/apuntesdesanluis.com\/#\/schema\/person\/b55151d52296fcce64d1a72538a70b90"},"headline":"VETO A LA LEY UNIVERSITARIA: LOS DIPUTADOS QUE DIERON VUELTA LA VOTACI\u00d3N A FAVOR DEL OFICIALISMO","datePublished":"2024-10-10T00:41:26+00:00","mainEntityOfPage":{"@id":"https:\/\/apuntesdesanluis.com\/index.php\/2024\/10\/09\/veto-a-la-ley-universitaria-los-diputados-que-dieron-vuelta-la-votacion-a-favor-del-oficialismo\/"},"wordCount":764,"publisher":{"@id":"https:\/\/apuntesdesanluis.com\/#\/schema\/person\/b55151d52296fcce64d1a72538a70b90"},"image":{"@id":"https:\/\/apuntesdesanluis.com\/index.php\/2024\/10\/09\/veto-a-la-ley-universitaria-los-diputados-que-dieron-vuelta-la-votacion-a-favor-del-oficialismo\/#primaryimage"},"thumbnailUrl":"https:\/\/apuntesdesanluis.com\/wp-content\/uploads\/2024\/10\/diputados-se-dan-vuelta.png","articleSection":["Nacionales\/Internacionales"],"inLanguage":"es-AR"},{"@type":"WebPage","@id":"https:\/\/apuntesdesanluis.com\/index.php\/2024\/10\/09\/veto-a-la-ley-universitaria-los-diputados-que-dieron-vuelta-la-votacion-a-favor-del-oficialismo\/","url":"https:\/\/apuntesdesanluis.com\/index.php\/2024\/10\/09\/veto-a-la-ley-universitaria-los-diputados-que-dieron-vuelta-la-votacion-a-favor-del-oficialismo\/","name":"VETO A LA LEY UNIVERSITARIA: LOS DIPUTADOS QUE DIERON VUELTA LA VOTACI\u00d3N A FAVOR DEL OFICIALISMO - Apuntes de San Luis","isPartOf":{"@id":"https:\/\/apuntesdesanluis.com\/#website"},"primaryImageOfPage":{"@id":"https:\/\/apuntesdesanluis.com\/index.php\/2024\/10\/09\/veto-a-la-ley-universitaria-los-diputados-que-dieron-vuelta-la-votacion-a-favor-del-oficialismo\/#primaryimage"},"image":{"@id":"https:\/\/apuntesdesanluis.com\/index.php\/2024\/10\/09\/veto-a-la-ley-universitaria-los-diputados-que-dieron-vuelta-la-votacion-a-favor-del-oficialismo\/#primaryimage"},"thumbnailUrl":"https:\/\/apuntesdesanluis.com\/wp-content\/uploads\/2024\/10\/diputados-se-dan-vuelta.png","datePublished":"2024-10-10T00:41:26+00:00","breadcrumb":{"@id":"https:\/\/apuntesdesanluis.com\/index.php\/2024\/10\/09\/veto-a-la-ley-universitaria-los-diputados-que-dieron-vuelta-la-votacion-a-favor-del-oficialismo\/#breadcrumb"},"inLanguage":"es-AR","potentialAction":[{"@type":"ReadAction","target":["https:\/\/apuntesdesanluis.com\/index.php\/2024\/10\/09\/veto-a-la-ley-universitaria-los-diputados-que-dieron-vuelta-la-votacion-a-favor-del-oficialismo\/"]}]},{"@type":"ImageObject","inLanguage":"es-AR","@id":"https:\/\/apuntesdesanluis.com\/index.php\/2024\/10\/09\/veto-a-la-ley-universitaria-los-diputados-que-dieron-vuelta-la-votacion-a-favor-del-oficialismo\/#primaryimage","url":"https:\/\/apuntesdesanluis.com\/wp-content\/uploads\/2024\/10\/diputados-se-dan-vuelta.png","contentUrl":"https:\/\/apuntesdesanluis.com\/wp-content\/uploads\/2024\/10\/diputados-se-dan-vuelta.png","width":788,"height":482},{"@type":"BreadcrumbList","@id":"https:\/\/apuntesdesanluis.com\/index.php\/2024\/10\/09\/veto-a-la-ley-universitaria-los-diputados-que-dieron-vuelta-la-votacion-a-favor-del-oficialismo\/#breadcrumb","itemListElement":[{"@type":"ListItem","position":1,"name":"Inicio","item":"https:\/\/apuntesdesanluis.com\/"},{"@type":"ListItem","position":2,"name":"VETO A LA LEY UNIVERSITARIA: LOS DIPUTADOS QUE DIERON VUELTA LA VOTACI\u00d3N A FAVOR DEL OFICIALISMO"}]},{"@type":"WebSite","@id":"https:\/\/apuntesdesanluis.com\/#website","url":"https:\/\/apuntesdesanluis.com\/","name":"Apuntes de San Luis","description":"","publisher":{"@id":"https:\/\/apuntesdesanluis.com\/#\/schema\/person\/b55151d52296fcce64d1a72538a70b90"},"potentialAction":[{"@type":"SearchAction","target":{"@type":"EntryPoint","urlTemplate":"https:\/\/apuntesdesanluis.com\/?s={search_term_string}"},"query-input":{"@type":"PropertyValueSpecification","valueRequired":true,"valueName":"search_term_string"}}],"inLanguage":"es-AR"},{"@type":["Person","Organization"],"@id":"https:\/\/apuntesdesanluis.com\/#\/schema\/person\/b55151d52296fcce64d1a72538a70b90","name":"apuntesdesanluis.com","image":{"@type":"ImageObject","inLanguage":"es-AR","@id":"https:\/\/apuntesdesanluis.com\/#\/schema\/person\/image\/","url":"https:\/\/apuntesdesanluis.com\/wp-content\/uploads\/2023\/07\/cropped-apuntesdesanluis.png","contentUrl":"https:\/\/apuntesdesanluis.com\/wp-content\/uploads\/2023\/07\/cropped-apuntesdesanluis.png","width":450,"height":112,"caption":"apuntesdesanluis.com"},"logo":{"@id":"https:\/\/apuntesdesanluis.com\/#\/schema\/person\/image\/"},"sameAs":["https:\/\/apuntesdesanluis.com"],"url":"https:\/\/apuntesdesanluis.com\/index.php\/author\/apuntesdesanluis-com\/"}]}},"featured_image_urls":{"full":["https:\/\/apuntesdesanluis.com\/wp-content\/uploads\/2024\/10\/diputados-se-dan-vuelta.png",788,482,false],"thumbnail":["https:\/\/apuntesdesanluis.com\/wp-content\/uploads\/2024\/10\/diputados-se-dan-vuelta-150x150.png",150,150,true],"medium":["https:\/\/apuntesdesanluis.com\/wp-content\/uploads\/2024\/10\/diputados-se-dan-vuelta-300x184.png",300,184,true],"medium_large":["https:\/\/apuntesdesanluis.com\/wp-content\/uploads\/2024\/10\/diputados-se-dan-vuelta-768x470.png",640,392,true],"large":["https:\/\/apuntesdesanluis.com\/wp-content\/uploads\/2024\/10\/diputados-se-dan-vuelta.png",640,391,false],"1536x1536":["https:\/\/apuntesdesanluis.com\/wp-content\/uploads\/2024\/10\/diputados-se-dan-vuelta.png",788,482,false],"2048x2048":["https:\/\/apuntesdesanluis.com\/wp-content\/uploads\/2024\/10\/diputados-se-dan-vuelta.png",788,482,false],"newsever-slider-full":["https:\/\/apuntesdesanluis.com\/wp-content\/uploads\/2024\/10\/diputados-se-dan-vuelta.png",788,482,false],"newsever-featured":["https:\/\/apuntesdesanluis.com\/wp-content\/uploads\/2024\/10\/diputados-se-dan-vuelta.png",788,482,false],"newsever-medium":["https:\/\/apuntesdesanluis.com\/wp-content\/uploads\/2024\/10\/diputados-se-dan-vuelta-720x475.png",720,475,true]},"author_info":{"display_name":"apuntesdesanluis.com","author_link":"https:\/\/apuntesdesanluis.com\/index.php\/author\/apuntesdesanluis-com\/"},"category_info":"<a href=\"https:\/\/apuntesdesanluis.com\/index.php\/category\/nacionales-internacionales\/\" rel=\"category tag\">Nacionales\/Internacionales<\/a>","tag_info":"Nacionales\/Internacionales","comment_count":"0","_links":{"self":[{"href":"https:\/\/apuntesdesanluis.com\/index.php\/wp-json\/wp\/v2\/posts\/23613","targetHints":{"allow":["GET"]}}],"collection":[{"href":"https:\/\/apuntesdesanluis.com\/index.php\/wp-json\/wp\/v2\/posts"}],"about":[{"href":"https:\/\/apuntesdesanluis.com\/index.php\/wp-json\/wp\/v2\/types\/post"}],"author":[{"embeddable":true,"href":"https:\/\/apuntesdesanluis.com\/index.php\/wp-json\/wp\/v2\/users\/1"}],"replies":[{"embeddable":true,"href":"https:\/\/apuntesdesanluis.com\/index.php\/wp-json\/wp\/v2\/comments?post=23613"}],"version-history":[{"count":1,"href":"https:\/\/apuntesdesanluis.com\/index.php\/wp-json\/wp\/v2\/posts\/23613\/revisions"}],"predecessor-version":[{"id":23615,"href":"https:\/\/apuntesdesanluis.com\/index.php\/wp-json\/wp\/v2\/posts\/23613\/revisions\/23615"}],"wp:featuredmedia":[{"embeddable":true,"href":"https:\/\/apuntesdesanluis.com\/index.php\/wp-json\/wp\/v2\/media\/23614"}],"wp:attachment":[{"href":"https:\/\/apuntesdesanluis.com\/index.php\/wp-json\/wp\/v2\/media?parent=23613"}],"wp:term":[{"taxonomy":"category","embeddable":true,"href":"https:\/\/apuntesdesanluis.com\/index.php\/wp-json\/wp\/v2\/categories?post=23613"},{"taxonomy":"post_tag","embeddable":true,"href":"https:\/\/apuntesdesanluis.com\/index.php\/wp-json\/wp\/v2\/tags?post=23613"}],"curies":[{"name":"wp","href":"https:\/\/api.w.org\/{rel}","templated":true}]}}