{"id":23616,"date":"2024-10-09T21:48:29","date_gmt":"2024-10-10T00:48:29","guid":{"rendered":"https:\/\/apuntesdesanluis.com\/?p=23616"},"modified":"2024-10-09T21:48:29","modified_gmt":"2024-10-10T00:48:29","slug":"no-vamos-a-permitir-que-se-destruya-la-universidad-publica-afirmo-el-cin","status":"publish","type":"post","link":"https:\/\/apuntesdesanluis.com\/index.php\/2024\/10\/09\/no-vamos-a-permitir-que-se-destruya-la-universidad-publica-afirmo-el-cin\/","title":{"rendered":"\u201cNO VAMOS A PERMITIR QUE SE DESTRUYA LA UNIVERSIDAD P\u00daBLICA\u201d, AFIRM\u00d3 EL CIN"},"content":{"rendered":"<h3>Tras la sesi\u00f3n de la C\u00e1mara de Diputados de la naci\u00f3n que ratific\u00f3 el veto del presidente <strong>Javier Milei<\/strong> a la <strong>Ley de Financiamiento Educativo<\/strong>, el m\u00e1ximo \u00f3rgano que representa a los rectores de todo el pa\u00eds emiti\u00f3 un enf\u00e1tico pronunciamiento.<\/h3>\n<h3>El comunicado textual del organismo que preside V\u00edctor Mori\u00f1igo, rector de la UNSL, indica:<\/h3>\n<h3>\u201cEl Consejo Interuniversitario Nacional (CIN) repudia la postura de diputadas y diputados nacionales que le dieron la espalda a nuestras universidades p\u00fablicas al apoyar su desfinanciamiento. Este reclamo es genuino y as\u00ed lo manifest\u00f3 la sociedad en su conjunto en las marchas federales del 23 de abril y del 2 de octubre.<\/h3>\n<h3>Por supuesto, agradecemos el profundo compromiso de esos 160 diputados y diputadas que comprendieron el enorme desaf\u00edo y la responsabilidad de defender la educaci\u00f3n p\u00fablica universitaria de nuestro pa\u00eds. Esas mujeres y hombres votaron con el convencimiento de resguardar el futuro de Argentina. No alcanz\u00f3 pero no bajaremos los brazos, porque hay estudiantes que se lo merecen, y las y los trabajadores tambi\u00e9n.<\/h3>\n<h3>Hoy el sistema universitario p\u00fablico tiene:<\/h3>\n<h3>El 70 % de los salarios docentes y nodocentes por debajo de la l\u00ednea de la pobreza; las partidas asignadas ni siquiera son suficientes para el mantenimiento m\u00ednimo de la infraestructura y est\u00e1n paralizadas las obras; se encuentra en peligro la continuidad de las becas universitarias, \u00fanico instrumento para construir igualdad de oportunidades; y no se invierte en investigaci\u00f3n, ciencia y tecnolog\u00eda, fundamentales para el desarrollo de un pa\u00eds soberano. Nada de eso les import\u00f3. Privilegiaron su metro cuadrado, sus argumentos peque\u00f1os, su mirada corta y su visi\u00f3n ego\u00edsta.<\/h3>\n<h3>La universidad es parte de nuestra historia, de nuestra identidad como naci\u00f3n. Es el presente y el futuro del pa\u00eds y un orgullo de las y los argentinas y argentinos. No vamos a permitir que se destruya\u201d.<\/h3>\n<p>&nbsp;<\/p>\n<p>&nbsp;<\/p>\n<p>&nbsp;<\/p>\n","protected":false},"excerpt":{"rendered":"<p>Tras la sesi\u00f3n de la C\u00e1mara de Diputados de la naci\u00f3n que ratific\u00f3 el veto&#8230;<\/p>\n","protected":false},"author":1,"featured_media":15055,"comment_status":"closed","ping_status":"closed","sticky":false,"template":"","format":"standard","meta":{"footnotes":""},"categories":[5],"tags":[],"class_list":["post-23616","post","type-post","status-publish","format-standard","has-post-thumbnail","hentry","category-nacionales-internacionales"],"yoast_head":"<!-- This site is optimized with the Yoast SEO plugin v26.1.1 - https:\/\/yoast.com\/wordpress\/plugins\/seo\/ -->\n<title>\u201cNO VAMOS A PERMITIR QUE SE DESTRUYA LA UNIVERSIDAD P\u00daBLICA\u201d, AFIRM\u00d3 EL CIN - Apuntes de San Luis<\/title>\n<meta name=\"robots\" content=\"index, follow, max-snippet:-1, max-image-preview:large, max-video-preview:-1\" \/>\n<link rel=\"canonical\" href=\"https:\/\/apuntesdesanluis.com\/index.php\/2024\/10\/09\/no-vamos-a-permitir-que-se-destruya-la-universidad-publica-afirmo-el-cin\/\" \/>\n<meta property=\"og:locale\" content=\"es_ES\" \/>\n<meta property=\"og:type\" content=\"article\" \/>\n<meta property=\"og:title\" content=\"\u201cNO VAMOS A PERMITIR QUE SE DESTRUYA LA UNIVERSIDAD P\u00daBLICA\u201d, AFIRM\u00d3 EL CIN - Apuntes de San Luis\" \/>\n<meta property=\"og:description\" content=\"Tras la sesi\u00f3n de la C\u00e1mara de Diputados de la naci\u00f3n que ratific\u00f3 el veto...\" \/>\n<meta property=\"og:url\" content=\"https:\/\/apuntesdesanluis.com\/index.php\/2024\/10\/09\/no-vamos-a-permitir-que-se-destruya-la-universidad-publica-afirmo-el-cin\/\" \/>\n<meta property=\"og:site_name\" content=\"Apuntes de San Luis\" \/>\n<meta property=\"article:published_time\" content=\"2024-10-10T00:48:29+00:00\" \/>\n<meta property=\"og:image\" content=\"https:\/\/apuntesdesanluis.com\/wp-content\/uploads\/2024\/04\/morinigo-y-el-cin.png\" \/>\n\t<meta property=\"og:image:width\" content=\"727\" \/>\n\t<meta property=\"og:image:height\" content=\"404\" \/>\n\t<meta property=\"og:image:type\" content=\"image\/png\" \/>\n<meta name=\"author\" content=\"apuntesdesanluis.com\" \/>\n<meta name=\"twitter:card\" content=\"summary_large_image\" \/>\n<meta name=\"twitter:label1\" content=\"Escrito por\" \/>\n\t<meta name=\"twitter:data1\" content=\"apuntesdesanluis.com\" \/>\n\t<meta name=\"twitter:label2\" content=\"Tiempo de lectura\" \/>\n\t<meta name=\"twitter:data2\" content=\"2 minutos\" \/>\n<script type=\"application\/ld+json\" class=\"yoast-schema-graph\">{\"@context\":\"https:\/\/schema.org\",\"@graph\":[{\"@type\":\"Article\",\"@id\":\"https:\/\/apuntesdesanluis.com\/index.php\/2024\/10\/09\/no-vamos-a-permitir-que-se-destruya-la-universidad-publica-afirmo-el-cin\/#article\",\"isPartOf\":{\"@id\":\"https:\/\/apuntesdesanluis.com\/index.php\/2024\/10\/09\/no-vamos-a-permitir-que-se-destruya-la-universidad-publica-afirmo-el-cin\/\"},\"author\":{\"name\":\"apuntesdesanluis.com\",\"@id\":\"https:\/\/apuntesdesanluis.com\/#\/schema\/person\/b55151d52296fcce64d1a72538a70b90\"},\"headline\":\"\u201cNO VAMOS A PERMITIR QUE SE DESTRUYA LA UNIVERSIDAD P\u00daBLICA\u201d, AFIRM\u00d3 EL CIN\",\"datePublished\":\"2024-10-10T00:48:29+00:00\",\"mainEntityOfPage\":{\"@id\":\"https:\/\/apuntesdesanluis.com\/index.php\/2024\/10\/09\/no-vamos-a-permitir-que-se-destruya-la-universidad-publica-afirmo-el-cin\/\"},\"wordCount\":340,\"publisher\":{\"@id\":\"https:\/\/apuntesdesanluis.com\/#\/schema\/person\/b55151d52296fcce64d1a72538a70b90\"},\"image\":{\"@id\":\"https:\/\/apuntesdesanluis.com\/index.php\/2024\/10\/09\/no-vamos-a-permitir-que-se-destruya-la-universidad-publica-afirmo-el-cin\/#primaryimage\"},\"thumbnailUrl\":\"https:\/\/apuntesdesanluis.com\/wp-content\/uploads\/2024\/04\/morinigo-y-el-cin.png\",\"articleSection\":[\"Nacionales\/Internacionales\"],\"inLanguage\":\"es-AR\"},{\"@type\":\"WebPage\",\"@id\":\"https:\/\/apuntesdesanluis.com\/index.php\/2024\/10\/09\/no-vamos-a-permitir-que-se-destruya-la-universidad-publica-afirmo-el-cin\/\",\"url\":\"https:\/\/apuntesdesanluis.com\/index.php\/2024\/10\/09\/no-vamos-a-permitir-que-se-destruya-la-universidad-publica-afirmo-el-cin\/\",\"name\":\"\u201cNO VAMOS A PERMITIR QUE SE DESTRUYA LA UNIVERSIDAD P\u00daBLICA\u201d, AFIRM\u00d3 EL CIN - Apuntes de San Luis\",\"isPartOf\":{\"@id\":\"https:\/\/apuntesdesanluis.com\/#website\"},\"primaryImageOfPage\":{\"@id\":\"https:\/\/apuntesdesanluis.com\/index.php\/2024\/10\/09\/no-vamos-a-permitir-que-se-destruya-la-universidad-publica-afirmo-el-cin\/#primaryimage\"},\"image\":{\"@id\":\"https:\/\/apuntesdesanluis.com\/index.php\/2024\/10\/09\/no-vamos-a-permitir-que-se-destruya-la-universidad-publica-afirmo-el-cin\/#primaryimage\"},\"thumbnailUrl\":\"https:\/\/apuntesdesanluis.com\/wp-content\/uploads\/2024\/04\/morinigo-y-el-cin.png\",\"datePublished\":\"2024-10-10T00:48:29+00:00\",\"breadcrumb\":{\"@id\":\"https:\/\/apuntesdesanluis.com\/index.php\/2024\/10\/09\/no-vamos-a-permitir-que-se-destruya-la-universidad-publica-afirmo-el-cin\/#breadcrumb\"},\"inLanguage\":\"es-AR\",\"potentialAction\":[{\"@type\":\"ReadAction\",\"target\":[\"https:\/\/apuntesdesanluis.com\/index.php\/2024\/10\/09\/no-vamos-a-permitir-que-se-destruya-la-universidad-publica-afirmo-el-cin\/\"]}]},{\"@type\":\"ImageObject\",\"inLanguage\":\"es-AR\",\"@id\":\"https:\/\/apuntesdesanluis.com\/index.php\/2024\/10\/09\/no-vamos-a-permitir-que-se-destruya-la-universidad-publica-afirmo-el-cin\/#primaryimage\",\"url\":\"https:\/\/apuntesdesanluis.com\/wp-content\/uploads\/2024\/04\/morinigo-y-el-cin.png\",\"contentUrl\":\"https:\/\/apuntesdesanluis.com\/wp-content\/uploads\/2024\/04\/morinigo-y-el-cin.png\",\"width\":727,\"height\":404},{\"@type\":\"BreadcrumbList\",\"@id\":\"https:\/\/apuntesdesanluis.com\/index.php\/2024\/10\/09\/no-vamos-a-permitir-que-se-destruya-la-universidad-publica-afirmo-el-cin\/#breadcrumb\",\"itemListElement\":[{\"@type\":\"ListItem\",\"position\":1,\"name\":\"Inicio\",\"item\":\"https:\/\/apuntesdesanluis.com\/\"},{\"@type\":\"ListItem\",\"position\":2,\"name\":\"\u201cNO VAMOS A PERMITIR QUE SE DESTRUYA LA UNIVERSIDAD P\u00daBLICA\u201d, AFIRM\u00d3 EL CIN\"}]},{\"@type\":\"WebSite\",\"@id\":\"https:\/\/apuntesdesanluis.com\/#website\",\"url\":\"https:\/\/apuntesdesanluis.com\/\",\"name\":\"Apuntes de San Luis\",\"description\":\"\",\"publisher\":{\"@id\":\"https:\/\/apuntesdesanluis.com\/#\/schema\/person\/b55151d52296fcce64d1a72538a70b90\"},\"potentialAction\":[{\"@type\":\"SearchAction\",\"target\":{\"@type\":\"EntryPoint\",\"urlTemplate\":\"https:\/\/apuntesdesanluis.com\/?s={search_term_string}\"},\"query-input\":{\"@type\":\"PropertyValueSpecification\",\"valueRequired\":true,\"valueName\":\"search_term_string\"}}],\"inLanguage\":\"es-AR\"},{\"@type\":[\"Person\",\"Organization\"],\"@id\":\"https:\/\/apuntesdesanluis.com\/#\/schema\/person\/b55151d52296fcce64d1a72538a70b90\",\"name\":\"apuntesdesanluis.com\",\"image\":{\"@type\":\"ImageObject\",\"inLanguage\":\"es-AR\",\"@id\":\"https:\/\/apuntesdesanluis.com\/#\/schema\/person\/image\/\",\"url\":\"https:\/\/apuntesdesanluis.com\/wp-content\/uploads\/2023\/07\/cropped-apuntesdesanluis.png\",\"contentUrl\":\"https:\/\/apuntesdesanluis.com\/wp-content\/uploads\/2023\/07\/cropped-apuntesdesanluis.png\",\"width\":450,\"height\":112,\"caption\":\"apuntesdesanluis.com\"},\"logo\":{\"@id\":\"https:\/\/apuntesdesanluis.com\/#\/schema\/person\/image\/\"},\"sameAs\":[\"https:\/\/apuntesdesanluis.com\"],\"url\":\"https:\/\/apuntesdesanluis.com\/index.php\/author\/apuntesdesanluis-com\/\"}]}<\/script>\n<!-- \/ Yoast SEO plugin. -->","yoast_head_json":{"title":"\u201cNO VAMOS A PERMITIR QUE SE DESTRUYA LA UNIVERSIDAD P\u00daBLICA\u201d, AFIRM\u00d3 EL CIN - Apuntes de San Luis","robots":{"index":"index","follow":"follow","max-snippet":"max-snippet:-1","max-image-preview":"max-image-preview:large","max-video-preview":"max-video-preview:-1"},"canonical":"https:\/\/apuntesdesanluis.com\/index.php\/2024\/10\/09\/no-vamos-a-permitir-que-se-destruya-la-universidad-publica-afirmo-el-cin\/","og_locale":"es_ES","og_type":"article","og_title":"\u201cNO VAMOS A PERMITIR QUE SE DESTRUYA LA UNIVERSIDAD P\u00daBLICA\u201d, AFIRM\u00d3 EL CIN - Apuntes de San Luis","og_description":"Tras la sesi\u00f3n de la C\u00e1mara de Diputados de la naci\u00f3n que ratific\u00f3 el veto...","og_url":"https:\/\/apuntesdesanluis.com\/index.php\/2024\/10\/09\/no-vamos-a-permitir-que-se-destruya-la-universidad-publica-afirmo-el-cin\/","og_site_name":"Apuntes de San Luis","article_published_time":"2024-10-10T00:48:29+00:00","og_image":[{"width":727,"height":404,"url":"https:\/\/apuntesdesanluis.com\/wp-content\/uploads\/2024\/04\/morinigo-y-el-cin.png","type":"image\/png"}],"author":"apuntesdesanluis.com","twitter_card":"summary_large_image","twitter_misc":{"Escrito por":"apuntesdesanluis.com","Tiempo de lectura":"2 minutos"},"schema":{"@context":"https:\/\/schema.org","@graph":[{"@type":"Article","@id":"https:\/\/apuntesdesanluis.com\/index.php\/2024\/10\/09\/no-vamos-a-permitir-que-se-destruya-la-universidad-publica-afirmo-el-cin\/#article","isPartOf":{"@id":"https:\/\/apuntesdesanluis.com\/index.php\/2024\/10\/09\/no-vamos-a-permitir-que-se-destruya-la-universidad-publica-afirmo-el-cin\/"},"author":{"name":"apuntesdesanluis.com","@id":"https:\/\/apuntesdesanluis.com\/#\/schema\/person\/b55151d52296fcce64d1a72538a70b90"},"headline":"\u201cNO VAMOS A PERMITIR QUE SE DESTRUYA LA UNIVERSIDAD P\u00daBLICA\u201d, AFIRM\u00d3 EL CIN","datePublished":"2024-10-10T00:48:29+00:00","mainEntityOfPage":{"@id":"https:\/\/apuntesdesanluis.com\/index.php\/2024\/10\/09\/no-vamos-a-permitir-que-se-destruya-la-universidad-publica-afirmo-el-cin\/"},"wordCount":340,"publisher":{"@id":"https:\/\/apuntesdesanluis.com\/#\/schema\/person\/b55151d52296fcce64d1a72538a70b90"},"image":{"@id":"https:\/\/apuntesdesanluis.com\/index.php\/2024\/10\/09\/no-vamos-a-permitir-que-se-destruya-la-universidad-publica-afirmo-el-cin\/#primaryimage"},"thumbnailUrl":"https:\/\/apuntesdesanluis.com\/wp-content\/uploads\/2024\/04\/morinigo-y-el-cin.png","articleSection":["Nacionales\/Internacionales"],"inLanguage":"es-AR"},{"@type":"WebPage","@id":"https:\/\/apuntesdesanluis.com\/index.php\/2024\/10\/09\/no-vamos-a-permitir-que-se-destruya-la-universidad-publica-afirmo-el-cin\/","url":"https:\/\/apuntesdesanluis.com\/index.php\/2024\/10\/09\/no-vamos-a-permitir-que-se-destruya-la-universidad-publica-afirmo-el-cin\/","name":"\u201cNO VAMOS A PERMITIR QUE SE DESTRUYA LA UNIVERSIDAD P\u00daBLICA\u201d, AFIRM\u00d3 EL CIN - Apuntes de San Luis","isPartOf":{"@id":"https:\/\/apuntesdesanluis.com\/#website"},"primaryImageOfPage":{"@id":"https:\/\/apuntesdesanluis.com\/index.php\/2024\/10\/09\/no-vamos-a-permitir-que-se-destruya-la-universidad-publica-afirmo-el-cin\/#primaryimage"},"image":{"@id":"https:\/\/apuntesdesanluis.com\/index.php\/2024\/10\/09\/no-vamos-a-permitir-que-se-destruya-la-universidad-publica-afirmo-el-cin\/#primaryimage"},"thumbnailUrl":"https:\/\/apuntesdesanluis.com\/wp-content\/uploads\/2024\/04\/morinigo-y-el-cin.png","datePublished":"2024-10-10T00:48:29+00:00","breadcrumb":{"@id":"https:\/\/apuntesdesanluis.com\/index.php\/2024\/10\/09\/no-vamos-a-permitir-que-se-destruya-la-universidad-publica-afirmo-el-cin\/#breadcrumb"},"inLanguage":"es-AR","potentialAction":[{"@type":"ReadAction","target":["https:\/\/apuntesdesanluis.com\/index.php\/2024\/10\/09\/no-vamos-a-permitir-que-se-destruya-la-universidad-publica-afirmo-el-cin\/"]}]},{"@type":"ImageObject","inLanguage":"es-AR","@id":"https:\/\/apuntesdesanluis.com\/index.php\/2024\/10\/09\/no-vamos-a-permitir-que-se-destruya-la-universidad-publica-afirmo-el-cin\/#primaryimage","url":"https:\/\/apuntesdesanluis.com\/wp-content\/uploads\/2024\/04\/morinigo-y-el-cin.png","contentUrl":"https:\/\/apuntesdesanluis.com\/wp-content\/uploads\/2024\/04\/morinigo-y-el-cin.png","width":727,"height":404},{"@type":"BreadcrumbList","@id":"https:\/\/apuntesdesanluis.com\/index.php\/2024\/10\/09\/no-vamos-a-permitir-que-se-destruya-la-universidad-publica-afirmo-el-cin\/#breadcrumb","itemListElement":[{"@type":"ListItem","position":1,"name":"Inicio","item":"https:\/\/apuntesdesanluis.com\/"},{"@type":"ListItem","position":2,"name":"\u201cNO VAMOS A PERMITIR QUE SE DESTRUYA LA UNIVERSIDAD P\u00daBLICA\u201d, AFIRM\u00d3 EL CIN"}]},{"@type":"WebSite","@id":"https:\/\/apuntesdesanluis.com\/#website","url":"https:\/\/apuntesdesanluis.com\/","name":"Apuntes de San Luis","description":"","publisher":{"@id":"https:\/\/apuntesdesanluis.com\/#\/schema\/person\/b55151d52296fcce64d1a72538a70b90"},"potentialAction":[{"@type":"SearchAction","target":{"@type":"EntryPoint","urlTemplate":"https:\/\/apuntesdesanluis.com\/?s={search_term_string}"},"query-input":{"@type":"PropertyValueSpecification","valueRequired":true,"valueName":"search_term_string"}}],"inLanguage":"es-AR"},{"@type":["Person","Organization"],"@id":"https:\/\/apuntesdesanluis.com\/#\/schema\/person\/b55151d52296fcce64d1a72538a70b90","name":"apuntesdesanluis.com","image":{"@type":"ImageObject","inLanguage":"es-AR","@id":"https:\/\/apuntesdesanluis.com\/#\/schema\/person\/image\/","url":"https:\/\/apuntesdesanluis.com\/wp-content\/uploads\/2023\/07\/cropped-apuntesdesanluis.png","contentUrl":"https:\/\/apuntesdesanluis.com\/wp-content\/uploads\/2023\/07\/cropped-apuntesdesanluis.png","width":450,"height":112,"caption":"apuntesdesanluis.com"},"logo":{"@id":"https:\/\/apuntesdesanluis.com\/#\/schema\/person\/image\/"},"sameAs":["https:\/\/apuntesdesanluis.com"],"url":"https:\/\/apuntesdesanluis.com\/index.php\/author\/apuntesdesanluis-com\/"}]}},"featured_image_urls":{"full":["https:\/\/apuntesdesanluis.com\/wp-content\/uploads\/2024\/04\/morinigo-y-el-cin.png",727,404,false],"thumbnail":["https:\/\/apuntesdesanluis.com\/wp-content\/uploads\/2024\/04\/morinigo-y-el-cin-150x150.png",150,150,true],"medium":["https:\/\/apuntesdesanluis.com\/wp-content\/uploads\/2024\/04\/morinigo-y-el-cin-300x167.png",300,167,true],"medium_large":["https:\/\/apuntesdesanluis.com\/wp-content\/uploads\/2024\/04\/morinigo-y-el-cin.png",640,356,false],"large":["https:\/\/apuntesdesanluis.com\/wp-content\/uploads\/2024\/04\/morinigo-y-el-cin.png",640,356,false],"1536x1536":["https:\/\/apuntesdesanluis.com\/wp-content\/uploads\/2024\/04\/morinigo-y-el-cin.png",727,404,false],"2048x2048":["https:\/\/apuntesdesanluis.com\/wp-content\/uploads\/2024\/04\/morinigo-y-el-cin.png",727,404,false],"newsever-slider-full":["https:\/\/apuntesdesanluis.com\/wp-content\/uploads\/2024\/04\/morinigo-y-el-cin.png",727,404,false],"newsever-featured":["https:\/\/apuntesdesanluis.com\/wp-content\/uploads\/2024\/04\/morinigo-y-el-cin.png",727,404,false],"newsever-medium":["https:\/\/apuntesdesanluis.com\/wp-content\/uploads\/2024\/04\/morinigo-y-el-cin-720x404.png",720,404,true]},"author_info":{"display_name":"apuntesdesanluis.com","author_link":"https:\/\/apuntesdesanluis.com\/index.php\/author\/apuntesdesanluis-com\/"},"category_info":"<a href=\"https:\/\/apuntesdesanluis.com\/index.php\/category\/nacionales-internacionales\/\" rel=\"category tag\">Nacionales\/Internacionales<\/a>","tag_info":"Nacionales\/Internacionales","comment_count":"0","_links":{"self":[{"href":"https:\/\/apuntesdesanluis.com\/index.php\/wp-json\/wp\/v2\/posts\/23616","targetHints":{"allow":["GET"]}}],"collection":[{"href":"https:\/\/apuntesdesanluis.com\/index.php\/wp-json\/wp\/v2\/posts"}],"about":[{"href":"https:\/\/apuntesdesanluis.com\/index.php\/wp-json\/wp\/v2\/types\/post"}],"author":[{"embeddable":true,"href":"https:\/\/apuntesdesanluis.com\/index.php\/wp-json\/wp\/v2\/users\/1"}],"replies":[{"embeddable":true,"href":"https:\/\/apuntesdesanluis.com\/index.php\/wp-json\/wp\/v2\/comments?post=23616"}],"version-history":[{"count":1,"href":"https:\/\/apuntesdesanluis.com\/index.php\/wp-json\/wp\/v2\/posts\/23616\/revisions"}],"predecessor-version":[{"id":23617,"href":"https:\/\/apuntesdesanluis.com\/index.php\/wp-json\/wp\/v2\/posts\/23616\/revisions\/23617"}],"wp:featuredmedia":[{"embeddable":true,"href":"https:\/\/apuntesdesanluis.com\/index.php\/wp-json\/wp\/v2\/media\/15055"}],"wp:attachment":[{"href":"https:\/\/apuntesdesanluis.com\/index.php\/wp-json\/wp\/v2\/media?parent=23616"}],"wp:term":[{"taxonomy":"category","embeddable":true,"href":"https:\/\/apuntesdesanluis.com\/index.php\/wp-json\/wp\/v2\/categories?post=23616"},{"taxonomy":"post_tag","embeddable":true,"href":"https:\/\/apuntesdesanluis.com\/index.php\/wp-json\/wp\/v2\/tags?post=23616"}],"curies":[{"name":"wp","href":"https:\/\/api.w.org\/{rel}","templated":true}]}}