{"id":2365,"date":"2023-08-30T12:51:59","date_gmt":"2023-08-30T15:51:59","guid":{"rendered":"https:\/\/apuntesdesanluis.com\/?p=2365"},"modified":"2023-08-30T12:52:38","modified_gmt":"2023-08-30T15:52:38","slug":"la-argentina-vuelve-a-exportar-carne-aviar-a-la-union-europea","status":"publish","type":"post","link":"https:\/\/apuntesdesanluis.com\/index.php\/2023\/08\/30\/la-argentina-vuelve-a-exportar-carne-aviar-a-la-union-europea\/","title":{"rendered":"LA ARGENTINA VUELVE A EXPORTAR CARNE AVIAR A LA UNI\u00d3N EUROPEA"},"content":{"rendered":"<h3>Permitir\u00e1 a los productores argentinos recuperar un mercado que en 2022 ascendi\u00f3 a 7,8 millones de euros en exportaciones, y signific\u00f3 un aumento de 100% respecto a 2021.<\/h3>\n<h3>Las exportaciones argentinas de carne aviar con destino a la Uni\u00f3n Europea (UE) se reanudar\u00e1n a partir de este mi\u00e9rcoles, luego de que estuvieran suspendidas desde febrero pasado debido a la detecci\u00f3n de un brote de Influenza Aviar Altamente Pat\u00f3gena (IAAP), inform\u00f3 Canciller\u00eda.<\/h3>\n<h3>La Argentina logr\u00f3 que la UE reabra su mercado para la carne aviar tras el trabajo conjunto realizado por la Canciller\u00eda, la Secretar\u00eda de Agricultura, Ganader\u00eda y Pesca, y el Servicio Nacional de Sanidad y Calidad Agroalimentaria (Senasa) y el sector productor av\u00edcola.<\/h3>\n<h3>Desde el momento de la detecci\u00f3n, la Argentina adopt\u00f3 una serie de medidas para recuperar el estatus de pa\u00eds libre de IAAP que permitieron controlar la enfermedad y su difusi\u00f3n, record\u00f3 la Canciller\u00eda en un comunicado.<\/h3>\n<h3>Estas medidas incluyeron una pol\u00edtica de sacrificio sanitario, acciones de limpieza y desinfecci\u00f3n en los establecimientos afectados y un programa de vigilancia para demostrar la ausencia de infecci\u00f3n. As\u00ed se posibilit\u00f3 que se cierren todos los brotes de IAAP en aves de corral presentes en el territorio nacional.<\/h3>\n<h3>Luego de obtenida la declaraci\u00f3n de pa\u00eds libre de IAAP el 7 de agosto pasado y comunicada a la Comisi\u00f3n Europea, como resultado de las gestiones efectuadas por la Embajada Argentina ante la UE, junto con la Agregadur\u00eda Agr\u00edcola, se obtuvo en un breve plazo la decisi\u00f3n de la UE, publicada este martes, a trav\u00e9s del reglamento (UE) 2023\/1664, que permite que la carne aviar y productos aviar de la Argentina vuelvan a ingresar al mercado europeo.<\/h3>\n<h3>Esta decisi\u00f3n permitir\u00e1 a los productores argentinos recuperar un mercado que en 2022 ascendieron a 7,8 millones de euros en exportaciones, y signific\u00f3 un aumento de 100% respecto a 2021.<\/h3>\n","protected":false},"excerpt":{"rendered":"<p>Permitir\u00e1 a los productores argentinos recuperar un mercado que en 2022 ascendi\u00f3 a 7,8 millones&#8230;<\/p>\n","protected":false},"author":1,"featured_media":2366,"comment_status":"closed","ping_status":"closed","sticky":false,"template":"","format":"standard","meta":{"footnotes":""},"categories":[5],"tags":[],"class_list":["post-2365","post","type-post","status-publish","format-standard","has-post-thumbnail","hentry","category-nacionales-internacionales"],"yoast_head":"<!-- This site is optimized with the Yoast SEO plugin v26.1.1 - https:\/\/yoast.com\/wordpress\/plugins\/seo\/ -->\n<title>LA ARGENTINA VUELVE A EXPORTAR CARNE AVIAR A LA UNI\u00d3N EUROPEA - Apuntes de San Luis<\/title>\n<meta name=\"robots\" content=\"index, follow, max-snippet:-1, max-image-preview:large, max-video-preview:-1\" \/>\n<link rel=\"canonical\" href=\"https:\/\/apuntesdesanluis.com\/index.php\/2023\/08\/30\/la-argentina-vuelve-a-exportar-carne-aviar-a-la-union-europea\/\" \/>\n<meta property=\"og:locale\" content=\"es_ES\" \/>\n<meta property=\"og:type\" content=\"article\" \/>\n<meta property=\"og:title\" content=\"LA ARGENTINA VUELVE A EXPORTAR CARNE AVIAR A LA UNI\u00d3N EUROPEA - Apuntes de San Luis\" \/>\n<meta property=\"og:description\" content=\"Permitir\u00e1 a los productores argentinos recuperar un mercado que en 2022 ascendi\u00f3 a 7,8 millones...\" \/>\n<meta property=\"og:url\" content=\"https:\/\/apuntesdesanluis.com\/index.php\/2023\/08\/30\/la-argentina-vuelve-a-exportar-carne-aviar-a-la-union-europea\/\" \/>\n<meta property=\"og:site_name\" content=\"Apuntes de San Luis\" \/>\n<meta property=\"article:published_time\" content=\"2023-08-30T15:51:59+00:00\" \/>\n<meta property=\"article:modified_time\" content=\"2023-08-30T15:52:38+00:00\" \/>\n<meta property=\"og:image\" content=\"https:\/\/apuntesdesanluis.com\/wp-content\/uploads\/2023\/08\/pollos.png\" \/>\n\t<meta property=\"og:image:width\" content=\"600\" \/>\n\t<meta property=\"og:image:height\" content=\"384\" \/>\n\t<meta property=\"og:image:type\" content=\"image\/png\" \/>\n<meta name=\"author\" content=\"apuntesdesanluis.com\" \/>\n<meta name=\"twitter:card\" content=\"summary_large_image\" \/>\n<meta name=\"twitter:label1\" content=\"Escrito por\" \/>\n\t<meta name=\"twitter:data1\" content=\"apuntesdesanluis.com\" \/>\n\t<meta name=\"twitter:label2\" content=\"Tiempo de lectura\" \/>\n\t<meta name=\"twitter:data2\" content=\"2 minutos\" \/>\n<script type=\"application\/ld+json\" class=\"yoast-schema-graph\">{\"@context\":\"https:\/\/schema.org\",\"@graph\":[{\"@type\":\"Article\",\"@id\":\"https:\/\/apuntesdesanluis.com\/index.php\/2023\/08\/30\/la-argentina-vuelve-a-exportar-carne-aviar-a-la-union-europea\/#article\",\"isPartOf\":{\"@id\":\"https:\/\/apuntesdesanluis.com\/index.php\/2023\/08\/30\/la-argentina-vuelve-a-exportar-carne-aviar-a-la-union-europea\/\"},\"author\":{\"name\":\"apuntesdesanluis.com\",\"@id\":\"https:\/\/apuntesdesanluis.com\/#\/schema\/person\/b55151d52296fcce64d1a72538a70b90\"},\"headline\":\"LA ARGENTINA VUELVE A EXPORTAR CARNE AVIAR A LA UNI\u00d3N EUROPEA\",\"datePublished\":\"2023-08-30T15:51:59+00:00\",\"dateModified\":\"2023-08-30T15:52:38+00:00\",\"mainEntityOfPage\":{\"@id\":\"https:\/\/apuntesdesanluis.com\/index.php\/2023\/08\/30\/la-argentina-vuelve-a-exportar-carne-aviar-a-la-union-europea\/\"},\"wordCount\":332,\"publisher\":{\"@id\":\"https:\/\/apuntesdesanluis.com\/#\/schema\/person\/b55151d52296fcce64d1a72538a70b90\"},\"image\":{\"@id\":\"https:\/\/apuntesdesanluis.com\/index.php\/2023\/08\/30\/la-argentina-vuelve-a-exportar-carne-aviar-a-la-union-europea\/#primaryimage\"},\"thumbnailUrl\":\"https:\/\/apuntesdesanluis.com\/wp-content\/uploads\/2023\/08\/pollos.png\",\"articleSection\":[\"Nacionales\/Internacionales\"],\"inLanguage\":\"es-AR\"},{\"@type\":\"WebPage\",\"@id\":\"https:\/\/apuntesdesanluis.com\/index.php\/2023\/08\/30\/la-argentina-vuelve-a-exportar-carne-aviar-a-la-union-europea\/\",\"url\":\"https:\/\/apuntesdesanluis.com\/index.php\/2023\/08\/30\/la-argentina-vuelve-a-exportar-carne-aviar-a-la-union-europea\/\",\"name\":\"LA ARGENTINA VUELVE A EXPORTAR CARNE AVIAR A LA UNI\u00d3N EUROPEA - Apuntes de San Luis\",\"isPartOf\":{\"@id\":\"https:\/\/apuntesdesanluis.com\/#website\"},\"primaryImageOfPage\":{\"@id\":\"https:\/\/apuntesdesanluis.com\/index.php\/2023\/08\/30\/la-argentina-vuelve-a-exportar-carne-aviar-a-la-union-europea\/#primaryimage\"},\"image\":{\"@id\":\"https:\/\/apuntesdesanluis.com\/index.php\/2023\/08\/30\/la-argentina-vuelve-a-exportar-carne-aviar-a-la-union-europea\/#primaryimage\"},\"thumbnailUrl\":\"https:\/\/apuntesdesanluis.com\/wp-content\/uploads\/2023\/08\/pollos.png\",\"datePublished\":\"2023-08-30T15:51:59+00:00\",\"dateModified\":\"2023-08-30T15:52:38+00:00\",\"breadcrumb\":{\"@id\":\"https:\/\/apuntesdesanluis.com\/index.php\/2023\/08\/30\/la-argentina-vuelve-a-exportar-carne-aviar-a-la-union-europea\/#breadcrumb\"},\"inLanguage\":\"es-AR\",\"potentialAction\":[{\"@type\":\"ReadAction\",\"target\":[\"https:\/\/apuntesdesanluis.com\/index.php\/2023\/08\/30\/la-argentina-vuelve-a-exportar-carne-aviar-a-la-union-europea\/\"]}]},{\"@type\":\"ImageObject\",\"inLanguage\":\"es-AR\",\"@id\":\"https:\/\/apuntesdesanluis.com\/index.php\/2023\/08\/30\/la-argentina-vuelve-a-exportar-carne-aviar-a-la-union-europea\/#primaryimage\",\"url\":\"https:\/\/apuntesdesanluis.com\/wp-content\/uploads\/2023\/08\/pollos.png\",\"contentUrl\":\"https:\/\/apuntesdesanluis.com\/wp-content\/uploads\/2023\/08\/pollos.png\",\"width\":600,\"height\":384},{\"@type\":\"BreadcrumbList\",\"@id\":\"https:\/\/apuntesdesanluis.com\/index.php\/2023\/08\/30\/la-argentina-vuelve-a-exportar-carne-aviar-a-la-union-europea\/#breadcrumb\",\"itemListElement\":[{\"@type\":\"ListItem\",\"position\":1,\"name\":\"Inicio\",\"item\":\"https:\/\/apuntesdesanluis.com\/\"},{\"@type\":\"ListItem\",\"position\":2,\"name\":\"LA ARGENTINA VUELVE A EXPORTAR CARNE AVIAR A LA UNI\u00d3N EUROPEA\"}]},{\"@type\":\"WebSite\",\"@id\":\"https:\/\/apuntesdesanluis.com\/#website\",\"url\":\"https:\/\/apuntesdesanluis.com\/\",\"name\":\"Apuntes de San Luis\",\"description\":\"\",\"publisher\":{\"@id\":\"https:\/\/apuntesdesanluis.com\/#\/schema\/person\/b55151d52296fcce64d1a72538a70b90\"},\"potentialAction\":[{\"@type\":\"SearchAction\",\"target\":{\"@type\":\"EntryPoint\",\"urlTemplate\":\"https:\/\/apuntesdesanluis.com\/?s={search_term_string}\"},\"query-input\":{\"@type\":\"PropertyValueSpecification\",\"valueRequired\":true,\"valueName\":\"search_term_string\"}}],\"inLanguage\":\"es-AR\"},{\"@type\":[\"Person\",\"Organization\"],\"@id\":\"https:\/\/apuntesdesanluis.com\/#\/schema\/person\/b55151d52296fcce64d1a72538a70b90\",\"name\":\"apuntesdesanluis.com\",\"image\":{\"@type\":\"ImageObject\",\"inLanguage\":\"es-AR\",\"@id\":\"https:\/\/apuntesdesanluis.com\/#\/schema\/person\/image\/\",\"url\":\"https:\/\/apuntesdesanluis.com\/wp-content\/uploads\/2023\/07\/cropped-apuntesdesanluis.png\",\"contentUrl\":\"https:\/\/apuntesdesanluis.com\/wp-content\/uploads\/2023\/07\/cropped-apuntesdesanluis.png\",\"width\":450,\"height\":112,\"caption\":\"apuntesdesanluis.com\"},\"logo\":{\"@id\":\"https:\/\/apuntesdesanluis.com\/#\/schema\/person\/image\/\"},\"sameAs\":[\"https:\/\/apuntesdesanluis.com\"],\"url\":\"https:\/\/apuntesdesanluis.com\/index.php\/author\/apuntesdesanluis-com\/\"}]}<\/script>\n<!-- \/ Yoast SEO plugin. -->","yoast_head_json":{"title":"LA ARGENTINA VUELVE A EXPORTAR CARNE AVIAR A LA UNI\u00d3N EUROPEA - Apuntes de San Luis","robots":{"index":"index","follow":"follow","max-snippet":"max-snippet:-1","max-image-preview":"max-image-preview:large","max-video-preview":"max-video-preview:-1"},"canonical":"https:\/\/apuntesdesanluis.com\/index.php\/2023\/08\/30\/la-argentina-vuelve-a-exportar-carne-aviar-a-la-union-europea\/","og_locale":"es_ES","og_type":"article","og_title":"LA ARGENTINA VUELVE A EXPORTAR CARNE AVIAR A LA UNI\u00d3N EUROPEA - Apuntes de San Luis","og_description":"Permitir\u00e1 a los productores argentinos recuperar un mercado que en 2022 ascendi\u00f3 a 7,8 millones...","og_url":"https:\/\/apuntesdesanluis.com\/index.php\/2023\/08\/30\/la-argentina-vuelve-a-exportar-carne-aviar-a-la-union-europea\/","og_site_name":"Apuntes de San Luis","article_published_time":"2023-08-30T15:51:59+00:00","article_modified_time":"2023-08-30T15:52:38+00:00","og_image":[{"width":600,"height":384,"url":"https:\/\/apuntesdesanluis.com\/wp-content\/uploads\/2023\/08\/pollos.png","type":"image\/png"}],"author":"apuntesdesanluis.com","twitter_card":"summary_large_image","twitter_misc":{"Escrito por":"apuntesdesanluis.com","Tiempo de lectura":"2 minutos"},"schema":{"@context":"https:\/\/schema.org","@graph":[{"@type":"Article","@id":"https:\/\/apuntesdesanluis.com\/index.php\/2023\/08\/30\/la-argentina-vuelve-a-exportar-carne-aviar-a-la-union-europea\/#article","isPartOf":{"@id":"https:\/\/apuntesdesanluis.com\/index.php\/2023\/08\/30\/la-argentina-vuelve-a-exportar-carne-aviar-a-la-union-europea\/"},"author":{"name":"apuntesdesanluis.com","@id":"https:\/\/apuntesdesanluis.com\/#\/schema\/person\/b55151d52296fcce64d1a72538a70b90"},"headline":"LA ARGENTINA VUELVE A EXPORTAR CARNE AVIAR A LA UNI\u00d3N EUROPEA","datePublished":"2023-08-30T15:51:59+00:00","dateModified":"2023-08-30T15:52:38+00:00","mainEntityOfPage":{"@id":"https:\/\/apuntesdesanluis.com\/index.php\/2023\/08\/30\/la-argentina-vuelve-a-exportar-carne-aviar-a-la-union-europea\/"},"wordCount":332,"publisher":{"@id":"https:\/\/apuntesdesanluis.com\/#\/schema\/person\/b55151d52296fcce64d1a72538a70b90"},"image":{"@id":"https:\/\/apuntesdesanluis.com\/index.php\/2023\/08\/30\/la-argentina-vuelve-a-exportar-carne-aviar-a-la-union-europea\/#primaryimage"},"thumbnailUrl":"https:\/\/apuntesdesanluis.com\/wp-content\/uploads\/2023\/08\/pollos.png","articleSection":["Nacionales\/Internacionales"],"inLanguage":"es-AR"},{"@type":"WebPage","@id":"https:\/\/apuntesdesanluis.com\/index.php\/2023\/08\/30\/la-argentina-vuelve-a-exportar-carne-aviar-a-la-union-europea\/","url":"https:\/\/apuntesdesanluis.com\/index.php\/2023\/08\/30\/la-argentina-vuelve-a-exportar-carne-aviar-a-la-union-europea\/","name":"LA ARGENTINA VUELVE A EXPORTAR CARNE AVIAR A LA UNI\u00d3N EUROPEA - Apuntes de San Luis","isPartOf":{"@id":"https:\/\/apuntesdesanluis.com\/#website"},"primaryImageOfPage":{"@id":"https:\/\/apuntesdesanluis.com\/index.php\/2023\/08\/30\/la-argentina-vuelve-a-exportar-carne-aviar-a-la-union-europea\/#primaryimage"},"image":{"@id":"https:\/\/apuntesdesanluis.com\/index.php\/2023\/08\/30\/la-argentina-vuelve-a-exportar-carne-aviar-a-la-union-europea\/#primaryimage"},"thumbnailUrl":"https:\/\/apuntesdesanluis.com\/wp-content\/uploads\/2023\/08\/pollos.png","datePublished":"2023-08-30T15:51:59+00:00","dateModified":"2023-08-30T15:52:38+00:00","breadcrumb":{"@id":"https:\/\/apuntesdesanluis.com\/index.php\/2023\/08\/30\/la-argentina-vuelve-a-exportar-carne-aviar-a-la-union-europea\/#breadcrumb"},"inLanguage":"es-AR","potentialAction":[{"@type":"ReadAction","target":["https:\/\/apuntesdesanluis.com\/index.php\/2023\/08\/30\/la-argentina-vuelve-a-exportar-carne-aviar-a-la-union-europea\/"]}]},{"@type":"ImageObject","inLanguage":"es-AR","@id":"https:\/\/apuntesdesanluis.com\/index.php\/2023\/08\/30\/la-argentina-vuelve-a-exportar-carne-aviar-a-la-union-europea\/#primaryimage","url":"https:\/\/apuntesdesanluis.com\/wp-content\/uploads\/2023\/08\/pollos.png","contentUrl":"https:\/\/apuntesdesanluis.com\/wp-content\/uploads\/2023\/08\/pollos.png","width":600,"height":384},{"@type":"BreadcrumbList","@id":"https:\/\/apuntesdesanluis.com\/index.php\/2023\/08\/30\/la-argentina-vuelve-a-exportar-carne-aviar-a-la-union-europea\/#breadcrumb","itemListElement":[{"@type":"ListItem","position":1,"name":"Inicio","item":"https:\/\/apuntesdesanluis.com\/"},{"@type":"ListItem","position":2,"name":"LA ARGENTINA VUELVE A EXPORTAR CARNE AVIAR A LA UNI\u00d3N EUROPEA"}]},{"@type":"WebSite","@id":"https:\/\/apuntesdesanluis.com\/#website","url":"https:\/\/apuntesdesanluis.com\/","name":"Apuntes de San Luis","description":"","publisher":{"@id":"https:\/\/apuntesdesanluis.com\/#\/schema\/person\/b55151d52296fcce64d1a72538a70b90"},"potentialAction":[{"@type":"SearchAction","target":{"@type":"EntryPoint","urlTemplate":"https:\/\/apuntesdesanluis.com\/?s={search_term_string}"},"query-input":{"@type":"PropertyValueSpecification","valueRequired":true,"valueName":"search_term_string"}}],"inLanguage":"es-AR"},{"@type":["Person","Organization"],"@id":"https:\/\/apuntesdesanluis.com\/#\/schema\/person\/b55151d52296fcce64d1a72538a70b90","name":"apuntesdesanluis.com","image":{"@type":"ImageObject","inLanguage":"es-AR","@id":"https:\/\/apuntesdesanluis.com\/#\/schema\/person\/image\/","url":"https:\/\/apuntesdesanluis.com\/wp-content\/uploads\/2023\/07\/cropped-apuntesdesanluis.png","contentUrl":"https:\/\/apuntesdesanluis.com\/wp-content\/uploads\/2023\/07\/cropped-apuntesdesanluis.png","width":450,"height":112,"caption":"apuntesdesanluis.com"},"logo":{"@id":"https:\/\/apuntesdesanluis.com\/#\/schema\/person\/image\/"},"sameAs":["https:\/\/apuntesdesanluis.com"],"url":"https:\/\/apuntesdesanluis.com\/index.php\/author\/apuntesdesanluis-com\/"}]}},"featured_image_urls":{"full":["https:\/\/apuntesdesanluis.com\/wp-content\/uploads\/2023\/08\/pollos.png",600,384,false],"thumbnail":["https:\/\/apuntesdesanluis.com\/wp-content\/uploads\/2023\/08\/pollos-150x150.png",150,150,true],"medium":["https:\/\/apuntesdesanluis.com\/wp-content\/uploads\/2023\/08\/pollos-300x192.png",300,192,true],"medium_large":["https:\/\/apuntesdesanluis.com\/wp-content\/uploads\/2023\/08\/pollos.png",600,384,false],"large":["https:\/\/apuntesdesanluis.com\/wp-content\/uploads\/2023\/08\/pollos.png",600,384,false],"1536x1536":["https:\/\/apuntesdesanluis.com\/wp-content\/uploads\/2023\/08\/pollos.png",600,384,false],"2048x2048":["https:\/\/apuntesdesanluis.com\/wp-content\/uploads\/2023\/08\/pollos.png",600,384,false],"newsever-slider-full":["https:\/\/apuntesdesanluis.com\/wp-content\/uploads\/2023\/08\/pollos.png",600,384,false],"newsever-featured":["https:\/\/apuntesdesanluis.com\/wp-content\/uploads\/2023\/08\/pollos.png",600,384,false],"newsever-medium":["https:\/\/apuntesdesanluis.com\/wp-content\/uploads\/2023\/08\/pollos.png",600,384,false]},"author_info":{"display_name":"apuntesdesanluis.com","author_link":"https:\/\/apuntesdesanluis.com\/index.php\/author\/apuntesdesanluis-com\/"},"category_info":"<a href=\"https:\/\/apuntesdesanluis.com\/index.php\/category\/nacionales-internacionales\/\" rel=\"category tag\">Nacionales\/Internacionales<\/a>","tag_info":"Nacionales\/Internacionales","comment_count":"0","_links":{"self":[{"href":"https:\/\/apuntesdesanluis.com\/index.php\/wp-json\/wp\/v2\/posts\/2365","targetHints":{"allow":["GET"]}}],"collection":[{"href":"https:\/\/apuntesdesanluis.com\/index.php\/wp-json\/wp\/v2\/posts"}],"about":[{"href":"https:\/\/apuntesdesanluis.com\/index.php\/wp-json\/wp\/v2\/types\/post"}],"author":[{"embeddable":true,"href":"https:\/\/apuntesdesanluis.com\/index.php\/wp-json\/wp\/v2\/users\/1"}],"replies":[{"embeddable":true,"href":"https:\/\/apuntesdesanluis.com\/index.php\/wp-json\/wp\/v2\/comments?post=2365"}],"version-history":[{"count":2,"href":"https:\/\/apuntesdesanluis.com\/index.php\/wp-json\/wp\/v2\/posts\/2365\/revisions"}],"predecessor-version":[{"id":2368,"href":"https:\/\/apuntesdesanluis.com\/index.php\/wp-json\/wp\/v2\/posts\/2365\/revisions\/2368"}],"wp:featuredmedia":[{"embeddable":true,"href":"https:\/\/apuntesdesanluis.com\/index.php\/wp-json\/wp\/v2\/media\/2366"}],"wp:attachment":[{"href":"https:\/\/apuntesdesanluis.com\/index.php\/wp-json\/wp\/v2\/media?parent=2365"}],"wp:term":[{"taxonomy":"category","embeddable":true,"href":"https:\/\/apuntesdesanluis.com\/index.php\/wp-json\/wp\/v2\/categories?post=2365"},{"taxonomy":"post_tag","embeddable":true,"href":"https:\/\/apuntesdesanluis.com\/index.php\/wp-json\/wp\/v2\/tags?post=2365"}],"curies":[{"name":"wp","href":"https:\/\/api.w.org\/{rel}","templated":true}]}}