{"id":23771,"date":"2024-10-13T18:59:52","date_gmt":"2024-10-13T21:59:52","guid":{"rendered":"https:\/\/apuntesdesanluis.com\/?p=23771"},"modified":"2024-10-13T19:01:07","modified_gmt":"2024-10-13T22:01:07","slug":"hemos-decidido-no-realizar-la-fiesta-de-fin-de-ano-y-priorizar-otras-necesidades","status":"publish","type":"post","link":"https:\/\/apuntesdesanluis.com\/index.php\/2024\/10\/13\/hemos-decidido-no-realizar-la-fiesta-de-fin-de-ano-y-priorizar-otras-necesidades\/","title":{"rendered":"\u201cHEMOS DECIDIDO NO REALIZAR LA FIESTA DE FIN DE A\u00d1O Y PRIORIZAR OTRAS NECESIDADES\u201d"},"content":{"rendered":"<h3>Lo confirm\u00f3 el Secretario General del Sindicato Judiciales Puntanos (SiJuPu), <strong>Luciano Cardarelli<\/strong>, al dar a conocer las decisiones que se resolvieron en la reuni\u00f3n de Comisi\u00f3n Directiva de la semana pasada.<\/h3>\n<h3>\u201cEn el actual contexto econ\u00f3mico, junto con los compa\u00f1eros resolvimos que debido a los elevados costos que nos demanda esta tradicional fiesta de fin de a\u00f1o, en esta oportunidad se resolvi\u00f3 priorizar otras acciones que entendemos son m\u00e1s necesarias\u201d, indic\u00f3.<\/h3>\n<h3>El dirigente inform\u00f3 que entre ellas \u201cse encuentra cumplir el compromiso asumido de construir las cocheras para motocicletas y bicicletas en la ciudad de Villa Mercedes. Otra obra ser\u00e1 la terminaci\u00f3n del SUM de Concar\u00e1n, incluyendo toda la parte el\u00e9ctrica, pintura, ploteado y parquizado\u201d.<\/h3>\n<h3>Cardarelli agreg\u00f3 que \u201cen la reuni\u00f3n de comisi\u00f3n directiva se decidi\u00f3 que en lugar de la fiesta se har\u00e1 entrega de un presente por el D\u00eda del Empleado\/a Judicial y una caja navide\u00f1a de calidad, entre el 16 y el 20 de diciembre, poniendo todo nuestro esfuerzo frente a los costos elevados de este a\u00f1o&#8221;.<\/h3>\n<p><img fetchpriority=\"high\" decoding=\"async\" class=\"wp-image-23773 aligncenter\" src=\"https:\/\/apuntesdesanluis.com\/wp-content\/uploads\/2024\/10\/reunion-sijupu-300x173.png\" alt=\"\" width=\"642\" height=\"370\" srcset=\"https:\/\/apuntesdesanluis.com\/wp-content\/uploads\/2024\/10\/reunion-sijupu-300x173.png 300w, https:\/\/apuntesdesanluis.com\/wp-content\/uploads\/2024\/10\/reunion-sijupu.png 700w\" sizes=\"(max-width: 642px) 100vw, 642px\" \/><\/p>\n<h3>Tras un an\u00e1lisis de las finanzas, se aprobaron las erogaciones que implican las citadas obras y los presentes que se entregar\u00e1n a los afiliados.<\/h3>\n<h3>\u201cMantener esta pol\u00edtica implica un costo muy grande, y por este motivo hemos decidido ser responsables con la salud econ\u00f3mica del sindicato. De cara a fin de a\u00f1o, evaluaremos la posibilidad de hacer un brindis en cada localidad para despedir juntos el 2024. Es importante que prioricemos nuestras finanzas ante cualquier eventualidad en lo que queda del a\u00f1o, en el marco de la continua lucha por la dignidad de nuestros salarios\u201d, sostuvo el SiJuPu.<\/h3>\n<h3>\u201cFinalmente se analiz\u00f3 la situaci\u00f3n salarial, el plan de lucha en curso y las estructuras pendientes para el examen de ascenso de todos los escalafones. \u00a0Continuamos trabajando con el compromiso de siempre, cuidando los intereses de nuestras familias judiciales y protegiendo el bienestar de cada uno de nuestros compa\u00f1eros y compa\u00f1eras\u201d.<\/h3>\n<h3><strong>MESA INTERSINDICAL<\/strong><\/h3>\n<h3>Con respecto al tema salarial, Cardarrelli record\u00f3 que el pasado lunes se reunieron con representantes de la <strong>Asociaci\u00f3n de Profesionales y T\u00e9cnicos de la Salud (APTS)<\/strong> y la <strong>Uni\u00f3n de Trabajadores de la Educaci\u00f3n Provincial (UTEP)<\/strong>, en el marco de la mesa intersindical, para analizar la grave coyuntura que atraviesa el sector estatal en la provincia de San Luis.<\/h3>\n<p><img decoding=\"async\" class=\"wp-image-23772 aligncenter\" src=\"https:\/\/apuntesdesanluis.com\/wp-content\/uploads\/2024\/10\/apts-1-300x163.png\" alt=\"\" width=\"655\" height=\"356\" srcset=\"https:\/\/apuntesdesanluis.com\/wp-content\/uploads\/2024\/10\/apts-1-300x163.png 300w, https:\/\/apuntesdesanluis.com\/wp-content\/uploads\/2024\/10\/apts-1.png 603w\" sizes=\"(max-width: 655px) 100vw, 655px\" \/><\/p>\n<h3>\u201cEn tiempos dif\u00edciles, donde las respuestas del Poder Ejecutivo brillan por su ausencia, la \u00fanica manera de enfrentar estos desaf\u00edos es organizarnos y juntar fuerzas. Los sectores de la salud, la educaci\u00f3n y la justicia, todos servicios esenciales, deben ser escuchados y tratados con la seriedad que merecen, cosa que no est\u00e1 sucediendo\u201d, enfatiz\u00f3.<\/h3>\n<h3>Anunci\u00f3 en este sentido que el pr\u00f3ximo martes El SiJuPu se volver\u00e1 a reunir con los sindicatos estatales \u201cpara evaluar el avance en el reclamo de recomposici\u00f3n salarial. Si no obtenemos ninguna respuesta favorable, tomaremos medidas e incluyendo la presentaci\u00f3n formal de una nueva nota para exigir respuestas ante la p\u00e9rdida del poder adquisitivo del a\u00f1o en curso. Es momento de seguir firmes y unidos en esta lucha, porque solo as\u00ed podremos lograr condiciones justas y dignas para todos y todas\u201d, reiter\u00f3.<\/h3>\n<p>&nbsp;<\/p>\n<p>&nbsp;<\/p>\n<p>&nbsp;<\/p>\n","protected":false},"excerpt":{"rendered":"<p>Lo confirm\u00f3 el Secretario General del Sindicato Judiciales Puntanos (SiJuPu), Luciano Cardarelli, al dar a&#8230;<\/p>\n","protected":false},"author":1,"featured_media":23774,"comment_status":"closed","ping_status":"closed","sticky":false,"template":"","format":"standard","meta":{"footnotes":""},"categories":[6],"tags":[],"class_list":["post-23771","post","type-post","status-publish","format-standard","has-post-thumbnail","hentry","category-ciudad-provincia"],"yoast_head":"<!-- This site is optimized with the Yoast SEO plugin v26.1.1 - https:\/\/yoast.com\/wordpress\/plugins\/seo\/ -->\n<title>\u201cHEMOS DECIDIDO NO REALIZAR LA FIESTA DE FIN DE A\u00d1O Y PRIORIZAR OTRAS NECESIDADES\u201d - Apuntes de San Luis<\/title>\n<meta name=\"robots\" content=\"index, follow, max-snippet:-1, max-image-preview:large, max-video-preview:-1\" \/>\n<link rel=\"canonical\" href=\"https:\/\/apuntesdesanluis.com\/index.php\/2024\/10\/13\/hemos-decidido-no-realizar-la-fiesta-de-fin-de-ano-y-priorizar-otras-necesidades\/\" \/>\n<meta property=\"og:locale\" content=\"es_ES\" \/>\n<meta property=\"og:type\" content=\"article\" \/>\n<meta property=\"og:title\" content=\"\u201cHEMOS DECIDIDO NO REALIZAR LA FIESTA DE FIN DE A\u00d1O Y PRIORIZAR OTRAS NECESIDADES\u201d - Apuntes de San Luis\" \/>\n<meta property=\"og:description\" content=\"Lo confirm\u00f3 el Secretario General del Sindicato Judiciales Puntanos (SiJuPu), Luciano Cardarelli, al dar a...\" \/>\n<meta property=\"og:url\" content=\"https:\/\/apuntesdesanluis.com\/index.php\/2024\/10\/13\/hemos-decidido-no-realizar-la-fiesta-de-fin-de-ano-y-priorizar-otras-necesidades\/\" \/>\n<meta property=\"og:site_name\" content=\"Apuntes de San Luis\" \/>\n<meta property=\"article:published_time\" content=\"2024-10-13T21:59:52+00:00\" \/>\n<meta property=\"article:modified_time\" content=\"2024-10-13T22:01:07+00:00\" \/>\n<meta property=\"og:image\" content=\"https:\/\/apuntesdesanluis.com\/wp-content\/uploads\/2024\/10\/sijupu.png\" \/>\n\t<meta property=\"og:image:width\" content=\"700\" \/>\n\t<meta property=\"og:image:height\" content=\"446\" \/>\n\t<meta property=\"og:image:type\" content=\"image\/png\" \/>\n<meta name=\"author\" content=\"apuntesdesanluis.com\" \/>\n<meta name=\"twitter:card\" content=\"summary_large_image\" \/>\n<meta name=\"twitter:label1\" content=\"Escrito por\" \/>\n\t<meta name=\"twitter:data1\" content=\"apuntesdesanluis.com\" \/>\n\t<meta name=\"twitter:label2\" content=\"Tiempo de lectura\" \/>\n\t<meta name=\"twitter:data2\" content=\"3 minutos\" \/>\n<script type=\"application\/ld+json\" class=\"yoast-schema-graph\">{\"@context\":\"https:\/\/schema.org\",\"@graph\":[{\"@type\":\"Article\",\"@id\":\"https:\/\/apuntesdesanluis.com\/index.php\/2024\/10\/13\/hemos-decidido-no-realizar-la-fiesta-de-fin-de-ano-y-priorizar-otras-necesidades\/#article\",\"isPartOf\":{\"@id\":\"https:\/\/apuntesdesanluis.com\/index.php\/2024\/10\/13\/hemos-decidido-no-realizar-la-fiesta-de-fin-de-ano-y-priorizar-otras-necesidades\/\"},\"author\":{\"name\":\"apuntesdesanluis.com\",\"@id\":\"https:\/\/apuntesdesanluis.com\/#\/schema\/person\/b55151d52296fcce64d1a72538a70b90\"},\"headline\":\"\u201cHEMOS DECIDIDO NO REALIZAR LA FIESTA DE FIN DE A\u00d1O Y PRIORIZAR OTRAS NECESIDADES\u201d\",\"datePublished\":\"2024-10-13T21:59:52+00:00\",\"dateModified\":\"2024-10-13T22:01:07+00:00\",\"mainEntityOfPage\":{\"@id\":\"https:\/\/apuntesdesanluis.com\/index.php\/2024\/10\/13\/hemos-decidido-no-realizar-la-fiesta-de-fin-de-ano-y-priorizar-otras-necesidades\/\"},\"wordCount\":567,\"publisher\":{\"@id\":\"https:\/\/apuntesdesanluis.com\/#\/schema\/person\/b55151d52296fcce64d1a72538a70b90\"},\"image\":{\"@id\":\"https:\/\/apuntesdesanluis.com\/index.php\/2024\/10\/13\/hemos-decidido-no-realizar-la-fiesta-de-fin-de-ano-y-priorizar-otras-necesidades\/#primaryimage\"},\"thumbnailUrl\":\"https:\/\/apuntesdesanluis.com\/wp-content\/uploads\/2024\/10\/sijupu.png\",\"articleSection\":[\"Ciudad\/Provincia\"],\"inLanguage\":\"es-AR\"},{\"@type\":\"WebPage\",\"@id\":\"https:\/\/apuntesdesanluis.com\/index.php\/2024\/10\/13\/hemos-decidido-no-realizar-la-fiesta-de-fin-de-ano-y-priorizar-otras-necesidades\/\",\"url\":\"https:\/\/apuntesdesanluis.com\/index.php\/2024\/10\/13\/hemos-decidido-no-realizar-la-fiesta-de-fin-de-ano-y-priorizar-otras-necesidades\/\",\"name\":\"\u201cHEMOS DECIDIDO NO REALIZAR LA FIESTA DE FIN DE A\u00d1O Y PRIORIZAR OTRAS NECESIDADES\u201d - Apuntes de San Luis\",\"isPartOf\":{\"@id\":\"https:\/\/apuntesdesanluis.com\/#website\"},\"primaryImageOfPage\":{\"@id\":\"https:\/\/apuntesdesanluis.com\/index.php\/2024\/10\/13\/hemos-decidido-no-realizar-la-fiesta-de-fin-de-ano-y-priorizar-otras-necesidades\/#primaryimage\"},\"image\":{\"@id\":\"https:\/\/apuntesdesanluis.com\/index.php\/2024\/10\/13\/hemos-decidido-no-realizar-la-fiesta-de-fin-de-ano-y-priorizar-otras-necesidades\/#primaryimage\"},\"thumbnailUrl\":\"https:\/\/apuntesdesanluis.com\/wp-content\/uploads\/2024\/10\/sijupu.png\",\"datePublished\":\"2024-10-13T21:59:52+00:00\",\"dateModified\":\"2024-10-13T22:01:07+00:00\",\"breadcrumb\":{\"@id\":\"https:\/\/apuntesdesanluis.com\/index.php\/2024\/10\/13\/hemos-decidido-no-realizar-la-fiesta-de-fin-de-ano-y-priorizar-otras-necesidades\/#breadcrumb\"},\"inLanguage\":\"es-AR\",\"potentialAction\":[{\"@type\":\"ReadAction\",\"target\":[\"https:\/\/apuntesdesanluis.com\/index.php\/2024\/10\/13\/hemos-decidido-no-realizar-la-fiesta-de-fin-de-ano-y-priorizar-otras-necesidades\/\"]}]},{\"@type\":\"ImageObject\",\"inLanguage\":\"es-AR\",\"@id\":\"https:\/\/apuntesdesanluis.com\/index.php\/2024\/10\/13\/hemos-decidido-no-realizar-la-fiesta-de-fin-de-ano-y-priorizar-otras-necesidades\/#primaryimage\",\"url\":\"https:\/\/apuntesdesanluis.com\/wp-content\/uploads\/2024\/10\/sijupu.png\",\"contentUrl\":\"https:\/\/apuntesdesanluis.com\/wp-content\/uploads\/2024\/10\/sijupu.png\",\"width\":700,\"height\":446},{\"@type\":\"BreadcrumbList\",\"@id\":\"https:\/\/apuntesdesanluis.com\/index.php\/2024\/10\/13\/hemos-decidido-no-realizar-la-fiesta-de-fin-de-ano-y-priorizar-otras-necesidades\/#breadcrumb\",\"itemListElement\":[{\"@type\":\"ListItem\",\"position\":1,\"name\":\"Inicio\",\"item\":\"https:\/\/apuntesdesanluis.com\/\"},{\"@type\":\"ListItem\",\"position\":2,\"name\":\"\u201cHEMOS DECIDIDO NO REALIZAR LA FIESTA DE FIN DE A\u00d1O Y PRIORIZAR OTRAS NECESIDADES\u201d\"}]},{\"@type\":\"WebSite\",\"@id\":\"https:\/\/apuntesdesanluis.com\/#website\",\"url\":\"https:\/\/apuntesdesanluis.com\/\",\"name\":\"Apuntes de San Luis\",\"description\":\"\",\"publisher\":{\"@id\":\"https:\/\/apuntesdesanluis.com\/#\/schema\/person\/b55151d52296fcce64d1a72538a70b90\"},\"potentialAction\":[{\"@type\":\"SearchAction\",\"target\":{\"@type\":\"EntryPoint\",\"urlTemplate\":\"https:\/\/apuntesdesanluis.com\/?s={search_term_string}\"},\"query-input\":{\"@type\":\"PropertyValueSpecification\",\"valueRequired\":true,\"valueName\":\"search_term_string\"}}],\"inLanguage\":\"es-AR\"},{\"@type\":[\"Person\",\"Organization\"],\"@id\":\"https:\/\/apuntesdesanluis.com\/#\/schema\/person\/b55151d52296fcce64d1a72538a70b90\",\"name\":\"apuntesdesanluis.com\",\"image\":{\"@type\":\"ImageObject\",\"inLanguage\":\"es-AR\",\"@id\":\"https:\/\/apuntesdesanluis.com\/#\/schema\/person\/image\/\",\"url\":\"https:\/\/apuntesdesanluis.com\/wp-content\/uploads\/2023\/07\/cropped-apuntesdesanluis.png\",\"contentUrl\":\"https:\/\/apuntesdesanluis.com\/wp-content\/uploads\/2023\/07\/cropped-apuntesdesanluis.png\",\"width\":450,\"height\":112,\"caption\":\"apuntesdesanluis.com\"},\"logo\":{\"@id\":\"https:\/\/apuntesdesanluis.com\/#\/schema\/person\/image\/\"},\"sameAs\":[\"https:\/\/apuntesdesanluis.com\"],\"url\":\"https:\/\/apuntesdesanluis.com\/index.php\/author\/apuntesdesanluis-com\/\"}]}<\/script>\n<!-- \/ Yoast SEO plugin. -->","yoast_head_json":{"title":"\u201cHEMOS DECIDIDO NO REALIZAR LA FIESTA DE FIN DE A\u00d1O Y PRIORIZAR OTRAS NECESIDADES\u201d - Apuntes de San Luis","robots":{"index":"index","follow":"follow","max-snippet":"max-snippet:-1","max-image-preview":"max-image-preview:large","max-video-preview":"max-video-preview:-1"},"canonical":"https:\/\/apuntesdesanluis.com\/index.php\/2024\/10\/13\/hemos-decidido-no-realizar-la-fiesta-de-fin-de-ano-y-priorizar-otras-necesidades\/","og_locale":"es_ES","og_type":"article","og_title":"\u201cHEMOS DECIDIDO NO REALIZAR LA FIESTA DE FIN DE A\u00d1O Y PRIORIZAR OTRAS NECESIDADES\u201d - Apuntes de San Luis","og_description":"Lo confirm\u00f3 el Secretario General del Sindicato Judiciales Puntanos (SiJuPu), Luciano Cardarelli, al dar a...","og_url":"https:\/\/apuntesdesanluis.com\/index.php\/2024\/10\/13\/hemos-decidido-no-realizar-la-fiesta-de-fin-de-ano-y-priorizar-otras-necesidades\/","og_site_name":"Apuntes de San Luis","article_published_time":"2024-10-13T21:59:52+00:00","article_modified_time":"2024-10-13T22:01:07+00:00","og_image":[{"width":700,"height":446,"url":"https:\/\/apuntesdesanluis.com\/wp-content\/uploads\/2024\/10\/sijupu.png","type":"image\/png"}],"author":"apuntesdesanluis.com","twitter_card":"summary_large_image","twitter_misc":{"Escrito por":"apuntesdesanluis.com","Tiempo de lectura":"3 minutos"},"schema":{"@context":"https:\/\/schema.org","@graph":[{"@type":"Article","@id":"https:\/\/apuntesdesanluis.com\/index.php\/2024\/10\/13\/hemos-decidido-no-realizar-la-fiesta-de-fin-de-ano-y-priorizar-otras-necesidades\/#article","isPartOf":{"@id":"https:\/\/apuntesdesanluis.com\/index.php\/2024\/10\/13\/hemos-decidido-no-realizar-la-fiesta-de-fin-de-ano-y-priorizar-otras-necesidades\/"},"author":{"name":"apuntesdesanluis.com","@id":"https:\/\/apuntesdesanluis.com\/#\/schema\/person\/b55151d52296fcce64d1a72538a70b90"},"headline":"\u201cHEMOS DECIDIDO NO REALIZAR LA FIESTA DE FIN DE A\u00d1O Y PRIORIZAR OTRAS NECESIDADES\u201d","datePublished":"2024-10-13T21:59:52+00:00","dateModified":"2024-10-13T22:01:07+00:00","mainEntityOfPage":{"@id":"https:\/\/apuntesdesanluis.com\/index.php\/2024\/10\/13\/hemos-decidido-no-realizar-la-fiesta-de-fin-de-ano-y-priorizar-otras-necesidades\/"},"wordCount":567,"publisher":{"@id":"https:\/\/apuntesdesanluis.com\/#\/schema\/person\/b55151d52296fcce64d1a72538a70b90"},"image":{"@id":"https:\/\/apuntesdesanluis.com\/index.php\/2024\/10\/13\/hemos-decidido-no-realizar-la-fiesta-de-fin-de-ano-y-priorizar-otras-necesidades\/#primaryimage"},"thumbnailUrl":"https:\/\/apuntesdesanluis.com\/wp-content\/uploads\/2024\/10\/sijupu.png","articleSection":["Ciudad\/Provincia"],"inLanguage":"es-AR"},{"@type":"WebPage","@id":"https:\/\/apuntesdesanluis.com\/index.php\/2024\/10\/13\/hemos-decidido-no-realizar-la-fiesta-de-fin-de-ano-y-priorizar-otras-necesidades\/","url":"https:\/\/apuntesdesanluis.com\/index.php\/2024\/10\/13\/hemos-decidido-no-realizar-la-fiesta-de-fin-de-ano-y-priorizar-otras-necesidades\/","name":"\u201cHEMOS DECIDIDO NO REALIZAR LA FIESTA DE FIN DE A\u00d1O Y PRIORIZAR OTRAS NECESIDADES\u201d - Apuntes de San Luis","isPartOf":{"@id":"https:\/\/apuntesdesanluis.com\/#website"},"primaryImageOfPage":{"@id":"https:\/\/apuntesdesanluis.com\/index.php\/2024\/10\/13\/hemos-decidido-no-realizar-la-fiesta-de-fin-de-ano-y-priorizar-otras-necesidades\/#primaryimage"},"image":{"@id":"https:\/\/apuntesdesanluis.com\/index.php\/2024\/10\/13\/hemos-decidido-no-realizar-la-fiesta-de-fin-de-ano-y-priorizar-otras-necesidades\/#primaryimage"},"thumbnailUrl":"https:\/\/apuntesdesanluis.com\/wp-content\/uploads\/2024\/10\/sijupu.png","datePublished":"2024-10-13T21:59:52+00:00","dateModified":"2024-10-13T22:01:07+00:00","breadcrumb":{"@id":"https:\/\/apuntesdesanluis.com\/index.php\/2024\/10\/13\/hemos-decidido-no-realizar-la-fiesta-de-fin-de-ano-y-priorizar-otras-necesidades\/#breadcrumb"},"inLanguage":"es-AR","potentialAction":[{"@type":"ReadAction","target":["https:\/\/apuntesdesanluis.com\/index.php\/2024\/10\/13\/hemos-decidido-no-realizar-la-fiesta-de-fin-de-ano-y-priorizar-otras-necesidades\/"]}]},{"@type":"ImageObject","inLanguage":"es-AR","@id":"https:\/\/apuntesdesanluis.com\/index.php\/2024\/10\/13\/hemos-decidido-no-realizar-la-fiesta-de-fin-de-ano-y-priorizar-otras-necesidades\/#primaryimage","url":"https:\/\/apuntesdesanluis.com\/wp-content\/uploads\/2024\/10\/sijupu.png","contentUrl":"https:\/\/apuntesdesanluis.com\/wp-content\/uploads\/2024\/10\/sijupu.png","width":700,"height":446},{"@type":"BreadcrumbList","@id":"https:\/\/apuntesdesanluis.com\/index.php\/2024\/10\/13\/hemos-decidido-no-realizar-la-fiesta-de-fin-de-ano-y-priorizar-otras-necesidades\/#breadcrumb","itemListElement":[{"@type":"ListItem","position":1,"name":"Inicio","item":"https:\/\/apuntesdesanluis.com\/"},{"@type":"ListItem","position":2,"name":"\u201cHEMOS DECIDIDO NO REALIZAR LA FIESTA DE FIN DE A\u00d1O Y PRIORIZAR OTRAS NECESIDADES\u201d"}]},{"@type":"WebSite","@id":"https:\/\/apuntesdesanluis.com\/#website","url":"https:\/\/apuntesdesanluis.com\/","name":"Apuntes de San Luis","description":"","publisher":{"@id":"https:\/\/apuntesdesanluis.com\/#\/schema\/person\/b55151d52296fcce64d1a72538a70b90"},"potentialAction":[{"@type":"SearchAction","target":{"@type":"EntryPoint","urlTemplate":"https:\/\/apuntesdesanluis.com\/?s={search_term_string}"},"query-input":{"@type":"PropertyValueSpecification","valueRequired":true,"valueName":"search_term_string"}}],"inLanguage":"es-AR"},{"@type":["Person","Organization"],"@id":"https:\/\/apuntesdesanluis.com\/#\/schema\/person\/b55151d52296fcce64d1a72538a70b90","name":"apuntesdesanluis.com","image":{"@type":"ImageObject","inLanguage":"es-AR","@id":"https:\/\/apuntesdesanluis.com\/#\/schema\/person\/image\/","url":"https:\/\/apuntesdesanluis.com\/wp-content\/uploads\/2023\/07\/cropped-apuntesdesanluis.png","contentUrl":"https:\/\/apuntesdesanluis.com\/wp-content\/uploads\/2023\/07\/cropped-apuntesdesanluis.png","width":450,"height":112,"caption":"apuntesdesanluis.com"},"logo":{"@id":"https:\/\/apuntesdesanluis.com\/#\/schema\/person\/image\/"},"sameAs":["https:\/\/apuntesdesanluis.com"],"url":"https:\/\/apuntesdesanluis.com\/index.php\/author\/apuntesdesanluis-com\/"}]}},"featured_image_urls":{"full":["https:\/\/apuntesdesanluis.com\/wp-content\/uploads\/2024\/10\/sijupu.png",700,446,false],"thumbnail":["https:\/\/apuntesdesanluis.com\/wp-content\/uploads\/2024\/10\/sijupu-150x150.png",150,150,true],"medium":["https:\/\/apuntesdesanluis.com\/wp-content\/uploads\/2024\/10\/sijupu-300x191.png",300,191,true],"medium_large":["https:\/\/apuntesdesanluis.com\/wp-content\/uploads\/2024\/10\/sijupu.png",640,408,false],"large":["https:\/\/apuntesdesanluis.com\/wp-content\/uploads\/2024\/10\/sijupu.png",640,408,false],"1536x1536":["https:\/\/apuntesdesanluis.com\/wp-content\/uploads\/2024\/10\/sijupu.png",700,446,false],"2048x2048":["https:\/\/apuntesdesanluis.com\/wp-content\/uploads\/2024\/10\/sijupu.png",700,446,false],"newsever-slider-full":["https:\/\/apuntesdesanluis.com\/wp-content\/uploads\/2024\/10\/sijupu.png",700,446,false],"newsever-featured":["https:\/\/apuntesdesanluis.com\/wp-content\/uploads\/2024\/10\/sijupu.png",700,446,false],"newsever-medium":["https:\/\/apuntesdesanluis.com\/wp-content\/uploads\/2024\/10\/sijupu.png",700,446,false]},"author_info":{"display_name":"apuntesdesanluis.com","author_link":"https:\/\/apuntesdesanluis.com\/index.php\/author\/apuntesdesanluis-com\/"},"category_info":"<a href=\"https:\/\/apuntesdesanluis.com\/index.php\/category\/ciudad-provincia\/\" rel=\"category tag\">Ciudad\/Provincia<\/a>","tag_info":"Ciudad\/Provincia","comment_count":"0","_links":{"self":[{"href":"https:\/\/apuntesdesanluis.com\/index.php\/wp-json\/wp\/v2\/posts\/23771","targetHints":{"allow":["GET"]}}],"collection":[{"href":"https:\/\/apuntesdesanluis.com\/index.php\/wp-json\/wp\/v2\/posts"}],"about":[{"href":"https:\/\/apuntesdesanluis.com\/index.php\/wp-json\/wp\/v2\/types\/post"}],"author":[{"embeddable":true,"href":"https:\/\/apuntesdesanluis.com\/index.php\/wp-json\/wp\/v2\/users\/1"}],"replies":[{"embeddable":true,"href":"https:\/\/apuntesdesanluis.com\/index.php\/wp-json\/wp\/v2\/comments?post=23771"}],"version-history":[{"count":3,"href":"https:\/\/apuntesdesanluis.com\/index.php\/wp-json\/wp\/v2\/posts\/23771\/revisions"}],"predecessor-version":[{"id":23777,"href":"https:\/\/apuntesdesanluis.com\/index.php\/wp-json\/wp\/v2\/posts\/23771\/revisions\/23777"}],"wp:featuredmedia":[{"embeddable":true,"href":"https:\/\/apuntesdesanluis.com\/index.php\/wp-json\/wp\/v2\/media\/23774"}],"wp:attachment":[{"href":"https:\/\/apuntesdesanluis.com\/index.php\/wp-json\/wp\/v2\/media?parent=23771"}],"wp:term":[{"taxonomy":"category","embeddable":true,"href":"https:\/\/apuntesdesanluis.com\/index.php\/wp-json\/wp\/v2\/categories?post=23771"},{"taxonomy":"post_tag","embeddable":true,"href":"https:\/\/apuntesdesanluis.com\/index.php\/wp-json\/wp\/v2\/tags?post=23771"}],"curies":[{"name":"wp","href":"https:\/\/api.w.org\/{rel}","templated":true}]}}