{"id":23794,"date":"2024-10-13T21:48:50","date_gmt":"2024-10-14T00:48:50","guid":{"rendered":"https:\/\/apuntesdesanluis.com\/?p=23794"},"modified":"2024-10-13T21:48:50","modified_gmt":"2024-10-14T00:48:50","slug":"el-poder-de-emprender-superando-desafios-para-una-autonomia-colectiva","status":"publish","type":"post","link":"https:\/\/apuntesdesanluis.com\/index.php\/2024\/10\/13\/el-poder-de-emprender-superando-desafios-para-una-autonomia-colectiva\/","title":{"rendered":"\u201cEL PODER DE EMPRENDER: SUPERANDO DESAF\u00cdOS PARA UNA AUTONOM\u00cdA COLECTIVA\u201d"},"content":{"rendered":"<h3>La Universidad Nacional de San Luis (UNSL) invita a la comunidad acad\u00e9mica y al p\u00fablico en general al evento \u201cEl poder de emprender: Superando desaf\u00edos para una autonom\u00eda colectiva\u201d, que se llevar\u00e1 a cabo este martes 15 a las 14:30 hs, en el Auditorio Mauricio Almicar L\u00f3pez.<\/h3>\n<h3>Este evento busca generar un espacio de reflexi\u00f3n y aprendizaje en torno a la importancia del emprendimiento social y la autonom\u00eda colectiva, con un enfoque en la inclusi\u00f3n y los derechos humanos. El objetivo de esta actividad es reflexionar sobre las posibilidades, realidades y desaf\u00edos que enfrenta la comunidad trans.<\/h3>\n<p><img fetchpriority=\"high\" decoding=\"async\" class=\"wp-image-23796 aligncenter\" src=\"https:\/\/apuntesdesanluis.com\/wp-content\/uploads\/2024\/10\/flyer-300x300.png\" alt=\"\" width=\"651\" height=\"651\" srcset=\"https:\/\/apuntesdesanluis.com\/wp-content\/uploads\/2024\/10\/flyer-300x300.png 300w, https:\/\/apuntesdesanluis.com\/wp-content\/uploads\/2024\/10\/flyer-150x150.png 150w, https:\/\/apuntesdesanluis.com\/wp-content\/uploads\/2024\/10\/flyer.png 700w\" sizes=\"(max-width: 651px) 100vw, 651px\" \/><\/p>\n<h3>Ponentes destacados:<\/h3>\n<h3><strong>Daniela Mu\u00f1oz Jim\u00e9nez,<\/strong> es una destacada emprendedora y m\u00e9dica cirujana, fundadora y CEO de TRANSSALUD y + MASS CLINIK, las primeras cl\u00ednicas en Argentina dedicadas a la salud trans y LGBT, con presencia internacional. Tambi\u00e9n es fundadora de ATLASST (Asociaci\u00f3n de Tratantes Latinoamericanos de la Salud Trans) y directora de la Cl\u00ednica Trans del Instituto Nacional de Enfermedades Respiratorias (INER), con una valiosa experiencia en la atenci\u00f3n de m\u00e1s de 2800 pacientes.<\/h3>\n<h3>Su labor como investigadora abarca \u00e1reas como la Filosof\u00eda de la Econom\u00eda Pol\u00edtica, la Filosof\u00eda del G\u00e9nero y la Neurofilosof\u00eda, participando en congresos internacionales. Adem\u00e1s, es docente y autora de cursos sobre Tratamiento Hormonal de Afirmaci\u00f3n de G\u00e9nero (THAG) y ha escrito tres libros sobre filosof\u00eda social, ciencia y econom\u00eda.<\/h3>\n<h3>Como activista y defensora de los derechos de las mujeres y la diversidad sexual, impulsa TRANSSVERSIDAD (Universidad Trans) y desarrolla talleres de sensibilizaci\u00f3n en diversas instituciones. Fuera del \u00e1mbito profesional, es pianista, compositora y escritora.<\/h3>\n<h3><strong>Ariel Sanabria<\/strong>, es Licenciado en Trabajo Social por la UNSL (2012) y cuenta con una formaci\u00f3n destacada como Mediador Judicial y Extrajudicial (2013), Especialista en Intervenciones Sociales con Ni\u00f1as, Ni\u00f1os, Adolescentes y J\u00f3venes (2018) y Diplomado en Masculinidades (2023).<\/h3>\n<h3>Actualmente, es Profesor Adjunto en la Carrera de Licenciatura en Trabajo Social en la UNSL, donde tambi\u00e9n se desempe\u00f1a como docente en especializaciones sobre problem\u00e1ticas sociales con perspectiva de g\u00e9nero y diversidad. Ha co-dirigido proyectos de investigaci\u00f3n sobre sexualidades y es integrante de varias iniciativas acad\u00e9micas centradas en derechos humanos y enfoques de g\u00e9nero. Adem\u00e1s, ha trabajado en el Hospital Dr. Su\u00e1rez Rocha, coordinando programas de salud para adolescentes y personas trans.<\/h3>\n<h3>Su labor acad\u00e9mica incluye la autor\u00eda de m\u00faltiples publicaciones y la dictaci\u00f3n de seminarios sobre pol\u00edticas sociales y masculinidades, contribuyendo activamente a la formaci\u00f3n y sensibilizaci\u00f3n en estos temas en diversas instituciones.<\/h3>\n<h3>Daniela Mu\u00f1oz Jim\u00e9nez, bajo la leyenda \u201cEl poder emprender: superando desaf\u00edos para una autonom\u00eda colectiva\u201d, contar\u00e1 su experiencia como mujer trans as\u00ed como explorar c\u00f3mo Daniela Mu\u00f1oz, siendo una mujer trans, su experiencia en la creaci\u00f3n de cl\u00ednicas que atienden espec\u00edficamente a la comunidad trans y LGBT.<\/h3>\n<h3>Por su parte Ariel Sanabria, abordara la tem\u00e1tica, \u201cTransiciones de lo binario a lo fluido. Tensiones en la investigaci\u00f3n, la docencia y la intervenci\u00f3n profesional\u201d.<\/h3>\n<h3>Este evento es una oportunidad \u00fanica para aprender sobre iniciativas innovadoras que promueven la inclusi\u00f3n y la diversidad, reflexionar sobre los desaf\u00edos que enfrentan las comunidades marginadas y las estrategias para superarlos, y vincularse con personas que comparten un inter\u00e9s en la construcci\u00f3n de un futuro m\u00e1s equitativo.<\/h3>\n<p>&nbsp;<\/p>\n<p>&nbsp;<\/p>\n<p>&nbsp;<\/p>\n<p>&nbsp;<\/p>\n<p>&nbsp;<\/p>\n<p>&nbsp;<\/p>\n","protected":false},"excerpt":{"rendered":"<p>La Universidad Nacional de San Luis (UNSL) invita a la comunidad acad\u00e9mica y al p\u00fablico&#8230;<\/p>\n","protected":false},"author":1,"featured_media":23795,"comment_status":"closed","ping_status":"closed","sticky":false,"template":"","format":"standard","meta":{"footnotes":""},"categories":[6],"tags":[],"class_list":["post-23794","post","type-post","status-publish","format-standard","has-post-thumbnail","hentry","category-ciudad-provincia"],"yoast_head":"<!-- This site is optimized with the Yoast SEO plugin v26.1.1 - https:\/\/yoast.com\/wordpress\/plugins\/seo\/ -->\n<title>\u201cEL PODER DE EMPRENDER: SUPERANDO DESAF\u00cdOS PARA UNA AUTONOM\u00cdA COLECTIVA\u201d - Apuntes de San Luis<\/title>\n<meta name=\"robots\" content=\"index, follow, max-snippet:-1, max-image-preview:large, max-video-preview:-1\" \/>\n<link rel=\"canonical\" href=\"https:\/\/apuntesdesanluis.com\/index.php\/2024\/10\/13\/el-poder-de-emprender-superando-desafios-para-una-autonomia-colectiva\/\" \/>\n<meta property=\"og:locale\" content=\"es_ES\" \/>\n<meta property=\"og:type\" content=\"article\" \/>\n<meta property=\"og:title\" content=\"\u201cEL PODER DE EMPRENDER: SUPERANDO DESAF\u00cdOS PARA UNA AUTONOM\u00cdA COLECTIVA\u201d - Apuntes de San Luis\" \/>\n<meta property=\"og:description\" content=\"La Universidad Nacional de San Luis (UNSL) invita a la comunidad acad\u00e9mica y al p\u00fablico...\" \/>\n<meta property=\"og:url\" content=\"https:\/\/apuntesdesanluis.com\/index.php\/2024\/10\/13\/el-poder-de-emprender-superando-desafios-para-una-autonomia-colectiva\/\" \/>\n<meta property=\"og:site_name\" content=\"Apuntes de San Luis\" \/>\n<meta property=\"article:published_time\" content=\"2024-10-14T00:48:50+00:00\" \/>\n<meta property=\"og:image\" content=\"https:\/\/apuntesdesanluis.com\/wp-content\/uploads\/2024\/10\/unsl.png\" \/>\n\t<meta property=\"og:image:width\" content=\"651\" \/>\n\t<meta property=\"og:image:height\" content=\"372\" \/>\n\t<meta property=\"og:image:type\" content=\"image\/png\" \/>\n<meta name=\"author\" content=\"apuntesdesanluis.com\" \/>\n<meta name=\"twitter:card\" content=\"summary_large_image\" \/>\n<meta name=\"twitter:label1\" content=\"Escrito por\" \/>\n\t<meta name=\"twitter:data1\" content=\"apuntesdesanluis.com\" \/>\n\t<meta name=\"twitter:label2\" content=\"Tiempo de lectura\" \/>\n\t<meta name=\"twitter:data2\" content=\"3 minutos\" \/>\n<script type=\"application\/ld+json\" class=\"yoast-schema-graph\">{\"@context\":\"https:\/\/schema.org\",\"@graph\":[{\"@type\":\"Article\",\"@id\":\"https:\/\/apuntesdesanluis.com\/index.php\/2024\/10\/13\/el-poder-de-emprender-superando-desafios-para-una-autonomia-colectiva\/#article\",\"isPartOf\":{\"@id\":\"https:\/\/apuntesdesanluis.com\/index.php\/2024\/10\/13\/el-poder-de-emprender-superando-desafios-para-una-autonomia-colectiva\/\"},\"author\":{\"name\":\"apuntesdesanluis.com\",\"@id\":\"https:\/\/apuntesdesanluis.com\/#\/schema\/person\/b55151d52296fcce64d1a72538a70b90\"},\"headline\":\"\u201cEL PODER DE EMPRENDER: SUPERANDO DESAF\u00cdOS PARA UNA AUTONOM\u00cdA COLECTIVA\u201d\",\"datePublished\":\"2024-10-14T00:48:50+00:00\",\"mainEntityOfPage\":{\"@id\":\"https:\/\/apuntesdesanluis.com\/index.php\/2024\/10\/13\/el-poder-de-emprender-superando-desafios-para-una-autonomia-colectiva\/\"},\"wordCount\":596,\"publisher\":{\"@id\":\"https:\/\/apuntesdesanluis.com\/#\/schema\/person\/b55151d52296fcce64d1a72538a70b90\"},\"image\":{\"@id\":\"https:\/\/apuntesdesanluis.com\/index.php\/2024\/10\/13\/el-poder-de-emprender-superando-desafios-para-una-autonomia-colectiva\/#primaryimage\"},\"thumbnailUrl\":\"https:\/\/apuntesdesanluis.com\/wp-content\/uploads\/2024\/10\/unsl.png\",\"articleSection\":[\"Ciudad\/Provincia\"],\"inLanguage\":\"es-AR\"},{\"@type\":\"WebPage\",\"@id\":\"https:\/\/apuntesdesanluis.com\/index.php\/2024\/10\/13\/el-poder-de-emprender-superando-desafios-para-una-autonomia-colectiva\/\",\"url\":\"https:\/\/apuntesdesanluis.com\/index.php\/2024\/10\/13\/el-poder-de-emprender-superando-desafios-para-una-autonomia-colectiva\/\",\"name\":\"\u201cEL PODER DE EMPRENDER: SUPERANDO DESAF\u00cdOS PARA UNA AUTONOM\u00cdA COLECTIVA\u201d - Apuntes de San Luis\",\"isPartOf\":{\"@id\":\"https:\/\/apuntesdesanluis.com\/#website\"},\"primaryImageOfPage\":{\"@id\":\"https:\/\/apuntesdesanluis.com\/index.php\/2024\/10\/13\/el-poder-de-emprender-superando-desafios-para-una-autonomia-colectiva\/#primaryimage\"},\"image\":{\"@id\":\"https:\/\/apuntesdesanluis.com\/index.php\/2024\/10\/13\/el-poder-de-emprender-superando-desafios-para-una-autonomia-colectiva\/#primaryimage\"},\"thumbnailUrl\":\"https:\/\/apuntesdesanluis.com\/wp-content\/uploads\/2024\/10\/unsl.png\",\"datePublished\":\"2024-10-14T00:48:50+00:00\",\"breadcrumb\":{\"@id\":\"https:\/\/apuntesdesanluis.com\/index.php\/2024\/10\/13\/el-poder-de-emprender-superando-desafios-para-una-autonomia-colectiva\/#breadcrumb\"},\"inLanguage\":\"es-AR\",\"potentialAction\":[{\"@type\":\"ReadAction\",\"target\":[\"https:\/\/apuntesdesanluis.com\/index.php\/2024\/10\/13\/el-poder-de-emprender-superando-desafios-para-una-autonomia-colectiva\/\"]}]},{\"@type\":\"ImageObject\",\"inLanguage\":\"es-AR\",\"@id\":\"https:\/\/apuntesdesanluis.com\/index.php\/2024\/10\/13\/el-poder-de-emprender-superando-desafios-para-una-autonomia-colectiva\/#primaryimage\",\"url\":\"https:\/\/apuntesdesanluis.com\/wp-content\/uploads\/2024\/10\/unsl.png\",\"contentUrl\":\"https:\/\/apuntesdesanluis.com\/wp-content\/uploads\/2024\/10\/unsl.png\",\"width\":651,\"height\":372},{\"@type\":\"BreadcrumbList\",\"@id\":\"https:\/\/apuntesdesanluis.com\/index.php\/2024\/10\/13\/el-poder-de-emprender-superando-desafios-para-una-autonomia-colectiva\/#breadcrumb\",\"itemListElement\":[{\"@type\":\"ListItem\",\"position\":1,\"name\":\"Inicio\",\"item\":\"https:\/\/apuntesdesanluis.com\/\"},{\"@type\":\"ListItem\",\"position\":2,\"name\":\"\u201cEL PODER DE EMPRENDER: SUPERANDO DESAF\u00cdOS PARA UNA AUTONOM\u00cdA COLECTIVA\u201d\"}]},{\"@type\":\"WebSite\",\"@id\":\"https:\/\/apuntesdesanluis.com\/#website\",\"url\":\"https:\/\/apuntesdesanluis.com\/\",\"name\":\"Apuntes de San Luis\",\"description\":\"\",\"publisher\":{\"@id\":\"https:\/\/apuntesdesanluis.com\/#\/schema\/person\/b55151d52296fcce64d1a72538a70b90\"},\"potentialAction\":[{\"@type\":\"SearchAction\",\"target\":{\"@type\":\"EntryPoint\",\"urlTemplate\":\"https:\/\/apuntesdesanluis.com\/?s={search_term_string}\"},\"query-input\":{\"@type\":\"PropertyValueSpecification\",\"valueRequired\":true,\"valueName\":\"search_term_string\"}}],\"inLanguage\":\"es-AR\"},{\"@type\":[\"Person\",\"Organization\"],\"@id\":\"https:\/\/apuntesdesanluis.com\/#\/schema\/person\/b55151d52296fcce64d1a72538a70b90\",\"name\":\"apuntesdesanluis.com\",\"image\":{\"@type\":\"ImageObject\",\"inLanguage\":\"es-AR\",\"@id\":\"https:\/\/apuntesdesanluis.com\/#\/schema\/person\/image\/\",\"url\":\"https:\/\/apuntesdesanluis.com\/wp-content\/uploads\/2023\/07\/cropped-apuntesdesanluis.png\",\"contentUrl\":\"https:\/\/apuntesdesanluis.com\/wp-content\/uploads\/2023\/07\/cropped-apuntesdesanluis.png\",\"width\":450,\"height\":112,\"caption\":\"apuntesdesanluis.com\"},\"logo\":{\"@id\":\"https:\/\/apuntesdesanluis.com\/#\/schema\/person\/image\/\"},\"sameAs\":[\"https:\/\/apuntesdesanluis.com\"],\"url\":\"https:\/\/apuntesdesanluis.com\/index.php\/author\/apuntesdesanluis-com\/\"}]}<\/script>\n<!-- \/ Yoast SEO plugin. -->","yoast_head_json":{"title":"\u201cEL PODER DE EMPRENDER: SUPERANDO DESAF\u00cdOS PARA UNA AUTONOM\u00cdA COLECTIVA\u201d - Apuntes de San Luis","robots":{"index":"index","follow":"follow","max-snippet":"max-snippet:-1","max-image-preview":"max-image-preview:large","max-video-preview":"max-video-preview:-1"},"canonical":"https:\/\/apuntesdesanluis.com\/index.php\/2024\/10\/13\/el-poder-de-emprender-superando-desafios-para-una-autonomia-colectiva\/","og_locale":"es_ES","og_type":"article","og_title":"\u201cEL PODER DE EMPRENDER: SUPERANDO DESAF\u00cdOS PARA UNA AUTONOM\u00cdA COLECTIVA\u201d - Apuntes de San Luis","og_description":"La Universidad Nacional de San Luis (UNSL) invita a la comunidad acad\u00e9mica y al p\u00fablico...","og_url":"https:\/\/apuntesdesanluis.com\/index.php\/2024\/10\/13\/el-poder-de-emprender-superando-desafios-para-una-autonomia-colectiva\/","og_site_name":"Apuntes de San Luis","article_published_time":"2024-10-14T00:48:50+00:00","og_image":[{"width":651,"height":372,"url":"https:\/\/apuntesdesanluis.com\/wp-content\/uploads\/2024\/10\/unsl.png","type":"image\/png"}],"author":"apuntesdesanluis.com","twitter_card":"summary_large_image","twitter_misc":{"Escrito por":"apuntesdesanluis.com","Tiempo de lectura":"3 minutos"},"schema":{"@context":"https:\/\/schema.org","@graph":[{"@type":"Article","@id":"https:\/\/apuntesdesanluis.com\/index.php\/2024\/10\/13\/el-poder-de-emprender-superando-desafios-para-una-autonomia-colectiva\/#article","isPartOf":{"@id":"https:\/\/apuntesdesanluis.com\/index.php\/2024\/10\/13\/el-poder-de-emprender-superando-desafios-para-una-autonomia-colectiva\/"},"author":{"name":"apuntesdesanluis.com","@id":"https:\/\/apuntesdesanluis.com\/#\/schema\/person\/b55151d52296fcce64d1a72538a70b90"},"headline":"\u201cEL PODER DE EMPRENDER: SUPERANDO DESAF\u00cdOS PARA UNA AUTONOM\u00cdA COLECTIVA\u201d","datePublished":"2024-10-14T00:48:50+00:00","mainEntityOfPage":{"@id":"https:\/\/apuntesdesanluis.com\/index.php\/2024\/10\/13\/el-poder-de-emprender-superando-desafios-para-una-autonomia-colectiva\/"},"wordCount":596,"publisher":{"@id":"https:\/\/apuntesdesanluis.com\/#\/schema\/person\/b55151d52296fcce64d1a72538a70b90"},"image":{"@id":"https:\/\/apuntesdesanluis.com\/index.php\/2024\/10\/13\/el-poder-de-emprender-superando-desafios-para-una-autonomia-colectiva\/#primaryimage"},"thumbnailUrl":"https:\/\/apuntesdesanluis.com\/wp-content\/uploads\/2024\/10\/unsl.png","articleSection":["Ciudad\/Provincia"],"inLanguage":"es-AR"},{"@type":"WebPage","@id":"https:\/\/apuntesdesanluis.com\/index.php\/2024\/10\/13\/el-poder-de-emprender-superando-desafios-para-una-autonomia-colectiva\/","url":"https:\/\/apuntesdesanluis.com\/index.php\/2024\/10\/13\/el-poder-de-emprender-superando-desafios-para-una-autonomia-colectiva\/","name":"\u201cEL PODER DE EMPRENDER: SUPERANDO DESAF\u00cdOS PARA UNA AUTONOM\u00cdA COLECTIVA\u201d - Apuntes de San Luis","isPartOf":{"@id":"https:\/\/apuntesdesanluis.com\/#website"},"primaryImageOfPage":{"@id":"https:\/\/apuntesdesanluis.com\/index.php\/2024\/10\/13\/el-poder-de-emprender-superando-desafios-para-una-autonomia-colectiva\/#primaryimage"},"image":{"@id":"https:\/\/apuntesdesanluis.com\/index.php\/2024\/10\/13\/el-poder-de-emprender-superando-desafios-para-una-autonomia-colectiva\/#primaryimage"},"thumbnailUrl":"https:\/\/apuntesdesanluis.com\/wp-content\/uploads\/2024\/10\/unsl.png","datePublished":"2024-10-14T00:48:50+00:00","breadcrumb":{"@id":"https:\/\/apuntesdesanluis.com\/index.php\/2024\/10\/13\/el-poder-de-emprender-superando-desafios-para-una-autonomia-colectiva\/#breadcrumb"},"inLanguage":"es-AR","potentialAction":[{"@type":"ReadAction","target":["https:\/\/apuntesdesanluis.com\/index.php\/2024\/10\/13\/el-poder-de-emprender-superando-desafios-para-una-autonomia-colectiva\/"]}]},{"@type":"ImageObject","inLanguage":"es-AR","@id":"https:\/\/apuntesdesanluis.com\/index.php\/2024\/10\/13\/el-poder-de-emprender-superando-desafios-para-una-autonomia-colectiva\/#primaryimage","url":"https:\/\/apuntesdesanluis.com\/wp-content\/uploads\/2024\/10\/unsl.png","contentUrl":"https:\/\/apuntesdesanluis.com\/wp-content\/uploads\/2024\/10\/unsl.png","width":651,"height":372},{"@type":"BreadcrumbList","@id":"https:\/\/apuntesdesanluis.com\/index.php\/2024\/10\/13\/el-poder-de-emprender-superando-desafios-para-una-autonomia-colectiva\/#breadcrumb","itemListElement":[{"@type":"ListItem","position":1,"name":"Inicio","item":"https:\/\/apuntesdesanluis.com\/"},{"@type":"ListItem","position":2,"name":"\u201cEL PODER DE EMPRENDER: SUPERANDO DESAF\u00cdOS PARA UNA AUTONOM\u00cdA COLECTIVA\u201d"}]},{"@type":"WebSite","@id":"https:\/\/apuntesdesanluis.com\/#website","url":"https:\/\/apuntesdesanluis.com\/","name":"Apuntes de San Luis","description":"","publisher":{"@id":"https:\/\/apuntesdesanluis.com\/#\/schema\/person\/b55151d52296fcce64d1a72538a70b90"},"potentialAction":[{"@type":"SearchAction","target":{"@type":"EntryPoint","urlTemplate":"https:\/\/apuntesdesanluis.com\/?s={search_term_string}"},"query-input":{"@type":"PropertyValueSpecification","valueRequired":true,"valueName":"search_term_string"}}],"inLanguage":"es-AR"},{"@type":["Person","Organization"],"@id":"https:\/\/apuntesdesanluis.com\/#\/schema\/person\/b55151d52296fcce64d1a72538a70b90","name":"apuntesdesanluis.com","image":{"@type":"ImageObject","inLanguage":"es-AR","@id":"https:\/\/apuntesdesanluis.com\/#\/schema\/person\/image\/","url":"https:\/\/apuntesdesanluis.com\/wp-content\/uploads\/2023\/07\/cropped-apuntesdesanluis.png","contentUrl":"https:\/\/apuntesdesanluis.com\/wp-content\/uploads\/2023\/07\/cropped-apuntesdesanluis.png","width":450,"height":112,"caption":"apuntesdesanluis.com"},"logo":{"@id":"https:\/\/apuntesdesanluis.com\/#\/schema\/person\/image\/"},"sameAs":["https:\/\/apuntesdesanluis.com"],"url":"https:\/\/apuntesdesanluis.com\/index.php\/author\/apuntesdesanluis-com\/"}]}},"featured_image_urls":{"full":["https:\/\/apuntesdesanluis.com\/wp-content\/uploads\/2024\/10\/unsl.png",651,372,false],"thumbnail":["https:\/\/apuntesdesanluis.com\/wp-content\/uploads\/2024\/10\/unsl-150x150.png",150,150,true],"medium":["https:\/\/apuntesdesanluis.com\/wp-content\/uploads\/2024\/10\/unsl-300x171.png",300,171,true],"medium_large":["https:\/\/apuntesdesanluis.com\/wp-content\/uploads\/2024\/10\/unsl.png",640,366,false],"large":["https:\/\/apuntesdesanluis.com\/wp-content\/uploads\/2024\/10\/unsl.png",640,366,false],"1536x1536":["https:\/\/apuntesdesanluis.com\/wp-content\/uploads\/2024\/10\/unsl.png",651,372,false],"2048x2048":["https:\/\/apuntesdesanluis.com\/wp-content\/uploads\/2024\/10\/unsl.png",651,372,false],"newsever-slider-full":["https:\/\/apuntesdesanluis.com\/wp-content\/uploads\/2024\/10\/unsl.png",651,372,false],"newsever-featured":["https:\/\/apuntesdesanluis.com\/wp-content\/uploads\/2024\/10\/unsl.png",651,372,false],"newsever-medium":["https:\/\/apuntesdesanluis.com\/wp-content\/uploads\/2024\/10\/unsl.png",651,372,false]},"author_info":{"display_name":"apuntesdesanluis.com","author_link":"https:\/\/apuntesdesanluis.com\/index.php\/author\/apuntesdesanluis-com\/"},"category_info":"<a href=\"https:\/\/apuntesdesanluis.com\/index.php\/category\/ciudad-provincia\/\" rel=\"category tag\">Ciudad\/Provincia<\/a>","tag_info":"Ciudad\/Provincia","comment_count":"0","_links":{"self":[{"href":"https:\/\/apuntesdesanluis.com\/index.php\/wp-json\/wp\/v2\/posts\/23794","targetHints":{"allow":["GET"]}}],"collection":[{"href":"https:\/\/apuntesdesanluis.com\/index.php\/wp-json\/wp\/v2\/posts"}],"about":[{"href":"https:\/\/apuntesdesanluis.com\/index.php\/wp-json\/wp\/v2\/types\/post"}],"author":[{"embeddable":true,"href":"https:\/\/apuntesdesanluis.com\/index.php\/wp-json\/wp\/v2\/users\/1"}],"replies":[{"embeddable":true,"href":"https:\/\/apuntesdesanluis.com\/index.php\/wp-json\/wp\/v2\/comments?post=23794"}],"version-history":[{"count":1,"href":"https:\/\/apuntesdesanluis.com\/index.php\/wp-json\/wp\/v2\/posts\/23794\/revisions"}],"predecessor-version":[{"id":23797,"href":"https:\/\/apuntesdesanluis.com\/index.php\/wp-json\/wp\/v2\/posts\/23794\/revisions\/23797"}],"wp:featuredmedia":[{"embeddable":true,"href":"https:\/\/apuntesdesanluis.com\/index.php\/wp-json\/wp\/v2\/media\/23795"}],"wp:attachment":[{"href":"https:\/\/apuntesdesanluis.com\/index.php\/wp-json\/wp\/v2\/media?parent=23794"}],"wp:term":[{"taxonomy":"category","embeddable":true,"href":"https:\/\/apuntesdesanluis.com\/index.php\/wp-json\/wp\/v2\/categories?post=23794"},{"taxonomy":"post_tag","embeddable":true,"href":"https:\/\/apuntesdesanluis.com\/index.php\/wp-json\/wp\/v2\/tags?post=23794"}],"curies":[{"name":"wp","href":"https:\/\/api.w.org\/{rel}","templated":true}]}}