{"id":23810,"date":"2024-10-14T19:20:01","date_gmt":"2024-10-14T22:20:01","guid":{"rendered":"https:\/\/apuntesdesanluis.com\/?p=23810"},"modified":"2024-10-14T19:20:01","modified_gmt":"2024-10-14T22:20:01","slug":"comienza-el-juicio-al-veterinario-acusado-de-matar-a-su-padre-en-tilisarao","status":"publish","type":"post","link":"https:\/\/apuntesdesanluis.com\/index.php\/2024\/10\/14\/comienza-el-juicio-al-veterinario-acusado-de-matar-a-su-padre-en-tilisarao\/","title":{"rendered":"COMIENZA EL JUICIO AL VETERINARIO ACUSADO DE MATAR A SU PADRE EN TILISARAO"},"content":{"rendered":"<h3>Este martes 15 a las 9 h fue fijado el juicio contra <strong>Pablo Santiago Ashworth<\/strong>, acusado de homicidio agravado por el v\u00ednculo en perjuicio de su padre, <strong>Jorge Eduardo \u201cTedy\u201d Ashworth<\/strong>.<\/h3>\n<h3>El debate oral estar\u00e1 a cargo de la C\u00e1mara Penal de la Tercera Circunscripci\u00f3n Judicial y se desarrollar\u00e1 en la Sala de Juicios Orales de Concar\u00e1n.<\/h3>\n<h3>El inicio del juicio por el homicidio del veterinario estaba previsto para Septiembre, pero un planteo presentado por la defensa del \u00fanico imputado motiv\u00f3 su suspensi\u00f3n y la correspondiente reprogramaci\u00f3n.<\/h3>\n<h3>El Tribunal estar\u00e1 conformado por Claudia Uccello de Melino, en la presidencia y estar\u00e1 acompa\u00f1ada de Sandra Elizabeth Piguillem y Daniel Sanchi\u00f1o, como vocales. El Ministerio P\u00fablico Fiscal estar\u00e1 a cargo de Mario N\u00e9stor Zudaire, mientras que la representaci\u00f3n de la v\u00edctima ser\u00e1 llevada adelante por Claudio Fabi\u00e1n Dom\u00ednguez. Por su parte, la defensa de Pablo Santiago Ashworth estar\u00e1 en manos de Pascual Agust\u00edn Celdr\u00e1n.<\/h3>\n<p><img fetchpriority=\"high\" decoding=\"async\" class=\"wp-image-23811 aligncenter\" src=\"https:\/\/apuntesdesanluis.com\/wp-content\/uploads\/2024\/10\/CAMIONETA-DE-TEDDY-ASHWORTH-300x147.png\" alt=\"\" width=\"714\" height=\"350\" srcset=\"https:\/\/apuntesdesanluis.com\/wp-content\/uploads\/2024\/10\/CAMIONETA-DE-TEDDY-ASHWORTH-300x147.png 300w, https:\/\/apuntesdesanluis.com\/wp-content\/uploads\/2024\/10\/CAMIONETA-DE-TEDDY-ASHWORTH.png 566w\" sizes=\"(max-width: 714px) 100vw, 714px\" \/><\/p>\n<h3>El hecho que ser\u00e1 objeto de debate ocurri\u00f3 el 4 de julio de 2023 en un establecimiento rural entre las localidades de San Pablo y Tilisarao, a 140 kil\u00f3metros de San Luis capital. Ese d\u00eda, los bomberos fueron llamados debido a un incendio en una camioneta Fiat, que se encontraba en la entrada del campo. Tras sofocar las llamas, se encontr\u00f3 en el interior del veh\u00edculo un cuerpo completamente calcinado, que posteriormente fue identificado como el de \u201cTedy\u201d Ashworth, tras la realizaci\u00f3n de las pericias forenses.<\/h3>\n<h3>\u201cTedy\u201d era un reconocido veterinario y mediador judicial de la localidad de Tilisarao y alrededores. Ten\u00eda 73 a\u00f1os y estaba jubilado tras haber sido jefe de la Agencia de Extensi\u00f3n Rural del INTA en Concar\u00e1n, donde trabaj\u00f3 la mayor parte de su carrera. Su hijo Pablo tambi\u00e9n segu\u00eda la misma profesi\u00f3n, dedic\u00e1ndose a la veterinaria.<\/h3>\n<p>&nbsp;<\/p>\n<p>&nbsp;<\/p>\n<p>&nbsp;<\/p>\n<p>&nbsp;<\/p>\n<p>&nbsp;<\/p>\n<p>&nbsp;<\/p>\n","protected":false},"excerpt":{"rendered":"<p>Este martes 15 a las 9 h fue fijado el juicio contra Pablo Santiago Ashworth,&#8230;<\/p>\n","protected":false},"author":1,"featured_media":16229,"comment_status":"closed","ping_status":"closed","sticky":false,"template":"","format":"standard","meta":{"footnotes":""},"categories":[6],"tags":[],"class_list":["post-23810","post","type-post","status-publish","format-standard","has-post-thumbnail","hentry","category-ciudad-provincia"],"yoast_head":"<!-- This site is optimized with the Yoast SEO plugin v26.1.1 - https:\/\/yoast.com\/wordpress\/plugins\/seo\/ -->\n<title>COMIENZA EL JUICIO AL VETERINARIO ACUSADO DE MATAR A SU PADRE EN TILISARAO - Apuntes de San Luis<\/title>\n<meta name=\"robots\" content=\"index, follow, max-snippet:-1, max-image-preview:large, max-video-preview:-1\" \/>\n<link rel=\"canonical\" href=\"https:\/\/apuntesdesanluis.com\/index.php\/2024\/10\/14\/comienza-el-juicio-al-veterinario-acusado-de-matar-a-su-padre-en-tilisarao\/\" \/>\n<meta property=\"og:locale\" content=\"es_ES\" \/>\n<meta property=\"og:type\" content=\"article\" \/>\n<meta property=\"og:title\" content=\"COMIENZA EL JUICIO AL VETERINARIO ACUSADO DE MATAR A SU PADRE EN TILISARAO - Apuntes de San Luis\" \/>\n<meta property=\"og:description\" content=\"Este martes 15 a las 9 h fue fijado el juicio contra Pablo Santiago Ashworth,...\" \/>\n<meta property=\"og:url\" content=\"https:\/\/apuntesdesanluis.com\/index.php\/2024\/10\/14\/comienza-el-juicio-al-veterinario-acusado-de-matar-a-su-padre-en-tilisarao\/\" \/>\n<meta property=\"og:site_name\" content=\"Apuntes de San Luis\" \/>\n<meta property=\"article:published_time\" content=\"2024-10-14T22:20:01+00:00\" \/>\n<meta property=\"og:image\" content=\"https:\/\/apuntesdesanluis.com\/wp-content\/uploads\/2024\/05\/jorge-y-pablo-ashworth.png\" \/>\n\t<meta property=\"og:image:width\" content=\"737\" \/>\n\t<meta property=\"og:image:height\" content=\"381\" \/>\n\t<meta property=\"og:image:type\" content=\"image\/png\" \/>\n<meta name=\"author\" content=\"apuntesdesanluis.com\" \/>\n<meta name=\"twitter:card\" content=\"summary_large_image\" \/>\n<meta name=\"twitter:label1\" content=\"Escrito por\" \/>\n\t<meta name=\"twitter:data1\" content=\"apuntesdesanluis.com\" \/>\n\t<meta name=\"twitter:label2\" content=\"Tiempo de lectura\" \/>\n\t<meta name=\"twitter:data2\" content=\"2 minutos\" \/>\n<script type=\"application\/ld+json\" class=\"yoast-schema-graph\">{\"@context\":\"https:\/\/schema.org\",\"@graph\":[{\"@type\":\"Article\",\"@id\":\"https:\/\/apuntesdesanluis.com\/index.php\/2024\/10\/14\/comienza-el-juicio-al-veterinario-acusado-de-matar-a-su-padre-en-tilisarao\/#article\",\"isPartOf\":{\"@id\":\"https:\/\/apuntesdesanluis.com\/index.php\/2024\/10\/14\/comienza-el-juicio-al-veterinario-acusado-de-matar-a-su-padre-en-tilisarao\/\"},\"author\":{\"name\":\"apuntesdesanluis.com\",\"@id\":\"https:\/\/apuntesdesanluis.com\/#\/schema\/person\/b55151d52296fcce64d1a72538a70b90\"},\"headline\":\"COMIENZA EL JUICIO AL VETERINARIO ACUSADO DE MATAR A SU PADRE EN TILISARAO\",\"datePublished\":\"2024-10-14T22:20:01+00:00\",\"mainEntityOfPage\":{\"@id\":\"https:\/\/apuntesdesanluis.com\/index.php\/2024\/10\/14\/comienza-el-juicio-al-veterinario-acusado-de-matar-a-su-padre-en-tilisarao\/\"},\"wordCount\":334,\"publisher\":{\"@id\":\"https:\/\/apuntesdesanluis.com\/#\/schema\/person\/b55151d52296fcce64d1a72538a70b90\"},\"image\":{\"@id\":\"https:\/\/apuntesdesanluis.com\/index.php\/2024\/10\/14\/comienza-el-juicio-al-veterinario-acusado-de-matar-a-su-padre-en-tilisarao\/#primaryimage\"},\"thumbnailUrl\":\"https:\/\/apuntesdesanluis.com\/wp-content\/uploads\/2024\/05\/jorge-y-pablo-ashworth.png\",\"articleSection\":[\"Ciudad\/Provincia\"],\"inLanguage\":\"es-AR\"},{\"@type\":\"WebPage\",\"@id\":\"https:\/\/apuntesdesanluis.com\/index.php\/2024\/10\/14\/comienza-el-juicio-al-veterinario-acusado-de-matar-a-su-padre-en-tilisarao\/\",\"url\":\"https:\/\/apuntesdesanluis.com\/index.php\/2024\/10\/14\/comienza-el-juicio-al-veterinario-acusado-de-matar-a-su-padre-en-tilisarao\/\",\"name\":\"COMIENZA EL JUICIO AL VETERINARIO ACUSADO DE MATAR A SU PADRE EN TILISARAO - Apuntes de San Luis\",\"isPartOf\":{\"@id\":\"https:\/\/apuntesdesanluis.com\/#website\"},\"primaryImageOfPage\":{\"@id\":\"https:\/\/apuntesdesanluis.com\/index.php\/2024\/10\/14\/comienza-el-juicio-al-veterinario-acusado-de-matar-a-su-padre-en-tilisarao\/#primaryimage\"},\"image\":{\"@id\":\"https:\/\/apuntesdesanluis.com\/index.php\/2024\/10\/14\/comienza-el-juicio-al-veterinario-acusado-de-matar-a-su-padre-en-tilisarao\/#primaryimage\"},\"thumbnailUrl\":\"https:\/\/apuntesdesanluis.com\/wp-content\/uploads\/2024\/05\/jorge-y-pablo-ashworth.png\",\"datePublished\":\"2024-10-14T22:20:01+00:00\",\"breadcrumb\":{\"@id\":\"https:\/\/apuntesdesanluis.com\/index.php\/2024\/10\/14\/comienza-el-juicio-al-veterinario-acusado-de-matar-a-su-padre-en-tilisarao\/#breadcrumb\"},\"inLanguage\":\"es-AR\",\"potentialAction\":[{\"@type\":\"ReadAction\",\"target\":[\"https:\/\/apuntesdesanluis.com\/index.php\/2024\/10\/14\/comienza-el-juicio-al-veterinario-acusado-de-matar-a-su-padre-en-tilisarao\/\"]}]},{\"@type\":\"ImageObject\",\"inLanguage\":\"es-AR\",\"@id\":\"https:\/\/apuntesdesanluis.com\/index.php\/2024\/10\/14\/comienza-el-juicio-al-veterinario-acusado-de-matar-a-su-padre-en-tilisarao\/#primaryimage\",\"url\":\"https:\/\/apuntesdesanluis.com\/wp-content\/uploads\/2024\/05\/jorge-y-pablo-ashworth.png\",\"contentUrl\":\"https:\/\/apuntesdesanluis.com\/wp-content\/uploads\/2024\/05\/jorge-y-pablo-ashworth.png\",\"width\":737,\"height\":381},{\"@type\":\"BreadcrumbList\",\"@id\":\"https:\/\/apuntesdesanluis.com\/index.php\/2024\/10\/14\/comienza-el-juicio-al-veterinario-acusado-de-matar-a-su-padre-en-tilisarao\/#breadcrumb\",\"itemListElement\":[{\"@type\":\"ListItem\",\"position\":1,\"name\":\"Inicio\",\"item\":\"https:\/\/apuntesdesanluis.com\/\"},{\"@type\":\"ListItem\",\"position\":2,\"name\":\"COMIENZA EL JUICIO AL VETERINARIO ACUSADO DE MATAR A SU PADRE EN TILISARAO\"}]},{\"@type\":\"WebSite\",\"@id\":\"https:\/\/apuntesdesanluis.com\/#website\",\"url\":\"https:\/\/apuntesdesanluis.com\/\",\"name\":\"Apuntes de San Luis\",\"description\":\"\",\"publisher\":{\"@id\":\"https:\/\/apuntesdesanluis.com\/#\/schema\/person\/b55151d52296fcce64d1a72538a70b90\"},\"potentialAction\":[{\"@type\":\"SearchAction\",\"target\":{\"@type\":\"EntryPoint\",\"urlTemplate\":\"https:\/\/apuntesdesanluis.com\/?s={search_term_string}\"},\"query-input\":{\"@type\":\"PropertyValueSpecification\",\"valueRequired\":true,\"valueName\":\"search_term_string\"}}],\"inLanguage\":\"es-AR\"},{\"@type\":[\"Person\",\"Organization\"],\"@id\":\"https:\/\/apuntesdesanluis.com\/#\/schema\/person\/b55151d52296fcce64d1a72538a70b90\",\"name\":\"apuntesdesanluis.com\",\"image\":{\"@type\":\"ImageObject\",\"inLanguage\":\"es-AR\",\"@id\":\"https:\/\/apuntesdesanluis.com\/#\/schema\/person\/image\/\",\"url\":\"https:\/\/apuntesdesanluis.com\/wp-content\/uploads\/2023\/07\/cropped-apuntesdesanluis.png\",\"contentUrl\":\"https:\/\/apuntesdesanluis.com\/wp-content\/uploads\/2023\/07\/cropped-apuntesdesanluis.png\",\"width\":450,\"height\":112,\"caption\":\"apuntesdesanluis.com\"},\"logo\":{\"@id\":\"https:\/\/apuntesdesanluis.com\/#\/schema\/person\/image\/\"},\"sameAs\":[\"https:\/\/apuntesdesanluis.com\"],\"url\":\"https:\/\/apuntesdesanluis.com\/index.php\/author\/apuntesdesanluis-com\/\"}]}<\/script>\n<!-- \/ Yoast SEO plugin. -->","yoast_head_json":{"title":"COMIENZA EL JUICIO AL VETERINARIO ACUSADO DE MATAR A SU PADRE EN TILISARAO - Apuntes de San Luis","robots":{"index":"index","follow":"follow","max-snippet":"max-snippet:-1","max-image-preview":"max-image-preview:large","max-video-preview":"max-video-preview:-1"},"canonical":"https:\/\/apuntesdesanluis.com\/index.php\/2024\/10\/14\/comienza-el-juicio-al-veterinario-acusado-de-matar-a-su-padre-en-tilisarao\/","og_locale":"es_ES","og_type":"article","og_title":"COMIENZA EL JUICIO AL VETERINARIO ACUSADO DE MATAR A SU PADRE EN TILISARAO - Apuntes de San Luis","og_description":"Este martes 15 a las 9 h fue fijado el juicio contra Pablo Santiago Ashworth,...","og_url":"https:\/\/apuntesdesanluis.com\/index.php\/2024\/10\/14\/comienza-el-juicio-al-veterinario-acusado-de-matar-a-su-padre-en-tilisarao\/","og_site_name":"Apuntes de San Luis","article_published_time":"2024-10-14T22:20:01+00:00","og_image":[{"width":737,"height":381,"url":"https:\/\/apuntesdesanluis.com\/wp-content\/uploads\/2024\/05\/jorge-y-pablo-ashworth.png","type":"image\/png"}],"author":"apuntesdesanluis.com","twitter_card":"summary_large_image","twitter_misc":{"Escrito por":"apuntesdesanluis.com","Tiempo de lectura":"2 minutos"},"schema":{"@context":"https:\/\/schema.org","@graph":[{"@type":"Article","@id":"https:\/\/apuntesdesanluis.com\/index.php\/2024\/10\/14\/comienza-el-juicio-al-veterinario-acusado-de-matar-a-su-padre-en-tilisarao\/#article","isPartOf":{"@id":"https:\/\/apuntesdesanluis.com\/index.php\/2024\/10\/14\/comienza-el-juicio-al-veterinario-acusado-de-matar-a-su-padre-en-tilisarao\/"},"author":{"name":"apuntesdesanluis.com","@id":"https:\/\/apuntesdesanluis.com\/#\/schema\/person\/b55151d52296fcce64d1a72538a70b90"},"headline":"COMIENZA EL JUICIO AL VETERINARIO ACUSADO DE MATAR A SU PADRE EN TILISARAO","datePublished":"2024-10-14T22:20:01+00:00","mainEntityOfPage":{"@id":"https:\/\/apuntesdesanluis.com\/index.php\/2024\/10\/14\/comienza-el-juicio-al-veterinario-acusado-de-matar-a-su-padre-en-tilisarao\/"},"wordCount":334,"publisher":{"@id":"https:\/\/apuntesdesanluis.com\/#\/schema\/person\/b55151d52296fcce64d1a72538a70b90"},"image":{"@id":"https:\/\/apuntesdesanluis.com\/index.php\/2024\/10\/14\/comienza-el-juicio-al-veterinario-acusado-de-matar-a-su-padre-en-tilisarao\/#primaryimage"},"thumbnailUrl":"https:\/\/apuntesdesanluis.com\/wp-content\/uploads\/2024\/05\/jorge-y-pablo-ashworth.png","articleSection":["Ciudad\/Provincia"],"inLanguage":"es-AR"},{"@type":"WebPage","@id":"https:\/\/apuntesdesanluis.com\/index.php\/2024\/10\/14\/comienza-el-juicio-al-veterinario-acusado-de-matar-a-su-padre-en-tilisarao\/","url":"https:\/\/apuntesdesanluis.com\/index.php\/2024\/10\/14\/comienza-el-juicio-al-veterinario-acusado-de-matar-a-su-padre-en-tilisarao\/","name":"COMIENZA EL JUICIO AL VETERINARIO ACUSADO DE MATAR A SU PADRE EN TILISARAO - Apuntes de San Luis","isPartOf":{"@id":"https:\/\/apuntesdesanluis.com\/#website"},"primaryImageOfPage":{"@id":"https:\/\/apuntesdesanluis.com\/index.php\/2024\/10\/14\/comienza-el-juicio-al-veterinario-acusado-de-matar-a-su-padre-en-tilisarao\/#primaryimage"},"image":{"@id":"https:\/\/apuntesdesanluis.com\/index.php\/2024\/10\/14\/comienza-el-juicio-al-veterinario-acusado-de-matar-a-su-padre-en-tilisarao\/#primaryimage"},"thumbnailUrl":"https:\/\/apuntesdesanluis.com\/wp-content\/uploads\/2024\/05\/jorge-y-pablo-ashworth.png","datePublished":"2024-10-14T22:20:01+00:00","breadcrumb":{"@id":"https:\/\/apuntesdesanluis.com\/index.php\/2024\/10\/14\/comienza-el-juicio-al-veterinario-acusado-de-matar-a-su-padre-en-tilisarao\/#breadcrumb"},"inLanguage":"es-AR","potentialAction":[{"@type":"ReadAction","target":["https:\/\/apuntesdesanluis.com\/index.php\/2024\/10\/14\/comienza-el-juicio-al-veterinario-acusado-de-matar-a-su-padre-en-tilisarao\/"]}]},{"@type":"ImageObject","inLanguage":"es-AR","@id":"https:\/\/apuntesdesanluis.com\/index.php\/2024\/10\/14\/comienza-el-juicio-al-veterinario-acusado-de-matar-a-su-padre-en-tilisarao\/#primaryimage","url":"https:\/\/apuntesdesanluis.com\/wp-content\/uploads\/2024\/05\/jorge-y-pablo-ashworth.png","contentUrl":"https:\/\/apuntesdesanluis.com\/wp-content\/uploads\/2024\/05\/jorge-y-pablo-ashworth.png","width":737,"height":381},{"@type":"BreadcrumbList","@id":"https:\/\/apuntesdesanluis.com\/index.php\/2024\/10\/14\/comienza-el-juicio-al-veterinario-acusado-de-matar-a-su-padre-en-tilisarao\/#breadcrumb","itemListElement":[{"@type":"ListItem","position":1,"name":"Inicio","item":"https:\/\/apuntesdesanluis.com\/"},{"@type":"ListItem","position":2,"name":"COMIENZA EL JUICIO AL VETERINARIO ACUSADO DE MATAR A SU PADRE EN TILISARAO"}]},{"@type":"WebSite","@id":"https:\/\/apuntesdesanluis.com\/#website","url":"https:\/\/apuntesdesanluis.com\/","name":"Apuntes de San Luis","description":"","publisher":{"@id":"https:\/\/apuntesdesanluis.com\/#\/schema\/person\/b55151d52296fcce64d1a72538a70b90"},"potentialAction":[{"@type":"SearchAction","target":{"@type":"EntryPoint","urlTemplate":"https:\/\/apuntesdesanluis.com\/?s={search_term_string}"},"query-input":{"@type":"PropertyValueSpecification","valueRequired":true,"valueName":"search_term_string"}}],"inLanguage":"es-AR"},{"@type":["Person","Organization"],"@id":"https:\/\/apuntesdesanluis.com\/#\/schema\/person\/b55151d52296fcce64d1a72538a70b90","name":"apuntesdesanluis.com","image":{"@type":"ImageObject","inLanguage":"es-AR","@id":"https:\/\/apuntesdesanluis.com\/#\/schema\/person\/image\/","url":"https:\/\/apuntesdesanluis.com\/wp-content\/uploads\/2023\/07\/cropped-apuntesdesanluis.png","contentUrl":"https:\/\/apuntesdesanluis.com\/wp-content\/uploads\/2023\/07\/cropped-apuntesdesanluis.png","width":450,"height":112,"caption":"apuntesdesanluis.com"},"logo":{"@id":"https:\/\/apuntesdesanluis.com\/#\/schema\/person\/image\/"},"sameAs":["https:\/\/apuntesdesanluis.com"],"url":"https:\/\/apuntesdesanluis.com\/index.php\/author\/apuntesdesanluis-com\/"}]}},"featured_image_urls":{"full":["https:\/\/apuntesdesanluis.com\/wp-content\/uploads\/2024\/05\/jorge-y-pablo-ashworth.png",737,381,false],"thumbnail":["https:\/\/apuntesdesanluis.com\/wp-content\/uploads\/2024\/05\/jorge-y-pablo-ashworth-150x150.png",150,150,true],"medium":["https:\/\/apuntesdesanluis.com\/wp-content\/uploads\/2024\/05\/jorge-y-pablo-ashworth-300x155.png",300,155,true],"medium_large":["https:\/\/apuntesdesanluis.com\/wp-content\/uploads\/2024\/05\/jorge-y-pablo-ashworth.png",640,331,false],"large":["https:\/\/apuntesdesanluis.com\/wp-content\/uploads\/2024\/05\/jorge-y-pablo-ashworth.png",640,331,false],"1536x1536":["https:\/\/apuntesdesanluis.com\/wp-content\/uploads\/2024\/05\/jorge-y-pablo-ashworth.png",737,381,false],"2048x2048":["https:\/\/apuntesdesanluis.com\/wp-content\/uploads\/2024\/05\/jorge-y-pablo-ashworth.png",737,381,false],"newsever-slider-full":["https:\/\/apuntesdesanluis.com\/wp-content\/uploads\/2024\/05\/jorge-y-pablo-ashworth.png",737,381,false],"newsever-featured":["https:\/\/apuntesdesanluis.com\/wp-content\/uploads\/2024\/05\/jorge-y-pablo-ashworth.png",737,381,false],"newsever-medium":["https:\/\/apuntesdesanluis.com\/wp-content\/uploads\/2024\/05\/jorge-y-pablo-ashworth-720x381.png",720,381,true]},"author_info":{"display_name":"apuntesdesanluis.com","author_link":"https:\/\/apuntesdesanluis.com\/index.php\/author\/apuntesdesanluis-com\/"},"category_info":"<a href=\"https:\/\/apuntesdesanluis.com\/index.php\/category\/ciudad-provincia\/\" rel=\"category tag\">Ciudad\/Provincia<\/a>","tag_info":"Ciudad\/Provincia","comment_count":"0","_links":{"self":[{"href":"https:\/\/apuntesdesanluis.com\/index.php\/wp-json\/wp\/v2\/posts\/23810","targetHints":{"allow":["GET"]}}],"collection":[{"href":"https:\/\/apuntesdesanluis.com\/index.php\/wp-json\/wp\/v2\/posts"}],"about":[{"href":"https:\/\/apuntesdesanluis.com\/index.php\/wp-json\/wp\/v2\/types\/post"}],"author":[{"embeddable":true,"href":"https:\/\/apuntesdesanluis.com\/index.php\/wp-json\/wp\/v2\/users\/1"}],"replies":[{"embeddable":true,"href":"https:\/\/apuntesdesanluis.com\/index.php\/wp-json\/wp\/v2\/comments?post=23810"}],"version-history":[{"count":1,"href":"https:\/\/apuntesdesanluis.com\/index.php\/wp-json\/wp\/v2\/posts\/23810\/revisions"}],"predecessor-version":[{"id":23812,"href":"https:\/\/apuntesdesanluis.com\/index.php\/wp-json\/wp\/v2\/posts\/23810\/revisions\/23812"}],"wp:featuredmedia":[{"embeddable":true,"href":"https:\/\/apuntesdesanluis.com\/index.php\/wp-json\/wp\/v2\/media\/16229"}],"wp:attachment":[{"href":"https:\/\/apuntesdesanluis.com\/index.php\/wp-json\/wp\/v2\/media?parent=23810"}],"wp:term":[{"taxonomy":"category","embeddable":true,"href":"https:\/\/apuntesdesanluis.com\/index.php\/wp-json\/wp\/v2\/categories?post=23810"},{"taxonomy":"post_tag","embeddable":true,"href":"https:\/\/apuntesdesanluis.com\/index.php\/wp-json\/wp\/v2\/tags?post=23810"}],"curies":[{"name":"wp","href":"https:\/\/api.w.org\/{rel}","templated":true}]}}