{"id":23817,"date":"2024-10-14T20:05:40","date_gmt":"2024-10-14T23:05:40","guid":{"rendered":"https:\/\/apuntesdesanluis.com\/?p=23817"},"modified":"2024-10-14T20:08:40","modified_gmt":"2024-10-14T23:08:40","slug":"despidieron-a-gabriel-rivero-y-asume-maria-adelaida-muniz-en-deportes","status":"publish","type":"post","link":"https:\/\/apuntesdesanluis.com\/index.php\/2024\/10\/14\/despidieron-a-gabriel-rivero-y-asume-maria-adelaida-muniz-en-deportes\/","title":{"rendered":"DESPIDIERON A GABRIEL RIVERO Y ASUME MAR\u00cdA ADELAIDA MU\u00d1\u00cdZ EN DEPORTES"},"content":{"rendered":"<h3>El gobernador no le dio ni las gracias por los servicios prestados: en tiempo r\u00e9cord despidi\u00f3 a quien se desempe\u00f1aba como secretario de Deportes, <strong>Gabriel Rivero<\/strong>, y este martes a la ma\u00f1ana ya le tomar\u00e1 juramento a su reemplazante.<\/h3>\n<h3><strong>Mar\u00eda Adelaida Mu\u00f1iz<\/strong> ser\u00e1 la encargada de tomar las riendas de la opaca cartera de Deportes, el mismo lugar en la que fuera ministra durante la primera gobernaci\u00f3n de Claudio Poggi.<\/h3>\n<h3>No obstante trascendi\u00f3 que Rivero seguir\u00e1 trabajando en la administraci\u00f3n p\u00fablica, aunque a\u00fan no se sabe si en Deportes o en otra \u00e1rea.<\/h3>\n<h3><strong>ANTECEDENTES <\/strong><\/h3>\n<h3>Mar\u00eda Adelaida Mu\u00f1iz es abogada, con 26 a\u00f1os de trayectoria en el sector p\u00fablico, inici\u00e1ndose en 1998 en la unidad ejecutora San Luis del CFI. Durante el anterior gobierno de Claudio Poggi, Mu\u00f1iz fue ministra de Deportes entre 2012 y 2013, para luego desempe\u00f1arse como rectora de la Universidad de La Punta entre 2014 y 2015.<\/h3>\n<h3>Desde el 10 de diciembre de 2023 hasta la actualidad, se desempe\u00f1\u00f3 como Asesora Legal del ministerio de Seguridad que conduce la ministro Nancy Sosa.<\/h3>\n<h3>Fue concejal de la ciudad de San Luis, asesora letrada en el Congreso de la Naci\u00f3n, presidenta de la Comisi\u00f3n Reguladora de Energ\u00eda El\u00e9ctrica del Gobierno provincial, coordinadora en la ex secretaria de Tecnolog\u00eda de la Informaci\u00f3n del Gobierno provincial y coordinadora legal del ministerio de Obras P\u00fablicas.<\/h3>\n<h3>Desde lo acad\u00e9mico, es profesora de la catedra de Derecho Administrativo en la carrera de abogac\u00eda en la Universidad Cat\u00f3lica de Cuyo. En relaci\u00f3n a su pertenencia partidaria, es autoridad provincial y cofundadora del partido Avanzar, partido provincial creado en el a\u00f1o 2016 por el gobernador Poggi.<\/h3>\n<p>&nbsp;<\/p>\n<p>&nbsp;<\/p>\n<p>&nbsp;<\/p>\n","protected":false},"excerpt":{"rendered":"<p>El gobernador no le dio ni las gracias por los servicios prestados: en tiempo r\u00e9cord&#8230;<\/p>\n","protected":false},"author":1,"featured_media":23818,"comment_status":"closed","ping_status":"closed","sticky":false,"template":"","format":"standard","meta":{"footnotes":""},"categories":[6],"tags":[],"class_list":["post-23817","post","type-post","status-publish","format-standard","has-post-thumbnail","hentry","category-ciudad-provincia"],"yoast_head":"<!-- This site is optimized with the Yoast SEO plugin v26.1.1 - https:\/\/yoast.com\/wordpress\/plugins\/seo\/ -->\n<title>DESPIDIERON A GABRIEL RIVERO Y ASUME MAR\u00cdA ADELAIDA MU\u00d1\u00cdZ EN DEPORTES - Apuntes de San Luis<\/title>\n<meta name=\"robots\" content=\"index, follow, max-snippet:-1, max-image-preview:large, max-video-preview:-1\" \/>\n<link rel=\"canonical\" href=\"https:\/\/apuntesdesanluis.com\/index.php\/2024\/10\/14\/despidieron-a-gabriel-rivero-y-asume-maria-adelaida-muniz-en-deportes\/\" \/>\n<meta property=\"og:locale\" content=\"es_ES\" \/>\n<meta property=\"og:type\" content=\"article\" \/>\n<meta property=\"og:title\" content=\"DESPIDIERON A GABRIEL RIVERO Y ASUME MAR\u00cdA ADELAIDA MU\u00d1\u00cdZ EN DEPORTES - Apuntes de San Luis\" \/>\n<meta property=\"og:description\" content=\"El gobernador no le dio ni las gracias por los servicios prestados: en tiempo r\u00e9cord...\" \/>\n<meta property=\"og:url\" content=\"https:\/\/apuntesdesanluis.com\/index.php\/2024\/10\/14\/despidieron-a-gabriel-rivero-y-asume-maria-adelaida-muniz-en-deportes\/\" \/>\n<meta property=\"og:site_name\" content=\"Apuntes de San Luis\" \/>\n<meta property=\"article:published_time\" content=\"2024-10-14T23:05:40+00:00\" \/>\n<meta property=\"article:modified_time\" content=\"2024-10-14T23:08:40+00:00\" \/>\n<meta property=\"og:image\" content=\"https:\/\/apuntesdesanluis.com\/wp-content\/uploads\/2024\/10\/ADELAIDA-MUNIZ.png\" \/>\n\t<meta property=\"og:image:width\" content=\"800\" \/>\n\t<meta property=\"og:image:height\" content=\"415\" \/>\n\t<meta property=\"og:image:type\" content=\"image\/png\" \/>\n<meta name=\"author\" content=\"apuntesdesanluis.com\" \/>\n<meta name=\"twitter:card\" content=\"summary_large_image\" \/>\n<meta name=\"twitter:label1\" content=\"Escrito por\" \/>\n\t<meta name=\"twitter:data1\" content=\"apuntesdesanluis.com\" \/>\n\t<meta name=\"twitter:label2\" content=\"Tiempo de lectura\" \/>\n\t<meta name=\"twitter:data2\" content=\"2 minutos\" \/>\n<script type=\"application\/ld+json\" class=\"yoast-schema-graph\">{\"@context\":\"https:\/\/schema.org\",\"@graph\":[{\"@type\":\"Article\",\"@id\":\"https:\/\/apuntesdesanluis.com\/index.php\/2024\/10\/14\/despidieron-a-gabriel-rivero-y-asume-maria-adelaida-muniz-en-deportes\/#article\",\"isPartOf\":{\"@id\":\"https:\/\/apuntesdesanluis.com\/index.php\/2024\/10\/14\/despidieron-a-gabriel-rivero-y-asume-maria-adelaida-muniz-en-deportes\/\"},\"author\":{\"name\":\"apuntesdesanluis.com\",\"@id\":\"https:\/\/apuntesdesanluis.com\/#\/schema\/person\/b55151d52296fcce64d1a72538a70b90\"},\"headline\":\"DESPIDIERON A GABRIEL RIVERO Y ASUME MAR\u00cdA ADELAIDA MU\u00d1\u00cdZ EN DEPORTES\",\"datePublished\":\"2024-10-14T23:05:40+00:00\",\"dateModified\":\"2024-10-14T23:08:40+00:00\",\"mainEntityOfPage\":{\"@id\":\"https:\/\/apuntesdesanluis.com\/index.php\/2024\/10\/14\/despidieron-a-gabriel-rivero-y-asume-maria-adelaida-muniz-en-deportes\/\"},\"wordCount\":305,\"publisher\":{\"@id\":\"https:\/\/apuntesdesanluis.com\/#\/schema\/person\/b55151d52296fcce64d1a72538a70b90\"},\"image\":{\"@id\":\"https:\/\/apuntesdesanluis.com\/index.php\/2024\/10\/14\/despidieron-a-gabriel-rivero-y-asume-maria-adelaida-muniz-en-deportes\/#primaryimage\"},\"thumbnailUrl\":\"https:\/\/apuntesdesanluis.com\/wp-content\/uploads\/2024\/10\/ADELAIDA-MUNIZ.png\",\"articleSection\":[\"Ciudad\/Provincia\"],\"inLanguage\":\"es-AR\"},{\"@type\":\"WebPage\",\"@id\":\"https:\/\/apuntesdesanluis.com\/index.php\/2024\/10\/14\/despidieron-a-gabriel-rivero-y-asume-maria-adelaida-muniz-en-deportes\/\",\"url\":\"https:\/\/apuntesdesanluis.com\/index.php\/2024\/10\/14\/despidieron-a-gabriel-rivero-y-asume-maria-adelaida-muniz-en-deportes\/\",\"name\":\"DESPIDIERON A GABRIEL RIVERO Y ASUME MAR\u00cdA ADELAIDA MU\u00d1\u00cdZ EN DEPORTES - Apuntes de San Luis\",\"isPartOf\":{\"@id\":\"https:\/\/apuntesdesanluis.com\/#website\"},\"primaryImageOfPage\":{\"@id\":\"https:\/\/apuntesdesanluis.com\/index.php\/2024\/10\/14\/despidieron-a-gabriel-rivero-y-asume-maria-adelaida-muniz-en-deportes\/#primaryimage\"},\"image\":{\"@id\":\"https:\/\/apuntesdesanluis.com\/index.php\/2024\/10\/14\/despidieron-a-gabriel-rivero-y-asume-maria-adelaida-muniz-en-deportes\/#primaryimage\"},\"thumbnailUrl\":\"https:\/\/apuntesdesanluis.com\/wp-content\/uploads\/2024\/10\/ADELAIDA-MUNIZ.png\",\"datePublished\":\"2024-10-14T23:05:40+00:00\",\"dateModified\":\"2024-10-14T23:08:40+00:00\",\"breadcrumb\":{\"@id\":\"https:\/\/apuntesdesanluis.com\/index.php\/2024\/10\/14\/despidieron-a-gabriel-rivero-y-asume-maria-adelaida-muniz-en-deportes\/#breadcrumb\"},\"inLanguage\":\"es-AR\",\"potentialAction\":[{\"@type\":\"ReadAction\",\"target\":[\"https:\/\/apuntesdesanluis.com\/index.php\/2024\/10\/14\/despidieron-a-gabriel-rivero-y-asume-maria-adelaida-muniz-en-deportes\/\"]}]},{\"@type\":\"ImageObject\",\"inLanguage\":\"es-AR\",\"@id\":\"https:\/\/apuntesdesanluis.com\/index.php\/2024\/10\/14\/despidieron-a-gabriel-rivero-y-asume-maria-adelaida-muniz-en-deportes\/#primaryimage\",\"url\":\"https:\/\/apuntesdesanluis.com\/wp-content\/uploads\/2024\/10\/ADELAIDA-MUNIZ.png\",\"contentUrl\":\"https:\/\/apuntesdesanluis.com\/wp-content\/uploads\/2024\/10\/ADELAIDA-MUNIZ.png\",\"width\":800,\"height\":415},{\"@type\":\"BreadcrumbList\",\"@id\":\"https:\/\/apuntesdesanluis.com\/index.php\/2024\/10\/14\/despidieron-a-gabriel-rivero-y-asume-maria-adelaida-muniz-en-deportes\/#breadcrumb\",\"itemListElement\":[{\"@type\":\"ListItem\",\"position\":1,\"name\":\"Inicio\",\"item\":\"https:\/\/apuntesdesanluis.com\/\"},{\"@type\":\"ListItem\",\"position\":2,\"name\":\"DESPIDIERON A GABRIEL RIVERO Y ASUME MAR\u00cdA ADELAIDA MU\u00d1\u00cdZ EN DEPORTES\"}]},{\"@type\":\"WebSite\",\"@id\":\"https:\/\/apuntesdesanluis.com\/#website\",\"url\":\"https:\/\/apuntesdesanluis.com\/\",\"name\":\"Apuntes de San Luis\",\"description\":\"\",\"publisher\":{\"@id\":\"https:\/\/apuntesdesanluis.com\/#\/schema\/person\/b55151d52296fcce64d1a72538a70b90\"},\"potentialAction\":[{\"@type\":\"SearchAction\",\"target\":{\"@type\":\"EntryPoint\",\"urlTemplate\":\"https:\/\/apuntesdesanluis.com\/?s={search_term_string}\"},\"query-input\":{\"@type\":\"PropertyValueSpecification\",\"valueRequired\":true,\"valueName\":\"search_term_string\"}}],\"inLanguage\":\"es-AR\"},{\"@type\":[\"Person\",\"Organization\"],\"@id\":\"https:\/\/apuntesdesanluis.com\/#\/schema\/person\/b55151d52296fcce64d1a72538a70b90\",\"name\":\"apuntesdesanluis.com\",\"image\":{\"@type\":\"ImageObject\",\"inLanguage\":\"es-AR\",\"@id\":\"https:\/\/apuntesdesanluis.com\/#\/schema\/person\/image\/\",\"url\":\"https:\/\/apuntesdesanluis.com\/wp-content\/uploads\/2023\/07\/cropped-apuntesdesanluis.png\",\"contentUrl\":\"https:\/\/apuntesdesanluis.com\/wp-content\/uploads\/2023\/07\/cropped-apuntesdesanluis.png\",\"width\":450,\"height\":112,\"caption\":\"apuntesdesanluis.com\"},\"logo\":{\"@id\":\"https:\/\/apuntesdesanluis.com\/#\/schema\/person\/image\/\"},\"sameAs\":[\"https:\/\/apuntesdesanluis.com\"],\"url\":\"https:\/\/apuntesdesanluis.com\/index.php\/author\/apuntesdesanluis-com\/\"}]}<\/script>\n<!-- \/ Yoast SEO plugin. -->","yoast_head_json":{"title":"DESPIDIERON A GABRIEL RIVERO Y ASUME MAR\u00cdA ADELAIDA MU\u00d1\u00cdZ EN DEPORTES - Apuntes de San Luis","robots":{"index":"index","follow":"follow","max-snippet":"max-snippet:-1","max-image-preview":"max-image-preview:large","max-video-preview":"max-video-preview:-1"},"canonical":"https:\/\/apuntesdesanluis.com\/index.php\/2024\/10\/14\/despidieron-a-gabriel-rivero-y-asume-maria-adelaida-muniz-en-deportes\/","og_locale":"es_ES","og_type":"article","og_title":"DESPIDIERON A GABRIEL RIVERO Y ASUME MAR\u00cdA ADELAIDA MU\u00d1\u00cdZ EN DEPORTES - Apuntes de San Luis","og_description":"El gobernador no le dio ni las gracias por los servicios prestados: en tiempo r\u00e9cord...","og_url":"https:\/\/apuntesdesanluis.com\/index.php\/2024\/10\/14\/despidieron-a-gabriel-rivero-y-asume-maria-adelaida-muniz-en-deportes\/","og_site_name":"Apuntes de San Luis","article_published_time":"2024-10-14T23:05:40+00:00","article_modified_time":"2024-10-14T23:08:40+00:00","og_image":[{"width":800,"height":415,"url":"https:\/\/apuntesdesanluis.com\/wp-content\/uploads\/2024\/10\/ADELAIDA-MUNIZ.png","type":"image\/png"}],"author":"apuntesdesanluis.com","twitter_card":"summary_large_image","twitter_misc":{"Escrito por":"apuntesdesanluis.com","Tiempo de lectura":"2 minutos"},"schema":{"@context":"https:\/\/schema.org","@graph":[{"@type":"Article","@id":"https:\/\/apuntesdesanluis.com\/index.php\/2024\/10\/14\/despidieron-a-gabriel-rivero-y-asume-maria-adelaida-muniz-en-deportes\/#article","isPartOf":{"@id":"https:\/\/apuntesdesanluis.com\/index.php\/2024\/10\/14\/despidieron-a-gabriel-rivero-y-asume-maria-adelaida-muniz-en-deportes\/"},"author":{"name":"apuntesdesanluis.com","@id":"https:\/\/apuntesdesanluis.com\/#\/schema\/person\/b55151d52296fcce64d1a72538a70b90"},"headline":"DESPIDIERON A GABRIEL RIVERO Y ASUME MAR\u00cdA ADELAIDA MU\u00d1\u00cdZ EN DEPORTES","datePublished":"2024-10-14T23:05:40+00:00","dateModified":"2024-10-14T23:08:40+00:00","mainEntityOfPage":{"@id":"https:\/\/apuntesdesanluis.com\/index.php\/2024\/10\/14\/despidieron-a-gabriel-rivero-y-asume-maria-adelaida-muniz-en-deportes\/"},"wordCount":305,"publisher":{"@id":"https:\/\/apuntesdesanluis.com\/#\/schema\/person\/b55151d52296fcce64d1a72538a70b90"},"image":{"@id":"https:\/\/apuntesdesanluis.com\/index.php\/2024\/10\/14\/despidieron-a-gabriel-rivero-y-asume-maria-adelaida-muniz-en-deportes\/#primaryimage"},"thumbnailUrl":"https:\/\/apuntesdesanluis.com\/wp-content\/uploads\/2024\/10\/ADELAIDA-MUNIZ.png","articleSection":["Ciudad\/Provincia"],"inLanguage":"es-AR"},{"@type":"WebPage","@id":"https:\/\/apuntesdesanluis.com\/index.php\/2024\/10\/14\/despidieron-a-gabriel-rivero-y-asume-maria-adelaida-muniz-en-deportes\/","url":"https:\/\/apuntesdesanluis.com\/index.php\/2024\/10\/14\/despidieron-a-gabriel-rivero-y-asume-maria-adelaida-muniz-en-deportes\/","name":"DESPIDIERON A GABRIEL RIVERO Y ASUME MAR\u00cdA ADELAIDA MU\u00d1\u00cdZ EN DEPORTES - Apuntes de San Luis","isPartOf":{"@id":"https:\/\/apuntesdesanluis.com\/#website"},"primaryImageOfPage":{"@id":"https:\/\/apuntesdesanluis.com\/index.php\/2024\/10\/14\/despidieron-a-gabriel-rivero-y-asume-maria-adelaida-muniz-en-deportes\/#primaryimage"},"image":{"@id":"https:\/\/apuntesdesanluis.com\/index.php\/2024\/10\/14\/despidieron-a-gabriel-rivero-y-asume-maria-adelaida-muniz-en-deportes\/#primaryimage"},"thumbnailUrl":"https:\/\/apuntesdesanluis.com\/wp-content\/uploads\/2024\/10\/ADELAIDA-MUNIZ.png","datePublished":"2024-10-14T23:05:40+00:00","dateModified":"2024-10-14T23:08:40+00:00","breadcrumb":{"@id":"https:\/\/apuntesdesanluis.com\/index.php\/2024\/10\/14\/despidieron-a-gabriel-rivero-y-asume-maria-adelaida-muniz-en-deportes\/#breadcrumb"},"inLanguage":"es-AR","potentialAction":[{"@type":"ReadAction","target":["https:\/\/apuntesdesanluis.com\/index.php\/2024\/10\/14\/despidieron-a-gabriel-rivero-y-asume-maria-adelaida-muniz-en-deportes\/"]}]},{"@type":"ImageObject","inLanguage":"es-AR","@id":"https:\/\/apuntesdesanluis.com\/index.php\/2024\/10\/14\/despidieron-a-gabriel-rivero-y-asume-maria-adelaida-muniz-en-deportes\/#primaryimage","url":"https:\/\/apuntesdesanluis.com\/wp-content\/uploads\/2024\/10\/ADELAIDA-MUNIZ.png","contentUrl":"https:\/\/apuntesdesanluis.com\/wp-content\/uploads\/2024\/10\/ADELAIDA-MUNIZ.png","width":800,"height":415},{"@type":"BreadcrumbList","@id":"https:\/\/apuntesdesanluis.com\/index.php\/2024\/10\/14\/despidieron-a-gabriel-rivero-y-asume-maria-adelaida-muniz-en-deportes\/#breadcrumb","itemListElement":[{"@type":"ListItem","position":1,"name":"Inicio","item":"https:\/\/apuntesdesanluis.com\/"},{"@type":"ListItem","position":2,"name":"DESPIDIERON A GABRIEL RIVERO Y ASUME MAR\u00cdA ADELAIDA MU\u00d1\u00cdZ EN DEPORTES"}]},{"@type":"WebSite","@id":"https:\/\/apuntesdesanluis.com\/#website","url":"https:\/\/apuntesdesanluis.com\/","name":"Apuntes de San Luis","description":"","publisher":{"@id":"https:\/\/apuntesdesanluis.com\/#\/schema\/person\/b55151d52296fcce64d1a72538a70b90"},"potentialAction":[{"@type":"SearchAction","target":{"@type":"EntryPoint","urlTemplate":"https:\/\/apuntesdesanluis.com\/?s={search_term_string}"},"query-input":{"@type":"PropertyValueSpecification","valueRequired":true,"valueName":"search_term_string"}}],"inLanguage":"es-AR"},{"@type":["Person","Organization"],"@id":"https:\/\/apuntesdesanluis.com\/#\/schema\/person\/b55151d52296fcce64d1a72538a70b90","name":"apuntesdesanluis.com","image":{"@type":"ImageObject","inLanguage":"es-AR","@id":"https:\/\/apuntesdesanluis.com\/#\/schema\/person\/image\/","url":"https:\/\/apuntesdesanluis.com\/wp-content\/uploads\/2023\/07\/cropped-apuntesdesanluis.png","contentUrl":"https:\/\/apuntesdesanluis.com\/wp-content\/uploads\/2023\/07\/cropped-apuntesdesanluis.png","width":450,"height":112,"caption":"apuntesdesanluis.com"},"logo":{"@id":"https:\/\/apuntesdesanluis.com\/#\/schema\/person\/image\/"},"sameAs":["https:\/\/apuntesdesanluis.com"],"url":"https:\/\/apuntesdesanluis.com\/index.php\/author\/apuntesdesanluis-com\/"}]}},"featured_image_urls":{"full":["https:\/\/apuntesdesanluis.com\/wp-content\/uploads\/2024\/10\/ADELAIDA-MUNIZ.png",800,415,false],"thumbnail":["https:\/\/apuntesdesanluis.com\/wp-content\/uploads\/2024\/10\/ADELAIDA-MUNIZ-150x150.png",150,150,true],"medium":["https:\/\/apuntesdesanluis.com\/wp-content\/uploads\/2024\/10\/ADELAIDA-MUNIZ-300x156.png",300,156,true],"medium_large":["https:\/\/apuntesdesanluis.com\/wp-content\/uploads\/2024\/10\/ADELAIDA-MUNIZ-768x398.png",640,332,true],"large":["https:\/\/apuntesdesanluis.com\/wp-content\/uploads\/2024\/10\/ADELAIDA-MUNIZ.png",640,332,false],"1536x1536":["https:\/\/apuntesdesanluis.com\/wp-content\/uploads\/2024\/10\/ADELAIDA-MUNIZ.png",800,415,false],"2048x2048":["https:\/\/apuntesdesanluis.com\/wp-content\/uploads\/2024\/10\/ADELAIDA-MUNIZ.png",800,415,false],"newsever-slider-full":["https:\/\/apuntesdesanluis.com\/wp-content\/uploads\/2024\/10\/ADELAIDA-MUNIZ.png",800,415,false],"newsever-featured":["https:\/\/apuntesdesanluis.com\/wp-content\/uploads\/2024\/10\/ADELAIDA-MUNIZ.png",800,415,false],"newsever-medium":["https:\/\/apuntesdesanluis.com\/wp-content\/uploads\/2024\/10\/ADELAIDA-MUNIZ-720x415.png",720,415,true]},"author_info":{"display_name":"apuntesdesanluis.com","author_link":"https:\/\/apuntesdesanluis.com\/index.php\/author\/apuntesdesanluis-com\/"},"category_info":"<a href=\"https:\/\/apuntesdesanluis.com\/index.php\/category\/ciudad-provincia\/\" rel=\"category tag\">Ciudad\/Provincia<\/a>","tag_info":"Ciudad\/Provincia","comment_count":"0","_links":{"self":[{"href":"https:\/\/apuntesdesanluis.com\/index.php\/wp-json\/wp\/v2\/posts\/23817","targetHints":{"allow":["GET"]}}],"collection":[{"href":"https:\/\/apuntesdesanluis.com\/index.php\/wp-json\/wp\/v2\/posts"}],"about":[{"href":"https:\/\/apuntesdesanluis.com\/index.php\/wp-json\/wp\/v2\/types\/post"}],"author":[{"embeddable":true,"href":"https:\/\/apuntesdesanluis.com\/index.php\/wp-json\/wp\/v2\/users\/1"}],"replies":[{"embeddable":true,"href":"https:\/\/apuntesdesanluis.com\/index.php\/wp-json\/wp\/v2\/comments?post=23817"}],"version-history":[{"count":3,"href":"https:\/\/apuntesdesanluis.com\/index.php\/wp-json\/wp\/v2\/posts\/23817\/revisions"}],"predecessor-version":[{"id":23821,"href":"https:\/\/apuntesdesanluis.com\/index.php\/wp-json\/wp\/v2\/posts\/23817\/revisions\/23821"}],"wp:featuredmedia":[{"embeddable":true,"href":"https:\/\/apuntesdesanluis.com\/index.php\/wp-json\/wp\/v2\/media\/23818"}],"wp:attachment":[{"href":"https:\/\/apuntesdesanluis.com\/index.php\/wp-json\/wp\/v2\/media?parent=23817"}],"wp:term":[{"taxonomy":"category","embeddable":true,"href":"https:\/\/apuntesdesanluis.com\/index.php\/wp-json\/wp\/v2\/categories?post=23817"},{"taxonomy":"post_tag","embeddable":true,"href":"https:\/\/apuntesdesanluis.com\/index.php\/wp-json\/wp\/v2\/tags?post=23817"}],"curies":[{"name":"wp","href":"https:\/\/api.w.org\/{rel}","templated":true}]}}