{"id":2382,"date":"2023-08-30T14:52:32","date_gmt":"2023-08-30T17:52:32","guid":{"rendered":"https:\/\/apuntesdesanluis.com\/?p=2382"},"modified":"2023-08-30T14:52:32","modified_gmt":"2023-08-30T17:52:32","slug":"operaron-a-la-mona-jimenez-y-le-colocaron-un-stent","status":"publish","type":"post","link":"https:\/\/apuntesdesanluis.com\/index.php\/2023\/08\/30\/operaron-a-la-mona-jimenez-y-le-colocaron-un-stent\/","title":{"rendered":"OPERARON A LA MONA JIM\u00c9NEZ Y LE COLOCARON UN STENT"},"content":{"rendered":"<h3><strong>Carlos \u201cLa Mona\u201d Jim\u00e9nez<\/strong> hab\u00eda sido hospitalizado en el Instituto Modelo de Cardiolog\u00eda, en la provincia de C\u00f3rdoba, luego de haber sufrido un ACV. Los m\u00e9dicos decidieron practicarle un cateterismo y colocarle un stent ya que determinaron que ten\u00eda una obstrucci\u00f3n del 80 por ciento de la arteria car\u00f3tida y eso le habr\u00eda provocado un cuadro isqu\u00e9mico, por lo que permanecer\u00e1 unos d\u00edas m\u00e1s en observaci\u00f3n.<\/h3>\n<h3>Su hija Natalia llev\u00f3 tranquilidad a los fan\u00e1ticos del cantante al responder preguntas en su cuenta de Instagram. \u201c\u00bfNaty como est\u00e1 el papi? \u00bfY vos?\u201d, le preguntaron. A lo que ella respondi\u00f3: \u201cMi papi de diez, le quedan unos d\u00edas y ya a su casita\u201d.<\/h3>\n<h3>\u201cVoy un d\u00eda a la vez. Para ser sincera, mi coraz\u00f3n est\u00e1 en pausa, lo del papi ocup\u00f3 toda mi atenci\u00f3n en este momento\u201d, reconoci\u00f3 la hija del cantante, quien tambi\u00e9n agradeci\u00f3 a los seguidores por las muestras de afecto: \u201cCargadita el coraz\u00f3n, me voy a dormir\u201d.<\/h3>\n<h3>La Mona Jim\u00e9nez ya fue intervenido dos veces en el \u00faltimo mes ya que comenz\u00f3 a tener problemas de salud a principios de agosto cuando tuvo que ser operado de urgencia por un fuerte dolor abdominal. \u201cPa sos un roble mi viejito, ten\u00e9s tantos angelitos cuid\u00e1ndote ac\u00e1 y all\u00e1\u201d, le hab\u00eda dedicado Natalia, por ese entonces.<\/h3>\n<h3>Por su parte, otra hija del m\u00fasico, Lorena Jim\u00e9nez, hab\u00eda hablado del tema en sus redes sociales: \u201cEstaba en una reuni\u00f3n del cole y suena un timbre de alarma. Me voy, llego, te veo bien, gastroenteritis\u2026 Gastritis aguda de la nada aparece y te destroza, lo s\u00e9. Pero no era tan simple, \u00a1el tiempo nos ayuda! La vida te impulsa y sacamos ese vaso roto. Salud y gracias por entreg\u00e1rselo a la Pachamama hoy. \u00a1Te amo!\u201d.<\/h3>\n","protected":false},"excerpt":{"rendered":"<p>Carlos \u201cLa Mona\u201d Jim\u00e9nez hab\u00eda sido hospitalizado en el Instituto Modelo de Cardiolog\u00eda, en la&#8230;<\/p>\n","protected":false},"author":1,"featured_media":2383,"comment_status":"closed","ping_status":"closed","sticky":false,"template":"","format":"standard","meta":{"footnotes":""},"categories":[5],"tags":[],"class_list":["post-2382","post","type-post","status-publish","format-standard","has-post-thumbnail","hentry","category-nacionales-internacionales"],"yoast_head":"<!-- This site is optimized with the Yoast SEO plugin v26.1.1 - https:\/\/yoast.com\/wordpress\/plugins\/seo\/ -->\n<title>OPERARON A LA MONA JIM\u00c9NEZ Y LE COLOCARON UN STENT - Apuntes de San Luis<\/title>\n<meta name=\"robots\" content=\"index, follow, max-snippet:-1, max-image-preview:large, max-video-preview:-1\" \/>\n<link rel=\"canonical\" href=\"https:\/\/apuntesdesanluis.com\/index.php\/2023\/08\/30\/operaron-a-la-mona-jimenez-y-le-colocaron-un-stent\/\" \/>\n<meta property=\"og:locale\" content=\"es_ES\" \/>\n<meta property=\"og:type\" content=\"article\" \/>\n<meta property=\"og:title\" content=\"OPERARON A LA MONA JIM\u00c9NEZ Y LE COLOCARON UN STENT - Apuntes de San Luis\" \/>\n<meta property=\"og:description\" content=\"Carlos \u201cLa Mona\u201d Jim\u00e9nez hab\u00eda sido hospitalizado en el Instituto Modelo de Cardiolog\u00eda, en la...\" \/>\n<meta property=\"og:url\" content=\"https:\/\/apuntesdesanluis.com\/index.php\/2023\/08\/30\/operaron-a-la-mona-jimenez-y-le-colocaron-un-stent\/\" \/>\n<meta property=\"og:site_name\" content=\"Apuntes de San Luis\" \/>\n<meta property=\"article:published_time\" content=\"2023-08-30T17:52:32+00:00\" \/>\n<meta property=\"og:image\" content=\"https:\/\/apuntesdesanluis.com\/wp-content\/uploads\/2023\/08\/la-mona-jimenez.jpg\" \/>\n\t<meta property=\"og:image:width\" content=\"768\" \/>\n\t<meta property=\"og:image:height\" content=\"455\" \/>\n\t<meta property=\"og:image:type\" content=\"image\/jpeg\" \/>\n<meta name=\"author\" content=\"apuntesdesanluis.com\" \/>\n<meta name=\"twitter:card\" content=\"summary_large_image\" \/>\n<meta name=\"twitter:label1\" content=\"Escrito por\" \/>\n\t<meta name=\"twitter:data1\" content=\"apuntesdesanluis.com\" \/>\n\t<meta name=\"twitter:label2\" content=\"Tiempo de lectura\" \/>\n\t<meta name=\"twitter:data2\" content=\"2 minutos\" \/>\n<script type=\"application\/ld+json\" class=\"yoast-schema-graph\">{\"@context\":\"https:\/\/schema.org\",\"@graph\":[{\"@type\":\"Article\",\"@id\":\"https:\/\/apuntesdesanluis.com\/index.php\/2023\/08\/30\/operaron-a-la-mona-jimenez-y-le-colocaron-un-stent\/#article\",\"isPartOf\":{\"@id\":\"https:\/\/apuntesdesanluis.com\/index.php\/2023\/08\/30\/operaron-a-la-mona-jimenez-y-le-colocaron-un-stent\/\"},\"author\":{\"name\":\"apuntesdesanluis.com\",\"@id\":\"https:\/\/apuntesdesanluis.com\/#\/schema\/person\/b55151d52296fcce64d1a72538a70b90\"},\"headline\":\"OPERARON A LA MONA JIM\u00c9NEZ Y LE COLOCARON UN STENT\",\"datePublished\":\"2023-08-30T17:52:32+00:00\",\"mainEntityOfPage\":{\"@id\":\"https:\/\/apuntesdesanluis.com\/index.php\/2023\/08\/30\/operaron-a-la-mona-jimenez-y-le-colocaron-un-stent\/\"},\"wordCount\":329,\"publisher\":{\"@id\":\"https:\/\/apuntesdesanluis.com\/#\/schema\/person\/b55151d52296fcce64d1a72538a70b90\"},\"image\":{\"@id\":\"https:\/\/apuntesdesanluis.com\/index.php\/2023\/08\/30\/operaron-a-la-mona-jimenez-y-le-colocaron-un-stent\/#primaryimage\"},\"thumbnailUrl\":\"https:\/\/apuntesdesanluis.com\/wp-content\/uploads\/2023\/08\/la-mona-jimenez.jpg\",\"articleSection\":[\"Nacionales\/Internacionales\"],\"inLanguage\":\"es-AR\"},{\"@type\":\"WebPage\",\"@id\":\"https:\/\/apuntesdesanluis.com\/index.php\/2023\/08\/30\/operaron-a-la-mona-jimenez-y-le-colocaron-un-stent\/\",\"url\":\"https:\/\/apuntesdesanluis.com\/index.php\/2023\/08\/30\/operaron-a-la-mona-jimenez-y-le-colocaron-un-stent\/\",\"name\":\"OPERARON A LA MONA JIM\u00c9NEZ Y LE COLOCARON UN STENT - Apuntes de San Luis\",\"isPartOf\":{\"@id\":\"https:\/\/apuntesdesanluis.com\/#website\"},\"primaryImageOfPage\":{\"@id\":\"https:\/\/apuntesdesanluis.com\/index.php\/2023\/08\/30\/operaron-a-la-mona-jimenez-y-le-colocaron-un-stent\/#primaryimage\"},\"image\":{\"@id\":\"https:\/\/apuntesdesanluis.com\/index.php\/2023\/08\/30\/operaron-a-la-mona-jimenez-y-le-colocaron-un-stent\/#primaryimage\"},\"thumbnailUrl\":\"https:\/\/apuntesdesanluis.com\/wp-content\/uploads\/2023\/08\/la-mona-jimenez.jpg\",\"datePublished\":\"2023-08-30T17:52:32+00:00\",\"breadcrumb\":{\"@id\":\"https:\/\/apuntesdesanluis.com\/index.php\/2023\/08\/30\/operaron-a-la-mona-jimenez-y-le-colocaron-un-stent\/#breadcrumb\"},\"inLanguage\":\"es-AR\",\"potentialAction\":[{\"@type\":\"ReadAction\",\"target\":[\"https:\/\/apuntesdesanluis.com\/index.php\/2023\/08\/30\/operaron-a-la-mona-jimenez-y-le-colocaron-un-stent\/\"]}]},{\"@type\":\"ImageObject\",\"inLanguage\":\"es-AR\",\"@id\":\"https:\/\/apuntesdesanluis.com\/index.php\/2023\/08\/30\/operaron-a-la-mona-jimenez-y-le-colocaron-un-stent\/#primaryimage\",\"url\":\"https:\/\/apuntesdesanluis.com\/wp-content\/uploads\/2023\/08\/la-mona-jimenez.jpg\",\"contentUrl\":\"https:\/\/apuntesdesanluis.com\/wp-content\/uploads\/2023\/08\/la-mona-jimenez.jpg\",\"width\":768,\"height\":455},{\"@type\":\"BreadcrumbList\",\"@id\":\"https:\/\/apuntesdesanluis.com\/index.php\/2023\/08\/30\/operaron-a-la-mona-jimenez-y-le-colocaron-un-stent\/#breadcrumb\",\"itemListElement\":[{\"@type\":\"ListItem\",\"position\":1,\"name\":\"Inicio\",\"item\":\"https:\/\/apuntesdesanluis.com\/\"},{\"@type\":\"ListItem\",\"position\":2,\"name\":\"OPERARON A LA MONA JIM\u00c9NEZ Y LE COLOCARON UN STENT\"}]},{\"@type\":\"WebSite\",\"@id\":\"https:\/\/apuntesdesanluis.com\/#website\",\"url\":\"https:\/\/apuntesdesanluis.com\/\",\"name\":\"Apuntes de San Luis\",\"description\":\"\",\"publisher\":{\"@id\":\"https:\/\/apuntesdesanluis.com\/#\/schema\/person\/b55151d52296fcce64d1a72538a70b90\"},\"potentialAction\":[{\"@type\":\"SearchAction\",\"target\":{\"@type\":\"EntryPoint\",\"urlTemplate\":\"https:\/\/apuntesdesanluis.com\/?s={search_term_string}\"},\"query-input\":{\"@type\":\"PropertyValueSpecification\",\"valueRequired\":true,\"valueName\":\"search_term_string\"}}],\"inLanguage\":\"es-AR\"},{\"@type\":[\"Person\",\"Organization\"],\"@id\":\"https:\/\/apuntesdesanluis.com\/#\/schema\/person\/b55151d52296fcce64d1a72538a70b90\",\"name\":\"apuntesdesanluis.com\",\"image\":{\"@type\":\"ImageObject\",\"inLanguage\":\"es-AR\",\"@id\":\"https:\/\/apuntesdesanluis.com\/#\/schema\/person\/image\/\",\"url\":\"https:\/\/apuntesdesanluis.com\/wp-content\/uploads\/2023\/07\/cropped-apuntesdesanluis.png\",\"contentUrl\":\"https:\/\/apuntesdesanluis.com\/wp-content\/uploads\/2023\/07\/cropped-apuntesdesanluis.png\",\"width\":450,\"height\":112,\"caption\":\"apuntesdesanluis.com\"},\"logo\":{\"@id\":\"https:\/\/apuntesdesanluis.com\/#\/schema\/person\/image\/\"},\"sameAs\":[\"https:\/\/apuntesdesanluis.com\"],\"url\":\"https:\/\/apuntesdesanluis.com\/index.php\/author\/apuntesdesanluis-com\/\"}]}<\/script>\n<!-- \/ Yoast SEO plugin. -->","yoast_head_json":{"title":"OPERARON A LA MONA JIM\u00c9NEZ Y LE COLOCARON UN STENT - Apuntes de San Luis","robots":{"index":"index","follow":"follow","max-snippet":"max-snippet:-1","max-image-preview":"max-image-preview:large","max-video-preview":"max-video-preview:-1"},"canonical":"https:\/\/apuntesdesanluis.com\/index.php\/2023\/08\/30\/operaron-a-la-mona-jimenez-y-le-colocaron-un-stent\/","og_locale":"es_ES","og_type":"article","og_title":"OPERARON A LA MONA JIM\u00c9NEZ Y LE COLOCARON UN STENT - Apuntes de San Luis","og_description":"Carlos \u201cLa Mona\u201d Jim\u00e9nez hab\u00eda sido hospitalizado en el Instituto Modelo de Cardiolog\u00eda, en la...","og_url":"https:\/\/apuntesdesanluis.com\/index.php\/2023\/08\/30\/operaron-a-la-mona-jimenez-y-le-colocaron-un-stent\/","og_site_name":"Apuntes de San Luis","article_published_time":"2023-08-30T17:52:32+00:00","og_image":[{"width":768,"height":455,"url":"https:\/\/apuntesdesanluis.com\/wp-content\/uploads\/2023\/08\/la-mona-jimenez.jpg","type":"image\/jpeg"}],"author":"apuntesdesanluis.com","twitter_card":"summary_large_image","twitter_misc":{"Escrito por":"apuntesdesanluis.com","Tiempo de lectura":"2 minutos"},"schema":{"@context":"https:\/\/schema.org","@graph":[{"@type":"Article","@id":"https:\/\/apuntesdesanluis.com\/index.php\/2023\/08\/30\/operaron-a-la-mona-jimenez-y-le-colocaron-un-stent\/#article","isPartOf":{"@id":"https:\/\/apuntesdesanluis.com\/index.php\/2023\/08\/30\/operaron-a-la-mona-jimenez-y-le-colocaron-un-stent\/"},"author":{"name":"apuntesdesanluis.com","@id":"https:\/\/apuntesdesanluis.com\/#\/schema\/person\/b55151d52296fcce64d1a72538a70b90"},"headline":"OPERARON A LA MONA JIM\u00c9NEZ Y LE COLOCARON UN STENT","datePublished":"2023-08-30T17:52:32+00:00","mainEntityOfPage":{"@id":"https:\/\/apuntesdesanluis.com\/index.php\/2023\/08\/30\/operaron-a-la-mona-jimenez-y-le-colocaron-un-stent\/"},"wordCount":329,"publisher":{"@id":"https:\/\/apuntesdesanluis.com\/#\/schema\/person\/b55151d52296fcce64d1a72538a70b90"},"image":{"@id":"https:\/\/apuntesdesanluis.com\/index.php\/2023\/08\/30\/operaron-a-la-mona-jimenez-y-le-colocaron-un-stent\/#primaryimage"},"thumbnailUrl":"https:\/\/apuntesdesanluis.com\/wp-content\/uploads\/2023\/08\/la-mona-jimenez.jpg","articleSection":["Nacionales\/Internacionales"],"inLanguage":"es-AR"},{"@type":"WebPage","@id":"https:\/\/apuntesdesanluis.com\/index.php\/2023\/08\/30\/operaron-a-la-mona-jimenez-y-le-colocaron-un-stent\/","url":"https:\/\/apuntesdesanluis.com\/index.php\/2023\/08\/30\/operaron-a-la-mona-jimenez-y-le-colocaron-un-stent\/","name":"OPERARON A LA MONA JIM\u00c9NEZ Y LE COLOCARON UN STENT - Apuntes de San Luis","isPartOf":{"@id":"https:\/\/apuntesdesanluis.com\/#website"},"primaryImageOfPage":{"@id":"https:\/\/apuntesdesanluis.com\/index.php\/2023\/08\/30\/operaron-a-la-mona-jimenez-y-le-colocaron-un-stent\/#primaryimage"},"image":{"@id":"https:\/\/apuntesdesanluis.com\/index.php\/2023\/08\/30\/operaron-a-la-mona-jimenez-y-le-colocaron-un-stent\/#primaryimage"},"thumbnailUrl":"https:\/\/apuntesdesanluis.com\/wp-content\/uploads\/2023\/08\/la-mona-jimenez.jpg","datePublished":"2023-08-30T17:52:32+00:00","breadcrumb":{"@id":"https:\/\/apuntesdesanluis.com\/index.php\/2023\/08\/30\/operaron-a-la-mona-jimenez-y-le-colocaron-un-stent\/#breadcrumb"},"inLanguage":"es-AR","potentialAction":[{"@type":"ReadAction","target":["https:\/\/apuntesdesanluis.com\/index.php\/2023\/08\/30\/operaron-a-la-mona-jimenez-y-le-colocaron-un-stent\/"]}]},{"@type":"ImageObject","inLanguage":"es-AR","@id":"https:\/\/apuntesdesanluis.com\/index.php\/2023\/08\/30\/operaron-a-la-mona-jimenez-y-le-colocaron-un-stent\/#primaryimage","url":"https:\/\/apuntesdesanluis.com\/wp-content\/uploads\/2023\/08\/la-mona-jimenez.jpg","contentUrl":"https:\/\/apuntesdesanluis.com\/wp-content\/uploads\/2023\/08\/la-mona-jimenez.jpg","width":768,"height":455},{"@type":"BreadcrumbList","@id":"https:\/\/apuntesdesanluis.com\/index.php\/2023\/08\/30\/operaron-a-la-mona-jimenez-y-le-colocaron-un-stent\/#breadcrumb","itemListElement":[{"@type":"ListItem","position":1,"name":"Inicio","item":"https:\/\/apuntesdesanluis.com\/"},{"@type":"ListItem","position":2,"name":"OPERARON A LA MONA JIM\u00c9NEZ Y LE COLOCARON UN STENT"}]},{"@type":"WebSite","@id":"https:\/\/apuntesdesanluis.com\/#website","url":"https:\/\/apuntesdesanluis.com\/","name":"Apuntes de San Luis","description":"","publisher":{"@id":"https:\/\/apuntesdesanluis.com\/#\/schema\/person\/b55151d52296fcce64d1a72538a70b90"},"potentialAction":[{"@type":"SearchAction","target":{"@type":"EntryPoint","urlTemplate":"https:\/\/apuntesdesanluis.com\/?s={search_term_string}"},"query-input":{"@type":"PropertyValueSpecification","valueRequired":true,"valueName":"search_term_string"}}],"inLanguage":"es-AR"},{"@type":["Person","Organization"],"@id":"https:\/\/apuntesdesanluis.com\/#\/schema\/person\/b55151d52296fcce64d1a72538a70b90","name":"apuntesdesanluis.com","image":{"@type":"ImageObject","inLanguage":"es-AR","@id":"https:\/\/apuntesdesanluis.com\/#\/schema\/person\/image\/","url":"https:\/\/apuntesdesanluis.com\/wp-content\/uploads\/2023\/07\/cropped-apuntesdesanluis.png","contentUrl":"https:\/\/apuntesdesanluis.com\/wp-content\/uploads\/2023\/07\/cropped-apuntesdesanluis.png","width":450,"height":112,"caption":"apuntesdesanluis.com"},"logo":{"@id":"https:\/\/apuntesdesanluis.com\/#\/schema\/person\/image\/"},"sameAs":["https:\/\/apuntesdesanluis.com"],"url":"https:\/\/apuntesdesanluis.com\/index.php\/author\/apuntesdesanluis-com\/"}]}},"featured_image_urls":{"full":["https:\/\/apuntesdesanluis.com\/wp-content\/uploads\/2023\/08\/la-mona-jimenez.jpg",768,455,false],"thumbnail":["https:\/\/apuntesdesanluis.com\/wp-content\/uploads\/2023\/08\/la-mona-jimenez-150x150.jpg",150,150,true],"medium":["https:\/\/apuntesdesanluis.com\/wp-content\/uploads\/2023\/08\/la-mona-jimenez-300x178.jpg",300,178,true],"medium_large":["https:\/\/apuntesdesanluis.com\/wp-content\/uploads\/2023\/08\/la-mona-jimenez.jpg",640,379,false],"large":["https:\/\/apuntesdesanluis.com\/wp-content\/uploads\/2023\/08\/la-mona-jimenez.jpg",640,379,false],"1536x1536":["https:\/\/apuntesdesanluis.com\/wp-content\/uploads\/2023\/08\/la-mona-jimenez.jpg",768,455,false],"2048x2048":["https:\/\/apuntesdesanluis.com\/wp-content\/uploads\/2023\/08\/la-mona-jimenez.jpg",768,455,false],"newsever-slider-full":["https:\/\/apuntesdesanluis.com\/wp-content\/uploads\/2023\/08\/la-mona-jimenez.jpg",768,455,false],"newsever-featured":["https:\/\/apuntesdesanluis.com\/wp-content\/uploads\/2023\/08\/la-mona-jimenez.jpg",768,455,false],"newsever-medium":["https:\/\/apuntesdesanluis.com\/wp-content\/uploads\/2023\/08\/la-mona-jimenez-720x455.jpg",720,455,true]},"author_info":{"display_name":"apuntesdesanluis.com","author_link":"https:\/\/apuntesdesanluis.com\/index.php\/author\/apuntesdesanluis-com\/"},"category_info":"<a href=\"https:\/\/apuntesdesanluis.com\/index.php\/category\/nacionales-internacionales\/\" rel=\"category tag\">Nacionales\/Internacionales<\/a>","tag_info":"Nacionales\/Internacionales","comment_count":"0","_links":{"self":[{"href":"https:\/\/apuntesdesanluis.com\/index.php\/wp-json\/wp\/v2\/posts\/2382","targetHints":{"allow":["GET"]}}],"collection":[{"href":"https:\/\/apuntesdesanluis.com\/index.php\/wp-json\/wp\/v2\/posts"}],"about":[{"href":"https:\/\/apuntesdesanluis.com\/index.php\/wp-json\/wp\/v2\/types\/post"}],"author":[{"embeddable":true,"href":"https:\/\/apuntesdesanluis.com\/index.php\/wp-json\/wp\/v2\/users\/1"}],"replies":[{"embeddable":true,"href":"https:\/\/apuntesdesanluis.com\/index.php\/wp-json\/wp\/v2\/comments?post=2382"}],"version-history":[{"count":1,"href":"https:\/\/apuntesdesanluis.com\/index.php\/wp-json\/wp\/v2\/posts\/2382\/revisions"}],"predecessor-version":[{"id":2384,"href":"https:\/\/apuntesdesanluis.com\/index.php\/wp-json\/wp\/v2\/posts\/2382\/revisions\/2384"}],"wp:featuredmedia":[{"embeddable":true,"href":"https:\/\/apuntesdesanluis.com\/index.php\/wp-json\/wp\/v2\/media\/2383"}],"wp:attachment":[{"href":"https:\/\/apuntesdesanluis.com\/index.php\/wp-json\/wp\/v2\/media?parent=2382"}],"wp:term":[{"taxonomy":"category","embeddable":true,"href":"https:\/\/apuntesdesanluis.com\/index.php\/wp-json\/wp\/v2\/categories?post=2382"},{"taxonomy":"post_tag","embeddable":true,"href":"https:\/\/apuntesdesanluis.com\/index.php\/wp-json\/wp\/v2\/tags?post=2382"}],"curies":[{"name":"wp","href":"https:\/\/api.w.org\/{rel}","templated":true}]}}