{"id":23845,"date":"2024-10-15T08:35:58","date_gmt":"2024-10-15T11:35:58","guid":{"rendered":"https:\/\/apuntesdesanluis.com\/?p=23845"},"modified":"2024-10-15T09:28:12","modified_gmt":"2024-10-15T12:28:12","slug":"polemica-por-la-muerte-de-un-hombre-en-el-motel-mas-clausurado-de-la-historia","status":"publish","type":"post","link":"https:\/\/apuntesdesanluis.com\/index.php\/2024\/10\/15\/polemica-por-la-muerte-de-un-hombre-en-el-motel-mas-clausurado-de-la-historia\/","title":{"rendered":"POL\u00c9MICA POR LA MUERTE DE UN HOMBRE EN EL MOTEL M\u00c1S CLAUSURADO DE LA HISTORIA"},"content":{"rendered":"<h3>Posiblemente la muerte por un paro cardiorrespiratorio que sufri\u00f3 un hombre de Villa Mercedes, el pasado lunes de madrugada, nada tenga que ver con el lugar donde se encontraba. Pero la pol\u00e9mica resurgi\u00f3 a partir de que este motel, Top\u00b4s, ubicado en calle Lamadrid extremo norte, ha sido clausurado m\u00e1s de 70 veces.<\/h3>\n<h3>Lo ins\u00f3lito es que en 2021 sufri\u00f3 la clausura definitiva y un a\u00f1o despu\u00e9s se dijo incluso que hab\u00eda sido rematado por la municipalidad. Ahora fue escenario de una muerte, hecho que nada suma a su triste historial.<\/h3>\n<h3>Pero como la informaci\u00f3n no daba cuenta del nombre del local, la que sali\u00f3 a aclarar la cuesti\u00f3n fue la gerenta de la cadena de moteles m\u00e1s famosos, la tambi\u00e9n influencer <strong>Silvina Dossetto<\/strong>, para afirmar que el lamentable hecho no tuvo lugar en ninguno de sus locales.<\/h3>\n<h3><a href=\"https:\/\/www.instagram.com\/reel\/DBITfCSBRqR\/?igsh=YWhzbDcwZHhlcmRu\" target=\"_blank\" rel=\"noopener\"><img fetchpriority=\"high\" decoding=\"async\" class=\"wp-image-23847 aligncenter\" src=\"https:\/\/apuntesdesanluis.com\/wp-content\/uploads\/2024\/10\/silvina-dosetto-300x160.png\" alt=\"\" width=\"660\" height=\"352\" srcset=\"https:\/\/apuntesdesanluis.com\/wp-content\/uploads\/2024\/10\/silvina-dosetto-300x160.png 300w, https:\/\/apuntesdesanluis.com\/wp-content\/uploads\/2024\/10\/silvina-dosetto-768x410.png 768w, https:\/\/apuntesdesanluis.com\/wp-content\/uploads\/2024\/10\/silvina-dosetto.png 813w\" sizes=\"(max-width: 660px) 100vw, 660px\" \/><\/a><\/h3>\n<h4 style=\"text-align: center;\"><span style=\"color: #3366ff;\"><em>(Hacer click sobre la imagen para acceder al audio)<\/em><\/span><\/h4>\n<h3>M\u00e1s all\u00e1 del triste episodio, la continuidad de un lugar que ha merecido tantas actuaciones legales, pone ciertamente en duda la autoridad de la Justicia Municipal de Faltas para hacer cumplir sus propias disposiciones.<\/h3>\n<p>&nbsp;<\/p>\n<p>&nbsp;<\/p>\n<p>&nbsp;<\/p>\n<p>&nbsp;<\/p>\n<p>&nbsp;<\/p>\n<p>&nbsp;<\/p>\n","protected":false},"excerpt":{"rendered":"<p>Posiblemente la muerte por un paro cardiorrespiratorio que sufri\u00f3 un hombre de Villa Mercedes, el&#8230;<\/p>\n","protected":false},"author":1,"featured_media":23846,"comment_status":"closed","ping_status":"closed","sticky":false,"template":"","format":"standard","meta":{"footnotes":""},"categories":[6],"tags":[],"class_list":["post-23845","post","type-post","status-publish","format-standard","has-post-thumbnail","hentry","category-ciudad-provincia"],"yoast_head":"<!-- This site is optimized with the Yoast SEO plugin v26.1.1 - https:\/\/yoast.com\/wordpress\/plugins\/seo\/ -->\n<title>POL\u00c9MICA POR LA MUERTE DE UN HOMBRE EN EL MOTEL M\u00c1S CLAUSURADO DE LA HISTORIA - Apuntes de San Luis<\/title>\n<meta name=\"robots\" content=\"index, follow, max-snippet:-1, max-image-preview:large, max-video-preview:-1\" \/>\n<link rel=\"canonical\" href=\"https:\/\/apuntesdesanluis.com\/index.php\/2024\/10\/15\/polemica-por-la-muerte-de-un-hombre-en-el-motel-mas-clausurado-de-la-historia\/\" \/>\n<meta property=\"og:locale\" content=\"es_ES\" \/>\n<meta property=\"og:type\" content=\"article\" \/>\n<meta property=\"og:title\" content=\"POL\u00c9MICA POR LA MUERTE DE UN HOMBRE EN EL MOTEL M\u00c1S CLAUSURADO DE LA HISTORIA - Apuntes de San Luis\" \/>\n<meta property=\"og:description\" content=\"Posiblemente la muerte por un paro cardiorrespiratorio que sufri\u00f3 un hombre de Villa Mercedes, el...\" \/>\n<meta property=\"og:url\" content=\"https:\/\/apuntesdesanluis.com\/index.php\/2024\/10\/15\/polemica-por-la-muerte-de-un-hombre-en-el-motel-mas-clausurado-de-la-historia\/\" \/>\n<meta property=\"og:site_name\" content=\"Apuntes de San Luis\" \/>\n<meta property=\"article:published_time\" content=\"2024-10-15T11:35:58+00:00\" \/>\n<meta property=\"article:modified_time\" content=\"2024-10-15T12:28:12+00:00\" \/>\n<meta property=\"og:image\" content=\"https:\/\/apuntesdesanluis.com\/wp-content\/uploads\/2024\/10\/motel-tops.png\" \/>\n\t<meta property=\"og:image:width\" content=\"663\" \/>\n\t<meta property=\"og:image:height\" content=\"384\" \/>\n\t<meta property=\"og:image:type\" content=\"image\/png\" \/>\n<meta name=\"author\" content=\"apuntesdesanluis.com\" \/>\n<meta name=\"twitter:card\" content=\"summary_large_image\" \/>\n<meta name=\"twitter:label1\" content=\"Escrito por\" \/>\n\t<meta name=\"twitter:data1\" content=\"apuntesdesanluis.com\" \/>\n\t<meta name=\"twitter:label2\" content=\"Tiempo de lectura\" \/>\n\t<meta name=\"twitter:data2\" content=\"2 minutos\" \/>\n<script type=\"application\/ld+json\" class=\"yoast-schema-graph\">{\"@context\":\"https:\/\/schema.org\",\"@graph\":[{\"@type\":\"Article\",\"@id\":\"https:\/\/apuntesdesanluis.com\/index.php\/2024\/10\/15\/polemica-por-la-muerte-de-un-hombre-en-el-motel-mas-clausurado-de-la-historia\/#article\",\"isPartOf\":{\"@id\":\"https:\/\/apuntesdesanluis.com\/index.php\/2024\/10\/15\/polemica-por-la-muerte-de-un-hombre-en-el-motel-mas-clausurado-de-la-historia\/\"},\"author\":{\"name\":\"apuntesdesanluis.com\",\"@id\":\"https:\/\/apuntesdesanluis.com\/#\/schema\/person\/b55151d52296fcce64d1a72538a70b90\"},\"headline\":\"POL\u00c9MICA POR LA MUERTE DE UN HOMBRE EN EL MOTEL M\u00c1S CLAUSURADO DE LA HISTORIA\",\"datePublished\":\"2024-10-15T11:35:58+00:00\",\"dateModified\":\"2024-10-15T12:28:12+00:00\",\"mainEntityOfPage\":{\"@id\":\"https:\/\/apuntesdesanluis.com\/index.php\/2024\/10\/15\/polemica-por-la-muerte-de-un-hombre-en-el-motel-mas-clausurado-de-la-historia\/\"},\"wordCount\":214,\"publisher\":{\"@id\":\"https:\/\/apuntesdesanluis.com\/#\/schema\/person\/b55151d52296fcce64d1a72538a70b90\"},\"image\":{\"@id\":\"https:\/\/apuntesdesanluis.com\/index.php\/2024\/10\/15\/polemica-por-la-muerte-de-un-hombre-en-el-motel-mas-clausurado-de-la-historia\/#primaryimage\"},\"thumbnailUrl\":\"https:\/\/apuntesdesanluis.com\/wp-content\/uploads\/2024\/10\/motel-tops.png\",\"articleSection\":[\"Ciudad\/Provincia\"],\"inLanguage\":\"es-AR\"},{\"@type\":\"WebPage\",\"@id\":\"https:\/\/apuntesdesanluis.com\/index.php\/2024\/10\/15\/polemica-por-la-muerte-de-un-hombre-en-el-motel-mas-clausurado-de-la-historia\/\",\"url\":\"https:\/\/apuntesdesanluis.com\/index.php\/2024\/10\/15\/polemica-por-la-muerte-de-un-hombre-en-el-motel-mas-clausurado-de-la-historia\/\",\"name\":\"POL\u00c9MICA POR LA MUERTE DE UN HOMBRE EN EL MOTEL M\u00c1S CLAUSURADO DE LA HISTORIA - Apuntes de San Luis\",\"isPartOf\":{\"@id\":\"https:\/\/apuntesdesanluis.com\/#website\"},\"primaryImageOfPage\":{\"@id\":\"https:\/\/apuntesdesanluis.com\/index.php\/2024\/10\/15\/polemica-por-la-muerte-de-un-hombre-en-el-motel-mas-clausurado-de-la-historia\/#primaryimage\"},\"image\":{\"@id\":\"https:\/\/apuntesdesanluis.com\/index.php\/2024\/10\/15\/polemica-por-la-muerte-de-un-hombre-en-el-motel-mas-clausurado-de-la-historia\/#primaryimage\"},\"thumbnailUrl\":\"https:\/\/apuntesdesanluis.com\/wp-content\/uploads\/2024\/10\/motel-tops.png\",\"datePublished\":\"2024-10-15T11:35:58+00:00\",\"dateModified\":\"2024-10-15T12:28:12+00:00\",\"breadcrumb\":{\"@id\":\"https:\/\/apuntesdesanluis.com\/index.php\/2024\/10\/15\/polemica-por-la-muerte-de-un-hombre-en-el-motel-mas-clausurado-de-la-historia\/#breadcrumb\"},\"inLanguage\":\"es-AR\",\"potentialAction\":[{\"@type\":\"ReadAction\",\"target\":[\"https:\/\/apuntesdesanluis.com\/index.php\/2024\/10\/15\/polemica-por-la-muerte-de-un-hombre-en-el-motel-mas-clausurado-de-la-historia\/\"]}]},{\"@type\":\"ImageObject\",\"inLanguage\":\"es-AR\",\"@id\":\"https:\/\/apuntesdesanluis.com\/index.php\/2024\/10\/15\/polemica-por-la-muerte-de-un-hombre-en-el-motel-mas-clausurado-de-la-historia\/#primaryimage\",\"url\":\"https:\/\/apuntesdesanluis.com\/wp-content\/uploads\/2024\/10\/motel-tops.png\",\"contentUrl\":\"https:\/\/apuntesdesanluis.com\/wp-content\/uploads\/2024\/10\/motel-tops.png\",\"width\":663,\"height\":384},{\"@type\":\"BreadcrumbList\",\"@id\":\"https:\/\/apuntesdesanluis.com\/index.php\/2024\/10\/15\/polemica-por-la-muerte-de-un-hombre-en-el-motel-mas-clausurado-de-la-historia\/#breadcrumb\",\"itemListElement\":[{\"@type\":\"ListItem\",\"position\":1,\"name\":\"Inicio\",\"item\":\"https:\/\/apuntesdesanluis.com\/\"},{\"@type\":\"ListItem\",\"position\":2,\"name\":\"POL\u00c9MICA POR LA MUERTE DE UN HOMBRE EN EL MOTEL M\u00c1S CLAUSURADO DE LA HISTORIA\"}]},{\"@type\":\"WebSite\",\"@id\":\"https:\/\/apuntesdesanluis.com\/#website\",\"url\":\"https:\/\/apuntesdesanluis.com\/\",\"name\":\"Apuntes de San Luis\",\"description\":\"\",\"publisher\":{\"@id\":\"https:\/\/apuntesdesanluis.com\/#\/schema\/person\/b55151d52296fcce64d1a72538a70b90\"},\"potentialAction\":[{\"@type\":\"SearchAction\",\"target\":{\"@type\":\"EntryPoint\",\"urlTemplate\":\"https:\/\/apuntesdesanluis.com\/?s={search_term_string}\"},\"query-input\":{\"@type\":\"PropertyValueSpecification\",\"valueRequired\":true,\"valueName\":\"search_term_string\"}}],\"inLanguage\":\"es-AR\"},{\"@type\":[\"Person\",\"Organization\"],\"@id\":\"https:\/\/apuntesdesanluis.com\/#\/schema\/person\/b55151d52296fcce64d1a72538a70b90\",\"name\":\"apuntesdesanluis.com\",\"image\":{\"@type\":\"ImageObject\",\"inLanguage\":\"es-AR\",\"@id\":\"https:\/\/apuntesdesanluis.com\/#\/schema\/person\/image\/\",\"url\":\"https:\/\/apuntesdesanluis.com\/wp-content\/uploads\/2023\/07\/cropped-apuntesdesanluis.png\",\"contentUrl\":\"https:\/\/apuntesdesanluis.com\/wp-content\/uploads\/2023\/07\/cropped-apuntesdesanluis.png\",\"width\":450,\"height\":112,\"caption\":\"apuntesdesanluis.com\"},\"logo\":{\"@id\":\"https:\/\/apuntesdesanluis.com\/#\/schema\/person\/image\/\"},\"sameAs\":[\"https:\/\/apuntesdesanluis.com\"],\"url\":\"https:\/\/apuntesdesanluis.com\/index.php\/author\/apuntesdesanluis-com\/\"}]}<\/script>\n<!-- \/ Yoast SEO plugin. -->","yoast_head_json":{"title":"POL\u00c9MICA POR LA MUERTE DE UN HOMBRE EN EL MOTEL M\u00c1S CLAUSURADO DE LA HISTORIA - Apuntes de San Luis","robots":{"index":"index","follow":"follow","max-snippet":"max-snippet:-1","max-image-preview":"max-image-preview:large","max-video-preview":"max-video-preview:-1"},"canonical":"https:\/\/apuntesdesanluis.com\/index.php\/2024\/10\/15\/polemica-por-la-muerte-de-un-hombre-en-el-motel-mas-clausurado-de-la-historia\/","og_locale":"es_ES","og_type":"article","og_title":"POL\u00c9MICA POR LA MUERTE DE UN HOMBRE EN EL MOTEL M\u00c1S CLAUSURADO DE LA HISTORIA - Apuntes de San Luis","og_description":"Posiblemente la muerte por un paro cardiorrespiratorio que sufri\u00f3 un hombre de Villa Mercedes, el...","og_url":"https:\/\/apuntesdesanluis.com\/index.php\/2024\/10\/15\/polemica-por-la-muerte-de-un-hombre-en-el-motel-mas-clausurado-de-la-historia\/","og_site_name":"Apuntes de San Luis","article_published_time":"2024-10-15T11:35:58+00:00","article_modified_time":"2024-10-15T12:28:12+00:00","og_image":[{"width":663,"height":384,"url":"https:\/\/apuntesdesanluis.com\/wp-content\/uploads\/2024\/10\/motel-tops.png","type":"image\/png"}],"author":"apuntesdesanluis.com","twitter_card":"summary_large_image","twitter_misc":{"Escrito por":"apuntesdesanluis.com","Tiempo de lectura":"2 minutos"},"schema":{"@context":"https:\/\/schema.org","@graph":[{"@type":"Article","@id":"https:\/\/apuntesdesanluis.com\/index.php\/2024\/10\/15\/polemica-por-la-muerte-de-un-hombre-en-el-motel-mas-clausurado-de-la-historia\/#article","isPartOf":{"@id":"https:\/\/apuntesdesanluis.com\/index.php\/2024\/10\/15\/polemica-por-la-muerte-de-un-hombre-en-el-motel-mas-clausurado-de-la-historia\/"},"author":{"name":"apuntesdesanluis.com","@id":"https:\/\/apuntesdesanluis.com\/#\/schema\/person\/b55151d52296fcce64d1a72538a70b90"},"headline":"POL\u00c9MICA POR LA MUERTE DE UN HOMBRE EN EL MOTEL M\u00c1S CLAUSURADO DE LA HISTORIA","datePublished":"2024-10-15T11:35:58+00:00","dateModified":"2024-10-15T12:28:12+00:00","mainEntityOfPage":{"@id":"https:\/\/apuntesdesanluis.com\/index.php\/2024\/10\/15\/polemica-por-la-muerte-de-un-hombre-en-el-motel-mas-clausurado-de-la-historia\/"},"wordCount":214,"publisher":{"@id":"https:\/\/apuntesdesanluis.com\/#\/schema\/person\/b55151d52296fcce64d1a72538a70b90"},"image":{"@id":"https:\/\/apuntesdesanluis.com\/index.php\/2024\/10\/15\/polemica-por-la-muerte-de-un-hombre-en-el-motel-mas-clausurado-de-la-historia\/#primaryimage"},"thumbnailUrl":"https:\/\/apuntesdesanluis.com\/wp-content\/uploads\/2024\/10\/motel-tops.png","articleSection":["Ciudad\/Provincia"],"inLanguage":"es-AR"},{"@type":"WebPage","@id":"https:\/\/apuntesdesanluis.com\/index.php\/2024\/10\/15\/polemica-por-la-muerte-de-un-hombre-en-el-motel-mas-clausurado-de-la-historia\/","url":"https:\/\/apuntesdesanluis.com\/index.php\/2024\/10\/15\/polemica-por-la-muerte-de-un-hombre-en-el-motel-mas-clausurado-de-la-historia\/","name":"POL\u00c9MICA POR LA MUERTE DE UN HOMBRE EN EL MOTEL M\u00c1S CLAUSURADO DE LA HISTORIA - Apuntes de San Luis","isPartOf":{"@id":"https:\/\/apuntesdesanluis.com\/#website"},"primaryImageOfPage":{"@id":"https:\/\/apuntesdesanluis.com\/index.php\/2024\/10\/15\/polemica-por-la-muerte-de-un-hombre-en-el-motel-mas-clausurado-de-la-historia\/#primaryimage"},"image":{"@id":"https:\/\/apuntesdesanluis.com\/index.php\/2024\/10\/15\/polemica-por-la-muerte-de-un-hombre-en-el-motel-mas-clausurado-de-la-historia\/#primaryimage"},"thumbnailUrl":"https:\/\/apuntesdesanluis.com\/wp-content\/uploads\/2024\/10\/motel-tops.png","datePublished":"2024-10-15T11:35:58+00:00","dateModified":"2024-10-15T12:28:12+00:00","breadcrumb":{"@id":"https:\/\/apuntesdesanluis.com\/index.php\/2024\/10\/15\/polemica-por-la-muerte-de-un-hombre-en-el-motel-mas-clausurado-de-la-historia\/#breadcrumb"},"inLanguage":"es-AR","potentialAction":[{"@type":"ReadAction","target":["https:\/\/apuntesdesanluis.com\/index.php\/2024\/10\/15\/polemica-por-la-muerte-de-un-hombre-en-el-motel-mas-clausurado-de-la-historia\/"]}]},{"@type":"ImageObject","inLanguage":"es-AR","@id":"https:\/\/apuntesdesanluis.com\/index.php\/2024\/10\/15\/polemica-por-la-muerte-de-un-hombre-en-el-motel-mas-clausurado-de-la-historia\/#primaryimage","url":"https:\/\/apuntesdesanluis.com\/wp-content\/uploads\/2024\/10\/motel-tops.png","contentUrl":"https:\/\/apuntesdesanluis.com\/wp-content\/uploads\/2024\/10\/motel-tops.png","width":663,"height":384},{"@type":"BreadcrumbList","@id":"https:\/\/apuntesdesanluis.com\/index.php\/2024\/10\/15\/polemica-por-la-muerte-de-un-hombre-en-el-motel-mas-clausurado-de-la-historia\/#breadcrumb","itemListElement":[{"@type":"ListItem","position":1,"name":"Inicio","item":"https:\/\/apuntesdesanluis.com\/"},{"@type":"ListItem","position":2,"name":"POL\u00c9MICA POR LA MUERTE DE UN HOMBRE EN EL MOTEL M\u00c1S CLAUSURADO DE LA HISTORIA"}]},{"@type":"WebSite","@id":"https:\/\/apuntesdesanluis.com\/#website","url":"https:\/\/apuntesdesanluis.com\/","name":"Apuntes de San Luis","description":"","publisher":{"@id":"https:\/\/apuntesdesanluis.com\/#\/schema\/person\/b55151d52296fcce64d1a72538a70b90"},"potentialAction":[{"@type":"SearchAction","target":{"@type":"EntryPoint","urlTemplate":"https:\/\/apuntesdesanluis.com\/?s={search_term_string}"},"query-input":{"@type":"PropertyValueSpecification","valueRequired":true,"valueName":"search_term_string"}}],"inLanguage":"es-AR"},{"@type":["Person","Organization"],"@id":"https:\/\/apuntesdesanluis.com\/#\/schema\/person\/b55151d52296fcce64d1a72538a70b90","name":"apuntesdesanluis.com","image":{"@type":"ImageObject","inLanguage":"es-AR","@id":"https:\/\/apuntesdesanluis.com\/#\/schema\/person\/image\/","url":"https:\/\/apuntesdesanluis.com\/wp-content\/uploads\/2023\/07\/cropped-apuntesdesanluis.png","contentUrl":"https:\/\/apuntesdesanluis.com\/wp-content\/uploads\/2023\/07\/cropped-apuntesdesanluis.png","width":450,"height":112,"caption":"apuntesdesanluis.com"},"logo":{"@id":"https:\/\/apuntesdesanluis.com\/#\/schema\/person\/image\/"},"sameAs":["https:\/\/apuntesdesanluis.com"],"url":"https:\/\/apuntesdesanluis.com\/index.php\/author\/apuntesdesanluis-com\/"}]}},"featured_image_urls":{"full":["https:\/\/apuntesdesanluis.com\/wp-content\/uploads\/2024\/10\/motel-tops.png",663,384,false],"thumbnail":["https:\/\/apuntesdesanluis.com\/wp-content\/uploads\/2024\/10\/motel-tops-150x150.png",150,150,true],"medium":["https:\/\/apuntesdesanluis.com\/wp-content\/uploads\/2024\/10\/motel-tops-300x174.png",300,174,true],"medium_large":["https:\/\/apuntesdesanluis.com\/wp-content\/uploads\/2024\/10\/motel-tops.png",640,371,false],"large":["https:\/\/apuntesdesanluis.com\/wp-content\/uploads\/2024\/10\/motel-tops.png",640,371,false],"1536x1536":["https:\/\/apuntesdesanluis.com\/wp-content\/uploads\/2024\/10\/motel-tops.png",663,384,false],"2048x2048":["https:\/\/apuntesdesanluis.com\/wp-content\/uploads\/2024\/10\/motel-tops.png",663,384,false],"newsever-slider-full":["https:\/\/apuntesdesanluis.com\/wp-content\/uploads\/2024\/10\/motel-tops.png",663,384,false],"newsever-featured":["https:\/\/apuntesdesanluis.com\/wp-content\/uploads\/2024\/10\/motel-tops.png",663,384,false],"newsever-medium":["https:\/\/apuntesdesanluis.com\/wp-content\/uploads\/2024\/10\/motel-tops.png",663,384,false]},"author_info":{"display_name":"apuntesdesanluis.com","author_link":"https:\/\/apuntesdesanluis.com\/index.php\/author\/apuntesdesanluis-com\/"},"category_info":"<a href=\"https:\/\/apuntesdesanluis.com\/index.php\/category\/ciudad-provincia\/\" rel=\"category tag\">Ciudad\/Provincia<\/a>","tag_info":"Ciudad\/Provincia","comment_count":"0","_links":{"self":[{"href":"https:\/\/apuntesdesanluis.com\/index.php\/wp-json\/wp\/v2\/posts\/23845","targetHints":{"allow":["GET"]}}],"collection":[{"href":"https:\/\/apuntesdesanluis.com\/index.php\/wp-json\/wp\/v2\/posts"}],"about":[{"href":"https:\/\/apuntesdesanluis.com\/index.php\/wp-json\/wp\/v2\/types\/post"}],"author":[{"embeddable":true,"href":"https:\/\/apuntesdesanluis.com\/index.php\/wp-json\/wp\/v2\/users\/1"}],"replies":[{"embeddable":true,"href":"https:\/\/apuntesdesanluis.com\/index.php\/wp-json\/wp\/v2\/comments?post=23845"}],"version-history":[{"count":4,"href":"https:\/\/apuntesdesanluis.com\/index.php\/wp-json\/wp\/v2\/posts\/23845\/revisions"}],"predecessor-version":[{"id":23852,"href":"https:\/\/apuntesdesanluis.com\/index.php\/wp-json\/wp\/v2\/posts\/23845\/revisions\/23852"}],"wp:featuredmedia":[{"embeddable":true,"href":"https:\/\/apuntesdesanluis.com\/index.php\/wp-json\/wp\/v2\/media\/23846"}],"wp:attachment":[{"href":"https:\/\/apuntesdesanluis.com\/index.php\/wp-json\/wp\/v2\/media?parent=23845"}],"wp:term":[{"taxonomy":"category","embeddable":true,"href":"https:\/\/apuntesdesanluis.com\/index.php\/wp-json\/wp\/v2\/categories?post=23845"},{"taxonomy":"post_tag","embeddable":true,"href":"https:\/\/apuntesdesanluis.com\/index.php\/wp-json\/wp\/v2\/tags?post=23845"}],"curies":[{"name":"wp","href":"https:\/\/api.w.org\/{rel}","templated":true}]}}