{"id":23859,"date":"2024-10-15T19:25:10","date_gmt":"2024-10-15T22:25:10","guid":{"rendered":"https:\/\/apuntesdesanluis.com\/?p=23859"},"modified":"2024-10-15T19:27:37","modified_gmt":"2024-10-15T22:27:37","slug":"asumio-adelaida-muniz-en-deportes-y-juan-pablo-torres-en-inclusion","status":"publish","type":"post","link":"https:\/\/apuntesdesanluis.com\/index.php\/2024\/10\/15\/asumio-adelaida-muniz-en-deportes-y-juan-pablo-torres-en-inclusion\/","title":{"rendered":"ASUMI\u00d3 ADELAIDA MU\u00d1IZ EN DEPORTES Y JUAN PABLO TORRES EN INCLUSI\u00d3N"},"content":{"rendered":"<h3>Este martes el gobernador<strong> Claudio Poggi<\/strong> le tom\u00f3 juramento a la Secretaria de Deportes, <strong>Adelaida Mu\u00f1iz<\/strong>, y a <strong>Juan Pablo Torres<\/strong>, como jefe de la Direcci\u00f3n de Inclusi\u00f3n Social.<\/h3>\n<h3>Abogada de profesi\u00f3n y con una vasta experiencia en la funci\u00f3n p\u00fablica \u2014ha trabajado en distintas reparticiones, incluido el ministerio de Deportes, en la anterior gesti\u00f3n de Poggi\u2014, Mu\u00f1iz tiene la misi\u00f3n de dar continuidad y reforzar algunos pilares de la pol\u00edtica deportiva provincial que comenzaron a implementarse en diciembre pasado y que el Primer Mandatario repas\u00f3 en el discurso de este martes.<\/h3>\n<h3>\u201cAdelaida, o Laila, hoy asume un desaf\u00edo. Quiero agradecerle a Gabriel Rivero (NdP: el secretario de Deportes saliente), que tom\u00f3 una secretar\u00eda que ven\u00eda con mucho l\u00edo, mucho barullo. No vamos a recordar nombres, ya es historia. Est\u00e1n todas las denuncias hechas, ahora que la Justicia act\u00fae. Parte de la plata que hoy le falta a San Luis, por la cual tuvimos que desdoblar el pago de sueldos en diciembre, se iba por esa \u00e1rea de gobierno. Tuvo que tomar esa \u00e1rea, ayudar a ordenarla, interpret\u00f3 r\u00e1pidamente la visi\u00f3n que tenemos de la pol\u00edtica deportiva, que es masificar el deporte, que todos practiquen actividad f\u00edsica, el m\u00e1s apto, el menos apto, desde el ni\u00f1o hasta el mayor, porque es una forma de promover la salud, de contener a nuestros chicos, adolescentes y mayores\u201d, dijo Poggi.<\/h3>\n<h3>Parte importante de la misi\u00f3n de Muniz es dar continuidad y consolidar el apoyo a los clubes y federaciones deportivas. De estas entidades \u201csalen los deportistas que se destacan, o los equipos, entonces est\u00e1 el deporte de \u00e9lite, el deporte ol\u00edmpico, que es una consecuencia natural, que tambi\u00e9n apoyamos como eje en la pol\u00edtica deportiva\u201d, refiri\u00f3 el Gobernador.<\/h3>\n<p><iframe title=\"Claudio Poggi habla sobre la Secretaria de Deportes\" width=\"640\" height=\"360\" src=\"https:\/\/www.youtube.com\/embed\/11oS8KZW-kY?feature=oembed\" frameborder=\"0\" allow=\"accelerometer; autoplay; clipboard-write; encrypted-media; gyroscope; picture-in-picture; web-share\" referrerpolicy=\"strict-origin-when-cross-origin\" allowfullscreen><\/iframe><\/p>\n<h3>Record\u00f3 que Mu\u00f1iz era rectora de la ULP cuando se implement\u00f3, en 2015, el Plan de Inclusi\u00f3n Educativa (PIE), que permiti\u00f3 a miles de sanluise\u00f1os concluir estudios primarios y secundarios, cuyos certificados est\u00e1n entregando en la actualidad, dado que la gesti\u00f3n anterior, por razones que se desconocen, no entreg\u00f3 a los egresados.<\/h3>\n<h3>Poggi explic\u00f3 que, si bien no les toma juramento a los directores, en este caso, se tom\u00f3 esa licencia por el tiempo que lleva trabajando con Juan Pablo Torres, quien prestaba funciones hasta ahora en la secretar\u00eda privada de la gobernaci\u00f3n. \u201cJuan Pablo, ante todo, es empleado p\u00fablico. Siempre me ha recomendado la mirada desde el empleado p\u00fablico, as\u00ed que gracias por esa permanente sugerencia. La privada de la gobernaci\u00f3n es cuando el problema no fue resuelto, la \u00faltima instancia. O el sue\u00f1o, el proyecto que no fue atendido. Hay situaciones que se pueden solucionar, la mayor\u00eda. Otras que cuesta un poco m\u00e1s y hay que explicar y escuchar al ciudadano, empatizar. O explicarle cuando no es as\u00ed, pero con much\u00edsimo respeto. Y si hay que dedicarle una hora al ciudadano, hay que hacerlo. Y eso es lo que hac\u00eda Juan Pablo. Entonces esa capacidad de trabajo, esa capacidad de escucha, esa capacidad de empatizar con la problem\u00e1tica del ciudadano, es lo que hoy va a volcar con los trabajadores del Plan de Inclusi\u00f3n Social, que son m\u00e1s de 20.000\u201d, explic\u00f3 Poggi.<\/h3>\n<p><iframe title=\"Claudio Poggi habla sobre el director de Inclusi\u00f3n Social\" width=\"640\" height=\"360\" src=\"https:\/\/www.youtube.com\/embed\/JTbQiLsQGwM?feature=oembed\" frameborder=\"0\" allow=\"accelerometer; autoplay; clipboard-write; encrypted-media; gyroscope; picture-in-picture; web-share\" referrerpolicy=\"strict-origin-when-cross-origin\" allowfullscreen><\/iframe><\/p>\n<h3>La nueva direcci\u00f3n de Inclusi\u00f3n Social va a tener el v\u00ednculo m\u00e1s cercano con cada uno de los beneficiarios. \u201cHay que escuchar, empatizar y ordenar, para que nunca m\u00e1s un trabajador del Plan de Inclusi\u00f3n Social sea usado pol\u00edticamente o electoralmente. Nunca m\u00e1s\u201d, asever\u00f3.<\/h3>\n<p>&nbsp;<\/p>\n<p>&nbsp;<\/p>\n<p>&nbsp;<\/p>\n<p>&nbsp;<\/p>\n<p>&nbsp;<\/p>\n<p>&nbsp;<\/p>\n","protected":false},"excerpt":{"rendered":"<p>Este martes el gobernador Claudio Poggi le tom\u00f3 juramento a la Secretaria de Deportes, Adelaida&#8230;<\/p>\n","protected":false},"author":1,"featured_media":23860,"comment_status":"closed","ping_status":"closed","sticky":false,"template":"","format":"standard","meta":{"footnotes":""},"categories":[6],"tags":[],"class_list":["post-23859","post","type-post","status-publish","format-standard","has-post-thumbnail","hentry","category-ciudad-provincia"],"yoast_head":"<!-- This site is optimized with the Yoast SEO plugin v26.1.1 - https:\/\/yoast.com\/wordpress\/plugins\/seo\/ -->\n<title>ASUMI\u00d3 ADELAIDA MU\u00d1IZ EN DEPORTES Y JUAN PABLO TORRES EN INCLUSI\u00d3N - Apuntes de San Luis<\/title>\n<meta name=\"robots\" content=\"index, follow, max-snippet:-1, max-image-preview:large, max-video-preview:-1\" \/>\n<link rel=\"canonical\" href=\"https:\/\/apuntesdesanluis.com\/index.php\/2024\/10\/15\/asumio-adelaida-muniz-en-deportes-y-juan-pablo-torres-en-inclusion\/\" \/>\n<meta property=\"og:locale\" content=\"es_ES\" \/>\n<meta property=\"og:type\" content=\"article\" \/>\n<meta property=\"og:title\" content=\"ASUMI\u00d3 ADELAIDA MU\u00d1IZ EN DEPORTES Y JUAN PABLO TORRES EN INCLUSI\u00d3N - Apuntes de San Luis\" \/>\n<meta property=\"og:description\" content=\"Este martes el gobernador Claudio Poggi le tom\u00f3 juramento a la Secretaria de Deportes, Adelaida...\" \/>\n<meta property=\"og:url\" content=\"https:\/\/apuntesdesanluis.com\/index.php\/2024\/10\/15\/asumio-adelaida-muniz-en-deportes-y-juan-pablo-torres-en-inclusion\/\" \/>\n<meta property=\"og:site_name\" content=\"Apuntes de San Luis\" \/>\n<meta property=\"article:published_time\" content=\"2024-10-15T22:25:10+00:00\" \/>\n<meta property=\"article:modified_time\" content=\"2024-10-15T22:27:37+00:00\" \/>\n<meta property=\"og:image\" content=\"https:\/\/apuntesdesanluis.com\/wp-content\/uploads\/2024\/10\/poggi-y-adelaida-e1729031250757.png\" \/>\n\t<meta property=\"og:image:width\" content=\"529\" \/>\n\t<meta property=\"og:image:height\" content=\"353\" \/>\n\t<meta property=\"og:image:type\" content=\"image\/png\" \/>\n<meta name=\"author\" content=\"apuntesdesanluis.com\" \/>\n<meta name=\"twitter:card\" content=\"summary_large_image\" \/>\n<meta name=\"twitter:label1\" content=\"Escrito por\" \/>\n\t<meta name=\"twitter:data1\" content=\"apuntesdesanluis.com\" \/>\n\t<meta name=\"twitter:label2\" content=\"Tiempo de lectura\" \/>\n\t<meta name=\"twitter:data2\" content=\"3 minutos\" \/>\n<script type=\"application\/ld+json\" class=\"yoast-schema-graph\">{\"@context\":\"https:\/\/schema.org\",\"@graph\":[{\"@type\":\"Article\",\"@id\":\"https:\/\/apuntesdesanluis.com\/index.php\/2024\/10\/15\/asumio-adelaida-muniz-en-deportes-y-juan-pablo-torres-en-inclusion\/#article\",\"isPartOf\":{\"@id\":\"https:\/\/apuntesdesanluis.com\/index.php\/2024\/10\/15\/asumio-adelaida-muniz-en-deportes-y-juan-pablo-torres-en-inclusion\/\"},\"author\":{\"name\":\"apuntesdesanluis.com\",\"@id\":\"https:\/\/apuntesdesanluis.com\/#\/schema\/person\/b55151d52296fcce64d1a72538a70b90\"},\"headline\":\"ASUMI\u00d3 ADELAIDA MU\u00d1IZ EN DEPORTES Y JUAN PABLO TORRES EN INCLUSI\u00d3N\",\"datePublished\":\"2024-10-15T22:25:10+00:00\",\"dateModified\":\"2024-10-15T22:27:37+00:00\",\"mainEntityOfPage\":{\"@id\":\"https:\/\/apuntesdesanluis.com\/index.php\/2024\/10\/15\/asumio-adelaida-muniz-en-deportes-y-juan-pablo-torres-en-inclusion\/\"},\"wordCount\":645,\"publisher\":{\"@id\":\"https:\/\/apuntesdesanluis.com\/#\/schema\/person\/b55151d52296fcce64d1a72538a70b90\"},\"image\":{\"@id\":\"https:\/\/apuntesdesanluis.com\/index.php\/2024\/10\/15\/asumio-adelaida-muniz-en-deportes-y-juan-pablo-torres-en-inclusion\/#primaryimage\"},\"thumbnailUrl\":\"https:\/\/apuntesdesanluis.com\/wp-content\/uploads\/2024\/10\/poggi-y-adelaida-e1729031250757.png\",\"articleSection\":[\"Ciudad\/Provincia\"],\"inLanguage\":\"es-AR\"},{\"@type\":\"WebPage\",\"@id\":\"https:\/\/apuntesdesanluis.com\/index.php\/2024\/10\/15\/asumio-adelaida-muniz-en-deportes-y-juan-pablo-torres-en-inclusion\/\",\"url\":\"https:\/\/apuntesdesanluis.com\/index.php\/2024\/10\/15\/asumio-adelaida-muniz-en-deportes-y-juan-pablo-torres-en-inclusion\/\",\"name\":\"ASUMI\u00d3 ADELAIDA MU\u00d1IZ EN DEPORTES Y JUAN PABLO TORRES EN INCLUSI\u00d3N - Apuntes de San Luis\",\"isPartOf\":{\"@id\":\"https:\/\/apuntesdesanluis.com\/#website\"},\"primaryImageOfPage\":{\"@id\":\"https:\/\/apuntesdesanluis.com\/index.php\/2024\/10\/15\/asumio-adelaida-muniz-en-deportes-y-juan-pablo-torres-en-inclusion\/#primaryimage\"},\"image\":{\"@id\":\"https:\/\/apuntesdesanluis.com\/index.php\/2024\/10\/15\/asumio-adelaida-muniz-en-deportes-y-juan-pablo-torres-en-inclusion\/#primaryimage\"},\"thumbnailUrl\":\"https:\/\/apuntesdesanluis.com\/wp-content\/uploads\/2024\/10\/poggi-y-adelaida-e1729031250757.png\",\"datePublished\":\"2024-10-15T22:25:10+00:00\",\"dateModified\":\"2024-10-15T22:27:37+00:00\",\"breadcrumb\":{\"@id\":\"https:\/\/apuntesdesanluis.com\/index.php\/2024\/10\/15\/asumio-adelaida-muniz-en-deportes-y-juan-pablo-torres-en-inclusion\/#breadcrumb\"},\"inLanguage\":\"es-AR\",\"potentialAction\":[{\"@type\":\"ReadAction\",\"target\":[\"https:\/\/apuntesdesanluis.com\/index.php\/2024\/10\/15\/asumio-adelaida-muniz-en-deportes-y-juan-pablo-torres-en-inclusion\/\"]}]},{\"@type\":\"ImageObject\",\"inLanguage\":\"es-AR\",\"@id\":\"https:\/\/apuntesdesanluis.com\/index.php\/2024\/10\/15\/asumio-adelaida-muniz-en-deportes-y-juan-pablo-torres-en-inclusion\/#primaryimage\",\"url\":\"https:\/\/apuntesdesanluis.com\/wp-content\/uploads\/2024\/10\/poggi-y-adelaida-e1729031250757.png\",\"contentUrl\":\"https:\/\/apuntesdesanluis.com\/wp-content\/uploads\/2024\/10\/poggi-y-adelaida-e1729031250757.png\",\"width\":529,\"height\":353},{\"@type\":\"BreadcrumbList\",\"@id\":\"https:\/\/apuntesdesanluis.com\/index.php\/2024\/10\/15\/asumio-adelaida-muniz-en-deportes-y-juan-pablo-torres-en-inclusion\/#breadcrumb\",\"itemListElement\":[{\"@type\":\"ListItem\",\"position\":1,\"name\":\"Inicio\",\"item\":\"https:\/\/apuntesdesanluis.com\/\"},{\"@type\":\"ListItem\",\"position\":2,\"name\":\"ASUMI\u00d3 ADELAIDA MU\u00d1IZ EN DEPORTES Y JUAN PABLO TORRES EN INCLUSI\u00d3N\"}]},{\"@type\":\"WebSite\",\"@id\":\"https:\/\/apuntesdesanluis.com\/#website\",\"url\":\"https:\/\/apuntesdesanluis.com\/\",\"name\":\"Apuntes de San Luis\",\"description\":\"\",\"publisher\":{\"@id\":\"https:\/\/apuntesdesanluis.com\/#\/schema\/person\/b55151d52296fcce64d1a72538a70b90\"},\"potentialAction\":[{\"@type\":\"SearchAction\",\"target\":{\"@type\":\"EntryPoint\",\"urlTemplate\":\"https:\/\/apuntesdesanluis.com\/?s={search_term_string}\"},\"query-input\":{\"@type\":\"PropertyValueSpecification\",\"valueRequired\":true,\"valueName\":\"search_term_string\"}}],\"inLanguage\":\"es-AR\"},{\"@type\":[\"Person\",\"Organization\"],\"@id\":\"https:\/\/apuntesdesanluis.com\/#\/schema\/person\/b55151d52296fcce64d1a72538a70b90\",\"name\":\"apuntesdesanluis.com\",\"image\":{\"@type\":\"ImageObject\",\"inLanguage\":\"es-AR\",\"@id\":\"https:\/\/apuntesdesanluis.com\/#\/schema\/person\/image\/\",\"url\":\"https:\/\/apuntesdesanluis.com\/wp-content\/uploads\/2023\/07\/cropped-apuntesdesanluis.png\",\"contentUrl\":\"https:\/\/apuntesdesanluis.com\/wp-content\/uploads\/2023\/07\/cropped-apuntesdesanluis.png\",\"width\":450,\"height\":112,\"caption\":\"apuntesdesanluis.com\"},\"logo\":{\"@id\":\"https:\/\/apuntesdesanluis.com\/#\/schema\/person\/image\/\"},\"sameAs\":[\"https:\/\/apuntesdesanluis.com\"],\"url\":\"https:\/\/apuntesdesanluis.com\/index.php\/author\/apuntesdesanluis-com\/\"}]}<\/script>\n<!-- \/ Yoast SEO plugin. -->","yoast_head_json":{"title":"ASUMI\u00d3 ADELAIDA MU\u00d1IZ EN DEPORTES Y JUAN PABLO TORRES EN INCLUSI\u00d3N - Apuntes de San Luis","robots":{"index":"index","follow":"follow","max-snippet":"max-snippet:-1","max-image-preview":"max-image-preview:large","max-video-preview":"max-video-preview:-1"},"canonical":"https:\/\/apuntesdesanluis.com\/index.php\/2024\/10\/15\/asumio-adelaida-muniz-en-deportes-y-juan-pablo-torres-en-inclusion\/","og_locale":"es_ES","og_type":"article","og_title":"ASUMI\u00d3 ADELAIDA MU\u00d1IZ EN DEPORTES Y JUAN PABLO TORRES EN INCLUSI\u00d3N - Apuntes de San Luis","og_description":"Este martes el gobernador Claudio Poggi le tom\u00f3 juramento a la Secretaria de Deportes, Adelaida...","og_url":"https:\/\/apuntesdesanluis.com\/index.php\/2024\/10\/15\/asumio-adelaida-muniz-en-deportes-y-juan-pablo-torres-en-inclusion\/","og_site_name":"Apuntes de San Luis","article_published_time":"2024-10-15T22:25:10+00:00","article_modified_time":"2024-10-15T22:27:37+00:00","og_image":[{"width":529,"height":353,"url":"https:\/\/apuntesdesanluis.com\/wp-content\/uploads\/2024\/10\/poggi-y-adelaida-e1729031250757.png","type":"image\/png"}],"author":"apuntesdesanluis.com","twitter_card":"summary_large_image","twitter_misc":{"Escrito por":"apuntesdesanluis.com","Tiempo de lectura":"3 minutos"},"schema":{"@context":"https:\/\/schema.org","@graph":[{"@type":"Article","@id":"https:\/\/apuntesdesanluis.com\/index.php\/2024\/10\/15\/asumio-adelaida-muniz-en-deportes-y-juan-pablo-torres-en-inclusion\/#article","isPartOf":{"@id":"https:\/\/apuntesdesanluis.com\/index.php\/2024\/10\/15\/asumio-adelaida-muniz-en-deportes-y-juan-pablo-torres-en-inclusion\/"},"author":{"name":"apuntesdesanluis.com","@id":"https:\/\/apuntesdesanluis.com\/#\/schema\/person\/b55151d52296fcce64d1a72538a70b90"},"headline":"ASUMI\u00d3 ADELAIDA MU\u00d1IZ EN DEPORTES Y JUAN PABLO TORRES EN INCLUSI\u00d3N","datePublished":"2024-10-15T22:25:10+00:00","dateModified":"2024-10-15T22:27:37+00:00","mainEntityOfPage":{"@id":"https:\/\/apuntesdesanluis.com\/index.php\/2024\/10\/15\/asumio-adelaida-muniz-en-deportes-y-juan-pablo-torres-en-inclusion\/"},"wordCount":645,"publisher":{"@id":"https:\/\/apuntesdesanluis.com\/#\/schema\/person\/b55151d52296fcce64d1a72538a70b90"},"image":{"@id":"https:\/\/apuntesdesanluis.com\/index.php\/2024\/10\/15\/asumio-adelaida-muniz-en-deportes-y-juan-pablo-torres-en-inclusion\/#primaryimage"},"thumbnailUrl":"https:\/\/apuntesdesanluis.com\/wp-content\/uploads\/2024\/10\/poggi-y-adelaida-e1729031250757.png","articleSection":["Ciudad\/Provincia"],"inLanguage":"es-AR"},{"@type":"WebPage","@id":"https:\/\/apuntesdesanluis.com\/index.php\/2024\/10\/15\/asumio-adelaida-muniz-en-deportes-y-juan-pablo-torres-en-inclusion\/","url":"https:\/\/apuntesdesanluis.com\/index.php\/2024\/10\/15\/asumio-adelaida-muniz-en-deportes-y-juan-pablo-torres-en-inclusion\/","name":"ASUMI\u00d3 ADELAIDA MU\u00d1IZ EN DEPORTES Y JUAN PABLO TORRES EN INCLUSI\u00d3N - Apuntes de San Luis","isPartOf":{"@id":"https:\/\/apuntesdesanluis.com\/#website"},"primaryImageOfPage":{"@id":"https:\/\/apuntesdesanluis.com\/index.php\/2024\/10\/15\/asumio-adelaida-muniz-en-deportes-y-juan-pablo-torres-en-inclusion\/#primaryimage"},"image":{"@id":"https:\/\/apuntesdesanluis.com\/index.php\/2024\/10\/15\/asumio-adelaida-muniz-en-deportes-y-juan-pablo-torres-en-inclusion\/#primaryimage"},"thumbnailUrl":"https:\/\/apuntesdesanluis.com\/wp-content\/uploads\/2024\/10\/poggi-y-adelaida-e1729031250757.png","datePublished":"2024-10-15T22:25:10+00:00","dateModified":"2024-10-15T22:27:37+00:00","breadcrumb":{"@id":"https:\/\/apuntesdesanluis.com\/index.php\/2024\/10\/15\/asumio-adelaida-muniz-en-deportes-y-juan-pablo-torres-en-inclusion\/#breadcrumb"},"inLanguage":"es-AR","potentialAction":[{"@type":"ReadAction","target":["https:\/\/apuntesdesanluis.com\/index.php\/2024\/10\/15\/asumio-adelaida-muniz-en-deportes-y-juan-pablo-torres-en-inclusion\/"]}]},{"@type":"ImageObject","inLanguage":"es-AR","@id":"https:\/\/apuntesdesanluis.com\/index.php\/2024\/10\/15\/asumio-adelaida-muniz-en-deportes-y-juan-pablo-torres-en-inclusion\/#primaryimage","url":"https:\/\/apuntesdesanluis.com\/wp-content\/uploads\/2024\/10\/poggi-y-adelaida-e1729031250757.png","contentUrl":"https:\/\/apuntesdesanluis.com\/wp-content\/uploads\/2024\/10\/poggi-y-adelaida-e1729031250757.png","width":529,"height":353},{"@type":"BreadcrumbList","@id":"https:\/\/apuntesdesanluis.com\/index.php\/2024\/10\/15\/asumio-adelaida-muniz-en-deportes-y-juan-pablo-torres-en-inclusion\/#breadcrumb","itemListElement":[{"@type":"ListItem","position":1,"name":"Inicio","item":"https:\/\/apuntesdesanluis.com\/"},{"@type":"ListItem","position":2,"name":"ASUMI\u00d3 ADELAIDA MU\u00d1IZ EN DEPORTES Y JUAN PABLO TORRES EN INCLUSI\u00d3N"}]},{"@type":"WebSite","@id":"https:\/\/apuntesdesanluis.com\/#website","url":"https:\/\/apuntesdesanluis.com\/","name":"Apuntes de San Luis","description":"","publisher":{"@id":"https:\/\/apuntesdesanluis.com\/#\/schema\/person\/b55151d52296fcce64d1a72538a70b90"},"potentialAction":[{"@type":"SearchAction","target":{"@type":"EntryPoint","urlTemplate":"https:\/\/apuntesdesanluis.com\/?s={search_term_string}"},"query-input":{"@type":"PropertyValueSpecification","valueRequired":true,"valueName":"search_term_string"}}],"inLanguage":"es-AR"},{"@type":["Person","Organization"],"@id":"https:\/\/apuntesdesanluis.com\/#\/schema\/person\/b55151d52296fcce64d1a72538a70b90","name":"apuntesdesanluis.com","image":{"@type":"ImageObject","inLanguage":"es-AR","@id":"https:\/\/apuntesdesanluis.com\/#\/schema\/person\/image\/","url":"https:\/\/apuntesdesanluis.com\/wp-content\/uploads\/2023\/07\/cropped-apuntesdesanluis.png","contentUrl":"https:\/\/apuntesdesanluis.com\/wp-content\/uploads\/2023\/07\/cropped-apuntesdesanluis.png","width":450,"height":112,"caption":"apuntesdesanluis.com"},"logo":{"@id":"https:\/\/apuntesdesanluis.com\/#\/schema\/person\/image\/"},"sameAs":["https:\/\/apuntesdesanluis.com"],"url":"https:\/\/apuntesdesanluis.com\/index.php\/author\/apuntesdesanluis-com\/"}]}},"featured_image_urls":{"full":["https:\/\/apuntesdesanluis.com\/wp-content\/uploads\/2024\/10\/poggi-y-adelaida-e1729031250757.png",529,353,false],"thumbnail":["https:\/\/apuntesdesanluis.com\/wp-content\/uploads\/2024\/10\/poggi-y-adelaida-e1729031250757-150x150.png",150,150,true],"medium":["https:\/\/apuntesdesanluis.com\/wp-content\/uploads\/2024\/10\/poggi-y-adelaida-e1729031250757-300x200.png",300,200,true],"medium_large":["https:\/\/apuntesdesanluis.com\/wp-content\/uploads\/2024\/10\/poggi-y-adelaida-e1729031250757.png",529,353,false],"large":["https:\/\/apuntesdesanluis.com\/wp-content\/uploads\/2024\/10\/poggi-y-adelaida-e1729031250757.png",529,353,false],"1536x1536":["https:\/\/apuntesdesanluis.com\/wp-content\/uploads\/2024\/10\/poggi-y-adelaida-e1729031250757.png",529,353,false],"2048x2048":["https:\/\/apuntesdesanluis.com\/wp-content\/uploads\/2024\/10\/poggi-y-adelaida-e1729031250757.png",529,353,false],"newsever-slider-full":["https:\/\/apuntesdesanluis.com\/wp-content\/uploads\/2024\/10\/poggi-y-adelaida-e1729031250757.png",529,353,false],"newsever-featured":["https:\/\/apuntesdesanluis.com\/wp-content\/uploads\/2024\/10\/poggi-y-adelaida-e1729031250757.png",529,353,false],"newsever-medium":["https:\/\/apuntesdesanluis.com\/wp-content\/uploads\/2024\/10\/poggi-y-adelaida-692x475.png",692,475,true]},"author_info":{"display_name":"apuntesdesanluis.com","author_link":"https:\/\/apuntesdesanluis.com\/index.php\/author\/apuntesdesanluis-com\/"},"category_info":"<a href=\"https:\/\/apuntesdesanluis.com\/index.php\/category\/ciudad-provincia\/\" rel=\"category tag\">Ciudad\/Provincia<\/a>","tag_info":"Ciudad\/Provincia","comment_count":"0","_links":{"self":[{"href":"https:\/\/apuntesdesanluis.com\/index.php\/wp-json\/wp\/v2\/posts\/23859","targetHints":{"allow":["GET"]}}],"collection":[{"href":"https:\/\/apuntesdesanluis.com\/index.php\/wp-json\/wp\/v2\/posts"}],"about":[{"href":"https:\/\/apuntesdesanluis.com\/index.php\/wp-json\/wp\/v2\/types\/post"}],"author":[{"embeddable":true,"href":"https:\/\/apuntesdesanluis.com\/index.php\/wp-json\/wp\/v2\/users\/1"}],"replies":[{"embeddable":true,"href":"https:\/\/apuntesdesanluis.com\/index.php\/wp-json\/wp\/v2\/comments?post=23859"}],"version-history":[{"count":1,"href":"https:\/\/apuntesdesanluis.com\/index.php\/wp-json\/wp\/v2\/posts\/23859\/revisions"}],"predecessor-version":[{"id":23861,"href":"https:\/\/apuntesdesanluis.com\/index.php\/wp-json\/wp\/v2\/posts\/23859\/revisions\/23861"}],"wp:featuredmedia":[{"embeddable":true,"href":"https:\/\/apuntesdesanluis.com\/index.php\/wp-json\/wp\/v2\/media\/23860"}],"wp:attachment":[{"href":"https:\/\/apuntesdesanluis.com\/index.php\/wp-json\/wp\/v2\/media?parent=23859"}],"wp:term":[{"taxonomy":"category","embeddable":true,"href":"https:\/\/apuntesdesanluis.com\/index.php\/wp-json\/wp\/v2\/categories?post=23859"},{"taxonomy":"post_tag","embeddable":true,"href":"https:\/\/apuntesdesanluis.com\/index.php\/wp-json\/wp\/v2\/tags?post=23859"}],"curies":[{"name":"wp","href":"https:\/\/api.w.org\/{rel}","templated":true}]}}