{"id":23862,"date":"2024-10-15T19:44:41","date_gmt":"2024-10-15T22:44:41","guid":{"rendered":"https:\/\/apuntesdesanluis.com\/?p=23862"},"modified":"2024-10-15T20:20:28","modified_gmt":"2024-10-15T23:20:28","slug":"unvime-a-pesar-de-la-crisis-el-rector-quiere-pagar-la-deuda-con-la-afip","status":"publish","type":"post","link":"https:\/\/apuntesdesanluis.com\/index.php\/2024\/10\/15\/unvime-a-pesar-de-la-crisis-el-rector-quiere-pagar-la-deuda-con-la-afip\/","title":{"rendered":"UNVIME: A PESAR DE LA CRISIS, EL RECTOR QUIERE PAGAR LA DEUDA CON LA AFIP"},"content":{"rendered":"<h3>En medio del conflicto universitario por la restricci\u00f3n de fondos a las universidades, el rector de la Universidad Nacional de Villa Mercedes (UNViMe), <strong>Marcelo Sosa<\/strong>, convoc\u00f3 sorpresivamente para este mi\u00e9rcoles a una reuni\u00f3n extraordinaria del <strong>Consejo Superior<\/strong>, para que le autorice a pagar la millonaria deuda previsional que mantiene con la <strong>AFIP<\/strong>, contraida por la anterior gesti\u00f3n.<\/h3>\n<h3>La reuni\u00f3n del m\u00e1ximo \u00f3rgano colegiado ser\u00e1 este mi\u00e9rcoles a las 10:15 h, en la extensi\u00f3n \u00e1ulica de barrio Los Poetas.<\/h3>\n<h3>En la oportunidad el Dr. Marcelo Sosa expondr\u00e1 una propuesta de un plan de pagos que permita comenzar a saldar la deuda heredada de la anterior gesti\u00f3n y adoptar medidas de transparencia para evitar que se repita una situaci\u00f3n similar.<\/h3>\n<p><img fetchpriority=\"high\" decoding=\"async\" class=\"wp-image-23863 aligncenter\" src=\"https:\/\/apuntesdesanluis.com\/wp-content\/uploads\/2024\/10\/consejo-superior-unvime-300x172.png\" alt=\"\" width=\"692\" height=\"397\" srcset=\"https:\/\/apuntesdesanluis.com\/wp-content\/uploads\/2024\/10\/consejo-superior-unvime-300x172.png 300w, https:\/\/apuntesdesanluis.com\/wp-content\/uploads\/2024\/10\/consejo-superior-unvime.png 555w\" sizes=\"(max-width: 692px) 100vw, 692px\" \/><\/p>\n<h3>A pesar del dif\u00edcil contexto econ\u00f3mico que atraviesa la universidad, por las restricciones en las transferencias del gobierno nacional, la gesti\u00f3n viene tramitando desde el a\u00f1o pasado un plan de pagos que permita regularizar su situaci\u00f3n ante el organismo recaudador.<\/h3>\n<h3>La deuda previsional con la Administraci\u00f3n Federal de Ingresos P\u00fablicos (AFIP) supera actualmente los 200 millones de pesos, entre capital e intereses, y fue contraida por el anterior rector, <strong>David Rivarola<\/strong>.<\/h3>\n<h3>En ese contexto, para este martes fueron convocadas las Comisiones de Presupuesto y Cuentas y de Interpretaci\u00f3n y Reglamento del Consejo Superior, para analizar la propuesta rectoral y emitir dictamen.<\/h3>\n<h3>En dicha reuni\u00f3n participaron la Secretaria de Hacienda y Administraci\u00f3n, CPN Andrea Cabrera Rodr\u00edguez, y el Asesor Legal, Abog. Juan Manuel Quiroga Lucero. Los mismos brindaron sus respectivos informes sobre la deuda, las intimaciones recibidas por parte de la AFIP, el pago al d\u00eda de las obligaciones previsionales, las propuestas de pago en 6 \u00f3 12 cuotas y los recursos para afrontarlo.<\/h3>\n<h3>Adem\u00e1s, tambi\u00e9n se analizaron \u201cacciones para prevenir y evitar situaciones similares de omisi\u00f3n de pago de aportes y medidas de transparencia\u201d.<\/h3>\n<h3>Seg\u00fan trascendi\u00f3, la decisi\u00f3n del rector obedece al temor que existe en torno a la posibilidad de que la AFIP pueda disponer un embargo de las cuentas de la instituci\u00f3n, que ponga en riesgo el pago de sueldos al personal.<\/h3>\n<h3><strong>ANTECEDENTE<\/strong><\/h3>\n<h3>La millonaria deuda heredada de la anterior gesti\u00f3n, de David Rivarola, fue planteada en reiteradas oportunidades por el Dr. Marcelo Sosa, en cuya gesti\u00f3n incluso se efectu\u00f3 una denuncia penal ante la justicia federal, por incumplimiento en el pago de Contribuciones Patronales.<\/h3>\n<h3>La denuncia penal la formaliz\u00f3 el pasado 15 de mayo ante Fiscal\u00eda Federal el Asesor Legal de la UNViMe, Abog. Juan Manuel Quiroga, y lleva las firmas del Rector Marcelo Sosa y el Vicerrector Santiago Farenga.<\/h3>\n<h3>Como parte de sus deberes de funcionarios p\u00fablicos, las m\u00e1ximas autoridades de nuestra universidad procedieron a impulsar el pedido de investigaci\u00f3n a la justicia, al tomar conocimiento de que, en el periodo comprendido entre los meses de marzo, mayo, junio, julio y agosto del a\u00f1o 2023, la instituci\u00f3n no efectu\u00f3 los pagos correspondientes a las contribuciones de la Seguridad Social de los quinientos cincuenta y un (551) trabajadores dependientes de la Universidad Nacional de Villa Mercedes.<\/h3>\n<p>&nbsp;<\/p>\n<p>&nbsp;<\/p>\n<p>&nbsp;<\/p>\n<p>&nbsp;<\/p>\n<p>&nbsp;<\/p>\n<p>&nbsp;<\/p>\n<p>&nbsp;<\/p>\n<p>&nbsp;<\/p>\n<p>&nbsp;<\/p>\n<p>&nbsp;<\/p>\n","protected":false},"excerpt":{"rendered":"<p>En medio del conflicto universitario por la restricci\u00f3n de fondos a las universidades, el rector&#8230;<\/p>\n","protected":false},"author":1,"featured_media":6883,"comment_status":"closed","ping_status":"closed","sticky":false,"template":"","format":"standard","meta":{"footnotes":""},"categories":[6],"tags":[],"class_list":["post-23862","post","type-post","status-publish","format-standard","has-post-thumbnail","hentry","category-ciudad-provincia"],"yoast_head":"<!-- This site is optimized with the Yoast SEO plugin v26.1.1 - https:\/\/yoast.com\/wordpress\/plugins\/seo\/ -->\n<title>UNVIME: A PESAR DE LA CRISIS, EL RECTOR QUIERE PAGAR LA DEUDA CON LA AFIP - Apuntes de San Luis<\/title>\n<meta name=\"robots\" content=\"index, follow, max-snippet:-1, max-image-preview:large, max-video-preview:-1\" \/>\n<link rel=\"canonical\" href=\"https:\/\/apuntesdesanluis.com\/index.php\/2024\/10\/15\/unvime-a-pesar-de-la-crisis-el-rector-quiere-pagar-la-deuda-con-la-afip\/\" \/>\n<meta property=\"og:locale\" content=\"es_ES\" \/>\n<meta property=\"og:type\" content=\"article\" \/>\n<meta property=\"og:title\" content=\"UNVIME: A PESAR DE LA CRISIS, EL RECTOR QUIERE PAGAR LA DEUDA CON LA AFIP - Apuntes de San Luis\" \/>\n<meta property=\"og:description\" content=\"En medio del conflicto universitario por la restricci\u00f3n de fondos a las universidades, el rector...\" \/>\n<meta property=\"og:url\" content=\"https:\/\/apuntesdesanluis.com\/index.php\/2024\/10\/15\/unvime-a-pesar-de-la-crisis-el-rector-quiere-pagar-la-deuda-con-la-afip\/\" \/>\n<meta property=\"og:site_name\" content=\"Apuntes de San Luis\" \/>\n<meta property=\"article:published_time\" content=\"2024-10-15T22:44:41+00:00\" \/>\n<meta property=\"article:modified_time\" content=\"2024-10-15T23:20:28+00:00\" \/>\n<meta property=\"og:image\" content=\"https:\/\/apuntesdesanluis.com\/wp-content\/uploads\/2023\/11\/rector-marcelo-sosa.png\" \/>\n\t<meta property=\"og:image:width\" content=\"600\" \/>\n\t<meta property=\"og:image:height\" content=\"444\" \/>\n\t<meta property=\"og:image:type\" content=\"image\/png\" \/>\n<meta name=\"author\" content=\"apuntesdesanluis.com\" \/>\n<meta name=\"twitter:card\" content=\"summary_large_image\" \/>\n<meta name=\"twitter:label1\" content=\"Escrito por\" \/>\n\t<meta name=\"twitter:data1\" content=\"apuntesdesanluis.com\" \/>\n\t<meta name=\"twitter:label2\" content=\"Tiempo de lectura\" \/>\n\t<meta name=\"twitter:data2\" content=\"3 minutos\" \/>\n<script type=\"application\/ld+json\" class=\"yoast-schema-graph\">{\"@context\":\"https:\/\/schema.org\",\"@graph\":[{\"@type\":\"Article\",\"@id\":\"https:\/\/apuntesdesanluis.com\/index.php\/2024\/10\/15\/unvime-a-pesar-de-la-crisis-el-rector-quiere-pagar-la-deuda-con-la-afip\/#article\",\"isPartOf\":{\"@id\":\"https:\/\/apuntesdesanluis.com\/index.php\/2024\/10\/15\/unvime-a-pesar-de-la-crisis-el-rector-quiere-pagar-la-deuda-con-la-afip\/\"},\"author\":{\"name\":\"apuntesdesanluis.com\",\"@id\":\"https:\/\/apuntesdesanluis.com\/#\/schema\/person\/b55151d52296fcce64d1a72538a70b90\"},\"headline\":\"UNVIME: A PESAR DE LA CRISIS, EL RECTOR QUIERE PAGAR LA DEUDA CON LA AFIP\",\"datePublished\":\"2024-10-15T22:44:41+00:00\",\"dateModified\":\"2024-10-15T23:20:28+00:00\",\"mainEntityOfPage\":{\"@id\":\"https:\/\/apuntesdesanluis.com\/index.php\/2024\/10\/15\/unvime-a-pesar-de-la-crisis-el-rector-quiere-pagar-la-deuda-con-la-afip\/\"},\"wordCount\":550,\"publisher\":{\"@id\":\"https:\/\/apuntesdesanluis.com\/#\/schema\/person\/b55151d52296fcce64d1a72538a70b90\"},\"image\":{\"@id\":\"https:\/\/apuntesdesanluis.com\/index.php\/2024\/10\/15\/unvime-a-pesar-de-la-crisis-el-rector-quiere-pagar-la-deuda-con-la-afip\/#primaryimage\"},\"thumbnailUrl\":\"https:\/\/apuntesdesanluis.com\/wp-content\/uploads\/2023\/11\/rector-marcelo-sosa.png\",\"articleSection\":[\"Ciudad\/Provincia\"],\"inLanguage\":\"es-AR\"},{\"@type\":\"WebPage\",\"@id\":\"https:\/\/apuntesdesanluis.com\/index.php\/2024\/10\/15\/unvime-a-pesar-de-la-crisis-el-rector-quiere-pagar-la-deuda-con-la-afip\/\",\"url\":\"https:\/\/apuntesdesanluis.com\/index.php\/2024\/10\/15\/unvime-a-pesar-de-la-crisis-el-rector-quiere-pagar-la-deuda-con-la-afip\/\",\"name\":\"UNVIME: A PESAR DE LA CRISIS, EL RECTOR QUIERE PAGAR LA DEUDA CON LA AFIP - Apuntes de San Luis\",\"isPartOf\":{\"@id\":\"https:\/\/apuntesdesanluis.com\/#website\"},\"primaryImageOfPage\":{\"@id\":\"https:\/\/apuntesdesanluis.com\/index.php\/2024\/10\/15\/unvime-a-pesar-de-la-crisis-el-rector-quiere-pagar-la-deuda-con-la-afip\/#primaryimage\"},\"image\":{\"@id\":\"https:\/\/apuntesdesanluis.com\/index.php\/2024\/10\/15\/unvime-a-pesar-de-la-crisis-el-rector-quiere-pagar-la-deuda-con-la-afip\/#primaryimage\"},\"thumbnailUrl\":\"https:\/\/apuntesdesanluis.com\/wp-content\/uploads\/2023\/11\/rector-marcelo-sosa.png\",\"datePublished\":\"2024-10-15T22:44:41+00:00\",\"dateModified\":\"2024-10-15T23:20:28+00:00\",\"breadcrumb\":{\"@id\":\"https:\/\/apuntesdesanluis.com\/index.php\/2024\/10\/15\/unvime-a-pesar-de-la-crisis-el-rector-quiere-pagar-la-deuda-con-la-afip\/#breadcrumb\"},\"inLanguage\":\"es-AR\",\"potentialAction\":[{\"@type\":\"ReadAction\",\"target\":[\"https:\/\/apuntesdesanluis.com\/index.php\/2024\/10\/15\/unvime-a-pesar-de-la-crisis-el-rector-quiere-pagar-la-deuda-con-la-afip\/\"]}]},{\"@type\":\"ImageObject\",\"inLanguage\":\"es-AR\",\"@id\":\"https:\/\/apuntesdesanluis.com\/index.php\/2024\/10\/15\/unvime-a-pesar-de-la-crisis-el-rector-quiere-pagar-la-deuda-con-la-afip\/#primaryimage\",\"url\":\"https:\/\/apuntesdesanluis.com\/wp-content\/uploads\/2023\/11\/rector-marcelo-sosa.png\",\"contentUrl\":\"https:\/\/apuntesdesanluis.com\/wp-content\/uploads\/2023\/11\/rector-marcelo-sosa.png\",\"width\":600,\"height\":444},{\"@type\":\"BreadcrumbList\",\"@id\":\"https:\/\/apuntesdesanluis.com\/index.php\/2024\/10\/15\/unvime-a-pesar-de-la-crisis-el-rector-quiere-pagar-la-deuda-con-la-afip\/#breadcrumb\",\"itemListElement\":[{\"@type\":\"ListItem\",\"position\":1,\"name\":\"Inicio\",\"item\":\"https:\/\/apuntesdesanluis.com\/\"},{\"@type\":\"ListItem\",\"position\":2,\"name\":\"UNVIME: A PESAR DE LA CRISIS, EL RECTOR QUIERE PAGAR LA DEUDA CON LA AFIP\"}]},{\"@type\":\"WebSite\",\"@id\":\"https:\/\/apuntesdesanluis.com\/#website\",\"url\":\"https:\/\/apuntesdesanluis.com\/\",\"name\":\"Apuntes de San Luis\",\"description\":\"\",\"publisher\":{\"@id\":\"https:\/\/apuntesdesanluis.com\/#\/schema\/person\/b55151d52296fcce64d1a72538a70b90\"},\"potentialAction\":[{\"@type\":\"SearchAction\",\"target\":{\"@type\":\"EntryPoint\",\"urlTemplate\":\"https:\/\/apuntesdesanluis.com\/?s={search_term_string}\"},\"query-input\":{\"@type\":\"PropertyValueSpecification\",\"valueRequired\":true,\"valueName\":\"search_term_string\"}}],\"inLanguage\":\"es-AR\"},{\"@type\":[\"Person\",\"Organization\"],\"@id\":\"https:\/\/apuntesdesanluis.com\/#\/schema\/person\/b55151d52296fcce64d1a72538a70b90\",\"name\":\"apuntesdesanluis.com\",\"image\":{\"@type\":\"ImageObject\",\"inLanguage\":\"es-AR\",\"@id\":\"https:\/\/apuntesdesanluis.com\/#\/schema\/person\/image\/\",\"url\":\"https:\/\/apuntesdesanluis.com\/wp-content\/uploads\/2023\/07\/cropped-apuntesdesanluis.png\",\"contentUrl\":\"https:\/\/apuntesdesanluis.com\/wp-content\/uploads\/2023\/07\/cropped-apuntesdesanluis.png\",\"width\":450,\"height\":112,\"caption\":\"apuntesdesanluis.com\"},\"logo\":{\"@id\":\"https:\/\/apuntesdesanluis.com\/#\/schema\/person\/image\/\"},\"sameAs\":[\"https:\/\/apuntesdesanluis.com\"],\"url\":\"https:\/\/apuntesdesanluis.com\/index.php\/author\/apuntesdesanluis-com\/\"}]}<\/script>\n<!-- \/ Yoast SEO plugin. -->","yoast_head_json":{"title":"UNVIME: A PESAR DE LA CRISIS, EL RECTOR QUIERE PAGAR LA DEUDA CON LA AFIP - Apuntes de San Luis","robots":{"index":"index","follow":"follow","max-snippet":"max-snippet:-1","max-image-preview":"max-image-preview:large","max-video-preview":"max-video-preview:-1"},"canonical":"https:\/\/apuntesdesanluis.com\/index.php\/2024\/10\/15\/unvime-a-pesar-de-la-crisis-el-rector-quiere-pagar-la-deuda-con-la-afip\/","og_locale":"es_ES","og_type":"article","og_title":"UNVIME: A PESAR DE LA CRISIS, EL RECTOR QUIERE PAGAR LA DEUDA CON LA AFIP - Apuntes de San Luis","og_description":"En medio del conflicto universitario por la restricci\u00f3n de fondos a las universidades, el rector...","og_url":"https:\/\/apuntesdesanluis.com\/index.php\/2024\/10\/15\/unvime-a-pesar-de-la-crisis-el-rector-quiere-pagar-la-deuda-con-la-afip\/","og_site_name":"Apuntes de San Luis","article_published_time":"2024-10-15T22:44:41+00:00","article_modified_time":"2024-10-15T23:20:28+00:00","og_image":[{"width":600,"height":444,"url":"https:\/\/apuntesdesanluis.com\/wp-content\/uploads\/2023\/11\/rector-marcelo-sosa.png","type":"image\/png"}],"author":"apuntesdesanluis.com","twitter_card":"summary_large_image","twitter_misc":{"Escrito por":"apuntesdesanluis.com","Tiempo de lectura":"3 minutos"},"schema":{"@context":"https:\/\/schema.org","@graph":[{"@type":"Article","@id":"https:\/\/apuntesdesanluis.com\/index.php\/2024\/10\/15\/unvime-a-pesar-de-la-crisis-el-rector-quiere-pagar-la-deuda-con-la-afip\/#article","isPartOf":{"@id":"https:\/\/apuntesdesanluis.com\/index.php\/2024\/10\/15\/unvime-a-pesar-de-la-crisis-el-rector-quiere-pagar-la-deuda-con-la-afip\/"},"author":{"name":"apuntesdesanluis.com","@id":"https:\/\/apuntesdesanluis.com\/#\/schema\/person\/b55151d52296fcce64d1a72538a70b90"},"headline":"UNVIME: A PESAR DE LA CRISIS, EL RECTOR QUIERE PAGAR LA DEUDA CON LA AFIP","datePublished":"2024-10-15T22:44:41+00:00","dateModified":"2024-10-15T23:20:28+00:00","mainEntityOfPage":{"@id":"https:\/\/apuntesdesanluis.com\/index.php\/2024\/10\/15\/unvime-a-pesar-de-la-crisis-el-rector-quiere-pagar-la-deuda-con-la-afip\/"},"wordCount":550,"publisher":{"@id":"https:\/\/apuntesdesanluis.com\/#\/schema\/person\/b55151d52296fcce64d1a72538a70b90"},"image":{"@id":"https:\/\/apuntesdesanluis.com\/index.php\/2024\/10\/15\/unvime-a-pesar-de-la-crisis-el-rector-quiere-pagar-la-deuda-con-la-afip\/#primaryimage"},"thumbnailUrl":"https:\/\/apuntesdesanluis.com\/wp-content\/uploads\/2023\/11\/rector-marcelo-sosa.png","articleSection":["Ciudad\/Provincia"],"inLanguage":"es-AR"},{"@type":"WebPage","@id":"https:\/\/apuntesdesanluis.com\/index.php\/2024\/10\/15\/unvime-a-pesar-de-la-crisis-el-rector-quiere-pagar-la-deuda-con-la-afip\/","url":"https:\/\/apuntesdesanluis.com\/index.php\/2024\/10\/15\/unvime-a-pesar-de-la-crisis-el-rector-quiere-pagar-la-deuda-con-la-afip\/","name":"UNVIME: A PESAR DE LA CRISIS, EL RECTOR QUIERE PAGAR LA DEUDA CON LA AFIP - Apuntes de San Luis","isPartOf":{"@id":"https:\/\/apuntesdesanluis.com\/#website"},"primaryImageOfPage":{"@id":"https:\/\/apuntesdesanluis.com\/index.php\/2024\/10\/15\/unvime-a-pesar-de-la-crisis-el-rector-quiere-pagar-la-deuda-con-la-afip\/#primaryimage"},"image":{"@id":"https:\/\/apuntesdesanluis.com\/index.php\/2024\/10\/15\/unvime-a-pesar-de-la-crisis-el-rector-quiere-pagar-la-deuda-con-la-afip\/#primaryimage"},"thumbnailUrl":"https:\/\/apuntesdesanluis.com\/wp-content\/uploads\/2023\/11\/rector-marcelo-sosa.png","datePublished":"2024-10-15T22:44:41+00:00","dateModified":"2024-10-15T23:20:28+00:00","breadcrumb":{"@id":"https:\/\/apuntesdesanluis.com\/index.php\/2024\/10\/15\/unvime-a-pesar-de-la-crisis-el-rector-quiere-pagar-la-deuda-con-la-afip\/#breadcrumb"},"inLanguage":"es-AR","potentialAction":[{"@type":"ReadAction","target":["https:\/\/apuntesdesanluis.com\/index.php\/2024\/10\/15\/unvime-a-pesar-de-la-crisis-el-rector-quiere-pagar-la-deuda-con-la-afip\/"]}]},{"@type":"ImageObject","inLanguage":"es-AR","@id":"https:\/\/apuntesdesanluis.com\/index.php\/2024\/10\/15\/unvime-a-pesar-de-la-crisis-el-rector-quiere-pagar-la-deuda-con-la-afip\/#primaryimage","url":"https:\/\/apuntesdesanluis.com\/wp-content\/uploads\/2023\/11\/rector-marcelo-sosa.png","contentUrl":"https:\/\/apuntesdesanluis.com\/wp-content\/uploads\/2023\/11\/rector-marcelo-sosa.png","width":600,"height":444},{"@type":"BreadcrumbList","@id":"https:\/\/apuntesdesanluis.com\/index.php\/2024\/10\/15\/unvime-a-pesar-de-la-crisis-el-rector-quiere-pagar-la-deuda-con-la-afip\/#breadcrumb","itemListElement":[{"@type":"ListItem","position":1,"name":"Inicio","item":"https:\/\/apuntesdesanluis.com\/"},{"@type":"ListItem","position":2,"name":"UNVIME: A PESAR DE LA CRISIS, EL RECTOR QUIERE PAGAR LA DEUDA CON LA AFIP"}]},{"@type":"WebSite","@id":"https:\/\/apuntesdesanluis.com\/#website","url":"https:\/\/apuntesdesanluis.com\/","name":"Apuntes de San Luis","description":"","publisher":{"@id":"https:\/\/apuntesdesanluis.com\/#\/schema\/person\/b55151d52296fcce64d1a72538a70b90"},"potentialAction":[{"@type":"SearchAction","target":{"@type":"EntryPoint","urlTemplate":"https:\/\/apuntesdesanluis.com\/?s={search_term_string}"},"query-input":{"@type":"PropertyValueSpecification","valueRequired":true,"valueName":"search_term_string"}}],"inLanguage":"es-AR"},{"@type":["Person","Organization"],"@id":"https:\/\/apuntesdesanluis.com\/#\/schema\/person\/b55151d52296fcce64d1a72538a70b90","name":"apuntesdesanluis.com","image":{"@type":"ImageObject","inLanguage":"es-AR","@id":"https:\/\/apuntesdesanluis.com\/#\/schema\/person\/image\/","url":"https:\/\/apuntesdesanluis.com\/wp-content\/uploads\/2023\/07\/cropped-apuntesdesanluis.png","contentUrl":"https:\/\/apuntesdesanluis.com\/wp-content\/uploads\/2023\/07\/cropped-apuntesdesanluis.png","width":450,"height":112,"caption":"apuntesdesanluis.com"},"logo":{"@id":"https:\/\/apuntesdesanluis.com\/#\/schema\/person\/image\/"},"sameAs":["https:\/\/apuntesdesanluis.com"],"url":"https:\/\/apuntesdesanluis.com\/index.php\/author\/apuntesdesanluis-com\/"}]}},"featured_image_urls":{"full":["https:\/\/apuntesdesanluis.com\/wp-content\/uploads\/2023\/11\/rector-marcelo-sosa.png",600,444,false],"thumbnail":["https:\/\/apuntesdesanluis.com\/wp-content\/uploads\/2023\/11\/rector-marcelo-sosa-150x150.png",150,150,true],"medium":["https:\/\/apuntesdesanluis.com\/wp-content\/uploads\/2023\/11\/rector-marcelo-sosa-300x222.png",300,222,true],"medium_large":["https:\/\/apuntesdesanluis.com\/wp-content\/uploads\/2023\/11\/rector-marcelo-sosa.png",600,444,false],"large":["https:\/\/apuntesdesanluis.com\/wp-content\/uploads\/2023\/11\/rector-marcelo-sosa.png",600,444,false],"1536x1536":["https:\/\/apuntesdesanluis.com\/wp-content\/uploads\/2023\/11\/rector-marcelo-sosa.png",600,444,false],"2048x2048":["https:\/\/apuntesdesanluis.com\/wp-content\/uploads\/2023\/11\/rector-marcelo-sosa.png",600,444,false],"newsever-slider-full":["https:\/\/apuntesdesanluis.com\/wp-content\/uploads\/2023\/11\/rector-marcelo-sosa.png",600,444,false],"newsever-featured":["https:\/\/apuntesdesanluis.com\/wp-content\/uploads\/2023\/11\/rector-marcelo-sosa.png",600,444,false],"newsever-medium":["https:\/\/apuntesdesanluis.com\/wp-content\/uploads\/2023\/11\/rector-marcelo-sosa.png",600,444,false]},"author_info":{"display_name":"apuntesdesanluis.com","author_link":"https:\/\/apuntesdesanluis.com\/index.php\/author\/apuntesdesanluis-com\/"},"category_info":"<a href=\"https:\/\/apuntesdesanluis.com\/index.php\/category\/ciudad-provincia\/\" rel=\"category tag\">Ciudad\/Provincia<\/a>","tag_info":"Ciudad\/Provincia","comment_count":"0","_links":{"self":[{"href":"https:\/\/apuntesdesanluis.com\/index.php\/wp-json\/wp\/v2\/posts\/23862","targetHints":{"allow":["GET"]}}],"collection":[{"href":"https:\/\/apuntesdesanluis.com\/index.php\/wp-json\/wp\/v2\/posts"}],"about":[{"href":"https:\/\/apuntesdesanluis.com\/index.php\/wp-json\/wp\/v2\/types\/post"}],"author":[{"embeddable":true,"href":"https:\/\/apuntesdesanluis.com\/index.php\/wp-json\/wp\/v2\/users\/1"}],"replies":[{"embeddable":true,"href":"https:\/\/apuntesdesanluis.com\/index.php\/wp-json\/wp\/v2\/comments?post=23862"}],"version-history":[{"count":4,"href":"https:\/\/apuntesdesanluis.com\/index.php\/wp-json\/wp\/v2\/posts\/23862\/revisions"}],"predecessor-version":[{"id":23867,"href":"https:\/\/apuntesdesanluis.com\/index.php\/wp-json\/wp\/v2\/posts\/23862\/revisions\/23867"}],"wp:featuredmedia":[{"embeddable":true,"href":"https:\/\/apuntesdesanluis.com\/index.php\/wp-json\/wp\/v2\/media\/6883"}],"wp:attachment":[{"href":"https:\/\/apuntesdesanluis.com\/index.php\/wp-json\/wp\/v2\/media?parent=23862"}],"wp:term":[{"taxonomy":"category","embeddable":true,"href":"https:\/\/apuntesdesanluis.com\/index.php\/wp-json\/wp\/v2\/categories?post=23862"},{"taxonomy":"post_tag","embeddable":true,"href":"https:\/\/apuntesdesanluis.com\/index.php\/wp-json\/wp\/v2\/tags?post=23862"}],"curies":[{"name":"wp","href":"https:\/\/api.w.org\/{rel}","templated":true}]}}