{"id":23872,"date":"2024-10-15T20:49:29","date_gmt":"2024-10-15T23:49:29","guid":{"rendered":"https:\/\/apuntesdesanluis.com\/?p=23872"},"modified":"2024-10-15T20:49:29","modified_gmt":"2024-10-15T23:49:29","slug":"milei-defendio-el-veto-a-las-jubilaciones-y-universidades-vamos-a-resistir-todo-lo-que-haya-que-resistir","status":"publish","type":"post","link":"https:\/\/apuntesdesanluis.com\/index.php\/2024\/10\/15\/milei-defendio-el-veto-a-las-jubilaciones-y-universidades-vamos-a-resistir-todo-lo-que-haya-que-resistir\/","title":{"rendered":"MILEI DEFENDI\u00d3 EL VETO A LAS JUBILACIONES Y UNIVERSIDADES: \u201cVAMOS A RESISTIR TODO LO QUE HAYA QUE RESISTIR\u201d"},"content":{"rendered":"<h3>El presidente <strong>Javier Milei<\/strong> asegur\u00f3 que volver\u00e1 a vetar cualquier ley aprobada por el Congreso que implique un impacto en las cuentas p\u00fablicas y asegur\u00f3, respecto a las universidades, que hay sectores de la pol\u00edtica que \u201cdefienden sus curros\u201d.<\/h3>\n<h3>\u201cEstamos domando a este toro salvaje, vamos a resistir todo lo que haya que resistir\u201d, dijo. Adem\u00e1s, sobre el dictamen de la Procuraci\u00f3n del Tesoro que habilita el control de los fondos presupuestarios para las universidades p\u00fablicas, Milei dispar\u00f3: \u201cLos chorros est\u00e1n en peligro\u201d.<\/h3>\n<h3>El jefe de Estado cerr\u00f3 las Jornadas Monetarias y Bancarias que organiz\u00f3 el Banco Central e hizo un extenso discurso en el que defendi\u00f3 su plan econ\u00f3mico, a lo que le sum\u00f3 una larga exposici\u00f3n sobre teor\u00eda monetaria. Al referirse al equilibrio fiscal, Milei asegur\u00f3: \u201cVamos a resistir todo lo que haya que resistir. Cuando hubo que poner lo que hubo que poner sobre la mesa, jug\u00e1ndosela por el equilibrio fiscal, donde los populistas quer\u00edan rompernos las cuentas p\u00fablicas, independientemente del impacto que eso ten\u00eda en imagen\u201d, plante\u00f3.<\/h3>\n<h3>\u201cEstoy dispuesto a pagar todos los costos que tenga que pagar, si tengo que vetar a los jubilados, a los farsantes que defienden sus curros a trav\u00e9s de la figura de las universidades con grandes mentiras, lo voy a hacer, porque mi compromiso con el equilibrio fiscal es inclaudicable. As\u00ed lo hice\u201d, continu\u00f3 el Presidente.<\/h3>\n<h3>\u00a0\u201cEn ning\u00fan momento se puso en duda la universidad p\u00fablica ni el no arancelamiento (porque gratis no es nada). Si nosotros volv\u00edamos a las andadas nos \u00edbamos a 3.000 de riesgo pa\u00eds, porque empez\u00e1bamos a ceder a las presiones. No vamos a tolerar que nos quiebren el brazo sobre el equilibrio fiscal ni ese da\u00f1o sobre los argentinos por ese grupo de delincuentes que no quieren ser auditados, ahora los vamos a poder auditar, los chorros est\u00e1n en peligro\u201d, dijo sobre el dictamen de la Procuraci\u00f3n del Tesoro que autoriz\u00f3 a la SIGEN a controlar los fondos para las universidades p\u00fablicas.<\/h3>\n<h3><strong>CEPO, INFLACI\u00d3N Y LO QUE VIENE PARA LA ECONOM\u00cdA<\/strong><\/h3>\n<h3>En un discurso de m\u00e1s de una hora, el jefe de Estado habl\u00f3 sobre coyuntura econ\u00f3mica y volvi\u00f3 a reiterar cu\u00e1les son las condiciones para una salida ordenada de los controles cambiarios. Por otra parte, asegur\u00f3 que la inflaci\u00f3n \u201creal\u201d, m\u00e1s all\u00e1 de las cifras que muestra el Indec, viaja a un ritmo de entre 13 y 25 por ciento anual.<\/h3>\n<h3>\u00a0\u201cNo vamos a tolerar que nos quiebren el brazo sobre el equilibrio fiscal ni ese da\u00f1o sobre los argentinos por ese grupo de delincuentes que no quieren ser auditados, ahora los vamos a poder auditar, los chorros est\u00e1n en peligro\u201d (Milei)<\/h3>\n<h3>Antes de referirse al fin del cepo, Milei explic\u00f3 cu\u00e1les son, para \u00e9l, los n\u00fameros verdaderos de suba de precios. \u201cHemos logrado que la inflaci\u00f3n mayorista sea de 2,1%, pasamos de 17.000 a 28% anual. La inflaci\u00f3n minorista, de 1.500% a 30 por ciento. Lo m\u00e1s interesante es que por dise\u00f1o de pol\u00edtica hay una parte de la inflaci\u00f3n que es inflaci\u00f3n inducida, por la tasa de devaluaci\u00f3n pactada y por inflaci\u00f3n importada\u201d, defini\u00f3 en un principio.<\/h3>\n<h3>\u201cLa inflaci\u00f3n verdadera del programa de 1 por ciento. Si yo sacara el crawling (ritmo de devaluaci\u00f3n mensual del tipo de cambio), autom\u00e1ticamente tengo solo 1 por ciento. La inflaci\u00f3n hoy viene viajando al 13% anual. Si lo toman en t\u00e9rminos de IPC y de IPM (inflaci\u00f3n mayorista) y lo corrigen por pauta cambiaria, estamos en inflaci\u00f3n de entre 13 y 25 por ciento\u201d, razon\u00f3.<\/h3>\n<h3>Y en ese sentido, se pregunt\u00f3: \u201c\u00bfCu\u00e1ndo salgo del cepo? El tiempo es de Dios\u201d, se respondi\u00f3, aunque dio alguna pista de qu\u00e9 condiciones deber\u00edan presentarse para que eso suceda. \u201cCuando la inflaci\u00f3n observada tienda a la inflaci\u00f3n inducida, va a desapareciendo la inflaci\u00f3n y el money overhang (excedente monetario) tambi\u00e9n, convergen los tipos de cambio, converge la tasa de inflaci\u00f3n y conforme resuelvo los problemas de stocks y cuando se hace cero, se elimina la oferta de pesos, y puedo abrir el cepo a\u00fan sin d\u00f3lares\u201d, dijo.<\/h3>\n<h3>Y agreg\u00f3, como detalle, que \u201cvoy a un esquema de tipo de cambio flexible\u201d, revel\u00f3. Este \u00faltimo aspecto no hab\u00eda sido explicitado por el equipo econ\u00f3mico o por el presidente, ya que en ocasiones anteriores hab\u00eda planteado que el Gobierno todav\u00eda analizaba si el pr\u00f3ximo paso del esquema cambiario era con tipo de cambio flexible -como el que tuvo por ejemplo el gobierno de Cambiemos sin cepo entre 2016 y los meses anteriores al cambio de gobierno en 2019- o un tipo de cambio fijo.<\/h3>\n<h3>\u201cMientras eso ocurre vamos a seguir resolviendo el problema de los stocks. Es d\u00eda abrimos el cepo, Cu\u00e1ndo no lo s\u00e9 pero cuando se d\u00e9 todo ese conjunto de condiciones. La baja del riesgo pa\u00eds va a implicar tasas de descuento m\u00e1s bajas. Se viene una furia de inversiones y con el RIGI hay anunciadas 50 mil millones de d\u00f3lares de inversiones\u201d, anticip\u00f3 por otra parte el mandatario. \u201cCuando tomemos conciencia de mantener este rumbo, diez veinte o tres a\u00f1os, vamos a estar hablando del milagro econ\u00f3mico argentino\u201d, concluy\u00f3.<\/h3>\n<p>&nbsp;<\/p>\n<p>&nbsp;<\/p>\n<p>&nbsp;<\/p>\n<p>&nbsp;<\/p>\n<p>&nbsp;<\/p>\n<p>&nbsp;<\/p>\n","protected":false},"excerpt":{"rendered":"<p>El presidente Javier Milei asegur\u00f3 que volver\u00e1 a vetar cualquier ley aprobada por el Congreso&#8230;<\/p>\n","protected":false},"author":1,"featured_media":23873,"comment_status":"closed","ping_status":"closed","sticky":false,"template":"","format":"standard","meta":{"footnotes":""},"categories":[5],"tags":[],"class_list":["post-23872","post","type-post","status-publish","format-standard","has-post-thumbnail","hentry","category-nacionales-internacionales"],"yoast_head":"<!-- This site is optimized with the Yoast SEO plugin v26.1.1 - https:\/\/yoast.com\/wordpress\/plugins\/seo\/ -->\n<title>MILEI DEFENDI\u00d3 EL VETO A LAS JUBILACIONES Y UNIVERSIDADES: \u201cVAMOS A RESISTIR TODO LO QUE HAYA QUE RESISTIR\u201d - Apuntes de San Luis<\/title>\n<meta name=\"robots\" content=\"index, follow, max-snippet:-1, max-image-preview:large, max-video-preview:-1\" \/>\n<link rel=\"canonical\" href=\"https:\/\/apuntesdesanluis.com\/index.php\/2024\/10\/15\/milei-defendio-el-veto-a-las-jubilaciones-y-universidades-vamos-a-resistir-todo-lo-que-haya-que-resistir\/\" \/>\n<meta property=\"og:locale\" content=\"es_ES\" \/>\n<meta property=\"og:type\" content=\"article\" \/>\n<meta property=\"og:title\" content=\"MILEI DEFENDI\u00d3 EL VETO A LAS JUBILACIONES Y UNIVERSIDADES: \u201cVAMOS A RESISTIR TODO LO QUE HAYA QUE RESISTIR\u201d - Apuntes de San Luis\" \/>\n<meta property=\"og:description\" content=\"El presidente Javier Milei asegur\u00f3 que volver\u00e1 a vetar cualquier ley aprobada por el Congreso...\" \/>\n<meta property=\"og:url\" content=\"https:\/\/apuntesdesanluis.com\/index.php\/2024\/10\/15\/milei-defendio-el-veto-a-las-jubilaciones-y-universidades-vamos-a-resistir-todo-lo-que-haya-que-resistir\/\" \/>\n<meta property=\"og:site_name\" content=\"Apuntes de San Luis\" \/>\n<meta property=\"article:published_time\" content=\"2024-10-15T23:49:29+00:00\" \/>\n<meta property=\"og:image\" content=\"https:\/\/apuntesdesanluis.com\/wp-content\/uploads\/2024\/10\/milei-4.png\" \/>\n\t<meta property=\"og:image:width\" content=\"601\" \/>\n\t<meta property=\"og:image:height\" content=\"364\" \/>\n\t<meta property=\"og:image:type\" content=\"image\/png\" \/>\n<meta name=\"author\" content=\"apuntesdesanluis.com\" \/>\n<meta name=\"twitter:card\" content=\"summary_large_image\" \/>\n<meta name=\"twitter:label1\" content=\"Escrito por\" \/>\n\t<meta name=\"twitter:data1\" content=\"apuntesdesanluis.com\" \/>\n\t<meta name=\"twitter:label2\" content=\"Tiempo de lectura\" \/>\n\t<meta name=\"twitter:data2\" content=\"5 minutos\" \/>\n<script type=\"application\/ld+json\" class=\"yoast-schema-graph\">{\"@context\":\"https:\/\/schema.org\",\"@graph\":[{\"@type\":\"Article\",\"@id\":\"https:\/\/apuntesdesanluis.com\/index.php\/2024\/10\/15\/milei-defendio-el-veto-a-las-jubilaciones-y-universidades-vamos-a-resistir-todo-lo-que-haya-que-resistir\/#article\",\"isPartOf\":{\"@id\":\"https:\/\/apuntesdesanluis.com\/index.php\/2024\/10\/15\/milei-defendio-el-veto-a-las-jubilaciones-y-universidades-vamos-a-resistir-todo-lo-que-haya-que-resistir\/\"},\"author\":{\"name\":\"apuntesdesanluis.com\",\"@id\":\"https:\/\/apuntesdesanluis.com\/#\/schema\/person\/b55151d52296fcce64d1a72538a70b90\"},\"headline\":\"MILEI DEFENDI\u00d3 EL VETO A LAS JUBILACIONES Y UNIVERSIDADES: \u201cVAMOS A RESISTIR TODO LO QUE HAYA QUE RESISTIR\u201d\",\"datePublished\":\"2024-10-15T23:49:29+00:00\",\"mainEntityOfPage\":{\"@id\":\"https:\/\/apuntesdesanluis.com\/index.php\/2024\/10\/15\/milei-defendio-el-veto-a-las-jubilaciones-y-universidades-vamos-a-resistir-todo-lo-que-haya-que-resistir\/\"},\"wordCount\":922,\"publisher\":{\"@id\":\"https:\/\/apuntesdesanluis.com\/#\/schema\/person\/b55151d52296fcce64d1a72538a70b90\"},\"image\":{\"@id\":\"https:\/\/apuntesdesanluis.com\/index.php\/2024\/10\/15\/milei-defendio-el-veto-a-las-jubilaciones-y-universidades-vamos-a-resistir-todo-lo-que-haya-que-resistir\/#primaryimage\"},\"thumbnailUrl\":\"https:\/\/apuntesdesanluis.com\/wp-content\/uploads\/2024\/10\/milei-4.png\",\"articleSection\":[\"Nacionales\/Internacionales\"],\"inLanguage\":\"es-AR\"},{\"@type\":\"WebPage\",\"@id\":\"https:\/\/apuntesdesanluis.com\/index.php\/2024\/10\/15\/milei-defendio-el-veto-a-las-jubilaciones-y-universidades-vamos-a-resistir-todo-lo-que-haya-que-resistir\/\",\"url\":\"https:\/\/apuntesdesanluis.com\/index.php\/2024\/10\/15\/milei-defendio-el-veto-a-las-jubilaciones-y-universidades-vamos-a-resistir-todo-lo-que-haya-que-resistir\/\",\"name\":\"MILEI DEFENDI\u00d3 EL VETO A LAS JUBILACIONES Y UNIVERSIDADES: \u201cVAMOS A RESISTIR TODO LO QUE HAYA QUE RESISTIR\u201d - Apuntes de San Luis\",\"isPartOf\":{\"@id\":\"https:\/\/apuntesdesanluis.com\/#website\"},\"primaryImageOfPage\":{\"@id\":\"https:\/\/apuntesdesanluis.com\/index.php\/2024\/10\/15\/milei-defendio-el-veto-a-las-jubilaciones-y-universidades-vamos-a-resistir-todo-lo-que-haya-que-resistir\/#primaryimage\"},\"image\":{\"@id\":\"https:\/\/apuntesdesanluis.com\/index.php\/2024\/10\/15\/milei-defendio-el-veto-a-las-jubilaciones-y-universidades-vamos-a-resistir-todo-lo-que-haya-que-resistir\/#primaryimage\"},\"thumbnailUrl\":\"https:\/\/apuntesdesanluis.com\/wp-content\/uploads\/2024\/10\/milei-4.png\",\"datePublished\":\"2024-10-15T23:49:29+00:00\",\"breadcrumb\":{\"@id\":\"https:\/\/apuntesdesanluis.com\/index.php\/2024\/10\/15\/milei-defendio-el-veto-a-las-jubilaciones-y-universidades-vamos-a-resistir-todo-lo-que-haya-que-resistir\/#breadcrumb\"},\"inLanguage\":\"es-AR\",\"potentialAction\":[{\"@type\":\"ReadAction\",\"target\":[\"https:\/\/apuntesdesanluis.com\/index.php\/2024\/10\/15\/milei-defendio-el-veto-a-las-jubilaciones-y-universidades-vamos-a-resistir-todo-lo-que-haya-que-resistir\/\"]}]},{\"@type\":\"ImageObject\",\"inLanguage\":\"es-AR\",\"@id\":\"https:\/\/apuntesdesanluis.com\/index.php\/2024\/10\/15\/milei-defendio-el-veto-a-las-jubilaciones-y-universidades-vamos-a-resistir-todo-lo-que-haya-que-resistir\/#primaryimage\",\"url\":\"https:\/\/apuntesdesanluis.com\/wp-content\/uploads\/2024\/10\/milei-4.png\",\"contentUrl\":\"https:\/\/apuntesdesanluis.com\/wp-content\/uploads\/2024\/10\/milei-4.png\",\"width\":601,\"height\":364},{\"@type\":\"BreadcrumbList\",\"@id\":\"https:\/\/apuntesdesanluis.com\/index.php\/2024\/10\/15\/milei-defendio-el-veto-a-las-jubilaciones-y-universidades-vamos-a-resistir-todo-lo-que-haya-que-resistir\/#breadcrumb\",\"itemListElement\":[{\"@type\":\"ListItem\",\"position\":1,\"name\":\"Inicio\",\"item\":\"https:\/\/apuntesdesanluis.com\/\"},{\"@type\":\"ListItem\",\"position\":2,\"name\":\"MILEI DEFENDI\u00d3 EL VETO A LAS JUBILACIONES Y UNIVERSIDADES: \u201cVAMOS A RESISTIR TODO LO QUE HAYA QUE RESISTIR\u201d\"}]},{\"@type\":\"WebSite\",\"@id\":\"https:\/\/apuntesdesanluis.com\/#website\",\"url\":\"https:\/\/apuntesdesanluis.com\/\",\"name\":\"Apuntes de San Luis\",\"description\":\"\",\"publisher\":{\"@id\":\"https:\/\/apuntesdesanluis.com\/#\/schema\/person\/b55151d52296fcce64d1a72538a70b90\"},\"potentialAction\":[{\"@type\":\"SearchAction\",\"target\":{\"@type\":\"EntryPoint\",\"urlTemplate\":\"https:\/\/apuntesdesanluis.com\/?s={search_term_string}\"},\"query-input\":{\"@type\":\"PropertyValueSpecification\",\"valueRequired\":true,\"valueName\":\"search_term_string\"}}],\"inLanguage\":\"es-AR\"},{\"@type\":[\"Person\",\"Organization\"],\"@id\":\"https:\/\/apuntesdesanluis.com\/#\/schema\/person\/b55151d52296fcce64d1a72538a70b90\",\"name\":\"apuntesdesanluis.com\",\"image\":{\"@type\":\"ImageObject\",\"inLanguage\":\"es-AR\",\"@id\":\"https:\/\/apuntesdesanluis.com\/#\/schema\/person\/image\/\",\"url\":\"https:\/\/apuntesdesanluis.com\/wp-content\/uploads\/2023\/07\/cropped-apuntesdesanluis.png\",\"contentUrl\":\"https:\/\/apuntesdesanluis.com\/wp-content\/uploads\/2023\/07\/cropped-apuntesdesanluis.png\",\"width\":450,\"height\":112,\"caption\":\"apuntesdesanluis.com\"},\"logo\":{\"@id\":\"https:\/\/apuntesdesanluis.com\/#\/schema\/person\/image\/\"},\"sameAs\":[\"https:\/\/apuntesdesanluis.com\"],\"url\":\"https:\/\/apuntesdesanluis.com\/index.php\/author\/apuntesdesanluis-com\/\"}]}<\/script>\n<!-- \/ Yoast SEO plugin. -->","yoast_head_json":{"title":"MILEI DEFENDI\u00d3 EL VETO A LAS JUBILACIONES Y UNIVERSIDADES: \u201cVAMOS A RESISTIR TODO LO QUE HAYA QUE RESISTIR\u201d - Apuntes de San Luis","robots":{"index":"index","follow":"follow","max-snippet":"max-snippet:-1","max-image-preview":"max-image-preview:large","max-video-preview":"max-video-preview:-1"},"canonical":"https:\/\/apuntesdesanluis.com\/index.php\/2024\/10\/15\/milei-defendio-el-veto-a-las-jubilaciones-y-universidades-vamos-a-resistir-todo-lo-que-haya-que-resistir\/","og_locale":"es_ES","og_type":"article","og_title":"MILEI DEFENDI\u00d3 EL VETO A LAS JUBILACIONES Y UNIVERSIDADES: \u201cVAMOS A RESISTIR TODO LO QUE HAYA QUE RESISTIR\u201d - Apuntes de San Luis","og_description":"El presidente Javier Milei asegur\u00f3 que volver\u00e1 a vetar cualquier ley aprobada por el Congreso...","og_url":"https:\/\/apuntesdesanluis.com\/index.php\/2024\/10\/15\/milei-defendio-el-veto-a-las-jubilaciones-y-universidades-vamos-a-resistir-todo-lo-que-haya-que-resistir\/","og_site_name":"Apuntes de San Luis","article_published_time":"2024-10-15T23:49:29+00:00","og_image":[{"width":601,"height":364,"url":"https:\/\/apuntesdesanluis.com\/wp-content\/uploads\/2024\/10\/milei-4.png","type":"image\/png"}],"author":"apuntesdesanluis.com","twitter_card":"summary_large_image","twitter_misc":{"Escrito por":"apuntesdesanluis.com","Tiempo de lectura":"5 minutos"},"schema":{"@context":"https:\/\/schema.org","@graph":[{"@type":"Article","@id":"https:\/\/apuntesdesanluis.com\/index.php\/2024\/10\/15\/milei-defendio-el-veto-a-las-jubilaciones-y-universidades-vamos-a-resistir-todo-lo-que-haya-que-resistir\/#article","isPartOf":{"@id":"https:\/\/apuntesdesanluis.com\/index.php\/2024\/10\/15\/milei-defendio-el-veto-a-las-jubilaciones-y-universidades-vamos-a-resistir-todo-lo-que-haya-que-resistir\/"},"author":{"name":"apuntesdesanluis.com","@id":"https:\/\/apuntesdesanluis.com\/#\/schema\/person\/b55151d52296fcce64d1a72538a70b90"},"headline":"MILEI DEFENDI\u00d3 EL VETO A LAS JUBILACIONES Y UNIVERSIDADES: \u201cVAMOS A RESISTIR TODO LO QUE HAYA QUE RESISTIR\u201d","datePublished":"2024-10-15T23:49:29+00:00","mainEntityOfPage":{"@id":"https:\/\/apuntesdesanluis.com\/index.php\/2024\/10\/15\/milei-defendio-el-veto-a-las-jubilaciones-y-universidades-vamos-a-resistir-todo-lo-que-haya-que-resistir\/"},"wordCount":922,"publisher":{"@id":"https:\/\/apuntesdesanluis.com\/#\/schema\/person\/b55151d52296fcce64d1a72538a70b90"},"image":{"@id":"https:\/\/apuntesdesanluis.com\/index.php\/2024\/10\/15\/milei-defendio-el-veto-a-las-jubilaciones-y-universidades-vamos-a-resistir-todo-lo-que-haya-que-resistir\/#primaryimage"},"thumbnailUrl":"https:\/\/apuntesdesanluis.com\/wp-content\/uploads\/2024\/10\/milei-4.png","articleSection":["Nacionales\/Internacionales"],"inLanguage":"es-AR"},{"@type":"WebPage","@id":"https:\/\/apuntesdesanluis.com\/index.php\/2024\/10\/15\/milei-defendio-el-veto-a-las-jubilaciones-y-universidades-vamos-a-resistir-todo-lo-que-haya-que-resistir\/","url":"https:\/\/apuntesdesanluis.com\/index.php\/2024\/10\/15\/milei-defendio-el-veto-a-las-jubilaciones-y-universidades-vamos-a-resistir-todo-lo-que-haya-que-resistir\/","name":"MILEI DEFENDI\u00d3 EL VETO A LAS JUBILACIONES Y UNIVERSIDADES: \u201cVAMOS A RESISTIR TODO LO QUE HAYA QUE RESISTIR\u201d - Apuntes de San Luis","isPartOf":{"@id":"https:\/\/apuntesdesanluis.com\/#website"},"primaryImageOfPage":{"@id":"https:\/\/apuntesdesanluis.com\/index.php\/2024\/10\/15\/milei-defendio-el-veto-a-las-jubilaciones-y-universidades-vamos-a-resistir-todo-lo-que-haya-que-resistir\/#primaryimage"},"image":{"@id":"https:\/\/apuntesdesanluis.com\/index.php\/2024\/10\/15\/milei-defendio-el-veto-a-las-jubilaciones-y-universidades-vamos-a-resistir-todo-lo-que-haya-que-resistir\/#primaryimage"},"thumbnailUrl":"https:\/\/apuntesdesanluis.com\/wp-content\/uploads\/2024\/10\/milei-4.png","datePublished":"2024-10-15T23:49:29+00:00","breadcrumb":{"@id":"https:\/\/apuntesdesanluis.com\/index.php\/2024\/10\/15\/milei-defendio-el-veto-a-las-jubilaciones-y-universidades-vamos-a-resistir-todo-lo-que-haya-que-resistir\/#breadcrumb"},"inLanguage":"es-AR","potentialAction":[{"@type":"ReadAction","target":["https:\/\/apuntesdesanluis.com\/index.php\/2024\/10\/15\/milei-defendio-el-veto-a-las-jubilaciones-y-universidades-vamos-a-resistir-todo-lo-que-haya-que-resistir\/"]}]},{"@type":"ImageObject","inLanguage":"es-AR","@id":"https:\/\/apuntesdesanluis.com\/index.php\/2024\/10\/15\/milei-defendio-el-veto-a-las-jubilaciones-y-universidades-vamos-a-resistir-todo-lo-que-haya-que-resistir\/#primaryimage","url":"https:\/\/apuntesdesanluis.com\/wp-content\/uploads\/2024\/10\/milei-4.png","contentUrl":"https:\/\/apuntesdesanluis.com\/wp-content\/uploads\/2024\/10\/milei-4.png","width":601,"height":364},{"@type":"BreadcrumbList","@id":"https:\/\/apuntesdesanluis.com\/index.php\/2024\/10\/15\/milei-defendio-el-veto-a-las-jubilaciones-y-universidades-vamos-a-resistir-todo-lo-que-haya-que-resistir\/#breadcrumb","itemListElement":[{"@type":"ListItem","position":1,"name":"Inicio","item":"https:\/\/apuntesdesanluis.com\/"},{"@type":"ListItem","position":2,"name":"MILEI DEFENDI\u00d3 EL VETO A LAS JUBILACIONES Y UNIVERSIDADES: \u201cVAMOS A RESISTIR TODO LO QUE HAYA QUE RESISTIR\u201d"}]},{"@type":"WebSite","@id":"https:\/\/apuntesdesanluis.com\/#website","url":"https:\/\/apuntesdesanluis.com\/","name":"Apuntes de San Luis","description":"","publisher":{"@id":"https:\/\/apuntesdesanluis.com\/#\/schema\/person\/b55151d52296fcce64d1a72538a70b90"},"potentialAction":[{"@type":"SearchAction","target":{"@type":"EntryPoint","urlTemplate":"https:\/\/apuntesdesanluis.com\/?s={search_term_string}"},"query-input":{"@type":"PropertyValueSpecification","valueRequired":true,"valueName":"search_term_string"}}],"inLanguage":"es-AR"},{"@type":["Person","Organization"],"@id":"https:\/\/apuntesdesanluis.com\/#\/schema\/person\/b55151d52296fcce64d1a72538a70b90","name":"apuntesdesanluis.com","image":{"@type":"ImageObject","inLanguage":"es-AR","@id":"https:\/\/apuntesdesanluis.com\/#\/schema\/person\/image\/","url":"https:\/\/apuntesdesanluis.com\/wp-content\/uploads\/2023\/07\/cropped-apuntesdesanluis.png","contentUrl":"https:\/\/apuntesdesanluis.com\/wp-content\/uploads\/2023\/07\/cropped-apuntesdesanluis.png","width":450,"height":112,"caption":"apuntesdesanluis.com"},"logo":{"@id":"https:\/\/apuntesdesanluis.com\/#\/schema\/person\/image\/"},"sameAs":["https:\/\/apuntesdesanluis.com"],"url":"https:\/\/apuntesdesanluis.com\/index.php\/author\/apuntesdesanluis-com\/"}]}},"featured_image_urls":{"full":["https:\/\/apuntesdesanluis.com\/wp-content\/uploads\/2024\/10\/milei-4.png",601,364,false],"thumbnail":["https:\/\/apuntesdesanluis.com\/wp-content\/uploads\/2024\/10\/milei-4-150x150.png",150,150,true],"medium":["https:\/\/apuntesdesanluis.com\/wp-content\/uploads\/2024\/10\/milei-4-300x182.png",300,182,true],"medium_large":["https:\/\/apuntesdesanluis.com\/wp-content\/uploads\/2024\/10\/milei-4.png",601,364,false],"large":["https:\/\/apuntesdesanluis.com\/wp-content\/uploads\/2024\/10\/milei-4.png",601,364,false],"1536x1536":["https:\/\/apuntesdesanluis.com\/wp-content\/uploads\/2024\/10\/milei-4.png",601,364,false],"2048x2048":["https:\/\/apuntesdesanluis.com\/wp-content\/uploads\/2024\/10\/milei-4.png",601,364,false],"newsever-slider-full":["https:\/\/apuntesdesanluis.com\/wp-content\/uploads\/2024\/10\/milei-4.png",601,364,false],"newsever-featured":["https:\/\/apuntesdesanluis.com\/wp-content\/uploads\/2024\/10\/milei-4.png",601,364,false],"newsever-medium":["https:\/\/apuntesdesanluis.com\/wp-content\/uploads\/2024\/10\/milei-4.png",601,364,false]},"author_info":{"display_name":"apuntesdesanluis.com","author_link":"https:\/\/apuntesdesanluis.com\/index.php\/author\/apuntesdesanluis-com\/"},"category_info":"<a href=\"https:\/\/apuntesdesanluis.com\/index.php\/category\/nacionales-internacionales\/\" rel=\"category tag\">Nacionales\/Internacionales<\/a>","tag_info":"Nacionales\/Internacionales","comment_count":"0","_links":{"self":[{"href":"https:\/\/apuntesdesanluis.com\/index.php\/wp-json\/wp\/v2\/posts\/23872","targetHints":{"allow":["GET"]}}],"collection":[{"href":"https:\/\/apuntesdesanluis.com\/index.php\/wp-json\/wp\/v2\/posts"}],"about":[{"href":"https:\/\/apuntesdesanluis.com\/index.php\/wp-json\/wp\/v2\/types\/post"}],"author":[{"embeddable":true,"href":"https:\/\/apuntesdesanluis.com\/index.php\/wp-json\/wp\/v2\/users\/1"}],"replies":[{"embeddable":true,"href":"https:\/\/apuntesdesanluis.com\/index.php\/wp-json\/wp\/v2\/comments?post=23872"}],"version-history":[{"count":1,"href":"https:\/\/apuntesdesanluis.com\/index.php\/wp-json\/wp\/v2\/posts\/23872\/revisions"}],"predecessor-version":[{"id":23874,"href":"https:\/\/apuntesdesanluis.com\/index.php\/wp-json\/wp\/v2\/posts\/23872\/revisions\/23874"}],"wp:featuredmedia":[{"embeddable":true,"href":"https:\/\/apuntesdesanluis.com\/index.php\/wp-json\/wp\/v2\/media\/23873"}],"wp:attachment":[{"href":"https:\/\/apuntesdesanluis.com\/index.php\/wp-json\/wp\/v2\/media?parent=23872"}],"wp:term":[{"taxonomy":"category","embeddable":true,"href":"https:\/\/apuntesdesanluis.com\/index.php\/wp-json\/wp\/v2\/categories?post=23872"},{"taxonomy":"post_tag","embeddable":true,"href":"https:\/\/apuntesdesanluis.com\/index.php\/wp-json\/wp\/v2\/tags?post=23872"}],"curies":[{"name":"wp","href":"https:\/\/api.w.org\/{rel}","templated":true}]}}