{"id":23909,"date":"2024-10-16T18:19:30","date_gmt":"2024-10-16T21:19:30","guid":{"rendered":"https:\/\/apuntesdesanluis.com\/?p=23909"},"modified":"2024-10-16T18:19:30","modified_gmt":"2024-10-16T21:19:30","slug":"estudian-genes-asociados-a-la-celiaquia-en-la-poblacion-de-la-ciudad-de-san-luis","status":"publish","type":"post","link":"https:\/\/apuntesdesanluis.com\/index.php\/2024\/10\/16\/estudian-genes-asociados-a-la-celiaquia-en-la-poblacion-de-la-ciudad-de-san-luis\/","title":{"rendered":"ESTUDIAN GENES ASOCIADOS A LA CELIAQU\u00cdA EN LA POBLACI\u00d3N DE LA CIUDAD DE SAN LUIS"},"content":{"rendered":"<h3>A trav\u00e9s de una pasant\u00eda acad\u00e9mica cient\u00edfica en el Laboratorio de Desarrollo de Diagn\u00f3sticos Moleculares de la <strong>Universidad Nacional de San Luis (UNSL)<\/strong>, <strong>Camila Romero <\/strong>se propuso estudiar la tipificaci\u00f3n de genes asociados a la celiaqu\u00eda en la poblaci\u00f3n de la ciudad de San Luis.<\/h3>\n<h3>El estudio se realiz\u00f3 empleando un protocolo novedoso, existente en el Laboratorio, a trav\u00e9s de un an\u00e1lisis PCR en tiempo real con saliva. El objetivo fue identificar qu\u00e9 genotipificaci\u00f3n se encuentra en los habitantes de la Ciudad que padecen la enfermedad.<\/h3>\n<h3>Camila cursa el \u00faltimo a\u00f1o de la carrera Licenciatura en Biolog\u00eda Molecular de la Facultad de Qu\u00edmica, Bioqu\u00edmica y Farmacia (FQByF) y este a\u00f1o realiz\u00f3 una pasant\u00eda enmarcada en el proyecto de investigaci\u00f3n Estudio evolutivo de familias proteicas que dirige el doctor Maximiliano Juri Ayub, director del Laboratorio de Desarrollo de Diagn\u00f3sticos Moleculares. Con el asesoramiento profesional del Laboratorio, analiz\u00f3 muestras que le permitieron identificar la tipificaci\u00f3n de genes y compararlo con otras poblaciones (principalmente europeas) encontradas por bibliograf\u00eda cient\u00edfica.<\/h3>\n<h3><img fetchpriority=\"high\" decoding=\"async\" class=\"wp-image-23911 aligncenter\" src=\"https:\/\/apuntesdesanluis.com\/wp-content\/uploads\/2024\/10\/CAMILA-300x241.png\" alt=\"\" width=\"627\" height=\"504\" srcset=\"https:\/\/apuntesdesanluis.com\/wp-content\/uploads\/2024\/10\/CAMILA-300x241.png 300w, https:\/\/apuntesdesanluis.com\/wp-content\/uploads\/2024\/10\/CAMILA.png 572w\" sizes=\"(max-width: 627px) 100vw, 627px\" \/><\/h3>\n<h3>Como lo describe su trabajo cient\u00edfico la enfermedad cel\u00edaca es una patolog\u00eda autoinmune gatillada por la ingesta de gluten en personas que poseen una predisposici\u00f3n gen\u00e9tica. Se ha descripto que el principal factor de riesgo gen\u00e9tico es el alelo HLA-DQB1*02, perteneciente al complejo mayor de histocompatibilidad. En diferentes estudios poblacionales se ha reportado que m\u00e1s del 90% de las personas con celiaqu\u00eda son portadoras de este alelo, por lo que se ha postulado su genotipificaci\u00f3n como una herramienta de tamizaje gen\u00e9tico para la estratificaci\u00f3n de riesgo. Seg\u00fan resalt\u00f3 Camila se trabaj\u00f3 para detectar el alelo DQB1*02 y el alelo DQB1*03:02, para determinar la frecuencia de ambos.<\/h3>\n<h3>La estudiante explic\u00f3 que en la poblaci\u00f3n europea hay un alelo particular que es DQB1*02 que se encuentra en m\u00e1s del 90% de la poblaci\u00f3n, que en las muestras de San Luis no se encuentra en tanta proporci\u00f3n. Remarc\u00f3 que el alelo presente en las muestras estudiadas el m\u00e1s frecuente es el DQB1*03:02. \u00abQuiz\u00e1s estas diferencias pueden darse por el estilo y calidad de vida en cada una de estas zonas geogr\u00e1ficas, pero no nos focalizamos en estudiar esta hip\u00f3tesis\u00bb, aclar\u00f3.<\/h3>\n<h3>\u00abDesde el Laboratorio se hab\u00eda encontrado que en otros pa\u00edses (ciudades europeas) hab\u00eda ciertos genes que podr\u00edan predisponer a la enfermedad cel\u00edaca. Entonces, lo que quisimos ver era si estas variantes de los genes tambi\u00e9n se cumpl\u00edan en la poblaci\u00f3n de San Luis (\u2026) Vimos que hab\u00eda mucha diferencia entre la genotipificaci\u00f3n entre ambas poblaciones, que no eran los mismos, por ende, no podemos utilizar esos datos obtenidos para diagnosticar a la gente en nuestra poblaci\u00f3n\u00bb, dijo.<\/h3>\n<h3><img decoding=\"async\" class=\"wp-image-23912 aligncenter\" src=\"https:\/\/apuntesdesanluis.com\/wp-content\/uploads\/2024\/10\/CAMILA-ENTREVISTA-300x224.png\" alt=\"\" width=\"658\" height=\"491\" srcset=\"https:\/\/apuntesdesanluis.com\/wp-content\/uploads\/2024\/10\/CAMILA-ENTREVISTA-300x224.png 300w, https:\/\/apuntesdesanluis.com\/wp-content\/uploads\/2024\/10\/CAMILA-ENTREVISTA.png 560w\" sizes=\"(max-width: 658px) 100vw, 658px\" \/><\/h3>\n<h3>Camila sostuvo que a las muestras se las provey\u00f3 una profesional bioqu\u00edmica que trabaja en salud p\u00fablica provincial. Las obtuvieron a principio de a\u00f1o y en el transcurso de tres (3) meses se pudieron genotipificar y se obtuvieron los resultados. \u00abNosotros no podemos diagnosticar la celiaqu\u00eda, sino que podemos informar si en las muestras de saliva que se estudian, est\u00e1n presentes estos genes que predisponen la enfermedad\u00bb, cont\u00f3.<\/h3>\n<h3><strong>EXPERIENCIA INTERNACIONAL<\/strong><\/h3>\n<h3>Con esta investigaci\u00f3n Camila Romero representar\u00e1 a la Universidad Nacional de San Luis (UNSL) en la jornada internacional de j\u00f3venes investigadores que se realizar\u00e1n en el mes de noviembre en Uruguay. \u00abEstos son mis primeros pasos en mi camino de investigadora. Es una experiencia que me permite hacer un antecedente y vivir una experiencia internacional en investigaci\u00f3n cient\u00edfica\u00bb, concluy\u00f3.<\/h3>\n<p>&nbsp;<\/p>\n<p>&nbsp;<\/p>\n<p>&nbsp;<\/p>\n<p>&nbsp;<\/p>\n<p>&nbsp;<\/p>\n<p>&nbsp;<\/p>\n","protected":false},"excerpt":{"rendered":"<p>A trav\u00e9s de una pasant\u00eda acad\u00e9mica cient\u00edfica en el Laboratorio de Desarrollo de Diagn\u00f3sticos Moleculares&#8230;<\/p>\n","protected":false},"author":1,"featured_media":23910,"comment_status":"closed","ping_status":"closed","sticky":false,"template":"","format":"standard","meta":{"footnotes":""},"categories":[6],"tags":[],"class_list":["post-23909","post","type-post","status-publish","format-standard","has-post-thumbnail","hentry","category-ciudad-provincia"],"yoast_head":"<!-- This site is optimized with the Yoast SEO plugin v26.1.1 - https:\/\/yoast.com\/wordpress\/plugins\/seo\/ -->\n<title>ESTUDIAN GENES ASOCIADOS A LA CELIAQU\u00cdA EN LA POBLACI\u00d3N DE LA CIUDAD DE SAN LUIS - Apuntes de San Luis<\/title>\n<meta name=\"robots\" content=\"index, follow, max-snippet:-1, max-image-preview:large, max-video-preview:-1\" \/>\n<link rel=\"canonical\" href=\"https:\/\/apuntesdesanluis.com\/index.php\/2024\/10\/16\/estudian-genes-asociados-a-la-celiaquia-en-la-poblacion-de-la-ciudad-de-san-luis\/\" \/>\n<meta property=\"og:locale\" content=\"es_ES\" \/>\n<meta property=\"og:type\" content=\"article\" \/>\n<meta property=\"og:title\" content=\"ESTUDIAN GENES ASOCIADOS A LA CELIAQU\u00cdA EN LA POBLACI\u00d3N DE LA CIUDAD DE SAN LUIS - Apuntes de San Luis\" \/>\n<meta property=\"og:description\" content=\"A trav\u00e9s de una pasant\u00eda acad\u00e9mica cient\u00edfica en el Laboratorio de Desarrollo de Diagn\u00f3sticos Moleculares...\" \/>\n<meta property=\"og:url\" content=\"https:\/\/apuntesdesanluis.com\/index.php\/2024\/10\/16\/estudian-genes-asociados-a-la-celiaquia-en-la-poblacion-de-la-ciudad-de-san-luis\/\" \/>\n<meta property=\"og:site_name\" content=\"Apuntes de San Luis\" \/>\n<meta property=\"article:published_time\" content=\"2024-10-16T21:19:30+00:00\" \/>\n<meta property=\"og:image\" content=\"https:\/\/apuntesdesanluis.com\/wp-content\/uploads\/2024\/10\/CAMILA-ROMERO.png\" \/>\n\t<meta property=\"og:image:width\" content=\"616\" \/>\n\t<meta property=\"og:image:height\" content=\"382\" \/>\n\t<meta property=\"og:image:type\" content=\"image\/png\" \/>\n<meta name=\"author\" content=\"apuntesdesanluis.com\" \/>\n<meta name=\"twitter:card\" content=\"summary_large_image\" \/>\n<meta name=\"twitter:label1\" content=\"Escrito por\" \/>\n\t<meta name=\"twitter:data1\" content=\"apuntesdesanluis.com\" \/>\n\t<meta name=\"twitter:label2\" content=\"Tiempo de lectura\" \/>\n\t<meta name=\"twitter:data2\" content=\"4 minutos\" \/>\n<script type=\"application\/ld+json\" class=\"yoast-schema-graph\">{\"@context\":\"https:\/\/schema.org\",\"@graph\":[{\"@type\":\"Article\",\"@id\":\"https:\/\/apuntesdesanluis.com\/index.php\/2024\/10\/16\/estudian-genes-asociados-a-la-celiaquia-en-la-poblacion-de-la-ciudad-de-san-luis\/#article\",\"isPartOf\":{\"@id\":\"https:\/\/apuntesdesanluis.com\/index.php\/2024\/10\/16\/estudian-genes-asociados-a-la-celiaquia-en-la-poblacion-de-la-ciudad-de-san-luis\/\"},\"author\":{\"name\":\"apuntesdesanluis.com\",\"@id\":\"https:\/\/apuntesdesanluis.com\/#\/schema\/person\/b55151d52296fcce64d1a72538a70b90\"},\"headline\":\"ESTUDIAN GENES ASOCIADOS A LA CELIAQU\u00cdA EN LA POBLACI\u00d3N DE LA CIUDAD DE SAN LUIS\",\"datePublished\":\"2024-10-16T21:19:30+00:00\",\"mainEntityOfPage\":{\"@id\":\"https:\/\/apuntesdesanluis.com\/index.php\/2024\/10\/16\/estudian-genes-asociados-a-la-celiaquia-en-la-poblacion-de-la-ciudad-de-san-luis\/\"},\"wordCount\":641,\"publisher\":{\"@id\":\"https:\/\/apuntesdesanluis.com\/#\/schema\/person\/b55151d52296fcce64d1a72538a70b90\"},\"image\":{\"@id\":\"https:\/\/apuntesdesanluis.com\/index.php\/2024\/10\/16\/estudian-genes-asociados-a-la-celiaquia-en-la-poblacion-de-la-ciudad-de-san-luis\/#primaryimage\"},\"thumbnailUrl\":\"https:\/\/apuntesdesanluis.com\/wp-content\/uploads\/2024\/10\/CAMILA-ROMERO.png\",\"articleSection\":[\"Ciudad\/Provincia\"],\"inLanguage\":\"es-AR\"},{\"@type\":\"WebPage\",\"@id\":\"https:\/\/apuntesdesanluis.com\/index.php\/2024\/10\/16\/estudian-genes-asociados-a-la-celiaquia-en-la-poblacion-de-la-ciudad-de-san-luis\/\",\"url\":\"https:\/\/apuntesdesanluis.com\/index.php\/2024\/10\/16\/estudian-genes-asociados-a-la-celiaquia-en-la-poblacion-de-la-ciudad-de-san-luis\/\",\"name\":\"ESTUDIAN GENES ASOCIADOS A LA CELIAQU\u00cdA EN LA POBLACI\u00d3N DE LA CIUDAD DE SAN LUIS - Apuntes de San Luis\",\"isPartOf\":{\"@id\":\"https:\/\/apuntesdesanluis.com\/#website\"},\"primaryImageOfPage\":{\"@id\":\"https:\/\/apuntesdesanluis.com\/index.php\/2024\/10\/16\/estudian-genes-asociados-a-la-celiaquia-en-la-poblacion-de-la-ciudad-de-san-luis\/#primaryimage\"},\"image\":{\"@id\":\"https:\/\/apuntesdesanluis.com\/index.php\/2024\/10\/16\/estudian-genes-asociados-a-la-celiaquia-en-la-poblacion-de-la-ciudad-de-san-luis\/#primaryimage\"},\"thumbnailUrl\":\"https:\/\/apuntesdesanluis.com\/wp-content\/uploads\/2024\/10\/CAMILA-ROMERO.png\",\"datePublished\":\"2024-10-16T21:19:30+00:00\",\"breadcrumb\":{\"@id\":\"https:\/\/apuntesdesanluis.com\/index.php\/2024\/10\/16\/estudian-genes-asociados-a-la-celiaquia-en-la-poblacion-de-la-ciudad-de-san-luis\/#breadcrumb\"},\"inLanguage\":\"es-AR\",\"potentialAction\":[{\"@type\":\"ReadAction\",\"target\":[\"https:\/\/apuntesdesanluis.com\/index.php\/2024\/10\/16\/estudian-genes-asociados-a-la-celiaquia-en-la-poblacion-de-la-ciudad-de-san-luis\/\"]}]},{\"@type\":\"ImageObject\",\"inLanguage\":\"es-AR\",\"@id\":\"https:\/\/apuntesdesanluis.com\/index.php\/2024\/10\/16\/estudian-genes-asociados-a-la-celiaquia-en-la-poblacion-de-la-ciudad-de-san-luis\/#primaryimage\",\"url\":\"https:\/\/apuntesdesanluis.com\/wp-content\/uploads\/2024\/10\/CAMILA-ROMERO.png\",\"contentUrl\":\"https:\/\/apuntesdesanluis.com\/wp-content\/uploads\/2024\/10\/CAMILA-ROMERO.png\",\"width\":616,\"height\":382},{\"@type\":\"BreadcrumbList\",\"@id\":\"https:\/\/apuntesdesanluis.com\/index.php\/2024\/10\/16\/estudian-genes-asociados-a-la-celiaquia-en-la-poblacion-de-la-ciudad-de-san-luis\/#breadcrumb\",\"itemListElement\":[{\"@type\":\"ListItem\",\"position\":1,\"name\":\"Inicio\",\"item\":\"https:\/\/apuntesdesanluis.com\/\"},{\"@type\":\"ListItem\",\"position\":2,\"name\":\"ESTUDIAN GENES ASOCIADOS A LA CELIAQU\u00cdA EN LA POBLACI\u00d3N DE LA CIUDAD DE SAN LUIS\"}]},{\"@type\":\"WebSite\",\"@id\":\"https:\/\/apuntesdesanluis.com\/#website\",\"url\":\"https:\/\/apuntesdesanluis.com\/\",\"name\":\"Apuntes de San Luis\",\"description\":\"\",\"publisher\":{\"@id\":\"https:\/\/apuntesdesanluis.com\/#\/schema\/person\/b55151d52296fcce64d1a72538a70b90\"},\"potentialAction\":[{\"@type\":\"SearchAction\",\"target\":{\"@type\":\"EntryPoint\",\"urlTemplate\":\"https:\/\/apuntesdesanluis.com\/?s={search_term_string}\"},\"query-input\":{\"@type\":\"PropertyValueSpecification\",\"valueRequired\":true,\"valueName\":\"search_term_string\"}}],\"inLanguage\":\"es-AR\"},{\"@type\":[\"Person\",\"Organization\"],\"@id\":\"https:\/\/apuntesdesanluis.com\/#\/schema\/person\/b55151d52296fcce64d1a72538a70b90\",\"name\":\"apuntesdesanluis.com\",\"image\":{\"@type\":\"ImageObject\",\"inLanguage\":\"es-AR\",\"@id\":\"https:\/\/apuntesdesanluis.com\/#\/schema\/person\/image\/\",\"url\":\"https:\/\/apuntesdesanluis.com\/wp-content\/uploads\/2023\/07\/cropped-apuntesdesanluis.png\",\"contentUrl\":\"https:\/\/apuntesdesanluis.com\/wp-content\/uploads\/2023\/07\/cropped-apuntesdesanluis.png\",\"width\":450,\"height\":112,\"caption\":\"apuntesdesanluis.com\"},\"logo\":{\"@id\":\"https:\/\/apuntesdesanluis.com\/#\/schema\/person\/image\/\"},\"sameAs\":[\"https:\/\/apuntesdesanluis.com\"],\"url\":\"https:\/\/apuntesdesanluis.com\/index.php\/author\/apuntesdesanluis-com\/\"}]}<\/script>\n<!-- \/ Yoast SEO plugin. -->","yoast_head_json":{"title":"ESTUDIAN GENES ASOCIADOS A LA CELIAQU\u00cdA EN LA POBLACI\u00d3N DE LA CIUDAD DE SAN LUIS - Apuntes de San Luis","robots":{"index":"index","follow":"follow","max-snippet":"max-snippet:-1","max-image-preview":"max-image-preview:large","max-video-preview":"max-video-preview:-1"},"canonical":"https:\/\/apuntesdesanluis.com\/index.php\/2024\/10\/16\/estudian-genes-asociados-a-la-celiaquia-en-la-poblacion-de-la-ciudad-de-san-luis\/","og_locale":"es_ES","og_type":"article","og_title":"ESTUDIAN GENES ASOCIADOS A LA CELIAQU\u00cdA EN LA POBLACI\u00d3N DE LA CIUDAD DE SAN LUIS - Apuntes de San Luis","og_description":"A trav\u00e9s de una pasant\u00eda acad\u00e9mica cient\u00edfica en el Laboratorio de Desarrollo de Diagn\u00f3sticos Moleculares...","og_url":"https:\/\/apuntesdesanluis.com\/index.php\/2024\/10\/16\/estudian-genes-asociados-a-la-celiaquia-en-la-poblacion-de-la-ciudad-de-san-luis\/","og_site_name":"Apuntes de San Luis","article_published_time":"2024-10-16T21:19:30+00:00","og_image":[{"width":616,"height":382,"url":"https:\/\/apuntesdesanluis.com\/wp-content\/uploads\/2024\/10\/CAMILA-ROMERO.png","type":"image\/png"}],"author":"apuntesdesanluis.com","twitter_card":"summary_large_image","twitter_misc":{"Escrito por":"apuntesdesanluis.com","Tiempo de lectura":"4 minutos"},"schema":{"@context":"https:\/\/schema.org","@graph":[{"@type":"Article","@id":"https:\/\/apuntesdesanluis.com\/index.php\/2024\/10\/16\/estudian-genes-asociados-a-la-celiaquia-en-la-poblacion-de-la-ciudad-de-san-luis\/#article","isPartOf":{"@id":"https:\/\/apuntesdesanluis.com\/index.php\/2024\/10\/16\/estudian-genes-asociados-a-la-celiaquia-en-la-poblacion-de-la-ciudad-de-san-luis\/"},"author":{"name":"apuntesdesanluis.com","@id":"https:\/\/apuntesdesanluis.com\/#\/schema\/person\/b55151d52296fcce64d1a72538a70b90"},"headline":"ESTUDIAN GENES ASOCIADOS A LA CELIAQU\u00cdA EN LA POBLACI\u00d3N DE LA CIUDAD DE SAN LUIS","datePublished":"2024-10-16T21:19:30+00:00","mainEntityOfPage":{"@id":"https:\/\/apuntesdesanluis.com\/index.php\/2024\/10\/16\/estudian-genes-asociados-a-la-celiaquia-en-la-poblacion-de-la-ciudad-de-san-luis\/"},"wordCount":641,"publisher":{"@id":"https:\/\/apuntesdesanluis.com\/#\/schema\/person\/b55151d52296fcce64d1a72538a70b90"},"image":{"@id":"https:\/\/apuntesdesanluis.com\/index.php\/2024\/10\/16\/estudian-genes-asociados-a-la-celiaquia-en-la-poblacion-de-la-ciudad-de-san-luis\/#primaryimage"},"thumbnailUrl":"https:\/\/apuntesdesanluis.com\/wp-content\/uploads\/2024\/10\/CAMILA-ROMERO.png","articleSection":["Ciudad\/Provincia"],"inLanguage":"es-AR"},{"@type":"WebPage","@id":"https:\/\/apuntesdesanluis.com\/index.php\/2024\/10\/16\/estudian-genes-asociados-a-la-celiaquia-en-la-poblacion-de-la-ciudad-de-san-luis\/","url":"https:\/\/apuntesdesanluis.com\/index.php\/2024\/10\/16\/estudian-genes-asociados-a-la-celiaquia-en-la-poblacion-de-la-ciudad-de-san-luis\/","name":"ESTUDIAN GENES ASOCIADOS A LA CELIAQU\u00cdA EN LA POBLACI\u00d3N DE LA CIUDAD DE SAN LUIS - Apuntes de San Luis","isPartOf":{"@id":"https:\/\/apuntesdesanluis.com\/#website"},"primaryImageOfPage":{"@id":"https:\/\/apuntesdesanluis.com\/index.php\/2024\/10\/16\/estudian-genes-asociados-a-la-celiaquia-en-la-poblacion-de-la-ciudad-de-san-luis\/#primaryimage"},"image":{"@id":"https:\/\/apuntesdesanluis.com\/index.php\/2024\/10\/16\/estudian-genes-asociados-a-la-celiaquia-en-la-poblacion-de-la-ciudad-de-san-luis\/#primaryimage"},"thumbnailUrl":"https:\/\/apuntesdesanluis.com\/wp-content\/uploads\/2024\/10\/CAMILA-ROMERO.png","datePublished":"2024-10-16T21:19:30+00:00","breadcrumb":{"@id":"https:\/\/apuntesdesanluis.com\/index.php\/2024\/10\/16\/estudian-genes-asociados-a-la-celiaquia-en-la-poblacion-de-la-ciudad-de-san-luis\/#breadcrumb"},"inLanguage":"es-AR","potentialAction":[{"@type":"ReadAction","target":["https:\/\/apuntesdesanluis.com\/index.php\/2024\/10\/16\/estudian-genes-asociados-a-la-celiaquia-en-la-poblacion-de-la-ciudad-de-san-luis\/"]}]},{"@type":"ImageObject","inLanguage":"es-AR","@id":"https:\/\/apuntesdesanluis.com\/index.php\/2024\/10\/16\/estudian-genes-asociados-a-la-celiaquia-en-la-poblacion-de-la-ciudad-de-san-luis\/#primaryimage","url":"https:\/\/apuntesdesanluis.com\/wp-content\/uploads\/2024\/10\/CAMILA-ROMERO.png","contentUrl":"https:\/\/apuntesdesanluis.com\/wp-content\/uploads\/2024\/10\/CAMILA-ROMERO.png","width":616,"height":382},{"@type":"BreadcrumbList","@id":"https:\/\/apuntesdesanluis.com\/index.php\/2024\/10\/16\/estudian-genes-asociados-a-la-celiaquia-en-la-poblacion-de-la-ciudad-de-san-luis\/#breadcrumb","itemListElement":[{"@type":"ListItem","position":1,"name":"Inicio","item":"https:\/\/apuntesdesanluis.com\/"},{"@type":"ListItem","position":2,"name":"ESTUDIAN GENES ASOCIADOS A LA CELIAQU\u00cdA EN LA POBLACI\u00d3N DE LA CIUDAD DE SAN LUIS"}]},{"@type":"WebSite","@id":"https:\/\/apuntesdesanluis.com\/#website","url":"https:\/\/apuntesdesanluis.com\/","name":"Apuntes de San Luis","description":"","publisher":{"@id":"https:\/\/apuntesdesanluis.com\/#\/schema\/person\/b55151d52296fcce64d1a72538a70b90"},"potentialAction":[{"@type":"SearchAction","target":{"@type":"EntryPoint","urlTemplate":"https:\/\/apuntesdesanluis.com\/?s={search_term_string}"},"query-input":{"@type":"PropertyValueSpecification","valueRequired":true,"valueName":"search_term_string"}}],"inLanguage":"es-AR"},{"@type":["Person","Organization"],"@id":"https:\/\/apuntesdesanluis.com\/#\/schema\/person\/b55151d52296fcce64d1a72538a70b90","name":"apuntesdesanluis.com","image":{"@type":"ImageObject","inLanguage":"es-AR","@id":"https:\/\/apuntesdesanluis.com\/#\/schema\/person\/image\/","url":"https:\/\/apuntesdesanluis.com\/wp-content\/uploads\/2023\/07\/cropped-apuntesdesanluis.png","contentUrl":"https:\/\/apuntesdesanluis.com\/wp-content\/uploads\/2023\/07\/cropped-apuntesdesanluis.png","width":450,"height":112,"caption":"apuntesdesanluis.com"},"logo":{"@id":"https:\/\/apuntesdesanluis.com\/#\/schema\/person\/image\/"},"sameAs":["https:\/\/apuntesdesanluis.com"],"url":"https:\/\/apuntesdesanluis.com\/index.php\/author\/apuntesdesanluis-com\/"}]}},"featured_image_urls":{"full":["https:\/\/apuntesdesanluis.com\/wp-content\/uploads\/2024\/10\/CAMILA-ROMERO.png",616,382,false],"thumbnail":["https:\/\/apuntesdesanluis.com\/wp-content\/uploads\/2024\/10\/CAMILA-ROMERO-150x150.png",150,150,true],"medium":["https:\/\/apuntesdesanluis.com\/wp-content\/uploads\/2024\/10\/CAMILA-ROMERO-300x186.png",300,186,true],"medium_large":["https:\/\/apuntesdesanluis.com\/wp-content\/uploads\/2024\/10\/CAMILA-ROMERO.png",616,382,false],"large":["https:\/\/apuntesdesanluis.com\/wp-content\/uploads\/2024\/10\/CAMILA-ROMERO.png",616,382,false],"1536x1536":["https:\/\/apuntesdesanluis.com\/wp-content\/uploads\/2024\/10\/CAMILA-ROMERO.png",616,382,false],"2048x2048":["https:\/\/apuntesdesanluis.com\/wp-content\/uploads\/2024\/10\/CAMILA-ROMERO.png",616,382,false],"newsever-slider-full":["https:\/\/apuntesdesanluis.com\/wp-content\/uploads\/2024\/10\/CAMILA-ROMERO.png",616,382,false],"newsever-featured":["https:\/\/apuntesdesanluis.com\/wp-content\/uploads\/2024\/10\/CAMILA-ROMERO.png",616,382,false],"newsever-medium":["https:\/\/apuntesdesanluis.com\/wp-content\/uploads\/2024\/10\/CAMILA-ROMERO.png",616,382,false]},"author_info":{"display_name":"apuntesdesanluis.com","author_link":"https:\/\/apuntesdesanluis.com\/index.php\/author\/apuntesdesanluis-com\/"},"category_info":"<a href=\"https:\/\/apuntesdesanluis.com\/index.php\/category\/ciudad-provincia\/\" rel=\"category tag\">Ciudad\/Provincia<\/a>","tag_info":"Ciudad\/Provincia","comment_count":"0","_links":{"self":[{"href":"https:\/\/apuntesdesanluis.com\/index.php\/wp-json\/wp\/v2\/posts\/23909","targetHints":{"allow":["GET"]}}],"collection":[{"href":"https:\/\/apuntesdesanluis.com\/index.php\/wp-json\/wp\/v2\/posts"}],"about":[{"href":"https:\/\/apuntesdesanluis.com\/index.php\/wp-json\/wp\/v2\/types\/post"}],"author":[{"embeddable":true,"href":"https:\/\/apuntesdesanluis.com\/index.php\/wp-json\/wp\/v2\/users\/1"}],"replies":[{"embeddable":true,"href":"https:\/\/apuntesdesanluis.com\/index.php\/wp-json\/wp\/v2\/comments?post=23909"}],"version-history":[{"count":1,"href":"https:\/\/apuntesdesanluis.com\/index.php\/wp-json\/wp\/v2\/posts\/23909\/revisions"}],"predecessor-version":[{"id":23913,"href":"https:\/\/apuntesdesanluis.com\/index.php\/wp-json\/wp\/v2\/posts\/23909\/revisions\/23913"}],"wp:featuredmedia":[{"embeddable":true,"href":"https:\/\/apuntesdesanluis.com\/index.php\/wp-json\/wp\/v2\/media\/23910"}],"wp:attachment":[{"href":"https:\/\/apuntesdesanluis.com\/index.php\/wp-json\/wp\/v2\/media?parent=23909"}],"wp:term":[{"taxonomy":"category","embeddable":true,"href":"https:\/\/apuntesdesanluis.com\/index.php\/wp-json\/wp\/v2\/categories?post=23909"},{"taxonomy":"post_tag","embeddable":true,"href":"https:\/\/apuntesdesanluis.com\/index.php\/wp-json\/wp\/v2\/tags?post=23909"}],"curies":[{"name":"wp","href":"https:\/\/api.w.org\/{rel}","templated":true}]}}