{"id":23917,"date":"2024-10-16T19:12:20","date_gmt":"2024-10-16T22:12:20","guid":{"rendered":"https:\/\/apuntesdesanluis.com\/?p=23917"},"modified":"2024-10-16T19:12:51","modified_gmt":"2024-10-16T22:12:51","slug":"merlo-vuelve-a-vibrar-con-la-fiesta-nacional-valle-del-sol","status":"publish","type":"post","link":"https:\/\/apuntesdesanluis.com\/index.php\/2024\/10\/16\/merlo-vuelve-a-vibrar-con-la-fiesta-nacional-valle-del-sol\/","title":{"rendered":"MERLO VUELVE A VIBRAR CON LA \u201cFIESTA NACIONAL VALLE DEL SOL\u201d"},"content":{"rendered":"<h3>Este <strong>viernes 18 y s\u00e1bado 19<\/strong> se celebra la <strong>51\u00b0 edici\u00f3n de la m\u00e1xima fiesta del Valle del Conlara<\/strong>, que tendr\u00e1 lugar en el Balneario Municipal, ubicado en Av. del Deporte y El Cipr\u00e9s, y contar\u00e1 con la presencia de destacados artistas nacionales y locales.<\/h3>\n<h3>El Indio <strong>Lucio Rojas<\/strong>, <strong>La Barra<\/strong>, <strong>Algarroba.com<\/strong> y <strong>Mama Yuca<\/strong> son las grandes figuras de la Fiesta junto a una gran variedad de artistas locales.<\/h3>\n<h3>Comprometido con la sostenibilidad, el Municipio merlino ha implementado diversas iniciativas para reducir el impacto ambiental en sus eventos. Desde la 50\u00b0 edici\u00f3n de la Fiesta Nacional Valle del Sol, se introdujo el sistema de <strong>ecovasos reutilizables<\/strong>, una medida que busca minimizar el uso de pl\u00e1sticos descartables y fomentar el consumo responsable. Este a\u00f1o, se continuar\u00e1 con esta propuesta, reafirmando el compromiso del municipio con el cuidado del medio ambiente, promoviendo una cultura m\u00e1s consciente y sostenible entre los asistentes.<\/h3>\n<p><img fetchpriority=\"high\" decoding=\"async\" class=\"wp-image-23920 aligncenter\" src=\"https:\/\/apuntesdesanluis.com\/wp-content\/uploads\/2024\/10\/barra-e-indio-280x300.png\" alt=\"\" width=\"560\" height=\"600\" srcset=\"https:\/\/apuntesdesanluis.com\/wp-content\/uploads\/2024\/10\/barra-e-indio-280x300.png 280w, https:\/\/apuntesdesanluis.com\/wp-content\/uploads\/2024\/10\/barra-e-indio-768x824.png 768w, https:\/\/apuntesdesanluis.com\/wp-content\/uploads\/2024\/10\/barra-e-indio.png 809w\" sizes=\"(max-width: 560px) 100vw, 560px\" \/><\/p>\n<h3>La venta <strong>de entradas <\/strong>se realiza con dos opciones para brindar mayor accesibilidad y rapidez: <strong>presencial <\/strong>en la Casa del Poeta (Poeta Ag\u00fcero 380) de 8 a 20 hs. o a trav\u00e9s de la <a href=\"https:\/\/entradalibre.com.ar\/municipalidad-merlo-san-luis\/eventer\/merlo-18-y-19-octubre-51-fiesta-nacional-valle-del-sol\/?fbclid=IwY2xjawF6FAZleHRuA2FlbQIxMAABHY101gQp2FKDcXSHlvsQPCv9jZr2jiRW6FCnWf8FC6gNpqRjXvihv_CVAQ_aem_0GEGi5fFNr_XBRt5ZnOVLg\"><strong>plataforma<\/strong><\/a> <a href=\"https:\/\/entradalibre.com.ar\/municipalidad-merlo-san-luis\/eventer\/merlo-18-y-19-octubre-51-fiesta-nacional-valle-del-sol\/?fbclid=IwY2xjawF6FAZleHRuA2FlbQIxMAABHY101gQp2FKDcXSHlvsQPCv9jZr2jiRW6FCnWf8FC6gNpqRjXvihv_CVAQ_aem_0GEGi5fFNr_XBRt5ZnOVLg\"><strong>online<\/strong><\/a>. Menores de 12 a\u00f1os no abonan.<\/h3>\n<h3>Cabe destacar que las <strong>personas con discapacidad, presentando su Certificado \u00danico de Discapacidad (CUD), podr\u00e1n ingresar de manera gratuita con un acompa\u00f1ante.<\/strong><\/h3>\n<h3>A partir de las 20 hs. la m\u00fasica y la danza se fusionan en el escenario mayor \u201cAntonio Esteban Ag\u00fcero\u201d para brindar dos noches inolvidables.<\/h3>\n<h3><strong>VIERNES 18 <\/strong><\/h3>\n<ul>\n<li>\n<h3>Daniel Gonzalez<\/h3>\n<\/li>\n<li>\n<h3>Las Voces de Merlo<\/h3>\n<\/li>\n<li>\n<h3>Argentina es una Danza<\/h3>\n<\/li>\n<li>\n<h3>Bramidos<\/h3>\n<\/li>\n<li>\n<h3>Norma Ferrer<\/h3>\n<\/li>\n<li>\n<h3>Aldemaro<\/h3>\n<\/li>\n<li>\n<h3>Mart\u00edn Aldasoro y Laura Ludue\u00f1a<\/h3>\n<\/li>\n<li>\n<h3>El Ventarr\u00f3n<\/h3>\n<\/li>\n<li>\n<h3>Arambaleba<\/h3>\n<\/li>\n<li>\n<h3>Origen<\/h3>\n<\/li>\n<li>\n<h3>El Salta y las lindas<\/h3>\n<\/li>\n<li>\n<h3>Tinkuy<\/h3>\n<\/li>\n<li>\n<h3>Mama Yuca<\/h3>\n<\/li>\n<li>\n<h3><strong>La Barra<\/strong><\/h3>\n<\/li>\n<\/ul>\n<h3><strong>S\u00c1BADO 19 <\/strong><\/h3>\n<ul>\n<li>\n<h3>Rub\u00e9n Gallardo<\/h3>\n<\/li>\n<li>\n<h3>Del Mate<\/h3>\n<\/li>\n<li>\n<h3>Salamanca<\/h3>\n<\/li>\n<li>\n<h3>Ricardo Aguilera y Am\u00e9rico Moroso<\/h3>\n<\/li>\n<li>\n<h3>Llastay<\/h3>\n<\/li>\n<li>\n<h3>Astiyas del mismo palo<\/h3>\n<\/li>\n<li>\n<h3>Grito de mi Tierra<\/h3>\n<\/li>\n<li>\n<h3>Herencia Chamamecera<\/h3>\n<\/li>\n<li>\n<h3><strong>Algarroba.com<\/strong><\/h3>\n<\/li>\n<li>\n<h3><strong>Indio Lucio Rojas<\/strong><\/h3>\n<\/li>\n<li>\n<h3>Banda Sabor<\/h3>\n<\/li>\n<\/ul>\n<p>&nbsp;<\/p>\n<p>&nbsp;<\/p>\n","protected":false},"excerpt":{"rendered":"<p>Este viernes 18 y s\u00e1bado 19 se celebra la 51\u00b0 edici\u00f3n de la m\u00e1xima fiesta&#8230;<\/p>\n","protected":false},"author":1,"featured_media":23919,"comment_status":"closed","ping_status":"closed","sticky":false,"template":"","format":"standard","meta":{"footnotes":""},"categories":[6],"tags":[],"class_list":["post-23917","post","type-post","status-publish","format-standard","has-post-thumbnail","hentry","category-ciudad-provincia"],"yoast_head":"<!-- This site is optimized with the Yoast SEO plugin v26.1.1 - https:\/\/yoast.com\/wordpress\/plugins\/seo\/ -->\n<title>MERLO VUELVE A VIBRAR CON LA \u201cFIESTA NACIONAL VALLE DEL SOL\u201d - Apuntes de San Luis<\/title>\n<meta name=\"robots\" content=\"index, follow, max-snippet:-1, max-image-preview:large, max-video-preview:-1\" \/>\n<link rel=\"canonical\" href=\"https:\/\/apuntesdesanluis.com\/index.php\/2024\/10\/16\/merlo-vuelve-a-vibrar-con-la-fiesta-nacional-valle-del-sol\/\" \/>\n<meta property=\"og:locale\" content=\"es_ES\" \/>\n<meta property=\"og:type\" content=\"article\" \/>\n<meta property=\"og:title\" content=\"MERLO VUELVE A VIBRAR CON LA \u201cFIESTA NACIONAL VALLE DEL SOL\u201d - Apuntes de San Luis\" \/>\n<meta property=\"og:description\" content=\"Este viernes 18 y s\u00e1bado 19 se celebra la 51\u00b0 edici\u00f3n de la m\u00e1xima fiesta...\" \/>\n<meta property=\"og:url\" content=\"https:\/\/apuntesdesanluis.com\/index.php\/2024\/10\/16\/merlo-vuelve-a-vibrar-con-la-fiesta-nacional-valle-del-sol\/\" \/>\n<meta property=\"og:site_name\" content=\"Apuntes de San Luis\" \/>\n<meta property=\"article:published_time\" content=\"2024-10-16T22:12:20+00:00\" \/>\n<meta property=\"article:modified_time\" content=\"2024-10-16T22:12:51+00:00\" \/>\n<meta property=\"og:image\" content=\"https:\/\/apuntesdesanluis.com\/wp-content\/uploads\/2024\/10\/fiesta-valle-del-sol.png\" \/>\n\t<meta property=\"og:image:width\" content=\"799\" \/>\n\t<meta property=\"og:image:height\" content=\"448\" \/>\n\t<meta property=\"og:image:type\" content=\"image\/png\" \/>\n<meta name=\"author\" content=\"apuntesdesanluis.com\" \/>\n<meta name=\"twitter:card\" content=\"summary_large_image\" \/>\n<meta name=\"twitter:label1\" content=\"Escrito por\" \/>\n\t<meta name=\"twitter:data1\" content=\"apuntesdesanluis.com\" \/>\n\t<meta name=\"twitter:label2\" content=\"Tiempo de lectura\" \/>\n\t<meta name=\"twitter:data2\" content=\"2 minutos\" \/>\n<script type=\"application\/ld+json\" class=\"yoast-schema-graph\">{\"@context\":\"https:\/\/schema.org\",\"@graph\":[{\"@type\":\"Article\",\"@id\":\"https:\/\/apuntesdesanluis.com\/index.php\/2024\/10\/16\/merlo-vuelve-a-vibrar-con-la-fiesta-nacional-valle-del-sol\/#article\",\"isPartOf\":{\"@id\":\"https:\/\/apuntesdesanluis.com\/index.php\/2024\/10\/16\/merlo-vuelve-a-vibrar-con-la-fiesta-nacional-valle-del-sol\/\"},\"author\":{\"name\":\"apuntesdesanluis.com\",\"@id\":\"https:\/\/apuntesdesanluis.com\/#\/schema\/person\/b55151d52296fcce64d1a72538a70b90\"},\"headline\":\"MERLO VUELVE A VIBRAR CON LA \u201cFIESTA NACIONAL VALLE DEL SOL\u201d\",\"datePublished\":\"2024-10-16T22:12:20+00:00\",\"dateModified\":\"2024-10-16T22:12:51+00:00\",\"mainEntityOfPage\":{\"@id\":\"https:\/\/apuntesdesanluis.com\/index.php\/2024\/10\/16\/merlo-vuelve-a-vibrar-con-la-fiesta-nacional-valle-del-sol\/\"},\"wordCount\":328,\"publisher\":{\"@id\":\"https:\/\/apuntesdesanluis.com\/#\/schema\/person\/b55151d52296fcce64d1a72538a70b90\"},\"image\":{\"@id\":\"https:\/\/apuntesdesanluis.com\/index.php\/2024\/10\/16\/merlo-vuelve-a-vibrar-con-la-fiesta-nacional-valle-del-sol\/#primaryimage\"},\"thumbnailUrl\":\"https:\/\/apuntesdesanluis.com\/wp-content\/uploads\/2024\/10\/fiesta-valle-del-sol.png\",\"articleSection\":[\"Ciudad\/Provincia\"],\"inLanguage\":\"es-AR\"},{\"@type\":\"WebPage\",\"@id\":\"https:\/\/apuntesdesanluis.com\/index.php\/2024\/10\/16\/merlo-vuelve-a-vibrar-con-la-fiesta-nacional-valle-del-sol\/\",\"url\":\"https:\/\/apuntesdesanluis.com\/index.php\/2024\/10\/16\/merlo-vuelve-a-vibrar-con-la-fiesta-nacional-valle-del-sol\/\",\"name\":\"MERLO VUELVE A VIBRAR CON LA \u201cFIESTA NACIONAL VALLE DEL SOL\u201d - Apuntes de San Luis\",\"isPartOf\":{\"@id\":\"https:\/\/apuntesdesanluis.com\/#website\"},\"primaryImageOfPage\":{\"@id\":\"https:\/\/apuntesdesanluis.com\/index.php\/2024\/10\/16\/merlo-vuelve-a-vibrar-con-la-fiesta-nacional-valle-del-sol\/#primaryimage\"},\"image\":{\"@id\":\"https:\/\/apuntesdesanluis.com\/index.php\/2024\/10\/16\/merlo-vuelve-a-vibrar-con-la-fiesta-nacional-valle-del-sol\/#primaryimage\"},\"thumbnailUrl\":\"https:\/\/apuntesdesanluis.com\/wp-content\/uploads\/2024\/10\/fiesta-valle-del-sol.png\",\"datePublished\":\"2024-10-16T22:12:20+00:00\",\"dateModified\":\"2024-10-16T22:12:51+00:00\",\"breadcrumb\":{\"@id\":\"https:\/\/apuntesdesanluis.com\/index.php\/2024\/10\/16\/merlo-vuelve-a-vibrar-con-la-fiesta-nacional-valle-del-sol\/#breadcrumb\"},\"inLanguage\":\"es-AR\",\"potentialAction\":[{\"@type\":\"ReadAction\",\"target\":[\"https:\/\/apuntesdesanluis.com\/index.php\/2024\/10\/16\/merlo-vuelve-a-vibrar-con-la-fiesta-nacional-valle-del-sol\/\"]}]},{\"@type\":\"ImageObject\",\"inLanguage\":\"es-AR\",\"@id\":\"https:\/\/apuntesdesanluis.com\/index.php\/2024\/10\/16\/merlo-vuelve-a-vibrar-con-la-fiesta-nacional-valle-del-sol\/#primaryimage\",\"url\":\"https:\/\/apuntesdesanluis.com\/wp-content\/uploads\/2024\/10\/fiesta-valle-del-sol.png\",\"contentUrl\":\"https:\/\/apuntesdesanluis.com\/wp-content\/uploads\/2024\/10\/fiesta-valle-del-sol.png\",\"width\":799,\"height\":448},{\"@type\":\"BreadcrumbList\",\"@id\":\"https:\/\/apuntesdesanluis.com\/index.php\/2024\/10\/16\/merlo-vuelve-a-vibrar-con-la-fiesta-nacional-valle-del-sol\/#breadcrumb\",\"itemListElement\":[{\"@type\":\"ListItem\",\"position\":1,\"name\":\"Inicio\",\"item\":\"https:\/\/apuntesdesanluis.com\/\"},{\"@type\":\"ListItem\",\"position\":2,\"name\":\"MERLO VUELVE A VIBRAR CON LA \u201cFIESTA NACIONAL VALLE DEL SOL\u201d\"}]},{\"@type\":\"WebSite\",\"@id\":\"https:\/\/apuntesdesanluis.com\/#website\",\"url\":\"https:\/\/apuntesdesanluis.com\/\",\"name\":\"Apuntes de San Luis\",\"description\":\"\",\"publisher\":{\"@id\":\"https:\/\/apuntesdesanluis.com\/#\/schema\/person\/b55151d52296fcce64d1a72538a70b90\"},\"potentialAction\":[{\"@type\":\"SearchAction\",\"target\":{\"@type\":\"EntryPoint\",\"urlTemplate\":\"https:\/\/apuntesdesanluis.com\/?s={search_term_string}\"},\"query-input\":{\"@type\":\"PropertyValueSpecification\",\"valueRequired\":true,\"valueName\":\"search_term_string\"}}],\"inLanguage\":\"es-AR\"},{\"@type\":[\"Person\",\"Organization\"],\"@id\":\"https:\/\/apuntesdesanluis.com\/#\/schema\/person\/b55151d52296fcce64d1a72538a70b90\",\"name\":\"apuntesdesanluis.com\",\"image\":{\"@type\":\"ImageObject\",\"inLanguage\":\"es-AR\",\"@id\":\"https:\/\/apuntesdesanluis.com\/#\/schema\/person\/image\/\",\"url\":\"https:\/\/apuntesdesanluis.com\/wp-content\/uploads\/2023\/07\/cropped-apuntesdesanluis.png\",\"contentUrl\":\"https:\/\/apuntesdesanluis.com\/wp-content\/uploads\/2023\/07\/cropped-apuntesdesanluis.png\",\"width\":450,\"height\":112,\"caption\":\"apuntesdesanluis.com\"},\"logo\":{\"@id\":\"https:\/\/apuntesdesanluis.com\/#\/schema\/person\/image\/\"},\"sameAs\":[\"https:\/\/apuntesdesanluis.com\"],\"url\":\"https:\/\/apuntesdesanluis.com\/index.php\/author\/apuntesdesanluis-com\/\"}]}<\/script>\n<!-- \/ Yoast SEO plugin. -->","yoast_head_json":{"title":"MERLO VUELVE A VIBRAR CON LA \u201cFIESTA NACIONAL VALLE DEL SOL\u201d - Apuntes de San Luis","robots":{"index":"index","follow":"follow","max-snippet":"max-snippet:-1","max-image-preview":"max-image-preview:large","max-video-preview":"max-video-preview:-1"},"canonical":"https:\/\/apuntesdesanluis.com\/index.php\/2024\/10\/16\/merlo-vuelve-a-vibrar-con-la-fiesta-nacional-valle-del-sol\/","og_locale":"es_ES","og_type":"article","og_title":"MERLO VUELVE A VIBRAR CON LA \u201cFIESTA NACIONAL VALLE DEL SOL\u201d - Apuntes de San Luis","og_description":"Este viernes 18 y s\u00e1bado 19 se celebra la 51\u00b0 edici\u00f3n de la m\u00e1xima fiesta...","og_url":"https:\/\/apuntesdesanluis.com\/index.php\/2024\/10\/16\/merlo-vuelve-a-vibrar-con-la-fiesta-nacional-valle-del-sol\/","og_site_name":"Apuntes de San Luis","article_published_time":"2024-10-16T22:12:20+00:00","article_modified_time":"2024-10-16T22:12:51+00:00","og_image":[{"width":799,"height":448,"url":"https:\/\/apuntesdesanluis.com\/wp-content\/uploads\/2024\/10\/fiesta-valle-del-sol.png","type":"image\/png"}],"author":"apuntesdesanluis.com","twitter_card":"summary_large_image","twitter_misc":{"Escrito por":"apuntesdesanluis.com","Tiempo de lectura":"2 minutos"},"schema":{"@context":"https:\/\/schema.org","@graph":[{"@type":"Article","@id":"https:\/\/apuntesdesanluis.com\/index.php\/2024\/10\/16\/merlo-vuelve-a-vibrar-con-la-fiesta-nacional-valle-del-sol\/#article","isPartOf":{"@id":"https:\/\/apuntesdesanluis.com\/index.php\/2024\/10\/16\/merlo-vuelve-a-vibrar-con-la-fiesta-nacional-valle-del-sol\/"},"author":{"name":"apuntesdesanluis.com","@id":"https:\/\/apuntesdesanluis.com\/#\/schema\/person\/b55151d52296fcce64d1a72538a70b90"},"headline":"MERLO VUELVE A VIBRAR CON LA \u201cFIESTA NACIONAL VALLE DEL SOL\u201d","datePublished":"2024-10-16T22:12:20+00:00","dateModified":"2024-10-16T22:12:51+00:00","mainEntityOfPage":{"@id":"https:\/\/apuntesdesanluis.com\/index.php\/2024\/10\/16\/merlo-vuelve-a-vibrar-con-la-fiesta-nacional-valle-del-sol\/"},"wordCount":328,"publisher":{"@id":"https:\/\/apuntesdesanluis.com\/#\/schema\/person\/b55151d52296fcce64d1a72538a70b90"},"image":{"@id":"https:\/\/apuntesdesanluis.com\/index.php\/2024\/10\/16\/merlo-vuelve-a-vibrar-con-la-fiesta-nacional-valle-del-sol\/#primaryimage"},"thumbnailUrl":"https:\/\/apuntesdesanluis.com\/wp-content\/uploads\/2024\/10\/fiesta-valle-del-sol.png","articleSection":["Ciudad\/Provincia"],"inLanguage":"es-AR"},{"@type":"WebPage","@id":"https:\/\/apuntesdesanluis.com\/index.php\/2024\/10\/16\/merlo-vuelve-a-vibrar-con-la-fiesta-nacional-valle-del-sol\/","url":"https:\/\/apuntesdesanluis.com\/index.php\/2024\/10\/16\/merlo-vuelve-a-vibrar-con-la-fiesta-nacional-valle-del-sol\/","name":"MERLO VUELVE A VIBRAR CON LA \u201cFIESTA NACIONAL VALLE DEL SOL\u201d - Apuntes de San Luis","isPartOf":{"@id":"https:\/\/apuntesdesanluis.com\/#website"},"primaryImageOfPage":{"@id":"https:\/\/apuntesdesanluis.com\/index.php\/2024\/10\/16\/merlo-vuelve-a-vibrar-con-la-fiesta-nacional-valle-del-sol\/#primaryimage"},"image":{"@id":"https:\/\/apuntesdesanluis.com\/index.php\/2024\/10\/16\/merlo-vuelve-a-vibrar-con-la-fiesta-nacional-valle-del-sol\/#primaryimage"},"thumbnailUrl":"https:\/\/apuntesdesanluis.com\/wp-content\/uploads\/2024\/10\/fiesta-valle-del-sol.png","datePublished":"2024-10-16T22:12:20+00:00","dateModified":"2024-10-16T22:12:51+00:00","breadcrumb":{"@id":"https:\/\/apuntesdesanluis.com\/index.php\/2024\/10\/16\/merlo-vuelve-a-vibrar-con-la-fiesta-nacional-valle-del-sol\/#breadcrumb"},"inLanguage":"es-AR","potentialAction":[{"@type":"ReadAction","target":["https:\/\/apuntesdesanluis.com\/index.php\/2024\/10\/16\/merlo-vuelve-a-vibrar-con-la-fiesta-nacional-valle-del-sol\/"]}]},{"@type":"ImageObject","inLanguage":"es-AR","@id":"https:\/\/apuntesdesanluis.com\/index.php\/2024\/10\/16\/merlo-vuelve-a-vibrar-con-la-fiesta-nacional-valle-del-sol\/#primaryimage","url":"https:\/\/apuntesdesanluis.com\/wp-content\/uploads\/2024\/10\/fiesta-valle-del-sol.png","contentUrl":"https:\/\/apuntesdesanluis.com\/wp-content\/uploads\/2024\/10\/fiesta-valle-del-sol.png","width":799,"height":448},{"@type":"BreadcrumbList","@id":"https:\/\/apuntesdesanluis.com\/index.php\/2024\/10\/16\/merlo-vuelve-a-vibrar-con-la-fiesta-nacional-valle-del-sol\/#breadcrumb","itemListElement":[{"@type":"ListItem","position":1,"name":"Inicio","item":"https:\/\/apuntesdesanluis.com\/"},{"@type":"ListItem","position":2,"name":"MERLO VUELVE A VIBRAR CON LA \u201cFIESTA NACIONAL VALLE DEL SOL\u201d"}]},{"@type":"WebSite","@id":"https:\/\/apuntesdesanluis.com\/#website","url":"https:\/\/apuntesdesanluis.com\/","name":"Apuntes de San Luis","description":"","publisher":{"@id":"https:\/\/apuntesdesanluis.com\/#\/schema\/person\/b55151d52296fcce64d1a72538a70b90"},"potentialAction":[{"@type":"SearchAction","target":{"@type":"EntryPoint","urlTemplate":"https:\/\/apuntesdesanluis.com\/?s={search_term_string}"},"query-input":{"@type":"PropertyValueSpecification","valueRequired":true,"valueName":"search_term_string"}}],"inLanguage":"es-AR"},{"@type":["Person","Organization"],"@id":"https:\/\/apuntesdesanluis.com\/#\/schema\/person\/b55151d52296fcce64d1a72538a70b90","name":"apuntesdesanluis.com","image":{"@type":"ImageObject","inLanguage":"es-AR","@id":"https:\/\/apuntesdesanluis.com\/#\/schema\/person\/image\/","url":"https:\/\/apuntesdesanluis.com\/wp-content\/uploads\/2023\/07\/cropped-apuntesdesanluis.png","contentUrl":"https:\/\/apuntesdesanluis.com\/wp-content\/uploads\/2023\/07\/cropped-apuntesdesanluis.png","width":450,"height":112,"caption":"apuntesdesanluis.com"},"logo":{"@id":"https:\/\/apuntesdesanluis.com\/#\/schema\/person\/image\/"},"sameAs":["https:\/\/apuntesdesanluis.com"],"url":"https:\/\/apuntesdesanluis.com\/index.php\/author\/apuntesdesanluis-com\/"}]}},"featured_image_urls":{"full":["https:\/\/apuntesdesanluis.com\/wp-content\/uploads\/2024\/10\/fiesta-valle-del-sol.png",799,448,false],"thumbnail":["https:\/\/apuntesdesanluis.com\/wp-content\/uploads\/2024\/10\/fiesta-valle-del-sol-150x150.png",150,150,true],"medium":["https:\/\/apuntesdesanluis.com\/wp-content\/uploads\/2024\/10\/fiesta-valle-del-sol-300x168.png",300,168,true],"medium_large":["https:\/\/apuntesdesanluis.com\/wp-content\/uploads\/2024\/10\/fiesta-valle-del-sol-768x431.png",640,359,true],"large":["https:\/\/apuntesdesanluis.com\/wp-content\/uploads\/2024\/10\/fiesta-valle-del-sol.png",640,359,false],"1536x1536":["https:\/\/apuntesdesanluis.com\/wp-content\/uploads\/2024\/10\/fiesta-valle-del-sol.png",799,448,false],"2048x2048":["https:\/\/apuntesdesanluis.com\/wp-content\/uploads\/2024\/10\/fiesta-valle-del-sol.png",799,448,false],"newsever-slider-full":["https:\/\/apuntesdesanluis.com\/wp-content\/uploads\/2024\/10\/fiesta-valle-del-sol.png",799,448,false],"newsever-featured":["https:\/\/apuntesdesanluis.com\/wp-content\/uploads\/2024\/10\/fiesta-valle-del-sol.png",799,448,false],"newsever-medium":["https:\/\/apuntesdesanluis.com\/wp-content\/uploads\/2024\/10\/fiesta-valle-del-sol-720x448.png",720,448,true]},"author_info":{"display_name":"apuntesdesanluis.com","author_link":"https:\/\/apuntesdesanluis.com\/index.php\/author\/apuntesdesanluis-com\/"},"category_info":"<a href=\"https:\/\/apuntesdesanluis.com\/index.php\/category\/ciudad-provincia\/\" rel=\"category tag\">Ciudad\/Provincia<\/a>","tag_info":"Ciudad\/Provincia","comment_count":"0","_links":{"self":[{"href":"https:\/\/apuntesdesanluis.com\/index.php\/wp-json\/wp\/v2\/posts\/23917","targetHints":{"allow":["GET"]}}],"collection":[{"href":"https:\/\/apuntesdesanluis.com\/index.php\/wp-json\/wp\/v2\/posts"}],"about":[{"href":"https:\/\/apuntesdesanluis.com\/index.php\/wp-json\/wp\/v2\/types\/post"}],"author":[{"embeddable":true,"href":"https:\/\/apuntesdesanluis.com\/index.php\/wp-json\/wp\/v2\/users\/1"}],"replies":[{"embeddable":true,"href":"https:\/\/apuntesdesanluis.com\/index.php\/wp-json\/wp\/v2\/comments?post=23917"}],"version-history":[{"count":2,"href":"https:\/\/apuntesdesanluis.com\/index.php\/wp-json\/wp\/v2\/posts\/23917\/revisions"}],"predecessor-version":[{"id":23922,"href":"https:\/\/apuntesdesanluis.com\/index.php\/wp-json\/wp\/v2\/posts\/23917\/revisions\/23922"}],"wp:featuredmedia":[{"embeddable":true,"href":"https:\/\/apuntesdesanluis.com\/index.php\/wp-json\/wp\/v2\/media\/23919"}],"wp:attachment":[{"href":"https:\/\/apuntesdesanluis.com\/index.php\/wp-json\/wp\/v2\/media?parent=23917"}],"wp:term":[{"taxonomy":"category","embeddable":true,"href":"https:\/\/apuntesdesanluis.com\/index.php\/wp-json\/wp\/v2\/categories?post=23917"},{"taxonomy":"post_tag","embeddable":true,"href":"https:\/\/apuntesdesanluis.com\/index.php\/wp-json\/wp\/v2\/tags?post=23917"}],"curies":[{"name":"wp","href":"https:\/\/api.w.org\/{rel}","templated":true}]}}