{"id":23923,"date":"2024-10-16T20:20:11","date_gmt":"2024-10-16T23:20:11","guid":{"rendered":"https:\/\/apuntesdesanluis.com\/?p=23923"},"modified":"2024-10-16T20:20:11","modified_gmt":"2024-10-16T23:20:11","slug":"me-da-tristeza-que-hayan-usado-la-unvime-como-un-botin-electoral","status":"publish","type":"post","link":"https:\/\/apuntesdesanluis.com\/index.php\/2024\/10\/16\/me-da-tristeza-que-hayan-usado-la-unvime-como-un-botin-electoral\/","title":{"rendered":"\u201cME DA TRISTEZA QUE HAYAN USADO LA UNVIME COMO UN BOT\u00cdN ELECTORAL\u201d"},"content":{"rendered":"<h3>Las duras palabras las pronunci\u00f3 este mi\u00e9rcoles el Rector <strong>Marcelo Sosa<\/strong>, en la sesi\u00f3n extraordinaria del Consejo Superior, durante la cual se aprob\u00f3 por unanimidad el dictamen a trav\u00e9s del cual se dio acuerdo a la propuesta de pago de la millonaria deuda que mantiene la instituci\u00f3n con la AFIP en concepto de aportes patronales.<\/h3>\n<h3>Al comienzo de la sesi\u00f3n tom\u00f3 la palabra el rector, manifestando que \u201cesto no puede volver a pasar nunca m\u00e1s. Ac\u00e1 se entreg\u00f3 un informe de rendici\u00f3n de cuentas de la universidad, el 30 de octubre de 2023, donde se minti\u00f3, se ocult\u00f3 informaci\u00f3n, se fragu\u00f3 un instrumento p\u00fablico suscripto por una secretaria de la universidad, donde dec\u00eda que ten\u00edamos 283 millones de pesos, cosa que no era cierto\u201d.<\/h3>\n<h3><img fetchpriority=\"high\" decoding=\"async\" class=\"wp-image-23925 aligncenter\" src=\"https:\/\/apuntesdesanluis.com\/wp-content\/uploads\/2024\/10\/sosa-300x164.png\" alt=\"\" width=\"613\" height=\"335\" srcset=\"https:\/\/apuntesdesanluis.com\/wp-content\/uploads\/2024\/10\/sosa-300x164.png 300w, https:\/\/apuntesdesanluis.com\/wp-content\/uploads\/2024\/10\/sosa.png 564w\" sizes=\"(max-width: 613px) 100vw, 613px\" \/><\/h3>\n<h3>Agreg\u00f3 que \u201ctras la auditor\u00eda realizada, seis meses despu\u00e9s qued\u00f3 claro que ese dinero no estaba en ning\u00fan lado. Era mentira. Lo que recibimos fueron deudas, por 164 millones setecientos mil pesos. Es vergonzoso lo que hicieron con la universidad\u201d, enfatiz\u00f3, en referencia a la anterior gesti\u00f3n que encabez\u00f3 el Dr. David Rivarola.<\/h3>\n<h3>Transcurrido casi el primer a\u00f1o de gesti\u00f3n, el rector indic\u00f3 que producto de una \u201ccorrecta administraci\u00f3n, muy austera, recortando algunos gastos, es que podemos comenzar a saldar esta deuda\u201d, en 12 cuotas, la cual asciende en la actualidad a aproximadamente 200 millones de pesos, en concepto de aportes patronales impagos a la AFIP.<\/h3>\n<h3>\u201cDe hecho \u2013inform\u00f3- el lunes pagu\u00e9 la primera cuota de $37 millones, porque demorar un d\u00eda m\u00e1s implicaba que la deuda crec\u00eda otros 40 millones\u201d. Agreg\u00f3 en este sentido que tom\u00f3 la decisi\u00f3n porque forma parte de sus atribuciones, y por entender que es lo m\u00e1s conveniente para cuidar los intereses de la instituci\u00f3n.<\/h3>\n<h3>El Dr. Sosa afirm\u00f3 que con esos 200 millones se podr\u00edan haber comprado 400 PCs, cientos de notebooks, entre otros bienes, o disponer becas para estudiantes o capacitaci\u00f3n de docentes. \u201cPor eso me da verg\u00fcenza, me da bronca, me da tristeza que hayan usado a la Universidad Nacional de Villa Mercedes como un bot\u00edn electoral\u201d.<\/h3>\n<h3><img decoding=\"async\" class=\"wp-image-23926 aligncenter\" src=\"https:\/\/apuntesdesanluis.com\/wp-content\/uploads\/2024\/10\/roldan-300x204.png\" alt=\"\" width=\"632\" height=\"430\" srcset=\"https:\/\/apuntesdesanluis.com\/wp-content\/uploads\/2024\/10\/roldan-300x204.png 300w, https:\/\/apuntesdesanluis.com\/wp-content\/uploads\/2024\/10\/roldan.png 583w\" sizes=\"(max-width: 632px) 100vw, 632px\" \/><\/h3>\n<h3>Record\u00f3 adem\u00e1s que sobre este tema procedi\u00f3 a realizar una \u201cdenuncia penal ante la justicia federal, para que investigue la posible comisi\u00f3n de delitos. Eso es una parte, lo otro, es el da\u00f1o que se ha hecho al patrimonio de la universidad y a todos los argentinos\u201d que sostienen la educaci\u00f3n superior. \u201cLa universidad no es un bot\u00edn electoral, sino una comunidad de aprendizajes\u201d, insisti\u00f3.<\/h3>\n<h3>\u201cA esto se lleg\u00f3 por la falta de controles, por la ausencia de transparencia en el manejo de los recursos\u201d, puntualiz\u00f3, para se\u00f1alar luego que por ese motivo, por instrucciones suyas el vicerrector, junto al Asesor Legal y al Auditor, viajaron la semana pasada a Buenos Aires para llevar un convenio que suscribi\u00f3 con la Sindicatura General de la Naci\u00f3n (SIGEN), reuni\u00e9ndose adem\u00e1s con autoridades de la Auditor\u00eda General de la Naci\u00f3n y la Agencia de Acceso a la Informaci\u00f3n P\u00fablica.<\/h3>\n<h3>Al respecto complement\u00f3 que tambi\u00e9n se ha implementado en la web de la UNViMe una p\u00e1gina de transparencia, donde figuran todas las normativas y resoluciones, \u201cporque no tenemos nada que ocultar\u201d.<\/h3>\n<h3>El rector alert\u00f3 tambi\u00e9n, y luego lo respald\u00f3 la secretaria de Hacienda Andrea Cabrera Rodr\u00edguez, que ante las intimaciones recibidas por parte de la AFIP, exist\u00eda el temor de que pudiera disponerse un embargo de las cuentas de la universidad, que hubiera hecho peligrar el pago de sueldos al personal y obligaciones de la instituci\u00f3n.<\/h3>\n<p><img decoding=\"async\" class=\"wp-image-23927 aligncenter\" src=\"https:\/\/apuntesdesanluis.com\/wp-content\/uploads\/2024\/10\/consejo-superior-300x167.png\" alt=\"\" width=\"582\" height=\"324\" srcset=\"https:\/\/apuntesdesanluis.com\/wp-content\/uploads\/2024\/10\/consejo-superior-300x167.png 300w, https:\/\/apuntesdesanluis.com\/wp-content\/uploads\/2024\/10\/consejo-superior.png 597w\" sizes=\"(max-width: 582px) 100vw, 582px\" \/><\/p>\n<h3>Por otro lado, tambi\u00e9n asumi\u00f3 el compromiso de presentar todos los meses, en la reuni\u00f3n ordinaria del Consejo Superior, la Declaraci\u00f3n Jurada de Seguridad Social (Formulario 931), para brindar tranquilidad y evitar que esto vuelva a ocurrir.<\/h3>\n<h3>En la sesi\u00f3n tambi\u00e9n hablaron para apoyar lo actuado la consejera Mar\u00eda Ester Baz\u00e1n, el Secretario General de SiTUNViMe, Walter Rold\u00e1n; el ex consejero Guillermo Zan\u00f3n, el Secretario General Santiago Tell, la Secretaria de Hacienda Andrea Cabrera Rodr\u00edguez y el Asesor Legal Juan Manuel Quiroga Lucero.<\/h3>\n<h3>Tras su alocuci\u00f3n, el consejero <strong>Gabriel Hidalgo<\/strong> hizo uso de la palabra, procediendo a leer y explicar los t\u00e9rminos del dictamen de comisiones, el cual fundamentalmente presta acuerdo a lo actuado por el rector y comparte los fundamentos de la medida y la cr\u00edtica mirada hacia el desmanejo que caracteriz\u00f3 a la anterior gesti\u00f3n rectoral.<\/h3>\n<p>&nbsp;<\/p>\n<p><iframe title=\"#UNViMe Informa - Sesi\u00f3n Extraordinaria Consejo Superior UNViMe. 16\/10\/2024.\" width=\"640\" height=\"360\" src=\"https:\/\/www.youtube.com\/embed\/dxvoohFszY0?feature=oembed\" frameborder=\"0\" allow=\"accelerometer; autoplay; clipboard-write; encrypted-media; gyroscope; picture-in-picture; web-share\" referrerpolicy=\"strict-origin-when-cross-origin\" allowfullscreen><\/iframe><\/p>\n<p>&nbsp;<\/p>\n<p>&nbsp;<\/p>\n<p>&nbsp;<\/p>\n<p>&nbsp;<\/p>\n<p>&nbsp;<\/p>\n<p>&nbsp;<\/p>\n","protected":false},"excerpt":{"rendered":"<p>Las duras palabras las pronunci\u00f3 este mi\u00e9rcoles el Rector Marcelo Sosa, en la sesi\u00f3n extraordinaria&#8230;<\/p>\n","protected":false},"author":1,"featured_media":23924,"comment_status":"closed","ping_status":"closed","sticky":false,"template":"","format":"standard","meta":{"footnotes":""},"categories":[6],"tags":[],"class_list":["post-23923","post","type-post","status-publish","format-standard","has-post-thumbnail","hentry","category-ciudad-provincia"],"yoast_head":"<!-- This site is optimized with the Yoast SEO plugin v26.1.1 - https:\/\/yoast.com\/wordpress\/plugins\/seo\/ -->\n<title>\u201cME DA TRISTEZA QUE HAYAN USADO LA UNVIME COMO UN BOT\u00cdN ELECTORAL\u201d - Apuntes de San Luis<\/title>\n<meta name=\"robots\" content=\"index, follow, max-snippet:-1, max-image-preview:large, max-video-preview:-1\" \/>\n<link rel=\"canonical\" href=\"https:\/\/apuntesdesanluis.com\/index.php\/2024\/10\/16\/me-da-tristeza-que-hayan-usado-la-unvime-como-un-botin-electoral\/\" \/>\n<meta property=\"og:locale\" content=\"es_ES\" \/>\n<meta property=\"og:type\" content=\"article\" \/>\n<meta property=\"og:title\" content=\"\u201cME DA TRISTEZA QUE HAYAN USADO LA UNVIME COMO UN BOT\u00cdN ELECTORAL\u201d - Apuntes de San Luis\" \/>\n<meta property=\"og:description\" content=\"Las duras palabras las pronunci\u00f3 este mi\u00e9rcoles el Rector Marcelo Sosa, en la sesi\u00f3n extraordinaria...\" \/>\n<meta property=\"og:url\" content=\"https:\/\/apuntesdesanluis.com\/index.php\/2024\/10\/16\/me-da-tristeza-que-hayan-usado-la-unvime-como-un-botin-electoral\/\" \/>\n<meta property=\"og:site_name\" content=\"Apuntes de San Luis\" \/>\n<meta property=\"article:published_time\" content=\"2024-10-16T23:20:11+00:00\" \/>\n<meta property=\"og:image\" content=\"https:\/\/apuntesdesanluis.com\/wp-content\/uploads\/2024\/10\/aprobacion.png\" \/>\n\t<meta property=\"og:image:width\" content=\"568\" \/>\n\t<meta property=\"og:image:height\" content=\"313\" \/>\n\t<meta property=\"og:image:type\" content=\"image\/png\" \/>\n<meta name=\"author\" content=\"apuntesdesanluis.com\" \/>\n<meta name=\"twitter:card\" content=\"summary_large_image\" \/>\n<meta name=\"twitter:label1\" content=\"Escrito por\" \/>\n\t<meta name=\"twitter:data1\" content=\"apuntesdesanluis.com\" \/>\n\t<meta name=\"twitter:label2\" content=\"Tiempo de lectura\" \/>\n\t<meta name=\"twitter:data2\" content=\"5 minutos\" \/>\n<script type=\"application\/ld+json\" class=\"yoast-schema-graph\">{\"@context\":\"https:\/\/schema.org\",\"@graph\":[{\"@type\":\"Article\",\"@id\":\"https:\/\/apuntesdesanluis.com\/index.php\/2024\/10\/16\/me-da-tristeza-que-hayan-usado-la-unvime-como-un-botin-electoral\/#article\",\"isPartOf\":{\"@id\":\"https:\/\/apuntesdesanluis.com\/index.php\/2024\/10\/16\/me-da-tristeza-que-hayan-usado-la-unvime-como-un-botin-electoral\/\"},\"author\":{\"name\":\"apuntesdesanluis.com\",\"@id\":\"https:\/\/apuntesdesanluis.com\/#\/schema\/person\/b55151d52296fcce64d1a72538a70b90\"},\"headline\":\"\u201cME DA TRISTEZA QUE HAYAN USADO LA UNVIME COMO UN BOT\u00cdN ELECTORAL\u201d\",\"datePublished\":\"2024-10-16T23:20:11+00:00\",\"mainEntityOfPage\":{\"@id\":\"https:\/\/apuntesdesanluis.com\/index.php\/2024\/10\/16\/me-da-tristeza-que-hayan-usado-la-unvime-como-un-botin-electoral\/\"},\"wordCount\":786,\"publisher\":{\"@id\":\"https:\/\/apuntesdesanluis.com\/#\/schema\/person\/b55151d52296fcce64d1a72538a70b90\"},\"image\":{\"@id\":\"https:\/\/apuntesdesanluis.com\/index.php\/2024\/10\/16\/me-da-tristeza-que-hayan-usado-la-unvime-como-un-botin-electoral\/#primaryimage\"},\"thumbnailUrl\":\"https:\/\/apuntesdesanluis.com\/wp-content\/uploads\/2024\/10\/aprobacion.png\",\"articleSection\":[\"Ciudad\/Provincia\"],\"inLanguage\":\"es-AR\"},{\"@type\":\"WebPage\",\"@id\":\"https:\/\/apuntesdesanluis.com\/index.php\/2024\/10\/16\/me-da-tristeza-que-hayan-usado-la-unvime-como-un-botin-electoral\/\",\"url\":\"https:\/\/apuntesdesanluis.com\/index.php\/2024\/10\/16\/me-da-tristeza-que-hayan-usado-la-unvime-como-un-botin-electoral\/\",\"name\":\"\u201cME DA TRISTEZA QUE HAYAN USADO LA UNVIME COMO UN BOT\u00cdN ELECTORAL\u201d - Apuntes de San Luis\",\"isPartOf\":{\"@id\":\"https:\/\/apuntesdesanluis.com\/#website\"},\"primaryImageOfPage\":{\"@id\":\"https:\/\/apuntesdesanluis.com\/index.php\/2024\/10\/16\/me-da-tristeza-que-hayan-usado-la-unvime-como-un-botin-electoral\/#primaryimage\"},\"image\":{\"@id\":\"https:\/\/apuntesdesanluis.com\/index.php\/2024\/10\/16\/me-da-tristeza-que-hayan-usado-la-unvime-como-un-botin-electoral\/#primaryimage\"},\"thumbnailUrl\":\"https:\/\/apuntesdesanluis.com\/wp-content\/uploads\/2024\/10\/aprobacion.png\",\"datePublished\":\"2024-10-16T23:20:11+00:00\",\"breadcrumb\":{\"@id\":\"https:\/\/apuntesdesanluis.com\/index.php\/2024\/10\/16\/me-da-tristeza-que-hayan-usado-la-unvime-como-un-botin-electoral\/#breadcrumb\"},\"inLanguage\":\"es-AR\",\"potentialAction\":[{\"@type\":\"ReadAction\",\"target\":[\"https:\/\/apuntesdesanluis.com\/index.php\/2024\/10\/16\/me-da-tristeza-que-hayan-usado-la-unvime-como-un-botin-electoral\/\"]}]},{\"@type\":\"ImageObject\",\"inLanguage\":\"es-AR\",\"@id\":\"https:\/\/apuntesdesanluis.com\/index.php\/2024\/10\/16\/me-da-tristeza-que-hayan-usado-la-unvime-como-un-botin-electoral\/#primaryimage\",\"url\":\"https:\/\/apuntesdesanluis.com\/wp-content\/uploads\/2024\/10\/aprobacion.png\",\"contentUrl\":\"https:\/\/apuntesdesanluis.com\/wp-content\/uploads\/2024\/10\/aprobacion.png\",\"width\":568,\"height\":313},{\"@type\":\"BreadcrumbList\",\"@id\":\"https:\/\/apuntesdesanluis.com\/index.php\/2024\/10\/16\/me-da-tristeza-que-hayan-usado-la-unvime-como-un-botin-electoral\/#breadcrumb\",\"itemListElement\":[{\"@type\":\"ListItem\",\"position\":1,\"name\":\"Inicio\",\"item\":\"https:\/\/apuntesdesanluis.com\/\"},{\"@type\":\"ListItem\",\"position\":2,\"name\":\"\u201cME DA TRISTEZA QUE HAYAN USADO LA UNVIME COMO UN BOT\u00cdN ELECTORAL\u201d\"}]},{\"@type\":\"WebSite\",\"@id\":\"https:\/\/apuntesdesanluis.com\/#website\",\"url\":\"https:\/\/apuntesdesanluis.com\/\",\"name\":\"Apuntes de San Luis\",\"description\":\"\",\"publisher\":{\"@id\":\"https:\/\/apuntesdesanluis.com\/#\/schema\/person\/b55151d52296fcce64d1a72538a70b90\"},\"potentialAction\":[{\"@type\":\"SearchAction\",\"target\":{\"@type\":\"EntryPoint\",\"urlTemplate\":\"https:\/\/apuntesdesanluis.com\/?s={search_term_string}\"},\"query-input\":{\"@type\":\"PropertyValueSpecification\",\"valueRequired\":true,\"valueName\":\"search_term_string\"}}],\"inLanguage\":\"es-AR\"},{\"@type\":[\"Person\",\"Organization\"],\"@id\":\"https:\/\/apuntesdesanluis.com\/#\/schema\/person\/b55151d52296fcce64d1a72538a70b90\",\"name\":\"apuntesdesanluis.com\",\"image\":{\"@type\":\"ImageObject\",\"inLanguage\":\"es-AR\",\"@id\":\"https:\/\/apuntesdesanluis.com\/#\/schema\/person\/image\/\",\"url\":\"https:\/\/apuntesdesanluis.com\/wp-content\/uploads\/2023\/07\/cropped-apuntesdesanluis.png\",\"contentUrl\":\"https:\/\/apuntesdesanluis.com\/wp-content\/uploads\/2023\/07\/cropped-apuntesdesanluis.png\",\"width\":450,\"height\":112,\"caption\":\"apuntesdesanluis.com\"},\"logo\":{\"@id\":\"https:\/\/apuntesdesanluis.com\/#\/schema\/person\/image\/\"},\"sameAs\":[\"https:\/\/apuntesdesanluis.com\"],\"url\":\"https:\/\/apuntesdesanluis.com\/index.php\/author\/apuntesdesanluis-com\/\"}]}<\/script>\n<!-- \/ Yoast SEO plugin. -->","yoast_head_json":{"title":"\u201cME DA TRISTEZA QUE HAYAN USADO LA UNVIME COMO UN BOT\u00cdN ELECTORAL\u201d - Apuntes de San Luis","robots":{"index":"index","follow":"follow","max-snippet":"max-snippet:-1","max-image-preview":"max-image-preview:large","max-video-preview":"max-video-preview:-1"},"canonical":"https:\/\/apuntesdesanluis.com\/index.php\/2024\/10\/16\/me-da-tristeza-que-hayan-usado-la-unvime-como-un-botin-electoral\/","og_locale":"es_ES","og_type":"article","og_title":"\u201cME DA TRISTEZA QUE HAYAN USADO LA UNVIME COMO UN BOT\u00cdN ELECTORAL\u201d - Apuntes de San Luis","og_description":"Las duras palabras las pronunci\u00f3 este mi\u00e9rcoles el Rector Marcelo Sosa, en la sesi\u00f3n extraordinaria...","og_url":"https:\/\/apuntesdesanluis.com\/index.php\/2024\/10\/16\/me-da-tristeza-que-hayan-usado-la-unvime-como-un-botin-electoral\/","og_site_name":"Apuntes de San Luis","article_published_time":"2024-10-16T23:20:11+00:00","og_image":[{"width":568,"height":313,"url":"https:\/\/apuntesdesanluis.com\/wp-content\/uploads\/2024\/10\/aprobacion.png","type":"image\/png"}],"author":"apuntesdesanluis.com","twitter_card":"summary_large_image","twitter_misc":{"Escrito por":"apuntesdesanluis.com","Tiempo de lectura":"5 minutos"},"schema":{"@context":"https:\/\/schema.org","@graph":[{"@type":"Article","@id":"https:\/\/apuntesdesanluis.com\/index.php\/2024\/10\/16\/me-da-tristeza-que-hayan-usado-la-unvime-como-un-botin-electoral\/#article","isPartOf":{"@id":"https:\/\/apuntesdesanluis.com\/index.php\/2024\/10\/16\/me-da-tristeza-que-hayan-usado-la-unvime-como-un-botin-electoral\/"},"author":{"name":"apuntesdesanluis.com","@id":"https:\/\/apuntesdesanluis.com\/#\/schema\/person\/b55151d52296fcce64d1a72538a70b90"},"headline":"\u201cME DA TRISTEZA QUE HAYAN USADO LA UNVIME COMO UN BOT\u00cdN ELECTORAL\u201d","datePublished":"2024-10-16T23:20:11+00:00","mainEntityOfPage":{"@id":"https:\/\/apuntesdesanluis.com\/index.php\/2024\/10\/16\/me-da-tristeza-que-hayan-usado-la-unvime-como-un-botin-electoral\/"},"wordCount":786,"publisher":{"@id":"https:\/\/apuntesdesanluis.com\/#\/schema\/person\/b55151d52296fcce64d1a72538a70b90"},"image":{"@id":"https:\/\/apuntesdesanluis.com\/index.php\/2024\/10\/16\/me-da-tristeza-que-hayan-usado-la-unvime-como-un-botin-electoral\/#primaryimage"},"thumbnailUrl":"https:\/\/apuntesdesanluis.com\/wp-content\/uploads\/2024\/10\/aprobacion.png","articleSection":["Ciudad\/Provincia"],"inLanguage":"es-AR"},{"@type":"WebPage","@id":"https:\/\/apuntesdesanluis.com\/index.php\/2024\/10\/16\/me-da-tristeza-que-hayan-usado-la-unvime-como-un-botin-electoral\/","url":"https:\/\/apuntesdesanluis.com\/index.php\/2024\/10\/16\/me-da-tristeza-que-hayan-usado-la-unvime-como-un-botin-electoral\/","name":"\u201cME DA TRISTEZA QUE HAYAN USADO LA UNVIME COMO UN BOT\u00cdN ELECTORAL\u201d - Apuntes de San Luis","isPartOf":{"@id":"https:\/\/apuntesdesanluis.com\/#website"},"primaryImageOfPage":{"@id":"https:\/\/apuntesdesanluis.com\/index.php\/2024\/10\/16\/me-da-tristeza-que-hayan-usado-la-unvime-como-un-botin-electoral\/#primaryimage"},"image":{"@id":"https:\/\/apuntesdesanluis.com\/index.php\/2024\/10\/16\/me-da-tristeza-que-hayan-usado-la-unvime-como-un-botin-electoral\/#primaryimage"},"thumbnailUrl":"https:\/\/apuntesdesanluis.com\/wp-content\/uploads\/2024\/10\/aprobacion.png","datePublished":"2024-10-16T23:20:11+00:00","breadcrumb":{"@id":"https:\/\/apuntesdesanluis.com\/index.php\/2024\/10\/16\/me-da-tristeza-que-hayan-usado-la-unvime-como-un-botin-electoral\/#breadcrumb"},"inLanguage":"es-AR","potentialAction":[{"@type":"ReadAction","target":["https:\/\/apuntesdesanluis.com\/index.php\/2024\/10\/16\/me-da-tristeza-que-hayan-usado-la-unvime-como-un-botin-electoral\/"]}]},{"@type":"ImageObject","inLanguage":"es-AR","@id":"https:\/\/apuntesdesanluis.com\/index.php\/2024\/10\/16\/me-da-tristeza-que-hayan-usado-la-unvime-como-un-botin-electoral\/#primaryimage","url":"https:\/\/apuntesdesanluis.com\/wp-content\/uploads\/2024\/10\/aprobacion.png","contentUrl":"https:\/\/apuntesdesanluis.com\/wp-content\/uploads\/2024\/10\/aprobacion.png","width":568,"height":313},{"@type":"BreadcrumbList","@id":"https:\/\/apuntesdesanluis.com\/index.php\/2024\/10\/16\/me-da-tristeza-que-hayan-usado-la-unvime-como-un-botin-electoral\/#breadcrumb","itemListElement":[{"@type":"ListItem","position":1,"name":"Inicio","item":"https:\/\/apuntesdesanluis.com\/"},{"@type":"ListItem","position":2,"name":"\u201cME DA TRISTEZA QUE HAYAN USADO LA UNVIME COMO UN BOT\u00cdN ELECTORAL\u201d"}]},{"@type":"WebSite","@id":"https:\/\/apuntesdesanluis.com\/#website","url":"https:\/\/apuntesdesanluis.com\/","name":"Apuntes de San Luis","description":"","publisher":{"@id":"https:\/\/apuntesdesanluis.com\/#\/schema\/person\/b55151d52296fcce64d1a72538a70b90"},"potentialAction":[{"@type":"SearchAction","target":{"@type":"EntryPoint","urlTemplate":"https:\/\/apuntesdesanluis.com\/?s={search_term_string}"},"query-input":{"@type":"PropertyValueSpecification","valueRequired":true,"valueName":"search_term_string"}}],"inLanguage":"es-AR"},{"@type":["Person","Organization"],"@id":"https:\/\/apuntesdesanluis.com\/#\/schema\/person\/b55151d52296fcce64d1a72538a70b90","name":"apuntesdesanluis.com","image":{"@type":"ImageObject","inLanguage":"es-AR","@id":"https:\/\/apuntesdesanluis.com\/#\/schema\/person\/image\/","url":"https:\/\/apuntesdesanluis.com\/wp-content\/uploads\/2023\/07\/cropped-apuntesdesanluis.png","contentUrl":"https:\/\/apuntesdesanluis.com\/wp-content\/uploads\/2023\/07\/cropped-apuntesdesanluis.png","width":450,"height":112,"caption":"apuntesdesanluis.com"},"logo":{"@id":"https:\/\/apuntesdesanluis.com\/#\/schema\/person\/image\/"},"sameAs":["https:\/\/apuntesdesanluis.com"],"url":"https:\/\/apuntesdesanluis.com\/index.php\/author\/apuntesdesanluis-com\/"}]}},"featured_image_urls":{"full":["https:\/\/apuntesdesanluis.com\/wp-content\/uploads\/2024\/10\/aprobacion.png",568,313,false],"thumbnail":["https:\/\/apuntesdesanluis.com\/wp-content\/uploads\/2024\/10\/aprobacion-150x150.png",150,150,true],"medium":["https:\/\/apuntesdesanluis.com\/wp-content\/uploads\/2024\/10\/aprobacion-300x165.png",300,165,true],"medium_large":["https:\/\/apuntesdesanluis.com\/wp-content\/uploads\/2024\/10\/aprobacion.png",568,313,false],"large":["https:\/\/apuntesdesanluis.com\/wp-content\/uploads\/2024\/10\/aprobacion.png",568,313,false],"1536x1536":["https:\/\/apuntesdesanluis.com\/wp-content\/uploads\/2024\/10\/aprobacion.png",568,313,false],"2048x2048":["https:\/\/apuntesdesanluis.com\/wp-content\/uploads\/2024\/10\/aprobacion.png",568,313,false],"newsever-slider-full":["https:\/\/apuntesdesanluis.com\/wp-content\/uploads\/2024\/10\/aprobacion.png",568,313,false],"newsever-featured":["https:\/\/apuntesdesanluis.com\/wp-content\/uploads\/2024\/10\/aprobacion.png",568,313,false],"newsever-medium":["https:\/\/apuntesdesanluis.com\/wp-content\/uploads\/2024\/10\/aprobacion.png",568,313,false]},"author_info":{"display_name":"apuntesdesanluis.com","author_link":"https:\/\/apuntesdesanluis.com\/index.php\/author\/apuntesdesanluis-com\/"},"category_info":"<a href=\"https:\/\/apuntesdesanluis.com\/index.php\/category\/ciudad-provincia\/\" rel=\"category tag\">Ciudad\/Provincia<\/a>","tag_info":"Ciudad\/Provincia","comment_count":"0","_links":{"self":[{"href":"https:\/\/apuntesdesanluis.com\/index.php\/wp-json\/wp\/v2\/posts\/23923","targetHints":{"allow":["GET"]}}],"collection":[{"href":"https:\/\/apuntesdesanluis.com\/index.php\/wp-json\/wp\/v2\/posts"}],"about":[{"href":"https:\/\/apuntesdesanluis.com\/index.php\/wp-json\/wp\/v2\/types\/post"}],"author":[{"embeddable":true,"href":"https:\/\/apuntesdesanluis.com\/index.php\/wp-json\/wp\/v2\/users\/1"}],"replies":[{"embeddable":true,"href":"https:\/\/apuntesdesanluis.com\/index.php\/wp-json\/wp\/v2\/comments?post=23923"}],"version-history":[{"count":1,"href":"https:\/\/apuntesdesanluis.com\/index.php\/wp-json\/wp\/v2\/posts\/23923\/revisions"}],"predecessor-version":[{"id":23928,"href":"https:\/\/apuntesdesanluis.com\/index.php\/wp-json\/wp\/v2\/posts\/23923\/revisions\/23928"}],"wp:featuredmedia":[{"embeddable":true,"href":"https:\/\/apuntesdesanluis.com\/index.php\/wp-json\/wp\/v2\/media\/23924"}],"wp:attachment":[{"href":"https:\/\/apuntesdesanluis.com\/index.php\/wp-json\/wp\/v2\/media?parent=23923"}],"wp:term":[{"taxonomy":"category","embeddable":true,"href":"https:\/\/apuntesdesanluis.com\/index.php\/wp-json\/wp\/v2\/categories?post=23923"},{"taxonomy":"post_tag","embeddable":true,"href":"https:\/\/apuntesdesanluis.com\/index.php\/wp-json\/wp\/v2\/tags?post=23923"}],"curies":[{"name":"wp","href":"https:\/\/api.w.org\/{rel}","templated":true}]}}