{"id":2395,"date":"2023-08-30T19:40:24","date_gmt":"2023-08-30T22:40:24","guid":{"rendered":"https:\/\/apuntesdesanluis.com\/?p=2395"},"modified":"2023-08-30T19:41:46","modified_gmt":"2023-08-30T22:41:46","slug":"el-ministerio-de-produccion-recibio-a-venados-manufactura-tras-el-incendio-que-sufrio-la-fabrica","status":"publish","type":"post","link":"https:\/\/apuntesdesanluis.com\/index.php\/2023\/08\/30\/el-ministerio-de-produccion-recibio-a-venados-manufactura-tras-el-incendio-que-sufrio-la-fabrica\/","title":{"rendered":"EL MINISTERIO DE PRODUCCI\u00d3N RECIBI\u00d3 A VENADOS MANUFACTURA TRAS EL INCENDIO QUE SUFRI\u00d3 LA F\u00c1BRICA"},"content":{"rendered":"<h3 class=\"yiv7409174924ydp6329976emsonormal\" style=\"background: white;\"><span style=\"font-family: 'Arial','sans-serif'; color: #1d2228;\">Durante el encuentro que encabez\u00f3 el ministro Marcelo Amitrano, la cartera productiva le manifest\u00f3 su apoyo a la firma especializada en la producci\u00f3n de pl\u00e1sticos, y la empresa inform\u00f3 al Ministerio sobre las acciones que est\u00e1n llevando a cabo para reintegrarse al sistema productivo provincial cuanto antes.<\/span><\/h3>\n<h3 class=\"yiv7409174924ydp6329976emsonormal\" style=\"background: white;\"><span style=\"font-family: 'Arial','sans-serif'; color: #1d2228;\">Como se recordar\u00e1, la firma Venados Manufactura sufri\u00f3 un siniestro el pasado 25 de agosto tras incendiarse uno de los dep\u00f3sitos de la f\u00e1brica ubicada en el Parque Industrial Norte. De la reuni\u00f3n participaron tambi\u00e9n funcionarios de los Programas Industria y Comercio, y Fomento a las Inversiones.<\/span><\/h3>\n<h3 class=\"yiv7409174924ydp6329976emsonormal\" style=\"background: white;\"><span style=\"font-family: 'Arial','sans-serif'; color: #1d2228;\">\u201cEn primer lugar, resaltar la voluntad de la empresa, estamos al tanto del trabajo que vienen realizando junto a los bomberos y polic\u00edas de la ciudad para apaciguar los da\u00f1os. Desde este lugar simplemente manifestamos nuestro acompa\u00f1amiento para que puedan volver a la normalidad lo antes posible\u201c, destac\u00f3 Amitrano.<\/span><\/h3>\n<h3 class=\"yiv7409174924ydp6329976emsonormal\" style=\"background: white;\"><span style=\"font-family: 'Arial','sans-serif'; color: #1d2228;\">El propietario de la firma, Mauricio Scatamacchia, tambi\u00e9n se refiri\u00f3 a los acontecimientos de los \u00faltimos d\u00edas: \u201cEstamos todos bien, nadie sali\u00f3 herido y no habr\u00e1 recortes de puestos de trabajo ni nada similar. La idea de hoy era exponer el panorama de nuestra situaci\u00f3n al Ministerio, y manifestarles cu\u00e1l va a ser nuestro plan de acci\u00f3n en el corto y mediano plazo\u201d.<\/span><\/h3>\n<h3 class=\"yiv7409174924ydp6329976emsonormal\" style=\"background: white;\"><span style=\"font-family: 'Arial','sans-serif'; color: #1d2228;\">La empresa Venados Manufactura, que se especializa en la producci\u00f3n de pl\u00e1sticos, ha estado presente en la provincia de San Luis desde 1984 y actualmente est\u00e1 trabajando junto a organismos del Estado para terminar de apagar el incendio y volver a integrarse al sistema productivo.<\/span><\/h3>\n<p class=\"yiv7409174924ydp6329976emsonormal\" style=\"background: white;\"><span style=\"font-family: 'Arial','sans-serif'; color: #1d2228;\">\u00a0<\/span><\/p>\n","protected":false},"excerpt":{"rendered":"<p>Durante el encuentro que encabez\u00f3 el ministro Marcelo Amitrano, la cartera productiva le manifest\u00f3 su&#8230;<\/p>\n","protected":false},"author":1,"featured_media":2396,"comment_status":"closed","ping_status":"closed","sticky":false,"template":"","format":"standard","meta":{"footnotes":""},"categories":[6],"tags":[],"class_list":["post-2395","post","type-post","status-publish","format-standard","has-post-thumbnail","hentry","category-ciudad-provincia"],"yoast_head":"<!-- This site is optimized with the Yoast SEO plugin v26.1.1 - https:\/\/yoast.com\/wordpress\/plugins\/seo\/ -->\n<title>EL MINISTERIO DE PRODUCCI\u00d3N RECIBI\u00d3 A VENADOS MANUFACTURA TRAS EL INCENDIO QUE SUFRI\u00d3 LA F\u00c1BRICA - Apuntes de San Luis<\/title>\n<meta name=\"robots\" content=\"index, follow, max-snippet:-1, max-image-preview:large, max-video-preview:-1\" \/>\n<link rel=\"canonical\" href=\"https:\/\/apuntesdesanluis.com\/index.php\/2023\/08\/30\/el-ministerio-de-produccion-recibio-a-venados-manufactura-tras-el-incendio-que-sufrio-la-fabrica\/\" \/>\n<meta property=\"og:locale\" content=\"es_ES\" \/>\n<meta property=\"og:type\" content=\"article\" \/>\n<meta property=\"og:title\" content=\"EL MINISTERIO DE PRODUCCI\u00d3N RECIBI\u00d3 A VENADOS MANUFACTURA TRAS EL INCENDIO QUE SUFRI\u00d3 LA F\u00c1BRICA - Apuntes de San Luis\" \/>\n<meta property=\"og:description\" content=\"Durante el encuentro que encabez\u00f3 el ministro Marcelo Amitrano, la cartera productiva le manifest\u00f3 su...\" \/>\n<meta property=\"og:url\" content=\"https:\/\/apuntesdesanluis.com\/index.php\/2023\/08\/30\/el-ministerio-de-produccion-recibio-a-venados-manufactura-tras-el-incendio-que-sufrio-la-fabrica\/\" \/>\n<meta property=\"og:site_name\" content=\"Apuntes de San Luis\" \/>\n<meta property=\"article:published_time\" content=\"2023-08-30T22:40:24+00:00\" \/>\n<meta property=\"article:modified_time\" content=\"2023-08-30T22:41:46+00:00\" \/>\n<meta property=\"og:image\" content=\"https:\/\/apuntesdesanluis.com\/wp-content\/uploads\/2023\/08\/AMITRANO.png\" \/>\n\t<meta property=\"og:image:width\" content=\"748\" \/>\n\t<meta property=\"og:image:height\" content=\"457\" \/>\n\t<meta property=\"og:image:type\" content=\"image\/png\" \/>\n<meta name=\"author\" content=\"apuntesdesanluis.com\" \/>\n<meta name=\"twitter:card\" content=\"summary_large_image\" \/>\n<meta name=\"twitter:label1\" content=\"Escrito por\" \/>\n\t<meta name=\"twitter:data1\" content=\"apuntesdesanluis.com\" \/>\n\t<meta name=\"twitter:label2\" content=\"Tiempo de lectura\" \/>\n\t<meta name=\"twitter:data2\" content=\"2 minutos\" \/>\n<script type=\"application\/ld+json\" class=\"yoast-schema-graph\">{\"@context\":\"https:\/\/schema.org\",\"@graph\":[{\"@type\":\"Article\",\"@id\":\"https:\/\/apuntesdesanluis.com\/index.php\/2023\/08\/30\/el-ministerio-de-produccion-recibio-a-venados-manufactura-tras-el-incendio-que-sufrio-la-fabrica\/#article\",\"isPartOf\":{\"@id\":\"https:\/\/apuntesdesanluis.com\/index.php\/2023\/08\/30\/el-ministerio-de-produccion-recibio-a-venados-manufactura-tras-el-incendio-que-sufrio-la-fabrica\/\"},\"author\":{\"name\":\"apuntesdesanluis.com\",\"@id\":\"https:\/\/apuntesdesanluis.com\/#\/schema\/person\/b55151d52296fcce64d1a72538a70b90\"},\"headline\":\"EL MINISTERIO DE PRODUCCI\u00d3N RECIBI\u00d3 A VENADOS MANUFACTURA TRAS EL INCENDIO QUE SUFRI\u00d3 LA F\u00c1BRICA\",\"datePublished\":\"2023-08-30T22:40:24+00:00\",\"dateModified\":\"2023-08-30T22:41:46+00:00\",\"mainEntityOfPage\":{\"@id\":\"https:\/\/apuntesdesanluis.com\/index.php\/2023\/08\/30\/el-ministerio-de-produccion-recibio-a-venados-manufactura-tras-el-incendio-que-sufrio-la-fabrica\/\"},\"wordCount\":283,\"publisher\":{\"@id\":\"https:\/\/apuntesdesanluis.com\/#\/schema\/person\/b55151d52296fcce64d1a72538a70b90\"},\"image\":{\"@id\":\"https:\/\/apuntesdesanluis.com\/index.php\/2023\/08\/30\/el-ministerio-de-produccion-recibio-a-venados-manufactura-tras-el-incendio-que-sufrio-la-fabrica\/#primaryimage\"},\"thumbnailUrl\":\"https:\/\/apuntesdesanluis.com\/wp-content\/uploads\/2023\/08\/AMITRANO.png\",\"articleSection\":[\"Ciudad\/Provincia\"],\"inLanguage\":\"es-AR\"},{\"@type\":\"WebPage\",\"@id\":\"https:\/\/apuntesdesanluis.com\/index.php\/2023\/08\/30\/el-ministerio-de-produccion-recibio-a-venados-manufactura-tras-el-incendio-que-sufrio-la-fabrica\/\",\"url\":\"https:\/\/apuntesdesanluis.com\/index.php\/2023\/08\/30\/el-ministerio-de-produccion-recibio-a-venados-manufactura-tras-el-incendio-que-sufrio-la-fabrica\/\",\"name\":\"EL MINISTERIO DE PRODUCCI\u00d3N RECIBI\u00d3 A VENADOS MANUFACTURA TRAS EL INCENDIO QUE SUFRI\u00d3 LA F\u00c1BRICA - Apuntes de San Luis\",\"isPartOf\":{\"@id\":\"https:\/\/apuntesdesanluis.com\/#website\"},\"primaryImageOfPage\":{\"@id\":\"https:\/\/apuntesdesanluis.com\/index.php\/2023\/08\/30\/el-ministerio-de-produccion-recibio-a-venados-manufactura-tras-el-incendio-que-sufrio-la-fabrica\/#primaryimage\"},\"image\":{\"@id\":\"https:\/\/apuntesdesanluis.com\/index.php\/2023\/08\/30\/el-ministerio-de-produccion-recibio-a-venados-manufactura-tras-el-incendio-que-sufrio-la-fabrica\/#primaryimage\"},\"thumbnailUrl\":\"https:\/\/apuntesdesanluis.com\/wp-content\/uploads\/2023\/08\/AMITRANO.png\",\"datePublished\":\"2023-08-30T22:40:24+00:00\",\"dateModified\":\"2023-08-30T22:41:46+00:00\",\"breadcrumb\":{\"@id\":\"https:\/\/apuntesdesanluis.com\/index.php\/2023\/08\/30\/el-ministerio-de-produccion-recibio-a-venados-manufactura-tras-el-incendio-que-sufrio-la-fabrica\/#breadcrumb\"},\"inLanguage\":\"es-AR\",\"potentialAction\":[{\"@type\":\"ReadAction\",\"target\":[\"https:\/\/apuntesdesanluis.com\/index.php\/2023\/08\/30\/el-ministerio-de-produccion-recibio-a-venados-manufactura-tras-el-incendio-que-sufrio-la-fabrica\/\"]}]},{\"@type\":\"ImageObject\",\"inLanguage\":\"es-AR\",\"@id\":\"https:\/\/apuntesdesanluis.com\/index.php\/2023\/08\/30\/el-ministerio-de-produccion-recibio-a-venados-manufactura-tras-el-incendio-que-sufrio-la-fabrica\/#primaryimage\",\"url\":\"https:\/\/apuntesdesanluis.com\/wp-content\/uploads\/2023\/08\/AMITRANO.png\",\"contentUrl\":\"https:\/\/apuntesdesanluis.com\/wp-content\/uploads\/2023\/08\/AMITRANO.png\",\"width\":748,\"height\":457},{\"@type\":\"BreadcrumbList\",\"@id\":\"https:\/\/apuntesdesanluis.com\/index.php\/2023\/08\/30\/el-ministerio-de-produccion-recibio-a-venados-manufactura-tras-el-incendio-que-sufrio-la-fabrica\/#breadcrumb\",\"itemListElement\":[{\"@type\":\"ListItem\",\"position\":1,\"name\":\"Inicio\",\"item\":\"https:\/\/apuntesdesanluis.com\/\"},{\"@type\":\"ListItem\",\"position\":2,\"name\":\"EL MINISTERIO DE PRODUCCI\u00d3N RECIBI\u00d3 A VENADOS MANUFACTURA TRAS EL INCENDIO QUE SUFRI\u00d3 LA F\u00c1BRICA\"}]},{\"@type\":\"WebSite\",\"@id\":\"https:\/\/apuntesdesanluis.com\/#website\",\"url\":\"https:\/\/apuntesdesanluis.com\/\",\"name\":\"Apuntes de San Luis\",\"description\":\"\",\"publisher\":{\"@id\":\"https:\/\/apuntesdesanluis.com\/#\/schema\/person\/b55151d52296fcce64d1a72538a70b90\"},\"potentialAction\":[{\"@type\":\"SearchAction\",\"target\":{\"@type\":\"EntryPoint\",\"urlTemplate\":\"https:\/\/apuntesdesanluis.com\/?s={search_term_string}\"},\"query-input\":{\"@type\":\"PropertyValueSpecification\",\"valueRequired\":true,\"valueName\":\"search_term_string\"}}],\"inLanguage\":\"es-AR\"},{\"@type\":[\"Person\",\"Organization\"],\"@id\":\"https:\/\/apuntesdesanluis.com\/#\/schema\/person\/b55151d52296fcce64d1a72538a70b90\",\"name\":\"apuntesdesanluis.com\",\"image\":{\"@type\":\"ImageObject\",\"inLanguage\":\"es-AR\",\"@id\":\"https:\/\/apuntesdesanluis.com\/#\/schema\/person\/image\/\",\"url\":\"https:\/\/apuntesdesanluis.com\/wp-content\/uploads\/2023\/07\/cropped-apuntesdesanluis.png\",\"contentUrl\":\"https:\/\/apuntesdesanluis.com\/wp-content\/uploads\/2023\/07\/cropped-apuntesdesanluis.png\",\"width\":450,\"height\":112,\"caption\":\"apuntesdesanluis.com\"},\"logo\":{\"@id\":\"https:\/\/apuntesdesanluis.com\/#\/schema\/person\/image\/\"},\"sameAs\":[\"https:\/\/apuntesdesanluis.com\"],\"url\":\"https:\/\/apuntesdesanluis.com\/index.php\/author\/apuntesdesanluis-com\/\"}]}<\/script>\n<!-- \/ Yoast SEO plugin. -->","yoast_head_json":{"title":"EL MINISTERIO DE PRODUCCI\u00d3N RECIBI\u00d3 A VENADOS MANUFACTURA TRAS EL INCENDIO QUE SUFRI\u00d3 LA F\u00c1BRICA - Apuntes de San Luis","robots":{"index":"index","follow":"follow","max-snippet":"max-snippet:-1","max-image-preview":"max-image-preview:large","max-video-preview":"max-video-preview:-1"},"canonical":"https:\/\/apuntesdesanluis.com\/index.php\/2023\/08\/30\/el-ministerio-de-produccion-recibio-a-venados-manufactura-tras-el-incendio-que-sufrio-la-fabrica\/","og_locale":"es_ES","og_type":"article","og_title":"EL MINISTERIO DE PRODUCCI\u00d3N RECIBI\u00d3 A VENADOS MANUFACTURA TRAS EL INCENDIO QUE SUFRI\u00d3 LA F\u00c1BRICA - Apuntes de San Luis","og_description":"Durante el encuentro que encabez\u00f3 el ministro Marcelo Amitrano, la cartera productiva le manifest\u00f3 su...","og_url":"https:\/\/apuntesdesanluis.com\/index.php\/2023\/08\/30\/el-ministerio-de-produccion-recibio-a-venados-manufactura-tras-el-incendio-que-sufrio-la-fabrica\/","og_site_name":"Apuntes de San Luis","article_published_time":"2023-08-30T22:40:24+00:00","article_modified_time":"2023-08-30T22:41:46+00:00","og_image":[{"width":748,"height":457,"url":"https:\/\/apuntesdesanluis.com\/wp-content\/uploads\/2023\/08\/AMITRANO.png","type":"image\/png"}],"author":"apuntesdesanluis.com","twitter_card":"summary_large_image","twitter_misc":{"Escrito por":"apuntesdesanluis.com","Tiempo de lectura":"2 minutos"},"schema":{"@context":"https:\/\/schema.org","@graph":[{"@type":"Article","@id":"https:\/\/apuntesdesanluis.com\/index.php\/2023\/08\/30\/el-ministerio-de-produccion-recibio-a-venados-manufactura-tras-el-incendio-que-sufrio-la-fabrica\/#article","isPartOf":{"@id":"https:\/\/apuntesdesanluis.com\/index.php\/2023\/08\/30\/el-ministerio-de-produccion-recibio-a-venados-manufactura-tras-el-incendio-que-sufrio-la-fabrica\/"},"author":{"name":"apuntesdesanluis.com","@id":"https:\/\/apuntesdesanluis.com\/#\/schema\/person\/b55151d52296fcce64d1a72538a70b90"},"headline":"EL MINISTERIO DE PRODUCCI\u00d3N RECIBI\u00d3 A VENADOS MANUFACTURA TRAS EL INCENDIO QUE SUFRI\u00d3 LA F\u00c1BRICA","datePublished":"2023-08-30T22:40:24+00:00","dateModified":"2023-08-30T22:41:46+00:00","mainEntityOfPage":{"@id":"https:\/\/apuntesdesanluis.com\/index.php\/2023\/08\/30\/el-ministerio-de-produccion-recibio-a-venados-manufactura-tras-el-incendio-que-sufrio-la-fabrica\/"},"wordCount":283,"publisher":{"@id":"https:\/\/apuntesdesanluis.com\/#\/schema\/person\/b55151d52296fcce64d1a72538a70b90"},"image":{"@id":"https:\/\/apuntesdesanluis.com\/index.php\/2023\/08\/30\/el-ministerio-de-produccion-recibio-a-venados-manufactura-tras-el-incendio-que-sufrio-la-fabrica\/#primaryimage"},"thumbnailUrl":"https:\/\/apuntesdesanluis.com\/wp-content\/uploads\/2023\/08\/AMITRANO.png","articleSection":["Ciudad\/Provincia"],"inLanguage":"es-AR"},{"@type":"WebPage","@id":"https:\/\/apuntesdesanluis.com\/index.php\/2023\/08\/30\/el-ministerio-de-produccion-recibio-a-venados-manufactura-tras-el-incendio-que-sufrio-la-fabrica\/","url":"https:\/\/apuntesdesanluis.com\/index.php\/2023\/08\/30\/el-ministerio-de-produccion-recibio-a-venados-manufactura-tras-el-incendio-que-sufrio-la-fabrica\/","name":"EL MINISTERIO DE PRODUCCI\u00d3N RECIBI\u00d3 A VENADOS MANUFACTURA TRAS EL INCENDIO QUE SUFRI\u00d3 LA F\u00c1BRICA - Apuntes de San Luis","isPartOf":{"@id":"https:\/\/apuntesdesanluis.com\/#website"},"primaryImageOfPage":{"@id":"https:\/\/apuntesdesanluis.com\/index.php\/2023\/08\/30\/el-ministerio-de-produccion-recibio-a-venados-manufactura-tras-el-incendio-que-sufrio-la-fabrica\/#primaryimage"},"image":{"@id":"https:\/\/apuntesdesanluis.com\/index.php\/2023\/08\/30\/el-ministerio-de-produccion-recibio-a-venados-manufactura-tras-el-incendio-que-sufrio-la-fabrica\/#primaryimage"},"thumbnailUrl":"https:\/\/apuntesdesanluis.com\/wp-content\/uploads\/2023\/08\/AMITRANO.png","datePublished":"2023-08-30T22:40:24+00:00","dateModified":"2023-08-30T22:41:46+00:00","breadcrumb":{"@id":"https:\/\/apuntesdesanluis.com\/index.php\/2023\/08\/30\/el-ministerio-de-produccion-recibio-a-venados-manufactura-tras-el-incendio-que-sufrio-la-fabrica\/#breadcrumb"},"inLanguage":"es-AR","potentialAction":[{"@type":"ReadAction","target":["https:\/\/apuntesdesanluis.com\/index.php\/2023\/08\/30\/el-ministerio-de-produccion-recibio-a-venados-manufactura-tras-el-incendio-que-sufrio-la-fabrica\/"]}]},{"@type":"ImageObject","inLanguage":"es-AR","@id":"https:\/\/apuntesdesanluis.com\/index.php\/2023\/08\/30\/el-ministerio-de-produccion-recibio-a-venados-manufactura-tras-el-incendio-que-sufrio-la-fabrica\/#primaryimage","url":"https:\/\/apuntesdesanluis.com\/wp-content\/uploads\/2023\/08\/AMITRANO.png","contentUrl":"https:\/\/apuntesdesanluis.com\/wp-content\/uploads\/2023\/08\/AMITRANO.png","width":748,"height":457},{"@type":"BreadcrumbList","@id":"https:\/\/apuntesdesanluis.com\/index.php\/2023\/08\/30\/el-ministerio-de-produccion-recibio-a-venados-manufactura-tras-el-incendio-que-sufrio-la-fabrica\/#breadcrumb","itemListElement":[{"@type":"ListItem","position":1,"name":"Inicio","item":"https:\/\/apuntesdesanluis.com\/"},{"@type":"ListItem","position":2,"name":"EL MINISTERIO DE PRODUCCI\u00d3N RECIBI\u00d3 A VENADOS MANUFACTURA TRAS EL INCENDIO QUE SUFRI\u00d3 LA F\u00c1BRICA"}]},{"@type":"WebSite","@id":"https:\/\/apuntesdesanluis.com\/#website","url":"https:\/\/apuntesdesanluis.com\/","name":"Apuntes de San Luis","description":"","publisher":{"@id":"https:\/\/apuntesdesanluis.com\/#\/schema\/person\/b55151d52296fcce64d1a72538a70b90"},"potentialAction":[{"@type":"SearchAction","target":{"@type":"EntryPoint","urlTemplate":"https:\/\/apuntesdesanluis.com\/?s={search_term_string}"},"query-input":{"@type":"PropertyValueSpecification","valueRequired":true,"valueName":"search_term_string"}}],"inLanguage":"es-AR"},{"@type":["Person","Organization"],"@id":"https:\/\/apuntesdesanluis.com\/#\/schema\/person\/b55151d52296fcce64d1a72538a70b90","name":"apuntesdesanluis.com","image":{"@type":"ImageObject","inLanguage":"es-AR","@id":"https:\/\/apuntesdesanluis.com\/#\/schema\/person\/image\/","url":"https:\/\/apuntesdesanluis.com\/wp-content\/uploads\/2023\/07\/cropped-apuntesdesanluis.png","contentUrl":"https:\/\/apuntesdesanluis.com\/wp-content\/uploads\/2023\/07\/cropped-apuntesdesanluis.png","width":450,"height":112,"caption":"apuntesdesanluis.com"},"logo":{"@id":"https:\/\/apuntesdesanluis.com\/#\/schema\/person\/image\/"},"sameAs":["https:\/\/apuntesdesanluis.com"],"url":"https:\/\/apuntesdesanluis.com\/index.php\/author\/apuntesdesanluis-com\/"}]}},"featured_image_urls":{"full":["https:\/\/apuntesdesanluis.com\/wp-content\/uploads\/2023\/08\/AMITRANO.png",748,457,false],"thumbnail":["https:\/\/apuntesdesanluis.com\/wp-content\/uploads\/2023\/08\/AMITRANO-150x150.png",150,150,true],"medium":["https:\/\/apuntesdesanluis.com\/wp-content\/uploads\/2023\/08\/AMITRANO-300x183.png",300,183,true],"medium_large":["https:\/\/apuntesdesanluis.com\/wp-content\/uploads\/2023\/08\/AMITRANO.png",640,391,false],"large":["https:\/\/apuntesdesanluis.com\/wp-content\/uploads\/2023\/08\/AMITRANO.png",640,391,false],"1536x1536":["https:\/\/apuntesdesanluis.com\/wp-content\/uploads\/2023\/08\/AMITRANO.png",748,457,false],"2048x2048":["https:\/\/apuntesdesanluis.com\/wp-content\/uploads\/2023\/08\/AMITRANO.png",748,457,false],"newsever-slider-full":["https:\/\/apuntesdesanluis.com\/wp-content\/uploads\/2023\/08\/AMITRANO.png",748,457,false],"newsever-featured":["https:\/\/apuntesdesanluis.com\/wp-content\/uploads\/2023\/08\/AMITRANO.png",748,457,false],"newsever-medium":["https:\/\/apuntesdesanluis.com\/wp-content\/uploads\/2023\/08\/AMITRANO-720x457.png",720,457,true]},"author_info":{"display_name":"apuntesdesanluis.com","author_link":"https:\/\/apuntesdesanluis.com\/index.php\/author\/apuntesdesanluis-com\/"},"category_info":"<a href=\"https:\/\/apuntesdesanluis.com\/index.php\/category\/ciudad-provincia\/\" rel=\"category tag\">Ciudad\/Provincia<\/a>","tag_info":"Ciudad\/Provincia","comment_count":"0","_links":{"self":[{"href":"https:\/\/apuntesdesanluis.com\/index.php\/wp-json\/wp\/v2\/posts\/2395","targetHints":{"allow":["GET"]}}],"collection":[{"href":"https:\/\/apuntesdesanluis.com\/index.php\/wp-json\/wp\/v2\/posts"}],"about":[{"href":"https:\/\/apuntesdesanluis.com\/index.php\/wp-json\/wp\/v2\/types\/post"}],"author":[{"embeddable":true,"href":"https:\/\/apuntesdesanluis.com\/index.php\/wp-json\/wp\/v2\/users\/1"}],"replies":[{"embeddable":true,"href":"https:\/\/apuntesdesanluis.com\/index.php\/wp-json\/wp\/v2\/comments?post=2395"}],"version-history":[{"count":3,"href":"https:\/\/apuntesdesanluis.com\/index.php\/wp-json\/wp\/v2\/posts\/2395\/revisions"}],"predecessor-version":[{"id":2399,"href":"https:\/\/apuntesdesanluis.com\/index.php\/wp-json\/wp\/v2\/posts\/2395\/revisions\/2399"}],"wp:featuredmedia":[{"embeddable":true,"href":"https:\/\/apuntesdesanluis.com\/index.php\/wp-json\/wp\/v2\/media\/2396"}],"wp:attachment":[{"href":"https:\/\/apuntesdesanluis.com\/index.php\/wp-json\/wp\/v2\/media?parent=2395"}],"wp:term":[{"taxonomy":"category","embeddable":true,"href":"https:\/\/apuntesdesanluis.com\/index.php\/wp-json\/wp\/v2\/categories?post=2395"},{"taxonomy":"post_tag","embeddable":true,"href":"https:\/\/apuntesdesanluis.com\/index.php\/wp-json\/wp\/v2\/tags?post=2395"}],"curies":[{"name":"wp","href":"https:\/\/api.w.org\/{rel}","templated":true}]}}