{"id":2400,"date":"2023-08-30T20:50:30","date_gmt":"2023-08-30T23:50:30","guid":{"rendered":"https:\/\/apuntesdesanluis.com\/?p=2400"},"modified":"2023-08-31T08:28:57","modified_gmt":"2023-08-31T11:28:57","slug":"marcelo-sosa-amplio-su-triunfo-en-las-elecciones-de-la-unvime","status":"publish","type":"post","link":"https:\/\/apuntesdesanluis.com\/index.php\/2023\/08\/30\/marcelo-sosa-amplio-su-triunfo-en-las-elecciones-de-la-unvime\/","title":{"rendered":"MARCELO SOSA AMPLI\u00d3 SU TRIUNFO EN LAS ELECCIONES DE LA UNVIME"},"content":{"rendered":"<h3 class=\"yiv7409174924ydp6329976emsonormal\" style=\"background: white;\"><span style=\"font-family: 'Arial','sans-serif'; color: #1d2228;\">El rector electo de la Universidad Nacional de Villa Mercedes, <strong>Marcelo David Sosa<\/strong>, termin\u00f3 ganando las direcciones de las cuatro escuelas, tras la sesi\u00f3n del Consejo Superior que se celebr\u00f3 este mi\u00e9rcoles por la ma\u00f1ana, que pone punto final al proceso electoral que desemboc\u00f3 en las elecciones de renovaci\u00f3n de autoridades el pasado 16 de agosto.<\/span><\/h3>\n<h3 class=\"yiv7409174924ydp6329976emsonormal\" style=\"background: white;\"><span style=\"font-family: 'Arial','sans-serif'; color: #1d2228;\">En la oportunidad se trat\u00f3 la impugnaci\u00f3n que hab\u00eda presentado la Lista 11 \u201cUniversitarios Unidos\u201d, al fallo de la Junta Electoral que &#8211; seg\u00fan su ponderaci\u00f3n &#8211; resolv\u00eda el triunfo en las direcciones de las Escuelas de Ciencias de la Salud y Ciencias Sociales y Educaci\u00f3n, en favor de la lista oficialista que encabez\u00f3 el actual rector <strong>David Rivarola<\/strong>.<\/span><\/h3>\n<h3 class=\"yiv7409174924ydp6329976emsonormal\" style=\"background: white;\"><span style=\"font-family: 'Arial','sans-serif'; color: #1d2228;\">La controversia se gener\u00f3 a partir de diferentes interpretaciones que se hicieron sobre la metodolog\u00eda que deb\u00eda aplicarse en cuanto a la ponderaci\u00f3n de los votos de los claustros de docentes y alumnos. En ambas el oficialismo triunf\u00f3 en el segmento de los profesores, pero perdi\u00f3 por mucha diferencia en el estamento de los alumnos.<\/span><\/h3>\n<h3 class=\"yiv7409174924ydp6329976emsonormal\" style=\"background: white;\"><span style=\"font-family: 'Arial','sans-serif'; color: #1d2228;\">Seg\u00fan el calendario electoral, la reuni\u00f3n del Superior deb\u00eda convocarse para el viernes 1\u00b0 de setiembre, pero imprevistamente el rector dispuso citarla para este mi\u00e9rcoles, lo cual fue cuestionado por los consejeros que responden a Marcelo Sosa, interpretando que fue una maniobra para evitar que fueran reemplazados aquellos representantes que por alg\u00fan motivo se ausentaron, como la directora de la Escuela de Gesti\u00f3n de Empresas y Econom\u00eda, <strong>Mariana Ceballos<\/strong>.<\/span><\/h3>\n<h3 class=\"yiv7409174924ydp6329976emsonormal\" style=\"background: white;\"><span style=\"font-family: 'Arial','sans-serif'; color: #1d2228;\">La sesi\u00f3n se desarroll\u00f3 en un clima de alta tensi\u00f3n, que incluso estuvo a punto de ser levantada por el presidente de la misma, el Dr. Rivarola, por interpretar que la presencia de una consejera suplente era ilegal, porque cuando fue electa ingres\u00f3 por una lista diferente.<\/span><\/h3>\n<h3 class=\"yiv7409174924ydp6329976emsonormal\" style=\"background: white;\"><span style=\"font-family: 'Arial','sans-serif'; color: #1d2228;\">Tras retirarse la misma, las deliberaciones pudieron continuar, pero en cada intervenci\u00f3n los presentes intercambiaron chicanas y acusaciones en torno del esp\u00edritu de la Reforma Universitaria del \u00b418 y la representaci\u00f3n democr\u00e1tica de los claustros, entre otros puntos.<\/span><\/h3>\n<h3 class=\"yiv7409174924ydp6329976emsonormal\" style=\"background: white;\"><span style=\"font-family: 'Arial','sans-serif'; color: #1d2228;\">El momento m\u00e1s tenso se dio cuando finalmente, tras cerca de dos horas y media de discusiones, se vot\u00f3 por la aceptaci\u00f3n o no de la impugnaci\u00f3n presentada por la Lista 11. <\/span><\/h3>\n<h3 class=\"yiv7409174924ydp6329976emsonormal\" style=\"background: white;\"><span style=\"font-family: 'Arial','sans-serif'; color: #1d2228;\">Al parecer la actual gesti\u00f3n present\u00eda que pod\u00eda ganar la votaci\u00f3n, que hasta ese momento parec\u00eda igualada en 9 consejeros por bando, con lo cual desempataba Rivarola. Pero el voto de un estudiante termin\u00f3 por inclinar la balanza hacia la oposici\u00f3n, que termin\u00f3 imponi\u00e9ndose por 10 a 8 votos.<\/span><\/h3>\n<p><iframe title=\"Sesi\u00f3n Extraordinaria Consejo Superior mi\u00e9rcoles 30 de agosto.\" width=\"640\" height=\"360\" src=\"https:\/\/www.youtube.com\/embed\/TM0-Q-zk7F0?start=8564&#038;feature=oembed\" frameborder=\"0\" allow=\"accelerometer; autoplay; clipboard-write; encrypted-media; gyroscope; picture-in-picture; web-share\" referrerpolicy=\"strict-origin-when-cross-origin\" allowfullscreen><\/iframe><\/p>\n<h3 class=\"yiv7409174924ydp6329976emsonormal\" style=\"background: white;\"><span style=\"font-family: 'Arial','sans-serif'; color: #1d2228;\">De acuerdo con el resultado final, el 30 de octubre asumir\u00e1n sus cargos el Dr. <strong>Marcelo Sosa<\/strong> y el Lic. <strong>Santiago Farenga<\/strong> como rector y vicerrector, junto con los directores de las cuatro <strong>Escuelas<\/strong>: <\/span><\/h3>\n<h3 class=\"yiv7409174924ydp6329976emsonormal\" style=\"background: white;\"><span style=\"font-family: 'Arial','sans-serif'; color: #1d2228;\"><strong>&#8211; Paola Mu\u00f1oz<\/strong> (Salud).<\/span><\/h3>\n<h3 class=\"yiv7409174924ydp6329976emsonormal\" style=\"background: white;\"><span style=\"font-family: 'Arial','sans-serif'; color: #1d2228;\"><strong>&#8211; Roxana Tropich<\/strong> (Sociales y Educaci\u00f3n).<\/span><\/h3>\n<h3 class=\"yiv7409174924ydp6329976emsonormal\" style=\"background: white;\"><span style=\"font-family: 'Arial','sans-serif'; color: #1d2228;\"><strong>&#8211; Alejandro Rosa<\/strong> (Ingenier\u00eda y Ciencias Ambientales).<\/span><\/h3>\n<h3 class=\"yiv7409174924ydp6329976emsonormal\" style=\"background: white;\"><span style=\"font-family: 'Arial','sans-serif'; color: #1d2228;\"><strong>&#8211; Diego P\u00e1jaro<\/strong> (Gesti\u00f3n de Empresas y Econom\u00eda).<\/span><\/h3>\n<h3 class=\"yiv7409174924ydp6329976emsonormal\" style=\"background: white;\"><strong><span style=\"font-family: 'Arial','sans-serif'; color: #1d2228;\">Los Directores de los Departamentos:<\/span><\/strong><\/h3>\n<h3 class=\"yiv7409174924ydp6329976emsonormal\" style=\"background: white;\"><span style=\"font-family: 'Arial','sans-serif'; color: #1d2228;\">&#8211; Ciencias B\u00e1sicas, Elvira Quiroga.<\/span><\/h3>\n<h3 class=\"yiv7409174924ydp6329976emsonormal\" style=\"background: white;\"><span style=\"font-family: 'Arial','sans-serif'; color: #1d2228;\">&#8211; Ciencias Aplicadas y Tecnolog\u00eda, Marcelo N\u00fa\u00f1ez. <\/span><\/h3>\n<h3 class=\"yiv7409174924ydp6329976emsonormal\" style=\"background: white;\"><span style=\"font-family: 'Arial','sans-serif'; color: #1d2228;\">Tambi\u00e9n los har\u00e1n los consejeros y representantes de los claustros docentes, alumnos, nodocentes y graduados en los distintos \u00f3rganos colegiados. <\/span><\/h3>\n<h3 class=\"yiv7409174924ydp6329976emsonormal\" style=\"background: white;\"><span style=\"font-family: 'Arial','sans-serif'; color: #1d2228;\">Seg\u00fan trascendi\u00f3, el oficialismo estar\u00eda decidido a apelar el fallo ante la Justicia Federal, aunque tienen conciencia que es poco probable que puedan obtener un fallo favorable a sus pretensiones, en virtud del criterio que suele primar en los estrados judiciales en cuanto al respeto a la <\/span><span style=\"font-family: 'Arial','sans-serif'; color: #1d2228;\">autonom\u00eda universitaria.<\/span><\/h3>\n<h3 class=\"yiv7409174924ydp6329976emsonormal\" style=\"background: white;\"><\/h3>\n<p>&nbsp;<\/p>\n<p>&nbsp;<\/p>\n<p>&nbsp;<\/p>\n","protected":false},"excerpt":{"rendered":"<p>El rector electo de la Universidad Nacional de Villa Mercedes, Marcelo David Sosa, termin\u00f3 ganando&#8230;<\/p>\n","protected":false},"author":1,"featured_media":2402,"comment_status":"closed","ping_status":"closed","sticky":false,"template":"","format":"standard","meta":{"footnotes":""},"categories":[6],"tags":[],"class_list":["post-2400","post","type-post","status-publish","format-standard","has-post-thumbnail","hentry","category-ciudad-provincia"],"yoast_head":"<!-- This site is optimized with the Yoast SEO plugin v26.1.1 - https:\/\/yoast.com\/wordpress\/plugins\/seo\/ -->\n<title>MARCELO SOSA AMPLI\u00d3 SU TRIUNFO EN LAS ELECCIONES DE LA UNVIME - Apuntes de San Luis<\/title>\n<meta name=\"robots\" content=\"index, follow, max-snippet:-1, max-image-preview:large, max-video-preview:-1\" \/>\n<link rel=\"canonical\" href=\"https:\/\/apuntesdesanluis.com\/index.php\/2023\/08\/30\/marcelo-sosa-amplio-su-triunfo-en-las-elecciones-de-la-unvime\/\" \/>\n<meta property=\"og:locale\" content=\"es_ES\" \/>\n<meta property=\"og:type\" content=\"article\" \/>\n<meta property=\"og:title\" content=\"MARCELO SOSA AMPLI\u00d3 SU TRIUNFO EN LAS ELECCIONES DE LA UNVIME - Apuntes de San Luis\" \/>\n<meta property=\"og:description\" content=\"El rector electo de la Universidad Nacional de Villa Mercedes, Marcelo David Sosa, termin\u00f3 ganando...\" \/>\n<meta property=\"og:url\" content=\"https:\/\/apuntesdesanluis.com\/index.php\/2023\/08\/30\/marcelo-sosa-amplio-su-triunfo-en-las-elecciones-de-la-unvime\/\" \/>\n<meta property=\"og:site_name\" content=\"Apuntes de San Luis\" \/>\n<meta property=\"article:published_time\" content=\"2023-08-30T23:50:30+00:00\" \/>\n<meta property=\"article:modified_time\" content=\"2023-08-31T11:28:57+00:00\" \/>\n<meta property=\"og:image\" content=\"https:\/\/apuntesdesanluis.com\/wp-content\/uploads\/2023\/08\/rector-marcelo-sosa.png\" \/>\n\t<meta property=\"og:image:width\" content=\"962\" \/>\n\t<meta property=\"og:image:height\" content=\"634\" \/>\n\t<meta property=\"og:image:type\" content=\"image\/png\" \/>\n<meta name=\"author\" content=\"apuntesdesanluis.com\" \/>\n<meta name=\"twitter:card\" content=\"summary_large_image\" \/>\n<meta name=\"twitter:label1\" content=\"Escrito por\" \/>\n\t<meta name=\"twitter:data1\" content=\"apuntesdesanluis.com\" \/>\n\t<meta name=\"twitter:label2\" content=\"Tiempo de lectura\" \/>\n\t<meta name=\"twitter:data2\" content=\"3 minutos\" \/>\n<script type=\"application\/ld+json\" class=\"yoast-schema-graph\">{\"@context\":\"https:\/\/schema.org\",\"@graph\":[{\"@type\":\"Article\",\"@id\":\"https:\/\/apuntesdesanluis.com\/index.php\/2023\/08\/30\/marcelo-sosa-amplio-su-triunfo-en-las-elecciones-de-la-unvime\/#article\",\"isPartOf\":{\"@id\":\"https:\/\/apuntesdesanluis.com\/index.php\/2023\/08\/30\/marcelo-sosa-amplio-su-triunfo-en-las-elecciones-de-la-unvime\/\"},\"author\":{\"name\":\"apuntesdesanluis.com\",\"@id\":\"https:\/\/apuntesdesanluis.com\/#\/schema\/person\/b55151d52296fcce64d1a72538a70b90\"},\"headline\":\"MARCELO SOSA AMPLI\u00d3 SU TRIUNFO EN LAS ELECCIONES DE LA UNVIME\",\"datePublished\":\"2023-08-30T23:50:30+00:00\",\"dateModified\":\"2023-08-31T11:28:57+00:00\",\"mainEntityOfPage\":{\"@id\":\"https:\/\/apuntesdesanluis.com\/index.php\/2023\/08\/30\/marcelo-sosa-amplio-su-triunfo-en-las-elecciones-de-la-unvime\/\"},\"wordCount\":615,\"publisher\":{\"@id\":\"https:\/\/apuntesdesanluis.com\/#\/schema\/person\/b55151d52296fcce64d1a72538a70b90\"},\"image\":{\"@id\":\"https:\/\/apuntesdesanluis.com\/index.php\/2023\/08\/30\/marcelo-sosa-amplio-su-triunfo-en-las-elecciones-de-la-unvime\/#primaryimage\"},\"thumbnailUrl\":\"https:\/\/apuntesdesanluis.com\/wp-content\/uploads\/2023\/08\/rector-marcelo-sosa.png\",\"articleSection\":[\"Ciudad\/Provincia\"],\"inLanguage\":\"es-AR\"},{\"@type\":\"WebPage\",\"@id\":\"https:\/\/apuntesdesanluis.com\/index.php\/2023\/08\/30\/marcelo-sosa-amplio-su-triunfo-en-las-elecciones-de-la-unvime\/\",\"url\":\"https:\/\/apuntesdesanluis.com\/index.php\/2023\/08\/30\/marcelo-sosa-amplio-su-triunfo-en-las-elecciones-de-la-unvime\/\",\"name\":\"MARCELO SOSA AMPLI\u00d3 SU TRIUNFO EN LAS ELECCIONES DE LA UNVIME - Apuntes de San Luis\",\"isPartOf\":{\"@id\":\"https:\/\/apuntesdesanluis.com\/#website\"},\"primaryImageOfPage\":{\"@id\":\"https:\/\/apuntesdesanluis.com\/index.php\/2023\/08\/30\/marcelo-sosa-amplio-su-triunfo-en-las-elecciones-de-la-unvime\/#primaryimage\"},\"image\":{\"@id\":\"https:\/\/apuntesdesanluis.com\/index.php\/2023\/08\/30\/marcelo-sosa-amplio-su-triunfo-en-las-elecciones-de-la-unvime\/#primaryimage\"},\"thumbnailUrl\":\"https:\/\/apuntesdesanluis.com\/wp-content\/uploads\/2023\/08\/rector-marcelo-sosa.png\",\"datePublished\":\"2023-08-30T23:50:30+00:00\",\"dateModified\":\"2023-08-31T11:28:57+00:00\",\"breadcrumb\":{\"@id\":\"https:\/\/apuntesdesanluis.com\/index.php\/2023\/08\/30\/marcelo-sosa-amplio-su-triunfo-en-las-elecciones-de-la-unvime\/#breadcrumb\"},\"inLanguage\":\"es-AR\",\"potentialAction\":[{\"@type\":\"ReadAction\",\"target\":[\"https:\/\/apuntesdesanluis.com\/index.php\/2023\/08\/30\/marcelo-sosa-amplio-su-triunfo-en-las-elecciones-de-la-unvime\/\"]}]},{\"@type\":\"ImageObject\",\"inLanguage\":\"es-AR\",\"@id\":\"https:\/\/apuntesdesanluis.com\/index.php\/2023\/08\/30\/marcelo-sosa-amplio-su-triunfo-en-las-elecciones-de-la-unvime\/#primaryimage\",\"url\":\"https:\/\/apuntesdesanluis.com\/wp-content\/uploads\/2023\/08\/rector-marcelo-sosa.png\",\"contentUrl\":\"https:\/\/apuntesdesanluis.com\/wp-content\/uploads\/2023\/08\/rector-marcelo-sosa.png\",\"width\":962,\"height\":634},{\"@type\":\"BreadcrumbList\",\"@id\":\"https:\/\/apuntesdesanluis.com\/index.php\/2023\/08\/30\/marcelo-sosa-amplio-su-triunfo-en-las-elecciones-de-la-unvime\/#breadcrumb\",\"itemListElement\":[{\"@type\":\"ListItem\",\"position\":1,\"name\":\"Inicio\",\"item\":\"https:\/\/apuntesdesanluis.com\/\"},{\"@type\":\"ListItem\",\"position\":2,\"name\":\"MARCELO SOSA AMPLI\u00d3 SU TRIUNFO EN LAS ELECCIONES DE LA UNVIME\"}]},{\"@type\":\"WebSite\",\"@id\":\"https:\/\/apuntesdesanluis.com\/#website\",\"url\":\"https:\/\/apuntesdesanluis.com\/\",\"name\":\"Apuntes de San Luis\",\"description\":\"\",\"publisher\":{\"@id\":\"https:\/\/apuntesdesanluis.com\/#\/schema\/person\/b55151d52296fcce64d1a72538a70b90\"},\"potentialAction\":[{\"@type\":\"SearchAction\",\"target\":{\"@type\":\"EntryPoint\",\"urlTemplate\":\"https:\/\/apuntesdesanluis.com\/?s={search_term_string}\"},\"query-input\":{\"@type\":\"PropertyValueSpecification\",\"valueRequired\":true,\"valueName\":\"search_term_string\"}}],\"inLanguage\":\"es-AR\"},{\"@type\":[\"Person\",\"Organization\"],\"@id\":\"https:\/\/apuntesdesanluis.com\/#\/schema\/person\/b55151d52296fcce64d1a72538a70b90\",\"name\":\"apuntesdesanluis.com\",\"image\":{\"@type\":\"ImageObject\",\"inLanguage\":\"es-AR\",\"@id\":\"https:\/\/apuntesdesanluis.com\/#\/schema\/person\/image\/\",\"url\":\"https:\/\/apuntesdesanluis.com\/wp-content\/uploads\/2023\/07\/cropped-apuntesdesanluis.png\",\"contentUrl\":\"https:\/\/apuntesdesanluis.com\/wp-content\/uploads\/2023\/07\/cropped-apuntesdesanluis.png\",\"width\":450,\"height\":112,\"caption\":\"apuntesdesanluis.com\"},\"logo\":{\"@id\":\"https:\/\/apuntesdesanluis.com\/#\/schema\/person\/image\/\"},\"sameAs\":[\"https:\/\/apuntesdesanluis.com\"],\"url\":\"https:\/\/apuntesdesanluis.com\/index.php\/author\/apuntesdesanluis-com\/\"}]}<\/script>\n<!-- \/ Yoast SEO plugin. -->","yoast_head_json":{"title":"MARCELO SOSA AMPLI\u00d3 SU TRIUNFO EN LAS ELECCIONES DE LA UNVIME - Apuntes de San Luis","robots":{"index":"index","follow":"follow","max-snippet":"max-snippet:-1","max-image-preview":"max-image-preview:large","max-video-preview":"max-video-preview:-1"},"canonical":"https:\/\/apuntesdesanluis.com\/index.php\/2023\/08\/30\/marcelo-sosa-amplio-su-triunfo-en-las-elecciones-de-la-unvime\/","og_locale":"es_ES","og_type":"article","og_title":"MARCELO SOSA AMPLI\u00d3 SU TRIUNFO EN LAS ELECCIONES DE LA UNVIME - Apuntes de San Luis","og_description":"El rector electo de la Universidad Nacional de Villa Mercedes, Marcelo David Sosa, termin\u00f3 ganando...","og_url":"https:\/\/apuntesdesanluis.com\/index.php\/2023\/08\/30\/marcelo-sosa-amplio-su-triunfo-en-las-elecciones-de-la-unvime\/","og_site_name":"Apuntes de San Luis","article_published_time":"2023-08-30T23:50:30+00:00","article_modified_time":"2023-08-31T11:28:57+00:00","og_image":[{"width":962,"height":634,"url":"https:\/\/apuntesdesanluis.com\/wp-content\/uploads\/2023\/08\/rector-marcelo-sosa.png","type":"image\/png"}],"author":"apuntesdesanluis.com","twitter_card":"summary_large_image","twitter_misc":{"Escrito por":"apuntesdesanluis.com","Tiempo de lectura":"3 minutos"},"schema":{"@context":"https:\/\/schema.org","@graph":[{"@type":"Article","@id":"https:\/\/apuntesdesanluis.com\/index.php\/2023\/08\/30\/marcelo-sosa-amplio-su-triunfo-en-las-elecciones-de-la-unvime\/#article","isPartOf":{"@id":"https:\/\/apuntesdesanluis.com\/index.php\/2023\/08\/30\/marcelo-sosa-amplio-su-triunfo-en-las-elecciones-de-la-unvime\/"},"author":{"name":"apuntesdesanluis.com","@id":"https:\/\/apuntesdesanluis.com\/#\/schema\/person\/b55151d52296fcce64d1a72538a70b90"},"headline":"MARCELO SOSA AMPLI\u00d3 SU TRIUNFO EN LAS ELECCIONES DE LA UNVIME","datePublished":"2023-08-30T23:50:30+00:00","dateModified":"2023-08-31T11:28:57+00:00","mainEntityOfPage":{"@id":"https:\/\/apuntesdesanluis.com\/index.php\/2023\/08\/30\/marcelo-sosa-amplio-su-triunfo-en-las-elecciones-de-la-unvime\/"},"wordCount":615,"publisher":{"@id":"https:\/\/apuntesdesanluis.com\/#\/schema\/person\/b55151d52296fcce64d1a72538a70b90"},"image":{"@id":"https:\/\/apuntesdesanluis.com\/index.php\/2023\/08\/30\/marcelo-sosa-amplio-su-triunfo-en-las-elecciones-de-la-unvime\/#primaryimage"},"thumbnailUrl":"https:\/\/apuntesdesanluis.com\/wp-content\/uploads\/2023\/08\/rector-marcelo-sosa.png","articleSection":["Ciudad\/Provincia"],"inLanguage":"es-AR"},{"@type":"WebPage","@id":"https:\/\/apuntesdesanluis.com\/index.php\/2023\/08\/30\/marcelo-sosa-amplio-su-triunfo-en-las-elecciones-de-la-unvime\/","url":"https:\/\/apuntesdesanluis.com\/index.php\/2023\/08\/30\/marcelo-sosa-amplio-su-triunfo-en-las-elecciones-de-la-unvime\/","name":"MARCELO SOSA AMPLI\u00d3 SU TRIUNFO EN LAS ELECCIONES DE LA UNVIME - Apuntes de San Luis","isPartOf":{"@id":"https:\/\/apuntesdesanluis.com\/#website"},"primaryImageOfPage":{"@id":"https:\/\/apuntesdesanluis.com\/index.php\/2023\/08\/30\/marcelo-sosa-amplio-su-triunfo-en-las-elecciones-de-la-unvime\/#primaryimage"},"image":{"@id":"https:\/\/apuntesdesanluis.com\/index.php\/2023\/08\/30\/marcelo-sosa-amplio-su-triunfo-en-las-elecciones-de-la-unvime\/#primaryimage"},"thumbnailUrl":"https:\/\/apuntesdesanluis.com\/wp-content\/uploads\/2023\/08\/rector-marcelo-sosa.png","datePublished":"2023-08-30T23:50:30+00:00","dateModified":"2023-08-31T11:28:57+00:00","breadcrumb":{"@id":"https:\/\/apuntesdesanluis.com\/index.php\/2023\/08\/30\/marcelo-sosa-amplio-su-triunfo-en-las-elecciones-de-la-unvime\/#breadcrumb"},"inLanguage":"es-AR","potentialAction":[{"@type":"ReadAction","target":["https:\/\/apuntesdesanluis.com\/index.php\/2023\/08\/30\/marcelo-sosa-amplio-su-triunfo-en-las-elecciones-de-la-unvime\/"]}]},{"@type":"ImageObject","inLanguage":"es-AR","@id":"https:\/\/apuntesdesanluis.com\/index.php\/2023\/08\/30\/marcelo-sosa-amplio-su-triunfo-en-las-elecciones-de-la-unvime\/#primaryimage","url":"https:\/\/apuntesdesanluis.com\/wp-content\/uploads\/2023\/08\/rector-marcelo-sosa.png","contentUrl":"https:\/\/apuntesdesanluis.com\/wp-content\/uploads\/2023\/08\/rector-marcelo-sosa.png","width":962,"height":634},{"@type":"BreadcrumbList","@id":"https:\/\/apuntesdesanluis.com\/index.php\/2023\/08\/30\/marcelo-sosa-amplio-su-triunfo-en-las-elecciones-de-la-unvime\/#breadcrumb","itemListElement":[{"@type":"ListItem","position":1,"name":"Inicio","item":"https:\/\/apuntesdesanluis.com\/"},{"@type":"ListItem","position":2,"name":"MARCELO SOSA AMPLI\u00d3 SU TRIUNFO EN LAS ELECCIONES DE LA UNVIME"}]},{"@type":"WebSite","@id":"https:\/\/apuntesdesanluis.com\/#website","url":"https:\/\/apuntesdesanluis.com\/","name":"Apuntes de San Luis","description":"","publisher":{"@id":"https:\/\/apuntesdesanluis.com\/#\/schema\/person\/b55151d52296fcce64d1a72538a70b90"},"potentialAction":[{"@type":"SearchAction","target":{"@type":"EntryPoint","urlTemplate":"https:\/\/apuntesdesanluis.com\/?s={search_term_string}"},"query-input":{"@type":"PropertyValueSpecification","valueRequired":true,"valueName":"search_term_string"}}],"inLanguage":"es-AR"},{"@type":["Person","Organization"],"@id":"https:\/\/apuntesdesanluis.com\/#\/schema\/person\/b55151d52296fcce64d1a72538a70b90","name":"apuntesdesanluis.com","image":{"@type":"ImageObject","inLanguage":"es-AR","@id":"https:\/\/apuntesdesanluis.com\/#\/schema\/person\/image\/","url":"https:\/\/apuntesdesanluis.com\/wp-content\/uploads\/2023\/07\/cropped-apuntesdesanluis.png","contentUrl":"https:\/\/apuntesdesanluis.com\/wp-content\/uploads\/2023\/07\/cropped-apuntesdesanluis.png","width":450,"height":112,"caption":"apuntesdesanluis.com"},"logo":{"@id":"https:\/\/apuntesdesanluis.com\/#\/schema\/person\/image\/"},"sameAs":["https:\/\/apuntesdesanluis.com"],"url":"https:\/\/apuntesdesanluis.com\/index.php\/author\/apuntesdesanluis-com\/"}]}},"featured_image_urls":{"full":["https:\/\/apuntesdesanluis.com\/wp-content\/uploads\/2023\/08\/rector-marcelo-sosa.png",962,634,false],"thumbnail":["https:\/\/apuntesdesanluis.com\/wp-content\/uploads\/2023\/08\/rector-marcelo-sosa-150x150.png",150,150,true],"medium":["https:\/\/apuntesdesanluis.com\/wp-content\/uploads\/2023\/08\/rector-marcelo-sosa-300x198.png",300,198,true],"medium_large":["https:\/\/apuntesdesanluis.com\/wp-content\/uploads\/2023\/08\/rector-marcelo-sosa-768x506.png",640,422,true],"large":["https:\/\/apuntesdesanluis.com\/wp-content\/uploads\/2023\/08\/rector-marcelo-sosa.png",640,422,false],"1536x1536":["https:\/\/apuntesdesanluis.com\/wp-content\/uploads\/2023\/08\/rector-marcelo-sosa.png",962,634,false],"2048x2048":["https:\/\/apuntesdesanluis.com\/wp-content\/uploads\/2023\/08\/rector-marcelo-sosa.png",962,634,false],"newsever-slider-full":["https:\/\/apuntesdesanluis.com\/wp-content\/uploads\/2023\/08\/rector-marcelo-sosa.png",962,634,false],"newsever-featured":["https:\/\/apuntesdesanluis.com\/wp-content\/uploads\/2023\/08\/rector-marcelo-sosa.png",962,634,false],"newsever-medium":["https:\/\/apuntesdesanluis.com\/wp-content\/uploads\/2023\/08\/rector-marcelo-sosa-720x475.png",720,475,true]},"author_info":{"display_name":"apuntesdesanluis.com","author_link":"https:\/\/apuntesdesanluis.com\/index.php\/author\/apuntesdesanluis-com\/"},"category_info":"<a href=\"https:\/\/apuntesdesanluis.com\/index.php\/category\/ciudad-provincia\/\" rel=\"category tag\">Ciudad\/Provincia<\/a>","tag_info":"Ciudad\/Provincia","comment_count":"0","_links":{"self":[{"href":"https:\/\/apuntesdesanluis.com\/index.php\/wp-json\/wp\/v2\/posts\/2400","targetHints":{"allow":["GET"]}}],"collection":[{"href":"https:\/\/apuntesdesanluis.com\/index.php\/wp-json\/wp\/v2\/posts"}],"about":[{"href":"https:\/\/apuntesdesanluis.com\/index.php\/wp-json\/wp\/v2\/types\/post"}],"author":[{"embeddable":true,"href":"https:\/\/apuntesdesanluis.com\/index.php\/wp-json\/wp\/v2\/users\/1"}],"replies":[{"embeddable":true,"href":"https:\/\/apuntesdesanluis.com\/index.php\/wp-json\/wp\/v2\/comments?post=2400"}],"version-history":[{"count":8,"href":"https:\/\/apuntesdesanluis.com\/index.php\/wp-json\/wp\/v2\/posts\/2400\/revisions"}],"predecessor-version":[{"id":2426,"href":"https:\/\/apuntesdesanluis.com\/index.php\/wp-json\/wp\/v2\/posts\/2400\/revisions\/2426"}],"wp:featuredmedia":[{"embeddable":true,"href":"https:\/\/apuntesdesanluis.com\/index.php\/wp-json\/wp\/v2\/media\/2402"}],"wp:attachment":[{"href":"https:\/\/apuntesdesanluis.com\/index.php\/wp-json\/wp\/v2\/media?parent=2400"}],"wp:term":[{"taxonomy":"category","embeddable":true,"href":"https:\/\/apuntesdesanluis.com\/index.php\/wp-json\/wp\/v2\/categories?post=2400"},{"taxonomy":"post_tag","embeddable":true,"href":"https:\/\/apuntesdesanluis.com\/index.php\/wp-json\/wp\/v2\/tags?post=2400"}],"curies":[{"name":"wp","href":"https:\/\/api.w.org\/{rel}","templated":true}]}}