{"id":24007,"date":"2024-10-17T19:12:54","date_gmt":"2024-10-17T22:12:54","guid":{"rendered":"https:\/\/apuntesdesanluis.com\/?p=24007"},"modified":"2024-10-17T19:12:54","modified_gmt":"2024-10-17T22:12:54","slug":"poggi-anticipo-un-nuevo-sistema-de-autogestion-en-la-salud-publica","status":"publish","type":"post","link":"https:\/\/apuntesdesanluis.com\/index.php\/2024\/10\/17\/poggi-anticipo-un-nuevo-sistema-de-autogestion-en-la-salud-publica\/","title":{"rendered":"POGGI ANTICIP\u00d3 UN NUEVO SISTEMA DE AUTOGESTI\u00d3N EN LA SALUD P\u00daBLICA"},"content":{"rendered":"<h3>El gobernador <strong>Claudio Poggi<\/strong> lo anticip\u00f3 este jueves en su visita al <strong>Policl\u00ednico Regional de Villa Mercedes<\/strong>. \u201cSignifica que el hospital p\u00fablico va a seguir atendiendo a todo el mundo, ahora si uno viene con una prepaga como OSDE u obras sociales como Osecac, o DOSPU tambi\u00e9n hay que atenderlo, pero el Estado le va a cobrar despu\u00e9s a esa prepaga u obra social\u201d, resumi\u00f3.<\/h3>\n<h3>Coment\u00f3 que hoy el Estado factura una cifra muy baja, por lo que est\u00e1 subsidiando desde el hospital p\u00fablico a la medicina privada. Asegur\u00f3 que eso es lo que van a corregir, porque adem\u00e1s hasta ahora la Naci\u00f3n era una especie de garante si la obra social no pagaba, pero ya dej\u00f3 de serlo.<\/h3>\n<h3>\u201cDe esta crisis surge una oportunidad. Vamos a ajustar el nomenclador a lo que corresponde, siempre siendo razonables. Crearemos un nuevo sistema de recupero de gastos y le vamos a facturar a la obra social de manera directa, firmando convenios con cada una de ellas\u201d, dijo Poggi, quien agreg\u00f3 que \u201cen esta \u00e9poca de vacas flacas creci\u00f3 la demanda en el sistema p\u00fablico de salud, entonces tenemos que ayudar a financiarlo\u201d.<\/h3>\n<h3>Hay una propuesta en la ley que prev\u00e9 que el 40% de esa recaudaci\u00f3n ir\u00e1 a salarios del personal de salud, otro 30% se invertir\u00e1 en el funcionamiento y equipamiento del hospital donde se gener\u00f3 la autogesti\u00f3n y el restante 30% se va a redistribuir de manera solidaria donde no hay tantos ingresos, sobre todo teniendo en cuenta que la Provincia dej\u00f3 de recibir algunos aportes.<\/h3>\n<h3>Teresa Nigra, la ministra de Salud, ir\u00e1 la semana que viene a la Legislatura a contar m\u00e1s detalles del proyecto de ley. \u201cEsto significa un recambio del sistema actual, producto de que se desregul\u00f3, ser\u00e1 uno propio, con trato directo con cada obra social o prepaga. Y de paso aprovechamos para actualizar los aranceles porque una consulta m\u00e9dica nosotros la cobramos hoy $1.200, as\u00ed viniera una persona que tiene OSDE, y esos son recursos p\u00fablicos\u201d, finaliz\u00f3 el gobernador.<\/h3>\n<p><iframe title=\"Claudio Poggi habla sobre la autogestion en el hospital de Villa Mercedes\" width=\"640\" height=\"360\" src=\"https:\/\/www.youtube.com\/embed\/Ay9R9RcVm5k?feature=oembed\" frameborder=\"0\" allow=\"accelerometer; autoplay; clipboard-write; encrypted-media; gyroscope; picture-in-picture; web-share\" referrerpolicy=\"strict-origin-when-cross-origin\" allowfullscreen><\/iframe><\/p>\n<p>&nbsp;<\/p>\n<p>&nbsp;<\/p>\n<p>&nbsp;<\/p>\n<p>&nbsp;<\/p>\n<p>&nbsp;<\/p>\n<p>&nbsp;<\/p>\n","protected":false},"excerpt":{"rendered":"<p>El gobernador Claudio Poggi lo anticip\u00f3 este jueves en su visita al Policl\u00ednico Regional de&#8230;<\/p>\n","protected":false},"author":1,"featured_media":24008,"comment_status":"closed","ping_status":"closed","sticky":false,"template":"","format":"standard","meta":{"footnotes":""},"categories":[6],"tags":[],"class_list":["post-24007","post","type-post","status-publish","format-standard","has-post-thumbnail","hentry","category-ciudad-provincia"],"yoast_head":"<!-- This site is optimized with the Yoast SEO plugin v26.1.1 - https:\/\/yoast.com\/wordpress\/plugins\/seo\/ -->\n<title>POGGI ANTICIP\u00d3 UN NUEVO SISTEMA DE AUTOGESTI\u00d3N EN LA SALUD P\u00daBLICA - Apuntes de San Luis<\/title>\n<meta name=\"robots\" content=\"index, follow, max-snippet:-1, max-image-preview:large, max-video-preview:-1\" \/>\n<link rel=\"canonical\" href=\"https:\/\/apuntesdesanluis.com\/index.php\/2024\/10\/17\/poggi-anticipo-un-nuevo-sistema-de-autogestion-en-la-salud-publica\/\" \/>\n<meta property=\"og:locale\" content=\"es_ES\" \/>\n<meta property=\"og:type\" content=\"article\" \/>\n<meta property=\"og:title\" content=\"POGGI ANTICIP\u00d3 UN NUEVO SISTEMA DE AUTOGESTI\u00d3N EN LA SALUD P\u00daBLICA - Apuntes de San Luis\" \/>\n<meta property=\"og:description\" content=\"El gobernador Claudio Poggi lo anticip\u00f3 este jueves en su visita al Policl\u00ednico Regional de...\" \/>\n<meta property=\"og:url\" content=\"https:\/\/apuntesdesanluis.com\/index.php\/2024\/10\/17\/poggi-anticipo-un-nuevo-sistema-de-autogestion-en-la-salud-publica\/\" \/>\n<meta property=\"og:site_name\" content=\"Apuntes de San Luis\" \/>\n<meta property=\"article:published_time\" content=\"2024-10-17T22:12:54+00:00\" \/>\n<meta property=\"og:image\" content=\"https:\/\/apuntesdesanluis.com\/wp-content\/uploads\/2024\/10\/claudio-poggi-gober.png\" \/>\n\t<meta property=\"og:image:width\" content=\"601\" \/>\n\t<meta property=\"og:image:height\" content=\"386\" \/>\n\t<meta property=\"og:image:type\" content=\"image\/png\" \/>\n<meta name=\"author\" content=\"apuntesdesanluis.com\" \/>\n<meta name=\"twitter:card\" content=\"summary_large_image\" \/>\n<meta name=\"twitter:label1\" content=\"Escrito por\" \/>\n\t<meta name=\"twitter:data1\" content=\"apuntesdesanluis.com\" \/>\n\t<meta name=\"twitter:label2\" content=\"Tiempo de lectura\" \/>\n\t<meta name=\"twitter:data2\" content=\"2 minutos\" \/>\n<script type=\"application\/ld+json\" class=\"yoast-schema-graph\">{\"@context\":\"https:\/\/schema.org\",\"@graph\":[{\"@type\":\"Article\",\"@id\":\"https:\/\/apuntesdesanluis.com\/index.php\/2024\/10\/17\/poggi-anticipo-un-nuevo-sistema-de-autogestion-en-la-salud-publica\/#article\",\"isPartOf\":{\"@id\":\"https:\/\/apuntesdesanluis.com\/index.php\/2024\/10\/17\/poggi-anticipo-un-nuevo-sistema-de-autogestion-en-la-salud-publica\/\"},\"author\":{\"name\":\"apuntesdesanluis.com\",\"@id\":\"https:\/\/apuntesdesanluis.com\/#\/schema\/person\/b55151d52296fcce64d1a72538a70b90\"},\"headline\":\"POGGI ANTICIP\u00d3 UN NUEVO SISTEMA DE AUTOGESTI\u00d3N EN LA SALUD P\u00daBLICA\",\"datePublished\":\"2024-10-17T22:12:54+00:00\",\"mainEntityOfPage\":{\"@id\":\"https:\/\/apuntesdesanluis.com\/index.php\/2024\/10\/17\/poggi-anticipo-un-nuevo-sistema-de-autogestion-en-la-salud-publica\/\"},\"wordCount\":371,\"publisher\":{\"@id\":\"https:\/\/apuntesdesanluis.com\/#\/schema\/person\/b55151d52296fcce64d1a72538a70b90\"},\"image\":{\"@id\":\"https:\/\/apuntesdesanluis.com\/index.php\/2024\/10\/17\/poggi-anticipo-un-nuevo-sistema-de-autogestion-en-la-salud-publica\/#primaryimage\"},\"thumbnailUrl\":\"https:\/\/apuntesdesanluis.com\/wp-content\/uploads\/2024\/10\/claudio-poggi-gober.png\",\"articleSection\":[\"Ciudad\/Provincia\"],\"inLanguage\":\"es-AR\"},{\"@type\":\"WebPage\",\"@id\":\"https:\/\/apuntesdesanluis.com\/index.php\/2024\/10\/17\/poggi-anticipo-un-nuevo-sistema-de-autogestion-en-la-salud-publica\/\",\"url\":\"https:\/\/apuntesdesanluis.com\/index.php\/2024\/10\/17\/poggi-anticipo-un-nuevo-sistema-de-autogestion-en-la-salud-publica\/\",\"name\":\"POGGI ANTICIP\u00d3 UN NUEVO SISTEMA DE AUTOGESTI\u00d3N EN LA SALUD P\u00daBLICA - Apuntes de San Luis\",\"isPartOf\":{\"@id\":\"https:\/\/apuntesdesanluis.com\/#website\"},\"primaryImageOfPage\":{\"@id\":\"https:\/\/apuntesdesanluis.com\/index.php\/2024\/10\/17\/poggi-anticipo-un-nuevo-sistema-de-autogestion-en-la-salud-publica\/#primaryimage\"},\"image\":{\"@id\":\"https:\/\/apuntesdesanluis.com\/index.php\/2024\/10\/17\/poggi-anticipo-un-nuevo-sistema-de-autogestion-en-la-salud-publica\/#primaryimage\"},\"thumbnailUrl\":\"https:\/\/apuntesdesanluis.com\/wp-content\/uploads\/2024\/10\/claudio-poggi-gober.png\",\"datePublished\":\"2024-10-17T22:12:54+00:00\",\"breadcrumb\":{\"@id\":\"https:\/\/apuntesdesanluis.com\/index.php\/2024\/10\/17\/poggi-anticipo-un-nuevo-sistema-de-autogestion-en-la-salud-publica\/#breadcrumb\"},\"inLanguage\":\"es-AR\",\"potentialAction\":[{\"@type\":\"ReadAction\",\"target\":[\"https:\/\/apuntesdesanluis.com\/index.php\/2024\/10\/17\/poggi-anticipo-un-nuevo-sistema-de-autogestion-en-la-salud-publica\/\"]}]},{\"@type\":\"ImageObject\",\"inLanguage\":\"es-AR\",\"@id\":\"https:\/\/apuntesdesanluis.com\/index.php\/2024\/10\/17\/poggi-anticipo-un-nuevo-sistema-de-autogestion-en-la-salud-publica\/#primaryimage\",\"url\":\"https:\/\/apuntesdesanluis.com\/wp-content\/uploads\/2024\/10\/claudio-poggi-gober.png\",\"contentUrl\":\"https:\/\/apuntesdesanluis.com\/wp-content\/uploads\/2024\/10\/claudio-poggi-gober.png\",\"width\":601,\"height\":386},{\"@type\":\"BreadcrumbList\",\"@id\":\"https:\/\/apuntesdesanluis.com\/index.php\/2024\/10\/17\/poggi-anticipo-un-nuevo-sistema-de-autogestion-en-la-salud-publica\/#breadcrumb\",\"itemListElement\":[{\"@type\":\"ListItem\",\"position\":1,\"name\":\"Inicio\",\"item\":\"https:\/\/apuntesdesanluis.com\/\"},{\"@type\":\"ListItem\",\"position\":2,\"name\":\"POGGI ANTICIP\u00d3 UN NUEVO SISTEMA DE AUTOGESTI\u00d3N EN LA SALUD P\u00daBLICA\"}]},{\"@type\":\"WebSite\",\"@id\":\"https:\/\/apuntesdesanluis.com\/#website\",\"url\":\"https:\/\/apuntesdesanluis.com\/\",\"name\":\"Apuntes de San Luis\",\"description\":\"\",\"publisher\":{\"@id\":\"https:\/\/apuntesdesanluis.com\/#\/schema\/person\/b55151d52296fcce64d1a72538a70b90\"},\"potentialAction\":[{\"@type\":\"SearchAction\",\"target\":{\"@type\":\"EntryPoint\",\"urlTemplate\":\"https:\/\/apuntesdesanluis.com\/?s={search_term_string}\"},\"query-input\":{\"@type\":\"PropertyValueSpecification\",\"valueRequired\":true,\"valueName\":\"search_term_string\"}}],\"inLanguage\":\"es-AR\"},{\"@type\":[\"Person\",\"Organization\"],\"@id\":\"https:\/\/apuntesdesanluis.com\/#\/schema\/person\/b55151d52296fcce64d1a72538a70b90\",\"name\":\"apuntesdesanluis.com\",\"image\":{\"@type\":\"ImageObject\",\"inLanguage\":\"es-AR\",\"@id\":\"https:\/\/apuntesdesanluis.com\/#\/schema\/person\/image\/\",\"url\":\"https:\/\/apuntesdesanluis.com\/wp-content\/uploads\/2023\/07\/cropped-apuntesdesanluis.png\",\"contentUrl\":\"https:\/\/apuntesdesanluis.com\/wp-content\/uploads\/2023\/07\/cropped-apuntesdesanluis.png\",\"width\":450,\"height\":112,\"caption\":\"apuntesdesanluis.com\"},\"logo\":{\"@id\":\"https:\/\/apuntesdesanluis.com\/#\/schema\/person\/image\/\"},\"sameAs\":[\"https:\/\/apuntesdesanluis.com\"],\"url\":\"https:\/\/apuntesdesanluis.com\/index.php\/author\/apuntesdesanluis-com\/\"}]}<\/script>\n<!-- \/ Yoast SEO plugin. -->","yoast_head_json":{"title":"POGGI ANTICIP\u00d3 UN NUEVO SISTEMA DE AUTOGESTI\u00d3N EN LA SALUD P\u00daBLICA - Apuntes de San Luis","robots":{"index":"index","follow":"follow","max-snippet":"max-snippet:-1","max-image-preview":"max-image-preview:large","max-video-preview":"max-video-preview:-1"},"canonical":"https:\/\/apuntesdesanluis.com\/index.php\/2024\/10\/17\/poggi-anticipo-un-nuevo-sistema-de-autogestion-en-la-salud-publica\/","og_locale":"es_ES","og_type":"article","og_title":"POGGI ANTICIP\u00d3 UN NUEVO SISTEMA DE AUTOGESTI\u00d3N EN LA SALUD P\u00daBLICA - Apuntes de San Luis","og_description":"El gobernador Claudio Poggi lo anticip\u00f3 este jueves en su visita al Policl\u00ednico Regional de...","og_url":"https:\/\/apuntesdesanluis.com\/index.php\/2024\/10\/17\/poggi-anticipo-un-nuevo-sistema-de-autogestion-en-la-salud-publica\/","og_site_name":"Apuntes de San Luis","article_published_time":"2024-10-17T22:12:54+00:00","og_image":[{"width":601,"height":386,"url":"https:\/\/apuntesdesanluis.com\/wp-content\/uploads\/2024\/10\/claudio-poggi-gober.png","type":"image\/png"}],"author":"apuntesdesanluis.com","twitter_card":"summary_large_image","twitter_misc":{"Escrito por":"apuntesdesanluis.com","Tiempo de lectura":"2 minutos"},"schema":{"@context":"https:\/\/schema.org","@graph":[{"@type":"Article","@id":"https:\/\/apuntesdesanluis.com\/index.php\/2024\/10\/17\/poggi-anticipo-un-nuevo-sistema-de-autogestion-en-la-salud-publica\/#article","isPartOf":{"@id":"https:\/\/apuntesdesanluis.com\/index.php\/2024\/10\/17\/poggi-anticipo-un-nuevo-sistema-de-autogestion-en-la-salud-publica\/"},"author":{"name":"apuntesdesanluis.com","@id":"https:\/\/apuntesdesanluis.com\/#\/schema\/person\/b55151d52296fcce64d1a72538a70b90"},"headline":"POGGI ANTICIP\u00d3 UN NUEVO SISTEMA DE AUTOGESTI\u00d3N EN LA SALUD P\u00daBLICA","datePublished":"2024-10-17T22:12:54+00:00","mainEntityOfPage":{"@id":"https:\/\/apuntesdesanluis.com\/index.php\/2024\/10\/17\/poggi-anticipo-un-nuevo-sistema-de-autogestion-en-la-salud-publica\/"},"wordCount":371,"publisher":{"@id":"https:\/\/apuntesdesanluis.com\/#\/schema\/person\/b55151d52296fcce64d1a72538a70b90"},"image":{"@id":"https:\/\/apuntesdesanluis.com\/index.php\/2024\/10\/17\/poggi-anticipo-un-nuevo-sistema-de-autogestion-en-la-salud-publica\/#primaryimage"},"thumbnailUrl":"https:\/\/apuntesdesanluis.com\/wp-content\/uploads\/2024\/10\/claudio-poggi-gober.png","articleSection":["Ciudad\/Provincia"],"inLanguage":"es-AR"},{"@type":"WebPage","@id":"https:\/\/apuntesdesanluis.com\/index.php\/2024\/10\/17\/poggi-anticipo-un-nuevo-sistema-de-autogestion-en-la-salud-publica\/","url":"https:\/\/apuntesdesanluis.com\/index.php\/2024\/10\/17\/poggi-anticipo-un-nuevo-sistema-de-autogestion-en-la-salud-publica\/","name":"POGGI ANTICIP\u00d3 UN NUEVO SISTEMA DE AUTOGESTI\u00d3N EN LA SALUD P\u00daBLICA - Apuntes de San Luis","isPartOf":{"@id":"https:\/\/apuntesdesanluis.com\/#website"},"primaryImageOfPage":{"@id":"https:\/\/apuntesdesanluis.com\/index.php\/2024\/10\/17\/poggi-anticipo-un-nuevo-sistema-de-autogestion-en-la-salud-publica\/#primaryimage"},"image":{"@id":"https:\/\/apuntesdesanluis.com\/index.php\/2024\/10\/17\/poggi-anticipo-un-nuevo-sistema-de-autogestion-en-la-salud-publica\/#primaryimage"},"thumbnailUrl":"https:\/\/apuntesdesanluis.com\/wp-content\/uploads\/2024\/10\/claudio-poggi-gober.png","datePublished":"2024-10-17T22:12:54+00:00","breadcrumb":{"@id":"https:\/\/apuntesdesanluis.com\/index.php\/2024\/10\/17\/poggi-anticipo-un-nuevo-sistema-de-autogestion-en-la-salud-publica\/#breadcrumb"},"inLanguage":"es-AR","potentialAction":[{"@type":"ReadAction","target":["https:\/\/apuntesdesanluis.com\/index.php\/2024\/10\/17\/poggi-anticipo-un-nuevo-sistema-de-autogestion-en-la-salud-publica\/"]}]},{"@type":"ImageObject","inLanguage":"es-AR","@id":"https:\/\/apuntesdesanluis.com\/index.php\/2024\/10\/17\/poggi-anticipo-un-nuevo-sistema-de-autogestion-en-la-salud-publica\/#primaryimage","url":"https:\/\/apuntesdesanluis.com\/wp-content\/uploads\/2024\/10\/claudio-poggi-gober.png","contentUrl":"https:\/\/apuntesdesanluis.com\/wp-content\/uploads\/2024\/10\/claudio-poggi-gober.png","width":601,"height":386},{"@type":"BreadcrumbList","@id":"https:\/\/apuntesdesanluis.com\/index.php\/2024\/10\/17\/poggi-anticipo-un-nuevo-sistema-de-autogestion-en-la-salud-publica\/#breadcrumb","itemListElement":[{"@type":"ListItem","position":1,"name":"Inicio","item":"https:\/\/apuntesdesanluis.com\/"},{"@type":"ListItem","position":2,"name":"POGGI ANTICIP\u00d3 UN NUEVO SISTEMA DE AUTOGESTI\u00d3N EN LA SALUD P\u00daBLICA"}]},{"@type":"WebSite","@id":"https:\/\/apuntesdesanluis.com\/#website","url":"https:\/\/apuntesdesanluis.com\/","name":"Apuntes de San Luis","description":"","publisher":{"@id":"https:\/\/apuntesdesanluis.com\/#\/schema\/person\/b55151d52296fcce64d1a72538a70b90"},"potentialAction":[{"@type":"SearchAction","target":{"@type":"EntryPoint","urlTemplate":"https:\/\/apuntesdesanluis.com\/?s={search_term_string}"},"query-input":{"@type":"PropertyValueSpecification","valueRequired":true,"valueName":"search_term_string"}}],"inLanguage":"es-AR"},{"@type":["Person","Organization"],"@id":"https:\/\/apuntesdesanluis.com\/#\/schema\/person\/b55151d52296fcce64d1a72538a70b90","name":"apuntesdesanluis.com","image":{"@type":"ImageObject","inLanguage":"es-AR","@id":"https:\/\/apuntesdesanluis.com\/#\/schema\/person\/image\/","url":"https:\/\/apuntesdesanluis.com\/wp-content\/uploads\/2023\/07\/cropped-apuntesdesanluis.png","contentUrl":"https:\/\/apuntesdesanluis.com\/wp-content\/uploads\/2023\/07\/cropped-apuntesdesanluis.png","width":450,"height":112,"caption":"apuntesdesanluis.com"},"logo":{"@id":"https:\/\/apuntesdesanluis.com\/#\/schema\/person\/image\/"},"sameAs":["https:\/\/apuntesdesanluis.com"],"url":"https:\/\/apuntesdesanluis.com\/index.php\/author\/apuntesdesanluis-com\/"}]}},"featured_image_urls":{"full":["https:\/\/apuntesdesanluis.com\/wp-content\/uploads\/2024\/10\/claudio-poggi-gober.png",601,386,false],"thumbnail":["https:\/\/apuntesdesanluis.com\/wp-content\/uploads\/2024\/10\/claudio-poggi-gober-150x150.png",150,150,true],"medium":["https:\/\/apuntesdesanluis.com\/wp-content\/uploads\/2024\/10\/claudio-poggi-gober-300x193.png",300,193,true],"medium_large":["https:\/\/apuntesdesanluis.com\/wp-content\/uploads\/2024\/10\/claudio-poggi-gober.png",601,386,false],"large":["https:\/\/apuntesdesanluis.com\/wp-content\/uploads\/2024\/10\/claudio-poggi-gober.png",601,386,false],"1536x1536":["https:\/\/apuntesdesanluis.com\/wp-content\/uploads\/2024\/10\/claudio-poggi-gober.png",601,386,false],"2048x2048":["https:\/\/apuntesdesanluis.com\/wp-content\/uploads\/2024\/10\/claudio-poggi-gober.png",601,386,false],"newsever-slider-full":["https:\/\/apuntesdesanluis.com\/wp-content\/uploads\/2024\/10\/claudio-poggi-gober.png",601,386,false],"newsever-featured":["https:\/\/apuntesdesanluis.com\/wp-content\/uploads\/2024\/10\/claudio-poggi-gober.png",601,386,false],"newsever-medium":["https:\/\/apuntesdesanluis.com\/wp-content\/uploads\/2024\/10\/claudio-poggi-gober.png",601,386,false]},"author_info":{"display_name":"apuntesdesanluis.com","author_link":"https:\/\/apuntesdesanluis.com\/index.php\/author\/apuntesdesanluis-com\/"},"category_info":"<a href=\"https:\/\/apuntesdesanluis.com\/index.php\/category\/ciudad-provincia\/\" rel=\"category tag\">Ciudad\/Provincia<\/a>","tag_info":"Ciudad\/Provincia","comment_count":"0","_links":{"self":[{"href":"https:\/\/apuntesdesanluis.com\/index.php\/wp-json\/wp\/v2\/posts\/24007","targetHints":{"allow":["GET"]}}],"collection":[{"href":"https:\/\/apuntesdesanluis.com\/index.php\/wp-json\/wp\/v2\/posts"}],"about":[{"href":"https:\/\/apuntesdesanluis.com\/index.php\/wp-json\/wp\/v2\/types\/post"}],"author":[{"embeddable":true,"href":"https:\/\/apuntesdesanluis.com\/index.php\/wp-json\/wp\/v2\/users\/1"}],"replies":[{"embeddable":true,"href":"https:\/\/apuntesdesanluis.com\/index.php\/wp-json\/wp\/v2\/comments?post=24007"}],"version-history":[{"count":1,"href":"https:\/\/apuntesdesanluis.com\/index.php\/wp-json\/wp\/v2\/posts\/24007\/revisions"}],"predecessor-version":[{"id":24009,"href":"https:\/\/apuntesdesanluis.com\/index.php\/wp-json\/wp\/v2\/posts\/24007\/revisions\/24009"}],"wp:featuredmedia":[{"embeddable":true,"href":"https:\/\/apuntesdesanluis.com\/index.php\/wp-json\/wp\/v2\/media\/24008"}],"wp:attachment":[{"href":"https:\/\/apuntesdesanluis.com\/index.php\/wp-json\/wp\/v2\/media?parent=24007"}],"wp:term":[{"taxonomy":"category","embeddable":true,"href":"https:\/\/apuntesdesanluis.com\/index.php\/wp-json\/wp\/v2\/categories?post=24007"},{"taxonomy":"post_tag","embeddable":true,"href":"https:\/\/apuntesdesanluis.com\/index.php\/wp-json\/wp\/v2\/tags?post=24007"}],"curies":[{"name":"wp","href":"https:\/\/api.w.org\/{rel}","templated":true}]}}