{"id":24010,"date":"2024-10-17T19:53:33","date_gmt":"2024-10-17T22:53:33","guid":{"rendered":"https:\/\/apuntesdesanluis.com\/?p=24010"},"modified":"2024-10-17T20:17:19","modified_gmt":"2024-10-17T23:17:19","slug":"la-afa-aprobo-la-reeleccion-de-tapia-y-elimino-los-descensos-de-la-liga-profesional","status":"publish","type":"post","link":"https:\/\/apuntesdesanluis.com\/index.php\/2024\/10\/17\/la-afa-aprobo-la-reeleccion-de-tapia-y-elimino-los-descensos-de-la-liga-profesional\/","title":{"rendered":"LA AFA APROB\u00d3 LA REELECCI\u00d3N DE TAPIA Y ELIMIN\u00d3 LOS DESCENSOS DE LA LIGA PROFESIONAL"},"content":{"rendered":"<h3>La asamblea cont\u00f3 con la unanimidad a favor de parte de los representantes, mientras que el miembro de Talleres decidi\u00f3 abandonar el recinto. El \u00fanico representante de San Luis es <strong>Mario Echevarr\u00eda<\/strong>, actual vicepresidente de la Liga Mercedina de F\u00fatbol, quien figura como \u00faltimo vocal suplente.<\/h3>\n<h3>La <strong>Asociaci\u00f3n del F\u00fatbol Argentino (AFA<\/strong>) aprob\u00f3 por unanimidad la reelecci\u00f3n de <strong>Claudio \u201cChiqui\u201d Tapia<\/strong> para la pr\u00f3xima gesti\u00f3n entre 2024 y 2029, y la anulaci\u00f3n de los descensos de la Liga Profesional de F\u00fatbol para tener un torneo de 30 equipos para 2025.<\/h3>\n<h3>Uno de los puntos importantes y que generaban m\u00e1s expectativa fue la aprobaci\u00f3n total de la lista \u00fanica que reeligi\u00f3 a Tapia como el mandam\u00e1s de la AFA hasta el a\u00f1o 2029, junto a nombres fuertes como <strong>Juan Rom\u00e1n Riquelme<\/strong> en uno de los cargos de vicepresidente y con <strong>Pablo Toviggino<\/strong>, mano derecha del actual presidente, como Tesorero, y <strong>V\u00edctor Blanco<\/strong> como Secretario General.<\/h3>\n<h3>A su vez, de manera un\u00e1nime una vez m\u00e1s, se anularon los dos descensos de la Liga Profesional de F\u00fatbol para la temporada 2024 y se le sumar\u00e1n los dos ascensos de la Primera Nacional para tener un torneo de 30 equipos para la temporada 2025 del f\u00fatbol argentino.<\/h3>\n<h3><img fetchpriority=\"high\" decoding=\"async\" class=\"wp-image-24012 aligncenter\" src=\"https:\/\/apuntesdesanluis.com\/wp-content\/uploads\/2024\/10\/asamblea-afa-300x164.png\" alt=\"\" width=\"670\" height=\"366\" srcset=\"https:\/\/apuntesdesanluis.com\/wp-content\/uploads\/2024\/10\/asamblea-afa-300x164.png 300w, https:\/\/apuntesdesanluis.com\/wp-content\/uploads\/2024\/10\/asamblea-afa-768x421.png 768w, https:\/\/apuntesdesanluis.com\/wp-content\/uploads\/2024\/10\/asamblea-afa.png 797w\" sizes=\"(max-width: 670px) 100vw, 670px\" \/><\/h3>\n<h3>Con 45 presentes sobre los 46 citados para el Predio Lionel Messi, la AFA aprob\u00f3 el debate de los puntos propuestos en la orden d\u00eda a pesar de la presencia de los miembros de la Inspecci\u00f3n General de Justicia y la negativa del club Talleres de C\u00f3rdoba.<\/h3>\n<h3>Primero fue aprobada la moci\u00f3n de la asamblea ordinaria, por unanimidad, incluso Rodrigo Escribano, representante de Talleres, quien hab\u00eda rechazado tratar los temas objetados por la IGJ. El Orden del D\u00eda tambi\u00e9n fue aprobado pero esta vez el asamble\u00edsta de la T se opuso.<\/h3>\n<h3>Ante las cr\u00edticas, el presidente Claudio Tapia record\u00f3 lo que se vivi\u00f3 en AFA hace unos a\u00f1os: &#8220;Celebramos cada vez que tenemos la posibilidad de elegir democr\u00e1ticamente a los dirigentes que van a representar al f\u00fatbol argentino. Lo digo con mucha firmeza: quienes comenzaron en el 2017 saben de qu\u00e9 hablamos, nos toc\u00f3 una dif\u00edcil situaci\u00f3n. Refundamos el f\u00fatbol argentino&#8221;.<\/h3>\n<h3>Y agreg\u00f3: &#8220;Era un momento muy dif\u00edcil, donde los clubes no cobraban los derechos de TV, donde vivimos muchas de las cosas que nos quieren hacer vivir hoy. Estamos acostumbrados, las hemos pasado. Por ah\u00ed algunos de esos actores se equivocaron a la hora de contar un voto. Esa elecci\u00f3n la ganamos. Ten\u00edan mermelada en la mano&#8221;.<\/h3>\n<h3>En los siguientes dos puntos de la asamblea, el cuarto y el quinto, se aprobaron por unanimidad que los veedores de la IGJ revisaran la veracidad de los papeles de los temas a tratar en la reuni\u00f3n.<\/h3>\n<h3>Para la revisi\u00f3n del presupuesto y el estado financiero de la AFA, el ente aleg\u00f3 un super\u00e1vit superior al de 2023 y que las revisiones de las auditor\u00edas fueron positivas y sin irregularidades para esta gesti\u00f3n. Este punto tambi\u00e9n fue aprobada por casi la totalidad de los presentes excepto Escribano, de Talleres, quien present\u00f3 unos balances hechos de manera externa para anexarlos a la orden del d\u00eda.<\/h3>\n<h3>Sin embargo, su pedido debi\u00f3 someterse a votaci\u00f3n por ser considerado una moci\u00f3n y esta fue rechazada por el resto de los dirigentes del f\u00fatbol argentino para que no sea anexada y como consecuencia abandon\u00f3 el recinto antes de la votaci\u00f3n de las nuevas autoridades.<\/h3>\n<h3>As\u00ed ser\u00e1 la lista de la nueva gesti\u00f3n:<\/h3>\n<h3><strong>Presidente:<\/strong><\/h3>\n<h3>Sr. Claudio Fabi\u00e1n Tapia<\/h3>\n<h3><strong>Vicepresidentes:<\/strong><\/h3>\n<h3>Sr. Juan Rom\u00e1n Riquelme<\/h3>\n<h3>Sr. Ignacio Villarroel<\/h3>\n<h3>Sr. David Luis Garz\u00f3n<\/h3>\n<h3>Sr. Carlos R. O. Monta\u00f1a<\/h3>\n<h3>Sr. Gabriel Mariano Greco<\/h3>\n<h3>Sr. Javier Treuque<\/h3>\n<h3><strong>Secretario General:<\/strong><\/h3>\n<h3>Sr. V\u00edctor Blanco Rodr\u00edguez<\/h3>\n<h3><strong>Prosecretario General:<\/strong><\/h3>\n<h3>Sr. Luciano Miguel Nakis<\/h3>\n<h3><strong>Secretario Ejecutivo:<\/strong><\/h3>\n<h3>Luis Mar\u00eda Chebel<\/h3>\n<h3><strong>Prosecretario Ejecutivo:<\/strong><\/h3>\n<h3>Sr. Maximiliano Levy<\/h3>\n<h3><strong>Tesorero:<\/strong><\/h3>\n<h3>Pablo Ariel Toviggino<\/h3>\n<h3><strong>Protesorero:<\/strong><\/h3>\n<h3>Jorge Luis Barrios<\/h3>\n<h3><strong>Vocales:<\/strong><\/h3>\n<h3>Sr. Mariano Hern\u00e1n Cowen<\/h3>\n<h3>Sr. Luis Fabi\u00e1n Berlanga<\/h3>\n<h3>Sr. Gonzalo Luis Belloso<\/h3>\n<h3>Sr. Cristian Ariel Malaspina<\/h3>\n<h3>Sr. Marcelo Luis \u00c1ngel Moretti<\/h3>\n<h3>Sr. Francisco Javier Mar\u00edn<\/h3>\n<h3>Sr. Marcelo Rodolfo Achile<\/h3>\n<h3>Sr. Guillermo Eduardo Raed<\/h3>\n<h3>Sra. Mar\u00eda Sylvia Jim\u00e9nez<\/h3>\n<h3>Sr. Cristian Brian Prendes<\/h3>\n<h3><strong>Miembros Suplentes:<\/strong><\/h3>\n<h3><strong>Vocales:<\/strong><\/h3>\n<h3>Sr. Eduardo Juan Spinosa<\/h3>\n<h3>Sr. Juan Manuel Cavagliatto<\/h3>\n<h3>Sr. Ignacio Enrique Astore<\/h3>\n<h3>Sr. Luis Fabi\u00e1n Artime<\/h3>\n<h3>Sr. Dante Walter Majori<\/h3>\n<h3>Sr. Jorge Ernesto Miadosqui<\/h3>\n<h3>Sr. Javier H. M\u00e9ndez Cartier<\/h3>\n<h3>Sr. Jos\u00e9 Luis Coutinho<\/h3>\n<h3>Sr. Carlos Daniel Pandolfi<\/h3>\n<h3>Sr. <strong>Mario Javier Echeverr\u00eda (San Luis)<\/strong><\/h3>\n<h3><\/h3>\n<h3><\/h3>\n<p>&nbsp;<\/p>\n<h3><\/h3>\n<h3><\/h3>\n","protected":false},"excerpt":{"rendered":"<p>La asamblea cont\u00f3 con la unanimidad a favor de parte de los representantes, mientras que&#8230;<\/p>\n","protected":false},"author":1,"featured_media":24011,"comment_status":"closed","ping_status":"closed","sticky":false,"template":"","format":"standard","meta":{"footnotes":""},"categories":[5],"tags":[],"class_list":["post-24010","post","type-post","status-publish","format-standard","has-post-thumbnail","hentry","category-nacionales-internacionales"],"yoast_head":"<!-- This site is optimized with the Yoast SEO plugin v26.1.1 - https:\/\/yoast.com\/wordpress\/plugins\/seo\/ -->\n<title>LA AFA APROB\u00d3 LA REELECCI\u00d3N DE TAPIA Y ELIMIN\u00d3 LOS DESCENSOS DE LA LIGA PROFESIONAL - Apuntes de San Luis<\/title>\n<meta name=\"robots\" content=\"index, follow, max-snippet:-1, max-image-preview:large, max-video-preview:-1\" \/>\n<link rel=\"canonical\" href=\"https:\/\/apuntesdesanluis.com\/index.php\/2024\/10\/17\/la-afa-aprobo-la-reeleccion-de-tapia-y-elimino-los-descensos-de-la-liga-profesional\/\" \/>\n<meta property=\"og:locale\" content=\"es_ES\" \/>\n<meta property=\"og:type\" content=\"article\" \/>\n<meta property=\"og:title\" content=\"LA AFA APROB\u00d3 LA REELECCI\u00d3N DE TAPIA Y ELIMIN\u00d3 LOS DESCENSOS DE LA LIGA PROFESIONAL - Apuntes de San Luis\" \/>\n<meta property=\"og:description\" content=\"La asamblea cont\u00f3 con la unanimidad a favor de parte de los representantes, mientras que...\" \/>\n<meta property=\"og:url\" content=\"https:\/\/apuntesdesanluis.com\/index.php\/2024\/10\/17\/la-afa-aprobo-la-reeleccion-de-tapia-y-elimino-los-descensos-de-la-liga-profesional\/\" \/>\n<meta property=\"og:site_name\" content=\"Apuntes de San Luis\" \/>\n<meta property=\"article:published_time\" content=\"2024-10-17T22:53:33+00:00\" \/>\n<meta property=\"article:modified_time\" content=\"2024-10-17T23:17:19+00:00\" \/>\n<meta property=\"og:image\" content=\"https:\/\/apuntesdesanluis.com\/wp-content\/uploads\/2024\/10\/tapia.png\" \/>\n\t<meta property=\"og:image:width\" content=\"675\" \/>\n\t<meta property=\"og:image:height\" content=\"388\" \/>\n\t<meta property=\"og:image:type\" content=\"image\/png\" \/>\n<meta name=\"author\" content=\"apuntesdesanluis.com\" \/>\n<meta name=\"twitter:card\" content=\"summary_large_image\" \/>\n<meta name=\"twitter:label1\" content=\"Escrito por\" \/>\n\t<meta name=\"twitter:data1\" content=\"apuntesdesanluis.com\" \/>\n\t<meta name=\"twitter:label2\" content=\"Tiempo de lectura\" \/>\n\t<meta name=\"twitter:data2\" content=\"4 minutos\" \/>\n<script type=\"application\/ld+json\" class=\"yoast-schema-graph\">{\"@context\":\"https:\/\/schema.org\",\"@graph\":[{\"@type\":\"Article\",\"@id\":\"https:\/\/apuntesdesanluis.com\/index.php\/2024\/10\/17\/la-afa-aprobo-la-reeleccion-de-tapia-y-elimino-los-descensos-de-la-liga-profesional\/#article\",\"isPartOf\":{\"@id\":\"https:\/\/apuntesdesanluis.com\/index.php\/2024\/10\/17\/la-afa-aprobo-la-reeleccion-de-tapia-y-elimino-los-descensos-de-la-liga-profesional\/\"},\"author\":{\"name\":\"apuntesdesanluis.com\",\"@id\":\"https:\/\/apuntesdesanluis.com\/#\/schema\/person\/b55151d52296fcce64d1a72538a70b90\"},\"headline\":\"LA AFA APROB\u00d3 LA REELECCI\u00d3N DE TAPIA Y ELIMIN\u00d3 LOS DESCENSOS DE LA LIGA PROFESIONAL\",\"datePublished\":\"2024-10-17T22:53:33+00:00\",\"dateModified\":\"2024-10-17T23:17:19+00:00\",\"mainEntityOfPage\":{\"@id\":\"https:\/\/apuntesdesanluis.com\/index.php\/2024\/10\/17\/la-afa-aprobo-la-reeleccion-de-tapia-y-elimino-los-descensos-de-la-liga-profesional\/\"},\"wordCount\":785,\"publisher\":{\"@id\":\"https:\/\/apuntesdesanluis.com\/#\/schema\/person\/b55151d52296fcce64d1a72538a70b90\"},\"image\":{\"@id\":\"https:\/\/apuntesdesanluis.com\/index.php\/2024\/10\/17\/la-afa-aprobo-la-reeleccion-de-tapia-y-elimino-los-descensos-de-la-liga-profesional\/#primaryimage\"},\"thumbnailUrl\":\"https:\/\/apuntesdesanluis.com\/wp-content\/uploads\/2024\/10\/tapia.png\",\"articleSection\":[\"Nacionales\/Internacionales\"],\"inLanguage\":\"es-AR\"},{\"@type\":\"WebPage\",\"@id\":\"https:\/\/apuntesdesanluis.com\/index.php\/2024\/10\/17\/la-afa-aprobo-la-reeleccion-de-tapia-y-elimino-los-descensos-de-la-liga-profesional\/\",\"url\":\"https:\/\/apuntesdesanluis.com\/index.php\/2024\/10\/17\/la-afa-aprobo-la-reeleccion-de-tapia-y-elimino-los-descensos-de-la-liga-profesional\/\",\"name\":\"LA AFA APROB\u00d3 LA REELECCI\u00d3N DE TAPIA Y ELIMIN\u00d3 LOS DESCENSOS DE LA LIGA PROFESIONAL - Apuntes de San Luis\",\"isPartOf\":{\"@id\":\"https:\/\/apuntesdesanluis.com\/#website\"},\"primaryImageOfPage\":{\"@id\":\"https:\/\/apuntesdesanluis.com\/index.php\/2024\/10\/17\/la-afa-aprobo-la-reeleccion-de-tapia-y-elimino-los-descensos-de-la-liga-profesional\/#primaryimage\"},\"image\":{\"@id\":\"https:\/\/apuntesdesanluis.com\/index.php\/2024\/10\/17\/la-afa-aprobo-la-reeleccion-de-tapia-y-elimino-los-descensos-de-la-liga-profesional\/#primaryimage\"},\"thumbnailUrl\":\"https:\/\/apuntesdesanluis.com\/wp-content\/uploads\/2024\/10\/tapia.png\",\"datePublished\":\"2024-10-17T22:53:33+00:00\",\"dateModified\":\"2024-10-17T23:17:19+00:00\",\"breadcrumb\":{\"@id\":\"https:\/\/apuntesdesanluis.com\/index.php\/2024\/10\/17\/la-afa-aprobo-la-reeleccion-de-tapia-y-elimino-los-descensos-de-la-liga-profesional\/#breadcrumb\"},\"inLanguage\":\"es-AR\",\"potentialAction\":[{\"@type\":\"ReadAction\",\"target\":[\"https:\/\/apuntesdesanluis.com\/index.php\/2024\/10\/17\/la-afa-aprobo-la-reeleccion-de-tapia-y-elimino-los-descensos-de-la-liga-profesional\/\"]}]},{\"@type\":\"ImageObject\",\"inLanguage\":\"es-AR\",\"@id\":\"https:\/\/apuntesdesanluis.com\/index.php\/2024\/10\/17\/la-afa-aprobo-la-reeleccion-de-tapia-y-elimino-los-descensos-de-la-liga-profesional\/#primaryimage\",\"url\":\"https:\/\/apuntesdesanluis.com\/wp-content\/uploads\/2024\/10\/tapia.png\",\"contentUrl\":\"https:\/\/apuntesdesanluis.com\/wp-content\/uploads\/2024\/10\/tapia.png\",\"width\":675,\"height\":388},{\"@type\":\"BreadcrumbList\",\"@id\":\"https:\/\/apuntesdesanluis.com\/index.php\/2024\/10\/17\/la-afa-aprobo-la-reeleccion-de-tapia-y-elimino-los-descensos-de-la-liga-profesional\/#breadcrumb\",\"itemListElement\":[{\"@type\":\"ListItem\",\"position\":1,\"name\":\"Inicio\",\"item\":\"https:\/\/apuntesdesanluis.com\/\"},{\"@type\":\"ListItem\",\"position\":2,\"name\":\"LA AFA APROB\u00d3 LA REELECCI\u00d3N DE TAPIA Y ELIMIN\u00d3 LOS DESCENSOS DE LA LIGA PROFESIONAL\"}]},{\"@type\":\"WebSite\",\"@id\":\"https:\/\/apuntesdesanluis.com\/#website\",\"url\":\"https:\/\/apuntesdesanluis.com\/\",\"name\":\"Apuntes de San Luis\",\"description\":\"\",\"publisher\":{\"@id\":\"https:\/\/apuntesdesanluis.com\/#\/schema\/person\/b55151d52296fcce64d1a72538a70b90\"},\"potentialAction\":[{\"@type\":\"SearchAction\",\"target\":{\"@type\":\"EntryPoint\",\"urlTemplate\":\"https:\/\/apuntesdesanluis.com\/?s={search_term_string}\"},\"query-input\":{\"@type\":\"PropertyValueSpecification\",\"valueRequired\":true,\"valueName\":\"search_term_string\"}}],\"inLanguage\":\"es-AR\"},{\"@type\":[\"Person\",\"Organization\"],\"@id\":\"https:\/\/apuntesdesanluis.com\/#\/schema\/person\/b55151d52296fcce64d1a72538a70b90\",\"name\":\"apuntesdesanluis.com\",\"image\":{\"@type\":\"ImageObject\",\"inLanguage\":\"es-AR\",\"@id\":\"https:\/\/apuntesdesanluis.com\/#\/schema\/person\/image\/\",\"url\":\"https:\/\/apuntesdesanluis.com\/wp-content\/uploads\/2023\/07\/cropped-apuntesdesanluis.png\",\"contentUrl\":\"https:\/\/apuntesdesanluis.com\/wp-content\/uploads\/2023\/07\/cropped-apuntesdesanluis.png\",\"width\":450,\"height\":112,\"caption\":\"apuntesdesanluis.com\"},\"logo\":{\"@id\":\"https:\/\/apuntesdesanluis.com\/#\/schema\/person\/image\/\"},\"sameAs\":[\"https:\/\/apuntesdesanluis.com\"],\"url\":\"https:\/\/apuntesdesanluis.com\/index.php\/author\/apuntesdesanluis-com\/\"}]}<\/script>\n<!-- \/ Yoast SEO plugin. -->","yoast_head_json":{"title":"LA AFA APROB\u00d3 LA REELECCI\u00d3N DE TAPIA Y ELIMIN\u00d3 LOS DESCENSOS DE LA LIGA PROFESIONAL - Apuntes de San Luis","robots":{"index":"index","follow":"follow","max-snippet":"max-snippet:-1","max-image-preview":"max-image-preview:large","max-video-preview":"max-video-preview:-1"},"canonical":"https:\/\/apuntesdesanluis.com\/index.php\/2024\/10\/17\/la-afa-aprobo-la-reeleccion-de-tapia-y-elimino-los-descensos-de-la-liga-profesional\/","og_locale":"es_ES","og_type":"article","og_title":"LA AFA APROB\u00d3 LA REELECCI\u00d3N DE TAPIA Y ELIMIN\u00d3 LOS DESCENSOS DE LA LIGA PROFESIONAL - Apuntes de San Luis","og_description":"La asamblea cont\u00f3 con la unanimidad a favor de parte de los representantes, mientras que...","og_url":"https:\/\/apuntesdesanluis.com\/index.php\/2024\/10\/17\/la-afa-aprobo-la-reeleccion-de-tapia-y-elimino-los-descensos-de-la-liga-profesional\/","og_site_name":"Apuntes de San Luis","article_published_time":"2024-10-17T22:53:33+00:00","article_modified_time":"2024-10-17T23:17:19+00:00","og_image":[{"width":675,"height":388,"url":"https:\/\/apuntesdesanluis.com\/wp-content\/uploads\/2024\/10\/tapia.png","type":"image\/png"}],"author":"apuntesdesanluis.com","twitter_card":"summary_large_image","twitter_misc":{"Escrito por":"apuntesdesanluis.com","Tiempo de lectura":"4 minutos"},"schema":{"@context":"https:\/\/schema.org","@graph":[{"@type":"Article","@id":"https:\/\/apuntesdesanluis.com\/index.php\/2024\/10\/17\/la-afa-aprobo-la-reeleccion-de-tapia-y-elimino-los-descensos-de-la-liga-profesional\/#article","isPartOf":{"@id":"https:\/\/apuntesdesanluis.com\/index.php\/2024\/10\/17\/la-afa-aprobo-la-reeleccion-de-tapia-y-elimino-los-descensos-de-la-liga-profesional\/"},"author":{"name":"apuntesdesanluis.com","@id":"https:\/\/apuntesdesanluis.com\/#\/schema\/person\/b55151d52296fcce64d1a72538a70b90"},"headline":"LA AFA APROB\u00d3 LA REELECCI\u00d3N DE TAPIA Y ELIMIN\u00d3 LOS DESCENSOS DE LA LIGA PROFESIONAL","datePublished":"2024-10-17T22:53:33+00:00","dateModified":"2024-10-17T23:17:19+00:00","mainEntityOfPage":{"@id":"https:\/\/apuntesdesanluis.com\/index.php\/2024\/10\/17\/la-afa-aprobo-la-reeleccion-de-tapia-y-elimino-los-descensos-de-la-liga-profesional\/"},"wordCount":785,"publisher":{"@id":"https:\/\/apuntesdesanluis.com\/#\/schema\/person\/b55151d52296fcce64d1a72538a70b90"},"image":{"@id":"https:\/\/apuntesdesanluis.com\/index.php\/2024\/10\/17\/la-afa-aprobo-la-reeleccion-de-tapia-y-elimino-los-descensos-de-la-liga-profesional\/#primaryimage"},"thumbnailUrl":"https:\/\/apuntesdesanluis.com\/wp-content\/uploads\/2024\/10\/tapia.png","articleSection":["Nacionales\/Internacionales"],"inLanguage":"es-AR"},{"@type":"WebPage","@id":"https:\/\/apuntesdesanluis.com\/index.php\/2024\/10\/17\/la-afa-aprobo-la-reeleccion-de-tapia-y-elimino-los-descensos-de-la-liga-profesional\/","url":"https:\/\/apuntesdesanluis.com\/index.php\/2024\/10\/17\/la-afa-aprobo-la-reeleccion-de-tapia-y-elimino-los-descensos-de-la-liga-profesional\/","name":"LA AFA APROB\u00d3 LA REELECCI\u00d3N DE TAPIA Y ELIMIN\u00d3 LOS DESCENSOS DE LA LIGA PROFESIONAL - Apuntes de San Luis","isPartOf":{"@id":"https:\/\/apuntesdesanluis.com\/#website"},"primaryImageOfPage":{"@id":"https:\/\/apuntesdesanluis.com\/index.php\/2024\/10\/17\/la-afa-aprobo-la-reeleccion-de-tapia-y-elimino-los-descensos-de-la-liga-profesional\/#primaryimage"},"image":{"@id":"https:\/\/apuntesdesanluis.com\/index.php\/2024\/10\/17\/la-afa-aprobo-la-reeleccion-de-tapia-y-elimino-los-descensos-de-la-liga-profesional\/#primaryimage"},"thumbnailUrl":"https:\/\/apuntesdesanluis.com\/wp-content\/uploads\/2024\/10\/tapia.png","datePublished":"2024-10-17T22:53:33+00:00","dateModified":"2024-10-17T23:17:19+00:00","breadcrumb":{"@id":"https:\/\/apuntesdesanluis.com\/index.php\/2024\/10\/17\/la-afa-aprobo-la-reeleccion-de-tapia-y-elimino-los-descensos-de-la-liga-profesional\/#breadcrumb"},"inLanguage":"es-AR","potentialAction":[{"@type":"ReadAction","target":["https:\/\/apuntesdesanluis.com\/index.php\/2024\/10\/17\/la-afa-aprobo-la-reeleccion-de-tapia-y-elimino-los-descensos-de-la-liga-profesional\/"]}]},{"@type":"ImageObject","inLanguage":"es-AR","@id":"https:\/\/apuntesdesanluis.com\/index.php\/2024\/10\/17\/la-afa-aprobo-la-reeleccion-de-tapia-y-elimino-los-descensos-de-la-liga-profesional\/#primaryimage","url":"https:\/\/apuntesdesanluis.com\/wp-content\/uploads\/2024\/10\/tapia.png","contentUrl":"https:\/\/apuntesdesanluis.com\/wp-content\/uploads\/2024\/10\/tapia.png","width":675,"height":388},{"@type":"BreadcrumbList","@id":"https:\/\/apuntesdesanluis.com\/index.php\/2024\/10\/17\/la-afa-aprobo-la-reeleccion-de-tapia-y-elimino-los-descensos-de-la-liga-profesional\/#breadcrumb","itemListElement":[{"@type":"ListItem","position":1,"name":"Inicio","item":"https:\/\/apuntesdesanluis.com\/"},{"@type":"ListItem","position":2,"name":"LA AFA APROB\u00d3 LA REELECCI\u00d3N DE TAPIA Y ELIMIN\u00d3 LOS DESCENSOS DE LA LIGA PROFESIONAL"}]},{"@type":"WebSite","@id":"https:\/\/apuntesdesanluis.com\/#website","url":"https:\/\/apuntesdesanluis.com\/","name":"Apuntes de San Luis","description":"","publisher":{"@id":"https:\/\/apuntesdesanluis.com\/#\/schema\/person\/b55151d52296fcce64d1a72538a70b90"},"potentialAction":[{"@type":"SearchAction","target":{"@type":"EntryPoint","urlTemplate":"https:\/\/apuntesdesanluis.com\/?s={search_term_string}"},"query-input":{"@type":"PropertyValueSpecification","valueRequired":true,"valueName":"search_term_string"}}],"inLanguage":"es-AR"},{"@type":["Person","Organization"],"@id":"https:\/\/apuntesdesanluis.com\/#\/schema\/person\/b55151d52296fcce64d1a72538a70b90","name":"apuntesdesanluis.com","image":{"@type":"ImageObject","inLanguage":"es-AR","@id":"https:\/\/apuntesdesanluis.com\/#\/schema\/person\/image\/","url":"https:\/\/apuntesdesanluis.com\/wp-content\/uploads\/2023\/07\/cropped-apuntesdesanluis.png","contentUrl":"https:\/\/apuntesdesanluis.com\/wp-content\/uploads\/2023\/07\/cropped-apuntesdesanluis.png","width":450,"height":112,"caption":"apuntesdesanluis.com"},"logo":{"@id":"https:\/\/apuntesdesanluis.com\/#\/schema\/person\/image\/"},"sameAs":["https:\/\/apuntesdesanluis.com"],"url":"https:\/\/apuntesdesanluis.com\/index.php\/author\/apuntesdesanluis-com\/"}]}},"featured_image_urls":{"full":["https:\/\/apuntesdesanluis.com\/wp-content\/uploads\/2024\/10\/tapia.png",675,388,false],"thumbnail":["https:\/\/apuntesdesanluis.com\/wp-content\/uploads\/2024\/10\/tapia-150x150.png",150,150,true],"medium":["https:\/\/apuntesdesanluis.com\/wp-content\/uploads\/2024\/10\/tapia-300x172.png",300,172,true],"medium_large":["https:\/\/apuntesdesanluis.com\/wp-content\/uploads\/2024\/10\/tapia.png",640,368,false],"large":["https:\/\/apuntesdesanluis.com\/wp-content\/uploads\/2024\/10\/tapia.png",640,368,false],"1536x1536":["https:\/\/apuntesdesanluis.com\/wp-content\/uploads\/2024\/10\/tapia.png",675,388,false],"2048x2048":["https:\/\/apuntesdesanluis.com\/wp-content\/uploads\/2024\/10\/tapia.png",675,388,false],"newsever-slider-full":["https:\/\/apuntesdesanluis.com\/wp-content\/uploads\/2024\/10\/tapia.png",675,388,false],"newsever-featured":["https:\/\/apuntesdesanluis.com\/wp-content\/uploads\/2024\/10\/tapia.png",675,388,false],"newsever-medium":["https:\/\/apuntesdesanluis.com\/wp-content\/uploads\/2024\/10\/tapia.png",675,388,false]},"author_info":{"display_name":"apuntesdesanluis.com","author_link":"https:\/\/apuntesdesanluis.com\/index.php\/author\/apuntesdesanluis-com\/"},"category_info":"<a href=\"https:\/\/apuntesdesanluis.com\/index.php\/category\/nacionales-internacionales\/\" rel=\"category tag\">Nacionales\/Internacionales<\/a>","tag_info":"Nacionales\/Internacionales","comment_count":"0","_links":{"self":[{"href":"https:\/\/apuntesdesanluis.com\/index.php\/wp-json\/wp\/v2\/posts\/24010","targetHints":{"allow":["GET"]}}],"collection":[{"href":"https:\/\/apuntesdesanluis.com\/index.php\/wp-json\/wp\/v2\/posts"}],"about":[{"href":"https:\/\/apuntesdesanluis.com\/index.php\/wp-json\/wp\/v2\/types\/post"}],"author":[{"embeddable":true,"href":"https:\/\/apuntesdesanluis.com\/index.php\/wp-json\/wp\/v2\/users\/1"}],"replies":[{"embeddable":true,"href":"https:\/\/apuntesdesanluis.com\/index.php\/wp-json\/wp\/v2\/comments?post=24010"}],"version-history":[{"count":4,"href":"https:\/\/apuntesdesanluis.com\/index.php\/wp-json\/wp\/v2\/posts\/24010\/revisions"}],"predecessor-version":[{"id":24020,"href":"https:\/\/apuntesdesanluis.com\/index.php\/wp-json\/wp\/v2\/posts\/24010\/revisions\/24020"}],"wp:featuredmedia":[{"embeddable":true,"href":"https:\/\/apuntesdesanluis.com\/index.php\/wp-json\/wp\/v2\/media\/24011"}],"wp:attachment":[{"href":"https:\/\/apuntesdesanluis.com\/index.php\/wp-json\/wp\/v2\/media?parent=24010"}],"wp:term":[{"taxonomy":"category","embeddable":true,"href":"https:\/\/apuntesdesanluis.com\/index.php\/wp-json\/wp\/v2\/categories?post=24010"},{"taxonomy":"post_tag","embeddable":true,"href":"https:\/\/apuntesdesanluis.com\/index.php\/wp-json\/wp\/v2\/tags?post=24010"}],"curies":[{"name":"wp","href":"https:\/\/api.w.org\/{rel}","templated":true}]}}