{"id":24016,"date":"2024-10-17T20:11:05","date_gmt":"2024-10-17T23:11:05","guid":{"rendered":"https:\/\/apuntesdesanluis.com\/?p=24016"},"modified":"2024-10-17T20:11:49","modified_gmt":"2024-10-17T23:11:49","slug":"renuncio-el-secretario-de-energia-y-sera-reemplazado-por-una-dirigente-cercana-a-mauricio-macri","status":"publish","type":"post","link":"https:\/\/apuntesdesanluis.com\/index.php\/2024\/10\/17\/renuncio-el-secretario-de-energia-y-sera-reemplazado-por-una-dirigente-cercana-a-mauricio-macri\/","title":{"rendered":"RENUNCI\u00d3 EL SECRETARIO DE ENERG\u00cdA Y SER\u00c1 REEMPLAZADO POR UNA DIRIGENTE CERCANA A MAURICIO MACRI"},"content":{"rendered":"<h3>Se trata de <strong>Mar\u00eda Tettamanti<\/strong>, hasta hoy gerente general de NRG Energ\u00eda SA, quien llega recomendada por el expresidente a Milei. El ahora ex titular de la cartera energ\u00e9tica <strong>Eduardo Rodr\u00edguez Chirillo<\/strong>, fue cuestionado toda su gesti\u00f3n por una parte del Gobierno<\/h3>\n<h3>El ministro de Econom\u00eda, Luis Caputo, oficializ\u00f3 hoy a trav\u00e9s de su cuenta de X la renuncia de Chirillo a la Secretar\u00eda de Energ\u00eda de la Naci\u00f3n \u201cpor problemas de salud\u201d.<\/h3>\n<h3>M\u00e1s all\u00e1 de su enfermedad, de la que nunca habl\u00f3 p\u00fablicamente, el funcionario desde hace tiempo era apuntado por un sector del Poder Ejecutivo por supuestas \u201cfallas en la gesti\u00f3n\u201d, quer\u00edan eyectarlo y hac\u00eda meses que en la industria se barajaba una posible salida. El titular del Palacio de Hacienda dijo que le pidi\u00f3 a Chirillo continuar como asesor en el \u00e1rea.<\/h3>\n<h3>El ahora ex secretario de Energ\u00eda reemplazado por Mar\u00eda Tettamanti, una empresaria de larga experiencia en el sector de distribuci\u00f3n de gas natural y que hasta hoy se desempa\u00f1aba como gerenta general en NRG Energ\u00eda S.A. Tendr\u00e1 la tarea de avanzar en los futuros aumentos de tarifas, el ordenamiento de los subsidios, la gesti\u00f3n de cortes de electricidad en el verano y la licitaci\u00f3n de obras de infraestructura claves para el desarrollo de Vaca Muerta.<\/h3>\n<h3>El recambio de nombres incluye un dato pol\u00edtico sobresaliente: la flamante funcionaria fue recomendada por Mauricio Macri, quien exig\u00eda ser escuchado en la designaci\u00f3n de colaboradores de primera l\u00ednea del presidente Javier Milei. Seg\u00fan supo este medio, Tettamanti lleg\u00f3 a o\u00eddos del expresidente a trav\u00e9s del empresario Alejandro Macfarlane, quien es accionista de la distribuidora de gas natural Cammuzzi, empresa en la que hasta el a\u00f1o pasado se desempe\u00f1\u00f3 en el cargo de directora general.<\/h3>\n<h3>La nueva Secretaria de Energ\u00eda es licenciada en Econom\u00eda por la Universidad Nacional de La Plata (fue compa\u00f1era del actual ministro de Desregulaci\u00f3n y Transformaci\u00f3n del Estado, Federico Sturzenegger) y tiene estudios de posgrado en UCEMA. Comenz\u00f3 su experiencia profesional en el \u00e1rea comercial de distribuidora Cammuzzi Gas Pampeana (1995-2004), a cargo de la negociaci\u00f3n de contratos de compra de gas y transporte, temas tarifarios y grandes clientes industriales.<\/h3>\n<h3>Luego fue responsable de ventas a industrias en Total Austral (2004-2005), directora de gas natural en Albanesi (2005), directora comercial de Gas Meridional S.A (2005-2013), tuvo ese puesto en Metrogas (2013-2017) y luego retorn\u00f3 a Cammuzzi hasta 2023.<\/h3>\n<h3>La flamante secretar\u00eda de Energ\u00eda fue responsable de gas en el equipo de energ\u00eda de Patricia Bullrich encabezado por el ex secretario de Energ\u00eda y Miner\u00eda de la Naci\u00f3n de Fernando de la R\u00faa, Emilio Apud. Hace unas semanas el Ministerio de Econom\u00eda convoc\u00f3 a Apud para conversar con el secretario coordinador de Energ\u00eda y Miner\u00eda, Daniel Gonz\u00e1lez, y hablar del futuro reemplazo de Chirillo, tal como pudo reconstruir Infobae. Tettamanti era una de las asesoras de Gonz\u00e1lez.<\/h3>\n<h3>Ese encuentro fue propiciado por Macri tras el c\u00f3nclave con el asesor Santiago Caputo, en la que se termin\u00f3 de cocinar el respaldo del PRO al veto de la ley de Financiamiento Universitario en el Congreso.<\/h3>\n<h3>Una parte de la Casa Rosada desde hace tiempo que buscaba la renuncia de Chirrillo y \u00e9l estaba al tanto de que hab\u00eda un sector cercano a Milei que quer\u00eda su cabeza. La interna recrudeci\u00f3 desde febrero con el bloqueo en designaciones de funcionarios, la idea de desregular totalmente el sistema el\u00e9ctrico a partir de sacar a Cammesa como intermediario y de la actualizaci\u00f3n de tarifas que ten\u00eda en mente desde antes de ingresar a la gesti\u00f3n. En las pr\u00f3ximas semanas habr\u00e1 cambios en el Enre, Cammesa, Nucleoel\u00e9ctrica y Energ\u00eda Argentina.<\/h3>\n<h3>Fuentes de la oposici\u00f3n y del sector energ\u00e9tico no creen que la salida de Chirillo tenga que ver con sus problemas de salud, sino que consideran que fue echado para apuntarlo como responsable de los posibles cortes de suministro el\u00e9ctrico durante el verano, luego de los fuertes incrementos de tarifas que debieron afrontar los usuarios.<\/h3>\n<h3><strong>OFICIALIZACI\u00d3N DE LA RENUNCIA<\/strong><\/h3>\n<h3>\u201cHoy recib\u00ed la renuncia de Eduardo Rodr\u00edguez Chirillo como Secretario de Energ\u00eda. Me dijo que dado los problemas que ha tenido de salud, y que si bien ahora se encuentra mucho mejor, va a necesitar m\u00e1s tiempo para s\u00ed mismo\u201d, public\u00f3 Caputo en su cuenta de X.<\/h3>\n<h3>\u00a0\u201cJunto con Daniel Gonz\u00e1lez le hemos pedido que se quedara como asesor, para poder seguir contando con su colaboraci\u00f3n. Eduardo ha sido un pilar fundamental en estos primeros meses de gobierno, no solo por su enorme aporte en todo lo referido a Energ\u00eda, sino tambi\u00e9n por la elaboraci\u00f3n de la Ley Bases\u201d, agreg\u00f3.<\/h3>\n<h3>\u201cEl sacrificio personal que ha hecho todos estos meses, y del que he sido testigo, es todo un ejemplo de patriotismo que eleva a\u00fan m\u00e1s sus condiciones humanas y profesionales. Mi agradecimiento personal y mi reconocimiento profesional para con su persona es ENORME. Muchas gracias Eduardo!!!\u201d, concluy\u00f3 el ministro de Econom\u00eda.<\/h3>\n<h3><\/h3>\n<h3><\/h3>\n<p>&nbsp;<\/p>\n<p>&nbsp;<\/p>\n","protected":false},"excerpt":{"rendered":"<p>Se trata de Mar\u00eda Tettamanti, hasta hoy gerente general de NRG Energ\u00eda SA, quien llega&#8230;<\/p>\n","protected":false},"author":1,"featured_media":24017,"comment_status":"closed","ping_status":"closed","sticky":false,"template":"","format":"standard","meta":{"footnotes":""},"categories":[5],"tags":[],"class_list":["post-24016","post","type-post","status-publish","format-standard","has-post-thumbnail","hentry","category-nacionales-internacionales"],"yoast_head":"<!-- This site is optimized with the Yoast SEO plugin v26.1.1 - https:\/\/yoast.com\/wordpress\/plugins\/seo\/ -->\n<title>RENUNCI\u00d3 EL SECRETARIO DE ENERG\u00cdA Y SER\u00c1 REEMPLAZADO POR UNA DIRIGENTE CERCANA A MAURICIO MACRI - Apuntes de San Luis<\/title>\n<meta name=\"robots\" content=\"index, follow, max-snippet:-1, max-image-preview:large, max-video-preview:-1\" \/>\n<link rel=\"canonical\" href=\"https:\/\/apuntesdesanluis.com\/index.php\/2024\/10\/17\/renuncio-el-secretario-de-energia-y-sera-reemplazado-por-una-dirigente-cercana-a-mauricio-macri\/\" \/>\n<meta property=\"og:locale\" content=\"es_ES\" \/>\n<meta property=\"og:type\" content=\"article\" \/>\n<meta property=\"og:title\" content=\"RENUNCI\u00d3 EL SECRETARIO DE ENERG\u00cdA Y SER\u00c1 REEMPLAZADO POR UNA DIRIGENTE CERCANA A MAURICIO MACRI - Apuntes de San Luis\" \/>\n<meta property=\"og:description\" content=\"Se trata de Mar\u00eda Tettamanti, hasta hoy gerente general de NRG Energ\u00eda SA, quien llega...\" \/>\n<meta property=\"og:url\" content=\"https:\/\/apuntesdesanluis.com\/index.php\/2024\/10\/17\/renuncio-el-secretario-de-energia-y-sera-reemplazado-por-una-dirigente-cercana-a-mauricio-macri\/\" \/>\n<meta property=\"og:site_name\" content=\"Apuntes de San Luis\" \/>\n<meta property=\"article:published_time\" content=\"2024-10-17T23:11:05+00:00\" \/>\n<meta property=\"article:modified_time\" content=\"2024-10-17T23:11:49+00:00\" \/>\n<meta property=\"og:image\" content=\"https:\/\/apuntesdesanluis.com\/wp-content\/uploads\/2024\/10\/tetamanti.png\" \/>\n\t<meta property=\"og:image:width\" content=\"756\" \/>\n\t<meta property=\"og:image:height\" content=\"428\" \/>\n\t<meta property=\"og:image:type\" content=\"image\/png\" \/>\n<meta name=\"author\" content=\"apuntesdesanluis.com\" \/>\n<meta name=\"twitter:card\" content=\"summary_large_image\" \/>\n<meta name=\"twitter:label1\" content=\"Escrito por\" \/>\n\t<meta name=\"twitter:data1\" content=\"apuntesdesanluis.com\" \/>\n\t<meta name=\"twitter:label2\" content=\"Tiempo de lectura\" \/>\n\t<meta name=\"twitter:data2\" content=\"4 minutos\" \/>\n<script type=\"application\/ld+json\" class=\"yoast-schema-graph\">{\"@context\":\"https:\/\/schema.org\",\"@graph\":[{\"@type\":\"Article\",\"@id\":\"https:\/\/apuntesdesanluis.com\/index.php\/2024\/10\/17\/renuncio-el-secretario-de-energia-y-sera-reemplazado-por-una-dirigente-cercana-a-mauricio-macri\/#article\",\"isPartOf\":{\"@id\":\"https:\/\/apuntesdesanluis.com\/index.php\/2024\/10\/17\/renuncio-el-secretario-de-energia-y-sera-reemplazado-por-una-dirigente-cercana-a-mauricio-macri\/\"},\"author\":{\"name\":\"apuntesdesanluis.com\",\"@id\":\"https:\/\/apuntesdesanluis.com\/#\/schema\/person\/b55151d52296fcce64d1a72538a70b90\"},\"headline\":\"RENUNCI\u00d3 EL SECRETARIO DE ENERG\u00cdA Y SER\u00c1 REEMPLAZADO POR UNA DIRIGENTE CERCANA A MAURICIO MACRI\",\"datePublished\":\"2024-10-17T23:11:05+00:00\",\"dateModified\":\"2024-10-17T23:11:49+00:00\",\"mainEntityOfPage\":{\"@id\":\"https:\/\/apuntesdesanluis.com\/index.php\/2024\/10\/17\/renuncio-el-secretario-de-energia-y-sera-reemplazado-por-una-dirigente-cercana-a-mauricio-macri\/\"},\"wordCount\":898,\"publisher\":{\"@id\":\"https:\/\/apuntesdesanluis.com\/#\/schema\/person\/b55151d52296fcce64d1a72538a70b90\"},\"image\":{\"@id\":\"https:\/\/apuntesdesanluis.com\/index.php\/2024\/10\/17\/renuncio-el-secretario-de-energia-y-sera-reemplazado-por-una-dirigente-cercana-a-mauricio-macri\/#primaryimage\"},\"thumbnailUrl\":\"https:\/\/apuntesdesanluis.com\/wp-content\/uploads\/2024\/10\/tetamanti.png\",\"articleSection\":[\"Nacionales\/Internacionales\"],\"inLanguage\":\"es-AR\"},{\"@type\":\"WebPage\",\"@id\":\"https:\/\/apuntesdesanluis.com\/index.php\/2024\/10\/17\/renuncio-el-secretario-de-energia-y-sera-reemplazado-por-una-dirigente-cercana-a-mauricio-macri\/\",\"url\":\"https:\/\/apuntesdesanluis.com\/index.php\/2024\/10\/17\/renuncio-el-secretario-de-energia-y-sera-reemplazado-por-una-dirigente-cercana-a-mauricio-macri\/\",\"name\":\"RENUNCI\u00d3 EL SECRETARIO DE ENERG\u00cdA Y SER\u00c1 REEMPLAZADO POR UNA DIRIGENTE CERCANA A MAURICIO MACRI - Apuntes de San Luis\",\"isPartOf\":{\"@id\":\"https:\/\/apuntesdesanluis.com\/#website\"},\"primaryImageOfPage\":{\"@id\":\"https:\/\/apuntesdesanluis.com\/index.php\/2024\/10\/17\/renuncio-el-secretario-de-energia-y-sera-reemplazado-por-una-dirigente-cercana-a-mauricio-macri\/#primaryimage\"},\"image\":{\"@id\":\"https:\/\/apuntesdesanluis.com\/index.php\/2024\/10\/17\/renuncio-el-secretario-de-energia-y-sera-reemplazado-por-una-dirigente-cercana-a-mauricio-macri\/#primaryimage\"},\"thumbnailUrl\":\"https:\/\/apuntesdesanluis.com\/wp-content\/uploads\/2024\/10\/tetamanti.png\",\"datePublished\":\"2024-10-17T23:11:05+00:00\",\"dateModified\":\"2024-10-17T23:11:49+00:00\",\"breadcrumb\":{\"@id\":\"https:\/\/apuntesdesanluis.com\/index.php\/2024\/10\/17\/renuncio-el-secretario-de-energia-y-sera-reemplazado-por-una-dirigente-cercana-a-mauricio-macri\/#breadcrumb\"},\"inLanguage\":\"es-AR\",\"potentialAction\":[{\"@type\":\"ReadAction\",\"target\":[\"https:\/\/apuntesdesanluis.com\/index.php\/2024\/10\/17\/renuncio-el-secretario-de-energia-y-sera-reemplazado-por-una-dirigente-cercana-a-mauricio-macri\/\"]}]},{\"@type\":\"ImageObject\",\"inLanguage\":\"es-AR\",\"@id\":\"https:\/\/apuntesdesanluis.com\/index.php\/2024\/10\/17\/renuncio-el-secretario-de-energia-y-sera-reemplazado-por-una-dirigente-cercana-a-mauricio-macri\/#primaryimage\",\"url\":\"https:\/\/apuntesdesanluis.com\/wp-content\/uploads\/2024\/10\/tetamanti.png\",\"contentUrl\":\"https:\/\/apuntesdesanluis.com\/wp-content\/uploads\/2024\/10\/tetamanti.png\",\"width\":756,\"height\":428},{\"@type\":\"BreadcrumbList\",\"@id\":\"https:\/\/apuntesdesanluis.com\/index.php\/2024\/10\/17\/renuncio-el-secretario-de-energia-y-sera-reemplazado-por-una-dirigente-cercana-a-mauricio-macri\/#breadcrumb\",\"itemListElement\":[{\"@type\":\"ListItem\",\"position\":1,\"name\":\"Inicio\",\"item\":\"https:\/\/apuntesdesanluis.com\/\"},{\"@type\":\"ListItem\",\"position\":2,\"name\":\"RENUNCI\u00d3 EL SECRETARIO DE ENERG\u00cdA Y SER\u00c1 REEMPLAZADO POR UNA DIRIGENTE CERCANA A MAURICIO MACRI\"}]},{\"@type\":\"WebSite\",\"@id\":\"https:\/\/apuntesdesanluis.com\/#website\",\"url\":\"https:\/\/apuntesdesanluis.com\/\",\"name\":\"Apuntes de San Luis\",\"description\":\"\",\"publisher\":{\"@id\":\"https:\/\/apuntesdesanluis.com\/#\/schema\/person\/b55151d52296fcce64d1a72538a70b90\"},\"potentialAction\":[{\"@type\":\"SearchAction\",\"target\":{\"@type\":\"EntryPoint\",\"urlTemplate\":\"https:\/\/apuntesdesanluis.com\/?s={search_term_string}\"},\"query-input\":{\"@type\":\"PropertyValueSpecification\",\"valueRequired\":true,\"valueName\":\"search_term_string\"}}],\"inLanguage\":\"es-AR\"},{\"@type\":[\"Person\",\"Organization\"],\"@id\":\"https:\/\/apuntesdesanluis.com\/#\/schema\/person\/b55151d52296fcce64d1a72538a70b90\",\"name\":\"apuntesdesanluis.com\",\"image\":{\"@type\":\"ImageObject\",\"inLanguage\":\"es-AR\",\"@id\":\"https:\/\/apuntesdesanluis.com\/#\/schema\/person\/image\/\",\"url\":\"https:\/\/apuntesdesanluis.com\/wp-content\/uploads\/2023\/07\/cropped-apuntesdesanluis.png\",\"contentUrl\":\"https:\/\/apuntesdesanluis.com\/wp-content\/uploads\/2023\/07\/cropped-apuntesdesanluis.png\",\"width\":450,\"height\":112,\"caption\":\"apuntesdesanluis.com\"},\"logo\":{\"@id\":\"https:\/\/apuntesdesanluis.com\/#\/schema\/person\/image\/\"},\"sameAs\":[\"https:\/\/apuntesdesanluis.com\"],\"url\":\"https:\/\/apuntesdesanluis.com\/index.php\/author\/apuntesdesanluis-com\/\"}]}<\/script>\n<!-- \/ Yoast SEO plugin. -->","yoast_head_json":{"title":"RENUNCI\u00d3 EL SECRETARIO DE ENERG\u00cdA Y SER\u00c1 REEMPLAZADO POR UNA DIRIGENTE CERCANA A MAURICIO MACRI - Apuntes de San Luis","robots":{"index":"index","follow":"follow","max-snippet":"max-snippet:-1","max-image-preview":"max-image-preview:large","max-video-preview":"max-video-preview:-1"},"canonical":"https:\/\/apuntesdesanluis.com\/index.php\/2024\/10\/17\/renuncio-el-secretario-de-energia-y-sera-reemplazado-por-una-dirigente-cercana-a-mauricio-macri\/","og_locale":"es_ES","og_type":"article","og_title":"RENUNCI\u00d3 EL SECRETARIO DE ENERG\u00cdA Y SER\u00c1 REEMPLAZADO POR UNA DIRIGENTE CERCANA A MAURICIO MACRI - Apuntes de San Luis","og_description":"Se trata de Mar\u00eda Tettamanti, hasta hoy gerente general de NRG Energ\u00eda SA, quien llega...","og_url":"https:\/\/apuntesdesanluis.com\/index.php\/2024\/10\/17\/renuncio-el-secretario-de-energia-y-sera-reemplazado-por-una-dirigente-cercana-a-mauricio-macri\/","og_site_name":"Apuntes de San Luis","article_published_time":"2024-10-17T23:11:05+00:00","article_modified_time":"2024-10-17T23:11:49+00:00","og_image":[{"width":756,"height":428,"url":"https:\/\/apuntesdesanluis.com\/wp-content\/uploads\/2024\/10\/tetamanti.png","type":"image\/png"}],"author":"apuntesdesanluis.com","twitter_card":"summary_large_image","twitter_misc":{"Escrito por":"apuntesdesanluis.com","Tiempo de lectura":"4 minutos"},"schema":{"@context":"https:\/\/schema.org","@graph":[{"@type":"Article","@id":"https:\/\/apuntesdesanluis.com\/index.php\/2024\/10\/17\/renuncio-el-secretario-de-energia-y-sera-reemplazado-por-una-dirigente-cercana-a-mauricio-macri\/#article","isPartOf":{"@id":"https:\/\/apuntesdesanluis.com\/index.php\/2024\/10\/17\/renuncio-el-secretario-de-energia-y-sera-reemplazado-por-una-dirigente-cercana-a-mauricio-macri\/"},"author":{"name":"apuntesdesanluis.com","@id":"https:\/\/apuntesdesanluis.com\/#\/schema\/person\/b55151d52296fcce64d1a72538a70b90"},"headline":"RENUNCI\u00d3 EL SECRETARIO DE ENERG\u00cdA Y SER\u00c1 REEMPLAZADO POR UNA DIRIGENTE CERCANA A MAURICIO MACRI","datePublished":"2024-10-17T23:11:05+00:00","dateModified":"2024-10-17T23:11:49+00:00","mainEntityOfPage":{"@id":"https:\/\/apuntesdesanluis.com\/index.php\/2024\/10\/17\/renuncio-el-secretario-de-energia-y-sera-reemplazado-por-una-dirigente-cercana-a-mauricio-macri\/"},"wordCount":898,"publisher":{"@id":"https:\/\/apuntesdesanluis.com\/#\/schema\/person\/b55151d52296fcce64d1a72538a70b90"},"image":{"@id":"https:\/\/apuntesdesanluis.com\/index.php\/2024\/10\/17\/renuncio-el-secretario-de-energia-y-sera-reemplazado-por-una-dirigente-cercana-a-mauricio-macri\/#primaryimage"},"thumbnailUrl":"https:\/\/apuntesdesanluis.com\/wp-content\/uploads\/2024\/10\/tetamanti.png","articleSection":["Nacionales\/Internacionales"],"inLanguage":"es-AR"},{"@type":"WebPage","@id":"https:\/\/apuntesdesanluis.com\/index.php\/2024\/10\/17\/renuncio-el-secretario-de-energia-y-sera-reemplazado-por-una-dirigente-cercana-a-mauricio-macri\/","url":"https:\/\/apuntesdesanluis.com\/index.php\/2024\/10\/17\/renuncio-el-secretario-de-energia-y-sera-reemplazado-por-una-dirigente-cercana-a-mauricio-macri\/","name":"RENUNCI\u00d3 EL SECRETARIO DE ENERG\u00cdA Y SER\u00c1 REEMPLAZADO POR UNA DIRIGENTE CERCANA A MAURICIO MACRI - Apuntes de San Luis","isPartOf":{"@id":"https:\/\/apuntesdesanluis.com\/#website"},"primaryImageOfPage":{"@id":"https:\/\/apuntesdesanluis.com\/index.php\/2024\/10\/17\/renuncio-el-secretario-de-energia-y-sera-reemplazado-por-una-dirigente-cercana-a-mauricio-macri\/#primaryimage"},"image":{"@id":"https:\/\/apuntesdesanluis.com\/index.php\/2024\/10\/17\/renuncio-el-secretario-de-energia-y-sera-reemplazado-por-una-dirigente-cercana-a-mauricio-macri\/#primaryimage"},"thumbnailUrl":"https:\/\/apuntesdesanluis.com\/wp-content\/uploads\/2024\/10\/tetamanti.png","datePublished":"2024-10-17T23:11:05+00:00","dateModified":"2024-10-17T23:11:49+00:00","breadcrumb":{"@id":"https:\/\/apuntesdesanluis.com\/index.php\/2024\/10\/17\/renuncio-el-secretario-de-energia-y-sera-reemplazado-por-una-dirigente-cercana-a-mauricio-macri\/#breadcrumb"},"inLanguage":"es-AR","potentialAction":[{"@type":"ReadAction","target":["https:\/\/apuntesdesanluis.com\/index.php\/2024\/10\/17\/renuncio-el-secretario-de-energia-y-sera-reemplazado-por-una-dirigente-cercana-a-mauricio-macri\/"]}]},{"@type":"ImageObject","inLanguage":"es-AR","@id":"https:\/\/apuntesdesanluis.com\/index.php\/2024\/10\/17\/renuncio-el-secretario-de-energia-y-sera-reemplazado-por-una-dirigente-cercana-a-mauricio-macri\/#primaryimage","url":"https:\/\/apuntesdesanluis.com\/wp-content\/uploads\/2024\/10\/tetamanti.png","contentUrl":"https:\/\/apuntesdesanluis.com\/wp-content\/uploads\/2024\/10\/tetamanti.png","width":756,"height":428},{"@type":"BreadcrumbList","@id":"https:\/\/apuntesdesanluis.com\/index.php\/2024\/10\/17\/renuncio-el-secretario-de-energia-y-sera-reemplazado-por-una-dirigente-cercana-a-mauricio-macri\/#breadcrumb","itemListElement":[{"@type":"ListItem","position":1,"name":"Inicio","item":"https:\/\/apuntesdesanluis.com\/"},{"@type":"ListItem","position":2,"name":"RENUNCI\u00d3 EL SECRETARIO DE ENERG\u00cdA Y SER\u00c1 REEMPLAZADO POR UNA DIRIGENTE CERCANA A MAURICIO MACRI"}]},{"@type":"WebSite","@id":"https:\/\/apuntesdesanluis.com\/#website","url":"https:\/\/apuntesdesanluis.com\/","name":"Apuntes de San Luis","description":"","publisher":{"@id":"https:\/\/apuntesdesanluis.com\/#\/schema\/person\/b55151d52296fcce64d1a72538a70b90"},"potentialAction":[{"@type":"SearchAction","target":{"@type":"EntryPoint","urlTemplate":"https:\/\/apuntesdesanluis.com\/?s={search_term_string}"},"query-input":{"@type":"PropertyValueSpecification","valueRequired":true,"valueName":"search_term_string"}}],"inLanguage":"es-AR"},{"@type":["Person","Organization"],"@id":"https:\/\/apuntesdesanluis.com\/#\/schema\/person\/b55151d52296fcce64d1a72538a70b90","name":"apuntesdesanluis.com","image":{"@type":"ImageObject","inLanguage":"es-AR","@id":"https:\/\/apuntesdesanluis.com\/#\/schema\/person\/image\/","url":"https:\/\/apuntesdesanluis.com\/wp-content\/uploads\/2023\/07\/cropped-apuntesdesanluis.png","contentUrl":"https:\/\/apuntesdesanluis.com\/wp-content\/uploads\/2023\/07\/cropped-apuntesdesanluis.png","width":450,"height":112,"caption":"apuntesdesanluis.com"},"logo":{"@id":"https:\/\/apuntesdesanluis.com\/#\/schema\/person\/image\/"},"sameAs":["https:\/\/apuntesdesanluis.com"],"url":"https:\/\/apuntesdesanluis.com\/index.php\/author\/apuntesdesanluis-com\/"}]}},"featured_image_urls":{"full":["https:\/\/apuntesdesanluis.com\/wp-content\/uploads\/2024\/10\/tetamanti.png",756,428,false],"thumbnail":["https:\/\/apuntesdesanluis.com\/wp-content\/uploads\/2024\/10\/tetamanti-150x150.png",150,150,true],"medium":["https:\/\/apuntesdesanluis.com\/wp-content\/uploads\/2024\/10\/tetamanti-300x170.png",300,170,true],"medium_large":["https:\/\/apuntesdesanluis.com\/wp-content\/uploads\/2024\/10\/tetamanti.png",640,362,false],"large":["https:\/\/apuntesdesanluis.com\/wp-content\/uploads\/2024\/10\/tetamanti.png",640,362,false],"1536x1536":["https:\/\/apuntesdesanluis.com\/wp-content\/uploads\/2024\/10\/tetamanti.png",756,428,false],"2048x2048":["https:\/\/apuntesdesanluis.com\/wp-content\/uploads\/2024\/10\/tetamanti.png",756,428,false],"newsever-slider-full":["https:\/\/apuntesdesanluis.com\/wp-content\/uploads\/2024\/10\/tetamanti.png",756,428,false],"newsever-featured":["https:\/\/apuntesdesanluis.com\/wp-content\/uploads\/2024\/10\/tetamanti.png",756,428,false],"newsever-medium":["https:\/\/apuntesdesanluis.com\/wp-content\/uploads\/2024\/10\/tetamanti-720x428.png",720,428,true]},"author_info":{"display_name":"apuntesdesanluis.com","author_link":"https:\/\/apuntesdesanluis.com\/index.php\/author\/apuntesdesanluis-com\/"},"category_info":"<a href=\"https:\/\/apuntesdesanluis.com\/index.php\/category\/nacionales-internacionales\/\" rel=\"category tag\">Nacionales\/Internacionales<\/a>","tag_info":"Nacionales\/Internacionales","comment_count":"0","_links":{"self":[{"href":"https:\/\/apuntesdesanluis.com\/index.php\/wp-json\/wp\/v2\/posts\/24016","targetHints":{"allow":["GET"]}}],"collection":[{"href":"https:\/\/apuntesdesanluis.com\/index.php\/wp-json\/wp\/v2\/posts"}],"about":[{"href":"https:\/\/apuntesdesanluis.com\/index.php\/wp-json\/wp\/v2\/types\/post"}],"author":[{"embeddable":true,"href":"https:\/\/apuntesdesanluis.com\/index.php\/wp-json\/wp\/v2\/users\/1"}],"replies":[{"embeddable":true,"href":"https:\/\/apuntesdesanluis.com\/index.php\/wp-json\/wp\/v2\/comments?post=24016"}],"version-history":[{"count":2,"href":"https:\/\/apuntesdesanluis.com\/index.php\/wp-json\/wp\/v2\/posts\/24016\/revisions"}],"predecessor-version":[{"id":24019,"href":"https:\/\/apuntesdesanluis.com\/index.php\/wp-json\/wp\/v2\/posts\/24016\/revisions\/24019"}],"wp:featuredmedia":[{"embeddable":true,"href":"https:\/\/apuntesdesanluis.com\/index.php\/wp-json\/wp\/v2\/media\/24017"}],"wp:attachment":[{"href":"https:\/\/apuntesdesanluis.com\/index.php\/wp-json\/wp\/v2\/media?parent=24016"}],"wp:term":[{"taxonomy":"category","embeddable":true,"href":"https:\/\/apuntesdesanluis.com\/index.php\/wp-json\/wp\/v2\/categories?post=24016"},{"taxonomy":"post_tag","embeddable":true,"href":"https:\/\/apuntesdesanluis.com\/index.php\/wp-json\/wp\/v2\/tags?post=24016"}],"curies":[{"name":"wp","href":"https:\/\/api.w.org\/{rel}","templated":true}]}}