{"id":24033,"date":"2024-10-17T21:55:43","date_gmt":"2024-10-18T00:55:43","guid":{"rendered":"https:\/\/apuntesdesanluis.com\/?p=24033"},"modified":"2024-10-17T21:55:43","modified_gmt":"2024-10-18T00:55:43","slug":"confirmaron-el-procesamiento-de-gines-gonzalez-garcia-por-el-vacunatorio-vip","status":"publish","type":"post","link":"https:\/\/apuntesdesanluis.com\/index.php\/2024\/10\/17\/confirmaron-el-procesamiento-de-gines-gonzalez-garcia-por-el-vacunatorio-vip\/","title":{"rendered":"CONFIRMARON EL PROCESAMIENTO DE GIN\u00c9S GONZ\u00c1LEZ GARC\u00cdA POR EL VACUNATORIO VIP"},"content":{"rendered":"<h3>La C\u00e1mara Federal porte\u00f1a confirm\u00f3 este jueves el procesamiento del ex ministro de Salud <strong>Gin\u00e9s Gonz\u00e1lez Garc\u00eda<\/strong> en la causa por el llamado vacunatorio VIP.\u00a0Adem\u00e1s, se inform\u00f3 que el tribunal de apelaciones dispuso un embargo de 20 millones de pesos para el ex funcionario y orden\u00f3 profundizar la investigaci\u00f3n.<\/h3>\n<h3>La C\u00e1mara Federal porte\u00f1a confirm\u00f3 el procesamiento por presunto \u201cabuso de autoridad y peculado\u201d,\u00a0 en una decisi\u00f3n que tambi\u00e9n alcanz\u00f3 al ex secretario privado del ex funcionario Marcelo Guille y al director del Hospital Posadas, Alberto Maceira.<\/h3>\n<h3>Los jueces Leopoldo Bruglia, Pablo Bertuzzi y Mariano Llorens dispusieron tambi\u00e9n que se profundice la investigaci\u00f3n para determinar si quienes se inocularon por fuera del orden que establec\u00eda el Plan Nacional de Vacunaci\u00f3n cometieron alg\u00fan delito.<\/h3>\n<h3>\u00a0&#8220;El que unos pocos hayan recibido el tratamiento exclusivo que obtuvieron -seg\u00fan el relato de hechos- cristaliza una inadmisible torsi\u00f3n de la senda que la ley impon\u00eda&#8221;, advirti\u00f3 la resoluci\u00f3n, que confirm\u00f3 los procesamientos que hab\u00eda dispuesto la jueza federal Mar\u00eda Eugenia Capuchetti.<\/h3>\n<h3>Por eso ordenaron a la magistrada que realice una investigaci\u00f3n integral de lo ocurrido &#8220;a fin de aventar el peligro de que se exima de respuesta punitiva a quienes deben afrontar las consecuencias de haber disfrutado de provechos ilegales&#8221;.<\/h3>\n<h3>Los jueces sostuvieron que &#8220;a\u00fan cuando por edad hubiesen tenido derecho a la vacunaci\u00f3n a ese tiempo, la desviaci\u00f3n de recursos humanos y materiales para ser vacunados en la comodidad de su hogar, o en un vacunatorio instalado para la ocasi\u00f3n, es la m\u00e1s clara demostraci\u00f3n de que lo actuado no estuvo amparado por la legalidad&#8221;.<\/h3>\n<h3>El Tribunal de Apelaciones redujo los embargos que hab\u00eda dispuesto Capuchetti y los fij\u00f3 en 20 millones de pesos para Gonzalez Garc\u00eda, 18 millones para Maceira y 10 millones para Guille y Alejandro Costa, ex subsecretario de Estrategias Sanitarias, en tanto dict\u00f3 la falta de m\u00e9rito para Mar\u00eda Elena Borda, otra funcionaria del Posadas que hab\u00eda sido procesada.<\/h3>\n<h3>Uno de los hechos investigados ocurri\u00f3 el 18 de febrero de 2021, cuando un equipo de vacunaci\u00f3n del Hospital Nacional &#8220;Profesor Alejandro Posadas&#8221; se traslad\u00f3 hasta el Ministerio de Salud con 10 dosis de la vacuna contra el Covid-19 asignada para uso del personal.<\/h3>\n<h3>\u00a0En un &#8220;vacunatorio instalado al efecto, un grupo de personas aguardaba recibir una de las dosis de la Sputnik V, componente 1, reci\u00e9n llegadas al pa\u00eds desde la Federaci\u00f3n Rusa&#8221;, entre quienes estaban Jorge Enrique Taiana, Eduardo F\u00e9lix Vald\u00e9s y Horacio Verbitsky, entre otros.<\/h3>\n<h3>&#8220;Ese d\u00eda eludieron criterios establecidos en la Resoluci\u00f3n MSAL N\u00b0 2883\/2020, dictada el 30\/12\/2020,&#8221; por el entonces ministro de Salud Gonz\u00e1lez Garc\u00eda, record\u00f3 la C\u00e1mara.<\/h3>\n<h3>El segundo hecho que forma parte de la causa tuvo lugar el 1 de febrero de 2021, cuando por presunta indicaci\u00f3n de Gonz\u00e1lez Garc\u00eda, el subsecretario Costa acudi\u00f3 al domicilio particular de Eduardo Alberto Duhalde con 5 dosis de la vacuna contra el Covid- 19 asignadas al Ministerio de Salud.<\/h3>\n<h3>Duhalde, su esposa Hilda Beatriz Gonz\u00e1lez; sus hijas Juliana y Mar\u00eda Eva Duhalde, y Carlos Alberto Mao fueron quienes &#8220;recibieron las ventajas que a otros -a ese tiempo- les eran negadas&#8221;, remarc\u00f3 la acusaci\u00f3n.<\/h3>\n<p>&nbsp;<\/p>\n<p>&nbsp;<\/p>\n<p>&nbsp;<\/p>\n<p>&nbsp;<\/p>\n","protected":false},"excerpt":{"rendered":"<p>La C\u00e1mara Federal porte\u00f1a confirm\u00f3 este jueves el procesamiento del ex ministro de Salud Gin\u00e9s&#8230;<\/p>\n","protected":false},"author":1,"featured_media":24034,"comment_status":"closed","ping_status":"closed","sticky":false,"template":"","format":"standard","meta":{"footnotes":""},"categories":[5],"tags":[],"class_list":["post-24033","post","type-post","status-publish","format-standard","has-post-thumbnail","hentry","category-nacionales-internacionales"],"yoast_head":"<!-- This site is optimized with the Yoast SEO plugin v26.1.1 - https:\/\/yoast.com\/wordpress\/plugins\/seo\/ -->\n<title>CONFIRMARON EL PROCESAMIENTO DE GIN\u00c9S GONZ\u00c1LEZ GARC\u00cdA POR EL VACUNATORIO VIP - Apuntes de San Luis<\/title>\n<meta name=\"robots\" content=\"index, follow, max-snippet:-1, max-image-preview:large, max-video-preview:-1\" \/>\n<link rel=\"canonical\" href=\"https:\/\/apuntesdesanluis.com\/index.php\/2024\/10\/17\/confirmaron-el-procesamiento-de-gines-gonzalez-garcia-por-el-vacunatorio-vip\/\" \/>\n<meta property=\"og:locale\" content=\"es_ES\" \/>\n<meta property=\"og:type\" content=\"article\" \/>\n<meta property=\"og:title\" content=\"CONFIRMARON EL PROCESAMIENTO DE GIN\u00c9S GONZ\u00c1LEZ GARC\u00cdA POR EL VACUNATORIO VIP - Apuntes de San Luis\" \/>\n<meta property=\"og:description\" content=\"La C\u00e1mara Federal porte\u00f1a confirm\u00f3 este jueves el procesamiento del ex ministro de Salud Gin\u00e9s...\" \/>\n<meta property=\"og:url\" content=\"https:\/\/apuntesdesanluis.com\/index.php\/2024\/10\/17\/confirmaron-el-procesamiento-de-gines-gonzalez-garcia-por-el-vacunatorio-vip\/\" \/>\n<meta property=\"og:site_name\" content=\"Apuntes de San Luis\" \/>\n<meta property=\"article:published_time\" content=\"2024-10-18T00:55:43+00:00\" \/>\n<meta property=\"og:image\" content=\"https:\/\/apuntesdesanluis.com\/wp-content\/uploads\/2024\/10\/GINES-GONZALEZ-GARCIA.png\" \/>\n\t<meta property=\"og:image:width\" content=\"815\" \/>\n\t<meta property=\"og:image:height\" content=\"496\" \/>\n\t<meta property=\"og:image:type\" content=\"image\/png\" \/>\n<meta name=\"author\" content=\"apuntesdesanluis.com\" \/>\n<meta name=\"twitter:card\" content=\"summary_large_image\" \/>\n<meta name=\"twitter:label1\" content=\"Escrito por\" \/>\n\t<meta name=\"twitter:data1\" content=\"apuntesdesanluis.com\" \/>\n\t<meta name=\"twitter:label2\" content=\"Tiempo de lectura\" \/>\n\t<meta name=\"twitter:data2\" content=\"3 minutos\" \/>\n<script type=\"application\/ld+json\" class=\"yoast-schema-graph\">{\"@context\":\"https:\/\/schema.org\",\"@graph\":[{\"@type\":\"Article\",\"@id\":\"https:\/\/apuntesdesanluis.com\/index.php\/2024\/10\/17\/confirmaron-el-procesamiento-de-gines-gonzalez-garcia-por-el-vacunatorio-vip\/#article\",\"isPartOf\":{\"@id\":\"https:\/\/apuntesdesanluis.com\/index.php\/2024\/10\/17\/confirmaron-el-procesamiento-de-gines-gonzalez-garcia-por-el-vacunatorio-vip\/\"},\"author\":{\"name\":\"apuntesdesanluis.com\",\"@id\":\"https:\/\/apuntesdesanluis.com\/#\/schema\/person\/b55151d52296fcce64d1a72538a70b90\"},\"headline\":\"CONFIRMARON EL PROCESAMIENTO DE GIN\u00c9S GONZ\u00c1LEZ GARC\u00cdA POR EL VACUNATORIO VIP\",\"datePublished\":\"2024-10-18T00:55:43+00:00\",\"mainEntityOfPage\":{\"@id\":\"https:\/\/apuntesdesanluis.com\/index.php\/2024\/10\/17\/confirmaron-el-procesamiento-de-gines-gonzalez-garcia-por-el-vacunatorio-vip\/\"},\"wordCount\":571,\"publisher\":{\"@id\":\"https:\/\/apuntesdesanluis.com\/#\/schema\/person\/b55151d52296fcce64d1a72538a70b90\"},\"image\":{\"@id\":\"https:\/\/apuntesdesanluis.com\/index.php\/2024\/10\/17\/confirmaron-el-procesamiento-de-gines-gonzalez-garcia-por-el-vacunatorio-vip\/#primaryimage\"},\"thumbnailUrl\":\"https:\/\/apuntesdesanluis.com\/wp-content\/uploads\/2024\/10\/GINES-GONZALEZ-GARCIA.png\",\"articleSection\":[\"Nacionales\/Internacionales\"],\"inLanguage\":\"es-AR\"},{\"@type\":\"WebPage\",\"@id\":\"https:\/\/apuntesdesanluis.com\/index.php\/2024\/10\/17\/confirmaron-el-procesamiento-de-gines-gonzalez-garcia-por-el-vacunatorio-vip\/\",\"url\":\"https:\/\/apuntesdesanluis.com\/index.php\/2024\/10\/17\/confirmaron-el-procesamiento-de-gines-gonzalez-garcia-por-el-vacunatorio-vip\/\",\"name\":\"CONFIRMARON EL PROCESAMIENTO DE GIN\u00c9S GONZ\u00c1LEZ GARC\u00cdA POR EL VACUNATORIO VIP - Apuntes de San Luis\",\"isPartOf\":{\"@id\":\"https:\/\/apuntesdesanluis.com\/#website\"},\"primaryImageOfPage\":{\"@id\":\"https:\/\/apuntesdesanluis.com\/index.php\/2024\/10\/17\/confirmaron-el-procesamiento-de-gines-gonzalez-garcia-por-el-vacunatorio-vip\/#primaryimage\"},\"image\":{\"@id\":\"https:\/\/apuntesdesanluis.com\/index.php\/2024\/10\/17\/confirmaron-el-procesamiento-de-gines-gonzalez-garcia-por-el-vacunatorio-vip\/#primaryimage\"},\"thumbnailUrl\":\"https:\/\/apuntesdesanluis.com\/wp-content\/uploads\/2024\/10\/GINES-GONZALEZ-GARCIA.png\",\"datePublished\":\"2024-10-18T00:55:43+00:00\",\"breadcrumb\":{\"@id\":\"https:\/\/apuntesdesanluis.com\/index.php\/2024\/10\/17\/confirmaron-el-procesamiento-de-gines-gonzalez-garcia-por-el-vacunatorio-vip\/#breadcrumb\"},\"inLanguage\":\"es-AR\",\"potentialAction\":[{\"@type\":\"ReadAction\",\"target\":[\"https:\/\/apuntesdesanluis.com\/index.php\/2024\/10\/17\/confirmaron-el-procesamiento-de-gines-gonzalez-garcia-por-el-vacunatorio-vip\/\"]}]},{\"@type\":\"ImageObject\",\"inLanguage\":\"es-AR\",\"@id\":\"https:\/\/apuntesdesanluis.com\/index.php\/2024\/10\/17\/confirmaron-el-procesamiento-de-gines-gonzalez-garcia-por-el-vacunatorio-vip\/#primaryimage\",\"url\":\"https:\/\/apuntesdesanluis.com\/wp-content\/uploads\/2024\/10\/GINES-GONZALEZ-GARCIA.png\",\"contentUrl\":\"https:\/\/apuntesdesanluis.com\/wp-content\/uploads\/2024\/10\/GINES-GONZALEZ-GARCIA.png\",\"width\":815,\"height\":496},{\"@type\":\"BreadcrumbList\",\"@id\":\"https:\/\/apuntesdesanluis.com\/index.php\/2024\/10\/17\/confirmaron-el-procesamiento-de-gines-gonzalez-garcia-por-el-vacunatorio-vip\/#breadcrumb\",\"itemListElement\":[{\"@type\":\"ListItem\",\"position\":1,\"name\":\"Inicio\",\"item\":\"https:\/\/apuntesdesanluis.com\/\"},{\"@type\":\"ListItem\",\"position\":2,\"name\":\"CONFIRMARON EL PROCESAMIENTO DE GIN\u00c9S GONZ\u00c1LEZ GARC\u00cdA POR EL VACUNATORIO VIP\"}]},{\"@type\":\"WebSite\",\"@id\":\"https:\/\/apuntesdesanluis.com\/#website\",\"url\":\"https:\/\/apuntesdesanluis.com\/\",\"name\":\"Apuntes de San Luis\",\"description\":\"\",\"publisher\":{\"@id\":\"https:\/\/apuntesdesanluis.com\/#\/schema\/person\/b55151d52296fcce64d1a72538a70b90\"},\"potentialAction\":[{\"@type\":\"SearchAction\",\"target\":{\"@type\":\"EntryPoint\",\"urlTemplate\":\"https:\/\/apuntesdesanluis.com\/?s={search_term_string}\"},\"query-input\":{\"@type\":\"PropertyValueSpecification\",\"valueRequired\":true,\"valueName\":\"search_term_string\"}}],\"inLanguage\":\"es-AR\"},{\"@type\":[\"Person\",\"Organization\"],\"@id\":\"https:\/\/apuntesdesanluis.com\/#\/schema\/person\/b55151d52296fcce64d1a72538a70b90\",\"name\":\"apuntesdesanluis.com\",\"image\":{\"@type\":\"ImageObject\",\"inLanguage\":\"es-AR\",\"@id\":\"https:\/\/apuntesdesanluis.com\/#\/schema\/person\/image\/\",\"url\":\"https:\/\/apuntesdesanluis.com\/wp-content\/uploads\/2023\/07\/cropped-apuntesdesanluis.png\",\"contentUrl\":\"https:\/\/apuntesdesanluis.com\/wp-content\/uploads\/2023\/07\/cropped-apuntesdesanluis.png\",\"width\":450,\"height\":112,\"caption\":\"apuntesdesanluis.com\"},\"logo\":{\"@id\":\"https:\/\/apuntesdesanluis.com\/#\/schema\/person\/image\/\"},\"sameAs\":[\"https:\/\/apuntesdesanluis.com\"],\"url\":\"https:\/\/apuntesdesanluis.com\/index.php\/author\/apuntesdesanluis-com\/\"}]}<\/script>\n<!-- \/ Yoast SEO plugin. -->","yoast_head_json":{"title":"CONFIRMARON EL PROCESAMIENTO DE GIN\u00c9S GONZ\u00c1LEZ GARC\u00cdA POR EL VACUNATORIO VIP - Apuntes de San Luis","robots":{"index":"index","follow":"follow","max-snippet":"max-snippet:-1","max-image-preview":"max-image-preview:large","max-video-preview":"max-video-preview:-1"},"canonical":"https:\/\/apuntesdesanluis.com\/index.php\/2024\/10\/17\/confirmaron-el-procesamiento-de-gines-gonzalez-garcia-por-el-vacunatorio-vip\/","og_locale":"es_ES","og_type":"article","og_title":"CONFIRMARON EL PROCESAMIENTO DE GIN\u00c9S GONZ\u00c1LEZ GARC\u00cdA POR EL VACUNATORIO VIP - Apuntes de San Luis","og_description":"La C\u00e1mara Federal porte\u00f1a confirm\u00f3 este jueves el procesamiento del ex ministro de Salud Gin\u00e9s...","og_url":"https:\/\/apuntesdesanluis.com\/index.php\/2024\/10\/17\/confirmaron-el-procesamiento-de-gines-gonzalez-garcia-por-el-vacunatorio-vip\/","og_site_name":"Apuntes de San Luis","article_published_time":"2024-10-18T00:55:43+00:00","og_image":[{"width":815,"height":496,"url":"https:\/\/apuntesdesanluis.com\/wp-content\/uploads\/2024\/10\/GINES-GONZALEZ-GARCIA.png","type":"image\/png"}],"author":"apuntesdesanluis.com","twitter_card":"summary_large_image","twitter_misc":{"Escrito por":"apuntesdesanluis.com","Tiempo de lectura":"3 minutos"},"schema":{"@context":"https:\/\/schema.org","@graph":[{"@type":"Article","@id":"https:\/\/apuntesdesanluis.com\/index.php\/2024\/10\/17\/confirmaron-el-procesamiento-de-gines-gonzalez-garcia-por-el-vacunatorio-vip\/#article","isPartOf":{"@id":"https:\/\/apuntesdesanluis.com\/index.php\/2024\/10\/17\/confirmaron-el-procesamiento-de-gines-gonzalez-garcia-por-el-vacunatorio-vip\/"},"author":{"name":"apuntesdesanluis.com","@id":"https:\/\/apuntesdesanluis.com\/#\/schema\/person\/b55151d52296fcce64d1a72538a70b90"},"headline":"CONFIRMARON EL PROCESAMIENTO DE GIN\u00c9S GONZ\u00c1LEZ GARC\u00cdA POR EL VACUNATORIO VIP","datePublished":"2024-10-18T00:55:43+00:00","mainEntityOfPage":{"@id":"https:\/\/apuntesdesanluis.com\/index.php\/2024\/10\/17\/confirmaron-el-procesamiento-de-gines-gonzalez-garcia-por-el-vacunatorio-vip\/"},"wordCount":571,"publisher":{"@id":"https:\/\/apuntesdesanluis.com\/#\/schema\/person\/b55151d52296fcce64d1a72538a70b90"},"image":{"@id":"https:\/\/apuntesdesanluis.com\/index.php\/2024\/10\/17\/confirmaron-el-procesamiento-de-gines-gonzalez-garcia-por-el-vacunatorio-vip\/#primaryimage"},"thumbnailUrl":"https:\/\/apuntesdesanluis.com\/wp-content\/uploads\/2024\/10\/GINES-GONZALEZ-GARCIA.png","articleSection":["Nacionales\/Internacionales"],"inLanguage":"es-AR"},{"@type":"WebPage","@id":"https:\/\/apuntesdesanluis.com\/index.php\/2024\/10\/17\/confirmaron-el-procesamiento-de-gines-gonzalez-garcia-por-el-vacunatorio-vip\/","url":"https:\/\/apuntesdesanluis.com\/index.php\/2024\/10\/17\/confirmaron-el-procesamiento-de-gines-gonzalez-garcia-por-el-vacunatorio-vip\/","name":"CONFIRMARON EL PROCESAMIENTO DE GIN\u00c9S GONZ\u00c1LEZ GARC\u00cdA POR EL VACUNATORIO VIP - Apuntes de San Luis","isPartOf":{"@id":"https:\/\/apuntesdesanluis.com\/#website"},"primaryImageOfPage":{"@id":"https:\/\/apuntesdesanluis.com\/index.php\/2024\/10\/17\/confirmaron-el-procesamiento-de-gines-gonzalez-garcia-por-el-vacunatorio-vip\/#primaryimage"},"image":{"@id":"https:\/\/apuntesdesanluis.com\/index.php\/2024\/10\/17\/confirmaron-el-procesamiento-de-gines-gonzalez-garcia-por-el-vacunatorio-vip\/#primaryimage"},"thumbnailUrl":"https:\/\/apuntesdesanluis.com\/wp-content\/uploads\/2024\/10\/GINES-GONZALEZ-GARCIA.png","datePublished":"2024-10-18T00:55:43+00:00","breadcrumb":{"@id":"https:\/\/apuntesdesanluis.com\/index.php\/2024\/10\/17\/confirmaron-el-procesamiento-de-gines-gonzalez-garcia-por-el-vacunatorio-vip\/#breadcrumb"},"inLanguage":"es-AR","potentialAction":[{"@type":"ReadAction","target":["https:\/\/apuntesdesanluis.com\/index.php\/2024\/10\/17\/confirmaron-el-procesamiento-de-gines-gonzalez-garcia-por-el-vacunatorio-vip\/"]}]},{"@type":"ImageObject","inLanguage":"es-AR","@id":"https:\/\/apuntesdesanluis.com\/index.php\/2024\/10\/17\/confirmaron-el-procesamiento-de-gines-gonzalez-garcia-por-el-vacunatorio-vip\/#primaryimage","url":"https:\/\/apuntesdesanluis.com\/wp-content\/uploads\/2024\/10\/GINES-GONZALEZ-GARCIA.png","contentUrl":"https:\/\/apuntesdesanluis.com\/wp-content\/uploads\/2024\/10\/GINES-GONZALEZ-GARCIA.png","width":815,"height":496},{"@type":"BreadcrumbList","@id":"https:\/\/apuntesdesanluis.com\/index.php\/2024\/10\/17\/confirmaron-el-procesamiento-de-gines-gonzalez-garcia-por-el-vacunatorio-vip\/#breadcrumb","itemListElement":[{"@type":"ListItem","position":1,"name":"Inicio","item":"https:\/\/apuntesdesanluis.com\/"},{"@type":"ListItem","position":2,"name":"CONFIRMARON EL PROCESAMIENTO DE GIN\u00c9S GONZ\u00c1LEZ GARC\u00cdA POR EL VACUNATORIO VIP"}]},{"@type":"WebSite","@id":"https:\/\/apuntesdesanluis.com\/#website","url":"https:\/\/apuntesdesanluis.com\/","name":"Apuntes de San Luis","description":"","publisher":{"@id":"https:\/\/apuntesdesanluis.com\/#\/schema\/person\/b55151d52296fcce64d1a72538a70b90"},"potentialAction":[{"@type":"SearchAction","target":{"@type":"EntryPoint","urlTemplate":"https:\/\/apuntesdesanluis.com\/?s={search_term_string}"},"query-input":{"@type":"PropertyValueSpecification","valueRequired":true,"valueName":"search_term_string"}}],"inLanguage":"es-AR"},{"@type":["Person","Organization"],"@id":"https:\/\/apuntesdesanluis.com\/#\/schema\/person\/b55151d52296fcce64d1a72538a70b90","name":"apuntesdesanluis.com","image":{"@type":"ImageObject","inLanguage":"es-AR","@id":"https:\/\/apuntesdesanluis.com\/#\/schema\/person\/image\/","url":"https:\/\/apuntesdesanluis.com\/wp-content\/uploads\/2023\/07\/cropped-apuntesdesanluis.png","contentUrl":"https:\/\/apuntesdesanluis.com\/wp-content\/uploads\/2023\/07\/cropped-apuntesdesanluis.png","width":450,"height":112,"caption":"apuntesdesanluis.com"},"logo":{"@id":"https:\/\/apuntesdesanluis.com\/#\/schema\/person\/image\/"},"sameAs":["https:\/\/apuntesdesanluis.com"],"url":"https:\/\/apuntesdesanluis.com\/index.php\/author\/apuntesdesanluis-com\/"}]}},"featured_image_urls":{"full":["https:\/\/apuntesdesanluis.com\/wp-content\/uploads\/2024\/10\/GINES-GONZALEZ-GARCIA.png",815,496,false],"thumbnail":["https:\/\/apuntesdesanluis.com\/wp-content\/uploads\/2024\/10\/GINES-GONZALEZ-GARCIA-150x150.png",150,150,true],"medium":["https:\/\/apuntesdesanluis.com\/wp-content\/uploads\/2024\/10\/GINES-GONZALEZ-GARCIA-300x183.png",300,183,true],"medium_large":["https:\/\/apuntesdesanluis.com\/wp-content\/uploads\/2024\/10\/GINES-GONZALEZ-GARCIA-768x467.png",640,389,true],"large":["https:\/\/apuntesdesanluis.com\/wp-content\/uploads\/2024\/10\/GINES-GONZALEZ-GARCIA.png",640,389,false],"1536x1536":["https:\/\/apuntesdesanluis.com\/wp-content\/uploads\/2024\/10\/GINES-GONZALEZ-GARCIA.png",815,496,false],"2048x2048":["https:\/\/apuntesdesanluis.com\/wp-content\/uploads\/2024\/10\/GINES-GONZALEZ-GARCIA.png",815,496,false],"newsever-slider-full":["https:\/\/apuntesdesanluis.com\/wp-content\/uploads\/2024\/10\/GINES-GONZALEZ-GARCIA.png",815,496,false],"newsever-featured":["https:\/\/apuntesdesanluis.com\/wp-content\/uploads\/2024\/10\/GINES-GONZALEZ-GARCIA.png",815,496,false],"newsever-medium":["https:\/\/apuntesdesanluis.com\/wp-content\/uploads\/2024\/10\/GINES-GONZALEZ-GARCIA-720x475.png",720,475,true]},"author_info":{"display_name":"apuntesdesanluis.com","author_link":"https:\/\/apuntesdesanluis.com\/index.php\/author\/apuntesdesanluis-com\/"},"category_info":"<a href=\"https:\/\/apuntesdesanluis.com\/index.php\/category\/nacionales-internacionales\/\" rel=\"category tag\">Nacionales\/Internacionales<\/a>","tag_info":"Nacionales\/Internacionales","comment_count":"0","_links":{"self":[{"href":"https:\/\/apuntesdesanluis.com\/index.php\/wp-json\/wp\/v2\/posts\/24033","targetHints":{"allow":["GET"]}}],"collection":[{"href":"https:\/\/apuntesdesanluis.com\/index.php\/wp-json\/wp\/v2\/posts"}],"about":[{"href":"https:\/\/apuntesdesanluis.com\/index.php\/wp-json\/wp\/v2\/types\/post"}],"author":[{"embeddable":true,"href":"https:\/\/apuntesdesanluis.com\/index.php\/wp-json\/wp\/v2\/users\/1"}],"replies":[{"embeddable":true,"href":"https:\/\/apuntesdesanluis.com\/index.php\/wp-json\/wp\/v2\/comments?post=24033"}],"version-history":[{"count":1,"href":"https:\/\/apuntesdesanluis.com\/index.php\/wp-json\/wp\/v2\/posts\/24033\/revisions"}],"predecessor-version":[{"id":24035,"href":"https:\/\/apuntesdesanluis.com\/index.php\/wp-json\/wp\/v2\/posts\/24033\/revisions\/24035"}],"wp:featuredmedia":[{"embeddable":true,"href":"https:\/\/apuntesdesanluis.com\/index.php\/wp-json\/wp\/v2\/media\/24034"}],"wp:attachment":[{"href":"https:\/\/apuntesdesanluis.com\/index.php\/wp-json\/wp\/v2\/media?parent=24033"}],"wp:term":[{"taxonomy":"category","embeddable":true,"href":"https:\/\/apuntesdesanluis.com\/index.php\/wp-json\/wp\/v2\/categories?post=24033"},{"taxonomy":"post_tag","embeddable":true,"href":"https:\/\/apuntesdesanluis.com\/index.php\/wp-json\/wp\/v2\/tags?post=24033"}],"curies":[{"name":"wp","href":"https:\/\/api.w.org\/{rel}","templated":true}]}}