{"id":24036,"date":"2024-10-17T22:57:18","date_gmt":"2024-10-18T01:57:18","guid":{"rendered":"https:\/\/apuntesdesanluis.com\/?p=24036"},"modified":"2024-10-17T22:57:18","modified_gmt":"2024-10-18T01:57:18","slug":"la-interna-en-cancilleria-no-cesa-ahora-se-fue-el-segundo-de-diana-mondino","status":"publish","type":"post","link":"https:\/\/apuntesdesanluis.com\/index.php\/2024\/10\/17\/la-interna-en-cancilleria-no-cesa-ahora-se-fue-el-segundo-de-diana-mondino\/","title":{"rendered":"LA INTERNA EN CANCILLER\u00cdA NO CESA: AHORA SE FUE EL SEGUNDO DE DIANA MONDINO"},"content":{"rendered":"<h3>La interna en Canciller\u00eda no da tregua esta semana. Tras la reciente salida de <strong>Ricardo Lagorio<\/strong> como embajador ante la ONU, este jueves se inform\u00f3 que quien era el segundo de Diana Mondino, <strong>Leopoldo Sahores<\/strong> (foto), dej\u00f3 su cargo como secretario de Relaciones Exteriores. En su lugar, asumir\u00e1 <strong>Eduardo Bustamante<\/strong>, quien se ven\u00eda desempe\u00f1ando como c\u00f3nsul en Montevideo.<\/h3>\n<h3>\u201cEn el d\u00eda de la fecha, la ministro de Relaciones Exteriores, Comercio Internacional y Culto, Diana Mondino, ha aceptado la renuncia del secretario de Relaciones Exteriores, Leopoldo Sahores, quien ser\u00e1 reemplazado por Eduardo Bustamante, actualmente en funciones como c\u00f3nsul general de la Rep\u00fablica Argentina en Montevideo\u201d, comienza el comunicado oficial.<\/h3>\n<h3>En el texto, tambi\u00e9n se \u201cagradece y valora especialmente la labor realizada por el embajador Leopoldo Sahores, as\u00ed como la dedicaci\u00f3n, profesionalismo y compromiso con los que desempe\u00f1\u00f3 sus responsabilidades en esta etapa de la gesti\u00f3n\u201d.<\/h3>\n<h3>Lo cierto es que el diplom\u00e1tico llevaba varios d\u00edas apuntado por la alta dirigencia libertaria, que intenta imprimirle a la pol\u00edtica internacional del Gobierno una impronta m\u00e1s acorde con el estilo del presidente Javier Milei, quien en la \u00faltima Asamblea General de Naciones Unidas plante\u00f3 duras cr\u00edticas a los organismos internacionales y a los consensos que est\u00e1n plasmados en la Agenda 2030, renombrada ahora como Pacto por el Futuro. El mandatario quiere convertir a la Argentina en \u201cfaro del mundo\u201d en materia de libre mercado y de posiciones m\u00e1s conservadoras en materia social y pol\u00edtica.<\/h3>\n<h3>Desde el sector libertario, afirman que Karina Milei y Santiago Caputo tienen la intenci\u00f3n de realizar una profunda limpieza en Canciller\u00eda, donde consideran que pervive \u201cla expresi\u00f3n m\u00e1s rancia de la casta\u201d.<\/h3>\n<h3>Sahores ser\u00e1 reemplazado entonces por Bustamante, presentado como \u201cun funcionario del Servicio Exterior de la Naci\u00f3n con una destacada trayectoria diplom\u00e1tica\u201d.<\/h3>\n<p><img fetchpriority=\"high\" decoding=\"async\" class=\"wp-image-24038 aligncenter\" src=\"https:\/\/apuntesdesanluis.com\/wp-content\/uploads\/2024\/10\/bustamante-300x183.png\" alt=\"\" width=\"725\" height=\"442\" srcset=\"https:\/\/apuntesdesanluis.com\/wp-content\/uploads\/2024\/10\/bustamante-300x183.png 300w, https:\/\/apuntesdesanluis.com\/wp-content\/uploads\/2024\/10\/bustamante.png 576w\" sizes=\"(max-width: 725px) 100vw, 725px\" \/><\/p>\n<h3>Es abogado y licenciado en ciencia pol\u00edtica y realiz\u00f3 estudios de posgrado en seguridad internacional. Trabaj\u00f3 en las embajadas argentinas en Angola y en Pakist\u00e1n durante los gobiernos de N\u00e9stor y Cristina Kirchner. Su experiencia profesional tambi\u00e9n incluye la coordinaci\u00f3n de asuntos fronterizos y de negociaciones internacionales en temas cr\u00edticos como terrorismo y crimen organizado transnacional. Entre 2016 y 2018 fue subsecretario de Desarrollo de Fronteras del Ministerio de Seguridad que lideraba Patricia Bullrich durante el gobierno de Mauricio Macri.<\/h3>\n<h3>En el comunicado de Canciller\u00eda se destaca que Mondino \u201cse complace en designar como secretario de Relaciones Exteriores a una persona de s\u00f3lida trayectoria profesional como diplom\u00e1tico y con experiencia en temas relevantes para asumir un rol que conlleva alta responsabilidad\u201d.<\/h3>\n<h3>De esta manera, se concret\u00f3 un nuevo cambio de fichas dentro de una Canciller\u00eda al rojo vivo. Hace tan solo un par de d\u00edas, le hab\u00eda tocado partir a Lagorio, luego de un fuerte cortocircuito con la Casa Rosada en la \u00faltima Asamblea General de Naciones Unidas. En su lugar asumi\u00f3 Francisco Tropepi, otro diplom\u00e1tico de prestigio, quien secundaba en Washington al embajador argentino Gerardo Werthein.<\/h3>\n<h3><\/h3>\n<p>&nbsp;<\/p>\n<p>&nbsp;<\/p>\n<p>&nbsp;<\/p>\n<p>&nbsp;<\/p>\n<p>&nbsp;<\/p>\n","protected":false},"excerpt":{"rendered":"<p>La interna en Canciller\u00eda no da tregua esta semana. Tras la reciente salida de Ricardo&#8230;<\/p>\n","protected":false},"author":1,"featured_media":24037,"comment_status":"closed","ping_status":"closed","sticky":false,"template":"","format":"standard","meta":{"footnotes":""},"categories":[5],"tags":[],"class_list":["post-24036","post","type-post","status-publish","format-standard","has-post-thumbnail","hentry","category-nacionales-internacionales"],"yoast_head":"<!-- This site is optimized with the Yoast SEO plugin v26.1.1 - https:\/\/yoast.com\/wordpress\/plugins\/seo\/ -->\n<title>LA INTERNA EN CANCILLER\u00cdA NO CESA: AHORA SE FUE EL SEGUNDO DE DIANA MONDINO - Apuntes de San Luis<\/title>\n<meta name=\"robots\" content=\"index, follow, max-snippet:-1, max-image-preview:large, max-video-preview:-1\" \/>\n<link rel=\"canonical\" href=\"https:\/\/apuntesdesanluis.com\/index.php\/2024\/10\/17\/la-interna-en-cancilleria-no-cesa-ahora-se-fue-el-segundo-de-diana-mondino\/\" \/>\n<meta property=\"og:locale\" content=\"es_ES\" \/>\n<meta property=\"og:type\" content=\"article\" \/>\n<meta property=\"og:title\" content=\"LA INTERNA EN CANCILLER\u00cdA NO CESA: AHORA SE FUE EL SEGUNDO DE DIANA MONDINO - Apuntes de San Luis\" \/>\n<meta property=\"og:description\" content=\"La interna en Canciller\u00eda no da tregua esta semana. Tras la reciente salida de Ricardo...\" \/>\n<meta property=\"og:url\" content=\"https:\/\/apuntesdesanluis.com\/index.php\/2024\/10\/17\/la-interna-en-cancilleria-no-cesa-ahora-se-fue-el-segundo-de-diana-mondino\/\" \/>\n<meta property=\"og:site_name\" content=\"Apuntes de San Luis\" \/>\n<meta property=\"article:published_time\" content=\"2024-10-18T01:57:18+00:00\" \/>\n<meta property=\"og:image\" content=\"https:\/\/apuntesdesanluis.com\/wp-content\/uploads\/2024\/10\/sahores.png\" \/>\n\t<meta property=\"og:image:width\" content=\"808\" \/>\n\t<meta property=\"og:image:height\" content=\"578\" \/>\n\t<meta property=\"og:image:type\" content=\"image\/png\" \/>\n<meta name=\"author\" content=\"apuntesdesanluis.com\" \/>\n<meta name=\"twitter:card\" content=\"summary_large_image\" \/>\n<meta name=\"twitter:label1\" content=\"Escrito por\" \/>\n\t<meta name=\"twitter:data1\" content=\"apuntesdesanluis.com\" \/>\n\t<meta name=\"twitter:label2\" content=\"Tiempo de lectura\" \/>\n\t<meta name=\"twitter:data2\" content=\"3 minutos\" \/>\n<script type=\"application\/ld+json\" class=\"yoast-schema-graph\">{\"@context\":\"https:\/\/schema.org\",\"@graph\":[{\"@type\":\"Article\",\"@id\":\"https:\/\/apuntesdesanluis.com\/index.php\/2024\/10\/17\/la-interna-en-cancilleria-no-cesa-ahora-se-fue-el-segundo-de-diana-mondino\/#article\",\"isPartOf\":{\"@id\":\"https:\/\/apuntesdesanluis.com\/index.php\/2024\/10\/17\/la-interna-en-cancilleria-no-cesa-ahora-se-fue-el-segundo-de-diana-mondino\/\"},\"author\":{\"name\":\"apuntesdesanluis.com\",\"@id\":\"https:\/\/apuntesdesanluis.com\/#\/schema\/person\/b55151d52296fcce64d1a72538a70b90\"},\"headline\":\"LA INTERNA EN CANCILLER\u00cdA NO CESA: AHORA SE FUE EL SEGUNDO DE DIANA MONDINO\",\"datePublished\":\"2024-10-18T01:57:18+00:00\",\"mainEntityOfPage\":{\"@id\":\"https:\/\/apuntesdesanluis.com\/index.php\/2024\/10\/17\/la-interna-en-cancilleria-no-cesa-ahora-se-fue-el-segundo-de-diana-mondino\/\"},\"wordCount\":533,\"publisher\":{\"@id\":\"https:\/\/apuntesdesanluis.com\/#\/schema\/person\/b55151d52296fcce64d1a72538a70b90\"},\"image\":{\"@id\":\"https:\/\/apuntesdesanluis.com\/index.php\/2024\/10\/17\/la-interna-en-cancilleria-no-cesa-ahora-se-fue-el-segundo-de-diana-mondino\/#primaryimage\"},\"thumbnailUrl\":\"https:\/\/apuntesdesanluis.com\/wp-content\/uploads\/2024\/10\/sahores.png\",\"articleSection\":[\"Nacionales\/Internacionales\"],\"inLanguage\":\"es-AR\"},{\"@type\":\"WebPage\",\"@id\":\"https:\/\/apuntesdesanluis.com\/index.php\/2024\/10\/17\/la-interna-en-cancilleria-no-cesa-ahora-se-fue-el-segundo-de-diana-mondino\/\",\"url\":\"https:\/\/apuntesdesanluis.com\/index.php\/2024\/10\/17\/la-interna-en-cancilleria-no-cesa-ahora-se-fue-el-segundo-de-diana-mondino\/\",\"name\":\"LA INTERNA EN CANCILLER\u00cdA NO CESA: AHORA SE FUE EL SEGUNDO DE DIANA MONDINO - Apuntes de San Luis\",\"isPartOf\":{\"@id\":\"https:\/\/apuntesdesanluis.com\/#website\"},\"primaryImageOfPage\":{\"@id\":\"https:\/\/apuntesdesanluis.com\/index.php\/2024\/10\/17\/la-interna-en-cancilleria-no-cesa-ahora-se-fue-el-segundo-de-diana-mondino\/#primaryimage\"},\"image\":{\"@id\":\"https:\/\/apuntesdesanluis.com\/index.php\/2024\/10\/17\/la-interna-en-cancilleria-no-cesa-ahora-se-fue-el-segundo-de-diana-mondino\/#primaryimage\"},\"thumbnailUrl\":\"https:\/\/apuntesdesanluis.com\/wp-content\/uploads\/2024\/10\/sahores.png\",\"datePublished\":\"2024-10-18T01:57:18+00:00\",\"breadcrumb\":{\"@id\":\"https:\/\/apuntesdesanluis.com\/index.php\/2024\/10\/17\/la-interna-en-cancilleria-no-cesa-ahora-se-fue-el-segundo-de-diana-mondino\/#breadcrumb\"},\"inLanguage\":\"es-AR\",\"potentialAction\":[{\"@type\":\"ReadAction\",\"target\":[\"https:\/\/apuntesdesanluis.com\/index.php\/2024\/10\/17\/la-interna-en-cancilleria-no-cesa-ahora-se-fue-el-segundo-de-diana-mondino\/\"]}]},{\"@type\":\"ImageObject\",\"inLanguage\":\"es-AR\",\"@id\":\"https:\/\/apuntesdesanluis.com\/index.php\/2024\/10\/17\/la-interna-en-cancilleria-no-cesa-ahora-se-fue-el-segundo-de-diana-mondino\/#primaryimage\",\"url\":\"https:\/\/apuntesdesanluis.com\/wp-content\/uploads\/2024\/10\/sahores.png\",\"contentUrl\":\"https:\/\/apuntesdesanluis.com\/wp-content\/uploads\/2024\/10\/sahores.png\",\"width\":808,\"height\":578},{\"@type\":\"BreadcrumbList\",\"@id\":\"https:\/\/apuntesdesanluis.com\/index.php\/2024\/10\/17\/la-interna-en-cancilleria-no-cesa-ahora-se-fue-el-segundo-de-diana-mondino\/#breadcrumb\",\"itemListElement\":[{\"@type\":\"ListItem\",\"position\":1,\"name\":\"Inicio\",\"item\":\"https:\/\/apuntesdesanluis.com\/\"},{\"@type\":\"ListItem\",\"position\":2,\"name\":\"LA INTERNA EN CANCILLER\u00cdA NO CESA: AHORA SE FUE EL SEGUNDO DE DIANA MONDINO\"}]},{\"@type\":\"WebSite\",\"@id\":\"https:\/\/apuntesdesanluis.com\/#website\",\"url\":\"https:\/\/apuntesdesanluis.com\/\",\"name\":\"Apuntes de San Luis\",\"description\":\"\",\"publisher\":{\"@id\":\"https:\/\/apuntesdesanluis.com\/#\/schema\/person\/b55151d52296fcce64d1a72538a70b90\"},\"potentialAction\":[{\"@type\":\"SearchAction\",\"target\":{\"@type\":\"EntryPoint\",\"urlTemplate\":\"https:\/\/apuntesdesanluis.com\/?s={search_term_string}\"},\"query-input\":{\"@type\":\"PropertyValueSpecification\",\"valueRequired\":true,\"valueName\":\"search_term_string\"}}],\"inLanguage\":\"es-AR\"},{\"@type\":[\"Person\",\"Organization\"],\"@id\":\"https:\/\/apuntesdesanluis.com\/#\/schema\/person\/b55151d52296fcce64d1a72538a70b90\",\"name\":\"apuntesdesanluis.com\",\"image\":{\"@type\":\"ImageObject\",\"inLanguage\":\"es-AR\",\"@id\":\"https:\/\/apuntesdesanluis.com\/#\/schema\/person\/image\/\",\"url\":\"https:\/\/apuntesdesanluis.com\/wp-content\/uploads\/2023\/07\/cropped-apuntesdesanluis.png\",\"contentUrl\":\"https:\/\/apuntesdesanluis.com\/wp-content\/uploads\/2023\/07\/cropped-apuntesdesanluis.png\",\"width\":450,\"height\":112,\"caption\":\"apuntesdesanluis.com\"},\"logo\":{\"@id\":\"https:\/\/apuntesdesanluis.com\/#\/schema\/person\/image\/\"},\"sameAs\":[\"https:\/\/apuntesdesanluis.com\"],\"url\":\"https:\/\/apuntesdesanluis.com\/index.php\/author\/apuntesdesanluis-com\/\"}]}<\/script>\n<!-- \/ Yoast SEO plugin. -->","yoast_head_json":{"title":"LA INTERNA EN CANCILLER\u00cdA NO CESA: AHORA SE FUE EL SEGUNDO DE DIANA MONDINO - Apuntes de San Luis","robots":{"index":"index","follow":"follow","max-snippet":"max-snippet:-1","max-image-preview":"max-image-preview:large","max-video-preview":"max-video-preview:-1"},"canonical":"https:\/\/apuntesdesanluis.com\/index.php\/2024\/10\/17\/la-interna-en-cancilleria-no-cesa-ahora-se-fue-el-segundo-de-diana-mondino\/","og_locale":"es_ES","og_type":"article","og_title":"LA INTERNA EN CANCILLER\u00cdA NO CESA: AHORA SE FUE EL SEGUNDO DE DIANA MONDINO - Apuntes de San Luis","og_description":"La interna en Canciller\u00eda no da tregua esta semana. Tras la reciente salida de Ricardo...","og_url":"https:\/\/apuntesdesanluis.com\/index.php\/2024\/10\/17\/la-interna-en-cancilleria-no-cesa-ahora-se-fue-el-segundo-de-diana-mondino\/","og_site_name":"Apuntes de San Luis","article_published_time":"2024-10-18T01:57:18+00:00","og_image":[{"width":808,"height":578,"url":"https:\/\/apuntesdesanluis.com\/wp-content\/uploads\/2024\/10\/sahores.png","type":"image\/png"}],"author":"apuntesdesanluis.com","twitter_card":"summary_large_image","twitter_misc":{"Escrito por":"apuntesdesanluis.com","Tiempo de lectura":"3 minutos"},"schema":{"@context":"https:\/\/schema.org","@graph":[{"@type":"Article","@id":"https:\/\/apuntesdesanluis.com\/index.php\/2024\/10\/17\/la-interna-en-cancilleria-no-cesa-ahora-se-fue-el-segundo-de-diana-mondino\/#article","isPartOf":{"@id":"https:\/\/apuntesdesanluis.com\/index.php\/2024\/10\/17\/la-interna-en-cancilleria-no-cesa-ahora-se-fue-el-segundo-de-diana-mondino\/"},"author":{"name":"apuntesdesanluis.com","@id":"https:\/\/apuntesdesanluis.com\/#\/schema\/person\/b55151d52296fcce64d1a72538a70b90"},"headline":"LA INTERNA EN CANCILLER\u00cdA NO CESA: AHORA SE FUE EL SEGUNDO DE DIANA MONDINO","datePublished":"2024-10-18T01:57:18+00:00","mainEntityOfPage":{"@id":"https:\/\/apuntesdesanluis.com\/index.php\/2024\/10\/17\/la-interna-en-cancilleria-no-cesa-ahora-se-fue-el-segundo-de-diana-mondino\/"},"wordCount":533,"publisher":{"@id":"https:\/\/apuntesdesanluis.com\/#\/schema\/person\/b55151d52296fcce64d1a72538a70b90"},"image":{"@id":"https:\/\/apuntesdesanluis.com\/index.php\/2024\/10\/17\/la-interna-en-cancilleria-no-cesa-ahora-se-fue-el-segundo-de-diana-mondino\/#primaryimage"},"thumbnailUrl":"https:\/\/apuntesdesanluis.com\/wp-content\/uploads\/2024\/10\/sahores.png","articleSection":["Nacionales\/Internacionales"],"inLanguage":"es-AR"},{"@type":"WebPage","@id":"https:\/\/apuntesdesanluis.com\/index.php\/2024\/10\/17\/la-interna-en-cancilleria-no-cesa-ahora-se-fue-el-segundo-de-diana-mondino\/","url":"https:\/\/apuntesdesanluis.com\/index.php\/2024\/10\/17\/la-interna-en-cancilleria-no-cesa-ahora-se-fue-el-segundo-de-diana-mondino\/","name":"LA INTERNA EN CANCILLER\u00cdA NO CESA: AHORA SE FUE EL SEGUNDO DE DIANA MONDINO - Apuntes de San Luis","isPartOf":{"@id":"https:\/\/apuntesdesanluis.com\/#website"},"primaryImageOfPage":{"@id":"https:\/\/apuntesdesanluis.com\/index.php\/2024\/10\/17\/la-interna-en-cancilleria-no-cesa-ahora-se-fue-el-segundo-de-diana-mondino\/#primaryimage"},"image":{"@id":"https:\/\/apuntesdesanluis.com\/index.php\/2024\/10\/17\/la-interna-en-cancilleria-no-cesa-ahora-se-fue-el-segundo-de-diana-mondino\/#primaryimage"},"thumbnailUrl":"https:\/\/apuntesdesanluis.com\/wp-content\/uploads\/2024\/10\/sahores.png","datePublished":"2024-10-18T01:57:18+00:00","breadcrumb":{"@id":"https:\/\/apuntesdesanluis.com\/index.php\/2024\/10\/17\/la-interna-en-cancilleria-no-cesa-ahora-se-fue-el-segundo-de-diana-mondino\/#breadcrumb"},"inLanguage":"es-AR","potentialAction":[{"@type":"ReadAction","target":["https:\/\/apuntesdesanluis.com\/index.php\/2024\/10\/17\/la-interna-en-cancilleria-no-cesa-ahora-se-fue-el-segundo-de-diana-mondino\/"]}]},{"@type":"ImageObject","inLanguage":"es-AR","@id":"https:\/\/apuntesdesanluis.com\/index.php\/2024\/10\/17\/la-interna-en-cancilleria-no-cesa-ahora-se-fue-el-segundo-de-diana-mondino\/#primaryimage","url":"https:\/\/apuntesdesanluis.com\/wp-content\/uploads\/2024\/10\/sahores.png","contentUrl":"https:\/\/apuntesdesanluis.com\/wp-content\/uploads\/2024\/10\/sahores.png","width":808,"height":578},{"@type":"BreadcrumbList","@id":"https:\/\/apuntesdesanluis.com\/index.php\/2024\/10\/17\/la-interna-en-cancilleria-no-cesa-ahora-se-fue-el-segundo-de-diana-mondino\/#breadcrumb","itemListElement":[{"@type":"ListItem","position":1,"name":"Inicio","item":"https:\/\/apuntesdesanluis.com\/"},{"@type":"ListItem","position":2,"name":"LA INTERNA EN CANCILLER\u00cdA NO CESA: AHORA SE FUE EL SEGUNDO DE DIANA MONDINO"}]},{"@type":"WebSite","@id":"https:\/\/apuntesdesanluis.com\/#website","url":"https:\/\/apuntesdesanluis.com\/","name":"Apuntes de San Luis","description":"","publisher":{"@id":"https:\/\/apuntesdesanluis.com\/#\/schema\/person\/b55151d52296fcce64d1a72538a70b90"},"potentialAction":[{"@type":"SearchAction","target":{"@type":"EntryPoint","urlTemplate":"https:\/\/apuntesdesanluis.com\/?s={search_term_string}"},"query-input":{"@type":"PropertyValueSpecification","valueRequired":true,"valueName":"search_term_string"}}],"inLanguage":"es-AR"},{"@type":["Person","Organization"],"@id":"https:\/\/apuntesdesanluis.com\/#\/schema\/person\/b55151d52296fcce64d1a72538a70b90","name":"apuntesdesanluis.com","image":{"@type":"ImageObject","inLanguage":"es-AR","@id":"https:\/\/apuntesdesanluis.com\/#\/schema\/person\/image\/","url":"https:\/\/apuntesdesanluis.com\/wp-content\/uploads\/2023\/07\/cropped-apuntesdesanluis.png","contentUrl":"https:\/\/apuntesdesanluis.com\/wp-content\/uploads\/2023\/07\/cropped-apuntesdesanluis.png","width":450,"height":112,"caption":"apuntesdesanluis.com"},"logo":{"@id":"https:\/\/apuntesdesanluis.com\/#\/schema\/person\/image\/"},"sameAs":["https:\/\/apuntesdesanluis.com"],"url":"https:\/\/apuntesdesanluis.com\/index.php\/author\/apuntesdesanluis-com\/"}]}},"featured_image_urls":{"full":["https:\/\/apuntesdesanluis.com\/wp-content\/uploads\/2024\/10\/sahores.png",808,578,false],"thumbnail":["https:\/\/apuntesdesanluis.com\/wp-content\/uploads\/2024\/10\/sahores-150x150.png",150,150,true],"medium":["https:\/\/apuntesdesanluis.com\/wp-content\/uploads\/2024\/10\/sahores-300x215.png",300,215,true],"medium_large":["https:\/\/apuntesdesanluis.com\/wp-content\/uploads\/2024\/10\/sahores-768x549.png",640,458,true],"large":["https:\/\/apuntesdesanluis.com\/wp-content\/uploads\/2024\/10\/sahores.png",640,458,false],"1536x1536":["https:\/\/apuntesdesanluis.com\/wp-content\/uploads\/2024\/10\/sahores.png",808,578,false],"2048x2048":["https:\/\/apuntesdesanluis.com\/wp-content\/uploads\/2024\/10\/sahores.png",808,578,false],"newsever-slider-full":["https:\/\/apuntesdesanluis.com\/wp-content\/uploads\/2024\/10\/sahores.png",808,578,false],"newsever-featured":["https:\/\/apuntesdesanluis.com\/wp-content\/uploads\/2024\/10\/sahores.png",808,578,false],"newsever-medium":["https:\/\/apuntesdesanluis.com\/wp-content\/uploads\/2024\/10\/sahores-720x475.png",720,475,true]},"author_info":{"display_name":"apuntesdesanluis.com","author_link":"https:\/\/apuntesdesanluis.com\/index.php\/author\/apuntesdesanluis-com\/"},"category_info":"<a href=\"https:\/\/apuntesdesanluis.com\/index.php\/category\/nacionales-internacionales\/\" rel=\"category tag\">Nacionales\/Internacionales<\/a>","tag_info":"Nacionales\/Internacionales","comment_count":"0","_links":{"self":[{"href":"https:\/\/apuntesdesanluis.com\/index.php\/wp-json\/wp\/v2\/posts\/24036","targetHints":{"allow":["GET"]}}],"collection":[{"href":"https:\/\/apuntesdesanluis.com\/index.php\/wp-json\/wp\/v2\/posts"}],"about":[{"href":"https:\/\/apuntesdesanluis.com\/index.php\/wp-json\/wp\/v2\/types\/post"}],"author":[{"embeddable":true,"href":"https:\/\/apuntesdesanluis.com\/index.php\/wp-json\/wp\/v2\/users\/1"}],"replies":[{"embeddable":true,"href":"https:\/\/apuntesdesanluis.com\/index.php\/wp-json\/wp\/v2\/comments?post=24036"}],"version-history":[{"count":1,"href":"https:\/\/apuntesdesanluis.com\/index.php\/wp-json\/wp\/v2\/posts\/24036\/revisions"}],"predecessor-version":[{"id":24039,"href":"https:\/\/apuntesdesanluis.com\/index.php\/wp-json\/wp\/v2\/posts\/24036\/revisions\/24039"}],"wp:featuredmedia":[{"embeddable":true,"href":"https:\/\/apuntesdesanluis.com\/index.php\/wp-json\/wp\/v2\/media\/24037"}],"wp:attachment":[{"href":"https:\/\/apuntesdesanluis.com\/index.php\/wp-json\/wp\/v2\/media?parent=24036"}],"wp:term":[{"taxonomy":"category","embeddable":true,"href":"https:\/\/apuntesdesanluis.com\/index.php\/wp-json\/wp\/v2\/categories?post=24036"},{"taxonomy":"post_tag","embeddable":true,"href":"https:\/\/apuntesdesanluis.com\/index.php\/wp-json\/wp\/v2\/tags?post=24036"}],"curies":[{"name":"wp","href":"https:\/\/api.w.org\/{rel}","templated":true}]}}