{"id":24079,"date":"2024-10-18T20:47:08","date_gmt":"2024-10-18T23:47:08","guid":{"rendered":"https:\/\/apuntesdesanluis.com\/?p=24079"},"modified":"2024-10-18T20:50:29","modified_gmt":"2024-10-18T23:50:29","slug":"el-gobierno-sigue-echando-de-los-suyos-desplazo-al-subsecretario-de-trabajo","status":"publish","type":"post","link":"https:\/\/apuntesdesanluis.com\/index.php\/2024\/10\/18\/el-gobierno-sigue-echando-de-los-suyos-desplazo-al-subsecretario-de-trabajo\/","title":{"rendered":"EL GOBIERNO SIGUE ECHANDO DE LOS SUYOS: DESPLAZ\u00d3 AL SUBSECRETARIO DE TRABAJO"},"content":{"rendered":"<h3>El Gobierno ech\u00f3 al subsecretario de Trabajo, <strong>Mart\u00edn Huidobro<\/strong>, y en su reemplazo podr\u00edan designar a un experto en temas laborales proveniente del PRO.<\/h3>\n<h3>Uno de los posibles candidatos ser\u00eda Horacio Pitrau, quien ya ocup\u00f3 ese cargo en el comienzo del gobierno libertario, pero el 6 de enero fue desplazado al considerarlo responsable de una jugada pol\u00edtica para tender puentes con sindicalistas en medio de la ofensiva de la CGT contra Javier Milei.<\/h3>\n<h3>De todas formas, quien incidir\u00eda en la decisi\u00f3n ser\u00eda <strong>Jorge Triaca<\/strong>, ex ministro de Trabajo del gobierno de Cambiemos, sobre todo a partir del acuerdo entre <strong>Mauricio Macri<\/strong> y el asesor presidencial <strong>Santiago Caputo<\/strong>, que habilit\u00f3 el ingreso de la especialista del PRO Mar\u00eda del Carmen Tettamanti para encabezar la Secretar\u00eda de Energ\u00eda en lugar de Eduardo Rodr\u00edguez Chirillo.<\/h3>\n<p><img fetchpriority=\"high\" decoding=\"async\" class=\"wp-image-24080 aligncenter\" src=\"https:\/\/apuntesdesanluis.com\/wp-content\/uploads\/2024\/10\/MARTIN-HUIDOBRO-300x159.png\" alt=\"\" width=\"598\" height=\"317\" srcset=\"https:\/\/apuntesdesanluis.com\/wp-content\/uploads\/2024\/10\/MARTIN-HUIDOBRO-300x159.png 300w, https:\/\/apuntesdesanluis.com\/wp-content\/uploads\/2024\/10\/MARTIN-HUIDOBRO.png 505w\" sizes=\"(max-width: 598px) 100vw, 598px\" \/><\/p>\n<h4 style=\"text-align: center;\"><em>Mart\u00edn Huidobro, de quien no hay m\u00e1s foto que \u00e9sta (horrible).<\/em><\/h4>\n<h3>En el macrismo no confirmaron ni desmintieron la llegada de un referente laboral del partido en reemplazo de Huidobro: aseguraron que \u201cest\u00e1 todo verde por ahora\u201d y afirmaron que \u201chay voluntad de colaborar en las \u00e1reas donde se definan los proyectos y necesidades\u201d.<\/h3>\n<h3>El funcionario de Trabajo desplazado hab\u00eda sido designado el 22 de mayo pasado en lugar de<strong> Liliana Archimbal<\/strong>. Se trata de un abogado que ya se estaba desempe\u00f1ando en el Ministerio de Capital Humano y se convirti\u00f3 en el cuarto subsecretario de Trabajo desde que asumi\u00f3 el gobierno de Milei: el primero fue Horacio Pitrau, despu\u00e9s fue nombrada all\u00ed <strong>Mariana Hortal Sueldo<\/strong> y luego, en abril, <strong>Archimbal<\/strong>. En los 3 \u00faltimos casos son abogados que estuvieron vinculados con Triaca.<\/h3>\n<p>&nbsp;<\/p>\n<p>&nbsp;<\/p>\n<p>&nbsp;<\/p>\n<p>&nbsp;<\/p>\n<p>&nbsp;<\/p>\n<p>&nbsp;<\/p>\n<p>&nbsp;<\/p>\n<p>&nbsp;<\/p>\n<p>&nbsp;<\/p>\n","protected":false},"excerpt":{"rendered":"<p>El Gobierno ech\u00f3 al subsecretario de Trabajo, Mart\u00edn Huidobro, y en su reemplazo podr\u00edan designar&#8230;<\/p>\n","protected":false},"author":1,"featured_media":24082,"comment_status":"closed","ping_status":"closed","sticky":false,"template":"","format":"standard","meta":{"footnotes":""},"categories":[5],"tags":[],"class_list":["post-24079","post","type-post","status-publish","format-standard","has-post-thumbnail","hentry","category-nacionales-internacionales"],"yoast_head":"<!-- This site is optimized with the Yoast SEO plugin v26.1.1 - https:\/\/yoast.com\/wordpress\/plugins\/seo\/ -->\n<title>EL GOBIERNO SIGUE ECHANDO DE LOS SUYOS: DESPLAZ\u00d3 AL SUBSECRETARIO DE TRABAJO - Apuntes de San Luis<\/title>\n<meta name=\"robots\" content=\"index, follow, max-snippet:-1, max-image-preview:large, max-video-preview:-1\" \/>\n<link rel=\"canonical\" href=\"https:\/\/apuntesdesanluis.com\/index.php\/2024\/10\/18\/el-gobierno-sigue-echando-de-los-suyos-desplazo-al-subsecretario-de-trabajo\/\" \/>\n<meta property=\"og:locale\" content=\"es_ES\" \/>\n<meta property=\"og:type\" content=\"article\" \/>\n<meta property=\"og:title\" content=\"EL GOBIERNO SIGUE ECHANDO DE LOS SUYOS: DESPLAZ\u00d3 AL SUBSECRETARIO DE TRABAJO - Apuntes de San Luis\" \/>\n<meta property=\"og:description\" content=\"El Gobierno ech\u00f3 al subsecretario de Trabajo, Mart\u00edn Huidobro, y en su reemplazo podr\u00edan designar...\" \/>\n<meta property=\"og:url\" content=\"https:\/\/apuntesdesanluis.com\/index.php\/2024\/10\/18\/el-gobierno-sigue-echando-de-los-suyos-desplazo-al-subsecretario-de-trabajo\/\" \/>\n<meta property=\"og:site_name\" content=\"Apuntes de San Luis\" \/>\n<meta property=\"article:published_time\" content=\"2024-10-18T23:47:08+00:00\" \/>\n<meta property=\"article:modified_time\" content=\"2024-10-18T23:50:29+00:00\" \/>\n<meta property=\"og:image\" content=\"https:\/\/apuntesdesanluis.com\/wp-content\/uploads\/2024\/10\/SUBSECRETARIA-DE-TRAB-AJO.png\" \/>\n\t<meta property=\"og:image:width\" content=\"645\" \/>\n\t<meta property=\"og:image:height\" content=\"374\" \/>\n\t<meta property=\"og:image:type\" content=\"image\/png\" \/>\n<meta name=\"author\" content=\"apuntesdesanluis.com\" \/>\n<meta name=\"twitter:card\" content=\"summary_large_image\" \/>\n<meta name=\"twitter:label1\" content=\"Escrito por\" \/>\n\t<meta name=\"twitter:data1\" content=\"apuntesdesanluis.com\" \/>\n\t<meta name=\"twitter:label2\" content=\"Tiempo de lectura\" \/>\n\t<meta name=\"twitter:data2\" content=\"2 minutos\" \/>\n<script type=\"application\/ld+json\" class=\"yoast-schema-graph\">{\"@context\":\"https:\/\/schema.org\",\"@graph\":[{\"@type\":\"Article\",\"@id\":\"https:\/\/apuntesdesanluis.com\/index.php\/2024\/10\/18\/el-gobierno-sigue-echando-de-los-suyos-desplazo-al-subsecretario-de-trabajo\/#article\",\"isPartOf\":{\"@id\":\"https:\/\/apuntesdesanluis.com\/index.php\/2024\/10\/18\/el-gobierno-sigue-echando-de-los-suyos-desplazo-al-subsecretario-de-trabajo\/\"},\"author\":{\"name\":\"apuntesdesanluis.com\",\"@id\":\"https:\/\/apuntesdesanluis.com\/#\/schema\/person\/b55151d52296fcce64d1a72538a70b90\"},\"headline\":\"EL GOBIERNO SIGUE ECHANDO DE LOS SUYOS: DESPLAZ\u00d3 AL SUBSECRETARIO DE TRABAJO\",\"datePublished\":\"2024-10-18T23:47:08+00:00\",\"dateModified\":\"2024-10-18T23:50:29+00:00\",\"mainEntityOfPage\":{\"@id\":\"https:\/\/apuntesdesanluis.com\/index.php\/2024\/10\/18\/el-gobierno-sigue-echando-de-los-suyos-desplazo-al-subsecretario-de-trabajo\/\"},\"wordCount\":299,\"publisher\":{\"@id\":\"https:\/\/apuntesdesanluis.com\/#\/schema\/person\/b55151d52296fcce64d1a72538a70b90\"},\"image\":{\"@id\":\"https:\/\/apuntesdesanluis.com\/index.php\/2024\/10\/18\/el-gobierno-sigue-echando-de-los-suyos-desplazo-al-subsecretario-de-trabajo\/#primaryimage\"},\"thumbnailUrl\":\"https:\/\/apuntesdesanluis.com\/wp-content\/uploads\/2024\/10\/SUBSECRETARIA-DE-TRAB-AJO.png\",\"articleSection\":[\"Nacionales\/Internacionales\"],\"inLanguage\":\"es-AR\"},{\"@type\":\"WebPage\",\"@id\":\"https:\/\/apuntesdesanluis.com\/index.php\/2024\/10\/18\/el-gobierno-sigue-echando-de-los-suyos-desplazo-al-subsecretario-de-trabajo\/\",\"url\":\"https:\/\/apuntesdesanluis.com\/index.php\/2024\/10\/18\/el-gobierno-sigue-echando-de-los-suyos-desplazo-al-subsecretario-de-trabajo\/\",\"name\":\"EL GOBIERNO SIGUE ECHANDO DE LOS SUYOS: DESPLAZ\u00d3 AL SUBSECRETARIO DE TRABAJO - Apuntes de San Luis\",\"isPartOf\":{\"@id\":\"https:\/\/apuntesdesanluis.com\/#website\"},\"primaryImageOfPage\":{\"@id\":\"https:\/\/apuntesdesanluis.com\/index.php\/2024\/10\/18\/el-gobierno-sigue-echando-de-los-suyos-desplazo-al-subsecretario-de-trabajo\/#primaryimage\"},\"image\":{\"@id\":\"https:\/\/apuntesdesanluis.com\/index.php\/2024\/10\/18\/el-gobierno-sigue-echando-de-los-suyos-desplazo-al-subsecretario-de-trabajo\/#primaryimage\"},\"thumbnailUrl\":\"https:\/\/apuntesdesanluis.com\/wp-content\/uploads\/2024\/10\/SUBSECRETARIA-DE-TRAB-AJO.png\",\"datePublished\":\"2024-10-18T23:47:08+00:00\",\"dateModified\":\"2024-10-18T23:50:29+00:00\",\"breadcrumb\":{\"@id\":\"https:\/\/apuntesdesanluis.com\/index.php\/2024\/10\/18\/el-gobierno-sigue-echando-de-los-suyos-desplazo-al-subsecretario-de-trabajo\/#breadcrumb\"},\"inLanguage\":\"es-AR\",\"potentialAction\":[{\"@type\":\"ReadAction\",\"target\":[\"https:\/\/apuntesdesanluis.com\/index.php\/2024\/10\/18\/el-gobierno-sigue-echando-de-los-suyos-desplazo-al-subsecretario-de-trabajo\/\"]}]},{\"@type\":\"ImageObject\",\"inLanguage\":\"es-AR\",\"@id\":\"https:\/\/apuntesdesanluis.com\/index.php\/2024\/10\/18\/el-gobierno-sigue-echando-de-los-suyos-desplazo-al-subsecretario-de-trabajo\/#primaryimage\",\"url\":\"https:\/\/apuntesdesanluis.com\/wp-content\/uploads\/2024\/10\/SUBSECRETARIA-DE-TRAB-AJO.png\",\"contentUrl\":\"https:\/\/apuntesdesanluis.com\/wp-content\/uploads\/2024\/10\/SUBSECRETARIA-DE-TRAB-AJO.png\",\"width\":645,\"height\":374},{\"@type\":\"BreadcrumbList\",\"@id\":\"https:\/\/apuntesdesanluis.com\/index.php\/2024\/10\/18\/el-gobierno-sigue-echando-de-los-suyos-desplazo-al-subsecretario-de-trabajo\/#breadcrumb\",\"itemListElement\":[{\"@type\":\"ListItem\",\"position\":1,\"name\":\"Inicio\",\"item\":\"https:\/\/apuntesdesanluis.com\/\"},{\"@type\":\"ListItem\",\"position\":2,\"name\":\"EL GOBIERNO SIGUE ECHANDO DE LOS SUYOS: DESPLAZ\u00d3 AL SUBSECRETARIO DE TRABAJO\"}]},{\"@type\":\"WebSite\",\"@id\":\"https:\/\/apuntesdesanluis.com\/#website\",\"url\":\"https:\/\/apuntesdesanluis.com\/\",\"name\":\"Apuntes de San Luis\",\"description\":\"\",\"publisher\":{\"@id\":\"https:\/\/apuntesdesanluis.com\/#\/schema\/person\/b55151d52296fcce64d1a72538a70b90\"},\"potentialAction\":[{\"@type\":\"SearchAction\",\"target\":{\"@type\":\"EntryPoint\",\"urlTemplate\":\"https:\/\/apuntesdesanluis.com\/?s={search_term_string}\"},\"query-input\":{\"@type\":\"PropertyValueSpecification\",\"valueRequired\":true,\"valueName\":\"search_term_string\"}}],\"inLanguage\":\"es-AR\"},{\"@type\":[\"Person\",\"Organization\"],\"@id\":\"https:\/\/apuntesdesanluis.com\/#\/schema\/person\/b55151d52296fcce64d1a72538a70b90\",\"name\":\"apuntesdesanluis.com\",\"image\":{\"@type\":\"ImageObject\",\"inLanguage\":\"es-AR\",\"@id\":\"https:\/\/apuntesdesanluis.com\/#\/schema\/person\/image\/\",\"url\":\"https:\/\/apuntesdesanluis.com\/wp-content\/uploads\/2023\/07\/cropped-apuntesdesanluis.png\",\"contentUrl\":\"https:\/\/apuntesdesanluis.com\/wp-content\/uploads\/2023\/07\/cropped-apuntesdesanluis.png\",\"width\":450,\"height\":112,\"caption\":\"apuntesdesanluis.com\"},\"logo\":{\"@id\":\"https:\/\/apuntesdesanluis.com\/#\/schema\/person\/image\/\"},\"sameAs\":[\"https:\/\/apuntesdesanluis.com\"],\"url\":\"https:\/\/apuntesdesanluis.com\/index.php\/author\/apuntesdesanluis-com\/\"}]}<\/script>\n<!-- \/ Yoast SEO plugin. -->","yoast_head_json":{"title":"EL GOBIERNO SIGUE ECHANDO DE LOS SUYOS: DESPLAZ\u00d3 AL SUBSECRETARIO DE TRABAJO - Apuntes de San Luis","robots":{"index":"index","follow":"follow","max-snippet":"max-snippet:-1","max-image-preview":"max-image-preview:large","max-video-preview":"max-video-preview:-1"},"canonical":"https:\/\/apuntesdesanluis.com\/index.php\/2024\/10\/18\/el-gobierno-sigue-echando-de-los-suyos-desplazo-al-subsecretario-de-trabajo\/","og_locale":"es_ES","og_type":"article","og_title":"EL GOBIERNO SIGUE ECHANDO DE LOS SUYOS: DESPLAZ\u00d3 AL SUBSECRETARIO DE TRABAJO - Apuntes de San Luis","og_description":"El Gobierno ech\u00f3 al subsecretario de Trabajo, Mart\u00edn Huidobro, y en su reemplazo podr\u00edan designar...","og_url":"https:\/\/apuntesdesanluis.com\/index.php\/2024\/10\/18\/el-gobierno-sigue-echando-de-los-suyos-desplazo-al-subsecretario-de-trabajo\/","og_site_name":"Apuntes de San Luis","article_published_time":"2024-10-18T23:47:08+00:00","article_modified_time":"2024-10-18T23:50:29+00:00","og_image":[{"width":645,"height":374,"url":"https:\/\/apuntesdesanluis.com\/wp-content\/uploads\/2024\/10\/SUBSECRETARIA-DE-TRAB-AJO.png","type":"image\/png"}],"author":"apuntesdesanluis.com","twitter_card":"summary_large_image","twitter_misc":{"Escrito por":"apuntesdesanluis.com","Tiempo de lectura":"2 minutos"},"schema":{"@context":"https:\/\/schema.org","@graph":[{"@type":"Article","@id":"https:\/\/apuntesdesanluis.com\/index.php\/2024\/10\/18\/el-gobierno-sigue-echando-de-los-suyos-desplazo-al-subsecretario-de-trabajo\/#article","isPartOf":{"@id":"https:\/\/apuntesdesanluis.com\/index.php\/2024\/10\/18\/el-gobierno-sigue-echando-de-los-suyos-desplazo-al-subsecretario-de-trabajo\/"},"author":{"name":"apuntesdesanluis.com","@id":"https:\/\/apuntesdesanluis.com\/#\/schema\/person\/b55151d52296fcce64d1a72538a70b90"},"headline":"EL GOBIERNO SIGUE ECHANDO DE LOS SUYOS: DESPLAZ\u00d3 AL SUBSECRETARIO DE TRABAJO","datePublished":"2024-10-18T23:47:08+00:00","dateModified":"2024-10-18T23:50:29+00:00","mainEntityOfPage":{"@id":"https:\/\/apuntesdesanluis.com\/index.php\/2024\/10\/18\/el-gobierno-sigue-echando-de-los-suyos-desplazo-al-subsecretario-de-trabajo\/"},"wordCount":299,"publisher":{"@id":"https:\/\/apuntesdesanluis.com\/#\/schema\/person\/b55151d52296fcce64d1a72538a70b90"},"image":{"@id":"https:\/\/apuntesdesanluis.com\/index.php\/2024\/10\/18\/el-gobierno-sigue-echando-de-los-suyos-desplazo-al-subsecretario-de-trabajo\/#primaryimage"},"thumbnailUrl":"https:\/\/apuntesdesanluis.com\/wp-content\/uploads\/2024\/10\/SUBSECRETARIA-DE-TRAB-AJO.png","articleSection":["Nacionales\/Internacionales"],"inLanguage":"es-AR"},{"@type":"WebPage","@id":"https:\/\/apuntesdesanluis.com\/index.php\/2024\/10\/18\/el-gobierno-sigue-echando-de-los-suyos-desplazo-al-subsecretario-de-trabajo\/","url":"https:\/\/apuntesdesanluis.com\/index.php\/2024\/10\/18\/el-gobierno-sigue-echando-de-los-suyos-desplazo-al-subsecretario-de-trabajo\/","name":"EL GOBIERNO SIGUE ECHANDO DE LOS SUYOS: DESPLAZ\u00d3 AL SUBSECRETARIO DE TRABAJO - Apuntes de San Luis","isPartOf":{"@id":"https:\/\/apuntesdesanluis.com\/#website"},"primaryImageOfPage":{"@id":"https:\/\/apuntesdesanluis.com\/index.php\/2024\/10\/18\/el-gobierno-sigue-echando-de-los-suyos-desplazo-al-subsecretario-de-trabajo\/#primaryimage"},"image":{"@id":"https:\/\/apuntesdesanluis.com\/index.php\/2024\/10\/18\/el-gobierno-sigue-echando-de-los-suyos-desplazo-al-subsecretario-de-trabajo\/#primaryimage"},"thumbnailUrl":"https:\/\/apuntesdesanluis.com\/wp-content\/uploads\/2024\/10\/SUBSECRETARIA-DE-TRAB-AJO.png","datePublished":"2024-10-18T23:47:08+00:00","dateModified":"2024-10-18T23:50:29+00:00","breadcrumb":{"@id":"https:\/\/apuntesdesanluis.com\/index.php\/2024\/10\/18\/el-gobierno-sigue-echando-de-los-suyos-desplazo-al-subsecretario-de-trabajo\/#breadcrumb"},"inLanguage":"es-AR","potentialAction":[{"@type":"ReadAction","target":["https:\/\/apuntesdesanluis.com\/index.php\/2024\/10\/18\/el-gobierno-sigue-echando-de-los-suyos-desplazo-al-subsecretario-de-trabajo\/"]}]},{"@type":"ImageObject","inLanguage":"es-AR","@id":"https:\/\/apuntesdesanluis.com\/index.php\/2024\/10\/18\/el-gobierno-sigue-echando-de-los-suyos-desplazo-al-subsecretario-de-trabajo\/#primaryimage","url":"https:\/\/apuntesdesanluis.com\/wp-content\/uploads\/2024\/10\/SUBSECRETARIA-DE-TRAB-AJO.png","contentUrl":"https:\/\/apuntesdesanluis.com\/wp-content\/uploads\/2024\/10\/SUBSECRETARIA-DE-TRAB-AJO.png","width":645,"height":374},{"@type":"BreadcrumbList","@id":"https:\/\/apuntesdesanluis.com\/index.php\/2024\/10\/18\/el-gobierno-sigue-echando-de-los-suyos-desplazo-al-subsecretario-de-trabajo\/#breadcrumb","itemListElement":[{"@type":"ListItem","position":1,"name":"Inicio","item":"https:\/\/apuntesdesanluis.com\/"},{"@type":"ListItem","position":2,"name":"EL GOBIERNO SIGUE ECHANDO DE LOS SUYOS: DESPLAZ\u00d3 AL SUBSECRETARIO DE TRABAJO"}]},{"@type":"WebSite","@id":"https:\/\/apuntesdesanluis.com\/#website","url":"https:\/\/apuntesdesanluis.com\/","name":"Apuntes de San Luis","description":"","publisher":{"@id":"https:\/\/apuntesdesanluis.com\/#\/schema\/person\/b55151d52296fcce64d1a72538a70b90"},"potentialAction":[{"@type":"SearchAction","target":{"@type":"EntryPoint","urlTemplate":"https:\/\/apuntesdesanluis.com\/?s={search_term_string}"},"query-input":{"@type":"PropertyValueSpecification","valueRequired":true,"valueName":"search_term_string"}}],"inLanguage":"es-AR"},{"@type":["Person","Organization"],"@id":"https:\/\/apuntesdesanluis.com\/#\/schema\/person\/b55151d52296fcce64d1a72538a70b90","name":"apuntesdesanluis.com","image":{"@type":"ImageObject","inLanguage":"es-AR","@id":"https:\/\/apuntesdesanluis.com\/#\/schema\/person\/image\/","url":"https:\/\/apuntesdesanluis.com\/wp-content\/uploads\/2023\/07\/cropped-apuntesdesanluis.png","contentUrl":"https:\/\/apuntesdesanluis.com\/wp-content\/uploads\/2023\/07\/cropped-apuntesdesanluis.png","width":450,"height":112,"caption":"apuntesdesanluis.com"},"logo":{"@id":"https:\/\/apuntesdesanluis.com\/#\/schema\/person\/image\/"},"sameAs":["https:\/\/apuntesdesanluis.com"],"url":"https:\/\/apuntesdesanluis.com\/index.php\/author\/apuntesdesanluis-com\/"}]}},"featured_image_urls":{"full":["https:\/\/apuntesdesanluis.com\/wp-content\/uploads\/2024\/10\/SUBSECRETARIA-DE-TRAB-AJO.png",645,374,false],"thumbnail":["https:\/\/apuntesdesanluis.com\/wp-content\/uploads\/2024\/10\/SUBSECRETARIA-DE-TRAB-AJO-150x150.png",150,150,true],"medium":["https:\/\/apuntesdesanluis.com\/wp-content\/uploads\/2024\/10\/SUBSECRETARIA-DE-TRAB-AJO-300x174.png",300,174,true],"medium_large":["https:\/\/apuntesdesanluis.com\/wp-content\/uploads\/2024\/10\/SUBSECRETARIA-DE-TRAB-AJO.png",640,371,false],"large":["https:\/\/apuntesdesanluis.com\/wp-content\/uploads\/2024\/10\/SUBSECRETARIA-DE-TRAB-AJO.png",640,371,false],"1536x1536":["https:\/\/apuntesdesanluis.com\/wp-content\/uploads\/2024\/10\/SUBSECRETARIA-DE-TRAB-AJO.png",645,374,false],"2048x2048":["https:\/\/apuntesdesanluis.com\/wp-content\/uploads\/2024\/10\/SUBSECRETARIA-DE-TRAB-AJO.png",645,374,false],"newsever-slider-full":["https:\/\/apuntesdesanluis.com\/wp-content\/uploads\/2024\/10\/SUBSECRETARIA-DE-TRAB-AJO.png",645,374,false],"newsever-featured":["https:\/\/apuntesdesanluis.com\/wp-content\/uploads\/2024\/10\/SUBSECRETARIA-DE-TRAB-AJO.png",645,374,false],"newsever-medium":["https:\/\/apuntesdesanluis.com\/wp-content\/uploads\/2024\/10\/SUBSECRETARIA-DE-TRAB-AJO.png",645,374,false]},"author_info":{"display_name":"apuntesdesanluis.com","author_link":"https:\/\/apuntesdesanluis.com\/index.php\/author\/apuntesdesanluis-com\/"},"category_info":"<a href=\"https:\/\/apuntesdesanluis.com\/index.php\/category\/nacionales-internacionales\/\" rel=\"category tag\">Nacionales\/Internacionales<\/a>","tag_info":"Nacionales\/Internacionales","comment_count":"0","_links":{"self":[{"href":"https:\/\/apuntesdesanluis.com\/index.php\/wp-json\/wp\/v2\/posts\/24079","targetHints":{"allow":["GET"]}}],"collection":[{"href":"https:\/\/apuntesdesanluis.com\/index.php\/wp-json\/wp\/v2\/posts"}],"about":[{"href":"https:\/\/apuntesdesanluis.com\/index.php\/wp-json\/wp\/v2\/types\/post"}],"author":[{"embeddable":true,"href":"https:\/\/apuntesdesanluis.com\/index.php\/wp-json\/wp\/v2\/users\/1"}],"replies":[{"embeddable":true,"href":"https:\/\/apuntesdesanluis.com\/index.php\/wp-json\/wp\/v2\/comments?post=24079"}],"version-history":[{"count":3,"href":"https:\/\/apuntesdesanluis.com\/index.php\/wp-json\/wp\/v2\/posts\/24079\/revisions"}],"predecessor-version":[{"id":24084,"href":"https:\/\/apuntesdesanluis.com\/index.php\/wp-json\/wp\/v2\/posts\/24079\/revisions\/24084"}],"wp:featuredmedia":[{"embeddable":true,"href":"https:\/\/apuntesdesanluis.com\/index.php\/wp-json\/wp\/v2\/media\/24082"}],"wp:attachment":[{"href":"https:\/\/apuntesdesanluis.com\/index.php\/wp-json\/wp\/v2\/media?parent=24079"}],"wp:term":[{"taxonomy":"category","embeddable":true,"href":"https:\/\/apuntesdesanluis.com\/index.php\/wp-json\/wp\/v2\/categories?post=24079"},{"taxonomy":"post_tag","embeddable":true,"href":"https:\/\/apuntesdesanluis.com\/index.php\/wp-json\/wp\/v2\/tags?post=24079"}],"curies":[{"name":"wp","href":"https:\/\/api.w.org\/{rel}","templated":true}]}}