{"id":24085,"date":"2024-10-18T21:11:59","date_gmt":"2024-10-19T00:11:59","guid":{"rendered":"https:\/\/apuntesdesanluis.com\/?p=24085"},"modified":"2024-10-18T21:12:31","modified_gmt":"2024-10-19T00:12:31","slug":"villarruel-desvinculo-a-38-empleados-nombrados-por-cristina-kirchner-y-ya-son-419-los-despedidos","status":"publish","type":"post","link":"https:\/\/apuntesdesanluis.com\/index.php\/2024\/10\/18\/villarruel-desvinculo-a-38-empleados-nombrados-por-cristina-kirchner-y-ya-son-419-los-despedidos\/","title":{"rendered":"VILLARRUEL DESVINCUL\u00d3 A 38 EMPLEADOS NOMBRADOS POR CRISTINA Y YA SON 419 LOS DESPEDIDOS"},"content":{"rendered":"<h3>La Vicepresidenta firm\u00f3 un decreto que dispuso las desvinculaciones, a partir de una investigaci\u00f3n realizada por una comisi\u00f3n especial, creada en mayo pasado para analizar el personal que cumple funciones en la C\u00e1mara alta<\/h3>\n<h3>La vicepresidenta Victoria Villarruel desvincul\u00f3 del Senado a 38 empleados que hab\u00edan sido nombrados en planta permanente por su antecesora, Cristina Kirchner, antes de dejar el cargo, tras una investigaci\u00f3n realizada por una comisi\u00f3n especial creada para analizar la cantidad de personal que tiene la C\u00e1mara alta y el trabajo que desempe\u00f1an.<\/h3>\n<h3>Seg\u00fan informaron fuentes oficiales a Infobae, la decisi\u00f3n fue adoptada mediante el primer decreto que firm\u00f3 la vicepresidente en funci\u00f3n de las conclusiones de la Comisi\u00f3n de An\u00e1lisis de Dotaci\u00f3n (CAD) del Senado, creada en mayo pasado. Con esta medida, ya son 419 las personas que cesaron en sus funciones a partir de la llegada de la nueva conducci\u00f3n de la C\u00e1mara.<\/h3>\n<p><img fetchpriority=\"high\" decoding=\"async\" class=\"wp-image-24087 aligncenter\" src=\"https:\/\/apuntesdesanluis.com\/wp-content\/uploads\/2024\/10\/victoria-1-300x169.png\" alt=\"\" width=\"701\" height=\"395\" srcset=\"https:\/\/apuntesdesanluis.com\/wp-content\/uploads\/2024\/10\/victoria-1-300x169.png 300w, https:\/\/apuntesdesanluis.com\/wp-content\/uploads\/2024\/10\/victoria-1.png 589w\" sizes=\"(max-width: 701px) 100vw, 701px\" \/><\/p>\n<h3>De acuerdo con la informaci\u00f3n que trascendi\u00f3 esta tarde, entre los documentos que analiz\u00f3 la CAD estuvo la resoluci\u00f3n RSA 847\/2023, que hab\u00eda dispuesto la incorporaci\u00f3n de 138 agentes a la planta permanente, entre los cuales \u201cse identificaron irregularidades en el cumplimiento de los requisitos para la incorporaci\u00f3n de agentes, incluyendo falta de idoneidad y vacantes\u201d.<\/h3>\n<h3>La CAD recomend\u00f3 revisar las designaciones de los agentes incorporados y concluy\u00f3 que \u201clos 38 agentes no cumpl\u00edan con las tareas org\u00e1nico-administrativas necesarias y deb\u00edan cesar\u201d. En el decreto que firm\u00f3 Villarruel se deja sin efecto la planta permanente otorgada en los \u00faltimos tres meses de la administraci\u00f3n de Cristina Kirchner.<\/h3>\n<h3>\u201cEs una medida que busca detectar empleados que no cumplen con sus tareas ni concurren al Senado y que son conocidos vulgarmente como \u2018\u00f1oquis\u2019, junto a otras tales como el control de acceso con sistema biom\u00e9trico de asistencia, el empadronamiento de todos los agentes, la restricci\u00f3n de las licencias extraordinarias, la auditor\u00eda de las licencias m\u00e9dicas de largo tratamiento, la baja de nombramientos sospechados, entre otras\u201d, indicaron las fuentes.<\/h3>\n<h3>Seg\u00fan explicaron, \u201cante esas medidas se incrementaron las renuncias en m\u00e1s de un 200% de personas que, siendo intimadas, no se han apersonado a sus lugares de trabajo; todo en el marco de la ley y tomando las medidas necesarias para cuidar los recursos p\u00fablicos que me toca administrar. Y esto es s\u00f3lo un conteo de algunas de las medidas que estamos llevando a cabo para ordenar esta instituci\u00f3n\u201d.<\/h3>\n<p>&nbsp;<\/p>\n<p>&nbsp;<\/p>\n<p>&nbsp;<\/p>\n<p>&nbsp;<\/p>\n","protected":false},"excerpt":{"rendered":"<p>La Vicepresidenta firm\u00f3 un decreto que dispuso las desvinculaciones, a partir de una investigaci\u00f3n realizada&#8230;<\/p>\n","protected":false},"author":1,"featured_media":24086,"comment_status":"closed","ping_status":"closed","sticky":false,"template":"","format":"standard","meta":{"footnotes":""},"categories":[5],"tags":[],"class_list":["post-24085","post","type-post","status-publish","format-standard","has-post-thumbnail","hentry","category-nacionales-internacionales"],"yoast_head":"<!-- This site is optimized with the Yoast SEO plugin v26.1.1 - https:\/\/yoast.com\/wordpress\/plugins\/seo\/ -->\n<title>VILLARRUEL DESVINCUL\u00d3 A 38 EMPLEADOS NOMBRADOS POR CRISTINA Y YA SON 419 LOS DESPEDIDOS - Apuntes de San Luis<\/title>\n<meta name=\"robots\" content=\"index, follow, max-snippet:-1, max-image-preview:large, max-video-preview:-1\" \/>\n<link rel=\"canonical\" href=\"https:\/\/apuntesdesanluis.com\/index.php\/2024\/10\/18\/villarruel-desvinculo-a-38-empleados-nombrados-por-cristina-kirchner-y-ya-son-419-los-despedidos\/\" \/>\n<meta property=\"og:locale\" content=\"es_ES\" \/>\n<meta property=\"og:type\" content=\"article\" \/>\n<meta property=\"og:title\" content=\"VILLARRUEL DESVINCUL\u00d3 A 38 EMPLEADOS NOMBRADOS POR CRISTINA Y YA SON 419 LOS DESPEDIDOS - Apuntes de San Luis\" \/>\n<meta property=\"og:description\" content=\"La Vicepresidenta firm\u00f3 un decreto que dispuso las desvinculaciones, a partir de una investigaci\u00f3n realizada...\" \/>\n<meta property=\"og:url\" content=\"https:\/\/apuntesdesanluis.com\/index.php\/2024\/10\/18\/villarruel-desvinculo-a-38-empleados-nombrados-por-cristina-kirchner-y-ya-son-419-los-despedidos\/\" \/>\n<meta property=\"og:site_name\" content=\"Apuntes de San Luis\" \/>\n<meta property=\"article:published_time\" content=\"2024-10-19T00:11:59+00:00\" \/>\n<meta property=\"article:modified_time\" content=\"2024-10-19T00:12:31+00:00\" \/>\n<meta property=\"og:image\" content=\"https:\/\/apuntesdesanluis.com\/wp-content\/uploads\/2024\/10\/villarruel-y-cristina.png\" \/>\n\t<meta property=\"og:image:width\" content=\"800\" \/>\n\t<meta property=\"og:image:height\" content=\"484\" \/>\n\t<meta property=\"og:image:type\" content=\"image\/png\" \/>\n<meta name=\"author\" content=\"apuntesdesanluis.com\" \/>\n<meta name=\"twitter:card\" content=\"summary_large_image\" \/>\n<meta name=\"twitter:label1\" content=\"Escrito por\" \/>\n\t<meta name=\"twitter:data1\" content=\"apuntesdesanluis.com\" \/>\n\t<meta name=\"twitter:label2\" content=\"Tiempo de lectura\" \/>\n\t<meta name=\"twitter:data2\" content=\"3 minutos\" \/>\n<script type=\"application\/ld+json\" class=\"yoast-schema-graph\">{\"@context\":\"https:\/\/schema.org\",\"@graph\":[{\"@type\":\"Article\",\"@id\":\"https:\/\/apuntesdesanluis.com\/index.php\/2024\/10\/18\/villarruel-desvinculo-a-38-empleados-nombrados-por-cristina-kirchner-y-ya-son-419-los-despedidos\/#article\",\"isPartOf\":{\"@id\":\"https:\/\/apuntesdesanluis.com\/index.php\/2024\/10\/18\/villarruel-desvinculo-a-38-empleados-nombrados-por-cristina-kirchner-y-ya-son-419-los-despedidos\/\"},\"author\":{\"name\":\"apuntesdesanluis.com\",\"@id\":\"https:\/\/apuntesdesanluis.com\/#\/schema\/person\/b55151d52296fcce64d1a72538a70b90\"},\"headline\":\"VILLARRUEL DESVINCUL\u00d3 A 38 EMPLEADOS NOMBRADOS POR CRISTINA Y YA SON 419 LOS DESPEDIDOS\",\"datePublished\":\"2024-10-19T00:11:59+00:00\",\"dateModified\":\"2024-10-19T00:12:31+00:00\",\"mainEntityOfPage\":{\"@id\":\"https:\/\/apuntesdesanluis.com\/index.php\/2024\/10\/18\/villarruel-desvinculo-a-38-empleados-nombrados-por-cristina-kirchner-y-ya-son-419-los-despedidos\/\"},\"wordCount\":437,\"publisher\":{\"@id\":\"https:\/\/apuntesdesanluis.com\/#\/schema\/person\/b55151d52296fcce64d1a72538a70b90\"},\"image\":{\"@id\":\"https:\/\/apuntesdesanluis.com\/index.php\/2024\/10\/18\/villarruel-desvinculo-a-38-empleados-nombrados-por-cristina-kirchner-y-ya-son-419-los-despedidos\/#primaryimage\"},\"thumbnailUrl\":\"https:\/\/apuntesdesanluis.com\/wp-content\/uploads\/2024\/10\/villarruel-y-cristina.png\",\"articleSection\":[\"Nacionales\/Internacionales\"],\"inLanguage\":\"es-AR\"},{\"@type\":\"WebPage\",\"@id\":\"https:\/\/apuntesdesanluis.com\/index.php\/2024\/10\/18\/villarruel-desvinculo-a-38-empleados-nombrados-por-cristina-kirchner-y-ya-son-419-los-despedidos\/\",\"url\":\"https:\/\/apuntesdesanluis.com\/index.php\/2024\/10\/18\/villarruel-desvinculo-a-38-empleados-nombrados-por-cristina-kirchner-y-ya-son-419-los-despedidos\/\",\"name\":\"VILLARRUEL DESVINCUL\u00d3 A 38 EMPLEADOS NOMBRADOS POR CRISTINA Y YA SON 419 LOS DESPEDIDOS - Apuntes de San Luis\",\"isPartOf\":{\"@id\":\"https:\/\/apuntesdesanluis.com\/#website\"},\"primaryImageOfPage\":{\"@id\":\"https:\/\/apuntesdesanluis.com\/index.php\/2024\/10\/18\/villarruel-desvinculo-a-38-empleados-nombrados-por-cristina-kirchner-y-ya-son-419-los-despedidos\/#primaryimage\"},\"image\":{\"@id\":\"https:\/\/apuntesdesanluis.com\/index.php\/2024\/10\/18\/villarruel-desvinculo-a-38-empleados-nombrados-por-cristina-kirchner-y-ya-son-419-los-despedidos\/#primaryimage\"},\"thumbnailUrl\":\"https:\/\/apuntesdesanluis.com\/wp-content\/uploads\/2024\/10\/villarruel-y-cristina.png\",\"datePublished\":\"2024-10-19T00:11:59+00:00\",\"dateModified\":\"2024-10-19T00:12:31+00:00\",\"breadcrumb\":{\"@id\":\"https:\/\/apuntesdesanluis.com\/index.php\/2024\/10\/18\/villarruel-desvinculo-a-38-empleados-nombrados-por-cristina-kirchner-y-ya-son-419-los-despedidos\/#breadcrumb\"},\"inLanguage\":\"es-AR\",\"potentialAction\":[{\"@type\":\"ReadAction\",\"target\":[\"https:\/\/apuntesdesanluis.com\/index.php\/2024\/10\/18\/villarruel-desvinculo-a-38-empleados-nombrados-por-cristina-kirchner-y-ya-son-419-los-despedidos\/\"]}]},{\"@type\":\"ImageObject\",\"inLanguage\":\"es-AR\",\"@id\":\"https:\/\/apuntesdesanluis.com\/index.php\/2024\/10\/18\/villarruel-desvinculo-a-38-empleados-nombrados-por-cristina-kirchner-y-ya-son-419-los-despedidos\/#primaryimage\",\"url\":\"https:\/\/apuntesdesanluis.com\/wp-content\/uploads\/2024\/10\/villarruel-y-cristina.png\",\"contentUrl\":\"https:\/\/apuntesdesanluis.com\/wp-content\/uploads\/2024\/10\/villarruel-y-cristina.png\",\"width\":800,\"height\":484},{\"@type\":\"BreadcrumbList\",\"@id\":\"https:\/\/apuntesdesanluis.com\/index.php\/2024\/10\/18\/villarruel-desvinculo-a-38-empleados-nombrados-por-cristina-kirchner-y-ya-son-419-los-despedidos\/#breadcrumb\",\"itemListElement\":[{\"@type\":\"ListItem\",\"position\":1,\"name\":\"Inicio\",\"item\":\"https:\/\/apuntesdesanluis.com\/\"},{\"@type\":\"ListItem\",\"position\":2,\"name\":\"VILLARRUEL DESVINCUL\u00d3 A 38 EMPLEADOS NOMBRADOS POR CRISTINA Y YA SON 419 LOS DESPEDIDOS\"}]},{\"@type\":\"WebSite\",\"@id\":\"https:\/\/apuntesdesanluis.com\/#website\",\"url\":\"https:\/\/apuntesdesanluis.com\/\",\"name\":\"Apuntes de San Luis\",\"description\":\"\",\"publisher\":{\"@id\":\"https:\/\/apuntesdesanluis.com\/#\/schema\/person\/b55151d52296fcce64d1a72538a70b90\"},\"potentialAction\":[{\"@type\":\"SearchAction\",\"target\":{\"@type\":\"EntryPoint\",\"urlTemplate\":\"https:\/\/apuntesdesanluis.com\/?s={search_term_string}\"},\"query-input\":{\"@type\":\"PropertyValueSpecification\",\"valueRequired\":true,\"valueName\":\"search_term_string\"}}],\"inLanguage\":\"es-AR\"},{\"@type\":[\"Person\",\"Organization\"],\"@id\":\"https:\/\/apuntesdesanluis.com\/#\/schema\/person\/b55151d52296fcce64d1a72538a70b90\",\"name\":\"apuntesdesanluis.com\",\"image\":{\"@type\":\"ImageObject\",\"inLanguage\":\"es-AR\",\"@id\":\"https:\/\/apuntesdesanluis.com\/#\/schema\/person\/image\/\",\"url\":\"https:\/\/apuntesdesanluis.com\/wp-content\/uploads\/2023\/07\/cropped-apuntesdesanluis.png\",\"contentUrl\":\"https:\/\/apuntesdesanluis.com\/wp-content\/uploads\/2023\/07\/cropped-apuntesdesanluis.png\",\"width\":450,\"height\":112,\"caption\":\"apuntesdesanluis.com\"},\"logo\":{\"@id\":\"https:\/\/apuntesdesanluis.com\/#\/schema\/person\/image\/\"},\"sameAs\":[\"https:\/\/apuntesdesanluis.com\"],\"url\":\"https:\/\/apuntesdesanluis.com\/index.php\/author\/apuntesdesanluis-com\/\"}]}<\/script>\n<!-- \/ Yoast SEO plugin. -->","yoast_head_json":{"title":"VILLARRUEL DESVINCUL\u00d3 A 38 EMPLEADOS NOMBRADOS POR CRISTINA Y YA SON 419 LOS DESPEDIDOS - Apuntes de San Luis","robots":{"index":"index","follow":"follow","max-snippet":"max-snippet:-1","max-image-preview":"max-image-preview:large","max-video-preview":"max-video-preview:-1"},"canonical":"https:\/\/apuntesdesanluis.com\/index.php\/2024\/10\/18\/villarruel-desvinculo-a-38-empleados-nombrados-por-cristina-kirchner-y-ya-son-419-los-despedidos\/","og_locale":"es_ES","og_type":"article","og_title":"VILLARRUEL DESVINCUL\u00d3 A 38 EMPLEADOS NOMBRADOS POR CRISTINA Y YA SON 419 LOS DESPEDIDOS - Apuntes de San Luis","og_description":"La Vicepresidenta firm\u00f3 un decreto que dispuso las desvinculaciones, a partir de una investigaci\u00f3n realizada...","og_url":"https:\/\/apuntesdesanluis.com\/index.php\/2024\/10\/18\/villarruel-desvinculo-a-38-empleados-nombrados-por-cristina-kirchner-y-ya-son-419-los-despedidos\/","og_site_name":"Apuntes de San Luis","article_published_time":"2024-10-19T00:11:59+00:00","article_modified_time":"2024-10-19T00:12:31+00:00","og_image":[{"width":800,"height":484,"url":"https:\/\/apuntesdesanluis.com\/wp-content\/uploads\/2024\/10\/villarruel-y-cristina.png","type":"image\/png"}],"author":"apuntesdesanluis.com","twitter_card":"summary_large_image","twitter_misc":{"Escrito por":"apuntesdesanluis.com","Tiempo de lectura":"3 minutos"},"schema":{"@context":"https:\/\/schema.org","@graph":[{"@type":"Article","@id":"https:\/\/apuntesdesanluis.com\/index.php\/2024\/10\/18\/villarruel-desvinculo-a-38-empleados-nombrados-por-cristina-kirchner-y-ya-son-419-los-despedidos\/#article","isPartOf":{"@id":"https:\/\/apuntesdesanluis.com\/index.php\/2024\/10\/18\/villarruel-desvinculo-a-38-empleados-nombrados-por-cristina-kirchner-y-ya-son-419-los-despedidos\/"},"author":{"name":"apuntesdesanluis.com","@id":"https:\/\/apuntesdesanluis.com\/#\/schema\/person\/b55151d52296fcce64d1a72538a70b90"},"headline":"VILLARRUEL DESVINCUL\u00d3 A 38 EMPLEADOS NOMBRADOS POR CRISTINA Y YA SON 419 LOS DESPEDIDOS","datePublished":"2024-10-19T00:11:59+00:00","dateModified":"2024-10-19T00:12:31+00:00","mainEntityOfPage":{"@id":"https:\/\/apuntesdesanluis.com\/index.php\/2024\/10\/18\/villarruel-desvinculo-a-38-empleados-nombrados-por-cristina-kirchner-y-ya-son-419-los-despedidos\/"},"wordCount":437,"publisher":{"@id":"https:\/\/apuntesdesanluis.com\/#\/schema\/person\/b55151d52296fcce64d1a72538a70b90"},"image":{"@id":"https:\/\/apuntesdesanluis.com\/index.php\/2024\/10\/18\/villarruel-desvinculo-a-38-empleados-nombrados-por-cristina-kirchner-y-ya-son-419-los-despedidos\/#primaryimage"},"thumbnailUrl":"https:\/\/apuntesdesanluis.com\/wp-content\/uploads\/2024\/10\/villarruel-y-cristina.png","articleSection":["Nacionales\/Internacionales"],"inLanguage":"es-AR"},{"@type":"WebPage","@id":"https:\/\/apuntesdesanluis.com\/index.php\/2024\/10\/18\/villarruel-desvinculo-a-38-empleados-nombrados-por-cristina-kirchner-y-ya-son-419-los-despedidos\/","url":"https:\/\/apuntesdesanluis.com\/index.php\/2024\/10\/18\/villarruel-desvinculo-a-38-empleados-nombrados-por-cristina-kirchner-y-ya-son-419-los-despedidos\/","name":"VILLARRUEL DESVINCUL\u00d3 A 38 EMPLEADOS NOMBRADOS POR CRISTINA Y YA SON 419 LOS DESPEDIDOS - Apuntes de San Luis","isPartOf":{"@id":"https:\/\/apuntesdesanluis.com\/#website"},"primaryImageOfPage":{"@id":"https:\/\/apuntesdesanluis.com\/index.php\/2024\/10\/18\/villarruel-desvinculo-a-38-empleados-nombrados-por-cristina-kirchner-y-ya-son-419-los-despedidos\/#primaryimage"},"image":{"@id":"https:\/\/apuntesdesanluis.com\/index.php\/2024\/10\/18\/villarruel-desvinculo-a-38-empleados-nombrados-por-cristina-kirchner-y-ya-son-419-los-despedidos\/#primaryimage"},"thumbnailUrl":"https:\/\/apuntesdesanluis.com\/wp-content\/uploads\/2024\/10\/villarruel-y-cristina.png","datePublished":"2024-10-19T00:11:59+00:00","dateModified":"2024-10-19T00:12:31+00:00","breadcrumb":{"@id":"https:\/\/apuntesdesanluis.com\/index.php\/2024\/10\/18\/villarruel-desvinculo-a-38-empleados-nombrados-por-cristina-kirchner-y-ya-son-419-los-despedidos\/#breadcrumb"},"inLanguage":"es-AR","potentialAction":[{"@type":"ReadAction","target":["https:\/\/apuntesdesanluis.com\/index.php\/2024\/10\/18\/villarruel-desvinculo-a-38-empleados-nombrados-por-cristina-kirchner-y-ya-son-419-los-despedidos\/"]}]},{"@type":"ImageObject","inLanguage":"es-AR","@id":"https:\/\/apuntesdesanluis.com\/index.php\/2024\/10\/18\/villarruel-desvinculo-a-38-empleados-nombrados-por-cristina-kirchner-y-ya-son-419-los-despedidos\/#primaryimage","url":"https:\/\/apuntesdesanluis.com\/wp-content\/uploads\/2024\/10\/villarruel-y-cristina.png","contentUrl":"https:\/\/apuntesdesanluis.com\/wp-content\/uploads\/2024\/10\/villarruel-y-cristina.png","width":800,"height":484},{"@type":"BreadcrumbList","@id":"https:\/\/apuntesdesanluis.com\/index.php\/2024\/10\/18\/villarruel-desvinculo-a-38-empleados-nombrados-por-cristina-kirchner-y-ya-son-419-los-despedidos\/#breadcrumb","itemListElement":[{"@type":"ListItem","position":1,"name":"Inicio","item":"https:\/\/apuntesdesanluis.com\/"},{"@type":"ListItem","position":2,"name":"VILLARRUEL DESVINCUL\u00d3 A 38 EMPLEADOS NOMBRADOS POR CRISTINA Y YA SON 419 LOS DESPEDIDOS"}]},{"@type":"WebSite","@id":"https:\/\/apuntesdesanluis.com\/#website","url":"https:\/\/apuntesdesanluis.com\/","name":"Apuntes de San Luis","description":"","publisher":{"@id":"https:\/\/apuntesdesanluis.com\/#\/schema\/person\/b55151d52296fcce64d1a72538a70b90"},"potentialAction":[{"@type":"SearchAction","target":{"@type":"EntryPoint","urlTemplate":"https:\/\/apuntesdesanluis.com\/?s={search_term_string}"},"query-input":{"@type":"PropertyValueSpecification","valueRequired":true,"valueName":"search_term_string"}}],"inLanguage":"es-AR"},{"@type":["Person","Organization"],"@id":"https:\/\/apuntesdesanluis.com\/#\/schema\/person\/b55151d52296fcce64d1a72538a70b90","name":"apuntesdesanluis.com","image":{"@type":"ImageObject","inLanguage":"es-AR","@id":"https:\/\/apuntesdesanluis.com\/#\/schema\/person\/image\/","url":"https:\/\/apuntesdesanluis.com\/wp-content\/uploads\/2023\/07\/cropped-apuntesdesanluis.png","contentUrl":"https:\/\/apuntesdesanluis.com\/wp-content\/uploads\/2023\/07\/cropped-apuntesdesanluis.png","width":450,"height":112,"caption":"apuntesdesanluis.com"},"logo":{"@id":"https:\/\/apuntesdesanluis.com\/#\/schema\/person\/image\/"},"sameAs":["https:\/\/apuntesdesanluis.com"],"url":"https:\/\/apuntesdesanluis.com\/index.php\/author\/apuntesdesanluis-com\/"}]}},"featured_image_urls":{"full":["https:\/\/apuntesdesanluis.com\/wp-content\/uploads\/2024\/10\/villarruel-y-cristina.png",800,484,false],"thumbnail":["https:\/\/apuntesdesanluis.com\/wp-content\/uploads\/2024\/10\/villarruel-y-cristina-150x150.png",150,150,true],"medium":["https:\/\/apuntesdesanluis.com\/wp-content\/uploads\/2024\/10\/villarruel-y-cristina-300x182.png",300,182,true],"medium_large":["https:\/\/apuntesdesanluis.com\/wp-content\/uploads\/2024\/10\/villarruel-y-cristina-768x465.png",640,388,true],"large":["https:\/\/apuntesdesanluis.com\/wp-content\/uploads\/2024\/10\/villarruel-y-cristina.png",640,387,false],"1536x1536":["https:\/\/apuntesdesanluis.com\/wp-content\/uploads\/2024\/10\/villarruel-y-cristina.png",800,484,false],"2048x2048":["https:\/\/apuntesdesanluis.com\/wp-content\/uploads\/2024\/10\/villarruel-y-cristina.png",800,484,false],"newsever-slider-full":["https:\/\/apuntesdesanluis.com\/wp-content\/uploads\/2024\/10\/villarruel-y-cristina.png",800,484,false],"newsever-featured":["https:\/\/apuntesdesanluis.com\/wp-content\/uploads\/2024\/10\/villarruel-y-cristina.png",800,484,false],"newsever-medium":["https:\/\/apuntesdesanluis.com\/wp-content\/uploads\/2024\/10\/villarruel-y-cristina-720x475.png",720,475,true]},"author_info":{"display_name":"apuntesdesanluis.com","author_link":"https:\/\/apuntesdesanluis.com\/index.php\/author\/apuntesdesanluis-com\/"},"category_info":"<a href=\"https:\/\/apuntesdesanluis.com\/index.php\/category\/nacionales-internacionales\/\" rel=\"category tag\">Nacionales\/Internacionales<\/a>","tag_info":"Nacionales\/Internacionales","comment_count":"0","_links":{"self":[{"href":"https:\/\/apuntesdesanluis.com\/index.php\/wp-json\/wp\/v2\/posts\/24085","targetHints":{"allow":["GET"]}}],"collection":[{"href":"https:\/\/apuntesdesanluis.com\/index.php\/wp-json\/wp\/v2\/posts"}],"about":[{"href":"https:\/\/apuntesdesanluis.com\/index.php\/wp-json\/wp\/v2\/types\/post"}],"author":[{"embeddable":true,"href":"https:\/\/apuntesdesanluis.com\/index.php\/wp-json\/wp\/v2\/users\/1"}],"replies":[{"embeddable":true,"href":"https:\/\/apuntesdesanluis.com\/index.php\/wp-json\/wp\/v2\/comments?post=24085"}],"version-history":[{"count":2,"href":"https:\/\/apuntesdesanluis.com\/index.php\/wp-json\/wp\/v2\/posts\/24085\/revisions"}],"predecessor-version":[{"id":24089,"href":"https:\/\/apuntesdesanluis.com\/index.php\/wp-json\/wp\/v2\/posts\/24085\/revisions\/24089"}],"wp:featuredmedia":[{"embeddable":true,"href":"https:\/\/apuntesdesanluis.com\/index.php\/wp-json\/wp\/v2\/media\/24086"}],"wp:attachment":[{"href":"https:\/\/apuntesdesanluis.com\/index.php\/wp-json\/wp\/v2\/media?parent=24085"}],"wp:term":[{"taxonomy":"category","embeddable":true,"href":"https:\/\/apuntesdesanluis.com\/index.php\/wp-json\/wp\/v2\/categories?post=24085"},{"taxonomy":"post_tag","embeddable":true,"href":"https:\/\/apuntesdesanluis.com\/index.php\/wp-json\/wp\/v2\/tags?post=24085"}],"curies":[{"name":"wp","href":"https:\/\/api.w.org\/{rel}","templated":true}]}}