{"id":24090,"date":"2024-10-20T09:02:15","date_gmt":"2024-10-20T12:02:15","guid":{"rendered":"https:\/\/apuntesdesanluis.com\/?p=24090"},"modified":"2024-10-20T09:02:15","modified_gmt":"2024-10-20T12:02:15","slug":"la-unvime-renovo-la-acreditacion-oficial-de-la-carrera-de-enfermeria","status":"publish","type":"post","link":"https:\/\/apuntesdesanluis.com\/index.php\/2024\/10\/20\/la-unvime-renovo-la-acreditacion-oficial-de-la-carrera-de-enfermeria\/","title":{"rendered":"LA UNVIME RENOV\u00d3 LA ACREDITACI\u00d3N OFICIAL DE LA CARRERA DE ENFERMER\u00cdA"},"content":{"rendered":"<h3>El Dr. Marcelo Sosa comunic\u00f3 con \u201corgullo y satisfacci\u00f3n la noticia\u201d que recibi\u00f3 la instituci\u00f3n por parte de la Comisi\u00f3n Nacional de Evaluaci\u00f3n y Acreditaci\u00f3n Universitaria (CONEAU).<\/h3>\n<h3>Este viernes el rector se reuni\u00f3 con la Directora de Escuela de Ciencias de la Salud, Paola Mu\u00f1oz; el secretario Acad\u00e9mico Enrique Chiesa; el Secretario General Santiago Tell; la Coordinadora de Enfermer\u00eda, Susana Elcontar, y la profesora Celva \u00c1vila.<\/h3>\n<p><img fetchpriority=\"high\" decoding=\"async\" class=\"wp-image-24092 aligncenter\" src=\"https:\/\/apuntesdesanluis.com\/wp-content\/uploads\/2024\/10\/sosa-varios-300x171.png\" alt=\"\" width=\"605\" height=\"345\" srcset=\"https:\/\/apuntesdesanluis.com\/wp-content\/uploads\/2024\/10\/sosa-varios-300x171.png 300w, https:\/\/apuntesdesanluis.com\/wp-content\/uploads\/2024\/10\/sosa-varios-1024x585.png 1024w, https:\/\/apuntesdesanluis.com\/wp-content\/uploads\/2024\/10\/sosa-varios-768x439.png 768w, https:\/\/apuntesdesanluis.com\/wp-content\/uploads\/2024\/10\/sosa-varios.png 1028w\" sizes=\"(max-width: 605px) 100vw, 605px\" \/><\/p>\n<h3>En la oportunidad les transmiti\u00f3 su felicitaci\u00f3n por \u201cel trabajo realizado durante todo el a\u00f1o, que permite alcanzar este importante reconocimiento, cumpliendo con los m\u00e1ximos est\u00e1ndares exigidos por la CONEAU a las carreras que dictan las universidades\u201d.<\/h3>\n<h3>\u201cLa extensi\u00f3n de la acreditaci\u00f3n de Enfermer\u00eda constituye un orgullo para la UNViMe y es uno de los ejes que nos planteamos como entidad educadora: aspirar a la excelencia educativa, para formar de la mejor manera a los futuros profesionales. Mucho m\u00e1s en carreras como \u00e9sta, que son estrat\u00e9gicas para nuestro pa\u00eds, como lo son Medicina, Bioingenier\u00eda, Obstetricia, Kinesiolog\u00eda, de la Escuela de Ciencias de la Salud, y el resto de propuestas de las otras escuelas\u201d, sostuvo.<\/h3>\n<h3>Tambi\u00e9n puso de relieve que esta acreditaci\u00f3n a Enfermer\u00eda representa una tranquilidad para los estudiantes, \u201cno s\u00f3lo por la certeza de contar con la mejor educaci\u00f3n, sino tambi\u00e9n por el aval y reconocimiento que significa para el t\u00edtulo oficial para recibir\u00e1n al momento de egresar\u201d.<\/h3>\n<h3>El rector se\u00f1al\u00f3 asimismo que \u00abesta resoluci\u00f3n por parte de una de las instituciones evaluadoras m\u00e1s importantes del mundo, como es la CONEAU, nos reconforta porque constituye un respaldo acad\u00e9mico hacia la universidad p\u00fablica que se sostiene por el aporte del pueblo argentino y por la que tanto luch\u00f3 la comunidad de Villa Mercedes\u00bb.<\/h3>\n<p><img decoding=\"async\" class=\"wp-image-24093 aligncenter\" src=\"https:\/\/apuntesdesanluis.com\/wp-content\/uploads\/2024\/10\/dr-sosa-presentacion-300x201.png\" alt=\"\" width=\"666\" height=\"446\" srcset=\"https:\/\/apuntesdesanluis.com\/wp-content\/uploads\/2024\/10\/dr-sosa-presentacion-300x201.png 300w, https:\/\/apuntesdesanluis.com\/wp-content\/uploads\/2024\/10\/dr-sosa-presentacion-1024x685.png 1024w, https:\/\/apuntesdesanluis.com\/wp-content\/uploads\/2024\/10\/dr-sosa-presentacion-768x514.png 768w, https:\/\/apuntesdesanluis.com\/wp-content\/uploads\/2024\/10\/dr-sosa-presentacion.png 1078w\" sizes=\"(max-width: 666px) 100vw, 666px\" \/><\/p>\n<h3>Tras la reuni\u00f3n, el Dr. Sosa recorri\u00f3 convoc\u00f3 a los trabajadores NoDocentes para transmitirles personalmente la buena noticia, y agradecerles la tarea realizada por cada uno desde sus funciones, \u201ctrabajando en equipo, para hacer posible este logro que nos llena de alegr\u00eda, porque significa que estamos haciendo bien las cosas por nuestra universidad y fundamentalmente por nuestros estudiantes. Este es un logro de todos, de los funcionarios que han trabajado \u00e1rduamente, la coordinaci\u00f3n de carrera, los docentes, los estudiantes y tambi\u00e9n de los trabajadores NoDocentes, que son un pilar fundamental de la instituci\u00f3n\u00bb, concluy\u00f3.<\/h3>\n<h3>Ver <span style=\"color: #3366ff;\"><a style=\"color: #3366ff;\" href=\"https:\/\/www.unvime.edu.ar\/wp-content\/uploads\/2024\/10\/acreditacion-enfermeria.pdf\" target=\"_blank\" rel=\"noopener\"><strong>RESOLUCI\u00d3N DE CONEAU<\/strong><\/a><\/span><\/h3>\n<h3><strong>DETALLES<\/strong><\/h3>\n<h3>La ACREDITACI\u00d3N es el proceso que apunta a garantizar la excelencia de una instituci\u00f3n o de un programa educativo, ya que supone una evaluaci\u00f3n basada en est\u00e1ndares y criterios de calidad establecidos previamente por una agencia u organismo acreditador.<\/h3>\n<h3>En nuestro pa\u00eds, quien se encarga de la evaluaci\u00f3n de las universidades p\u00fablicas y privadas, de la acreditaci\u00f3n de sus respectivas carreras de grado y posgrado, y de la homologaci\u00f3n de los T\u00edtulos correspondientes, es la Comisi\u00f3n Nacional de Evaluaci\u00f3n y Acreditaci\u00f3n Universitaria. La CONEAU es un organismo p\u00fablico y descentralizado, que depende de la Secretar\u00eda de Pol\u00edticas Universitarias del Ministerio de Educaci\u00f3n, Ciencia y Tecnolog\u00eda.<\/h3>\n<h3>\u00bfPor qu\u00e9 es importante este proceso de ACREDITACI\u00d3N?<\/h3>\n<h3>Las universidades y carreras que preparan para profesiones cuyo ejercicio puede poner en riesgo de modo directo la salud, la seguridad, los derechos, los bienes o la formaci\u00f3n de los habitantes de nuestro pa\u00eds, deben ser acreditadas de acuerdo a est\u00e1ndares fijados por el Ministerio de Educaci\u00f3n y el Consejo de Universidades. Esta es la forma en que el Estado asegura a los ciudadanos que tendr\u00e1 a disposici\u00f3n profesionales con los saberes y competencias requeridos. La Acreditaci\u00f3n constituye una condici\u00f3n necesaria para el reconocimiento oficial y consecuente validez nacional del t\u00edtulo por parte del Ministerio de Educaci\u00f3n, Ciencia y Tecnolog\u00eda.<\/h3>\n<h3>Prensa institucional dialog\u00f3 con el Rector Marcelo Sosa, la Directora de la Escuela de Ciencias de la Salud, Paola Mu\u00f1oz, y la Cordinadora de Enfermer\u00eda, Susana Elcontar, sobre este importante reconocimiento para nuestra universidad.<\/h3>\n<h3><\/h3>\n<h3><\/h3>\n<p>&nbsp;<\/p>\n<h3><\/h3>\n","protected":false},"excerpt":{"rendered":"<p>El Dr. Marcelo Sosa comunic\u00f3 con \u201corgullo y satisfacci\u00f3n la noticia\u201d que recibi\u00f3 la instituci\u00f3n&#8230;<\/p>\n","protected":false},"author":1,"featured_media":24091,"comment_status":"closed","ping_status":"closed","sticky":false,"template":"","format":"standard","meta":{"footnotes":""},"categories":[6],"tags":[],"class_list":["post-24090","post","type-post","status-publish","format-standard","has-post-thumbnail","hentry","category-ciudad-provincia"],"yoast_head":"<!-- This site is optimized with the Yoast SEO plugin v26.1.1 - https:\/\/yoast.com\/wordpress\/plugins\/seo\/ -->\n<title>LA UNVIME RENOV\u00d3 LA ACREDITACI\u00d3N OFICIAL DE LA CARRERA DE ENFERMER\u00cdA - Apuntes de San Luis<\/title>\n<meta name=\"robots\" content=\"index, follow, max-snippet:-1, max-image-preview:large, max-video-preview:-1\" \/>\n<link rel=\"canonical\" href=\"https:\/\/apuntesdesanluis.com\/index.php\/2024\/10\/20\/la-unvime-renovo-la-acreditacion-oficial-de-la-carrera-de-enfermeria\/\" \/>\n<meta property=\"og:locale\" content=\"es_ES\" \/>\n<meta property=\"og:type\" content=\"article\" \/>\n<meta property=\"og:title\" content=\"LA UNVIME RENOV\u00d3 LA ACREDITACI\u00d3N OFICIAL DE LA CARRERA DE ENFERMER\u00cdA - Apuntes de San Luis\" \/>\n<meta property=\"og:description\" content=\"El Dr. Marcelo Sosa comunic\u00f3 con \u201corgullo y satisfacci\u00f3n la noticia\u201d que recibi\u00f3 la instituci\u00f3n...\" \/>\n<meta property=\"og:url\" content=\"https:\/\/apuntesdesanluis.com\/index.php\/2024\/10\/20\/la-unvime-renovo-la-acreditacion-oficial-de-la-carrera-de-enfermeria\/\" \/>\n<meta property=\"og:site_name\" content=\"Apuntes de San Luis\" \/>\n<meta property=\"article:published_time\" content=\"2024-10-20T12:02:15+00:00\" \/>\n<meta property=\"og:image\" content=\"https:\/\/apuntesdesanluis.com\/wp-content\/uploads\/2024\/10\/dr.-sosa.png\" \/>\n\t<meta property=\"og:image:width\" content=\"800\" \/>\n\t<meta property=\"og:image:height\" content=\"492\" \/>\n\t<meta property=\"og:image:type\" content=\"image\/png\" \/>\n<meta name=\"author\" content=\"apuntesdesanluis.com\" \/>\n<meta name=\"twitter:card\" content=\"summary_large_image\" \/>\n<meta name=\"twitter:label1\" content=\"Escrito por\" \/>\n\t<meta name=\"twitter:data1\" content=\"apuntesdesanluis.com\" \/>\n\t<meta name=\"twitter:label2\" content=\"Tiempo de lectura\" \/>\n\t<meta name=\"twitter:data2\" content=\"4 minutos\" \/>\n<script type=\"application\/ld+json\" class=\"yoast-schema-graph\">{\"@context\":\"https:\/\/schema.org\",\"@graph\":[{\"@type\":\"Article\",\"@id\":\"https:\/\/apuntesdesanluis.com\/index.php\/2024\/10\/20\/la-unvime-renovo-la-acreditacion-oficial-de-la-carrera-de-enfermeria\/#article\",\"isPartOf\":{\"@id\":\"https:\/\/apuntesdesanluis.com\/index.php\/2024\/10\/20\/la-unvime-renovo-la-acreditacion-oficial-de-la-carrera-de-enfermeria\/\"},\"author\":{\"name\":\"apuntesdesanluis.com\",\"@id\":\"https:\/\/apuntesdesanluis.com\/#\/schema\/person\/b55151d52296fcce64d1a72538a70b90\"},\"headline\":\"LA UNVIME RENOV\u00d3 LA ACREDITACI\u00d3N OFICIAL DE LA CARRERA DE ENFERMER\u00cdA\",\"datePublished\":\"2024-10-20T12:02:15+00:00\",\"mainEntityOfPage\":{\"@id\":\"https:\/\/apuntesdesanluis.com\/index.php\/2024\/10\/20\/la-unvime-renovo-la-acreditacion-oficial-de-la-carrera-de-enfermeria\/\"},\"wordCount\":709,\"publisher\":{\"@id\":\"https:\/\/apuntesdesanluis.com\/#\/schema\/person\/b55151d52296fcce64d1a72538a70b90\"},\"image\":{\"@id\":\"https:\/\/apuntesdesanluis.com\/index.php\/2024\/10\/20\/la-unvime-renovo-la-acreditacion-oficial-de-la-carrera-de-enfermeria\/#primaryimage\"},\"thumbnailUrl\":\"https:\/\/apuntesdesanluis.com\/wp-content\/uploads\/2024\/10\/dr.-sosa.png\",\"articleSection\":[\"Ciudad\/Provincia\"],\"inLanguage\":\"es-AR\"},{\"@type\":\"WebPage\",\"@id\":\"https:\/\/apuntesdesanluis.com\/index.php\/2024\/10\/20\/la-unvime-renovo-la-acreditacion-oficial-de-la-carrera-de-enfermeria\/\",\"url\":\"https:\/\/apuntesdesanluis.com\/index.php\/2024\/10\/20\/la-unvime-renovo-la-acreditacion-oficial-de-la-carrera-de-enfermeria\/\",\"name\":\"LA UNVIME RENOV\u00d3 LA ACREDITACI\u00d3N OFICIAL DE LA CARRERA DE ENFERMER\u00cdA - Apuntes de San Luis\",\"isPartOf\":{\"@id\":\"https:\/\/apuntesdesanluis.com\/#website\"},\"primaryImageOfPage\":{\"@id\":\"https:\/\/apuntesdesanluis.com\/index.php\/2024\/10\/20\/la-unvime-renovo-la-acreditacion-oficial-de-la-carrera-de-enfermeria\/#primaryimage\"},\"image\":{\"@id\":\"https:\/\/apuntesdesanluis.com\/index.php\/2024\/10\/20\/la-unvime-renovo-la-acreditacion-oficial-de-la-carrera-de-enfermeria\/#primaryimage\"},\"thumbnailUrl\":\"https:\/\/apuntesdesanluis.com\/wp-content\/uploads\/2024\/10\/dr.-sosa.png\",\"datePublished\":\"2024-10-20T12:02:15+00:00\",\"breadcrumb\":{\"@id\":\"https:\/\/apuntesdesanluis.com\/index.php\/2024\/10\/20\/la-unvime-renovo-la-acreditacion-oficial-de-la-carrera-de-enfermeria\/#breadcrumb\"},\"inLanguage\":\"es-AR\",\"potentialAction\":[{\"@type\":\"ReadAction\",\"target\":[\"https:\/\/apuntesdesanluis.com\/index.php\/2024\/10\/20\/la-unvime-renovo-la-acreditacion-oficial-de-la-carrera-de-enfermeria\/\"]}]},{\"@type\":\"ImageObject\",\"inLanguage\":\"es-AR\",\"@id\":\"https:\/\/apuntesdesanluis.com\/index.php\/2024\/10\/20\/la-unvime-renovo-la-acreditacion-oficial-de-la-carrera-de-enfermeria\/#primaryimage\",\"url\":\"https:\/\/apuntesdesanluis.com\/wp-content\/uploads\/2024\/10\/dr.-sosa.png\",\"contentUrl\":\"https:\/\/apuntesdesanluis.com\/wp-content\/uploads\/2024\/10\/dr.-sosa.png\",\"width\":800,\"height\":492},{\"@type\":\"BreadcrumbList\",\"@id\":\"https:\/\/apuntesdesanluis.com\/index.php\/2024\/10\/20\/la-unvime-renovo-la-acreditacion-oficial-de-la-carrera-de-enfermeria\/#breadcrumb\",\"itemListElement\":[{\"@type\":\"ListItem\",\"position\":1,\"name\":\"Inicio\",\"item\":\"https:\/\/apuntesdesanluis.com\/\"},{\"@type\":\"ListItem\",\"position\":2,\"name\":\"LA UNVIME RENOV\u00d3 LA ACREDITACI\u00d3N OFICIAL DE LA CARRERA DE ENFERMER\u00cdA\"}]},{\"@type\":\"WebSite\",\"@id\":\"https:\/\/apuntesdesanluis.com\/#website\",\"url\":\"https:\/\/apuntesdesanluis.com\/\",\"name\":\"Apuntes de San Luis\",\"description\":\"\",\"publisher\":{\"@id\":\"https:\/\/apuntesdesanluis.com\/#\/schema\/person\/b55151d52296fcce64d1a72538a70b90\"},\"potentialAction\":[{\"@type\":\"SearchAction\",\"target\":{\"@type\":\"EntryPoint\",\"urlTemplate\":\"https:\/\/apuntesdesanluis.com\/?s={search_term_string}\"},\"query-input\":{\"@type\":\"PropertyValueSpecification\",\"valueRequired\":true,\"valueName\":\"search_term_string\"}}],\"inLanguage\":\"es-AR\"},{\"@type\":[\"Person\",\"Organization\"],\"@id\":\"https:\/\/apuntesdesanluis.com\/#\/schema\/person\/b55151d52296fcce64d1a72538a70b90\",\"name\":\"apuntesdesanluis.com\",\"image\":{\"@type\":\"ImageObject\",\"inLanguage\":\"es-AR\",\"@id\":\"https:\/\/apuntesdesanluis.com\/#\/schema\/person\/image\/\",\"url\":\"https:\/\/apuntesdesanluis.com\/wp-content\/uploads\/2023\/07\/cropped-apuntesdesanluis.png\",\"contentUrl\":\"https:\/\/apuntesdesanluis.com\/wp-content\/uploads\/2023\/07\/cropped-apuntesdesanluis.png\",\"width\":450,\"height\":112,\"caption\":\"apuntesdesanluis.com\"},\"logo\":{\"@id\":\"https:\/\/apuntesdesanluis.com\/#\/schema\/person\/image\/\"},\"sameAs\":[\"https:\/\/apuntesdesanluis.com\"],\"url\":\"https:\/\/apuntesdesanluis.com\/index.php\/author\/apuntesdesanluis-com\/\"}]}<\/script>\n<!-- \/ Yoast SEO plugin. -->","yoast_head_json":{"title":"LA UNVIME RENOV\u00d3 LA ACREDITACI\u00d3N OFICIAL DE LA CARRERA DE ENFERMER\u00cdA - Apuntes de San Luis","robots":{"index":"index","follow":"follow","max-snippet":"max-snippet:-1","max-image-preview":"max-image-preview:large","max-video-preview":"max-video-preview:-1"},"canonical":"https:\/\/apuntesdesanluis.com\/index.php\/2024\/10\/20\/la-unvime-renovo-la-acreditacion-oficial-de-la-carrera-de-enfermeria\/","og_locale":"es_ES","og_type":"article","og_title":"LA UNVIME RENOV\u00d3 LA ACREDITACI\u00d3N OFICIAL DE LA CARRERA DE ENFERMER\u00cdA - Apuntes de San Luis","og_description":"El Dr. Marcelo Sosa comunic\u00f3 con \u201corgullo y satisfacci\u00f3n la noticia\u201d que recibi\u00f3 la instituci\u00f3n...","og_url":"https:\/\/apuntesdesanluis.com\/index.php\/2024\/10\/20\/la-unvime-renovo-la-acreditacion-oficial-de-la-carrera-de-enfermeria\/","og_site_name":"Apuntes de San Luis","article_published_time":"2024-10-20T12:02:15+00:00","og_image":[{"width":800,"height":492,"url":"https:\/\/apuntesdesanluis.com\/wp-content\/uploads\/2024\/10\/dr.-sosa.png","type":"image\/png"}],"author":"apuntesdesanluis.com","twitter_card":"summary_large_image","twitter_misc":{"Escrito por":"apuntesdesanluis.com","Tiempo de lectura":"4 minutos"},"schema":{"@context":"https:\/\/schema.org","@graph":[{"@type":"Article","@id":"https:\/\/apuntesdesanluis.com\/index.php\/2024\/10\/20\/la-unvime-renovo-la-acreditacion-oficial-de-la-carrera-de-enfermeria\/#article","isPartOf":{"@id":"https:\/\/apuntesdesanluis.com\/index.php\/2024\/10\/20\/la-unvime-renovo-la-acreditacion-oficial-de-la-carrera-de-enfermeria\/"},"author":{"name":"apuntesdesanluis.com","@id":"https:\/\/apuntesdesanluis.com\/#\/schema\/person\/b55151d52296fcce64d1a72538a70b90"},"headline":"LA UNVIME RENOV\u00d3 LA ACREDITACI\u00d3N OFICIAL DE LA CARRERA DE ENFERMER\u00cdA","datePublished":"2024-10-20T12:02:15+00:00","mainEntityOfPage":{"@id":"https:\/\/apuntesdesanluis.com\/index.php\/2024\/10\/20\/la-unvime-renovo-la-acreditacion-oficial-de-la-carrera-de-enfermeria\/"},"wordCount":709,"publisher":{"@id":"https:\/\/apuntesdesanluis.com\/#\/schema\/person\/b55151d52296fcce64d1a72538a70b90"},"image":{"@id":"https:\/\/apuntesdesanluis.com\/index.php\/2024\/10\/20\/la-unvime-renovo-la-acreditacion-oficial-de-la-carrera-de-enfermeria\/#primaryimage"},"thumbnailUrl":"https:\/\/apuntesdesanluis.com\/wp-content\/uploads\/2024\/10\/dr.-sosa.png","articleSection":["Ciudad\/Provincia"],"inLanguage":"es-AR"},{"@type":"WebPage","@id":"https:\/\/apuntesdesanluis.com\/index.php\/2024\/10\/20\/la-unvime-renovo-la-acreditacion-oficial-de-la-carrera-de-enfermeria\/","url":"https:\/\/apuntesdesanluis.com\/index.php\/2024\/10\/20\/la-unvime-renovo-la-acreditacion-oficial-de-la-carrera-de-enfermeria\/","name":"LA UNVIME RENOV\u00d3 LA ACREDITACI\u00d3N OFICIAL DE LA CARRERA DE ENFERMER\u00cdA - Apuntes de San Luis","isPartOf":{"@id":"https:\/\/apuntesdesanluis.com\/#website"},"primaryImageOfPage":{"@id":"https:\/\/apuntesdesanluis.com\/index.php\/2024\/10\/20\/la-unvime-renovo-la-acreditacion-oficial-de-la-carrera-de-enfermeria\/#primaryimage"},"image":{"@id":"https:\/\/apuntesdesanluis.com\/index.php\/2024\/10\/20\/la-unvime-renovo-la-acreditacion-oficial-de-la-carrera-de-enfermeria\/#primaryimage"},"thumbnailUrl":"https:\/\/apuntesdesanluis.com\/wp-content\/uploads\/2024\/10\/dr.-sosa.png","datePublished":"2024-10-20T12:02:15+00:00","breadcrumb":{"@id":"https:\/\/apuntesdesanluis.com\/index.php\/2024\/10\/20\/la-unvime-renovo-la-acreditacion-oficial-de-la-carrera-de-enfermeria\/#breadcrumb"},"inLanguage":"es-AR","potentialAction":[{"@type":"ReadAction","target":["https:\/\/apuntesdesanluis.com\/index.php\/2024\/10\/20\/la-unvime-renovo-la-acreditacion-oficial-de-la-carrera-de-enfermeria\/"]}]},{"@type":"ImageObject","inLanguage":"es-AR","@id":"https:\/\/apuntesdesanluis.com\/index.php\/2024\/10\/20\/la-unvime-renovo-la-acreditacion-oficial-de-la-carrera-de-enfermeria\/#primaryimage","url":"https:\/\/apuntesdesanluis.com\/wp-content\/uploads\/2024\/10\/dr.-sosa.png","contentUrl":"https:\/\/apuntesdesanluis.com\/wp-content\/uploads\/2024\/10\/dr.-sosa.png","width":800,"height":492},{"@type":"BreadcrumbList","@id":"https:\/\/apuntesdesanluis.com\/index.php\/2024\/10\/20\/la-unvime-renovo-la-acreditacion-oficial-de-la-carrera-de-enfermeria\/#breadcrumb","itemListElement":[{"@type":"ListItem","position":1,"name":"Inicio","item":"https:\/\/apuntesdesanluis.com\/"},{"@type":"ListItem","position":2,"name":"LA UNVIME RENOV\u00d3 LA ACREDITACI\u00d3N OFICIAL DE LA CARRERA DE ENFERMER\u00cdA"}]},{"@type":"WebSite","@id":"https:\/\/apuntesdesanluis.com\/#website","url":"https:\/\/apuntesdesanluis.com\/","name":"Apuntes de San Luis","description":"","publisher":{"@id":"https:\/\/apuntesdesanluis.com\/#\/schema\/person\/b55151d52296fcce64d1a72538a70b90"},"potentialAction":[{"@type":"SearchAction","target":{"@type":"EntryPoint","urlTemplate":"https:\/\/apuntesdesanluis.com\/?s={search_term_string}"},"query-input":{"@type":"PropertyValueSpecification","valueRequired":true,"valueName":"search_term_string"}}],"inLanguage":"es-AR"},{"@type":["Person","Organization"],"@id":"https:\/\/apuntesdesanluis.com\/#\/schema\/person\/b55151d52296fcce64d1a72538a70b90","name":"apuntesdesanluis.com","image":{"@type":"ImageObject","inLanguage":"es-AR","@id":"https:\/\/apuntesdesanluis.com\/#\/schema\/person\/image\/","url":"https:\/\/apuntesdesanluis.com\/wp-content\/uploads\/2023\/07\/cropped-apuntesdesanluis.png","contentUrl":"https:\/\/apuntesdesanluis.com\/wp-content\/uploads\/2023\/07\/cropped-apuntesdesanluis.png","width":450,"height":112,"caption":"apuntesdesanluis.com"},"logo":{"@id":"https:\/\/apuntesdesanluis.com\/#\/schema\/person\/image\/"},"sameAs":["https:\/\/apuntesdesanluis.com"],"url":"https:\/\/apuntesdesanluis.com\/index.php\/author\/apuntesdesanluis-com\/"}]}},"featured_image_urls":{"full":["https:\/\/apuntesdesanluis.com\/wp-content\/uploads\/2024\/10\/dr.-sosa.png",800,492,false],"thumbnail":["https:\/\/apuntesdesanluis.com\/wp-content\/uploads\/2024\/10\/dr.-sosa-150x150.png",150,150,true],"medium":["https:\/\/apuntesdesanluis.com\/wp-content\/uploads\/2024\/10\/dr.-sosa-300x185.png",300,185,true],"medium_large":["https:\/\/apuntesdesanluis.com\/wp-content\/uploads\/2024\/10\/dr.-sosa-768x472.png",640,393,true],"large":["https:\/\/apuntesdesanluis.com\/wp-content\/uploads\/2024\/10\/dr.-sosa.png",640,394,false],"1536x1536":["https:\/\/apuntesdesanluis.com\/wp-content\/uploads\/2024\/10\/dr.-sosa.png",800,492,false],"2048x2048":["https:\/\/apuntesdesanluis.com\/wp-content\/uploads\/2024\/10\/dr.-sosa.png",800,492,false],"newsever-slider-full":["https:\/\/apuntesdesanluis.com\/wp-content\/uploads\/2024\/10\/dr.-sosa.png",800,492,false],"newsever-featured":["https:\/\/apuntesdesanluis.com\/wp-content\/uploads\/2024\/10\/dr.-sosa.png",800,492,false],"newsever-medium":["https:\/\/apuntesdesanluis.com\/wp-content\/uploads\/2024\/10\/dr.-sosa-720x475.png",720,475,true]},"author_info":{"display_name":"apuntesdesanluis.com","author_link":"https:\/\/apuntesdesanluis.com\/index.php\/author\/apuntesdesanluis-com\/"},"category_info":"<a href=\"https:\/\/apuntesdesanluis.com\/index.php\/category\/ciudad-provincia\/\" rel=\"category tag\">Ciudad\/Provincia<\/a>","tag_info":"Ciudad\/Provincia","comment_count":"0","_links":{"self":[{"href":"https:\/\/apuntesdesanluis.com\/index.php\/wp-json\/wp\/v2\/posts\/24090","targetHints":{"allow":["GET"]}}],"collection":[{"href":"https:\/\/apuntesdesanluis.com\/index.php\/wp-json\/wp\/v2\/posts"}],"about":[{"href":"https:\/\/apuntesdesanluis.com\/index.php\/wp-json\/wp\/v2\/types\/post"}],"author":[{"embeddable":true,"href":"https:\/\/apuntesdesanluis.com\/index.php\/wp-json\/wp\/v2\/users\/1"}],"replies":[{"embeddable":true,"href":"https:\/\/apuntesdesanluis.com\/index.php\/wp-json\/wp\/v2\/comments?post=24090"}],"version-history":[{"count":1,"href":"https:\/\/apuntesdesanluis.com\/index.php\/wp-json\/wp\/v2\/posts\/24090\/revisions"}],"predecessor-version":[{"id":24094,"href":"https:\/\/apuntesdesanluis.com\/index.php\/wp-json\/wp\/v2\/posts\/24090\/revisions\/24094"}],"wp:featuredmedia":[{"embeddable":true,"href":"https:\/\/apuntesdesanluis.com\/index.php\/wp-json\/wp\/v2\/media\/24091"}],"wp:attachment":[{"href":"https:\/\/apuntesdesanluis.com\/index.php\/wp-json\/wp\/v2\/media?parent=24090"}],"wp:term":[{"taxonomy":"category","embeddable":true,"href":"https:\/\/apuntesdesanluis.com\/index.php\/wp-json\/wp\/v2\/categories?post=24090"},{"taxonomy":"post_tag","embeddable":true,"href":"https:\/\/apuntesdesanluis.com\/index.php\/wp-json\/wp\/v2\/tags?post=24090"}],"curies":[{"name":"wp","href":"https:\/\/api.w.org\/{rel}","templated":true}]}}