{"id":24103,"date":"2024-10-20T19:41:19","date_gmt":"2024-10-20T22:41:19","guid":{"rendered":"https:\/\/apuntesdesanluis.com\/?p=24103"},"modified":"2024-10-20T19:41:19","modified_gmt":"2024-10-20T22:41:19","slug":"villa-mercedes-chocaron-tres-autos-y-luego-impactaron-a-otros-tres","status":"publish","type":"post","link":"https:\/\/apuntesdesanluis.com\/index.php\/2024\/10\/20\/villa-mercedes-chocaron-tres-autos-y-luego-impactaron-a-otros-tres\/","title":{"rendered":"VILLA MERCEDES: CHOCARON TRES AUTOS Y LUEGO IMPACTARON A OTROS TRES"},"content":{"rendered":"<h3>El alcohol sumado a la imprudencia nuevamente habr\u00eda sido el causante de un tremendo accidente ocurrido en la madrugada de este domingo, alrededor de las 5:30, y que involucr\u00f3 a media docena de veh\u00edculos. Seg\u00fan una versi\u00f3n, corr\u00edan picadas.<\/h3>\n<h3>De acuerdo a las averiguaciones policiales, un auto Volkswagen Take Up (conducido por una joven de 18 a\u00f1os); un Volkswagen Senda (conducido por un joven de 19 a\u00f1os, quien iba junto a dos j\u00f3venes de 20 y 21 a\u00f1os); y un Volkswagen Bora (conducido por un hombre de 63 a\u00f1os), chocaron en la esquina de avenida Bartolom\u00e9 Mitre y calle San Juan.<\/h3>\n<p><img fetchpriority=\"high\" decoding=\"async\" class=\"wp-image-24105 aligncenter\" src=\"https:\/\/apuntesdesanluis.com\/wp-content\/uploads\/2024\/10\/b405815d-3c90-45c3-a0b4-9eaa5a2791c1-300x204.jpg\" alt=\"\" width=\"579\" height=\"394\" srcset=\"https:\/\/apuntesdesanluis.com\/wp-content\/uploads\/2024\/10\/b405815d-3c90-45c3-a0b4-9eaa5a2791c1-300x204.jpg 300w, https:\/\/apuntesdesanluis.com\/wp-content\/uploads\/2024\/10\/b405815d-3c90-45c3-a0b4-9eaa5a2791c1-1024x696.jpg 1024w, https:\/\/apuntesdesanluis.com\/wp-content\/uploads\/2024\/10\/b405815d-3c90-45c3-a0b4-9eaa5a2791c1-768x522.jpg 768w, https:\/\/apuntesdesanluis.com\/wp-content\/uploads\/2024\/10\/b405815d-3c90-45c3-a0b4-9eaa5a2791c1.jpg 1280w\" sizes=\"(max-width: 579px) 100vw, 579px\" \/><\/p>\n<h3>Los dos Volkswagen circulaban de norte a sur por avenida Bartolom\u00e9 Mitre, mientras que el Volkswagen Bora circulaba de oeste a este por calle San Juan.<\/h3>\n<p><img decoding=\"async\" class=\"wp-image-24106 aligncenter\" src=\"https:\/\/apuntesdesanluis.com\/wp-content\/uploads\/2024\/10\/b9eea74c-5d8a-4b32-b78b-f4c17a7a13ea-300x225.jpg\" alt=\"\" width=\"608\" height=\"456\" srcset=\"https:\/\/apuntesdesanluis.com\/wp-content\/uploads\/2024\/10\/b9eea74c-5d8a-4b32-b78b-f4c17a7a13ea-300x225.jpg 300w, https:\/\/apuntesdesanluis.com\/wp-content\/uploads\/2024\/10\/b9eea74c-5d8a-4b32-b78b-f4c17a7a13ea-1024x768.jpg 1024w, https:\/\/apuntesdesanluis.com\/wp-content\/uploads\/2024\/10\/b9eea74c-5d8a-4b32-b78b-f4c17a7a13ea-768x576.jpg 768w, https:\/\/apuntesdesanluis.com\/wp-content\/uploads\/2024\/10\/b9eea74c-5d8a-4b32-b78b-f4c17a7a13ea.jpg 1280w\" sizes=\"(max-width: 608px) 100vw, 608px\" \/><\/p>\n<h3>Tras el impacto entre esos tres autos, los conductores perdieron el control de los veh\u00edculos e impactaron a otros tres autom\u00f3viles (un Ford Sierra, un Chevrolet Meriva y un Fiat Palio) que estaban estacionados sobre ambos laterales de avenida Bartolom\u00e9 Mitre y tambi\u00e9n contra un poste de alumbrado p\u00fablico.<\/h3>\n<p><img decoding=\"async\" class=\"wp-image-24107 aligncenter\" src=\"https:\/\/apuntesdesanluis.com\/wp-content\/uploads\/2024\/10\/6e3b9a34-864d-4c99-b1d3-a3244bd85d47-300x202.jpg\" alt=\"\" width=\"609\" height=\"410\" srcset=\"https:\/\/apuntesdesanluis.com\/wp-content\/uploads\/2024\/10\/6e3b9a34-864d-4c99-b1d3-a3244bd85d47-300x202.jpg 300w, https:\/\/apuntesdesanluis.com\/wp-content\/uploads\/2024\/10\/6e3b9a34-864d-4c99-b1d3-a3244bd85d47-1024x689.jpg 1024w, https:\/\/apuntesdesanluis.com\/wp-content\/uploads\/2024\/10\/6e3b9a34-864d-4c99-b1d3-a3244bd85d47-768x517.jpg 768w, https:\/\/apuntesdesanluis.com\/wp-content\/uploads\/2024\/10\/6e3b9a34-864d-4c99-b1d3-a3244bd85d47.jpg 1280w\" sizes=\"(max-width: 609px) 100vw, 609px\" \/><\/p>\n<h3>Al lugar acudi\u00f3 personal de Salud en ambulancias del Sempro, quienes trasladaron a los j\u00f3venes hacia el Policl\u00ednico Regional y al Sanatorio de La Merced.<\/h3>\n<p><img loading=\"lazy\" decoding=\"async\" class=\"wp-image-24108 aligncenter\" src=\"https:\/\/apuntesdesanluis.com\/wp-content\/uploads\/2024\/10\/8c8df337-43a1-41b5-a424-6ff2541be07e-300x212.jpg\" alt=\"\" width=\"607\" height=\"429\" srcset=\"https:\/\/apuntesdesanluis.com\/wp-content\/uploads\/2024\/10\/8c8df337-43a1-41b5-a424-6ff2541be07e-300x212.jpg 300w, https:\/\/apuntesdesanluis.com\/wp-content\/uploads\/2024\/10\/8c8df337-43a1-41b5-a424-6ff2541be07e-768x543.jpg 768w, https:\/\/apuntesdesanluis.com\/wp-content\/uploads\/2024\/10\/8c8df337-43a1-41b5-a424-6ff2541be07e.jpg 947w\" sizes=\"(max-width: 607px) 100vw, 607px\" \/><\/p>\n<h3>Asimismo, se les realiz\u00f3 el alcotest a los tres conductores, arrojando resultado positivo de 1,23 gr\/lts de alcohol en sangre para el hombre de 63 a\u00f1os que conduc\u00eda el Volkswagen Bora; resultado positivo de 0,42 gr\/lts de alcohol en sangre para la joven de 18 a\u00f1os que conduc\u00eda el Volkswagen Take Up; y resultado negativo para el joven de 19 a\u00f1os que conduc\u00eda el Volkswagen Senda.<\/h3>\n<p>&nbsp;<\/p>\n<p>&nbsp;<\/p>\n<p>&nbsp;<\/p>\n<p>&nbsp;<\/p>\n<p>&nbsp;<\/p>\n","protected":false},"excerpt":{"rendered":"<p>El alcohol sumado a la imprudencia nuevamente habr\u00eda sido el causante de un tremendo accidente&#8230;<\/p>\n","protected":false},"author":1,"featured_media":24104,"comment_status":"closed","ping_status":"closed","sticky":false,"template":"","format":"standard","meta":{"footnotes":""},"categories":[6],"tags":[],"class_list":["post-24103","post","type-post","status-publish","format-standard","has-post-thumbnail","hentry","category-ciudad-provincia"],"yoast_head":"<!-- This site is optimized with the Yoast SEO plugin v26.1.1 - https:\/\/yoast.com\/wordpress\/plugins\/seo\/ -->\n<title>VILLA MERCEDES: CHOCARON TRES AUTOS Y LUEGO IMPACTARON A OTROS TRES - Apuntes de San Luis<\/title>\n<meta name=\"robots\" content=\"index, follow, max-snippet:-1, max-image-preview:large, max-video-preview:-1\" \/>\n<link rel=\"canonical\" href=\"https:\/\/apuntesdesanluis.com\/index.php\/2024\/10\/20\/villa-mercedes-chocaron-tres-autos-y-luego-impactaron-a-otros-tres\/\" \/>\n<meta property=\"og:locale\" content=\"es_ES\" \/>\n<meta property=\"og:type\" content=\"article\" \/>\n<meta property=\"og:title\" content=\"VILLA MERCEDES: CHOCARON TRES AUTOS Y LUEGO IMPACTARON A OTROS TRES - Apuntes de San Luis\" \/>\n<meta property=\"og:description\" content=\"El alcohol sumado a la imprudencia nuevamente habr\u00eda sido el causante de un tremendo accidente...\" \/>\n<meta property=\"og:url\" content=\"https:\/\/apuntesdesanluis.com\/index.php\/2024\/10\/20\/villa-mercedes-chocaron-tres-autos-y-luego-impactaron-a-otros-tres\/\" \/>\n<meta property=\"og:site_name\" content=\"Apuntes de San Luis\" \/>\n<meta property=\"article:published_time\" content=\"2024-10-20T22:41:19+00:00\" \/>\n<meta property=\"og:image\" content=\"https:\/\/apuntesdesanluis.com\/wp-content\/uploads\/2024\/10\/senda.png\" \/>\n\t<meta property=\"og:image:width\" content=\"669\" \/>\n\t<meta property=\"og:image:height\" content=\"343\" \/>\n\t<meta property=\"og:image:type\" content=\"image\/png\" \/>\n<meta name=\"author\" content=\"apuntesdesanluis.com\" \/>\n<meta name=\"twitter:card\" content=\"summary_large_image\" \/>\n<meta name=\"twitter:label1\" content=\"Escrito por\" \/>\n\t<meta name=\"twitter:data1\" content=\"apuntesdesanluis.com\" \/>\n\t<meta name=\"twitter:label2\" content=\"Tiempo de lectura\" \/>\n\t<meta name=\"twitter:data2\" content=\"3 minutos\" \/>\n<script type=\"application\/ld+json\" class=\"yoast-schema-graph\">{\"@context\":\"https:\/\/schema.org\",\"@graph\":[{\"@type\":\"Article\",\"@id\":\"https:\/\/apuntesdesanluis.com\/index.php\/2024\/10\/20\/villa-mercedes-chocaron-tres-autos-y-luego-impactaron-a-otros-tres\/#article\",\"isPartOf\":{\"@id\":\"https:\/\/apuntesdesanluis.com\/index.php\/2024\/10\/20\/villa-mercedes-chocaron-tres-autos-y-luego-impactaron-a-otros-tres\/\"},\"author\":{\"name\":\"apuntesdesanluis.com\",\"@id\":\"https:\/\/apuntesdesanluis.com\/#\/schema\/person\/b55151d52296fcce64d1a72538a70b90\"},\"headline\":\"VILLA MERCEDES: CHOCARON TRES AUTOS Y LUEGO IMPACTARON A OTROS TRES\",\"datePublished\":\"2024-10-20T22:41:19+00:00\",\"mainEntityOfPage\":{\"@id\":\"https:\/\/apuntesdesanluis.com\/index.php\/2024\/10\/20\/villa-mercedes-chocaron-tres-autos-y-luego-impactaron-a-otros-tres\/\"},\"wordCount\":296,\"publisher\":{\"@id\":\"https:\/\/apuntesdesanluis.com\/#\/schema\/person\/b55151d52296fcce64d1a72538a70b90\"},\"image\":{\"@id\":\"https:\/\/apuntesdesanluis.com\/index.php\/2024\/10\/20\/villa-mercedes-chocaron-tres-autos-y-luego-impactaron-a-otros-tres\/#primaryimage\"},\"thumbnailUrl\":\"https:\/\/apuntesdesanluis.com\/wp-content\/uploads\/2024\/10\/senda.png\",\"articleSection\":[\"Ciudad\/Provincia\"],\"inLanguage\":\"es-AR\"},{\"@type\":\"WebPage\",\"@id\":\"https:\/\/apuntesdesanluis.com\/index.php\/2024\/10\/20\/villa-mercedes-chocaron-tres-autos-y-luego-impactaron-a-otros-tres\/\",\"url\":\"https:\/\/apuntesdesanluis.com\/index.php\/2024\/10\/20\/villa-mercedes-chocaron-tres-autos-y-luego-impactaron-a-otros-tres\/\",\"name\":\"VILLA MERCEDES: CHOCARON TRES AUTOS Y LUEGO IMPACTARON A OTROS TRES - Apuntes de San Luis\",\"isPartOf\":{\"@id\":\"https:\/\/apuntesdesanluis.com\/#website\"},\"primaryImageOfPage\":{\"@id\":\"https:\/\/apuntesdesanluis.com\/index.php\/2024\/10\/20\/villa-mercedes-chocaron-tres-autos-y-luego-impactaron-a-otros-tres\/#primaryimage\"},\"image\":{\"@id\":\"https:\/\/apuntesdesanluis.com\/index.php\/2024\/10\/20\/villa-mercedes-chocaron-tres-autos-y-luego-impactaron-a-otros-tres\/#primaryimage\"},\"thumbnailUrl\":\"https:\/\/apuntesdesanluis.com\/wp-content\/uploads\/2024\/10\/senda.png\",\"datePublished\":\"2024-10-20T22:41:19+00:00\",\"breadcrumb\":{\"@id\":\"https:\/\/apuntesdesanluis.com\/index.php\/2024\/10\/20\/villa-mercedes-chocaron-tres-autos-y-luego-impactaron-a-otros-tres\/#breadcrumb\"},\"inLanguage\":\"es-AR\",\"potentialAction\":[{\"@type\":\"ReadAction\",\"target\":[\"https:\/\/apuntesdesanluis.com\/index.php\/2024\/10\/20\/villa-mercedes-chocaron-tres-autos-y-luego-impactaron-a-otros-tres\/\"]}]},{\"@type\":\"ImageObject\",\"inLanguage\":\"es-AR\",\"@id\":\"https:\/\/apuntesdesanluis.com\/index.php\/2024\/10\/20\/villa-mercedes-chocaron-tres-autos-y-luego-impactaron-a-otros-tres\/#primaryimage\",\"url\":\"https:\/\/apuntesdesanluis.com\/wp-content\/uploads\/2024\/10\/senda.png\",\"contentUrl\":\"https:\/\/apuntesdesanluis.com\/wp-content\/uploads\/2024\/10\/senda.png\",\"width\":669,\"height\":343},{\"@type\":\"BreadcrumbList\",\"@id\":\"https:\/\/apuntesdesanluis.com\/index.php\/2024\/10\/20\/villa-mercedes-chocaron-tres-autos-y-luego-impactaron-a-otros-tres\/#breadcrumb\",\"itemListElement\":[{\"@type\":\"ListItem\",\"position\":1,\"name\":\"Inicio\",\"item\":\"https:\/\/apuntesdesanluis.com\/\"},{\"@type\":\"ListItem\",\"position\":2,\"name\":\"VILLA MERCEDES: CHOCARON TRES AUTOS Y LUEGO IMPACTARON A OTROS TRES\"}]},{\"@type\":\"WebSite\",\"@id\":\"https:\/\/apuntesdesanluis.com\/#website\",\"url\":\"https:\/\/apuntesdesanluis.com\/\",\"name\":\"Apuntes de San Luis\",\"description\":\"\",\"publisher\":{\"@id\":\"https:\/\/apuntesdesanluis.com\/#\/schema\/person\/b55151d52296fcce64d1a72538a70b90\"},\"potentialAction\":[{\"@type\":\"SearchAction\",\"target\":{\"@type\":\"EntryPoint\",\"urlTemplate\":\"https:\/\/apuntesdesanluis.com\/?s={search_term_string}\"},\"query-input\":{\"@type\":\"PropertyValueSpecification\",\"valueRequired\":true,\"valueName\":\"search_term_string\"}}],\"inLanguage\":\"es-AR\"},{\"@type\":[\"Person\",\"Organization\"],\"@id\":\"https:\/\/apuntesdesanluis.com\/#\/schema\/person\/b55151d52296fcce64d1a72538a70b90\",\"name\":\"apuntesdesanluis.com\",\"image\":{\"@type\":\"ImageObject\",\"inLanguage\":\"es-AR\",\"@id\":\"https:\/\/apuntesdesanluis.com\/#\/schema\/person\/image\/\",\"url\":\"https:\/\/apuntesdesanluis.com\/wp-content\/uploads\/2023\/07\/cropped-apuntesdesanluis.png\",\"contentUrl\":\"https:\/\/apuntesdesanluis.com\/wp-content\/uploads\/2023\/07\/cropped-apuntesdesanluis.png\",\"width\":450,\"height\":112,\"caption\":\"apuntesdesanluis.com\"},\"logo\":{\"@id\":\"https:\/\/apuntesdesanluis.com\/#\/schema\/person\/image\/\"},\"sameAs\":[\"https:\/\/apuntesdesanluis.com\"],\"url\":\"https:\/\/apuntesdesanluis.com\/index.php\/author\/apuntesdesanluis-com\/\"}]}<\/script>\n<!-- \/ Yoast SEO plugin. -->","yoast_head_json":{"title":"VILLA MERCEDES: CHOCARON TRES AUTOS Y LUEGO IMPACTARON A OTROS TRES - Apuntes de San Luis","robots":{"index":"index","follow":"follow","max-snippet":"max-snippet:-1","max-image-preview":"max-image-preview:large","max-video-preview":"max-video-preview:-1"},"canonical":"https:\/\/apuntesdesanluis.com\/index.php\/2024\/10\/20\/villa-mercedes-chocaron-tres-autos-y-luego-impactaron-a-otros-tres\/","og_locale":"es_ES","og_type":"article","og_title":"VILLA MERCEDES: CHOCARON TRES AUTOS Y LUEGO IMPACTARON A OTROS TRES - Apuntes de San Luis","og_description":"El alcohol sumado a la imprudencia nuevamente habr\u00eda sido el causante de un tremendo accidente...","og_url":"https:\/\/apuntesdesanluis.com\/index.php\/2024\/10\/20\/villa-mercedes-chocaron-tres-autos-y-luego-impactaron-a-otros-tres\/","og_site_name":"Apuntes de San Luis","article_published_time":"2024-10-20T22:41:19+00:00","og_image":[{"width":669,"height":343,"url":"https:\/\/apuntesdesanluis.com\/wp-content\/uploads\/2024\/10\/senda.png","type":"image\/png"}],"author":"apuntesdesanluis.com","twitter_card":"summary_large_image","twitter_misc":{"Escrito por":"apuntesdesanluis.com","Tiempo de lectura":"3 minutos"},"schema":{"@context":"https:\/\/schema.org","@graph":[{"@type":"Article","@id":"https:\/\/apuntesdesanluis.com\/index.php\/2024\/10\/20\/villa-mercedes-chocaron-tres-autos-y-luego-impactaron-a-otros-tres\/#article","isPartOf":{"@id":"https:\/\/apuntesdesanluis.com\/index.php\/2024\/10\/20\/villa-mercedes-chocaron-tres-autos-y-luego-impactaron-a-otros-tres\/"},"author":{"name":"apuntesdesanluis.com","@id":"https:\/\/apuntesdesanluis.com\/#\/schema\/person\/b55151d52296fcce64d1a72538a70b90"},"headline":"VILLA MERCEDES: CHOCARON TRES AUTOS Y LUEGO IMPACTARON A OTROS TRES","datePublished":"2024-10-20T22:41:19+00:00","mainEntityOfPage":{"@id":"https:\/\/apuntesdesanluis.com\/index.php\/2024\/10\/20\/villa-mercedes-chocaron-tres-autos-y-luego-impactaron-a-otros-tres\/"},"wordCount":296,"publisher":{"@id":"https:\/\/apuntesdesanluis.com\/#\/schema\/person\/b55151d52296fcce64d1a72538a70b90"},"image":{"@id":"https:\/\/apuntesdesanluis.com\/index.php\/2024\/10\/20\/villa-mercedes-chocaron-tres-autos-y-luego-impactaron-a-otros-tres\/#primaryimage"},"thumbnailUrl":"https:\/\/apuntesdesanluis.com\/wp-content\/uploads\/2024\/10\/senda.png","articleSection":["Ciudad\/Provincia"],"inLanguage":"es-AR"},{"@type":"WebPage","@id":"https:\/\/apuntesdesanluis.com\/index.php\/2024\/10\/20\/villa-mercedes-chocaron-tres-autos-y-luego-impactaron-a-otros-tres\/","url":"https:\/\/apuntesdesanluis.com\/index.php\/2024\/10\/20\/villa-mercedes-chocaron-tres-autos-y-luego-impactaron-a-otros-tres\/","name":"VILLA MERCEDES: CHOCARON TRES AUTOS Y LUEGO IMPACTARON A OTROS TRES - Apuntes de San Luis","isPartOf":{"@id":"https:\/\/apuntesdesanluis.com\/#website"},"primaryImageOfPage":{"@id":"https:\/\/apuntesdesanluis.com\/index.php\/2024\/10\/20\/villa-mercedes-chocaron-tres-autos-y-luego-impactaron-a-otros-tres\/#primaryimage"},"image":{"@id":"https:\/\/apuntesdesanluis.com\/index.php\/2024\/10\/20\/villa-mercedes-chocaron-tres-autos-y-luego-impactaron-a-otros-tres\/#primaryimage"},"thumbnailUrl":"https:\/\/apuntesdesanluis.com\/wp-content\/uploads\/2024\/10\/senda.png","datePublished":"2024-10-20T22:41:19+00:00","breadcrumb":{"@id":"https:\/\/apuntesdesanluis.com\/index.php\/2024\/10\/20\/villa-mercedes-chocaron-tres-autos-y-luego-impactaron-a-otros-tres\/#breadcrumb"},"inLanguage":"es-AR","potentialAction":[{"@type":"ReadAction","target":["https:\/\/apuntesdesanluis.com\/index.php\/2024\/10\/20\/villa-mercedes-chocaron-tres-autos-y-luego-impactaron-a-otros-tres\/"]}]},{"@type":"ImageObject","inLanguage":"es-AR","@id":"https:\/\/apuntesdesanluis.com\/index.php\/2024\/10\/20\/villa-mercedes-chocaron-tres-autos-y-luego-impactaron-a-otros-tres\/#primaryimage","url":"https:\/\/apuntesdesanluis.com\/wp-content\/uploads\/2024\/10\/senda.png","contentUrl":"https:\/\/apuntesdesanluis.com\/wp-content\/uploads\/2024\/10\/senda.png","width":669,"height":343},{"@type":"BreadcrumbList","@id":"https:\/\/apuntesdesanluis.com\/index.php\/2024\/10\/20\/villa-mercedes-chocaron-tres-autos-y-luego-impactaron-a-otros-tres\/#breadcrumb","itemListElement":[{"@type":"ListItem","position":1,"name":"Inicio","item":"https:\/\/apuntesdesanluis.com\/"},{"@type":"ListItem","position":2,"name":"VILLA MERCEDES: CHOCARON TRES AUTOS Y LUEGO IMPACTARON A OTROS TRES"}]},{"@type":"WebSite","@id":"https:\/\/apuntesdesanluis.com\/#website","url":"https:\/\/apuntesdesanluis.com\/","name":"Apuntes de San Luis","description":"","publisher":{"@id":"https:\/\/apuntesdesanluis.com\/#\/schema\/person\/b55151d52296fcce64d1a72538a70b90"},"potentialAction":[{"@type":"SearchAction","target":{"@type":"EntryPoint","urlTemplate":"https:\/\/apuntesdesanluis.com\/?s={search_term_string}"},"query-input":{"@type":"PropertyValueSpecification","valueRequired":true,"valueName":"search_term_string"}}],"inLanguage":"es-AR"},{"@type":["Person","Organization"],"@id":"https:\/\/apuntesdesanluis.com\/#\/schema\/person\/b55151d52296fcce64d1a72538a70b90","name":"apuntesdesanluis.com","image":{"@type":"ImageObject","inLanguage":"es-AR","@id":"https:\/\/apuntesdesanluis.com\/#\/schema\/person\/image\/","url":"https:\/\/apuntesdesanluis.com\/wp-content\/uploads\/2023\/07\/cropped-apuntesdesanluis.png","contentUrl":"https:\/\/apuntesdesanluis.com\/wp-content\/uploads\/2023\/07\/cropped-apuntesdesanluis.png","width":450,"height":112,"caption":"apuntesdesanluis.com"},"logo":{"@id":"https:\/\/apuntesdesanluis.com\/#\/schema\/person\/image\/"},"sameAs":["https:\/\/apuntesdesanluis.com"],"url":"https:\/\/apuntesdesanluis.com\/index.php\/author\/apuntesdesanluis-com\/"}]}},"featured_image_urls":{"full":["https:\/\/apuntesdesanluis.com\/wp-content\/uploads\/2024\/10\/senda.png",669,343,false],"thumbnail":["https:\/\/apuntesdesanluis.com\/wp-content\/uploads\/2024\/10\/senda-150x150.png",150,150,true],"medium":["https:\/\/apuntesdesanluis.com\/wp-content\/uploads\/2024\/10\/senda-300x154.png",300,154,true],"medium_large":["https:\/\/apuntesdesanluis.com\/wp-content\/uploads\/2024\/10\/senda.png",640,328,false],"large":["https:\/\/apuntesdesanluis.com\/wp-content\/uploads\/2024\/10\/senda.png",640,328,false],"1536x1536":["https:\/\/apuntesdesanluis.com\/wp-content\/uploads\/2024\/10\/senda.png",669,343,false],"2048x2048":["https:\/\/apuntesdesanluis.com\/wp-content\/uploads\/2024\/10\/senda.png",669,343,false],"newsever-slider-full":["https:\/\/apuntesdesanluis.com\/wp-content\/uploads\/2024\/10\/senda.png",669,343,false],"newsever-featured":["https:\/\/apuntesdesanluis.com\/wp-content\/uploads\/2024\/10\/senda.png",669,343,false],"newsever-medium":["https:\/\/apuntesdesanluis.com\/wp-content\/uploads\/2024\/10\/senda.png",669,343,false]},"author_info":{"display_name":"apuntesdesanluis.com","author_link":"https:\/\/apuntesdesanluis.com\/index.php\/author\/apuntesdesanluis-com\/"},"category_info":"<a href=\"https:\/\/apuntesdesanluis.com\/index.php\/category\/ciudad-provincia\/\" rel=\"category tag\">Ciudad\/Provincia<\/a>","tag_info":"Ciudad\/Provincia","comment_count":"0","_links":{"self":[{"href":"https:\/\/apuntesdesanluis.com\/index.php\/wp-json\/wp\/v2\/posts\/24103","targetHints":{"allow":["GET"]}}],"collection":[{"href":"https:\/\/apuntesdesanluis.com\/index.php\/wp-json\/wp\/v2\/posts"}],"about":[{"href":"https:\/\/apuntesdesanluis.com\/index.php\/wp-json\/wp\/v2\/types\/post"}],"author":[{"embeddable":true,"href":"https:\/\/apuntesdesanluis.com\/index.php\/wp-json\/wp\/v2\/users\/1"}],"replies":[{"embeddable":true,"href":"https:\/\/apuntesdesanluis.com\/index.php\/wp-json\/wp\/v2\/comments?post=24103"}],"version-history":[{"count":1,"href":"https:\/\/apuntesdesanluis.com\/index.php\/wp-json\/wp\/v2\/posts\/24103\/revisions"}],"predecessor-version":[{"id":24109,"href":"https:\/\/apuntesdesanluis.com\/index.php\/wp-json\/wp\/v2\/posts\/24103\/revisions\/24109"}],"wp:featuredmedia":[{"embeddable":true,"href":"https:\/\/apuntesdesanluis.com\/index.php\/wp-json\/wp\/v2\/media\/24104"}],"wp:attachment":[{"href":"https:\/\/apuntesdesanluis.com\/index.php\/wp-json\/wp\/v2\/media?parent=24103"}],"wp:term":[{"taxonomy":"category","embeddable":true,"href":"https:\/\/apuntesdesanluis.com\/index.php\/wp-json\/wp\/v2\/categories?post=24103"},{"taxonomy":"post_tag","embeddable":true,"href":"https:\/\/apuntesdesanluis.com\/index.php\/wp-json\/wp\/v2\/tags?post=24103"}],"curies":[{"name":"wp","href":"https:\/\/api.w.org\/{rel}","templated":true}]}}