{"id":24110,"date":"2024-10-20T10:14:02","date_gmt":"2024-10-20T13:14:02","guid":{"rendered":"https:\/\/apuntesdesanluis.com\/?p=24110"},"modified":"2024-10-20T20:15:48","modified_gmt":"2024-10-20T23:15:48","slug":"nuevamente-una-multitud-disfruto-del-festival-valle-del-sol","status":"publish","type":"post","link":"https:\/\/apuntesdesanluis.com\/index.php\/2024\/10\/20\/nuevamente-una-multitud-disfruto-del-festival-valle-del-sol\/","title":{"rendered":"NUEVAMENTE UNA MULTITUD DISFRUT\u00d3 Y DELIR\u00d3 EN EL FESTIVAL VALLE DEL SOL"},"content":{"rendered":"<h3>M\u00e1s 13 mil personas desfilaron por el balneario municipal durante las dos noches que dur\u00f3 la 51 Fiesta Nacional Valle del Sol, patrimonio cultural emblem\u00e1tico de la provincia, convertida en un s\u00edmbolo de la identidad merlina.<\/h3>\n<h3>La jornada comenz\u00f3 con la bienvenida a la Virgen Nuestra Se\u00f1ora del Rosario, acompa\u00f1ada por la Guardia Gaucha Virgen del Rosario. El espect\u00e1culo continu\u00f3 con la actuaci\u00f3n de Daniel \u201cChaco\u201d Gonz\u00e1lez y el Ballet Tinkuy, quienes presentaron su proyecto art\u00edstico \u201cLa Pe\u00f1a Merlina\u201d y \u201cLas Voces de Merlo\u201d.<\/h3>\n<p><img fetchpriority=\"high\" decoding=\"async\" class=\"wp-image-24112 aligncenter\" src=\"https:\/\/apuntesdesanluis.com\/wp-content\/uploads\/2024\/10\/Fiesta-valle-del-sol-1-300x183.jpg\" alt=\"\" width=\"595\" height=\"363\" srcset=\"https:\/\/apuntesdesanluis.com\/wp-content\/uploads\/2024\/10\/Fiesta-valle-del-sol-1-300x183.jpg 300w, https:\/\/apuntesdesanluis.com\/wp-content\/uploads\/2024\/10\/Fiesta-valle-del-sol-1-768x469.jpg 768w, https:\/\/apuntesdesanluis.com\/wp-content\/uploads\/2024\/10\/Fiesta-valle-del-sol-1.jpg 800w\" sizes=\"(max-width: 595px) 100vw, 595px\" \/><\/p>\n<p><img decoding=\"async\" class=\"wp-image-24113 aligncenter\" src=\"https:\/\/apuntesdesanluis.com\/wp-content\/uploads\/2024\/10\/fiesta-vale-del-sol-2-300x182.jpg\" alt=\"\" width=\"603\" height=\"366\" srcset=\"https:\/\/apuntesdesanluis.com\/wp-content\/uploads\/2024\/10\/fiesta-vale-del-sol-2-300x182.jpg 300w, https:\/\/apuntesdesanluis.com\/wp-content\/uploads\/2024\/10\/fiesta-vale-del-sol-2-768x465.jpg 768w, https:\/\/apuntesdesanluis.com\/wp-content\/uploads\/2024\/10\/fiesta-vale-del-sol-2.jpg 900w\" sizes=\"(max-width: 603px) 100vw, 603px\" \/><\/p>\n<h3>La ceremonia oficial cont\u00f3 con la presencia del Gobernador <strong>Claudio Poggi<\/strong>, acompa\u00f1ado por su Gabinete, legisladores provinciales, el Intendente Juan \u00c1lvarez Pinto, miembros del Gabinete Municipal, y el Presidente del Concejo Deliberante, Leonardo Rodr\u00edguez. Juntos, entonaron las estrofas del Himno Nacional Argentino y el Himno a Merlo, en una interpretaci\u00f3n \u00fanica a cargo de los artistas locales Zaira Gallo, D\u00e9bora Villalva, Pablo Aphalo, Javier Canolik y Lucas Z\u00e1rate.<\/h3>\n<h3>La apertura art\u00edstica estuvo a cargo de la Compa\u00f1\u00eda Flora, que, a trav\u00e9s de la danza y la m\u00fasica, celebr\u00f3 la belleza y la importancia de los elementos naturales \u2014el sol, la tierra y el agua, destacando la responsabilidad humana en su protecci\u00f3n.<\/h3>\n<p><img decoding=\"async\" class=\"wp-image-24114 aligncenter\" src=\"https:\/\/apuntesdesanluis.com\/wp-content\/uploads\/2024\/10\/fiesta-valle-del-sol-4-300x182.jpg\" alt=\"\" width=\"613\" height=\"372\" srcset=\"https:\/\/apuntesdesanluis.com\/wp-content\/uploads\/2024\/10\/fiesta-valle-del-sol-4-300x182.jpg 300w, https:\/\/apuntesdesanluis.com\/wp-content\/uploads\/2024\/10\/fiesta-valle-del-sol-4-768x466.jpg 768w, https:\/\/apuntesdesanluis.com\/wp-content\/uploads\/2024\/10\/fiesta-valle-del-sol-4.jpg 800w\" sizes=\"(max-width: 613px) 100vw, 613px\" \/><\/p>\n<h3>La noche continu\u00f3 con la presentaci\u00f3n de Bramidos, cuyo sonido caracter\u00edstico volvi\u00f3 a cautivar al p\u00fablico. A su vez, Norma Ferrer deslumbr\u00f3 con su poderosa interpretaci\u00f3n tanguera, y Alberto Aldemaro evoc\u00f3 el tango de los arrabales, acompa\u00f1ado por los bailarines Laura y Mart\u00edn.<\/h3>\n<h3>El escenario tambi\u00e9n fue testigo de un reencuentro especial: tras 8 a\u00f1os de ausencia, el grupo Arambaleba hizo vibrar al p\u00fablico merlino con su caracter\u00edstico estilo, llenando el ambiente de folclore. Junto a ellos, la Escuela de Malambo \u201cEl Ventarr\u00f3n\u201d, El Salta, Las Lindas y Los Changos, y el Ballet \u201cArgentina es una Danza\u201d continuaron la fiesta con sus impactantes presentaciones.<\/h3>\n<p><img loading=\"lazy\" decoding=\"async\" class=\"wp-image-24115 aligncenter\" src=\"https:\/\/apuntesdesanluis.com\/wp-content\/uploads\/2024\/10\/fiesta-valle-del-sol-5-300x200.jpg\" alt=\"\" width=\"614\" height=\"409\" srcset=\"https:\/\/apuntesdesanluis.com\/wp-content\/uploads\/2024\/10\/fiesta-valle-del-sol-5-300x200.jpg 300w, https:\/\/apuntesdesanluis.com\/wp-content\/uploads\/2024\/10\/fiesta-valle-del-sol-5-768x512.jpg 768w, https:\/\/apuntesdesanluis.com\/wp-content\/uploads\/2024\/10\/fiesta-valle-del-sol-5.jpg 800w\" sizes=\"(max-width: 614px) 100vw, 614px\" \/><\/p>\n<h3>Uno de los momentos m\u00e1s emotivos de la noche fue el reconocimiento a Alfredo Figueroa, un apasionado de la m\u00fasica tropical bailable que marc\u00f3 una era en Merlo. Junto a su esposa, Cristina Ontiveros, trajo a grandes artistas como La Mona Gim\u00e9nez, Gary y R\u00e1faga, siendo adem\u00e1s padrino de grupos locales como Avalancha Tropical y Fen\u00f3meno Alas. Adri\u00e1n Rizzi lo bautiz\u00f3 como &#8220;Conana M\u00fasica Show&#8221;, un nombre sin\u00f3nimo de la mejor m\u00fasica tropical de la regi\u00f3n.<\/h3>\n<h3>El festival sigui\u00f3 con la orquesta Mama Yuca, compuesta por 12 artistas que llenaron el escenario de ritmos populares de Am\u00e9rica, para luego dar paso a Origen. El gran cierre de la jornada estuvo a cargo de la banda cuartetera <strong>La Barra, <\/strong>quienes celebraron en el escenario mayor sus 30 a\u00f1os de trayectoria musical.<\/h3>\n<h3>El Intendente Juan \u00c1lvarez Pinto, acompa\u00f1ado por el Secretario de Hacienda Bruno Mini, el Secretario Gobierno y Deportes, Francisco Oviedo, la Secretaria de Cultura Valentina Ortega y el Dr. Pablo Loggia, hicieron entrega de una Menci\u00f3n Especial a La Barra en reconocimiento a sus tres d\u00e9cadas de \u00e9xitos en la m\u00fasica.<\/h3>\n<h3><strong>SEGUNDA NOCHE<\/strong><\/h3>\n<h3>La segunda luna comenz\u00f3 con la banda &#8220;Del Mate&#8221;, quienes impactaron con su potente voz, dando energ\u00eda al inicio del festival. Luego, Rub\u00e9n Gallardo, al ritmo de sus guitarras, hizo que los merlinos se pusieran a bailar.<\/h3>\n<h3>Para los amantes del tango, Ricardo Aguilera y Am\u00e9rico Moroso brindaron una destacada actuaci\u00f3n, cautivando al p\u00fablico con su elegancia y maestr\u00eda.<\/h3>\n<p><img loading=\"lazy\" decoding=\"async\" class=\"wp-image-24116 aligncenter\" src=\"https:\/\/apuntesdesanluis.com\/wp-content\/uploads\/2024\/10\/fiesta-valle-del-sol-6-300x200.jpg\" alt=\"\" width=\"608\" height=\"405\" srcset=\"https:\/\/apuntesdesanluis.com\/wp-content\/uploads\/2024\/10\/fiesta-valle-del-sol-6-300x200.jpg 300w, https:\/\/apuntesdesanluis.com\/wp-content\/uploads\/2024\/10\/fiesta-valle-del-sol-6-768x511.jpg 768w, https:\/\/apuntesdesanluis.com\/wp-content\/uploads\/2024\/10\/fiesta-valle-del-sol-6.jpg 900w\" sizes=\"(max-width: 608px) 100vw, 608px\" \/><\/p>\n<h3>La tradici\u00f3n folcl\u00f3rica tuvo su espacio en el escenario con las vibrantes presentaciones de los ballets &#8220;La Salamanca&#8221;, &#8220;Grito de mi Tierra&#8221; y &#8220;Llastay&#8221;, que trajeron consigo la riqueza de nuestras ra\u00edces culturales.<\/h3>\n<h3>Asimismo, Herencia Chamamecera, Astiyas del Mismo Palo y Algarroba.com llenaron la noche de ritmo con sus vibrantes propuestas de folclore y chamam\u00e9, creando la atm\u00f3sfera ideal para la esperada llegada de &#8220;El Indio&#8221; Lucio Rojas, quien con su profunda identidad del Chaco Salte\u00f1o cautiv\u00f3 al p\u00fablico con un repertorio que rinde homenaje a la cultura de los pueblos originarios del Norte Argentino. Con una puesta en escena imponente, bien folkl\u00f3rica y colorida, donde la danza se integr\u00f3 con las melod\u00edas vinculadas a su paisaje natal: Marca Borrada, Salta.<\/h3>\n<p><img loading=\"lazy\" decoding=\"async\" class=\"wp-image-24117 aligncenter\" src=\"https:\/\/apuntesdesanluis.com\/wp-content\/uploads\/2024\/10\/fiesta-valle-del-sol-7-300x200.jpg\" alt=\"\" width=\"627\" height=\"418\" srcset=\"https:\/\/apuntesdesanluis.com\/wp-content\/uploads\/2024\/10\/fiesta-valle-del-sol-7-300x200.jpg 300w, https:\/\/apuntesdesanluis.com\/wp-content\/uploads\/2024\/10\/fiesta-valle-del-sol-7-768x512.jpg 768w, https:\/\/apuntesdesanluis.com\/wp-content\/uploads\/2024\/10\/fiesta-valle-del-sol-7.jpg 800w\" sizes=\"(max-width: 627px) 100vw, 627px\" \/><\/p>\n<h3>El Sol de Oro fue entregado por el intendente Juan \u00c1lvarez Pinto a Radio Alternativa, en reconocimiento a sus 35 a\u00f1os de trayectoria, pr\u00f3ximos a cumplir 36. Fundada por Juan Carlos Christiansen y Gloria Preitti, esta emisora ha sido un pilar en la comunidad de Merlo, acompa\u00f1ando a generaciones con su programaci\u00f3n diversa y su compromiso con la difusi\u00f3n de la cultura local. A lo largo de m\u00e1s de tres d\u00e9cadas, Radio Alternativa ha transmitido no solo m\u00fasica y noticias, sino tambi\u00e9n valores, identidad y el sentir de la regi\u00f3n, consolid\u00e1ndose como una voz imprescindible para la villa y sus alrededores.<\/h3>\n<h3>El cierre del festival no pudo haber sido mejor, estuvo marcado a puro cuarteto, a cargo de Banda Sabor, que puso el broche final con su energ\u00eda contagiosa, que no dej\u00f3 a nadie sentado, logrando que todos se sumen a la pista de baile. Fue un cierre de festival inolvidable, donde la m\u00fasica y la fiesta se unieron para despedir el evento de la mejor manera.<\/h3>\n<p>&nbsp;<\/p>\n<p>&nbsp;<\/p>\n<p>&nbsp;<\/p>\n<p>&nbsp;<\/p>\n<p>&nbsp;<\/p>\n<p>&nbsp;<\/p>\n","protected":false},"excerpt":{"rendered":"<p>M\u00e1s 13 mil personas desfilaron por el balneario municipal durante las dos noches que dur\u00f3&#8230;<\/p>\n","protected":false},"author":1,"featured_media":24111,"comment_status":"closed","ping_status":"closed","sticky":false,"template":"","format":"standard","meta":{"footnotes":""},"categories":[6],"tags":[],"class_list":["post-24110","post","type-post","status-publish","format-standard","has-post-thumbnail","hentry","category-ciudad-provincia"],"yoast_head":"<!-- This site is optimized with the Yoast SEO plugin v26.1.1 - https:\/\/yoast.com\/wordpress\/plugins\/seo\/ -->\n<title>NUEVAMENTE UNA MULTITUD DISFRUT\u00d3 Y DELIR\u00d3 EN EL FESTIVAL VALLE DEL SOL - Apuntes de San Luis<\/title>\n<meta name=\"robots\" content=\"index, follow, max-snippet:-1, max-image-preview:large, max-video-preview:-1\" \/>\n<link rel=\"canonical\" href=\"https:\/\/apuntesdesanluis.com\/index.php\/2024\/10\/20\/nuevamente-una-multitud-disfruto-del-festival-valle-del-sol\/\" \/>\n<meta property=\"og:locale\" content=\"es_ES\" \/>\n<meta property=\"og:type\" content=\"article\" \/>\n<meta property=\"og:title\" content=\"NUEVAMENTE UNA MULTITUD DISFRUT\u00d3 Y DELIR\u00d3 EN EL FESTIVAL VALLE DEL SOL - Apuntes de San Luis\" \/>\n<meta property=\"og:description\" content=\"M\u00e1s 13 mil personas desfilaron por el balneario municipal durante las dos noches que dur\u00f3...\" \/>\n<meta property=\"og:url\" content=\"https:\/\/apuntesdesanluis.com\/index.php\/2024\/10\/20\/nuevamente-una-multitud-disfruto-del-festival-valle-del-sol\/\" \/>\n<meta property=\"og:site_name\" content=\"Apuntes de San Luis\" \/>\n<meta property=\"article:published_time\" content=\"2024-10-20T13:14:02+00:00\" \/>\n<meta property=\"article:modified_time\" content=\"2024-10-20T23:15:48+00:00\" \/>\n<meta property=\"og:image\" content=\"https:\/\/apuntesdesanluis.com\/wp-content\/uploads\/2024\/10\/fiesta-valle-del-sol-portada.jpg\" \/>\n\t<meta property=\"og:image:width\" content=\"800\" \/>\n\t<meta property=\"og:image:height\" content=\"533\" \/>\n\t<meta property=\"og:image:type\" content=\"image\/jpeg\" \/>\n<meta name=\"author\" content=\"apuntesdesanluis.com\" \/>\n<meta name=\"twitter:card\" content=\"summary_large_image\" \/>\n<meta name=\"twitter:label1\" content=\"Escrito por\" \/>\n\t<meta name=\"twitter:data1\" content=\"apuntesdesanluis.com\" \/>\n\t<meta name=\"twitter:label2\" content=\"Tiempo de lectura\" \/>\n\t<meta name=\"twitter:data2\" content=\"6 minutos\" \/>\n<script type=\"application\/ld+json\" class=\"yoast-schema-graph\">{\"@context\":\"https:\/\/schema.org\",\"@graph\":[{\"@type\":\"Article\",\"@id\":\"https:\/\/apuntesdesanluis.com\/index.php\/2024\/10\/20\/nuevamente-una-multitud-disfruto-del-festival-valle-del-sol\/#article\",\"isPartOf\":{\"@id\":\"https:\/\/apuntesdesanluis.com\/index.php\/2024\/10\/20\/nuevamente-una-multitud-disfruto-del-festival-valle-del-sol\/\"},\"author\":{\"name\":\"apuntesdesanluis.com\",\"@id\":\"https:\/\/apuntesdesanluis.com\/#\/schema\/person\/b55151d52296fcce64d1a72538a70b90\"},\"headline\":\"NUEVAMENTE UNA MULTITUD DISFRUT\u00d3 Y DELIR\u00d3 EN EL FESTIVAL VALLE DEL SOL\",\"datePublished\":\"2024-10-20T13:14:02+00:00\",\"dateModified\":\"2024-10-20T23:15:48+00:00\",\"mainEntityOfPage\":{\"@id\":\"https:\/\/apuntesdesanluis.com\/index.php\/2024\/10\/20\/nuevamente-una-multitud-disfruto-del-festival-valle-del-sol\/\"},\"wordCount\":916,\"publisher\":{\"@id\":\"https:\/\/apuntesdesanluis.com\/#\/schema\/person\/b55151d52296fcce64d1a72538a70b90\"},\"image\":{\"@id\":\"https:\/\/apuntesdesanluis.com\/index.php\/2024\/10\/20\/nuevamente-una-multitud-disfruto-del-festival-valle-del-sol\/#primaryimage\"},\"thumbnailUrl\":\"https:\/\/apuntesdesanluis.com\/wp-content\/uploads\/2024\/10\/fiesta-valle-del-sol-portada.jpg\",\"articleSection\":[\"Ciudad\/Provincia\"],\"inLanguage\":\"es-AR\"},{\"@type\":\"WebPage\",\"@id\":\"https:\/\/apuntesdesanluis.com\/index.php\/2024\/10\/20\/nuevamente-una-multitud-disfruto-del-festival-valle-del-sol\/\",\"url\":\"https:\/\/apuntesdesanluis.com\/index.php\/2024\/10\/20\/nuevamente-una-multitud-disfruto-del-festival-valle-del-sol\/\",\"name\":\"NUEVAMENTE UNA MULTITUD DISFRUT\u00d3 Y DELIR\u00d3 EN EL FESTIVAL VALLE DEL SOL - Apuntes de San Luis\",\"isPartOf\":{\"@id\":\"https:\/\/apuntesdesanluis.com\/#website\"},\"primaryImageOfPage\":{\"@id\":\"https:\/\/apuntesdesanluis.com\/index.php\/2024\/10\/20\/nuevamente-una-multitud-disfruto-del-festival-valle-del-sol\/#primaryimage\"},\"image\":{\"@id\":\"https:\/\/apuntesdesanluis.com\/index.php\/2024\/10\/20\/nuevamente-una-multitud-disfruto-del-festival-valle-del-sol\/#primaryimage\"},\"thumbnailUrl\":\"https:\/\/apuntesdesanluis.com\/wp-content\/uploads\/2024\/10\/fiesta-valle-del-sol-portada.jpg\",\"datePublished\":\"2024-10-20T13:14:02+00:00\",\"dateModified\":\"2024-10-20T23:15:48+00:00\",\"breadcrumb\":{\"@id\":\"https:\/\/apuntesdesanluis.com\/index.php\/2024\/10\/20\/nuevamente-una-multitud-disfruto-del-festival-valle-del-sol\/#breadcrumb\"},\"inLanguage\":\"es-AR\",\"potentialAction\":[{\"@type\":\"ReadAction\",\"target\":[\"https:\/\/apuntesdesanluis.com\/index.php\/2024\/10\/20\/nuevamente-una-multitud-disfruto-del-festival-valle-del-sol\/\"]}]},{\"@type\":\"ImageObject\",\"inLanguage\":\"es-AR\",\"@id\":\"https:\/\/apuntesdesanluis.com\/index.php\/2024\/10\/20\/nuevamente-una-multitud-disfruto-del-festival-valle-del-sol\/#primaryimage\",\"url\":\"https:\/\/apuntesdesanluis.com\/wp-content\/uploads\/2024\/10\/fiesta-valle-del-sol-portada.jpg\",\"contentUrl\":\"https:\/\/apuntesdesanluis.com\/wp-content\/uploads\/2024\/10\/fiesta-valle-del-sol-portada.jpg\",\"width\":800,\"height\":533},{\"@type\":\"BreadcrumbList\",\"@id\":\"https:\/\/apuntesdesanluis.com\/index.php\/2024\/10\/20\/nuevamente-una-multitud-disfruto-del-festival-valle-del-sol\/#breadcrumb\",\"itemListElement\":[{\"@type\":\"ListItem\",\"position\":1,\"name\":\"Inicio\",\"item\":\"https:\/\/apuntesdesanluis.com\/\"},{\"@type\":\"ListItem\",\"position\":2,\"name\":\"NUEVAMENTE UNA MULTITUD DISFRUT\u00d3 Y DELIR\u00d3 EN EL FESTIVAL VALLE DEL SOL\"}]},{\"@type\":\"WebSite\",\"@id\":\"https:\/\/apuntesdesanluis.com\/#website\",\"url\":\"https:\/\/apuntesdesanluis.com\/\",\"name\":\"Apuntes de San Luis\",\"description\":\"\",\"publisher\":{\"@id\":\"https:\/\/apuntesdesanluis.com\/#\/schema\/person\/b55151d52296fcce64d1a72538a70b90\"},\"potentialAction\":[{\"@type\":\"SearchAction\",\"target\":{\"@type\":\"EntryPoint\",\"urlTemplate\":\"https:\/\/apuntesdesanluis.com\/?s={search_term_string}\"},\"query-input\":{\"@type\":\"PropertyValueSpecification\",\"valueRequired\":true,\"valueName\":\"search_term_string\"}}],\"inLanguage\":\"es-AR\"},{\"@type\":[\"Person\",\"Organization\"],\"@id\":\"https:\/\/apuntesdesanluis.com\/#\/schema\/person\/b55151d52296fcce64d1a72538a70b90\",\"name\":\"apuntesdesanluis.com\",\"image\":{\"@type\":\"ImageObject\",\"inLanguage\":\"es-AR\",\"@id\":\"https:\/\/apuntesdesanluis.com\/#\/schema\/person\/image\/\",\"url\":\"https:\/\/apuntesdesanluis.com\/wp-content\/uploads\/2023\/07\/cropped-apuntesdesanluis.png\",\"contentUrl\":\"https:\/\/apuntesdesanluis.com\/wp-content\/uploads\/2023\/07\/cropped-apuntesdesanluis.png\",\"width\":450,\"height\":112,\"caption\":\"apuntesdesanluis.com\"},\"logo\":{\"@id\":\"https:\/\/apuntesdesanluis.com\/#\/schema\/person\/image\/\"},\"sameAs\":[\"https:\/\/apuntesdesanluis.com\"],\"url\":\"https:\/\/apuntesdesanluis.com\/index.php\/author\/apuntesdesanluis-com\/\"}]}<\/script>\n<!-- \/ Yoast SEO plugin. -->","yoast_head_json":{"title":"NUEVAMENTE UNA MULTITUD DISFRUT\u00d3 Y DELIR\u00d3 EN EL FESTIVAL VALLE DEL SOL - Apuntes de San Luis","robots":{"index":"index","follow":"follow","max-snippet":"max-snippet:-1","max-image-preview":"max-image-preview:large","max-video-preview":"max-video-preview:-1"},"canonical":"https:\/\/apuntesdesanluis.com\/index.php\/2024\/10\/20\/nuevamente-una-multitud-disfruto-del-festival-valle-del-sol\/","og_locale":"es_ES","og_type":"article","og_title":"NUEVAMENTE UNA MULTITUD DISFRUT\u00d3 Y DELIR\u00d3 EN EL FESTIVAL VALLE DEL SOL - Apuntes de San Luis","og_description":"M\u00e1s 13 mil personas desfilaron por el balneario municipal durante las dos noches que dur\u00f3...","og_url":"https:\/\/apuntesdesanluis.com\/index.php\/2024\/10\/20\/nuevamente-una-multitud-disfruto-del-festival-valle-del-sol\/","og_site_name":"Apuntes de San Luis","article_published_time":"2024-10-20T13:14:02+00:00","article_modified_time":"2024-10-20T23:15:48+00:00","og_image":[{"width":800,"height":533,"url":"https:\/\/apuntesdesanluis.com\/wp-content\/uploads\/2024\/10\/fiesta-valle-del-sol-portada.jpg","type":"image\/jpeg"}],"author":"apuntesdesanluis.com","twitter_card":"summary_large_image","twitter_misc":{"Escrito por":"apuntesdesanluis.com","Tiempo de lectura":"6 minutos"},"schema":{"@context":"https:\/\/schema.org","@graph":[{"@type":"Article","@id":"https:\/\/apuntesdesanluis.com\/index.php\/2024\/10\/20\/nuevamente-una-multitud-disfruto-del-festival-valle-del-sol\/#article","isPartOf":{"@id":"https:\/\/apuntesdesanluis.com\/index.php\/2024\/10\/20\/nuevamente-una-multitud-disfruto-del-festival-valle-del-sol\/"},"author":{"name":"apuntesdesanluis.com","@id":"https:\/\/apuntesdesanluis.com\/#\/schema\/person\/b55151d52296fcce64d1a72538a70b90"},"headline":"NUEVAMENTE UNA MULTITUD DISFRUT\u00d3 Y DELIR\u00d3 EN EL FESTIVAL VALLE DEL SOL","datePublished":"2024-10-20T13:14:02+00:00","dateModified":"2024-10-20T23:15:48+00:00","mainEntityOfPage":{"@id":"https:\/\/apuntesdesanluis.com\/index.php\/2024\/10\/20\/nuevamente-una-multitud-disfruto-del-festival-valle-del-sol\/"},"wordCount":916,"publisher":{"@id":"https:\/\/apuntesdesanluis.com\/#\/schema\/person\/b55151d52296fcce64d1a72538a70b90"},"image":{"@id":"https:\/\/apuntesdesanluis.com\/index.php\/2024\/10\/20\/nuevamente-una-multitud-disfruto-del-festival-valle-del-sol\/#primaryimage"},"thumbnailUrl":"https:\/\/apuntesdesanluis.com\/wp-content\/uploads\/2024\/10\/fiesta-valle-del-sol-portada.jpg","articleSection":["Ciudad\/Provincia"],"inLanguage":"es-AR"},{"@type":"WebPage","@id":"https:\/\/apuntesdesanluis.com\/index.php\/2024\/10\/20\/nuevamente-una-multitud-disfruto-del-festival-valle-del-sol\/","url":"https:\/\/apuntesdesanluis.com\/index.php\/2024\/10\/20\/nuevamente-una-multitud-disfruto-del-festival-valle-del-sol\/","name":"NUEVAMENTE UNA MULTITUD DISFRUT\u00d3 Y DELIR\u00d3 EN EL FESTIVAL VALLE DEL SOL - Apuntes de San Luis","isPartOf":{"@id":"https:\/\/apuntesdesanluis.com\/#website"},"primaryImageOfPage":{"@id":"https:\/\/apuntesdesanluis.com\/index.php\/2024\/10\/20\/nuevamente-una-multitud-disfruto-del-festival-valle-del-sol\/#primaryimage"},"image":{"@id":"https:\/\/apuntesdesanluis.com\/index.php\/2024\/10\/20\/nuevamente-una-multitud-disfruto-del-festival-valle-del-sol\/#primaryimage"},"thumbnailUrl":"https:\/\/apuntesdesanluis.com\/wp-content\/uploads\/2024\/10\/fiesta-valle-del-sol-portada.jpg","datePublished":"2024-10-20T13:14:02+00:00","dateModified":"2024-10-20T23:15:48+00:00","breadcrumb":{"@id":"https:\/\/apuntesdesanluis.com\/index.php\/2024\/10\/20\/nuevamente-una-multitud-disfruto-del-festival-valle-del-sol\/#breadcrumb"},"inLanguage":"es-AR","potentialAction":[{"@type":"ReadAction","target":["https:\/\/apuntesdesanluis.com\/index.php\/2024\/10\/20\/nuevamente-una-multitud-disfruto-del-festival-valle-del-sol\/"]}]},{"@type":"ImageObject","inLanguage":"es-AR","@id":"https:\/\/apuntesdesanluis.com\/index.php\/2024\/10\/20\/nuevamente-una-multitud-disfruto-del-festival-valle-del-sol\/#primaryimage","url":"https:\/\/apuntesdesanluis.com\/wp-content\/uploads\/2024\/10\/fiesta-valle-del-sol-portada.jpg","contentUrl":"https:\/\/apuntesdesanluis.com\/wp-content\/uploads\/2024\/10\/fiesta-valle-del-sol-portada.jpg","width":800,"height":533},{"@type":"BreadcrumbList","@id":"https:\/\/apuntesdesanluis.com\/index.php\/2024\/10\/20\/nuevamente-una-multitud-disfruto-del-festival-valle-del-sol\/#breadcrumb","itemListElement":[{"@type":"ListItem","position":1,"name":"Inicio","item":"https:\/\/apuntesdesanluis.com\/"},{"@type":"ListItem","position":2,"name":"NUEVAMENTE UNA MULTITUD DISFRUT\u00d3 Y DELIR\u00d3 EN EL FESTIVAL VALLE DEL SOL"}]},{"@type":"WebSite","@id":"https:\/\/apuntesdesanluis.com\/#website","url":"https:\/\/apuntesdesanluis.com\/","name":"Apuntes de San Luis","description":"","publisher":{"@id":"https:\/\/apuntesdesanluis.com\/#\/schema\/person\/b55151d52296fcce64d1a72538a70b90"},"potentialAction":[{"@type":"SearchAction","target":{"@type":"EntryPoint","urlTemplate":"https:\/\/apuntesdesanluis.com\/?s={search_term_string}"},"query-input":{"@type":"PropertyValueSpecification","valueRequired":true,"valueName":"search_term_string"}}],"inLanguage":"es-AR"},{"@type":["Person","Organization"],"@id":"https:\/\/apuntesdesanluis.com\/#\/schema\/person\/b55151d52296fcce64d1a72538a70b90","name":"apuntesdesanluis.com","image":{"@type":"ImageObject","inLanguage":"es-AR","@id":"https:\/\/apuntesdesanluis.com\/#\/schema\/person\/image\/","url":"https:\/\/apuntesdesanluis.com\/wp-content\/uploads\/2023\/07\/cropped-apuntesdesanluis.png","contentUrl":"https:\/\/apuntesdesanluis.com\/wp-content\/uploads\/2023\/07\/cropped-apuntesdesanluis.png","width":450,"height":112,"caption":"apuntesdesanluis.com"},"logo":{"@id":"https:\/\/apuntesdesanluis.com\/#\/schema\/person\/image\/"},"sameAs":["https:\/\/apuntesdesanluis.com"],"url":"https:\/\/apuntesdesanluis.com\/index.php\/author\/apuntesdesanluis-com\/"}]}},"featured_image_urls":{"full":["https:\/\/apuntesdesanluis.com\/wp-content\/uploads\/2024\/10\/fiesta-valle-del-sol-portada.jpg",800,533,false],"thumbnail":["https:\/\/apuntesdesanluis.com\/wp-content\/uploads\/2024\/10\/fiesta-valle-del-sol-portada-150x150.jpg",150,150,true],"medium":["https:\/\/apuntesdesanluis.com\/wp-content\/uploads\/2024\/10\/fiesta-valle-del-sol-portada-300x200.jpg",300,200,true],"medium_large":["https:\/\/apuntesdesanluis.com\/wp-content\/uploads\/2024\/10\/fiesta-valle-del-sol-portada-768x512.jpg",640,427,true],"large":["https:\/\/apuntesdesanluis.com\/wp-content\/uploads\/2024\/10\/fiesta-valle-del-sol-portada.jpg",640,426,false],"1536x1536":["https:\/\/apuntesdesanluis.com\/wp-content\/uploads\/2024\/10\/fiesta-valle-del-sol-portada.jpg",800,533,false],"2048x2048":["https:\/\/apuntesdesanluis.com\/wp-content\/uploads\/2024\/10\/fiesta-valle-del-sol-portada.jpg",800,533,false],"newsever-slider-full":["https:\/\/apuntesdesanluis.com\/wp-content\/uploads\/2024\/10\/fiesta-valle-del-sol-portada.jpg",800,533,false],"newsever-featured":["https:\/\/apuntesdesanluis.com\/wp-content\/uploads\/2024\/10\/fiesta-valle-del-sol-portada.jpg",800,533,false],"newsever-medium":["https:\/\/apuntesdesanluis.com\/wp-content\/uploads\/2024\/10\/fiesta-valle-del-sol-portada-720x475.jpg",720,475,true]},"author_info":{"display_name":"apuntesdesanluis.com","author_link":"https:\/\/apuntesdesanluis.com\/index.php\/author\/apuntesdesanluis-com\/"},"category_info":"<a href=\"https:\/\/apuntesdesanluis.com\/index.php\/category\/ciudad-provincia\/\" rel=\"category tag\">Ciudad\/Provincia<\/a>","tag_info":"Ciudad\/Provincia","comment_count":"0","_links":{"self":[{"href":"https:\/\/apuntesdesanluis.com\/index.php\/wp-json\/wp\/v2\/posts\/24110","targetHints":{"allow":["GET"]}}],"collection":[{"href":"https:\/\/apuntesdesanluis.com\/index.php\/wp-json\/wp\/v2\/posts"}],"about":[{"href":"https:\/\/apuntesdesanluis.com\/index.php\/wp-json\/wp\/v2\/types\/post"}],"author":[{"embeddable":true,"href":"https:\/\/apuntesdesanluis.com\/index.php\/wp-json\/wp\/v2\/users\/1"}],"replies":[{"embeddable":true,"href":"https:\/\/apuntesdesanluis.com\/index.php\/wp-json\/wp\/v2\/comments?post=24110"}],"version-history":[{"count":3,"href":"https:\/\/apuntesdesanluis.com\/index.php\/wp-json\/wp\/v2\/posts\/24110\/revisions"}],"predecessor-version":[{"id":24120,"href":"https:\/\/apuntesdesanluis.com\/index.php\/wp-json\/wp\/v2\/posts\/24110\/revisions\/24120"}],"wp:featuredmedia":[{"embeddable":true,"href":"https:\/\/apuntesdesanluis.com\/index.php\/wp-json\/wp\/v2\/media\/24111"}],"wp:attachment":[{"href":"https:\/\/apuntesdesanluis.com\/index.php\/wp-json\/wp\/v2\/media?parent=24110"}],"wp:term":[{"taxonomy":"category","embeddable":true,"href":"https:\/\/apuntesdesanluis.com\/index.php\/wp-json\/wp\/v2\/categories?post=24110"},{"taxonomy":"post_tag","embeddable":true,"href":"https:\/\/apuntesdesanluis.com\/index.php\/wp-json\/wp\/v2\/tags?post=24110"}],"curies":[{"name":"wp","href":"https:\/\/api.w.org\/{rel}","templated":true}]}}