{"id":24121,"date":"2024-10-20T21:36:20","date_gmt":"2024-10-21T00:36:20","guid":{"rendered":"https:\/\/apuntesdesanluis.com\/?p=24121"},"modified":"2024-10-20T22:30:19","modified_gmt":"2024-10-21T01:30:19","slug":"rodriguez-saa-se-sumo-a-la-lista-de-quintela-para-enfrentar-a-cristina-fernandez","status":"publish","type":"post","link":"https:\/\/apuntesdesanluis.com\/index.php\/2024\/10\/20\/rodriguez-saa-se-sumo-a-la-lista-de-quintela-para-enfrentar-a-cristina-fernandez\/","title":{"rendered":"RODR\u00cdGUEZ SA\u00c1 SE SUM\u00d3 A LA LISTA DE QUINTELA PARA ENFRENTAR A CRISTINA FERN\u00c1NDEZ"},"content":{"rendered":"<h3>Aunque muchos pensaban que finalmente se suspender\u00eda, los tiempos siguieron avanzando, la unidad no se alcanz\u00f3 y el 17 de noviembre parece que habr\u00e1 interna en el Partido Justicialista para elegir las nuevas autoridades.<\/h3>\n<h3>Viendo los candidatos y las listas que se enfrentan, la renovaci\u00f3n parece que tuvo poco lugar. De un lado <strong>Cristina Fern\u00e1ndez de Kirchner<\/strong>, enfrente, el gobernador de La Rioja, <strong>Ricardo Quintela<\/strong>, quienes ayer presentaron sus respectivas listas de candidatos.<\/h3>\n<h3>La expresidenta con su nombre a la cabeza, sum\u00f3 al titular del bloque de senadores de Uni\u00f3n por la Patria, Jos\u00e9 Mayans, para vicepresidente 1\u00b0; la senadora catamarque\u00f1a Luc\u00eda Corpacci para vicepresidente 2\u00b0; el presidente del bloque diputados de UP, Germ\u00e1n Mart\u00ednez, para vicepresidente 3\u00b0; la intendenta de Moreno, Mariel Fern\u00e1ndez, para vicepresidente 4\u00b0; y el secretario general de SMATA, Ricardo Pignanneli, para vicepresidente 5\u00b0.<\/h3>\n<p><img fetchpriority=\"high\" decoding=\"async\" class=\"wp-image-24133 aligncenter\" src=\"https:\/\/apuntesdesanluis.com\/wp-content\/uploads\/2024\/10\/lista-300x209.png\" alt=\"\" width=\"644\" height=\"449\" srcset=\"https:\/\/apuntesdesanluis.com\/wp-content\/uploads\/2024\/10\/lista-300x209.png 300w, https:\/\/apuntesdesanluis.com\/wp-content\/uploads\/2024\/10\/lista-768x534.png 768w, https:\/\/apuntesdesanluis.com\/wp-content\/uploads\/2024\/10\/lista.png 1003w\" sizes=\"(max-width: 644px) 100vw, 644px\" \/><\/p>\n<h3>En contraposici\u00f3n, Quintela, bajo la promesa de establecer un peronismo m\u00e1s federal, eligi\u00f3 a la intendenta de Barranqueras (Chaco), Magda Ayala, como candidata a vicepresidenta 1\u00b0 del partido; al ex gobernador de San Luis <strong>Alberto Rodr\u00edguez Sa\u00e1<\/strong> para vicepresidente 2\u00b0; a la Secretaria Gremial UPCN en CABA, Mariana Gadea, para vicepresidente 3\u00b0; al legislador de la provincia de Tucum\u00e1n Roque \u00c1lvarez para vicepresidente 4\u00b0; y a la intendenta de La Vi\u00f1a (Salta) Alba S\u00e1nchez para vicepresidente 5\u00b0.<\/h3>\n<h3><img decoding=\"async\" class=\"wp-image-24122 aligncenter\" src=\"https:\/\/apuntesdesanluis.com\/wp-content\/uploads\/2024\/10\/rodriguez-saa-zabala-chacur-y-pipi-ali-300x148.png\" alt=\"\" width=\"555\" height=\"274\" srcset=\"https:\/\/apuntesdesanluis.com\/wp-content\/uploads\/2024\/10\/rodriguez-saa-zabala-chacur-y-pipi-ali-300x148.png 300w, https:\/\/apuntesdesanluis.com\/wp-content\/uploads\/2024\/10\/rodriguez-saa-zabala-chacur-y-pipi-ali.png 715w\" sizes=\"(max-width: 555px) 100vw, 555px\" \/><\/h3>\n<h3>Rodr\u00edguez Sa\u00e1 tambi\u00e9n logr\u00f3 incorporar como consejeros titulares a la diputada nacional <strong>Natalia Zabala Chacur, Ernesto \u201cPipi\u201d Al\u00ed, Nazarena Echand\u00eda<\/strong> (\u00fanica dirigente de Villa Mercedes), <strong>Ayel\u00e9n Mazzina y Chintia Ramirez<\/strong>, en tanto que <strong>\u00c1ngela Guti\u00e9rrez<\/strong> aparece como consejera suplente.<\/h3>\n<h3>Por lo que pudo saberse, la decisi\u00f3n de Rodr\u00edguez Sa\u00e1 de sumarse a las huestes de Quintela provoc\u00f3 una ruptura con los distintos sectores kirchneristas que lo apoyaron e integraron su gobierno.<\/h3>\n<p>&nbsp;<\/p>\n<p>&nbsp;<\/p>\n<p>&nbsp;<\/p>\n<p>&nbsp;<\/p>\n<p>&nbsp;<\/p>\n<p>&nbsp;<\/p>\n<p>&nbsp;<\/p>\n<p>&nbsp;<\/p>\n<p>&nbsp;<\/p>\n","protected":false},"excerpt":{"rendered":"<p>Aunque muchos pensaban que finalmente se suspender\u00eda, los tiempos siguieron avanzando, la unidad no se&#8230;<\/p>\n","protected":false},"author":1,"featured_media":24123,"comment_status":"closed","ping_status":"closed","sticky":false,"template":"","format":"standard","meta":{"footnotes":""},"categories":[5],"tags":[],"class_list":["post-24121","post","type-post","status-publish","format-standard","has-post-thumbnail","hentry","category-nacionales-internacionales"],"yoast_head":"<!-- This site is optimized with the Yoast SEO plugin v26.1.1 - https:\/\/yoast.com\/wordpress\/plugins\/seo\/ -->\n<title>RODR\u00cdGUEZ SA\u00c1 SE SUM\u00d3 A LA LISTA DE QUINTELA PARA ENFRENTAR A CRISTINA FERN\u00c1NDEZ - Apuntes de San Luis<\/title>\n<meta name=\"robots\" content=\"index, follow, max-snippet:-1, max-image-preview:large, max-video-preview:-1\" \/>\n<link rel=\"canonical\" href=\"https:\/\/apuntesdesanluis.com\/index.php\/2024\/10\/20\/rodriguez-saa-se-sumo-a-la-lista-de-quintela-para-enfrentar-a-cristina-fernandez\/\" \/>\n<meta property=\"og:locale\" content=\"es_ES\" \/>\n<meta property=\"og:type\" content=\"article\" \/>\n<meta property=\"og:title\" content=\"RODR\u00cdGUEZ SA\u00c1 SE SUM\u00d3 A LA LISTA DE QUINTELA PARA ENFRENTAR A CRISTINA FERN\u00c1NDEZ - Apuntes de San Luis\" \/>\n<meta property=\"og:description\" content=\"Aunque muchos pensaban que finalmente se suspender\u00eda, los tiempos siguieron avanzando, la unidad no se...\" \/>\n<meta property=\"og:url\" content=\"https:\/\/apuntesdesanluis.com\/index.php\/2024\/10\/20\/rodriguez-saa-se-sumo-a-la-lista-de-quintela-para-enfrentar-a-cristina-fernandez\/\" \/>\n<meta property=\"og:site_name\" content=\"Apuntes de San Luis\" \/>\n<meta property=\"article:published_time\" content=\"2024-10-21T00:36:20+00:00\" \/>\n<meta property=\"article:modified_time\" content=\"2024-10-21T01:30:19+00:00\" \/>\n<meta property=\"og:image\" content=\"https:\/\/apuntesdesanluis.com\/wp-content\/uploads\/2024\/10\/crist-y-quintela.png\" \/>\n\t<meta property=\"og:image:width\" content=\"850\" \/>\n\t<meta property=\"og:image:height\" content=\"490\" \/>\n\t<meta property=\"og:image:type\" content=\"image\/png\" \/>\n<meta name=\"author\" content=\"apuntesdesanluis.com\" \/>\n<meta name=\"twitter:card\" content=\"summary_large_image\" \/>\n<meta name=\"twitter:label1\" content=\"Escrito por\" \/>\n\t<meta name=\"twitter:data1\" content=\"apuntesdesanluis.com\" \/>\n\t<meta name=\"twitter:label2\" content=\"Tiempo de lectura\" \/>\n\t<meta name=\"twitter:data2\" content=\"2 minutos\" \/>\n<script type=\"application\/ld+json\" class=\"yoast-schema-graph\">{\"@context\":\"https:\/\/schema.org\",\"@graph\":[{\"@type\":\"Article\",\"@id\":\"https:\/\/apuntesdesanluis.com\/index.php\/2024\/10\/20\/rodriguez-saa-se-sumo-a-la-lista-de-quintela-para-enfrentar-a-cristina-fernandez\/#article\",\"isPartOf\":{\"@id\":\"https:\/\/apuntesdesanluis.com\/index.php\/2024\/10\/20\/rodriguez-saa-se-sumo-a-la-lista-de-quintela-para-enfrentar-a-cristina-fernandez\/\"},\"author\":{\"name\":\"apuntesdesanluis.com\",\"@id\":\"https:\/\/apuntesdesanluis.com\/#\/schema\/person\/b55151d52296fcce64d1a72538a70b90\"},\"headline\":\"RODR\u00cdGUEZ SA\u00c1 SE SUM\u00d3 A LA LISTA DE QUINTELA PARA ENFRENTAR A CRISTINA FERN\u00c1NDEZ\",\"datePublished\":\"2024-10-21T00:36:20+00:00\",\"dateModified\":\"2024-10-21T01:30:19+00:00\",\"mainEntityOfPage\":{\"@id\":\"https:\/\/apuntesdesanluis.com\/index.php\/2024\/10\/20\/rodriguez-saa-se-sumo-a-la-lista-de-quintela-para-enfrentar-a-cristina-fernandez\/\"},\"wordCount\":322,\"publisher\":{\"@id\":\"https:\/\/apuntesdesanluis.com\/#\/schema\/person\/b55151d52296fcce64d1a72538a70b90\"},\"image\":{\"@id\":\"https:\/\/apuntesdesanluis.com\/index.php\/2024\/10\/20\/rodriguez-saa-se-sumo-a-la-lista-de-quintela-para-enfrentar-a-cristina-fernandez\/#primaryimage\"},\"thumbnailUrl\":\"https:\/\/apuntesdesanluis.com\/wp-content\/uploads\/2024\/10\/crist-y-quintela.png\",\"articleSection\":[\"Nacionales\/Internacionales\"],\"inLanguage\":\"es-AR\"},{\"@type\":\"WebPage\",\"@id\":\"https:\/\/apuntesdesanluis.com\/index.php\/2024\/10\/20\/rodriguez-saa-se-sumo-a-la-lista-de-quintela-para-enfrentar-a-cristina-fernandez\/\",\"url\":\"https:\/\/apuntesdesanluis.com\/index.php\/2024\/10\/20\/rodriguez-saa-se-sumo-a-la-lista-de-quintela-para-enfrentar-a-cristina-fernandez\/\",\"name\":\"RODR\u00cdGUEZ SA\u00c1 SE SUM\u00d3 A LA LISTA DE QUINTELA PARA ENFRENTAR A CRISTINA FERN\u00c1NDEZ - Apuntes de San Luis\",\"isPartOf\":{\"@id\":\"https:\/\/apuntesdesanluis.com\/#website\"},\"primaryImageOfPage\":{\"@id\":\"https:\/\/apuntesdesanluis.com\/index.php\/2024\/10\/20\/rodriguez-saa-se-sumo-a-la-lista-de-quintela-para-enfrentar-a-cristina-fernandez\/#primaryimage\"},\"image\":{\"@id\":\"https:\/\/apuntesdesanluis.com\/index.php\/2024\/10\/20\/rodriguez-saa-se-sumo-a-la-lista-de-quintela-para-enfrentar-a-cristina-fernandez\/#primaryimage\"},\"thumbnailUrl\":\"https:\/\/apuntesdesanluis.com\/wp-content\/uploads\/2024\/10\/crist-y-quintela.png\",\"datePublished\":\"2024-10-21T00:36:20+00:00\",\"dateModified\":\"2024-10-21T01:30:19+00:00\",\"breadcrumb\":{\"@id\":\"https:\/\/apuntesdesanluis.com\/index.php\/2024\/10\/20\/rodriguez-saa-se-sumo-a-la-lista-de-quintela-para-enfrentar-a-cristina-fernandez\/#breadcrumb\"},\"inLanguage\":\"es-AR\",\"potentialAction\":[{\"@type\":\"ReadAction\",\"target\":[\"https:\/\/apuntesdesanluis.com\/index.php\/2024\/10\/20\/rodriguez-saa-se-sumo-a-la-lista-de-quintela-para-enfrentar-a-cristina-fernandez\/\"]}]},{\"@type\":\"ImageObject\",\"inLanguage\":\"es-AR\",\"@id\":\"https:\/\/apuntesdesanluis.com\/index.php\/2024\/10\/20\/rodriguez-saa-se-sumo-a-la-lista-de-quintela-para-enfrentar-a-cristina-fernandez\/#primaryimage\",\"url\":\"https:\/\/apuntesdesanluis.com\/wp-content\/uploads\/2024\/10\/crist-y-quintela.png\",\"contentUrl\":\"https:\/\/apuntesdesanluis.com\/wp-content\/uploads\/2024\/10\/crist-y-quintela.png\",\"width\":850,\"height\":490},{\"@type\":\"BreadcrumbList\",\"@id\":\"https:\/\/apuntesdesanluis.com\/index.php\/2024\/10\/20\/rodriguez-saa-se-sumo-a-la-lista-de-quintela-para-enfrentar-a-cristina-fernandez\/#breadcrumb\",\"itemListElement\":[{\"@type\":\"ListItem\",\"position\":1,\"name\":\"Inicio\",\"item\":\"https:\/\/apuntesdesanluis.com\/\"},{\"@type\":\"ListItem\",\"position\":2,\"name\":\"RODR\u00cdGUEZ SA\u00c1 SE SUM\u00d3 A LA LISTA DE QUINTELA PARA ENFRENTAR A CRISTINA FERN\u00c1NDEZ\"}]},{\"@type\":\"WebSite\",\"@id\":\"https:\/\/apuntesdesanluis.com\/#website\",\"url\":\"https:\/\/apuntesdesanluis.com\/\",\"name\":\"Apuntes de San Luis\",\"description\":\"\",\"publisher\":{\"@id\":\"https:\/\/apuntesdesanluis.com\/#\/schema\/person\/b55151d52296fcce64d1a72538a70b90\"},\"potentialAction\":[{\"@type\":\"SearchAction\",\"target\":{\"@type\":\"EntryPoint\",\"urlTemplate\":\"https:\/\/apuntesdesanluis.com\/?s={search_term_string}\"},\"query-input\":{\"@type\":\"PropertyValueSpecification\",\"valueRequired\":true,\"valueName\":\"search_term_string\"}}],\"inLanguage\":\"es-AR\"},{\"@type\":[\"Person\",\"Organization\"],\"@id\":\"https:\/\/apuntesdesanluis.com\/#\/schema\/person\/b55151d52296fcce64d1a72538a70b90\",\"name\":\"apuntesdesanluis.com\",\"image\":{\"@type\":\"ImageObject\",\"inLanguage\":\"es-AR\",\"@id\":\"https:\/\/apuntesdesanluis.com\/#\/schema\/person\/image\/\",\"url\":\"https:\/\/apuntesdesanluis.com\/wp-content\/uploads\/2023\/07\/cropped-apuntesdesanluis.png\",\"contentUrl\":\"https:\/\/apuntesdesanluis.com\/wp-content\/uploads\/2023\/07\/cropped-apuntesdesanluis.png\",\"width\":450,\"height\":112,\"caption\":\"apuntesdesanluis.com\"},\"logo\":{\"@id\":\"https:\/\/apuntesdesanluis.com\/#\/schema\/person\/image\/\"},\"sameAs\":[\"https:\/\/apuntesdesanluis.com\"],\"url\":\"https:\/\/apuntesdesanluis.com\/index.php\/author\/apuntesdesanluis-com\/\"}]}<\/script>\n<!-- \/ Yoast SEO plugin. -->","yoast_head_json":{"title":"RODR\u00cdGUEZ SA\u00c1 SE SUM\u00d3 A LA LISTA DE QUINTELA PARA ENFRENTAR A CRISTINA FERN\u00c1NDEZ - Apuntes de San Luis","robots":{"index":"index","follow":"follow","max-snippet":"max-snippet:-1","max-image-preview":"max-image-preview:large","max-video-preview":"max-video-preview:-1"},"canonical":"https:\/\/apuntesdesanluis.com\/index.php\/2024\/10\/20\/rodriguez-saa-se-sumo-a-la-lista-de-quintela-para-enfrentar-a-cristina-fernandez\/","og_locale":"es_ES","og_type":"article","og_title":"RODR\u00cdGUEZ SA\u00c1 SE SUM\u00d3 A LA LISTA DE QUINTELA PARA ENFRENTAR A CRISTINA FERN\u00c1NDEZ - Apuntes de San Luis","og_description":"Aunque muchos pensaban que finalmente se suspender\u00eda, los tiempos siguieron avanzando, la unidad no se...","og_url":"https:\/\/apuntesdesanluis.com\/index.php\/2024\/10\/20\/rodriguez-saa-se-sumo-a-la-lista-de-quintela-para-enfrentar-a-cristina-fernandez\/","og_site_name":"Apuntes de San Luis","article_published_time":"2024-10-21T00:36:20+00:00","article_modified_time":"2024-10-21T01:30:19+00:00","og_image":[{"width":850,"height":490,"url":"https:\/\/apuntesdesanluis.com\/wp-content\/uploads\/2024\/10\/crist-y-quintela.png","type":"image\/png"}],"author":"apuntesdesanluis.com","twitter_card":"summary_large_image","twitter_misc":{"Escrito por":"apuntesdesanluis.com","Tiempo de lectura":"2 minutos"},"schema":{"@context":"https:\/\/schema.org","@graph":[{"@type":"Article","@id":"https:\/\/apuntesdesanluis.com\/index.php\/2024\/10\/20\/rodriguez-saa-se-sumo-a-la-lista-de-quintela-para-enfrentar-a-cristina-fernandez\/#article","isPartOf":{"@id":"https:\/\/apuntesdesanluis.com\/index.php\/2024\/10\/20\/rodriguez-saa-se-sumo-a-la-lista-de-quintela-para-enfrentar-a-cristina-fernandez\/"},"author":{"name":"apuntesdesanluis.com","@id":"https:\/\/apuntesdesanluis.com\/#\/schema\/person\/b55151d52296fcce64d1a72538a70b90"},"headline":"RODR\u00cdGUEZ SA\u00c1 SE SUM\u00d3 A LA LISTA DE QUINTELA PARA ENFRENTAR A CRISTINA FERN\u00c1NDEZ","datePublished":"2024-10-21T00:36:20+00:00","dateModified":"2024-10-21T01:30:19+00:00","mainEntityOfPage":{"@id":"https:\/\/apuntesdesanluis.com\/index.php\/2024\/10\/20\/rodriguez-saa-se-sumo-a-la-lista-de-quintela-para-enfrentar-a-cristina-fernandez\/"},"wordCount":322,"publisher":{"@id":"https:\/\/apuntesdesanluis.com\/#\/schema\/person\/b55151d52296fcce64d1a72538a70b90"},"image":{"@id":"https:\/\/apuntesdesanluis.com\/index.php\/2024\/10\/20\/rodriguez-saa-se-sumo-a-la-lista-de-quintela-para-enfrentar-a-cristina-fernandez\/#primaryimage"},"thumbnailUrl":"https:\/\/apuntesdesanluis.com\/wp-content\/uploads\/2024\/10\/crist-y-quintela.png","articleSection":["Nacionales\/Internacionales"],"inLanguage":"es-AR"},{"@type":"WebPage","@id":"https:\/\/apuntesdesanluis.com\/index.php\/2024\/10\/20\/rodriguez-saa-se-sumo-a-la-lista-de-quintela-para-enfrentar-a-cristina-fernandez\/","url":"https:\/\/apuntesdesanluis.com\/index.php\/2024\/10\/20\/rodriguez-saa-se-sumo-a-la-lista-de-quintela-para-enfrentar-a-cristina-fernandez\/","name":"RODR\u00cdGUEZ SA\u00c1 SE SUM\u00d3 A LA LISTA DE QUINTELA PARA ENFRENTAR A CRISTINA FERN\u00c1NDEZ - Apuntes de San Luis","isPartOf":{"@id":"https:\/\/apuntesdesanluis.com\/#website"},"primaryImageOfPage":{"@id":"https:\/\/apuntesdesanluis.com\/index.php\/2024\/10\/20\/rodriguez-saa-se-sumo-a-la-lista-de-quintela-para-enfrentar-a-cristina-fernandez\/#primaryimage"},"image":{"@id":"https:\/\/apuntesdesanluis.com\/index.php\/2024\/10\/20\/rodriguez-saa-se-sumo-a-la-lista-de-quintela-para-enfrentar-a-cristina-fernandez\/#primaryimage"},"thumbnailUrl":"https:\/\/apuntesdesanluis.com\/wp-content\/uploads\/2024\/10\/crist-y-quintela.png","datePublished":"2024-10-21T00:36:20+00:00","dateModified":"2024-10-21T01:30:19+00:00","breadcrumb":{"@id":"https:\/\/apuntesdesanluis.com\/index.php\/2024\/10\/20\/rodriguez-saa-se-sumo-a-la-lista-de-quintela-para-enfrentar-a-cristina-fernandez\/#breadcrumb"},"inLanguage":"es-AR","potentialAction":[{"@type":"ReadAction","target":["https:\/\/apuntesdesanluis.com\/index.php\/2024\/10\/20\/rodriguez-saa-se-sumo-a-la-lista-de-quintela-para-enfrentar-a-cristina-fernandez\/"]}]},{"@type":"ImageObject","inLanguage":"es-AR","@id":"https:\/\/apuntesdesanluis.com\/index.php\/2024\/10\/20\/rodriguez-saa-se-sumo-a-la-lista-de-quintela-para-enfrentar-a-cristina-fernandez\/#primaryimage","url":"https:\/\/apuntesdesanluis.com\/wp-content\/uploads\/2024\/10\/crist-y-quintela.png","contentUrl":"https:\/\/apuntesdesanluis.com\/wp-content\/uploads\/2024\/10\/crist-y-quintela.png","width":850,"height":490},{"@type":"BreadcrumbList","@id":"https:\/\/apuntesdesanluis.com\/index.php\/2024\/10\/20\/rodriguez-saa-se-sumo-a-la-lista-de-quintela-para-enfrentar-a-cristina-fernandez\/#breadcrumb","itemListElement":[{"@type":"ListItem","position":1,"name":"Inicio","item":"https:\/\/apuntesdesanluis.com\/"},{"@type":"ListItem","position":2,"name":"RODR\u00cdGUEZ SA\u00c1 SE SUM\u00d3 A LA LISTA DE QUINTELA PARA ENFRENTAR A CRISTINA FERN\u00c1NDEZ"}]},{"@type":"WebSite","@id":"https:\/\/apuntesdesanluis.com\/#website","url":"https:\/\/apuntesdesanluis.com\/","name":"Apuntes de San Luis","description":"","publisher":{"@id":"https:\/\/apuntesdesanluis.com\/#\/schema\/person\/b55151d52296fcce64d1a72538a70b90"},"potentialAction":[{"@type":"SearchAction","target":{"@type":"EntryPoint","urlTemplate":"https:\/\/apuntesdesanluis.com\/?s={search_term_string}"},"query-input":{"@type":"PropertyValueSpecification","valueRequired":true,"valueName":"search_term_string"}}],"inLanguage":"es-AR"},{"@type":["Person","Organization"],"@id":"https:\/\/apuntesdesanluis.com\/#\/schema\/person\/b55151d52296fcce64d1a72538a70b90","name":"apuntesdesanluis.com","image":{"@type":"ImageObject","inLanguage":"es-AR","@id":"https:\/\/apuntesdesanluis.com\/#\/schema\/person\/image\/","url":"https:\/\/apuntesdesanluis.com\/wp-content\/uploads\/2023\/07\/cropped-apuntesdesanluis.png","contentUrl":"https:\/\/apuntesdesanluis.com\/wp-content\/uploads\/2023\/07\/cropped-apuntesdesanluis.png","width":450,"height":112,"caption":"apuntesdesanluis.com"},"logo":{"@id":"https:\/\/apuntesdesanluis.com\/#\/schema\/person\/image\/"},"sameAs":["https:\/\/apuntesdesanluis.com"],"url":"https:\/\/apuntesdesanluis.com\/index.php\/author\/apuntesdesanluis-com\/"}]}},"featured_image_urls":{"full":["https:\/\/apuntesdesanluis.com\/wp-content\/uploads\/2024\/10\/crist-y-quintela.png",850,490,false],"thumbnail":["https:\/\/apuntesdesanluis.com\/wp-content\/uploads\/2024\/10\/crist-y-quintela-150x150.png",150,150,true],"medium":["https:\/\/apuntesdesanluis.com\/wp-content\/uploads\/2024\/10\/crist-y-quintela-300x173.png",300,173,true],"medium_large":["https:\/\/apuntesdesanluis.com\/wp-content\/uploads\/2024\/10\/crist-y-quintela-768x443.png",640,369,true],"large":["https:\/\/apuntesdesanluis.com\/wp-content\/uploads\/2024\/10\/crist-y-quintela.png",640,369,false],"1536x1536":["https:\/\/apuntesdesanluis.com\/wp-content\/uploads\/2024\/10\/crist-y-quintela.png",850,490,false],"2048x2048":["https:\/\/apuntesdesanluis.com\/wp-content\/uploads\/2024\/10\/crist-y-quintela.png",850,490,false],"newsever-slider-full":["https:\/\/apuntesdesanluis.com\/wp-content\/uploads\/2024\/10\/crist-y-quintela.png",850,490,false],"newsever-featured":["https:\/\/apuntesdesanluis.com\/wp-content\/uploads\/2024\/10\/crist-y-quintela.png",850,490,false],"newsever-medium":["https:\/\/apuntesdesanluis.com\/wp-content\/uploads\/2024\/10\/crist-y-quintela-720x475.png",720,475,true]},"author_info":{"display_name":"apuntesdesanluis.com","author_link":"https:\/\/apuntesdesanluis.com\/index.php\/author\/apuntesdesanluis-com\/"},"category_info":"<a href=\"https:\/\/apuntesdesanluis.com\/index.php\/category\/nacionales-internacionales\/\" rel=\"category tag\">Nacionales\/Internacionales<\/a>","tag_info":"Nacionales\/Internacionales","comment_count":"0","_links":{"self":[{"href":"https:\/\/apuntesdesanluis.com\/index.php\/wp-json\/wp\/v2\/posts\/24121","targetHints":{"allow":["GET"]}}],"collection":[{"href":"https:\/\/apuntesdesanluis.com\/index.php\/wp-json\/wp\/v2\/posts"}],"about":[{"href":"https:\/\/apuntesdesanluis.com\/index.php\/wp-json\/wp\/v2\/types\/post"}],"author":[{"embeddable":true,"href":"https:\/\/apuntesdesanluis.com\/index.php\/wp-json\/wp\/v2\/users\/1"}],"replies":[{"embeddable":true,"href":"https:\/\/apuntesdesanluis.com\/index.php\/wp-json\/wp\/v2\/comments?post=24121"}],"version-history":[{"count":4,"href":"https:\/\/apuntesdesanluis.com\/index.php\/wp-json\/wp\/v2\/posts\/24121\/revisions"}],"predecessor-version":[{"id":24134,"href":"https:\/\/apuntesdesanluis.com\/index.php\/wp-json\/wp\/v2\/posts\/24121\/revisions\/24134"}],"wp:featuredmedia":[{"embeddable":true,"href":"https:\/\/apuntesdesanluis.com\/index.php\/wp-json\/wp\/v2\/media\/24123"}],"wp:attachment":[{"href":"https:\/\/apuntesdesanluis.com\/index.php\/wp-json\/wp\/v2\/media?parent=24121"}],"wp:term":[{"taxonomy":"category","embeddable":true,"href":"https:\/\/apuntesdesanluis.com\/index.php\/wp-json\/wp\/v2\/categories?post=24121"},{"taxonomy":"post_tag","embeddable":true,"href":"https:\/\/apuntesdesanluis.com\/index.php\/wp-json\/wp\/v2\/tags?post=24121"}],"curies":[{"name":"wp","href":"https:\/\/api.w.org\/{rel}","templated":true}]}}