{"id":24127,"date":"2024-10-20T22:27:30","date_gmt":"2024-10-21T01:27:30","guid":{"rendered":"https:\/\/apuntesdesanluis.com\/?p=24127"},"modified":"2024-10-20T22:28:27","modified_gmt":"2024-10-21T01:28:27","slug":"ni-el-dia-de-la-madre-ni-la-fe-detuvieron-a-joven-borracho-que-quiso-robar-el-caliz-durante-la-misa","status":"publish","type":"post","link":"https:\/\/apuntesdesanluis.com\/index.php\/2024\/10\/20\/ni-el-dia-de-la-madre-ni-la-fe-detuvieron-a-joven-borracho-que-quiso-robar-el-caliz-durante-la-misa\/","title":{"rendered":"NI EL D\u00cdA DE LA MADRE NI LA FE DETUVIERON A JOVEN QUE QUISO ROBAR EL C\u00c1LIZ DURANTE LA MISA"},"content":{"rendered":"<h3>Teniendo en cuenta que era el D\u00eda de la Madre, algunos arriesgaron que deb\u00eda ser hu\u00e9rfano. Otros fueron m\u00e1s directos y lo descalificaron por ateo. Lo cierto es que el joven borracho que irrumpi\u00f3 en la misa de esta ma\u00f1ana, en la parroquia San Roque de San Luis, se gan\u00f3 el abucheo de los fieles. Los m\u00e1s extremistas llegaron a pensar en crucificarlo all\u00ed mismo.<\/h3>\n<h3>El disturbio tuvo lugar este domingo y oblig\u00f3 a la intervenci\u00f3n de efectivos del Comando Radioel\u00e9ctrico de San Luis.<\/h3>\n<p><img fetchpriority=\"high\" decoding=\"async\" class=\"wp-image-24129 aligncenter\" src=\"https:\/\/apuntesdesanluis.com\/wp-content\/uploads\/2024\/10\/padre-ignacio-300x200.png\" alt=\"\" width=\"623\" height=\"415\" srcset=\"https:\/\/apuntesdesanluis.com\/wp-content\/uploads\/2024\/10\/padre-ignacio-300x200.png 300w, https:\/\/apuntesdesanluis.com\/wp-content\/uploads\/2024\/10\/padre-ignacio.png 578w\" sizes=\"(max-width: 623px) 100vw, 623px\" \/><\/p>\n<h3>Los polic\u00edas fueron alertados por el Centro de Atenci\u00f3n de Emergencias 911, por un disturbio en la <strong>parroquia San Roque<\/strong>, ubicada en avenida Justo Daract al 1700. Al llegar al lugar, los uniformados se entrevistaron con un hombre de 65 a\u00f1os, quien les manifest\u00f3 que un sujeto (el joven de 23 a\u00f1os) en aparente estado de ebriedad hab\u00eda ingresado a la iglesia durante la misa, y en el interior intent\u00f3 sacar el c\u00e1liz.<\/h3>\n<h3>Luego, insult\u00f3 a las personas que se encontraban en el lugar y se retir\u00f3. Con las caracter\u00edsticas aportadas, los polic\u00edas interceptaron al individuo en inmediaciones de avenida Justo Daract y calle Arist\u00f3bulo del Valle.<\/h3>\n<h3><img decoding=\"async\" class=\"wp-image-24130 aligncenter\" src=\"https:\/\/apuntesdesanluis.com\/wp-content\/uploads\/2024\/10\/9b4ae724-2fa0-4e28-a13e-c47ca52c9f78-300x273.jpg\" alt=\"\" width=\"605\" height=\"551\" srcset=\"https:\/\/apuntesdesanluis.com\/wp-content\/uploads\/2024\/10\/9b4ae724-2fa0-4e28-a13e-c47ca52c9f78-300x273.jpg 300w, https:\/\/apuntesdesanluis.com\/wp-content\/uploads\/2024\/10\/9b4ae724-2fa0-4e28-a13e-c47ca52c9f78-768x698.jpg 768w, https:\/\/apuntesdesanluis.com\/wp-content\/uploads\/2024\/10\/9b4ae724-2fa0-4e28-a13e-c47ca52c9f78.jpg 1000w\" sizes=\"(max-width: 605px) 100vw, 605px\" \/><\/h3>\n<h3>Tras ser demorado, el joven fue trasladado a la Comisar\u00eda Seccional 6\u00b0.<\/h3>\n<p>&nbsp;<\/p>\n<p>&nbsp;<\/p>\n<p>&nbsp;<\/p>\n<p>&nbsp;<\/p>\n<p>&nbsp;<\/p>\n<p>&nbsp;<\/p>\n","protected":false},"excerpt":{"rendered":"<p>Teniendo en cuenta que era el D\u00eda de la Madre, algunos arriesgaron que deb\u00eda ser&#8230;<\/p>\n","protected":false},"author":1,"featured_media":24128,"comment_status":"closed","ping_status":"closed","sticky":false,"template":"","format":"standard","meta":{"footnotes":""},"categories":[6],"tags":[],"class_list":["post-24127","post","type-post","status-publish","format-standard","has-post-thumbnail","hentry","category-ciudad-provincia"],"yoast_head":"<!-- This site is optimized with the Yoast SEO plugin v26.1.1 - https:\/\/yoast.com\/wordpress\/plugins\/seo\/ -->\n<title>NI EL D\u00cdA DE LA MADRE NI LA FE DETUVIERON A JOVEN QUE QUISO ROBAR EL C\u00c1LIZ DURANTE LA MISA - Apuntes de San Luis<\/title>\n<meta name=\"robots\" content=\"index, follow, max-snippet:-1, max-image-preview:large, max-video-preview:-1\" \/>\n<link rel=\"canonical\" href=\"https:\/\/apuntesdesanluis.com\/index.php\/2024\/10\/20\/ni-el-dia-de-la-madre-ni-la-fe-detuvieron-a-joven-borracho-que-quiso-robar-el-caliz-durante-la-misa\/\" \/>\n<meta property=\"og:locale\" content=\"es_ES\" \/>\n<meta property=\"og:type\" content=\"article\" \/>\n<meta property=\"og:title\" content=\"NI EL D\u00cdA DE LA MADRE NI LA FE DETUVIERON A JOVEN QUE QUISO ROBAR EL C\u00c1LIZ DURANTE LA MISA - Apuntes de San Luis\" \/>\n<meta property=\"og:description\" content=\"Teniendo en cuenta que era el D\u00eda de la Madre, algunos arriesgaron que deb\u00eda ser...\" \/>\n<meta property=\"og:url\" content=\"https:\/\/apuntesdesanluis.com\/index.php\/2024\/10\/20\/ni-el-dia-de-la-madre-ni-la-fe-detuvieron-a-joven-borracho-que-quiso-robar-el-caliz-durante-la-misa\/\" \/>\n<meta property=\"og:site_name\" content=\"Apuntes de San Luis\" \/>\n<meta property=\"article:published_time\" content=\"2024-10-21T01:27:30+00:00\" \/>\n<meta property=\"article:modified_time\" content=\"2024-10-21T01:28:27+00:00\" \/>\n<meta property=\"og:image\" content=\"https:\/\/apuntesdesanluis.com\/wp-content\/uploads\/2024\/10\/parroquia.png\" \/>\n\t<meta property=\"og:image:width\" content=\"700\" \/>\n\t<meta property=\"og:image:height\" content=\"404\" \/>\n\t<meta property=\"og:image:type\" content=\"image\/png\" \/>\n<meta name=\"author\" content=\"apuntesdesanluis.com\" \/>\n<meta name=\"twitter:card\" content=\"summary_large_image\" \/>\n<meta name=\"twitter:label1\" content=\"Escrito por\" \/>\n\t<meta name=\"twitter:data1\" content=\"apuntesdesanluis.com\" \/>\n\t<meta name=\"twitter:label2\" content=\"Tiempo de lectura\" \/>\n\t<meta name=\"twitter:data2\" content=\"2 minutos\" \/>\n<script type=\"application\/ld+json\" class=\"yoast-schema-graph\">{\"@context\":\"https:\/\/schema.org\",\"@graph\":[{\"@type\":\"Article\",\"@id\":\"https:\/\/apuntesdesanluis.com\/index.php\/2024\/10\/20\/ni-el-dia-de-la-madre-ni-la-fe-detuvieron-a-joven-borracho-que-quiso-robar-el-caliz-durante-la-misa\/#article\",\"isPartOf\":{\"@id\":\"https:\/\/apuntesdesanluis.com\/index.php\/2024\/10\/20\/ni-el-dia-de-la-madre-ni-la-fe-detuvieron-a-joven-borracho-que-quiso-robar-el-caliz-durante-la-misa\/\"},\"author\":{\"name\":\"apuntesdesanluis.com\",\"@id\":\"https:\/\/apuntesdesanluis.com\/#\/schema\/person\/b55151d52296fcce64d1a72538a70b90\"},\"headline\":\"NI EL D\u00cdA DE LA MADRE NI LA FE DETUVIERON A JOVEN QUE QUISO ROBAR EL C\u00c1LIZ DURANTE LA MISA\",\"datePublished\":\"2024-10-21T01:27:30+00:00\",\"dateModified\":\"2024-10-21T01:28:27+00:00\",\"mainEntityOfPage\":{\"@id\":\"https:\/\/apuntesdesanluis.com\/index.php\/2024\/10\/20\/ni-el-dia-de-la-madre-ni-la-fe-detuvieron-a-joven-borracho-que-quiso-robar-el-caliz-durante-la-misa\/\"},\"wordCount\":244,\"publisher\":{\"@id\":\"https:\/\/apuntesdesanluis.com\/#\/schema\/person\/b55151d52296fcce64d1a72538a70b90\"},\"image\":{\"@id\":\"https:\/\/apuntesdesanluis.com\/index.php\/2024\/10\/20\/ni-el-dia-de-la-madre-ni-la-fe-detuvieron-a-joven-borracho-que-quiso-robar-el-caliz-durante-la-misa\/#primaryimage\"},\"thumbnailUrl\":\"https:\/\/apuntesdesanluis.com\/wp-content\/uploads\/2024\/10\/parroquia.png\",\"articleSection\":[\"Ciudad\/Provincia\"],\"inLanguage\":\"es-AR\"},{\"@type\":\"WebPage\",\"@id\":\"https:\/\/apuntesdesanluis.com\/index.php\/2024\/10\/20\/ni-el-dia-de-la-madre-ni-la-fe-detuvieron-a-joven-borracho-que-quiso-robar-el-caliz-durante-la-misa\/\",\"url\":\"https:\/\/apuntesdesanluis.com\/index.php\/2024\/10\/20\/ni-el-dia-de-la-madre-ni-la-fe-detuvieron-a-joven-borracho-que-quiso-robar-el-caliz-durante-la-misa\/\",\"name\":\"NI EL D\u00cdA DE LA MADRE NI LA FE DETUVIERON A JOVEN QUE QUISO ROBAR EL C\u00c1LIZ DURANTE LA MISA - Apuntes de San Luis\",\"isPartOf\":{\"@id\":\"https:\/\/apuntesdesanluis.com\/#website\"},\"primaryImageOfPage\":{\"@id\":\"https:\/\/apuntesdesanluis.com\/index.php\/2024\/10\/20\/ni-el-dia-de-la-madre-ni-la-fe-detuvieron-a-joven-borracho-que-quiso-robar-el-caliz-durante-la-misa\/#primaryimage\"},\"image\":{\"@id\":\"https:\/\/apuntesdesanluis.com\/index.php\/2024\/10\/20\/ni-el-dia-de-la-madre-ni-la-fe-detuvieron-a-joven-borracho-que-quiso-robar-el-caliz-durante-la-misa\/#primaryimage\"},\"thumbnailUrl\":\"https:\/\/apuntesdesanluis.com\/wp-content\/uploads\/2024\/10\/parroquia.png\",\"datePublished\":\"2024-10-21T01:27:30+00:00\",\"dateModified\":\"2024-10-21T01:28:27+00:00\",\"breadcrumb\":{\"@id\":\"https:\/\/apuntesdesanluis.com\/index.php\/2024\/10\/20\/ni-el-dia-de-la-madre-ni-la-fe-detuvieron-a-joven-borracho-que-quiso-robar-el-caliz-durante-la-misa\/#breadcrumb\"},\"inLanguage\":\"es-AR\",\"potentialAction\":[{\"@type\":\"ReadAction\",\"target\":[\"https:\/\/apuntesdesanluis.com\/index.php\/2024\/10\/20\/ni-el-dia-de-la-madre-ni-la-fe-detuvieron-a-joven-borracho-que-quiso-robar-el-caliz-durante-la-misa\/\"]}]},{\"@type\":\"ImageObject\",\"inLanguage\":\"es-AR\",\"@id\":\"https:\/\/apuntesdesanluis.com\/index.php\/2024\/10\/20\/ni-el-dia-de-la-madre-ni-la-fe-detuvieron-a-joven-borracho-que-quiso-robar-el-caliz-durante-la-misa\/#primaryimage\",\"url\":\"https:\/\/apuntesdesanluis.com\/wp-content\/uploads\/2024\/10\/parroquia.png\",\"contentUrl\":\"https:\/\/apuntesdesanluis.com\/wp-content\/uploads\/2024\/10\/parroquia.png\",\"width\":700,\"height\":404},{\"@type\":\"BreadcrumbList\",\"@id\":\"https:\/\/apuntesdesanluis.com\/index.php\/2024\/10\/20\/ni-el-dia-de-la-madre-ni-la-fe-detuvieron-a-joven-borracho-que-quiso-robar-el-caliz-durante-la-misa\/#breadcrumb\",\"itemListElement\":[{\"@type\":\"ListItem\",\"position\":1,\"name\":\"Inicio\",\"item\":\"https:\/\/apuntesdesanluis.com\/\"},{\"@type\":\"ListItem\",\"position\":2,\"name\":\"NI EL D\u00cdA DE LA MADRE NI LA FE DETUVIERON A JOVEN QUE QUISO ROBAR EL C\u00c1LIZ DURANTE LA MISA\"}]},{\"@type\":\"WebSite\",\"@id\":\"https:\/\/apuntesdesanluis.com\/#website\",\"url\":\"https:\/\/apuntesdesanluis.com\/\",\"name\":\"Apuntes de San Luis\",\"description\":\"\",\"publisher\":{\"@id\":\"https:\/\/apuntesdesanluis.com\/#\/schema\/person\/b55151d52296fcce64d1a72538a70b90\"},\"potentialAction\":[{\"@type\":\"SearchAction\",\"target\":{\"@type\":\"EntryPoint\",\"urlTemplate\":\"https:\/\/apuntesdesanluis.com\/?s={search_term_string}\"},\"query-input\":{\"@type\":\"PropertyValueSpecification\",\"valueRequired\":true,\"valueName\":\"search_term_string\"}}],\"inLanguage\":\"es-AR\"},{\"@type\":[\"Person\",\"Organization\"],\"@id\":\"https:\/\/apuntesdesanluis.com\/#\/schema\/person\/b55151d52296fcce64d1a72538a70b90\",\"name\":\"apuntesdesanluis.com\",\"image\":{\"@type\":\"ImageObject\",\"inLanguage\":\"es-AR\",\"@id\":\"https:\/\/apuntesdesanluis.com\/#\/schema\/person\/image\/\",\"url\":\"https:\/\/apuntesdesanluis.com\/wp-content\/uploads\/2023\/07\/cropped-apuntesdesanluis.png\",\"contentUrl\":\"https:\/\/apuntesdesanluis.com\/wp-content\/uploads\/2023\/07\/cropped-apuntesdesanluis.png\",\"width\":450,\"height\":112,\"caption\":\"apuntesdesanluis.com\"},\"logo\":{\"@id\":\"https:\/\/apuntesdesanluis.com\/#\/schema\/person\/image\/\"},\"sameAs\":[\"https:\/\/apuntesdesanluis.com\"],\"url\":\"https:\/\/apuntesdesanluis.com\/index.php\/author\/apuntesdesanluis-com\/\"}]}<\/script>\n<!-- \/ Yoast SEO plugin. -->","yoast_head_json":{"title":"NI EL D\u00cdA DE LA MADRE NI LA FE DETUVIERON A JOVEN QUE QUISO ROBAR EL C\u00c1LIZ DURANTE LA MISA - Apuntes de San Luis","robots":{"index":"index","follow":"follow","max-snippet":"max-snippet:-1","max-image-preview":"max-image-preview:large","max-video-preview":"max-video-preview:-1"},"canonical":"https:\/\/apuntesdesanluis.com\/index.php\/2024\/10\/20\/ni-el-dia-de-la-madre-ni-la-fe-detuvieron-a-joven-borracho-que-quiso-robar-el-caliz-durante-la-misa\/","og_locale":"es_ES","og_type":"article","og_title":"NI EL D\u00cdA DE LA MADRE NI LA FE DETUVIERON A JOVEN QUE QUISO ROBAR EL C\u00c1LIZ DURANTE LA MISA - Apuntes de San Luis","og_description":"Teniendo en cuenta que era el D\u00eda de la Madre, algunos arriesgaron que deb\u00eda ser...","og_url":"https:\/\/apuntesdesanluis.com\/index.php\/2024\/10\/20\/ni-el-dia-de-la-madre-ni-la-fe-detuvieron-a-joven-borracho-que-quiso-robar-el-caliz-durante-la-misa\/","og_site_name":"Apuntes de San Luis","article_published_time":"2024-10-21T01:27:30+00:00","article_modified_time":"2024-10-21T01:28:27+00:00","og_image":[{"width":700,"height":404,"url":"https:\/\/apuntesdesanluis.com\/wp-content\/uploads\/2024\/10\/parroquia.png","type":"image\/png"}],"author":"apuntesdesanluis.com","twitter_card":"summary_large_image","twitter_misc":{"Escrito por":"apuntesdesanluis.com","Tiempo de lectura":"2 minutos"},"schema":{"@context":"https:\/\/schema.org","@graph":[{"@type":"Article","@id":"https:\/\/apuntesdesanluis.com\/index.php\/2024\/10\/20\/ni-el-dia-de-la-madre-ni-la-fe-detuvieron-a-joven-borracho-que-quiso-robar-el-caliz-durante-la-misa\/#article","isPartOf":{"@id":"https:\/\/apuntesdesanluis.com\/index.php\/2024\/10\/20\/ni-el-dia-de-la-madre-ni-la-fe-detuvieron-a-joven-borracho-que-quiso-robar-el-caliz-durante-la-misa\/"},"author":{"name":"apuntesdesanluis.com","@id":"https:\/\/apuntesdesanluis.com\/#\/schema\/person\/b55151d52296fcce64d1a72538a70b90"},"headline":"NI EL D\u00cdA DE LA MADRE NI LA FE DETUVIERON A JOVEN QUE QUISO ROBAR EL C\u00c1LIZ DURANTE LA MISA","datePublished":"2024-10-21T01:27:30+00:00","dateModified":"2024-10-21T01:28:27+00:00","mainEntityOfPage":{"@id":"https:\/\/apuntesdesanluis.com\/index.php\/2024\/10\/20\/ni-el-dia-de-la-madre-ni-la-fe-detuvieron-a-joven-borracho-que-quiso-robar-el-caliz-durante-la-misa\/"},"wordCount":244,"publisher":{"@id":"https:\/\/apuntesdesanluis.com\/#\/schema\/person\/b55151d52296fcce64d1a72538a70b90"},"image":{"@id":"https:\/\/apuntesdesanluis.com\/index.php\/2024\/10\/20\/ni-el-dia-de-la-madre-ni-la-fe-detuvieron-a-joven-borracho-que-quiso-robar-el-caliz-durante-la-misa\/#primaryimage"},"thumbnailUrl":"https:\/\/apuntesdesanluis.com\/wp-content\/uploads\/2024\/10\/parroquia.png","articleSection":["Ciudad\/Provincia"],"inLanguage":"es-AR"},{"@type":"WebPage","@id":"https:\/\/apuntesdesanluis.com\/index.php\/2024\/10\/20\/ni-el-dia-de-la-madre-ni-la-fe-detuvieron-a-joven-borracho-que-quiso-robar-el-caliz-durante-la-misa\/","url":"https:\/\/apuntesdesanluis.com\/index.php\/2024\/10\/20\/ni-el-dia-de-la-madre-ni-la-fe-detuvieron-a-joven-borracho-que-quiso-robar-el-caliz-durante-la-misa\/","name":"NI EL D\u00cdA DE LA MADRE NI LA FE DETUVIERON A JOVEN QUE QUISO ROBAR EL C\u00c1LIZ DURANTE LA MISA - Apuntes de San Luis","isPartOf":{"@id":"https:\/\/apuntesdesanluis.com\/#website"},"primaryImageOfPage":{"@id":"https:\/\/apuntesdesanluis.com\/index.php\/2024\/10\/20\/ni-el-dia-de-la-madre-ni-la-fe-detuvieron-a-joven-borracho-que-quiso-robar-el-caliz-durante-la-misa\/#primaryimage"},"image":{"@id":"https:\/\/apuntesdesanluis.com\/index.php\/2024\/10\/20\/ni-el-dia-de-la-madre-ni-la-fe-detuvieron-a-joven-borracho-que-quiso-robar-el-caliz-durante-la-misa\/#primaryimage"},"thumbnailUrl":"https:\/\/apuntesdesanluis.com\/wp-content\/uploads\/2024\/10\/parroquia.png","datePublished":"2024-10-21T01:27:30+00:00","dateModified":"2024-10-21T01:28:27+00:00","breadcrumb":{"@id":"https:\/\/apuntesdesanluis.com\/index.php\/2024\/10\/20\/ni-el-dia-de-la-madre-ni-la-fe-detuvieron-a-joven-borracho-que-quiso-robar-el-caliz-durante-la-misa\/#breadcrumb"},"inLanguage":"es-AR","potentialAction":[{"@type":"ReadAction","target":["https:\/\/apuntesdesanluis.com\/index.php\/2024\/10\/20\/ni-el-dia-de-la-madre-ni-la-fe-detuvieron-a-joven-borracho-que-quiso-robar-el-caliz-durante-la-misa\/"]}]},{"@type":"ImageObject","inLanguage":"es-AR","@id":"https:\/\/apuntesdesanluis.com\/index.php\/2024\/10\/20\/ni-el-dia-de-la-madre-ni-la-fe-detuvieron-a-joven-borracho-que-quiso-robar-el-caliz-durante-la-misa\/#primaryimage","url":"https:\/\/apuntesdesanluis.com\/wp-content\/uploads\/2024\/10\/parroquia.png","contentUrl":"https:\/\/apuntesdesanluis.com\/wp-content\/uploads\/2024\/10\/parroquia.png","width":700,"height":404},{"@type":"BreadcrumbList","@id":"https:\/\/apuntesdesanluis.com\/index.php\/2024\/10\/20\/ni-el-dia-de-la-madre-ni-la-fe-detuvieron-a-joven-borracho-que-quiso-robar-el-caliz-durante-la-misa\/#breadcrumb","itemListElement":[{"@type":"ListItem","position":1,"name":"Inicio","item":"https:\/\/apuntesdesanluis.com\/"},{"@type":"ListItem","position":2,"name":"NI EL D\u00cdA DE LA MADRE NI LA FE DETUVIERON A JOVEN QUE QUISO ROBAR EL C\u00c1LIZ DURANTE LA MISA"}]},{"@type":"WebSite","@id":"https:\/\/apuntesdesanluis.com\/#website","url":"https:\/\/apuntesdesanluis.com\/","name":"Apuntes de San Luis","description":"","publisher":{"@id":"https:\/\/apuntesdesanluis.com\/#\/schema\/person\/b55151d52296fcce64d1a72538a70b90"},"potentialAction":[{"@type":"SearchAction","target":{"@type":"EntryPoint","urlTemplate":"https:\/\/apuntesdesanluis.com\/?s={search_term_string}"},"query-input":{"@type":"PropertyValueSpecification","valueRequired":true,"valueName":"search_term_string"}}],"inLanguage":"es-AR"},{"@type":["Person","Organization"],"@id":"https:\/\/apuntesdesanluis.com\/#\/schema\/person\/b55151d52296fcce64d1a72538a70b90","name":"apuntesdesanluis.com","image":{"@type":"ImageObject","inLanguage":"es-AR","@id":"https:\/\/apuntesdesanluis.com\/#\/schema\/person\/image\/","url":"https:\/\/apuntesdesanluis.com\/wp-content\/uploads\/2023\/07\/cropped-apuntesdesanluis.png","contentUrl":"https:\/\/apuntesdesanluis.com\/wp-content\/uploads\/2023\/07\/cropped-apuntesdesanluis.png","width":450,"height":112,"caption":"apuntesdesanluis.com"},"logo":{"@id":"https:\/\/apuntesdesanluis.com\/#\/schema\/person\/image\/"},"sameAs":["https:\/\/apuntesdesanluis.com"],"url":"https:\/\/apuntesdesanluis.com\/index.php\/author\/apuntesdesanluis-com\/"}]}},"featured_image_urls":{"full":["https:\/\/apuntesdesanluis.com\/wp-content\/uploads\/2024\/10\/parroquia.png",700,404,false],"thumbnail":["https:\/\/apuntesdesanluis.com\/wp-content\/uploads\/2024\/10\/parroquia-150x150.png",150,150,true],"medium":["https:\/\/apuntesdesanluis.com\/wp-content\/uploads\/2024\/10\/parroquia-300x173.png",300,173,true],"medium_large":["https:\/\/apuntesdesanluis.com\/wp-content\/uploads\/2024\/10\/parroquia.png",640,369,false],"large":["https:\/\/apuntesdesanluis.com\/wp-content\/uploads\/2024\/10\/parroquia.png",640,369,false],"1536x1536":["https:\/\/apuntesdesanluis.com\/wp-content\/uploads\/2024\/10\/parroquia.png",700,404,false],"2048x2048":["https:\/\/apuntesdesanluis.com\/wp-content\/uploads\/2024\/10\/parroquia.png",700,404,false],"newsever-slider-full":["https:\/\/apuntesdesanluis.com\/wp-content\/uploads\/2024\/10\/parroquia.png",700,404,false],"newsever-featured":["https:\/\/apuntesdesanluis.com\/wp-content\/uploads\/2024\/10\/parroquia.png",700,404,false],"newsever-medium":["https:\/\/apuntesdesanluis.com\/wp-content\/uploads\/2024\/10\/parroquia.png",700,404,false]},"author_info":{"display_name":"apuntesdesanluis.com","author_link":"https:\/\/apuntesdesanluis.com\/index.php\/author\/apuntesdesanluis-com\/"},"category_info":"<a href=\"https:\/\/apuntesdesanluis.com\/index.php\/category\/ciudad-provincia\/\" rel=\"category tag\">Ciudad\/Provincia<\/a>","tag_info":"Ciudad\/Provincia","comment_count":"0","_links":{"self":[{"href":"https:\/\/apuntesdesanluis.com\/index.php\/wp-json\/wp\/v2\/posts\/24127","targetHints":{"allow":["GET"]}}],"collection":[{"href":"https:\/\/apuntesdesanluis.com\/index.php\/wp-json\/wp\/v2\/posts"}],"about":[{"href":"https:\/\/apuntesdesanluis.com\/index.php\/wp-json\/wp\/v2\/types\/post"}],"author":[{"embeddable":true,"href":"https:\/\/apuntesdesanluis.com\/index.php\/wp-json\/wp\/v2\/users\/1"}],"replies":[{"embeddable":true,"href":"https:\/\/apuntesdesanluis.com\/index.php\/wp-json\/wp\/v2\/comments?post=24127"}],"version-history":[{"count":2,"href":"https:\/\/apuntesdesanluis.com\/index.php\/wp-json\/wp\/v2\/posts\/24127\/revisions"}],"predecessor-version":[{"id":24132,"href":"https:\/\/apuntesdesanluis.com\/index.php\/wp-json\/wp\/v2\/posts\/24127\/revisions\/24132"}],"wp:featuredmedia":[{"embeddable":true,"href":"https:\/\/apuntesdesanluis.com\/index.php\/wp-json\/wp\/v2\/media\/24128"}],"wp:attachment":[{"href":"https:\/\/apuntesdesanluis.com\/index.php\/wp-json\/wp\/v2\/media?parent=24127"}],"wp:term":[{"taxonomy":"category","embeddable":true,"href":"https:\/\/apuntesdesanluis.com\/index.php\/wp-json\/wp\/v2\/categories?post=24127"},{"taxonomy":"post_tag","embeddable":true,"href":"https:\/\/apuntesdesanluis.com\/index.php\/wp-json\/wp\/v2\/tags?post=24127"}],"curies":[{"name":"wp","href":"https:\/\/api.w.org\/{rel}","templated":true}]}}