{"id":2415,"date":"2023-08-31T00:04:05","date_gmt":"2023-08-31T03:04:05","guid":{"rendered":"https:\/\/apuntesdesanluis.com\/?p=2415"},"modified":"2023-08-31T00:04:05","modified_gmt":"2023-08-31T03:04:05","slug":"una-fotografa-argentina-perdio-la-mano-y-el-antebrazo-mientras-trabajaba-en-brasil","status":"publish","type":"post","link":"https:\/\/apuntesdesanluis.com\/index.php\/2023\/08\/31\/una-fotografa-argentina-perdio-la-mano-y-el-antebrazo-mientras-trabajaba-en-brasil\/","title":{"rendered":"UNA FOT\u00d3GRAFA ARGENTINA PERDI\u00d3 LA MANO Y EL ANTEBRAZO MIENTRAS TRABAJABA EN BRASIL"},"content":{"rendered":"<h3>Una fot\u00f3grafa marplatense que vive en Brasil sufri\u00f3 un grave accidente en el mar: la h\u00e9lice de la lancha en la que viajaba le arranc\u00f3 la mano y el antebrazo derecho. Mientras se recupera, familiares y amigos iniciaron una colecta a trav\u00e9s de las redes sociales para afrontar los gastos de la rehabilitaci\u00f3n y la compra de una pr\u00f3tesis.<\/h3>\n<h3>Se trata de <strong>Brenda Gisel Gonz\u00e1lez Dimanche<\/strong> (31), quien desde hace ocho a\u00f1os se instal\u00f3 en Arraial do Cabo, una ciudad costera ubicada a tres horas de R\u00edo de Janeiro. De momento, la joven, que adem\u00e1s es madre de una ni\u00f1a de 5 a\u00f1os, permanece internada en el Hospital General de Arraial do Cabo, donde se recupera favorablemente.<\/h3>\n<h3>El dram\u00e1tico episodio ocurri\u00f3 el s\u00e1bado a la tarde, cuando Brenda fotografiaba la traves\u00eda de un grupo de turistas que navegaba rumbo al balneario Pontal do Atalaia.<\/h3>\n<h3>Los motivos del accidente todav\u00eda no est\u00e1n muy claros porque Brenda no los recuerda. Pero de los relatos de quienes estuvieron abordo de la embarcaci\u00f3n, se desprende que que las condiciones en las que la marplatense se adentr\u00f3 en el agua no eran muy seguras. \u201cAlgunos dicen que vino una ola grande y ella se cay\u00f3 por proteger a un ni\u00f1o, pero no se sabe bien\u201d, explic\u00f3 su hermano mellizo, Braian, al Canal 8 de Mar del Plata.<\/h3>\n<h3>De acuerdo con el testimonio de su pareja, Federico Baldino, un argentino al que conoci\u00f3 en Brasil, aquel s\u00e1bado Brenda no deber\u00eda haberse subido a la lancha. \u201cA pesar de que el mar estaba movido, la Marina liber\u00f3 el paseo\u201d, expres\u00f3 Baldino, ex participante de So\u00f1ando por Bailar, en di\u00e1logo con revista Paparzzi.<\/h3>\n<h3>Seg\u00fan el hombre, durante la navegaci\u00f3n, \u201cvino una ola grande y, para evitar que los tripulantes se caigan al mar, Brenda termin\u00f3 cayendo al agua y la agarr\u00f3 la h\u00e9lice del motor. Dos guardavidas que estaban en la playa la salvaron de no morir desangrada. Entre los pasajeros hab\u00eda una enfermera que tambi\u00e9n colabor\u00f3 con un torniquete\u201d, relat\u00f3.<\/h3>\n<h3>Tras el accidente, la joven fue trasladada en ambulancia al puerto y luego al Hospital General de Arraial do Cabo, donde tuvieron que amputarle parte del brazo hasta el codo por la gravedad de las heridas. Virginia, su madre, viaj\u00f3 para acompa\u00f1arla en este dif\u00edcil momento.<\/h3>\n<p><img fetchpriority=\"high\" decoding=\"async\" class=\"wp-image-2417 aligncenter\" src=\"https:\/\/apuntesdesanluis.com\/wp-content\/uploads\/2023\/08\/brenda-300x189.png\" alt=\"\" width=\"690\" height=\"435\" srcset=\"https:\/\/apuntesdesanluis.com\/wp-content\/uploads\/2023\/08\/brenda-300x189.png 300w, https:\/\/apuntesdesanluis.com\/wp-content\/uploads\/2023\/08\/brenda.png 600w\" sizes=\"(max-width: 690px) 100vw, 690px\" \/><\/p>\n<h3>Brenda se dedicaba a sacar fotos de turistas en el recorrido por playas paradis\u00edacas y la mano que perdi\u00f3 era la h\u00e1bil, por lo que el accidente significa un duro golpe para su forma de ganarse la vida, explic\u00f3 su hermano. \u201cLe queda un buen tiempo en la cl\u00ednica. Si bien la situaci\u00f3n de riesgo ya pas\u00f3, tiene por delante cubrir los gastos de los pr\u00f3ximos meses y la pr\u00f3tesis\u201d, dijo su hermano Braian.<\/h3>\n<h3>\u201cElla es una trabajadora independiente y con una nena de 5 a\u00f1os la situaci\u00f3n se le va a hacer dif\u00edcil\u201d, agreg\u00f3.<\/h3>\n<h3>Des entonces, familiares y amigos iniciaron una colecta para afrontar los gastos de la recuperaci\u00f3n. \u201cBrenda es es fuerte. Est\u00e1 un poco ca\u00edda, l\u00f3gico porque es normal, pero seguramente va a tener un tratamiento psicol\u00f3gico como yo, como la hija, que el estado de Brasil tambi\u00e9n nos da, gracias a Dios\u201d, cerr\u00f3 la pareja de la joven.<\/h3>\n<h3>* Para colaborar con Brenda Gisel Gonz\u00e1lez Dimanche se le puede hacer una transferencia bancaria a la cuenta de su madre. El alias es: Todos.por.bren, caja de ahorro a nombre de Virginia Natalia Dimanche.<\/h3>\n<h3>* Para los que est\u00e1n en Brasil la familia de Brenda inici\u00f3 una colecta solidaria en la plataforma brasile\u00f1a Vakinha, donde se puede aportar desde cualquier parte del mundo. El dinero se usar\u00e1 para comprar una pr\u00f3tesis que cuesta 40.000 d\u00f3lares.<\/h3>\n","protected":false},"excerpt":{"rendered":"<p>Una fot\u00f3grafa marplatense que vive en Brasil sufri\u00f3 un grave accidente en el mar: la&#8230;<\/p>\n","protected":false},"author":1,"featured_media":2416,"comment_status":"closed","ping_status":"closed","sticky":false,"template":"","format":"standard","meta":{"footnotes":""},"categories":[5],"tags":[],"class_list":["post-2415","post","type-post","status-publish","format-standard","has-post-thumbnail","hentry","category-nacionales-internacionales"],"yoast_head":"<!-- This site is optimized with the Yoast SEO plugin v26.1.1 - https:\/\/yoast.com\/wordpress\/plugins\/seo\/ -->\n<title>UNA FOT\u00d3GRAFA ARGENTINA PERDI\u00d3 LA MANO Y EL ANTEBRAZO MIENTRAS TRABAJABA EN BRASIL - Apuntes de San Luis<\/title>\n<meta name=\"robots\" content=\"index, follow, max-snippet:-1, max-image-preview:large, max-video-preview:-1\" \/>\n<link rel=\"canonical\" href=\"https:\/\/apuntesdesanluis.com\/index.php\/2023\/08\/31\/una-fotografa-argentina-perdio-la-mano-y-el-antebrazo-mientras-trabajaba-en-brasil\/\" \/>\n<meta property=\"og:locale\" content=\"es_ES\" \/>\n<meta property=\"og:type\" content=\"article\" \/>\n<meta property=\"og:title\" content=\"UNA FOT\u00d3GRAFA ARGENTINA PERDI\u00d3 LA MANO Y EL ANTEBRAZO MIENTRAS TRABAJABA EN BRASIL - Apuntes de San Luis\" \/>\n<meta property=\"og:description\" content=\"Una fot\u00f3grafa marplatense que vive en Brasil sufri\u00f3 un grave accidente en el mar: la...\" \/>\n<meta property=\"og:url\" content=\"https:\/\/apuntesdesanluis.com\/index.php\/2023\/08\/31\/una-fotografa-argentina-perdio-la-mano-y-el-antebrazo-mientras-trabajaba-en-brasil\/\" \/>\n<meta property=\"og:site_name\" content=\"Apuntes de San Luis\" \/>\n<meta property=\"article:published_time\" content=\"2023-08-31T03:04:05+00:00\" \/>\n<meta property=\"og:image\" content=\"https:\/\/apuntesdesanluis.com\/wp-content\/uploads\/2023\/08\/brenda-gonzalez.png\" \/>\n\t<meta property=\"og:image:width\" content=\"600\" \/>\n\t<meta property=\"og:image:height\" content=\"340\" \/>\n\t<meta property=\"og:image:type\" content=\"image\/png\" \/>\n<meta name=\"author\" content=\"apuntesdesanluis.com\" \/>\n<meta name=\"twitter:card\" content=\"summary_large_image\" \/>\n<meta name=\"twitter:label1\" content=\"Escrito por\" \/>\n\t<meta name=\"twitter:data1\" content=\"apuntesdesanluis.com\" \/>\n\t<meta name=\"twitter:label2\" content=\"Tiempo de lectura\" \/>\n\t<meta name=\"twitter:data2\" content=\"3 minutos\" \/>\n<script type=\"application\/ld+json\" class=\"yoast-schema-graph\">{\"@context\":\"https:\/\/schema.org\",\"@graph\":[{\"@type\":\"Article\",\"@id\":\"https:\/\/apuntesdesanluis.com\/index.php\/2023\/08\/31\/una-fotografa-argentina-perdio-la-mano-y-el-antebrazo-mientras-trabajaba-en-brasil\/#article\",\"isPartOf\":{\"@id\":\"https:\/\/apuntesdesanluis.com\/index.php\/2023\/08\/31\/una-fotografa-argentina-perdio-la-mano-y-el-antebrazo-mientras-trabajaba-en-brasil\/\"},\"author\":{\"name\":\"apuntesdesanluis.com\",\"@id\":\"https:\/\/apuntesdesanluis.com\/#\/schema\/person\/b55151d52296fcce64d1a72538a70b90\"},\"headline\":\"UNA FOT\u00d3GRAFA ARGENTINA PERDI\u00d3 LA MANO Y EL ANTEBRAZO MIENTRAS TRABAJABA EN BRASIL\",\"datePublished\":\"2023-08-31T03:04:05+00:00\",\"mainEntityOfPage\":{\"@id\":\"https:\/\/apuntesdesanluis.com\/index.php\/2023\/08\/31\/una-fotografa-argentina-perdio-la-mano-y-el-antebrazo-mientras-trabajaba-en-brasil\/\"},\"wordCount\":663,\"publisher\":{\"@id\":\"https:\/\/apuntesdesanluis.com\/#\/schema\/person\/b55151d52296fcce64d1a72538a70b90\"},\"image\":{\"@id\":\"https:\/\/apuntesdesanluis.com\/index.php\/2023\/08\/31\/una-fotografa-argentina-perdio-la-mano-y-el-antebrazo-mientras-trabajaba-en-brasil\/#primaryimage\"},\"thumbnailUrl\":\"https:\/\/apuntesdesanluis.com\/wp-content\/uploads\/2023\/08\/brenda-gonzalez.png\",\"articleSection\":[\"Nacionales\/Internacionales\"],\"inLanguage\":\"es-AR\"},{\"@type\":\"WebPage\",\"@id\":\"https:\/\/apuntesdesanluis.com\/index.php\/2023\/08\/31\/una-fotografa-argentina-perdio-la-mano-y-el-antebrazo-mientras-trabajaba-en-brasil\/\",\"url\":\"https:\/\/apuntesdesanluis.com\/index.php\/2023\/08\/31\/una-fotografa-argentina-perdio-la-mano-y-el-antebrazo-mientras-trabajaba-en-brasil\/\",\"name\":\"UNA FOT\u00d3GRAFA ARGENTINA PERDI\u00d3 LA MANO Y EL ANTEBRAZO MIENTRAS TRABAJABA EN BRASIL - Apuntes de San Luis\",\"isPartOf\":{\"@id\":\"https:\/\/apuntesdesanluis.com\/#website\"},\"primaryImageOfPage\":{\"@id\":\"https:\/\/apuntesdesanluis.com\/index.php\/2023\/08\/31\/una-fotografa-argentina-perdio-la-mano-y-el-antebrazo-mientras-trabajaba-en-brasil\/#primaryimage\"},\"image\":{\"@id\":\"https:\/\/apuntesdesanluis.com\/index.php\/2023\/08\/31\/una-fotografa-argentina-perdio-la-mano-y-el-antebrazo-mientras-trabajaba-en-brasil\/#primaryimage\"},\"thumbnailUrl\":\"https:\/\/apuntesdesanluis.com\/wp-content\/uploads\/2023\/08\/brenda-gonzalez.png\",\"datePublished\":\"2023-08-31T03:04:05+00:00\",\"breadcrumb\":{\"@id\":\"https:\/\/apuntesdesanluis.com\/index.php\/2023\/08\/31\/una-fotografa-argentina-perdio-la-mano-y-el-antebrazo-mientras-trabajaba-en-brasil\/#breadcrumb\"},\"inLanguage\":\"es-AR\",\"potentialAction\":[{\"@type\":\"ReadAction\",\"target\":[\"https:\/\/apuntesdesanluis.com\/index.php\/2023\/08\/31\/una-fotografa-argentina-perdio-la-mano-y-el-antebrazo-mientras-trabajaba-en-brasil\/\"]}]},{\"@type\":\"ImageObject\",\"inLanguage\":\"es-AR\",\"@id\":\"https:\/\/apuntesdesanluis.com\/index.php\/2023\/08\/31\/una-fotografa-argentina-perdio-la-mano-y-el-antebrazo-mientras-trabajaba-en-brasil\/#primaryimage\",\"url\":\"https:\/\/apuntesdesanluis.com\/wp-content\/uploads\/2023\/08\/brenda-gonzalez.png\",\"contentUrl\":\"https:\/\/apuntesdesanluis.com\/wp-content\/uploads\/2023\/08\/brenda-gonzalez.png\",\"width\":600,\"height\":340},{\"@type\":\"BreadcrumbList\",\"@id\":\"https:\/\/apuntesdesanluis.com\/index.php\/2023\/08\/31\/una-fotografa-argentina-perdio-la-mano-y-el-antebrazo-mientras-trabajaba-en-brasil\/#breadcrumb\",\"itemListElement\":[{\"@type\":\"ListItem\",\"position\":1,\"name\":\"Inicio\",\"item\":\"https:\/\/apuntesdesanluis.com\/\"},{\"@type\":\"ListItem\",\"position\":2,\"name\":\"UNA FOT\u00d3GRAFA ARGENTINA PERDI\u00d3 LA MANO Y EL ANTEBRAZO MIENTRAS TRABAJABA EN BRASIL\"}]},{\"@type\":\"WebSite\",\"@id\":\"https:\/\/apuntesdesanluis.com\/#website\",\"url\":\"https:\/\/apuntesdesanluis.com\/\",\"name\":\"Apuntes de San Luis\",\"description\":\"\",\"publisher\":{\"@id\":\"https:\/\/apuntesdesanluis.com\/#\/schema\/person\/b55151d52296fcce64d1a72538a70b90\"},\"potentialAction\":[{\"@type\":\"SearchAction\",\"target\":{\"@type\":\"EntryPoint\",\"urlTemplate\":\"https:\/\/apuntesdesanluis.com\/?s={search_term_string}\"},\"query-input\":{\"@type\":\"PropertyValueSpecification\",\"valueRequired\":true,\"valueName\":\"search_term_string\"}}],\"inLanguage\":\"es-AR\"},{\"@type\":[\"Person\",\"Organization\"],\"@id\":\"https:\/\/apuntesdesanluis.com\/#\/schema\/person\/b55151d52296fcce64d1a72538a70b90\",\"name\":\"apuntesdesanluis.com\",\"image\":{\"@type\":\"ImageObject\",\"inLanguage\":\"es-AR\",\"@id\":\"https:\/\/apuntesdesanluis.com\/#\/schema\/person\/image\/\",\"url\":\"https:\/\/apuntesdesanluis.com\/wp-content\/uploads\/2023\/07\/cropped-apuntesdesanluis.png\",\"contentUrl\":\"https:\/\/apuntesdesanluis.com\/wp-content\/uploads\/2023\/07\/cropped-apuntesdesanluis.png\",\"width\":450,\"height\":112,\"caption\":\"apuntesdesanluis.com\"},\"logo\":{\"@id\":\"https:\/\/apuntesdesanluis.com\/#\/schema\/person\/image\/\"},\"sameAs\":[\"https:\/\/apuntesdesanluis.com\"],\"url\":\"https:\/\/apuntesdesanluis.com\/index.php\/author\/apuntesdesanluis-com\/\"}]}<\/script>\n<!-- \/ Yoast SEO plugin. -->","yoast_head_json":{"title":"UNA FOT\u00d3GRAFA ARGENTINA PERDI\u00d3 LA MANO Y EL ANTEBRAZO MIENTRAS TRABAJABA EN BRASIL - Apuntes de San Luis","robots":{"index":"index","follow":"follow","max-snippet":"max-snippet:-1","max-image-preview":"max-image-preview:large","max-video-preview":"max-video-preview:-1"},"canonical":"https:\/\/apuntesdesanluis.com\/index.php\/2023\/08\/31\/una-fotografa-argentina-perdio-la-mano-y-el-antebrazo-mientras-trabajaba-en-brasil\/","og_locale":"es_ES","og_type":"article","og_title":"UNA FOT\u00d3GRAFA ARGENTINA PERDI\u00d3 LA MANO Y EL ANTEBRAZO MIENTRAS TRABAJABA EN BRASIL - Apuntes de San Luis","og_description":"Una fot\u00f3grafa marplatense que vive en Brasil sufri\u00f3 un grave accidente en el mar: la...","og_url":"https:\/\/apuntesdesanluis.com\/index.php\/2023\/08\/31\/una-fotografa-argentina-perdio-la-mano-y-el-antebrazo-mientras-trabajaba-en-brasil\/","og_site_name":"Apuntes de San Luis","article_published_time":"2023-08-31T03:04:05+00:00","og_image":[{"width":600,"height":340,"url":"https:\/\/apuntesdesanluis.com\/wp-content\/uploads\/2023\/08\/brenda-gonzalez.png","type":"image\/png"}],"author":"apuntesdesanluis.com","twitter_card":"summary_large_image","twitter_misc":{"Escrito por":"apuntesdesanluis.com","Tiempo de lectura":"3 minutos"},"schema":{"@context":"https:\/\/schema.org","@graph":[{"@type":"Article","@id":"https:\/\/apuntesdesanluis.com\/index.php\/2023\/08\/31\/una-fotografa-argentina-perdio-la-mano-y-el-antebrazo-mientras-trabajaba-en-brasil\/#article","isPartOf":{"@id":"https:\/\/apuntesdesanluis.com\/index.php\/2023\/08\/31\/una-fotografa-argentina-perdio-la-mano-y-el-antebrazo-mientras-trabajaba-en-brasil\/"},"author":{"name":"apuntesdesanluis.com","@id":"https:\/\/apuntesdesanluis.com\/#\/schema\/person\/b55151d52296fcce64d1a72538a70b90"},"headline":"UNA FOT\u00d3GRAFA ARGENTINA PERDI\u00d3 LA MANO Y EL ANTEBRAZO MIENTRAS TRABAJABA EN BRASIL","datePublished":"2023-08-31T03:04:05+00:00","mainEntityOfPage":{"@id":"https:\/\/apuntesdesanluis.com\/index.php\/2023\/08\/31\/una-fotografa-argentina-perdio-la-mano-y-el-antebrazo-mientras-trabajaba-en-brasil\/"},"wordCount":663,"publisher":{"@id":"https:\/\/apuntesdesanluis.com\/#\/schema\/person\/b55151d52296fcce64d1a72538a70b90"},"image":{"@id":"https:\/\/apuntesdesanluis.com\/index.php\/2023\/08\/31\/una-fotografa-argentina-perdio-la-mano-y-el-antebrazo-mientras-trabajaba-en-brasil\/#primaryimage"},"thumbnailUrl":"https:\/\/apuntesdesanluis.com\/wp-content\/uploads\/2023\/08\/brenda-gonzalez.png","articleSection":["Nacionales\/Internacionales"],"inLanguage":"es-AR"},{"@type":"WebPage","@id":"https:\/\/apuntesdesanluis.com\/index.php\/2023\/08\/31\/una-fotografa-argentina-perdio-la-mano-y-el-antebrazo-mientras-trabajaba-en-brasil\/","url":"https:\/\/apuntesdesanluis.com\/index.php\/2023\/08\/31\/una-fotografa-argentina-perdio-la-mano-y-el-antebrazo-mientras-trabajaba-en-brasil\/","name":"UNA FOT\u00d3GRAFA ARGENTINA PERDI\u00d3 LA MANO Y EL ANTEBRAZO MIENTRAS TRABAJABA EN BRASIL - Apuntes de San Luis","isPartOf":{"@id":"https:\/\/apuntesdesanluis.com\/#website"},"primaryImageOfPage":{"@id":"https:\/\/apuntesdesanluis.com\/index.php\/2023\/08\/31\/una-fotografa-argentina-perdio-la-mano-y-el-antebrazo-mientras-trabajaba-en-brasil\/#primaryimage"},"image":{"@id":"https:\/\/apuntesdesanluis.com\/index.php\/2023\/08\/31\/una-fotografa-argentina-perdio-la-mano-y-el-antebrazo-mientras-trabajaba-en-brasil\/#primaryimage"},"thumbnailUrl":"https:\/\/apuntesdesanluis.com\/wp-content\/uploads\/2023\/08\/brenda-gonzalez.png","datePublished":"2023-08-31T03:04:05+00:00","breadcrumb":{"@id":"https:\/\/apuntesdesanluis.com\/index.php\/2023\/08\/31\/una-fotografa-argentina-perdio-la-mano-y-el-antebrazo-mientras-trabajaba-en-brasil\/#breadcrumb"},"inLanguage":"es-AR","potentialAction":[{"@type":"ReadAction","target":["https:\/\/apuntesdesanluis.com\/index.php\/2023\/08\/31\/una-fotografa-argentina-perdio-la-mano-y-el-antebrazo-mientras-trabajaba-en-brasil\/"]}]},{"@type":"ImageObject","inLanguage":"es-AR","@id":"https:\/\/apuntesdesanluis.com\/index.php\/2023\/08\/31\/una-fotografa-argentina-perdio-la-mano-y-el-antebrazo-mientras-trabajaba-en-brasil\/#primaryimage","url":"https:\/\/apuntesdesanluis.com\/wp-content\/uploads\/2023\/08\/brenda-gonzalez.png","contentUrl":"https:\/\/apuntesdesanluis.com\/wp-content\/uploads\/2023\/08\/brenda-gonzalez.png","width":600,"height":340},{"@type":"BreadcrumbList","@id":"https:\/\/apuntesdesanluis.com\/index.php\/2023\/08\/31\/una-fotografa-argentina-perdio-la-mano-y-el-antebrazo-mientras-trabajaba-en-brasil\/#breadcrumb","itemListElement":[{"@type":"ListItem","position":1,"name":"Inicio","item":"https:\/\/apuntesdesanluis.com\/"},{"@type":"ListItem","position":2,"name":"UNA FOT\u00d3GRAFA ARGENTINA PERDI\u00d3 LA MANO Y EL ANTEBRAZO MIENTRAS TRABAJABA EN BRASIL"}]},{"@type":"WebSite","@id":"https:\/\/apuntesdesanluis.com\/#website","url":"https:\/\/apuntesdesanluis.com\/","name":"Apuntes de San Luis","description":"","publisher":{"@id":"https:\/\/apuntesdesanluis.com\/#\/schema\/person\/b55151d52296fcce64d1a72538a70b90"},"potentialAction":[{"@type":"SearchAction","target":{"@type":"EntryPoint","urlTemplate":"https:\/\/apuntesdesanluis.com\/?s={search_term_string}"},"query-input":{"@type":"PropertyValueSpecification","valueRequired":true,"valueName":"search_term_string"}}],"inLanguage":"es-AR"},{"@type":["Person","Organization"],"@id":"https:\/\/apuntesdesanluis.com\/#\/schema\/person\/b55151d52296fcce64d1a72538a70b90","name":"apuntesdesanluis.com","image":{"@type":"ImageObject","inLanguage":"es-AR","@id":"https:\/\/apuntesdesanluis.com\/#\/schema\/person\/image\/","url":"https:\/\/apuntesdesanluis.com\/wp-content\/uploads\/2023\/07\/cropped-apuntesdesanluis.png","contentUrl":"https:\/\/apuntesdesanluis.com\/wp-content\/uploads\/2023\/07\/cropped-apuntesdesanluis.png","width":450,"height":112,"caption":"apuntesdesanluis.com"},"logo":{"@id":"https:\/\/apuntesdesanluis.com\/#\/schema\/person\/image\/"},"sameAs":["https:\/\/apuntesdesanluis.com"],"url":"https:\/\/apuntesdesanluis.com\/index.php\/author\/apuntesdesanluis-com\/"}]}},"featured_image_urls":{"full":["https:\/\/apuntesdesanluis.com\/wp-content\/uploads\/2023\/08\/brenda-gonzalez.png",600,340,false],"thumbnail":["https:\/\/apuntesdesanluis.com\/wp-content\/uploads\/2023\/08\/brenda-gonzalez-150x150.png",150,150,true],"medium":["https:\/\/apuntesdesanluis.com\/wp-content\/uploads\/2023\/08\/brenda-gonzalez-300x170.png",300,170,true],"medium_large":["https:\/\/apuntesdesanluis.com\/wp-content\/uploads\/2023\/08\/brenda-gonzalez.png",600,340,false],"large":["https:\/\/apuntesdesanluis.com\/wp-content\/uploads\/2023\/08\/brenda-gonzalez.png",600,340,false],"1536x1536":["https:\/\/apuntesdesanluis.com\/wp-content\/uploads\/2023\/08\/brenda-gonzalez.png",600,340,false],"2048x2048":["https:\/\/apuntesdesanluis.com\/wp-content\/uploads\/2023\/08\/brenda-gonzalez.png",600,340,false],"newsever-slider-full":["https:\/\/apuntesdesanluis.com\/wp-content\/uploads\/2023\/08\/brenda-gonzalez.png",600,340,false],"newsever-featured":["https:\/\/apuntesdesanluis.com\/wp-content\/uploads\/2023\/08\/brenda-gonzalez.png",600,340,false],"newsever-medium":["https:\/\/apuntesdesanluis.com\/wp-content\/uploads\/2023\/08\/brenda-gonzalez.png",600,340,false]},"author_info":{"display_name":"apuntesdesanluis.com","author_link":"https:\/\/apuntesdesanluis.com\/index.php\/author\/apuntesdesanluis-com\/"},"category_info":"<a href=\"https:\/\/apuntesdesanluis.com\/index.php\/category\/nacionales-internacionales\/\" rel=\"category tag\">Nacionales\/Internacionales<\/a>","tag_info":"Nacionales\/Internacionales","comment_count":"0","_links":{"self":[{"href":"https:\/\/apuntesdesanluis.com\/index.php\/wp-json\/wp\/v2\/posts\/2415","targetHints":{"allow":["GET"]}}],"collection":[{"href":"https:\/\/apuntesdesanluis.com\/index.php\/wp-json\/wp\/v2\/posts"}],"about":[{"href":"https:\/\/apuntesdesanluis.com\/index.php\/wp-json\/wp\/v2\/types\/post"}],"author":[{"embeddable":true,"href":"https:\/\/apuntesdesanluis.com\/index.php\/wp-json\/wp\/v2\/users\/1"}],"replies":[{"embeddable":true,"href":"https:\/\/apuntesdesanluis.com\/index.php\/wp-json\/wp\/v2\/comments?post=2415"}],"version-history":[{"count":1,"href":"https:\/\/apuntesdesanluis.com\/index.php\/wp-json\/wp\/v2\/posts\/2415\/revisions"}],"predecessor-version":[{"id":2418,"href":"https:\/\/apuntesdesanluis.com\/index.php\/wp-json\/wp\/v2\/posts\/2415\/revisions\/2418"}],"wp:featuredmedia":[{"embeddable":true,"href":"https:\/\/apuntesdesanluis.com\/index.php\/wp-json\/wp\/v2\/media\/2416"}],"wp:attachment":[{"href":"https:\/\/apuntesdesanluis.com\/index.php\/wp-json\/wp\/v2\/media?parent=2415"}],"wp:term":[{"taxonomy":"category","embeddable":true,"href":"https:\/\/apuntesdesanluis.com\/index.php\/wp-json\/wp\/v2\/categories?post=2415"},{"taxonomy":"post_tag","embeddable":true,"href":"https:\/\/apuntesdesanluis.com\/index.php\/wp-json\/wp\/v2\/tags?post=2415"}],"curies":[{"name":"wp","href":"https:\/\/api.w.org\/{rel}","templated":true}]}}