{"id":24196,"date":"2024-10-22T00:45:02","date_gmt":"2024-10-22T03:45:02","guid":{"rendered":"https:\/\/apuntesdesanluis.com\/?p=24196"},"modified":"2024-10-22T00:45:02","modified_gmt":"2024-10-22T03:45:02","slug":"la-nueva-afip-debuto-con-un-aumento-de-impuestos-le-cobraran-iva-a-los-diarios","status":"publish","type":"post","link":"https:\/\/apuntesdesanluis.com\/index.php\/2024\/10\/22\/la-nueva-afip-debuto-con-un-aumento-de-impuestos-le-cobraran-iva-a-los-diarios\/","title":{"rendered":"LA NUEVA AFIP DEBUT\u00d3 CON UN AUMENTO DE IMPUESTOS: LE COBRAR\u00c1N IVA A LOS DIARIOS"},"content":{"rendered":"<h3>La nueva AFIP que cre\u00f3 el gobierno debut\u00f3 con un nuevo impuesto y los diarios y revistas comenzar\u00e1n a pagar IVA. Algunos sospechan que es un modo de comprometer econ\u00f3micamente el funcionamiento de los principales diarios que no est\u00e1n alineados con el gobierno: Clar\u00edn, Perfil, La Naci\u00f3n y P\u00e1gina 12, entre otros.<\/h3>\n<h3>El vocero <strong>Manuel Adorni<\/strong>, encargado de celebrar el cambio de nombre de AFIP a ARCA, anunci\u00f3 que se eliminar\u00e1n las exenciones de IVA a los diarios, revistas y publicaciones peri\u00f3dicas, as\u00ed como las suscripciones de ediciones period\u00edsticas digitales de informaci\u00f3n en l\u00ednea.<\/h3>\n<h3>&#8220;Con esta modificaci\u00f3n los sujetos que realicen las actividades referidas pasar\u00e1n a tributar el IVA sin ninguna ventaja con respecto al resto de los actores econ\u00f3micos. Esta medida se entiende que va a aumentar la recaudaci\u00f3n en $264.000 millones de pesos&#8221;, dijo Adorni.<\/h3>\n<h3>De este modo el contador de la UADE festej\u00f3 la suba de impuestos pese a que el leit motiv de los libertarios es en teor\u00eda la eliminaci\u00f3n de impuestos.<\/h3>\n<h3>Seguramente la medida ser\u00e1 judicializada por los medios de prensa, como ya ha ocurrido en anteriores ocasiones en las que se pretendi\u00f3 imponerle otro tipo de aranceles.<\/h3>\n<p>&nbsp;<\/p>\n<p>&nbsp;<\/p>\n<p>&nbsp;<\/p>\n<p>&nbsp;<\/p>\n<p>&nbsp;<\/p>\n<p>&nbsp;<\/p>\n<p>&nbsp;<\/p>\n<p>&nbsp;<\/p>\n","protected":false},"excerpt":{"rendered":"<p>La nueva AFIP que cre\u00f3 el gobierno debut\u00f3 con un nuevo impuesto y los diarios&#8230;<\/p>\n","protected":false},"author":1,"featured_media":24197,"comment_status":"closed","ping_status":"closed","sticky":false,"template":"","format":"standard","meta":{"footnotes":""},"categories":[5],"tags":[],"class_list":["post-24196","post","type-post","status-publish","format-standard","has-post-thumbnail","hentry","category-nacionales-internacionales"],"yoast_head":"<!-- This site is optimized with the Yoast SEO plugin v26.1.1 - https:\/\/yoast.com\/wordpress\/plugins\/seo\/ -->\n<title>LA NUEVA AFIP DEBUT\u00d3 CON UN AUMENTO DE IMPUESTOS: LE COBRAR\u00c1N IVA A LOS DIARIOS - Apuntes de San Luis<\/title>\n<meta name=\"robots\" content=\"index, follow, max-snippet:-1, max-image-preview:large, max-video-preview:-1\" \/>\n<link rel=\"canonical\" href=\"https:\/\/apuntesdesanluis.com\/index.php\/2024\/10\/22\/la-nueva-afip-debuto-con-un-aumento-de-impuestos-le-cobraran-iva-a-los-diarios\/\" \/>\n<meta property=\"og:locale\" content=\"es_ES\" \/>\n<meta property=\"og:type\" content=\"article\" \/>\n<meta property=\"og:title\" content=\"LA NUEVA AFIP DEBUT\u00d3 CON UN AUMENTO DE IMPUESTOS: LE COBRAR\u00c1N IVA A LOS DIARIOS - Apuntes de San Luis\" \/>\n<meta property=\"og:description\" content=\"La nueva AFIP que cre\u00f3 el gobierno debut\u00f3 con un nuevo impuesto y los diarios...\" \/>\n<meta property=\"og:url\" content=\"https:\/\/apuntesdesanluis.com\/index.php\/2024\/10\/22\/la-nueva-afip-debuto-con-un-aumento-de-impuestos-le-cobraran-iva-a-los-diarios\/\" \/>\n<meta property=\"og:site_name\" content=\"Apuntes de San Luis\" \/>\n<meta property=\"article:published_time\" content=\"2024-10-22T03:45:02+00:00\" \/>\n<meta property=\"og:image\" content=\"https:\/\/apuntesdesanluis.com\/wp-content\/uploads\/2024\/10\/adorni-1.png\" \/>\n\t<meta property=\"og:image:width\" content=\"705\" \/>\n\t<meta property=\"og:image:height\" content=\"441\" \/>\n\t<meta property=\"og:image:type\" content=\"image\/png\" \/>\n<meta name=\"author\" content=\"apuntesdesanluis.com\" \/>\n<meta name=\"twitter:card\" content=\"summary_large_image\" \/>\n<meta name=\"twitter:label1\" content=\"Escrito por\" \/>\n\t<meta name=\"twitter:data1\" content=\"apuntesdesanluis.com\" \/>\n\t<meta name=\"twitter:label2\" content=\"Tiempo de lectura\" \/>\n\t<meta name=\"twitter:data2\" content=\"2 minutos\" \/>\n<script type=\"application\/ld+json\" class=\"yoast-schema-graph\">{\"@context\":\"https:\/\/schema.org\",\"@graph\":[{\"@type\":\"Article\",\"@id\":\"https:\/\/apuntesdesanluis.com\/index.php\/2024\/10\/22\/la-nueva-afip-debuto-con-un-aumento-de-impuestos-le-cobraran-iva-a-los-diarios\/#article\",\"isPartOf\":{\"@id\":\"https:\/\/apuntesdesanluis.com\/index.php\/2024\/10\/22\/la-nueva-afip-debuto-con-un-aumento-de-impuestos-le-cobraran-iva-a-los-diarios\/\"},\"author\":{\"name\":\"apuntesdesanluis.com\",\"@id\":\"https:\/\/apuntesdesanluis.com\/#\/schema\/person\/b55151d52296fcce64d1a72538a70b90\"},\"headline\":\"LA NUEVA AFIP DEBUT\u00d3 CON UN AUMENTO DE IMPUESTOS: LE COBRAR\u00c1N IVA A LOS DIARIOS\",\"datePublished\":\"2024-10-22T03:45:02+00:00\",\"mainEntityOfPage\":{\"@id\":\"https:\/\/apuntesdesanluis.com\/index.php\/2024\/10\/22\/la-nueva-afip-debuto-con-un-aumento-de-impuestos-le-cobraran-iva-a-los-diarios\/\"},\"wordCount\":232,\"publisher\":{\"@id\":\"https:\/\/apuntesdesanluis.com\/#\/schema\/person\/b55151d52296fcce64d1a72538a70b90\"},\"image\":{\"@id\":\"https:\/\/apuntesdesanluis.com\/index.php\/2024\/10\/22\/la-nueva-afip-debuto-con-un-aumento-de-impuestos-le-cobraran-iva-a-los-diarios\/#primaryimage\"},\"thumbnailUrl\":\"https:\/\/apuntesdesanluis.com\/wp-content\/uploads\/2024\/10\/adorni-1.png\",\"articleSection\":[\"Nacionales\/Internacionales\"],\"inLanguage\":\"es-AR\"},{\"@type\":\"WebPage\",\"@id\":\"https:\/\/apuntesdesanluis.com\/index.php\/2024\/10\/22\/la-nueva-afip-debuto-con-un-aumento-de-impuestos-le-cobraran-iva-a-los-diarios\/\",\"url\":\"https:\/\/apuntesdesanluis.com\/index.php\/2024\/10\/22\/la-nueva-afip-debuto-con-un-aumento-de-impuestos-le-cobraran-iva-a-los-diarios\/\",\"name\":\"LA NUEVA AFIP DEBUT\u00d3 CON UN AUMENTO DE IMPUESTOS: LE COBRAR\u00c1N IVA A LOS DIARIOS - Apuntes de San Luis\",\"isPartOf\":{\"@id\":\"https:\/\/apuntesdesanluis.com\/#website\"},\"primaryImageOfPage\":{\"@id\":\"https:\/\/apuntesdesanluis.com\/index.php\/2024\/10\/22\/la-nueva-afip-debuto-con-un-aumento-de-impuestos-le-cobraran-iva-a-los-diarios\/#primaryimage\"},\"image\":{\"@id\":\"https:\/\/apuntesdesanluis.com\/index.php\/2024\/10\/22\/la-nueva-afip-debuto-con-un-aumento-de-impuestos-le-cobraran-iva-a-los-diarios\/#primaryimage\"},\"thumbnailUrl\":\"https:\/\/apuntesdesanluis.com\/wp-content\/uploads\/2024\/10\/adorni-1.png\",\"datePublished\":\"2024-10-22T03:45:02+00:00\",\"breadcrumb\":{\"@id\":\"https:\/\/apuntesdesanluis.com\/index.php\/2024\/10\/22\/la-nueva-afip-debuto-con-un-aumento-de-impuestos-le-cobraran-iva-a-los-diarios\/#breadcrumb\"},\"inLanguage\":\"es-AR\",\"potentialAction\":[{\"@type\":\"ReadAction\",\"target\":[\"https:\/\/apuntesdesanluis.com\/index.php\/2024\/10\/22\/la-nueva-afip-debuto-con-un-aumento-de-impuestos-le-cobraran-iva-a-los-diarios\/\"]}]},{\"@type\":\"ImageObject\",\"inLanguage\":\"es-AR\",\"@id\":\"https:\/\/apuntesdesanluis.com\/index.php\/2024\/10\/22\/la-nueva-afip-debuto-con-un-aumento-de-impuestos-le-cobraran-iva-a-los-diarios\/#primaryimage\",\"url\":\"https:\/\/apuntesdesanluis.com\/wp-content\/uploads\/2024\/10\/adorni-1.png\",\"contentUrl\":\"https:\/\/apuntesdesanluis.com\/wp-content\/uploads\/2024\/10\/adorni-1.png\",\"width\":705,\"height\":441},{\"@type\":\"BreadcrumbList\",\"@id\":\"https:\/\/apuntesdesanluis.com\/index.php\/2024\/10\/22\/la-nueva-afip-debuto-con-un-aumento-de-impuestos-le-cobraran-iva-a-los-diarios\/#breadcrumb\",\"itemListElement\":[{\"@type\":\"ListItem\",\"position\":1,\"name\":\"Inicio\",\"item\":\"https:\/\/apuntesdesanluis.com\/\"},{\"@type\":\"ListItem\",\"position\":2,\"name\":\"LA NUEVA AFIP DEBUT\u00d3 CON UN AUMENTO DE IMPUESTOS: LE COBRAR\u00c1N IVA A LOS DIARIOS\"}]},{\"@type\":\"WebSite\",\"@id\":\"https:\/\/apuntesdesanluis.com\/#website\",\"url\":\"https:\/\/apuntesdesanluis.com\/\",\"name\":\"Apuntes de San Luis\",\"description\":\"\",\"publisher\":{\"@id\":\"https:\/\/apuntesdesanluis.com\/#\/schema\/person\/b55151d52296fcce64d1a72538a70b90\"},\"potentialAction\":[{\"@type\":\"SearchAction\",\"target\":{\"@type\":\"EntryPoint\",\"urlTemplate\":\"https:\/\/apuntesdesanluis.com\/?s={search_term_string}\"},\"query-input\":{\"@type\":\"PropertyValueSpecification\",\"valueRequired\":true,\"valueName\":\"search_term_string\"}}],\"inLanguage\":\"es-AR\"},{\"@type\":[\"Person\",\"Organization\"],\"@id\":\"https:\/\/apuntesdesanluis.com\/#\/schema\/person\/b55151d52296fcce64d1a72538a70b90\",\"name\":\"apuntesdesanluis.com\",\"image\":{\"@type\":\"ImageObject\",\"inLanguage\":\"es-AR\",\"@id\":\"https:\/\/apuntesdesanluis.com\/#\/schema\/person\/image\/\",\"url\":\"https:\/\/apuntesdesanluis.com\/wp-content\/uploads\/2023\/07\/cropped-apuntesdesanluis.png\",\"contentUrl\":\"https:\/\/apuntesdesanluis.com\/wp-content\/uploads\/2023\/07\/cropped-apuntesdesanluis.png\",\"width\":450,\"height\":112,\"caption\":\"apuntesdesanluis.com\"},\"logo\":{\"@id\":\"https:\/\/apuntesdesanluis.com\/#\/schema\/person\/image\/\"},\"sameAs\":[\"https:\/\/apuntesdesanluis.com\"],\"url\":\"https:\/\/apuntesdesanluis.com\/index.php\/author\/apuntesdesanluis-com\/\"}]}<\/script>\n<!-- \/ Yoast SEO plugin. -->","yoast_head_json":{"title":"LA NUEVA AFIP DEBUT\u00d3 CON UN AUMENTO DE IMPUESTOS: LE COBRAR\u00c1N IVA A LOS DIARIOS - Apuntes de San Luis","robots":{"index":"index","follow":"follow","max-snippet":"max-snippet:-1","max-image-preview":"max-image-preview:large","max-video-preview":"max-video-preview:-1"},"canonical":"https:\/\/apuntesdesanluis.com\/index.php\/2024\/10\/22\/la-nueva-afip-debuto-con-un-aumento-de-impuestos-le-cobraran-iva-a-los-diarios\/","og_locale":"es_ES","og_type":"article","og_title":"LA NUEVA AFIP DEBUT\u00d3 CON UN AUMENTO DE IMPUESTOS: LE COBRAR\u00c1N IVA A LOS DIARIOS - Apuntes de San Luis","og_description":"La nueva AFIP que cre\u00f3 el gobierno debut\u00f3 con un nuevo impuesto y los diarios...","og_url":"https:\/\/apuntesdesanluis.com\/index.php\/2024\/10\/22\/la-nueva-afip-debuto-con-un-aumento-de-impuestos-le-cobraran-iva-a-los-diarios\/","og_site_name":"Apuntes de San Luis","article_published_time":"2024-10-22T03:45:02+00:00","og_image":[{"width":705,"height":441,"url":"https:\/\/apuntesdesanluis.com\/wp-content\/uploads\/2024\/10\/adorni-1.png","type":"image\/png"}],"author":"apuntesdesanluis.com","twitter_card":"summary_large_image","twitter_misc":{"Escrito por":"apuntesdesanluis.com","Tiempo de lectura":"2 minutos"},"schema":{"@context":"https:\/\/schema.org","@graph":[{"@type":"Article","@id":"https:\/\/apuntesdesanluis.com\/index.php\/2024\/10\/22\/la-nueva-afip-debuto-con-un-aumento-de-impuestos-le-cobraran-iva-a-los-diarios\/#article","isPartOf":{"@id":"https:\/\/apuntesdesanluis.com\/index.php\/2024\/10\/22\/la-nueva-afip-debuto-con-un-aumento-de-impuestos-le-cobraran-iva-a-los-diarios\/"},"author":{"name":"apuntesdesanluis.com","@id":"https:\/\/apuntesdesanluis.com\/#\/schema\/person\/b55151d52296fcce64d1a72538a70b90"},"headline":"LA NUEVA AFIP DEBUT\u00d3 CON UN AUMENTO DE IMPUESTOS: LE COBRAR\u00c1N IVA A LOS DIARIOS","datePublished":"2024-10-22T03:45:02+00:00","mainEntityOfPage":{"@id":"https:\/\/apuntesdesanluis.com\/index.php\/2024\/10\/22\/la-nueva-afip-debuto-con-un-aumento-de-impuestos-le-cobraran-iva-a-los-diarios\/"},"wordCount":232,"publisher":{"@id":"https:\/\/apuntesdesanluis.com\/#\/schema\/person\/b55151d52296fcce64d1a72538a70b90"},"image":{"@id":"https:\/\/apuntesdesanluis.com\/index.php\/2024\/10\/22\/la-nueva-afip-debuto-con-un-aumento-de-impuestos-le-cobraran-iva-a-los-diarios\/#primaryimage"},"thumbnailUrl":"https:\/\/apuntesdesanluis.com\/wp-content\/uploads\/2024\/10\/adorni-1.png","articleSection":["Nacionales\/Internacionales"],"inLanguage":"es-AR"},{"@type":"WebPage","@id":"https:\/\/apuntesdesanluis.com\/index.php\/2024\/10\/22\/la-nueva-afip-debuto-con-un-aumento-de-impuestos-le-cobraran-iva-a-los-diarios\/","url":"https:\/\/apuntesdesanluis.com\/index.php\/2024\/10\/22\/la-nueva-afip-debuto-con-un-aumento-de-impuestos-le-cobraran-iva-a-los-diarios\/","name":"LA NUEVA AFIP DEBUT\u00d3 CON UN AUMENTO DE IMPUESTOS: LE COBRAR\u00c1N IVA A LOS DIARIOS - Apuntes de San Luis","isPartOf":{"@id":"https:\/\/apuntesdesanluis.com\/#website"},"primaryImageOfPage":{"@id":"https:\/\/apuntesdesanluis.com\/index.php\/2024\/10\/22\/la-nueva-afip-debuto-con-un-aumento-de-impuestos-le-cobraran-iva-a-los-diarios\/#primaryimage"},"image":{"@id":"https:\/\/apuntesdesanluis.com\/index.php\/2024\/10\/22\/la-nueva-afip-debuto-con-un-aumento-de-impuestos-le-cobraran-iva-a-los-diarios\/#primaryimage"},"thumbnailUrl":"https:\/\/apuntesdesanluis.com\/wp-content\/uploads\/2024\/10\/adorni-1.png","datePublished":"2024-10-22T03:45:02+00:00","breadcrumb":{"@id":"https:\/\/apuntesdesanluis.com\/index.php\/2024\/10\/22\/la-nueva-afip-debuto-con-un-aumento-de-impuestos-le-cobraran-iva-a-los-diarios\/#breadcrumb"},"inLanguage":"es-AR","potentialAction":[{"@type":"ReadAction","target":["https:\/\/apuntesdesanluis.com\/index.php\/2024\/10\/22\/la-nueva-afip-debuto-con-un-aumento-de-impuestos-le-cobraran-iva-a-los-diarios\/"]}]},{"@type":"ImageObject","inLanguage":"es-AR","@id":"https:\/\/apuntesdesanluis.com\/index.php\/2024\/10\/22\/la-nueva-afip-debuto-con-un-aumento-de-impuestos-le-cobraran-iva-a-los-diarios\/#primaryimage","url":"https:\/\/apuntesdesanluis.com\/wp-content\/uploads\/2024\/10\/adorni-1.png","contentUrl":"https:\/\/apuntesdesanluis.com\/wp-content\/uploads\/2024\/10\/adorni-1.png","width":705,"height":441},{"@type":"BreadcrumbList","@id":"https:\/\/apuntesdesanluis.com\/index.php\/2024\/10\/22\/la-nueva-afip-debuto-con-un-aumento-de-impuestos-le-cobraran-iva-a-los-diarios\/#breadcrumb","itemListElement":[{"@type":"ListItem","position":1,"name":"Inicio","item":"https:\/\/apuntesdesanluis.com\/"},{"@type":"ListItem","position":2,"name":"LA NUEVA AFIP DEBUT\u00d3 CON UN AUMENTO DE IMPUESTOS: LE COBRAR\u00c1N IVA A LOS DIARIOS"}]},{"@type":"WebSite","@id":"https:\/\/apuntesdesanluis.com\/#website","url":"https:\/\/apuntesdesanluis.com\/","name":"Apuntes de San Luis","description":"","publisher":{"@id":"https:\/\/apuntesdesanluis.com\/#\/schema\/person\/b55151d52296fcce64d1a72538a70b90"},"potentialAction":[{"@type":"SearchAction","target":{"@type":"EntryPoint","urlTemplate":"https:\/\/apuntesdesanluis.com\/?s={search_term_string}"},"query-input":{"@type":"PropertyValueSpecification","valueRequired":true,"valueName":"search_term_string"}}],"inLanguage":"es-AR"},{"@type":["Person","Organization"],"@id":"https:\/\/apuntesdesanluis.com\/#\/schema\/person\/b55151d52296fcce64d1a72538a70b90","name":"apuntesdesanluis.com","image":{"@type":"ImageObject","inLanguage":"es-AR","@id":"https:\/\/apuntesdesanluis.com\/#\/schema\/person\/image\/","url":"https:\/\/apuntesdesanluis.com\/wp-content\/uploads\/2023\/07\/cropped-apuntesdesanluis.png","contentUrl":"https:\/\/apuntesdesanluis.com\/wp-content\/uploads\/2023\/07\/cropped-apuntesdesanluis.png","width":450,"height":112,"caption":"apuntesdesanluis.com"},"logo":{"@id":"https:\/\/apuntesdesanluis.com\/#\/schema\/person\/image\/"},"sameAs":["https:\/\/apuntesdesanluis.com"],"url":"https:\/\/apuntesdesanluis.com\/index.php\/author\/apuntesdesanluis-com\/"}]}},"featured_image_urls":{"full":["https:\/\/apuntesdesanluis.com\/wp-content\/uploads\/2024\/10\/adorni-1.png",705,441,false],"thumbnail":["https:\/\/apuntesdesanluis.com\/wp-content\/uploads\/2024\/10\/adorni-1-150x150.png",150,150,true],"medium":["https:\/\/apuntesdesanluis.com\/wp-content\/uploads\/2024\/10\/adorni-1-300x188.png",300,188,true],"medium_large":["https:\/\/apuntesdesanluis.com\/wp-content\/uploads\/2024\/10\/adorni-1.png",640,400,false],"large":["https:\/\/apuntesdesanluis.com\/wp-content\/uploads\/2024\/10\/adorni-1.png",640,400,false],"1536x1536":["https:\/\/apuntesdesanluis.com\/wp-content\/uploads\/2024\/10\/adorni-1.png",705,441,false],"2048x2048":["https:\/\/apuntesdesanluis.com\/wp-content\/uploads\/2024\/10\/adorni-1.png",705,441,false],"newsever-slider-full":["https:\/\/apuntesdesanluis.com\/wp-content\/uploads\/2024\/10\/adorni-1.png",705,441,false],"newsever-featured":["https:\/\/apuntesdesanluis.com\/wp-content\/uploads\/2024\/10\/adorni-1.png",705,441,false],"newsever-medium":["https:\/\/apuntesdesanluis.com\/wp-content\/uploads\/2024\/10\/adorni-1.png",705,441,false]},"author_info":{"display_name":"apuntesdesanluis.com","author_link":"https:\/\/apuntesdesanluis.com\/index.php\/author\/apuntesdesanluis-com\/"},"category_info":"<a href=\"https:\/\/apuntesdesanluis.com\/index.php\/category\/nacionales-internacionales\/\" rel=\"category tag\">Nacionales\/Internacionales<\/a>","tag_info":"Nacionales\/Internacionales","comment_count":"0","_links":{"self":[{"href":"https:\/\/apuntesdesanluis.com\/index.php\/wp-json\/wp\/v2\/posts\/24196","targetHints":{"allow":["GET"]}}],"collection":[{"href":"https:\/\/apuntesdesanluis.com\/index.php\/wp-json\/wp\/v2\/posts"}],"about":[{"href":"https:\/\/apuntesdesanluis.com\/index.php\/wp-json\/wp\/v2\/types\/post"}],"author":[{"embeddable":true,"href":"https:\/\/apuntesdesanluis.com\/index.php\/wp-json\/wp\/v2\/users\/1"}],"replies":[{"embeddable":true,"href":"https:\/\/apuntesdesanluis.com\/index.php\/wp-json\/wp\/v2\/comments?post=24196"}],"version-history":[{"count":1,"href":"https:\/\/apuntesdesanluis.com\/index.php\/wp-json\/wp\/v2\/posts\/24196\/revisions"}],"predecessor-version":[{"id":24198,"href":"https:\/\/apuntesdesanluis.com\/index.php\/wp-json\/wp\/v2\/posts\/24196\/revisions\/24198"}],"wp:featuredmedia":[{"embeddable":true,"href":"https:\/\/apuntesdesanluis.com\/index.php\/wp-json\/wp\/v2\/media\/24197"}],"wp:attachment":[{"href":"https:\/\/apuntesdesanluis.com\/index.php\/wp-json\/wp\/v2\/media?parent=24196"}],"wp:term":[{"taxonomy":"category","embeddable":true,"href":"https:\/\/apuntesdesanluis.com\/index.php\/wp-json\/wp\/v2\/categories?post=24196"},{"taxonomy":"post_tag","embeddable":true,"href":"https:\/\/apuntesdesanluis.com\/index.php\/wp-json\/wp\/v2\/tags?post=24196"}],"curies":[{"name":"wp","href":"https:\/\/api.w.org\/{rel}","templated":true}]}}