{"id":2421,"date":"2023-08-31T00:40:40","date_gmt":"2023-08-31T03:40:40","guid":{"rendered":"https:\/\/apuntesdesanluis.com\/?p=2421"},"modified":"2023-08-31T00:40:40","modified_gmt":"2023-08-31T03:40:40","slug":"la-unsl-sera-anfitriona-del-proximo-plenario-del-cin-que-deliberara-en-la-punta","status":"publish","type":"post","link":"https:\/\/apuntesdesanluis.com\/index.php\/2023\/08\/31\/la-unsl-sera-anfitriona-del-proximo-plenario-del-cin-que-deliberara-en-la-punta\/","title":{"rendered":"LA UNSL SER\u00c1 ANFITRIONA DEL PR\u00d3XIMO PLENARIO DEL CIN QUE DELIBERAR\u00c1 EN LA PUNTA"},"content":{"rendered":"<h3 class=\"yiv7409174924ydp6329976emsonormal\" style=\"background: white;\"><span style=\"font-family: 'Arial','sans-serif'; color: #1d2228;\">Se realizar\u00e1 el pr\u00f3ximo viernes 8 de septiembre. El Consejo Interuniversitario Nacional (CIN), cuyo vicepresidente es el rector de la UNSL V\u00edctor Mori\u00f1igo, se reunir\u00e1 en el marco de su 90\u00b0 Plenario de Rectoras y Rectores. <\/span><\/h3>\n<h3 class=\"yiv7409174924ydp6329976emsonormal\" style=\"background: white;\"><span style=\"font-family: 'Arial','sans-serif'; color: #1d2228;\">Las autoridades proyectan un encuentro que contemple la participaci\u00f3n simult\u00e1nea mediante la virtualidad de quien as\u00ed lo desee. A la vez, el evento contar\u00e1 con transmisi\u00f3n en vivo y abierta mediante el canal oficial de YouTube de la UNSL.<\/span><\/h3>\n<h3 class=\"yiv7409174924ydp6329976emsonormal\" style=\"background: white;\"><span style=\"font-family: 'Arial','sans-serif'; color: #1d2228;\">El plenario se llevar\u00e1 a cabo en la ciudad de La Punta, a 20 km al norte de la ciudad de San Luis, capital de la provincia hom\u00f3nima. La Universidad Nacional de San Luis (UNSL) ser\u00e1 anfitriona de esta instancia de acuerdos que se espera compartir con diferentes autoridades nacionales. Asimismo, se proyecta el debate que posibilite arribar al proyecto de presupuesto universitario 2024 que debe ser presentado a la Secretar\u00eda de Pol\u00edticas Universitarias (SPU).<\/span><\/h3>\n<h3 class=\"yiv7409174924ydp6329976emsonormal\" style=\"background: white;\"><span style=\"font-family: 'Arial','sans-serif'; color: #1d2228;\">El plenario constituye la asamblea general y es el \u00f3rgano m\u00e1ximo del Consejo. Entre sus atribuciones, seg\u00fan lo establecido en el art\u00edculo 8\u00b0 de su estatuto, figuran las siguientes:<\/span><\/h3>\n<ul>\n<li class=\"yiv7409174924ydp6329976emsonormal\" style=\"background: white;\">\n<h3><span style=\"font-family: 'Arial','sans-serif'; color: #1d2228;\">Definir y aprobar las pol\u00edticas del Consejo.<\/span><\/h3>\n<\/li>\n<li class=\"yiv7409174924ydp6329976emsonormal\" style=\"background: white;\">\n<h3><span style=\"font-family: 'Arial','sans-serif'; color: #1d2228;\">Aprobar convenios o acuerdos de inter\u00e9s interuniversitario, educativo, cient\u00edfico, cultural o tecnol\u00f3gico con entidades nacionales o internacionales, p\u00fablicas o privadas.<\/span><\/h3>\n<\/li>\n<\/ul>\n","protected":false},"excerpt":{"rendered":"<p>Se realizar\u00e1 el pr\u00f3ximo viernes 8 de septiembre. El Consejo Interuniversitario Nacional (CIN), cuyo vicepresidente&#8230;<\/p>\n","protected":false},"author":1,"featured_media":2422,"comment_status":"closed","ping_status":"closed","sticky":false,"template":"","format":"standard","meta":{"footnotes":""},"categories":[6],"tags":[],"class_list":["post-2421","post","type-post","status-publish","format-standard","has-post-thumbnail","hentry","category-ciudad-provincia"],"yoast_head":"<!-- This site is optimized with the Yoast SEO plugin v26.1.1 - https:\/\/yoast.com\/wordpress\/plugins\/seo\/ -->\n<title>LA UNSL SER\u00c1 ANFITRIONA DEL PR\u00d3XIMO PLENARIO DEL CIN QUE DELIBERAR\u00c1 EN LA PUNTA - Apuntes de San Luis<\/title>\n<meta name=\"robots\" content=\"index, follow, max-snippet:-1, max-image-preview:large, max-video-preview:-1\" \/>\n<link rel=\"canonical\" href=\"https:\/\/apuntesdesanluis.com\/index.php\/2023\/08\/31\/la-unsl-sera-anfitriona-del-proximo-plenario-del-cin-que-deliberara-en-la-punta\/\" \/>\n<meta property=\"og:locale\" content=\"es_ES\" \/>\n<meta property=\"og:type\" content=\"article\" \/>\n<meta property=\"og:title\" content=\"LA UNSL SER\u00c1 ANFITRIONA DEL PR\u00d3XIMO PLENARIO DEL CIN QUE DELIBERAR\u00c1 EN LA PUNTA - Apuntes de San Luis\" \/>\n<meta property=\"og:description\" content=\"Se realizar\u00e1 el pr\u00f3ximo viernes 8 de septiembre. El Consejo Interuniversitario Nacional (CIN), cuyo vicepresidente...\" \/>\n<meta property=\"og:url\" content=\"https:\/\/apuntesdesanluis.com\/index.php\/2023\/08\/31\/la-unsl-sera-anfitriona-del-proximo-plenario-del-cin-que-deliberara-en-la-punta\/\" \/>\n<meta property=\"og:site_name\" content=\"Apuntes de San Luis\" \/>\n<meta property=\"article:published_time\" content=\"2023-08-31T03:40:40+00:00\" \/>\n<meta property=\"og:image\" content=\"https:\/\/apuntesdesanluis.com\/wp-content\/uploads\/2023\/08\/cin.png\" \/>\n\t<meta property=\"og:image:width\" content=\"711\" \/>\n\t<meta property=\"og:image:height\" content=\"404\" \/>\n\t<meta property=\"og:image:type\" content=\"image\/png\" \/>\n<meta name=\"author\" content=\"apuntesdesanluis.com\" \/>\n<meta name=\"twitter:card\" content=\"summary_large_image\" \/>\n<meta name=\"twitter:label1\" content=\"Escrito por\" \/>\n\t<meta name=\"twitter:data1\" content=\"apuntesdesanluis.com\" \/>\n\t<meta name=\"twitter:label2\" content=\"Tiempo de lectura\" \/>\n\t<meta name=\"twitter:data2\" content=\"1 minuto\" \/>\n<script type=\"application\/ld+json\" class=\"yoast-schema-graph\">{\"@context\":\"https:\/\/schema.org\",\"@graph\":[{\"@type\":\"Article\",\"@id\":\"https:\/\/apuntesdesanluis.com\/index.php\/2023\/08\/31\/la-unsl-sera-anfitriona-del-proximo-plenario-del-cin-que-deliberara-en-la-punta\/#article\",\"isPartOf\":{\"@id\":\"https:\/\/apuntesdesanluis.com\/index.php\/2023\/08\/31\/la-unsl-sera-anfitriona-del-proximo-plenario-del-cin-que-deliberara-en-la-punta\/\"},\"author\":{\"name\":\"apuntesdesanluis.com\",\"@id\":\"https:\/\/apuntesdesanluis.com\/#\/schema\/person\/b55151d52296fcce64d1a72538a70b90\"},\"headline\":\"LA UNSL SER\u00c1 ANFITRIONA DEL PR\u00d3XIMO PLENARIO DEL CIN QUE DELIBERAR\u00c1 EN LA PUNTA\",\"datePublished\":\"2023-08-31T03:40:40+00:00\",\"mainEntityOfPage\":{\"@id\":\"https:\/\/apuntesdesanluis.com\/index.php\/2023\/08\/31\/la-unsl-sera-anfitriona-del-proximo-plenario-del-cin-que-deliberara-en-la-punta\/\"},\"wordCount\":233,\"publisher\":{\"@id\":\"https:\/\/apuntesdesanluis.com\/#\/schema\/person\/b55151d52296fcce64d1a72538a70b90\"},\"image\":{\"@id\":\"https:\/\/apuntesdesanluis.com\/index.php\/2023\/08\/31\/la-unsl-sera-anfitriona-del-proximo-plenario-del-cin-que-deliberara-en-la-punta\/#primaryimage\"},\"thumbnailUrl\":\"https:\/\/apuntesdesanluis.com\/wp-content\/uploads\/2023\/08\/cin.png\",\"articleSection\":[\"Ciudad\/Provincia\"],\"inLanguage\":\"es-AR\"},{\"@type\":\"WebPage\",\"@id\":\"https:\/\/apuntesdesanluis.com\/index.php\/2023\/08\/31\/la-unsl-sera-anfitriona-del-proximo-plenario-del-cin-que-deliberara-en-la-punta\/\",\"url\":\"https:\/\/apuntesdesanluis.com\/index.php\/2023\/08\/31\/la-unsl-sera-anfitriona-del-proximo-plenario-del-cin-que-deliberara-en-la-punta\/\",\"name\":\"LA UNSL SER\u00c1 ANFITRIONA DEL PR\u00d3XIMO PLENARIO DEL CIN QUE DELIBERAR\u00c1 EN LA PUNTA - Apuntes de San Luis\",\"isPartOf\":{\"@id\":\"https:\/\/apuntesdesanluis.com\/#website\"},\"primaryImageOfPage\":{\"@id\":\"https:\/\/apuntesdesanluis.com\/index.php\/2023\/08\/31\/la-unsl-sera-anfitriona-del-proximo-plenario-del-cin-que-deliberara-en-la-punta\/#primaryimage\"},\"image\":{\"@id\":\"https:\/\/apuntesdesanluis.com\/index.php\/2023\/08\/31\/la-unsl-sera-anfitriona-del-proximo-plenario-del-cin-que-deliberara-en-la-punta\/#primaryimage\"},\"thumbnailUrl\":\"https:\/\/apuntesdesanluis.com\/wp-content\/uploads\/2023\/08\/cin.png\",\"datePublished\":\"2023-08-31T03:40:40+00:00\",\"breadcrumb\":{\"@id\":\"https:\/\/apuntesdesanluis.com\/index.php\/2023\/08\/31\/la-unsl-sera-anfitriona-del-proximo-plenario-del-cin-que-deliberara-en-la-punta\/#breadcrumb\"},\"inLanguage\":\"es-AR\",\"potentialAction\":[{\"@type\":\"ReadAction\",\"target\":[\"https:\/\/apuntesdesanluis.com\/index.php\/2023\/08\/31\/la-unsl-sera-anfitriona-del-proximo-plenario-del-cin-que-deliberara-en-la-punta\/\"]}]},{\"@type\":\"ImageObject\",\"inLanguage\":\"es-AR\",\"@id\":\"https:\/\/apuntesdesanluis.com\/index.php\/2023\/08\/31\/la-unsl-sera-anfitriona-del-proximo-plenario-del-cin-que-deliberara-en-la-punta\/#primaryimage\",\"url\":\"https:\/\/apuntesdesanluis.com\/wp-content\/uploads\/2023\/08\/cin.png\",\"contentUrl\":\"https:\/\/apuntesdesanluis.com\/wp-content\/uploads\/2023\/08\/cin.png\",\"width\":711,\"height\":404},{\"@type\":\"BreadcrumbList\",\"@id\":\"https:\/\/apuntesdesanluis.com\/index.php\/2023\/08\/31\/la-unsl-sera-anfitriona-del-proximo-plenario-del-cin-que-deliberara-en-la-punta\/#breadcrumb\",\"itemListElement\":[{\"@type\":\"ListItem\",\"position\":1,\"name\":\"Inicio\",\"item\":\"https:\/\/apuntesdesanluis.com\/\"},{\"@type\":\"ListItem\",\"position\":2,\"name\":\"LA UNSL SER\u00c1 ANFITRIONA DEL PR\u00d3XIMO PLENARIO DEL CIN QUE DELIBERAR\u00c1 EN LA PUNTA\"}]},{\"@type\":\"WebSite\",\"@id\":\"https:\/\/apuntesdesanluis.com\/#website\",\"url\":\"https:\/\/apuntesdesanluis.com\/\",\"name\":\"Apuntes de San Luis\",\"description\":\"\",\"publisher\":{\"@id\":\"https:\/\/apuntesdesanluis.com\/#\/schema\/person\/b55151d52296fcce64d1a72538a70b90\"},\"potentialAction\":[{\"@type\":\"SearchAction\",\"target\":{\"@type\":\"EntryPoint\",\"urlTemplate\":\"https:\/\/apuntesdesanluis.com\/?s={search_term_string}\"},\"query-input\":{\"@type\":\"PropertyValueSpecification\",\"valueRequired\":true,\"valueName\":\"search_term_string\"}}],\"inLanguage\":\"es-AR\"},{\"@type\":[\"Person\",\"Organization\"],\"@id\":\"https:\/\/apuntesdesanluis.com\/#\/schema\/person\/b55151d52296fcce64d1a72538a70b90\",\"name\":\"apuntesdesanluis.com\",\"image\":{\"@type\":\"ImageObject\",\"inLanguage\":\"es-AR\",\"@id\":\"https:\/\/apuntesdesanluis.com\/#\/schema\/person\/image\/\",\"url\":\"https:\/\/apuntesdesanluis.com\/wp-content\/uploads\/2023\/07\/cropped-apuntesdesanluis.png\",\"contentUrl\":\"https:\/\/apuntesdesanluis.com\/wp-content\/uploads\/2023\/07\/cropped-apuntesdesanluis.png\",\"width\":450,\"height\":112,\"caption\":\"apuntesdesanluis.com\"},\"logo\":{\"@id\":\"https:\/\/apuntesdesanluis.com\/#\/schema\/person\/image\/\"},\"sameAs\":[\"https:\/\/apuntesdesanluis.com\"],\"url\":\"https:\/\/apuntesdesanluis.com\/index.php\/author\/apuntesdesanluis-com\/\"}]}<\/script>\n<!-- \/ Yoast SEO plugin. -->","yoast_head_json":{"title":"LA UNSL SER\u00c1 ANFITRIONA DEL PR\u00d3XIMO PLENARIO DEL CIN QUE DELIBERAR\u00c1 EN LA PUNTA - Apuntes de San Luis","robots":{"index":"index","follow":"follow","max-snippet":"max-snippet:-1","max-image-preview":"max-image-preview:large","max-video-preview":"max-video-preview:-1"},"canonical":"https:\/\/apuntesdesanluis.com\/index.php\/2023\/08\/31\/la-unsl-sera-anfitriona-del-proximo-plenario-del-cin-que-deliberara-en-la-punta\/","og_locale":"es_ES","og_type":"article","og_title":"LA UNSL SER\u00c1 ANFITRIONA DEL PR\u00d3XIMO PLENARIO DEL CIN QUE DELIBERAR\u00c1 EN LA PUNTA - Apuntes de San Luis","og_description":"Se realizar\u00e1 el pr\u00f3ximo viernes 8 de septiembre. El Consejo Interuniversitario Nacional (CIN), cuyo vicepresidente...","og_url":"https:\/\/apuntesdesanluis.com\/index.php\/2023\/08\/31\/la-unsl-sera-anfitriona-del-proximo-plenario-del-cin-que-deliberara-en-la-punta\/","og_site_name":"Apuntes de San Luis","article_published_time":"2023-08-31T03:40:40+00:00","og_image":[{"width":711,"height":404,"url":"https:\/\/apuntesdesanluis.com\/wp-content\/uploads\/2023\/08\/cin.png","type":"image\/png"}],"author":"apuntesdesanluis.com","twitter_card":"summary_large_image","twitter_misc":{"Escrito por":"apuntesdesanluis.com","Tiempo de lectura":"1 minuto"},"schema":{"@context":"https:\/\/schema.org","@graph":[{"@type":"Article","@id":"https:\/\/apuntesdesanluis.com\/index.php\/2023\/08\/31\/la-unsl-sera-anfitriona-del-proximo-plenario-del-cin-que-deliberara-en-la-punta\/#article","isPartOf":{"@id":"https:\/\/apuntesdesanluis.com\/index.php\/2023\/08\/31\/la-unsl-sera-anfitriona-del-proximo-plenario-del-cin-que-deliberara-en-la-punta\/"},"author":{"name":"apuntesdesanluis.com","@id":"https:\/\/apuntesdesanluis.com\/#\/schema\/person\/b55151d52296fcce64d1a72538a70b90"},"headline":"LA UNSL SER\u00c1 ANFITRIONA DEL PR\u00d3XIMO PLENARIO DEL CIN QUE DELIBERAR\u00c1 EN LA PUNTA","datePublished":"2023-08-31T03:40:40+00:00","mainEntityOfPage":{"@id":"https:\/\/apuntesdesanluis.com\/index.php\/2023\/08\/31\/la-unsl-sera-anfitriona-del-proximo-plenario-del-cin-que-deliberara-en-la-punta\/"},"wordCount":233,"publisher":{"@id":"https:\/\/apuntesdesanluis.com\/#\/schema\/person\/b55151d52296fcce64d1a72538a70b90"},"image":{"@id":"https:\/\/apuntesdesanluis.com\/index.php\/2023\/08\/31\/la-unsl-sera-anfitriona-del-proximo-plenario-del-cin-que-deliberara-en-la-punta\/#primaryimage"},"thumbnailUrl":"https:\/\/apuntesdesanluis.com\/wp-content\/uploads\/2023\/08\/cin.png","articleSection":["Ciudad\/Provincia"],"inLanguage":"es-AR"},{"@type":"WebPage","@id":"https:\/\/apuntesdesanluis.com\/index.php\/2023\/08\/31\/la-unsl-sera-anfitriona-del-proximo-plenario-del-cin-que-deliberara-en-la-punta\/","url":"https:\/\/apuntesdesanluis.com\/index.php\/2023\/08\/31\/la-unsl-sera-anfitriona-del-proximo-plenario-del-cin-que-deliberara-en-la-punta\/","name":"LA UNSL SER\u00c1 ANFITRIONA DEL PR\u00d3XIMO PLENARIO DEL CIN QUE DELIBERAR\u00c1 EN LA PUNTA - Apuntes de San Luis","isPartOf":{"@id":"https:\/\/apuntesdesanluis.com\/#website"},"primaryImageOfPage":{"@id":"https:\/\/apuntesdesanluis.com\/index.php\/2023\/08\/31\/la-unsl-sera-anfitriona-del-proximo-plenario-del-cin-que-deliberara-en-la-punta\/#primaryimage"},"image":{"@id":"https:\/\/apuntesdesanluis.com\/index.php\/2023\/08\/31\/la-unsl-sera-anfitriona-del-proximo-plenario-del-cin-que-deliberara-en-la-punta\/#primaryimage"},"thumbnailUrl":"https:\/\/apuntesdesanluis.com\/wp-content\/uploads\/2023\/08\/cin.png","datePublished":"2023-08-31T03:40:40+00:00","breadcrumb":{"@id":"https:\/\/apuntesdesanluis.com\/index.php\/2023\/08\/31\/la-unsl-sera-anfitriona-del-proximo-plenario-del-cin-que-deliberara-en-la-punta\/#breadcrumb"},"inLanguage":"es-AR","potentialAction":[{"@type":"ReadAction","target":["https:\/\/apuntesdesanluis.com\/index.php\/2023\/08\/31\/la-unsl-sera-anfitriona-del-proximo-plenario-del-cin-que-deliberara-en-la-punta\/"]}]},{"@type":"ImageObject","inLanguage":"es-AR","@id":"https:\/\/apuntesdesanluis.com\/index.php\/2023\/08\/31\/la-unsl-sera-anfitriona-del-proximo-plenario-del-cin-que-deliberara-en-la-punta\/#primaryimage","url":"https:\/\/apuntesdesanluis.com\/wp-content\/uploads\/2023\/08\/cin.png","contentUrl":"https:\/\/apuntesdesanluis.com\/wp-content\/uploads\/2023\/08\/cin.png","width":711,"height":404},{"@type":"BreadcrumbList","@id":"https:\/\/apuntesdesanluis.com\/index.php\/2023\/08\/31\/la-unsl-sera-anfitriona-del-proximo-plenario-del-cin-que-deliberara-en-la-punta\/#breadcrumb","itemListElement":[{"@type":"ListItem","position":1,"name":"Inicio","item":"https:\/\/apuntesdesanluis.com\/"},{"@type":"ListItem","position":2,"name":"LA UNSL SER\u00c1 ANFITRIONA DEL PR\u00d3XIMO PLENARIO DEL CIN QUE DELIBERAR\u00c1 EN LA PUNTA"}]},{"@type":"WebSite","@id":"https:\/\/apuntesdesanluis.com\/#website","url":"https:\/\/apuntesdesanluis.com\/","name":"Apuntes de San Luis","description":"","publisher":{"@id":"https:\/\/apuntesdesanluis.com\/#\/schema\/person\/b55151d52296fcce64d1a72538a70b90"},"potentialAction":[{"@type":"SearchAction","target":{"@type":"EntryPoint","urlTemplate":"https:\/\/apuntesdesanluis.com\/?s={search_term_string}"},"query-input":{"@type":"PropertyValueSpecification","valueRequired":true,"valueName":"search_term_string"}}],"inLanguage":"es-AR"},{"@type":["Person","Organization"],"@id":"https:\/\/apuntesdesanluis.com\/#\/schema\/person\/b55151d52296fcce64d1a72538a70b90","name":"apuntesdesanluis.com","image":{"@type":"ImageObject","inLanguage":"es-AR","@id":"https:\/\/apuntesdesanluis.com\/#\/schema\/person\/image\/","url":"https:\/\/apuntesdesanluis.com\/wp-content\/uploads\/2023\/07\/cropped-apuntesdesanluis.png","contentUrl":"https:\/\/apuntesdesanluis.com\/wp-content\/uploads\/2023\/07\/cropped-apuntesdesanluis.png","width":450,"height":112,"caption":"apuntesdesanluis.com"},"logo":{"@id":"https:\/\/apuntesdesanluis.com\/#\/schema\/person\/image\/"},"sameAs":["https:\/\/apuntesdesanluis.com"],"url":"https:\/\/apuntesdesanluis.com\/index.php\/author\/apuntesdesanluis-com\/"}]}},"featured_image_urls":{"full":["https:\/\/apuntesdesanluis.com\/wp-content\/uploads\/2023\/08\/cin.png",711,404,false],"thumbnail":["https:\/\/apuntesdesanluis.com\/wp-content\/uploads\/2023\/08\/cin-150x150.png",150,150,true],"medium":["https:\/\/apuntesdesanluis.com\/wp-content\/uploads\/2023\/08\/cin-300x170.png",300,170,true],"medium_large":["https:\/\/apuntesdesanluis.com\/wp-content\/uploads\/2023\/08\/cin.png",640,364,false],"large":["https:\/\/apuntesdesanluis.com\/wp-content\/uploads\/2023\/08\/cin.png",640,364,false],"1536x1536":["https:\/\/apuntesdesanluis.com\/wp-content\/uploads\/2023\/08\/cin.png",711,404,false],"2048x2048":["https:\/\/apuntesdesanluis.com\/wp-content\/uploads\/2023\/08\/cin.png",711,404,false],"newsever-slider-full":["https:\/\/apuntesdesanluis.com\/wp-content\/uploads\/2023\/08\/cin.png",711,404,false],"newsever-featured":["https:\/\/apuntesdesanluis.com\/wp-content\/uploads\/2023\/08\/cin.png",711,404,false],"newsever-medium":["https:\/\/apuntesdesanluis.com\/wp-content\/uploads\/2023\/08\/cin.png",711,404,false]},"author_info":{"display_name":"apuntesdesanluis.com","author_link":"https:\/\/apuntesdesanluis.com\/index.php\/author\/apuntesdesanluis-com\/"},"category_info":"<a href=\"https:\/\/apuntesdesanluis.com\/index.php\/category\/ciudad-provincia\/\" rel=\"category tag\">Ciudad\/Provincia<\/a>","tag_info":"Ciudad\/Provincia","comment_count":"0","_links":{"self":[{"href":"https:\/\/apuntesdesanluis.com\/index.php\/wp-json\/wp\/v2\/posts\/2421","targetHints":{"allow":["GET"]}}],"collection":[{"href":"https:\/\/apuntesdesanluis.com\/index.php\/wp-json\/wp\/v2\/posts"}],"about":[{"href":"https:\/\/apuntesdesanluis.com\/index.php\/wp-json\/wp\/v2\/types\/post"}],"author":[{"embeddable":true,"href":"https:\/\/apuntesdesanluis.com\/index.php\/wp-json\/wp\/v2\/users\/1"}],"replies":[{"embeddable":true,"href":"https:\/\/apuntesdesanluis.com\/index.php\/wp-json\/wp\/v2\/comments?post=2421"}],"version-history":[{"count":1,"href":"https:\/\/apuntesdesanluis.com\/index.php\/wp-json\/wp\/v2\/posts\/2421\/revisions"}],"predecessor-version":[{"id":2423,"href":"https:\/\/apuntesdesanluis.com\/index.php\/wp-json\/wp\/v2\/posts\/2421\/revisions\/2423"}],"wp:featuredmedia":[{"embeddable":true,"href":"https:\/\/apuntesdesanluis.com\/index.php\/wp-json\/wp\/v2\/media\/2422"}],"wp:attachment":[{"href":"https:\/\/apuntesdesanluis.com\/index.php\/wp-json\/wp\/v2\/media?parent=2421"}],"wp:term":[{"taxonomy":"category","embeddable":true,"href":"https:\/\/apuntesdesanluis.com\/index.php\/wp-json\/wp\/v2\/categories?post=2421"},{"taxonomy":"post_tag","embeddable":true,"href":"https:\/\/apuntesdesanluis.com\/index.php\/wp-json\/wp\/v2\/tags?post=2421"}],"curies":[{"name":"wp","href":"https:\/\/api.w.org\/{rel}","templated":true}]}}