{"id":24212,"date":"2024-10-22T20:41:59","date_gmt":"2024-10-22T23:41:59","guid":{"rendered":"https:\/\/apuntesdesanluis.com\/?p=24212"},"modified":"2024-10-22T20:41:59","modified_gmt":"2024-10-22T23:41:59","slug":"acusan-a-policia-de-robarle-el-arma-a-una-companera-para-venderla","status":"publish","type":"post","link":"https:\/\/apuntesdesanluis.com\/index.php\/2024\/10\/22\/acusan-a-policia-de-robarle-el-arma-a-una-companera-para-venderla\/","title":{"rendered":"ACUSAN A POLIC\u00cdA DE ROBARLE EL ARMA A UNA COMPA\u00d1ERA PARA VENDERLA"},"content":{"rendered":"<h3>Los cargos son por hurto calificado, entrega de arma y desobediencia a los deberes de funcionario p\u00fablico. La audiencia se realiz\u00f3 en el Juzgado de Garant\u00edas N\u00ba 4 de la Segunda Circunscripci\u00f3n Judicial. El imputado cumpl\u00eda funciones como personal policial al cometer los hechos investigados.<\/h3>\n<h3>El singular hecho ocurrido el pasado 9 de julio en la Comisar\u00eda de Justo Daract.<\/h3>\n<h3>El Dr. Maximiliano Bazla Cassina \u2013 Fiscal de Instrucci\u00f3n N \u00ba 1 \u2013 relat\u00f3 que en esa oportunidad, el imputado, quien cumpl\u00eda funciones en esa dependencia policial y se encontraba como jefe de servicio, permanec\u00eda en la cocina de la comisar\u00eda. Fue all\u00ed que ingres\u00f3 una compa\u00f1era para ir al ba\u00f1o y deposit\u00f3 su arma reglamentaria en un caj\u00f3n. En esa oportunidad, el imputado se habr\u00eda apoderado del arma.<\/h3>\n<h3><img fetchpriority=\"high\" decoding=\"async\" class=\"wp-image-24214 aligncenter\" src=\"https:\/\/apuntesdesanluis.com\/wp-content\/uploads\/2024\/10\/audiencia-4-300x196.png\" alt=\"\" width=\"647\" height=\"423\" srcset=\"https:\/\/apuntesdesanluis.com\/wp-content\/uploads\/2024\/10\/audiencia-4-300x196.png 300w, https:\/\/apuntesdesanluis.com\/wp-content\/uploads\/2024\/10\/audiencia-4.png 693w\" sizes=\"(max-width: 647px) 100vw, 647px\" \/><\/h3>\n<h3>Posteriormente, relat\u00f3 el representante del Ministerio P\u00fablico Fiscal, entreg\u00f3 el arma a un vecino para que procediera a la venta de la misma. Mencion\u00f3 que existe una filmaci\u00f3n realizada en la casa del imputado y que el arma fue entregada a una persona que no ten\u00eda autorizaci\u00f3n ni para tenencia ni para portaci\u00f3n.<\/h3>\n<h3>El arma fue finalmente localizada, como resultado de un allanamiento, en el domicilio de una tercera persona.<\/h3>\n<h3>El Ministerio P\u00fablico Fiscal detall\u00f3 que el imputado realiz\u00f3 una operaci\u00f3n comercial de venta del arma.<\/h3>\n<h3>Pidi\u00f3 se formulen cargos como autor de los delitos de\u00a0 hurto simple agravado\u00a0 por ser funcionario p\u00fablico en concurso real con la entrega de un arma de fuego todo ello en concurso ideal con el delito de incumplimiento de los deberes de funcionario (Arts. 162, 163 us, 248, 189 bis Inc. 4to p\u00e1rrafo primero, Art. 54 55 y 45 del C\u00f3digo Penal Argentino).<\/h3>\n<h3>Por su parte, el Dr. Gustavo \u00c1vila, en la Defensa, explic\u00f3 que la investigaci\u00f3n surgi\u00f3 cuando la damnificada not\u00f3 que no ten\u00eda el arma reglamentaria, el d\u00eda 10 de julio. Asegur\u00f3 que nadie pudo observar que el 9 de julio la mujer hubiera concurrido a la Comisar\u00eda portando su arma reglamentaria.<\/h3>\n<h3>Asimismo, mencion\u00f3 lo previsto en el estatuto del personal policial y asegur\u00f3 que los polic\u00edas no pueden desprenderse en ning\u00fan momento de su arma reglamentaria.<\/h3>\n<h3>Sostuvo la inocencia de su asistido y asegur\u00f3 que nunca hurt\u00f3 el arma ni se apoder\u00f3 de la misma.<\/h3>\n<h3>Luego de escuchar a las partes, el Dr. Santiago Ortiz tuvo por formulados los cargos en los t\u00e9rminos solicitados por el Ministerio P\u00fablico Fiscal \u2013 hurto simple agravado\u00a0 por ser funcionario p\u00fablico en concurso real con la entrega de un arma de fuego todo ello en concurso ideal con el delito de incumplimiento de los deberes de funcionario \u2013 mientras continu\u00e9 la etapa de investigaci\u00f3n penal preparatoria, para la cual se estim\u00f3 un plazo de cuatro meses.<\/h3>\n<h3>Investigaci\u00f3n Penal Preparatoria (IPP): Cabe recordar que el C\u00f3digo de Procedimiento Penal establece que, durante la IPP, el Fiscal de Instrucci\u00f3n practicar\u00e1 la investigaci\u00f3n preparatoria con la finalidad de arribar a la soluci\u00f3n del conflicto por cualquiera de las v\u00edas legalmente previstas para que el delito cometido no produzca consecuencias posteriores, reuniendo pruebas \u00fatiles para la acusaci\u00f3n o un sobreseimiento y para promover o desechar la realizaci\u00f3n del juicio.<\/h3>\n<h3>Junto con el Dr. Maximiliano Bazla Cassina estuvo presente la Dra. Cecilia Framini. Intervino como secretaria la Dra. Daniela Lopez Mart\u00edn.<\/h3>\n<h3><\/h3>\n<h3><\/h3>\n<p>&nbsp;<\/p>\n","protected":false},"excerpt":{"rendered":"<p>Los cargos son por hurto calificado, entrega de arma y desobediencia a los deberes de&#8230;<\/p>\n","protected":false},"author":1,"featured_media":24213,"comment_status":"closed","ping_status":"closed","sticky":false,"template":"","format":"standard","meta":{"footnotes":""},"categories":[6],"tags":[],"class_list":["post-24212","post","type-post","status-publish","format-standard","has-post-thumbnail","hentry","category-ciudad-provincia"],"yoast_head":"<!-- This site is optimized with the Yoast SEO plugin v26.1.1 - https:\/\/yoast.com\/wordpress\/plugins\/seo\/ -->\n<title>ACUSAN A POLIC\u00cdA DE ROBARLE EL ARMA A UNA COMPA\u00d1ERA PARA VENDERLA - Apuntes de San Luis<\/title>\n<meta name=\"robots\" content=\"index, follow, max-snippet:-1, max-image-preview:large, max-video-preview:-1\" \/>\n<link rel=\"canonical\" href=\"https:\/\/apuntesdesanluis.com\/index.php\/2024\/10\/22\/acusan-a-policia-de-robarle-el-arma-a-una-companera-para-venderla\/\" \/>\n<meta property=\"og:locale\" content=\"es_ES\" \/>\n<meta property=\"og:type\" content=\"article\" \/>\n<meta property=\"og:title\" content=\"ACUSAN A POLIC\u00cdA DE ROBARLE EL ARMA A UNA COMPA\u00d1ERA PARA VENDERLA - Apuntes de San Luis\" \/>\n<meta property=\"og:description\" content=\"Los cargos son por hurto calificado, entrega de arma y desobediencia a los deberes de...\" \/>\n<meta property=\"og:url\" content=\"https:\/\/apuntesdesanluis.com\/index.php\/2024\/10\/22\/acusan-a-policia-de-robarle-el-arma-a-una-companera-para-venderla\/\" \/>\n<meta property=\"og:site_name\" content=\"Apuntes de San Luis\" \/>\n<meta property=\"article:published_time\" content=\"2024-10-22T23:41:59+00:00\" \/>\n<meta property=\"og:image\" content=\"https:\/\/apuntesdesanluis.com\/wp-content\/uploads\/2024\/10\/arma.png\" \/>\n\t<meta property=\"og:image:width\" content=\"546\" \/>\n\t<meta property=\"og:image:height\" content=\"314\" \/>\n\t<meta property=\"og:image:type\" content=\"image\/png\" \/>\n<meta name=\"author\" content=\"apuntesdesanluis.com\" \/>\n<meta name=\"twitter:card\" content=\"summary_large_image\" \/>\n<meta name=\"twitter:label1\" content=\"Escrito por\" \/>\n\t<meta name=\"twitter:data1\" content=\"apuntesdesanluis.com\" \/>\n\t<meta name=\"twitter:label2\" content=\"Tiempo de lectura\" \/>\n\t<meta name=\"twitter:data2\" content=\"3 minutos\" \/>\n<script type=\"application\/ld+json\" class=\"yoast-schema-graph\">{\"@context\":\"https:\/\/schema.org\",\"@graph\":[{\"@type\":\"Article\",\"@id\":\"https:\/\/apuntesdesanluis.com\/index.php\/2024\/10\/22\/acusan-a-policia-de-robarle-el-arma-a-una-companera-para-venderla\/#article\",\"isPartOf\":{\"@id\":\"https:\/\/apuntesdesanluis.com\/index.php\/2024\/10\/22\/acusan-a-policia-de-robarle-el-arma-a-una-companera-para-venderla\/\"},\"author\":{\"name\":\"apuntesdesanluis.com\",\"@id\":\"https:\/\/apuntesdesanluis.com\/#\/schema\/person\/b55151d52296fcce64d1a72538a70b90\"},\"headline\":\"ACUSAN A POLIC\u00cdA DE ROBARLE EL ARMA A UNA COMPA\u00d1ERA PARA VENDERLA\",\"datePublished\":\"2024-10-22T23:41:59+00:00\",\"mainEntityOfPage\":{\"@id\":\"https:\/\/apuntesdesanluis.com\/index.php\/2024\/10\/22\/acusan-a-policia-de-robarle-el-arma-a-una-companera-para-venderla\/\"},\"wordCount\":580,\"publisher\":{\"@id\":\"https:\/\/apuntesdesanluis.com\/#\/schema\/person\/b55151d52296fcce64d1a72538a70b90\"},\"image\":{\"@id\":\"https:\/\/apuntesdesanluis.com\/index.php\/2024\/10\/22\/acusan-a-policia-de-robarle-el-arma-a-una-companera-para-venderla\/#primaryimage\"},\"thumbnailUrl\":\"https:\/\/apuntesdesanluis.com\/wp-content\/uploads\/2024\/10\/arma.png\",\"articleSection\":[\"Ciudad\/Provincia\"],\"inLanguage\":\"es-AR\"},{\"@type\":\"WebPage\",\"@id\":\"https:\/\/apuntesdesanluis.com\/index.php\/2024\/10\/22\/acusan-a-policia-de-robarle-el-arma-a-una-companera-para-venderla\/\",\"url\":\"https:\/\/apuntesdesanluis.com\/index.php\/2024\/10\/22\/acusan-a-policia-de-robarle-el-arma-a-una-companera-para-venderla\/\",\"name\":\"ACUSAN A POLIC\u00cdA DE ROBARLE EL ARMA A UNA COMPA\u00d1ERA PARA VENDERLA - Apuntes de San Luis\",\"isPartOf\":{\"@id\":\"https:\/\/apuntesdesanluis.com\/#website\"},\"primaryImageOfPage\":{\"@id\":\"https:\/\/apuntesdesanluis.com\/index.php\/2024\/10\/22\/acusan-a-policia-de-robarle-el-arma-a-una-companera-para-venderla\/#primaryimage\"},\"image\":{\"@id\":\"https:\/\/apuntesdesanluis.com\/index.php\/2024\/10\/22\/acusan-a-policia-de-robarle-el-arma-a-una-companera-para-venderla\/#primaryimage\"},\"thumbnailUrl\":\"https:\/\/apuntesdesanluis.com\/wp-content\/uploads\/2024\/10\/arma.png\",\"datePublished\":\"2024-10-22T23:41:59+00:00\",\"breadcrumb\":{\"@id\":\"https:\/\/apuntesdesanluis.com\/index.php\/2024\/10\/22\/acusan-a-policia-de-robarle-el-arma-a-una-companera-para-venderla\/#breadcrumb\"},\"inLanguage\":\"es-AR\",\"potentialAction\":[{\"@type\":\"ReadAction\",\"target\":[\"https:\/\/apuntesdesanluis.com\/index.php\/2024\/10\/22\/acusan-a-policia-de-robarle-el-arma-a-una-companera-para-venderla\/\"]}]},{\"@type\":\"ImageObject\",\"inLanguage\":\"es-AR\",\"@id\":\"https:\/\/apuntesdesanluis.com\/index.php\/2024\/10\/22\/acusan-a-policia-de-robarle-el-arma-a-una-companera-para-venderla\/#primaryimage\",\"url\":\"https:\/\/apuntesdesanluis.com\/wp-content\/uploads\/2024\/10\/arma.png\",\"contentUrl\":\"https:\/\/apuntesdesanluis.com\/wp-content\/uploads\/2024\/10\/arma.png\",\"width\":546,\"height\":314},{\"@type\":\"BreadcrumbList\",\"@id\":\"https:\/\/apuntesdesanluis.com\/index.php\/2024\/10\/22\/acusan-a-policia-de-robarle-el-arma-a-una-companera-para-venderla\/#breadcrumb\",\"itemListElement\":[{\"@type\":\"ListItem\",\"position\":1,\"name\":\"Inicio\",\"item\":\"https:\/\/apuntesdesanluis.com\/\"},{\"@type\":\"ListItem\",\"position\":2,\"name\":\"ACUSAN A POLIC\u00cdA DE ROBARLE EL ARMA A UNA COMPA\u00d1ERA PARA VENDERLA\"}]},{\"@type\":\"WebSite\",\"@id\":\"https:\/\/apuntesdesanluis.com\/#website\",\"url\":\"https:\/\/apuntesdesanluis.com\/\",\"name\":\"Apuntes de San Luis\",\"description\":\"\",\"publisher\":{\"@id\":\"https:\/\/apuntesdesanluis.com\/#\/schema\/person\/b55151d52296fcce64d1a72538a70b90\"},\"potentialAction\":[{\"@type\":\"SearchAction\",\"target\":{\"@type\":\"EntryPoint\",\"urlTemplate\":\"https:\/\/apuntesdesanluis.com\/?s={search_term_string}\"},\"query-input\":{\"@type\":\"PropertyValueSpecification\",\"valueRequired\":true,\"valueName\":\"search_term_string\"}}],\"inLanguage\":\"es-AR\"},{\"@type\":[\"Person\",\"Organization\"],\"@id\":\"https:\/\/apuntesdesanluis.com\/#\/schema\/person\/b55151d52296fcce64d1a72538a70b90\",\"name\":\"apuntesdesanluis.com\",\"image\":{\"@type\":\"ImageObject\",\"inLanguage\":\"es-AR\",\"@id\":\"https:\/\/apuntesdesanluis.com\/#\/schema\/person\/image\/\",\"url\":\"https:\/\/apuntesdesanluis.com\/wp-content\/uploads\/2023\/07\/cropped-apuntesdesanluis.png\",\"contentUrl\":\"https:\/\/apuntesdesanluis.com\/wp-content\/uploads\/2023\/07\/cropped-apuntesdesanluis.png\",\"width\":450,\"height\":112,\"caption\":\"apuntesdesanluis.com\"},\"logo\":{\"@id\":\"https:\/\/apuntesdesanluis.com\/#\/schema\/person\/image\/\"},\"sameAs\":[\"https:\/\/apuntesdesanluis.com\"],\"url\":\"https:\/\/apuntesdesanluis.com\/index.php\/author\/apuntesdesanluis-com\/\"}]}<\/script>\n<!-- \/ Yoast SEO plugin. -->","yoast_head_json":{"title":"ACUSAN A POLIC\u00cdA DE ROBARLE EL ARMA A UNA COMPA\u00d1ERA PARA VENDERLA - Apuntes de San Luis","robots":{"index":"index","follow":"follow","max-snippet":"max-snippet:-1","max-image-preview":"max-image-preview:large","max-video-preview":"max-video-preview:-1"},"canonical":"https:\/\/apuntesdesanluis.com\/index.php\/2024\/10\/22\/acusan-a-policia-de-robarle-el-arma-a-una-companera-para-venderla\/","og_locale":"es_ES","og_type":"article","og_title":"ACUSAN A POLIC\u00cdA DE ROBARLE EL ARMA A UNA COMPA\u00d1ERA PARA VENDERLA - Apuntes de San Luis","og_description":"Los cargos son por hurto calificado, entrega de arma y desobediencia a los deberes de...","og_url":"https:\/\/apuntesdesanluis.com\/index.php\/2024\/10\/22\/acusan-a-policia-de-robarle-el-arma-a-una-companera-para-venderla\/","og_site_name":"Apuntes de San Luis","article_published_time":"2024-10-22T23:41:59+00:00","og_image":[{"width":546,"height":314,"url":"https:\/\/apuntesdesanluis.com\/wp-content\/uploads\/2024\/10\/arma.png","type":"image\/png"}],"author":"apuntesdesanluis.com","twitter_card":"summary_large_image","twitter_misc":{"Escrito por":"apuntesdesanluis.com","Tiempo de lectura":"3 minutos"},"schema":{"@context":"https:\/\/schema.org","@graph":[{"@type":"Article","@id":"https:\/\/apuntesdesanluis.com\/index.php\/2024\/10\/22\/acusan-a-policia-de-robarle-el-arma-a-una-companera-para-venderla\/#article","isPartOf":{"@id":"https:\/\/apuntesdesanluis.com\/index.php\/2024\/10\/22\/acusan-a-policia-de-robarle-el-arma-a-una-companera-para-venderla\/"},"author":{"name":"apuntesdesanluis.com","@id":"https:\/\/apuntesdesanluis.com\/#\/schema\/person\/b55151d52296fcce64d1a72538a70b90"},"headline":"ACUSAN A POLIC\u00cdA DE ROBARLE EL ARMA A UNA COMPA\u00d1ERA PARA VENDERLA","datePublished":"2024-10-22T23:41:59+00:00","mainEntityOfPage":{"@id":"https:\/\/apuntesdesanluis.com\/index.php\/2024\/10\/22\/acusan-a-policia-de-robarle-el-arma-a-una-companera-para-venderla\/"},"wordCount":580,"publisher":{"@id":"https:\/\/apuntesdesanluis.com\/#\/schema\/person\/b55151d52296fcce64d1a72538a70b90"},"image":{"@id":"https:\/\/apuntesdesanluis.com\/index.php\/2024\/10\/22\/acusan-a-policia-de-robarle-el-arma-a-una-companera-para-venderla\/#primaryimage"},"thumbnailUrl":"https:\/\/apuntesdesanluis.com\/wp-content\/uploads\/2024\/10\/arma.png","articleSection":["Ciudad\/Provincia"],"inLanguage":"es-AR"},{"@type":"WebPage","@id":"https:\/\/apuntesdesanluis.com\/index.php\/2024\/10\/22\/acusan-a-policia-de-robarle-el-arma-a-una-companera-para-venderla\/","url":"https:\/\/apuntesdesanluis.com\/index.php\/2024\/10\/22\/acusan-a-policia-de-robarle-el-arma-a-una-companera-para-venderla\/","name":"ACUSAN A POLIC\u00cdA DE ROBARLE EL ARMA A UNA COMPA\u00d1ERA PARA VENDERLA - Apuntes de San Luis","isPartOf":{"@id":"https:\/\/apuntesdesanluis.com\/#website"},"primaryImageOfPage":{"@id":"https:\/\/apuntesdesanluis.com\/index.php\/2024\/10\/22\/acusan-a-policia-de-robarle-el-arma-a-una-companera-para-venderla\/#primaryimage"},"image":{"@id":"https:\/\/apuntesdesanluis.com\/index.php\/2024\/10\/22\/acusan-a-policia-de-robarle-el-arma-a-una-companera-para-venderla\/#primaryimage"},"thumbnailUrl":"https:\/\/apuntesdesanluis.com\/wp-content\/uploads\/2024\/10\/arma.png","datePublished":"2024-10-22T23:41:59+00:00","breadcrumb":{"@id":"https:\/\/apuntesdesanluis.com\/index.php\/2024\/10\/22\/acusan-a-policia-de-robarle-el-arma-a-una-companera-para-venderla\/#breadcrumb"},"inLanguage":"es-AR","potentialAction":[{"@type":"ReadAction","target":["https:\/\/apuntesdesanluis.com\/index.php\/2024\/10\/22\/acusan-a-policia-de-robarle-el-arma-a-una-companera-para-venderla\/"]}]},{"@type":"ImageObject","inLanguage":"es-AR","@id":"https:\/\/apuntesdesanluis.com\/index.php\/2024\/10\/22\/acusan-a-policia-de-robarle-el-arma-a-una-companera-para-venderla\/#primaryimage","url":"https:\/\/apuntesdesanluis.com\/wp-content\/uploads\/2024\/10\/arma.png","contentUrl":"https:\/\/apuntesdesanluis.com\/wp-content\/uploads\/2024\/10\/arma.png","width":546,"height":314},{"@type":"BreadcrumbList","@id":"https:\/\/apuntesdesanluis.com\/index.php\/2024\/10\/22\/acusan-a-policia-de-robarle-el-arma-a-una-companera-para-venderla\/#breadcrumb","itemListElement":[{"@type":"ListItem","position":1,"name":"Inicio","item":"https:\/\/apuntesdesanluis.com\/"},{"@type":"ListItem","position":2,"name":"ACUSAN A POLIC\u00cdA DE ROBARLE EL ARMA A UNA COMPA\u00d1ERA PARA VENDERLA"}]},{"@type":"WebSite","@id":"https:\/\/apuntesdesanluis.com\/#website","url":"https:\/\/apuntesdesanluis.com\/","name":"Apuntes de San Luis","description":"","publisher":{"@id":"https:\/\/apuntesdesanluis.com\/#\/schema\/person\/b55151d52296fcce64d1a72538a70b90"},"potentialAction":[{"@type":"SearchAction","target":{"@type":"EntryPoint","urlTemplate":"https:\/\/apuntesdesanluis.com\/?s={search_term_string}"},"query-input":{"@type":"PropertyValueSpecification","valueRequired":true,"valueName":"search_term_string"}}],"inLanguage":"es-AR"},{"@type":["Person","Organization"],"@id":"https:\/\/apuntesdesanluis.com\/#\/schema\/person\/b55151d52296fcce64d1a72538a70b90","name":"apuntesdesanluis.com","image":{"@type":"ImageObject","inLanguage":"es-AR","@id":"https:\/\/apuntesdesanluis.com\/#\/schema\/person\/image\/","url":"https:\/\/apuntesdesanluis.com\/wp-content\/uploads\/2023\/07\/cropped-apuntesdesanluis.png","contentUrl":"https:\/\/apuntesdesanluis.com\/wp-content\/uploads\/2023\/07\/cropped-apuntesdesanluis.png","width":450,"height":112,"caption":"apuntesdesanluis.com"},"logo":{"@id":"https:\/\/apuntesdesanluis.com\/#\/schema\/person\/image\/"},"sameAs":["https:\/\/apuntesdesanluis.com"],"url":"https:\/\/apuntesdesanluis.com\/index.php\/author\/apuntesdesanluis-com\/"}]}},"featured_image_urls":{"full":["https:\/\/apuntesdesanluis.com\/wp-content\/uploads\/2024\/10\/arma.png",546,314,false],"thumbnail":["https:\/\/apuntesdesanluis.com\/wp-content\/uploads\/2024\/10\/arma-150x150.png",150,150,true],"medium":["https:\/\/apuntesdesanluis.com\/wp-content\/uploads\/2024\/10\/arma-300x173.png",300,173,true],"medium_large":["https:\/\/apuntesdesanluis.com\/wp-content\/uploads\/2024\/10\/arma.png",546,314,false],"large":["https:\/\/apuntesdesanluis.com\/wp-content\/uploads\/2024\/10\/arma.png",546,314,false],"1536x1536":["https:\/\/apuntesdesanluis.com\/wp-content\/uploads\/2024\/10\/arma.png",546,314,false],"2048x2048":["https:\/\/apuntesdesanluis.com\/wp-content\/uploads\/2024\/10\/arma.png",546,314,false],"newsever-slider-full":["https:\/\/apuntesdesanluis.com\/wp-content\/uploads\/2024\/10\/arma.png",546,314,false],"newsever-featured":["https:\/\/apuntesdesanluis.com\/wp-content\/uploads\/2024\/10\/arma.png",546,314,false],"newsever-medium":["https:\/\/apuntesdesanluis.com\/wp-content\/uploads\/2024\/10\/arma.png",546,314,false]},"author_info":{"display_name":"apuntesdesanluis.com","author_link":"https:\/\/apuntesdesanluis.com\/index.php\/author\/apuntesdesanluis-com\/"},"category_info":"<a href=\"https:\/\/apuntesdesanluis.com\/index.php\/category\/ciudad-provincia\/\" rel=\"category tag\">Ciudad\/Provincia<\/a>","tag_info":"Ciudad\/Provincia","comment_count":"0","_links":{"self":[{"href":"https:\/\/apuntesdesanluis.com\/index.php\/wp-json\/wp\/v2\/posts\/24212","targetHints":{"allow":["GET"]}}],"collection":[{"href":"https:\/\/apuntesdesanluis.com\/index.php\/wp-json\/wp\/v2\/posts"}],"about":[{"href":"https:\/\/apuntesdesanluis.com\/index.php\/wp-json\/wp\/v2\/types\/post"}],"author":[{"embeddable":true,"href":"https:\/\/apuntesdesanluis.com\/index.php\/wp-json\/wp\/v2\/users\/1"}],"replies":[{"embeddable":true,"href":"https:\/\/apuntesdesanluis.com\/index.php\/wp-json\/wp\/v2\/comments?post=24212"}],"version-history":[{"count":1,"href":"https:\/\/apuntesdesanluis.com\/index.php\/wp-json\/wp\/v2\/posts\/24212\/revisions"}],"predecessor-version":[{"id":24215,"href":"https:\/\/apuntesdesanluis.com\/index.php\/wp-json\/wp\/v2\/posts\/24212\/revisions\/24215"}],"wp:featuredmedia":[{"embeddable":true,"href":"https:\/\/apuntesdesanluis.com\/index.php\/wp-json\/wp\/v2\/media\/24213"}],"wp:attachment":[{"href":"https:\/\/apuntesdesanluis.com\/index.php\/wp-json\/wp\/v2\/media?parent=24212"}],"wp:term":[{"taxonomy":"category","embeddable":true,"href":"https:\/\/apuntesdesanluis.com\/index.php\/wp-json\/wp\/v2\/categories?post=24212"},{"taxonomy":"post_tag","embeddable":true,"href":"https:\/\/apuntesdesanluis.com\/index.php\/wp-json\/wp\/v2\/tags?post=24212"}],"curies":[{"name":"wp","href":"https:\/\/api.w.org\/{rel}","templated":true}]}}