{"id":24225,"date":"2024-10-22T22:48:07","date_gmt":"2024-10-23T01:48:07","guid":{"rendered":"https:\/\/apuntesdesanluis.com\/?p=24225"},"modified":"2024-10-22T22:48:39","modified_gmt":"2024-10-23T01:48:39","slug":"intersindical-repudio-persecucion-ideologica-de-dalessandro","status":"publish","type":"post","link":"https:\/\/apuntesdesanluis.com\/index.php\/2024\/10\/22\/intersindical-repudio-persecucion-ideologica-de-dalessandro\/","title":{"rendered":"INTERSINDICAL REPUDI\u00d3 PERSECUCI\u00d3N IDEOL\u00d3GICA DEL DIPUTADO D\u00b4ALESSANDRO"},"content":{"rendered":"<h3>Los gremios docentes, Nodocente y agrupaciones estudiantiles de la Universidad Nacional de Villa Mercedes, emitieron un contundente repudio al accionar persecutorio del diputado nacional libertario <strong>Carlos D\u00b4Alessandro<\/strong>, quien llam\u00f3 a denunciar virtualmente a universidades, facultades, c\u00e1tedras y profesores que \u201cimpongan una ideolog\u00eda zurda y critiquen al gobierno\u201d.<\/h3>\n<h3>Tambi\u00e9n opin\u00f3 que el citado legislador junto a <strong>Karina Bachey<\/strong> y <strong>Alberto Rodr\u00edguez Arancibia<\/strong> deber\u00edan dimitir, tras haber votado en contra del aumento a los jubilados y la ampliaci\u00f3n del presupuesto universitario.<\/h3>\n<h3>La Intersindical UNViMe expresa en forma textual:<\/h3>\n<h3>\u201cFrente al ataque a uno de los principios fundamentales de la educaci\u00f3n, como es la libertad de c\u00e1tedra, queriendo acallar el debate y avasallar la autonom\u00eda universitaria, como en los momentos m\u00e1s oscuros de la dictadura militar en Argentina, repudiamos cualquier forma de censura en el \u00e1mbito acad\u00e9mico, que limite la construcci\u00f3n del pensamiento cr\u00edtico bajo el malicioso pretexto de combatir el adoctrinamiento pol\u00edtico<\/h3>\n<h3>Por eso sostenemos desde la Intersindical universitaria de la UNViMe que este se\u00f1or diputado nacional <strong>Carlos de D`Alesandro<\/strong>, al igual que el diputado <strong>Alberto Arancibia Rodr\u00edguez<\/strong> y la diputada <strong>Karina Bachey<\/strong>, deber\u00edan renunciar en forma inmediata a sus bancas y dejar de votar en contra de jubilados trabajadores y la universidad en particular<\/h3>\n<h3>La persecuci\u00f3n ideol\u00f3gica y el odio no son las banderas que nunca ser\u00e1n banderas que deban defenderse. S\u00ed levantamos nuestras voces en defensa de la educaci\u00f3n p\u00fablica, la ciencia y la tecnolog\u00eda, porque creemos en la universidad p\u00fablica e inclusiva\u201d.<\/h3>\n<h3><\/h3>\n<h3><span style=\"color: #0000ff;\"><strong>NOTA RELACIONADA:<\/strong><\/span><\/h3>\n<p><a href=\"https:\/\/apuntesdesanluis.com\/index.php\/2024\/10\/21\/las-paradojas-de-carlos-dalessandro-el-enemigo-de-las-universidades\/\" target=\"_blank\" rel=\"noopener\"><img fetchpriority=\"high\" decoding=\"async\" class=\"alignnone wp-image-24226\" src=\"https:\/\/apuntesdesanluis.com\/wp-content\/uploads\/2024\/10\/POSTEO-3-300x205.png\" alt=\"\" width=\"560\" height=\"383\" srcset=\"https:\/\/apuntesdesanluis.com\/wp-content\/uploads\/2024\/10\/POSTEO-3-300x205.png 300w, https:\/\/apuntesdesanluis.com\/wp-content\/uploads\/2024\/10\/POSTEO-3-768x524.png 768w, https:\/\/apuntesdesanluis.com\/wp-content\/uploads\/2024\/10\/POSTEO-3.png 786w\" sizes=\"(max-width: 560px) 100vw, 560px\" \/><\/a><\/p>\n<p>&nbsp;<\/p>\n<p>&nbsp;<\/p>\n<p>&nbsp;<\/p>\n","protected":false},"excerpt":{"rendered":"<p>Los gremios docentes, Nodocente y agrupaciones estudiantiles de la Universidad Nacional de Villa Mercedes, emitieron&#8230;<\/p>\n","protected":false},"author":1,"featured_media":24227,"comment_status":"closed","ping_status":"closed","sticky":false,"template":"","format":"standard","meta":{"footnotes":""},"categories":[6],"tags":[],"class_list":["post-24225","post","type-post","status-publish","format-standard","has-post-thumbnail","hentry","category-ciudad-provincia"],"yoast_head":"<!-- This site is optimized with the Yoast SEO plugin v26.1.1 - https:\/\/yoast.com\/wordpress\/plugins\/seo\/ -->\n<title>INTERSINDICAL REPUDI\u00d3 PERSECUCI\u00d3N IDEOL\u00d3GICA DEL DIPUTADO D\u00b4ALESSANDRO - Apuntes de San Luis<\/title>\n<meta name=\"robots\" content=\"index, follow, max-snippet:-1, max-image-preview:large, max-video-preview:-1\" \/>\n<link rel=\"canonical\" href=\"https:\/\/apuntesdesanluis.com\/index.php\/2024\/10\/22\/intersindical-repudio-persecucion-ideologica-de-dalessandro\/\" \/>\n<meta property=\"og:locale\" content=\"es_ES\" \/>\n<meta property=\"og:type\" content=\"article\" \/>\n<meta property=\"og:title\" content=\"INTERSINDICAL REPUDI\u00d3 PERSECUCI\u00d3N IDEOL\u00d3GICA DEL DIPUTADO D\u00b4ALESSANDRO - Apuntes de San Luis\" \/>\n<meta property=\"og:description\" content=\"Los gremios docentes, Nodocente y agrupaciones estudiantiles de la Universidad Nacional de Villa Mercedes, emitieron...\" \/>\n<meta property=\"og:url\" content=\"https:\/\/apuntesdesanluis.com\/index.php\/2024\/10\/22\/intersindical-repudio-persecucion-ideologica-de-dalessandro\/\" \/>\n<meta property=\"og:site_name\" content=\"Apuntes de San Luis\" \/>\n<meta property=\"article:published_time\" content=\"2024-10-23T01:48:07+00:00\" \/>\n<meta property=\"article:modified_time\" content=\"2024-10-23T01:48:39+00:00\" \/>\n<meta property=\"og:image\" content=\"https:\/\/apuntesdesanluis.com\/wp-content\/uploads\/2024\/10\/INTERSINDICAL.png\" \/>\n\t<meta property=\"og:image:width\" content=\"787\" \/>\n\t<meta property=\"og:image:height\" content=\"431\" \/>\n\t<meta property=\"og:image:type\" content=\"image\/png\" \/>\n<meta name=\"author\" content=\"apuntesdesanluis.com\" \/>\n<meta name=\"twitter:card\" content=\"summary_large_image\" \/>\n<meta name=\"twitter:label1\" content=\"Escrito por\" \/>\n\t<meta name=\"twitter:data1\" content=\"apuntesdesanluis.com\" \/>\n\t<meta name=\"twitter:label2\" content=\"Tiempo de lectura\" \/>\n\t<meta name=\"twitter:data2\" content=\"2 minutos\" \/>\n<script type=\"application\/ld+json\" class=\"yoast-schema-graph\">{\"@context\":\"https:\/\/schema.org\",\"@graph\":[{\"@type\":\"Article\",\"@id\":\"https:\/\/apuntesdesanluis.com\/index.php\/2024\/10\/22\/intersindical-repudio-persecucion-ideologica-de-dalessandro\/#article\",\"isPartOf\":{\"@id\":\"https:\/\/apuntesdesanluis.com\/index.php\/2024\/10\/22\/intersindical-repudio-persecucion-ideologica-de-dalessandro\/\"},\"author\":{\"name\":\"apuntesdesanluis.com\",\"@id\":\"https:\/\/apuntesdesanluis.com\/#\/schema\/person\/b55151d52296fcce64d1a72538a70b90\"},\"headline\":\"INTERSINDICAL REPUDI\u00d3 PERSECUCI\u00d3N IDEOL\u00d3GICA DEL DIPUTADO D\u00b4ALESSANDRO\",\"datePublished\":\"2024-10-23T01:48:07+00:00\",\"dateModified\":\"2024-10-23T01:48:39+00:00\",\"mainEntityOfPage\":{\"@id\":\"https:\/\/apuntesdesanluis.com\/index.php\/2024\/10\/22\/intersindical-repudio-persecucion-ideologica-de-dalessandro\/\"},\"wordCount\":284,\"publisher\":{\"@id\":\"https:\/\/apuntesdesanluis.com\/#\/schema\/person\/b55151d52296fcce64d1a72538a70b90\"},\"image\":{\"@id\":\"https:\/\/apuntesdesanluis.com\/index.php\/2024\/10\/22\/intersindical-repudio-persecucion-ideologica-de-dalessandro\/#primaryimage\"},\"thumbnailUrl\":\"https:\/\/apuntesdesanluis.com\/wp-content\/uploads\/2024\/10\/INTERSINDICAL.png\",\"articleSection\":[\"Ciudad\/Provincia\"],\"inLanguage\":\"es-AR\"},{\"@type\":\"WebPage\",\"@id\":\"https:\/\/apuntesdesanluis.com\/index.php\/2024\/10\/22\/intersindical-repudio-persecucion-ideologica-de-dalessandro\/\",\"url\":\"https:\/\/apuntesdesanluis.com\/index.php\/2024\/10\/22\/intersindical-repudio-persecucion-ideologica-de-dalessandro\/\",\"name\":\"INTERSINDICAL REPUDI\u00d3 PERSECUCI\u00d3N IDEOL\u00d3GICA DEL DIPUTADO D\u00b4ALESSANDRO - Apuntes de San Luis\",\"isPartOf\":{\"@id\":\"https:\/\/apuntesdesanluis.com\/#website\"},\"primaryImageOfPage\":{\"@id\":\"https:\/\/apuntesdesanluis.com\/index.php\/2024\/10\/22\/intersindical-repudio-persecucion-ideologica-de-dalessandro\/#primaryimage\"},\"image\":{\"@id\":\"https:\/\/apuntesdesanluis.com\/index.php\/2024\/10\/22\/intersindical-repudio-persecucion-ideologica-de-dalessandro\/#primaryimage\"},\"thumbnailUrl\":\"https:\/\/apuntesdesanluis.com\/wp-content\/uploads\/2024\/10\/INTERSINDICAL.png\",\"datePublished\":\"2024-10-23T01:48:07+00:00\",\"dateModified\":\"2024-10-23T01:48:39+00:00\",\"breadcrumb\":{\"@id\":\"https:\/\/apuntesdesanluis.com\/index.php\/2024\/10\/22\/intersindical-repudio-persecucion-ideologica-de-dalessandro\/#breadcrumb\"},\"inLanguage\":\"es-AR\",\"potentialAction\":[{\"@type\":\"ReadAction\",\"target\":[\"https:\/\/apuntesdesanluis.com\/index.php\/2024\/10\/22\/intersindical-repudio-persecucion-ideologica-de-dalessandro\/\"]}]},{\"@type\":\"ImageObject\",\"inLanguage\":\"es-AR\",\"@id\":\"https:\/\/apuntesdesanluis.com\/index.php\/2024\/10\/22\/intersindical-repudio-persecucion-ideologica-de-dalessandro\/#primaryimage\",\"url\":\"https:\/\/apuntesdesanluis.com\/wp-content\/uploads\/2024\/10\/INTERSINDICAL.png\",\"contentUrl\":\"https:\/\/apuntesdesanluis.com\/wp-content\/uploads\/2024\/10\/INTERSINDICAL.png\",\"width\":787,\"height\":431},{\"@type\":\"BreadcrumbList\",\"@id\":\"https:\/\/apuntesdesanluis.com\/index.php\/2024\/10\/22\/intersindical-repudio-persecucion-ideologica-de-dalessandro\/#breadcrumb\",\"itemListElement\":[{\"@type\":\"ListItem\",\"position\":1,\"name\":\"Inicio\",\"item\":\"https:\/\/apuntesdesanluis.com\/\"},{\"@type\":\"ListItem\",\"position\":2,\"name\":\"INTERSINDICAL REPUDI\u00d3 PERSECUCI\u00d3N IDEOL\u00d3GICA DEL DIPUTADO D\u00b4ALESSANDRO\"}]},{\"@type\":\"WebSite\",\"@id\":\"https:\/\/apuntesdesanluis.com\/#website\",\"url\":\"https:\/\/apuntesdesanluis.com\/\",\"name\":\"Apuntes de San Luis\",\"description\":\"\",\"publisher\":{\"@id\":\"https:\/\/apuntesdesanluis.com\/#\/schema\/person\/b55151d52296fcce64d1a72538a70b90\"},\"potentialAction\":[{\"@type\":\"SearchAction\",\"target\":{\"@type\":\"EntryPoint\",\"urlTemplate\":\"https:\/\/apuntesdesanluis.com\/?s={search_term_string}\"},\"query-input\":{\"@type\":\"PropertyValueSpecification\",\"valueRequired\":true,\"valueName\":\"search_term_string\"}}],\"inLanguage\":\"es-AR\"},{\"@type\":[\"Person\",\"Organization\"],\"@id\":\"https:\/\/apuntesdesanluis.com\/#\/schema\/person\/b55151d52296fcce64d1a72538a70b90\",\"name\":\"apuntesdesanluis.com\",\"image\":{\"@type\":\"ImageObject\",\"inLanguage\":\"es-AR\",\"@id\":\"https:\/\/apuntesdesanluis.com\/#\/schema\/person\/image\/\",\"url\":\"https:\/\/apuntesdesanluis.com\/wp-content\/uploads\/2023\/07\/cropped-apuntesdesanluis.png\",\"contentUrl\":\"https:\/\/apuntesdesanluis.com\/wp-content\/uploads\/2023\/07\/cropped-apuntesdesanluis.png\",\"width\":450,\"height\":112,\"caption\":\"apuntesdesanluis.com\"},\"logo\":{\"@id\":\"https:\/\/apuntesdesanluis.com\/#\/schema\/person\/image\/\"},\"sameAs\":[\"https:\/\/apuntesdesanluis.com\"],\"url\":\"https:\/\/apuntesdesanluis.com\/index.php\/author\/apuntesdesanluis-com\/\"}]}<\/script>\n<!-- \/ Yoast SEO plugin. -->","yoast_head_json":{"title":"INTERSINDICAL REPUDI\u00d3 PERSECUCI\u00d3N IDEOL\u00d3GICA DEL DIPUTADO D\u00b4ALESSANDRO - Apuntes de San Luis","robots":{"index":"index","follow":"follow","max-snippet":"max-snippet:-1","max-image-preview":"max-image-preview:large","max-video-preview":"max-video-preview:-1"},"canonical":"https:\/\/apuntesdesanluis.com\/index.php\/2024\/10\/22\/intersindical-repudio-persecucion-ideologica-de-dalessandro\/","og_locale":"es_ES","og_type":"article","og_title":"INTERSINDICAL REPUDI\u00d3 PERSECUCI\u00d3N IDEOL\u00d3GICA DEL DIPUTADO D\u00b4ALESSANDRO - Apuntes de San Luis","og_description":"Los gremios docentes, Nodocente y agrupaciones estudiantiles de la Universidad Nacional de Villa Mercedes, emitieron...","og_url":"https:\/\/apuntesdesanluis.com\/index.php\/2024\/10\/22\/intersindical-repudio-persecucion-ideologica-de-dalessandro\/","og_site_name":"Apuntes de San Luis","article_published_time":"2024-10-23T01:48:07+00:00","article_modified_time":"2024-10-23T01:48:39+00:00","og_image":[{"width":787,"height":431,"url":"https:\/\/apuntesdesanluis.com\/wp-content\/uploads\/2024\/10\/INTERSINDICAL.png","type":"image\/png"}],"author":"apuntesdesanluis.com","twitter_card":"summary_large_image","twitter_misc":{"Escrito por":"apuntesdesanluis.com","Tiempo de lectura":"2 minutos"},"schema":{"@context":"https:\/\/schema.org","@graph":[{"@type":"Article","@id":"https:\/\/apuntesdesanluis.com\/index.php\/2024\/10\/22\/intersindical-repudio-persecucion-ideologica-de-dalessandro\/#article","isPartOf":{"@id":"https:\/\/apuntesdesanluis.com\/index.php\/2024\/10\/22\/intersindical-repudio-persecucion-ideologica-de-dalessandro\/"},"author":{"name":"apuntesdesanluis.com","@id":"https:\/\/apuntesdesanluis.com\/#\/schema\/person\/b55151d52296fcce64d1a72538a70b90"},"headline":"INTERSINDICAL REPUDI\u00d3 PERSECUCI\u00d3N IDEOL\u00d3GICA DEL DIPUTADO D\u00b4ALESSANDRO","datePublished":"2024-10-23T01:48:07+00:00","dateModified":"2024-10-23T01:48:39+00:00","mainEntityOfPage":{"@id":"https:\/\/apuntesdesanluis.com\/index.php\/2024\/10\/22\/intersindical-repudio-persecucion-ideologica-de-dalessandro\/"},"wordCount":284,"publisher":{"@id":"https:\/\/apuntesdesanluis.com\/#\/schema\/person\/b55151d52296fcce64d1a72538a70b90"},"image":{"@id":"https:\/\/apuntesdesanluis.com\/index.php\/2024\/10\/22\/intersindical-repudio-persecucion-ideologica-de-dalessandro\/#primaryimage"},"thumbnailUrl":"https:\/\/apuntesdesanluis.com\/wp-content\/uploads\/2024\/10\/INTERSINDICAL.png","articleSection":["Ciudad\/Provincia"],"inLanguage":"es-AR"},{"@type":"WebPage","@id":"https:\/\/apuntesdesanluis.com\/index.php\/2024\/10\/22\/intersindical-repudio-persecucion-ideologica-de-dalessandro\/","url":"https:\/\/apuntesdesanluis.com\/index.php\/2024\/10\/22\/intersindical-repudio-persecucion-ideologica-de-dalessandro\/","name":"INTERSINDICAL REPUDI\u00d3 PERSECUCI\u00d3N IDEOL\u00d3GICA DEL DIPUTADO D\u00b4ALESSANDRO - Apuntes de San Luis","isPartOf":{"@id":"https:\/\/apuntesdesanluis.com\/#website"},"primaryImageOfPage":{"@id":"https:\/\/apuntesdesanluis.com\/index.php\/2024\/10\/22\/intersindical-repudio-persecucion-ideologica-de-dalessandro\/#primaryimage"},"image":{"@id":"https:\/\/apuntesdesanluis.com\/index.php\/2024\/10\/22\/intersindical-repudio-persecucion-ideologica-de-dalessandro\/#primaryimage"},"thumbnailUrl":"https:\/\/apuntesdesanluis.com\/wp-content\/uploads\/2024\/10\/INTERSINDICAL.png","datePublished":"2024-10-23T01:48:07+00:00","dateModified":"2024-10-23T01:48:39+00:00","breadcrumb":{"@id":"https:\/\/apuntesdesanluis.com\/index.php\/2024\/10\/22\/intersindical-repudio-persecucion-ideologica-de-dalessandro\/#breadcrumb"},"inLanguage":"es-AR","potentialAction":[{"@type":"ReadAction","target":["https:\/\/apuntesdesanluis.com\/index.php\/2024\/10\/22\/intersindical-repudio-persecucion-ideologica-de-dalessandro\/"]}]},{"@type":"ImageObject","inLanguage":"es-AR","@id":"https:\/\/apuntesdesanluis.com\/index.php\/2024\/10\/22\/intersindical-repudio-persecucion-ideologica-de-dalessandro\/#primaryimage","url":"https:\/\/apuntesdesanluis.com\/wp-content\/uploads\/2024\/10\/INTERSINDICAL.png","contentUrl":"https:\/\/apuntesdesanluis.com\/wp-content\/uploads\/2024\/10\/INTERSINDICAL.png","width":787,"height":431},{"@type":"BreadcrumbList","@id":"https:\/\/apuntesdesanluis.com\/index.php\/2024\/10\/22\/intersindical-repudio-persecucion-ideologica-de-dalessandro\/#breadcrumb","itemListElement":[{"@type":"ListItem","position":1,"name":"Inicio","item":"https:\/\/apuntesdesanluis.com\/"},{"@type":"ListItem","position":2,"name":"INTERSINDICAL REPUDI\u00d3 PERSECUCI\u00d3N IDEOL\u00d3GICA DEL DIPUTADO D\u00b4ALESSANDRO"}]},{"@type":"WebSite","@id":"https:\/\/apuntesdesanluis.com\/#website","url":"https:\/\/apuntesdesanluis.com\/","name":"Apuntes de San Luis","description":"","publisher":{"@id":"https:\/\/apuntesdesanluis.com\/#\/schema\/person\/b55151d52296fcce64d1a72538a70b90"},"potentialAction":[{"@type":"SearchAction","target":{"@type":"EntryPoint","urlTemplate":"https:\/\/apuntesdesanluis.com\/?s={search_term_string}"},"query-input":{"@type":"PropertyValueSpecification","valueRequired":true,"valueName":"search_term_string"}}],"inLanguage":"es-AR"},{"@type":["Person","Organization"],"@id":"https:\/\/apuntesdesanluis.com\/#\/schema\/person\/b55151d52296fcce64d1a72538a70b90","name":"apuntesdesanluis.com","image":{"@type":"ImageObject","inLanguage":"es-AR","@id":"https:\/\/apuntesdesanluis.com\/#\/schema\/person\/image\/","url":"https:\/\/apuntesdesanluis.com\/wp-content\/uploads\/2023\/07\/cropped-apuntesdesanluis.png","contentUrl":"https:\/\/apuntesdesanluis.com\/wp-content\/uploads\/2023\/07\/cropped-apuntesdesanluis.png","width":450,"height":112,"caption":"apuntesdesanluis.com"},"logo":{"@id":"https:\/\/apuntesdesanluis.com\/#\/schema\/person\/image\/"},"sameAs":["https:\/\/apuntesdesanluis.com"],"url":"https:\/\/apuntesdesanluis.com\/index.php\/author\/apuntesdesanluis-com\/"}]}},"featured_image_urls":{"full":["https:\/\/apuntesdesanluis.com\/wp-content\/uploads\/2024\/10\/INTERSINDICAL.png",787,431,false],"thumbnail":["https:\/\/apuntesdesanluis.com\/wp-content\/uploads\/2024\/10\/INTERSINDICAL-150x150.png",150,150,true],"medium":["https:\/\/apuntesdesanluis.com\/wp-content\/uploads\/2024\/10\/INTERSINDICAL-300x164.png",300,164,true],"medium_large":["https:\/\/apuntesdesanluis.com\/wp-content\/uploads\/2024\/10\/INTERSINDICAL-768x421.png",640,351,true],"large":["https:\/\/apuntesdesanluis.com\/wp-content\/uploads\/2024\/10\/INTERSINDICAL.png",640,350,false],"1536x1536":["https:\/\/apuntesdesanluis.com\/wp-content\/uploads\/2024\/10\/INTERSINDICAL.png",787,431,false],"2048x2048":["https:\/\/apuntesdesanluis.com\/wp-content\/uploads\/2024\/10\/INTERSINDICAL.png",787,431,false],"newsever-slider-full":["https:\/\/apuntesdesanluis.com\/wp-content\/uploads\/2024\/10\/INTERSINDICAL.png",787,431,false],"newsever-featured":["https:\/\/apuntesdesanluis.com\/wp-content\/uploads\/2024\/10\/INTERSINDICAL.png",787,431,false],"newsever-medium":["https:\/\/apuntesdesanluis.com\/wp-content\/uploads\/2024\/10\/INTERSINDICAL-720x431.png",720,431,true]},"author_info":{"display_name":"apuntesdesanluis.com","author_link":"https:\/\/apuntesdesanluis.com\/index.php\/author\/apuntesdesanluis-com\/"},"category_info":"<a href=\"https:\/\/apuntesdesanluis.com\/index.php\/category\/ciudad-provincia\/\" rel=\"category tag\">Ciudad\/Provincia<\/a>","tag_info":"Ciudad\/Provincia","comment_count":"0","_links":{"self":[{"href":"https:\/\/apuntesdesanluis.com\/index.php\/wp-json\/wp\/v2\/posts\/24225","targetHints":{"allow":["GET"]}}],"collection":[{"href":"https:\/\/apuntesdesanluis.com\/index.php\/wp-json\/wp\/v2\/posts"}],"about":[{"href":"https:\/\/apuntesdesanluis.com\/index.php\/wp-json\/wp\/v2\/types\/post"}],"author":[{"embeddable":true,"href":"https:\/\/apuntesdesanluis.com\/index.php\/wp-json\/wp\/v2\/users\/1"}],"replies":[{"embeddable":true,"href":"https:\/\/apuntesdesanluis.com\/index.php\/wp-json\/wp\/v2\/comments?post=24225"}],"version-history":[{"count":2,"href":"https:\/\/apuntesdesanluis.com\/index.php\/wp-json\/wp\/v2\/posts\/24225\/revisions"}],"predecessor-version":[{"id":24229,"href":"https:\/\/apuntesdesanluis.com\/index.php\/wp-json\/wp\/v2\/posts\/24225\/revisions\/24229"}],"wp:featuredmedia":[{"embeddable":true,"href":"https:\/\/apuntesdesanluis.com\/index.php\/wp-json\/wp\/v2\/media\/24227"}],"wp:attachment":[{"href":"https:\/\/apuntesdesanluis.com\/index.php\/wp-json\/wp\/v2\/media?parent=24225"}],"wp:term":[{"taxonomy":"category","embeddable":true,"href":"https:\/\/apuntesdesanluis.com\/index.php\/wp-json\/wp\/v2\/categories?post=24225"},{"taxonomy":"post_tag","embeddable":true,"href":"https:\/\/apuntesdesanluis.com\/index.php\/wp-json\/wp\/v2\/tags?post=24225"}],"curies":[{"name":"wp","href":"https:\/\/api.w.org\/{rel}","templated":true}]}}