{"id":24230,"date":"2024-10-22T23:27:08","date_gmt":"2024-10-23T02:27:08","guid":{"rendered":"https:\/\/apuntesdesanluis.com\/?p=24230"},"modified":"2024-10-22T23:27:08","modified_gmt":"2024-10-23T02:27:08","slug":"carlos-la-universidad-no-adoctrina-forma-el-pensamiento-critico","status":"publish","type":"post","link":"https:\/\/apuntesdesanluis.com\/index.php\/2024\/10\/22\/carlos-la-universidad-no-adoctrina-forma-el-pensamiento-critico\/","title":{"rendered":"CARLOS, LA UNIVERSIDAD NO ADOCTRINA, FORMA EL PENSAMIENTO CR\u00cdTICO"},"content":{"rendered":"<h3>Por <strong>Arnoldo Pucci *<\/strong><\/h3>\n<h3><\/h3>\n<h3><img fetchpriority=\"high\" decoding=\"async\" class=\"wp-image-21339 aligncenter\" src=\"https:\/\/apuntesdesanluis.com\/wp-content\/uploads\/2024\/08\/arnoldo-pucci-300x249.png\" alt=\"\" width=\"471\" height=\"391\" srcset=\"https:\/\/apuntesdesanluis.com\/wp-content\/uploads\/2024\/08\/arnoldo-pucci-300x249.png 300w, https:\/\/apuntesdesanluis.com\/wp-content\/uploads\/2024\/08\/arnoldo-pucci.png 526w\" sizes=\"(max-width: 471px) 100vw, 471px\" \/><\/h3>\n<h3>Con enorme preocupaci\u00f3n vemos el posteo realizado por el Diputado Libertario por San Luis, Carlos D\u00b4Alessandro que vot\u00f3 en contra la ley de financiamiento universitario y acompa\u00f1\u00f3 el veto presidencial, en el que insta a los estudiantes universitarios a que graben a los profesores que \u201cimponen ideolog\u00eda zurda y critican al gobierno en clase. \u00a0E invita a que por privado env\u00eden el audio detallando el nombre del profesor, universidad, facultad y materia.<\/h3>\n<h3>Esto es algo que cre\u00edamos no ver NUNCA MAS en democracia. El diputado no me va contar c\u00f3mo fue transitar la universidad en plena dictadura militar que su gobierno reivindica, cuando tuve profesores que pertenec\u00edan al \u00e1rea de inteligencia de las fuerzas armadas y lo que \u00e9l propone es ni m\u00e1s ni menos que armar listas negras en plena democracia. No s\u00e9 qu\u00e9 es ser zurdo para el diputado. O quiz\u00e1s es fiel a la teor\u00eda del macartismo, que se refiere a una serie de pr\u00e1cticas pol\u00edticas e ideol\u00f3gicas caracterizadas por acusaciones de subversi\u00f3n o deslealtad, a menudo sin pruebas adecuadas, que se popularizaron en Estados Unidos durante la d\u00e9cada de 1950 bajo el senador Joseph McCarthy- Per\u00edodo conocido por la persecuci\u00f3n de personas acusadas de ser comunistas o tener simpat\u00edas comunistas, y ha sido comparado con fen\u00f3menos contempor\u00e1neos como la cultura de la cancelaci\u00f3n.<\/h3>\n<h3>Por las dudas lo voy a ilustrar al diputado de lo que era la universidad en plena dictadura militar y no precisamente porque me lo contaron, sino porque toda mi vida universitaria transcurri\u00f3 en plena dictadura militar, en donde con solo tener barba se lo consideraba zurdo. Las universidades fueron severamente controladas y transformadas en espacios de represi\u00f3n y alineaci\u00f3n ideol\u00f3gica con el r\u00e9gimen.<\/h3>\n<h3>Este per\u00edodo implic\u00f3 una ruptura con la autonom\u00eda universitaria y un retroceso en la libertad acad\u00e9mica, que afect\u00f3 tanto a la ense\u00f1anza como a la vida cotidiana en las instituciones educativas. En la dictadura se impuso un control r\u00edgido sobre los contenidos acad\u00e9micos y se eliminaron c\u00e1tedras consideradas \u201csubversivas\u201d o cr\u00edticas del r\u00e9gimen (esto ser\u00eda para el diputado hablar mal del gobierno). Por lo que propone D\u00b4Alessandro entrar\u00edamos en un mecanismo muy com\u00fan en la dictadura como el de la persecuci\u00f3n, donde fueron limitadas las acciones gremiales y estudiantiles, sus dirigentes perseguidos (le tenemos que recordar al diputado que en San Luis tenemos a un Rector desaparecido de la Universidad Nacional de San Luis el Dr. Mauricio Amilcar L\u00f3pez). Quiz\u00e1s la universidad que D\u00b4Alessandro tenga en su mente sea aquella que imparta una ense\u00f1anza que refuerce los valores nacionalistas y autoritarios, alineados con el discurso oficial de \u201corden y seguridad\u201d.<\/h3>\n<h3>Diputado D\u00b4Alessandro, &#8220;la universidad no adoctrina&#8221; porque su rol en la sociedad es el de un espacio plural de aprendizaje, cuestionamiento y b\u00fasqueda libre del conocimiento, ajeno a cualquier imposici\u00f3n ideol\u00f3gica. Adem\u00e1s, afirmamos que no adoctrina por varios preceptos:<\/h3>\n<h3>&#8211; <strong>La libertad de c\u00e1tedra. <\/strong>Le recordamos al diputado que esta fue una conquista de aquellos j\u00f3venes de la Universidad Nacional de C\u00f3rdoba con la Reforma Universitaria de 1918, que seguramente para D\u00b4Alessandro <strong>estar\u00edan adoctrinando y los calificar\u00eda como zurdos<\/strong>, implica que los docentes tienen autonom\u00eda para ense\u00f1ar sin estar sujetos a presiones ideol\u00f3gicas o pol\u00edticas.<\/h3>\n<h3><strong>&#8211; El pluralismo<\/strong>. La universidad forma sin imponer una verdad, sino que promueve el debate cr\u00edtico y la confrontaci\u00f3n de ideas.<\/h3>\n<h3>&#8211; <strong>Formaci\u00f3n para la ciudadan\u00eda.<\/strong> La educaci\u00f3n superior y la universidad prepara a las personas con capacidad cr\u00edtica y compromiso social, pero sin imponer visiones particulares como parece quiere <strong>D\u00b4Alessandro, dado que en su posteo insta a grabar a los profesores que hablen mal del gobierno<\/strong>.<\/h3>\n<h3>Tal como se describe en la nota period\u00edstica de <strong>Apuntes de San Luis<\/strong> sobre los antecedentes pol\u00edticos del Diputado D\u00b4Alessandro<strong>, <\/strong>en total coincidencia y parafraseando a un candidato a presidente en un debate presidencial, le dir\u00eda <strong>\u201cCarlos, en que te han convertido\u201d, <\/strong>ya que durante muchos a\u00f1os fue funcionario de los gobiernos peronistas de la provincia; adem\u00e1s, en varias oportunidades tambi\u00e9n fue candidato por el peronismo y basa su espacio pol\u00edtico en la estructura sindical de gastron\u00f3micos (UTHGRA). Seg\u00fan el Presidente Milei esto es \u201c<strong>Casta pura\u201d. <\/strong><\/h3>\n<h3>Carlos, si en las universidades nacionales adoctrin\u00e1ramos, el gobierno al que ahora represent\u00e1s y defend\u00e9s no tendr\u00eda funcionarios, porque la gran mayor\u00eda son egresados de las universidades p\u00fablicas, algunos de ellos el ministro endeudador Luis Toto Caputo y la canciller Diana Mondino, por nombrar algunos.<\/h3>\n<h3><\/h3>\n<h3><strong>* Secretario General ADOI (CONADU)<\/strong><\/h3>\n","protected":false},"excerpt":{"rendered":"<p>Por Arnoldo Pucci * Con enorme preocupaci\u00f3n vemos el posteo realizado por el Diputado Libertario&#8230;<\/p>\n","protected":false},"author":1,"featured_media":24231,"comment_status":"closed","ping_status":"closed","sticky":false,"template":"","format":"standard","meta":{"footnotes":""},"categories":[9],"tags":[],"class_list":["post-24230","post","type-post","status-publish","format-standard","has-post-thumbnail","hentry","category-opinion"],"yoast_head":"<!-- This site is optimized with the Yoast SEO plugin v26.1.1 - https:\/\/yoast.com\/wordpress\/plugins\/seo\/ -->\n<title>CARLOS, LA UNIVERSIDAD NO ADOCTRINA, FORMA EL PENSAMIENTO CR\u00cdTICO - Apuntes de San Luis<\/title>\n<meta name=\"robots\" content=\"index, follow, max-snippet:-1, max-image-preview:large, max-video-preview:-1\" \/>\n<link rel=\"canonical\" href=\"https:\/\/apuntesdesanluis.com\/index.php\/2024\/10\/22\/carlos-la-universidad-no-adoctrina-forma-el-pensamiento-critico\/\" \/>\n<meta property=\"og:locale\" content=\"es_ES\" \/>\n<meta property=\"og:type\" content=\"article\" \/>\n<meta property=\"og:title\" content=\"CARLOS, LA UNIVERSIDAD NO ADOCTRINA, FORMA EL PENSAMIENTO CR\u00cdTICO - Apuntes de San Luis\" \/>\n<meta property=\"og:description\" content=\"Por Arnoldo Pucci * Con enorme preocupaci\u00f3n vemos el posteo realizado por el Diputado Libertario...\" \/>\n<meta property=\"og:url\" content=\"https:\/\/apuntesdesanluis.com\/index.php\/2024\/10\/22\/carlos-la-universidad-no-adoctrina-forma-el-pensamiento-critico\/\" \/>\n<meta property=\"og:site_name\" content=\"Apuntes de San Luis\" \/>\n<meta property=\"article:published_time\" content=\"2024-10-23T02:27:08+00:00\" \/>\n<meta property=\"og:image\" content=\"https:\/\/apuntesdesanluis.com\/wp-content\/uploads\/2024\/10\/carlos-d\u00b4alessandro-diputado.png\" \/>\n\t<meta property=\"og:image:width\" content=\"834\" \/>\n\t<meta property=\"og:image:height\" content=\"545\" \/>\n\t<meta property=\"og:image:type\" content=\"image\/png\" \/>\n<meta name=\"author\" content=\"apuntesdesanluis.com\" \/>\n<meta name=\"twitter:card\" content=\"summary_large_image\" \/>\n<meta name=\"twitter:label1\" content=\"Escrito por\" \/>\n\t<meta name=\"twitter:data1\" content=\"apuntesdesanluis.com\" \/>\n\t<meta name=\"twitter:label2\" content=\"Tiempo de lectura\" \/>\n\t<meta name=\"twitter:data2\" content=\"4 minutos\" \/>\n<script type=\"application\/ld+json\" class=\"yoast-schema-graph\">{\"@context\":\"https:\/\/schema.org\",\"@graph\":[{\"@type\":\"Article\",\"@id\":\"https:\/\/apuntesdesanluis.com\/index.php\/2024\/10\/22\/carlos-la-universidad-no-adoctrina-forma-el-pensamiento-critico\/#article\",\"isPartOf\":{\"@id\":\"https:\/\/apuntesdesanluis.com\/index.php\/2024\/10\/22\/carlos-la-universidad-no-adoctrina-forma-el-pensamiento-critico\/\"},\"author\":{\"name\":\"apuntesdesanluis.com\",\"@id\":\"https:\/\/apuntesdesanluis.com\/#\/schema\/person\/b55151d52296fcce64d1a72538a70b90\"},\"headline\":\"CARLOS, LA UNIVERSIDAD NO ADOCTRINA, FORMA EL PENSAMIENTO CR\u00cdTICO\",\"datePublished\":\"2024-10-23T02:27:08+00:00\",\"mainEntityOfPage\":{\"@id\":\"https:\/\/apuntesdesanluis.com\/index.php\/2024\/10\/22\/carlos-la-universidad-no-adoctrina-forma-el-pensamiento-critico\/\"},\"wordCount\":820,\"publisher\":{\"@id\":\"https:\/\/apuntesdesanluis.com\/#\/schema\/person\/b55151d52296fcce64d1a72538a70b90\"},\"image\":{\"@id\":\"https:\/\/apuntesdesanluis.com\/index.php\/2024\/10\/22\/carlos-la-universidad-no-adoctrina-forma-el-pensamiento-critico\/#primaryimage\"},\"thumbnailUrl\":\"https:\/\/apuntesdesanluis.com\/wp-content\/uploads\/2024\/10\/carlos-d\u00b4alessandro-diputado.png\",\"articleSection\":[\"Opini\u00f3n\"],\"inLanguage\":\"es-AR\"},{\"@type\":\"WebPage\",\"@id\":\"https:\/\/apuntesdesanluis.com\/index.php\/2024\/10\/22\/carlos-la-universidad-no-adoctrina-forma-el-pensamiento-critico\/\",\"url\":\"https:\/\/apuntesdesanluis.com\/index.php\/2024\/10\/22\/carlos-la-universidad-no-adoctrina-forma-el-pensamiento-critico\/\",\"name\":\"CARLOS, LA UNIVERSIDAD NO ADOCTRINA, FORMA EL PENSAMIENTO CR\u00cdTICO - Apuntes de San Luis\",\"isPartOf\":{\"@id\":\"https:\/\/apuntesdesanluis.com\/#website\"},\"primaryImageOfPage\":{\"@id\":\"https:\/\/apuntesdesanluis.com\/index.php\/2024\/10\/22\/carlos-la-universidad-no-adoctrina-forma-el-pensamiento-critico\/#primaryimage\"},\"image\":{\"@id\":\"https:\/\/apuntesdesanluis.com\/index.php\/2024\/10\/22\/carlos-la-universidad-no-adoctrina-forma-el-pensamiento-critico\/#primaryimage\"},\"thumbnailUrl\":\"https:\/\/apuntesdesanluis.com\/wp-content\/uploads\/2024\/10\/carlos-d\u00b4alessandro-diputado.png\",\"datePublished\":\"2024-10-23T02:27:08+00:00\",\"breadcrumb\":{\"@id\":\"https:\/\/apuntesdesanluis.com\/index.php\/2024\/10\/22\/carlos-la-universidad-no-adoctrina-forma-el-pensamiento-critico\/#breadcrumb\"},\"inLanguage\":\"es-AR\",\"potentialAction\":[{\"@type\":\"ReadAction\",\"target\":[\"https:\/\/apuntesdesanluis.com\/index.php\/2024\/10\/22\/carlos-la-universidad-no-adoctrina-forma-el-pensamiento-critico\/\"]}]},{\"@type\":\"ImageObject\",\"inLanguage\":\"es-AR\",\"@id\":\"https:\/\/apuntesdesanluis.com\/index.php\/2024\/10\/22\/carlos-la-universidad-no-adoctrina-forma-el-pensamiento-critico\/#primaryimage\",\"url\":\"https:\/\/apuntesdesanluis.com\/wp-content\/uploads\/2024\/10\/carlos-d\u00b4alessandro-diputado.png\",\"contentUrl\":\"https:\/\/apuntesdesanluis.com\/wp-content\/uploads\/2024\/10\/carlos-d\u00b4alessandro-diputado.png\",\"width\":834,\"height\":545},{\"@type\":\"BreadcrumbList\",\"@id\":\"https:\/\/apuntesdesanluis.com\/index.php\/2024\/10\/22\/carlos-la-universidad-no-adoctrina-forma-el-pensamiento-critico\/#breadcrumb\",\"itemListElement\":[{\"@type\":\"ListItem\",\"position\":1,\"name\":\"Inicio\",\"item\":\"https:\/\/apuntesdesanluis.com\/\"},{\"@type\":\"ListItem\",\"position\":2,\"name\":\"CARLOS, LA UNIVERSIDAD NO ADOCTRINA, FORMA EL PENSAMIENTO CR\u00cdTICO\"}]},{\"@type\":\"WebSite\",\"@id\":\"https:\/\/apuntesdesanluis.com\/#website\",\"url\":\"https:\/\/apuntesdesanluis.com\/\",\"name\":\"Apuntes de San Luis\",\"description\":\"\",\"publisher\":{\"@id\":\"https:\/\/apuntesdesanluis.com\/#\/schema\/person\/b55151d52296fcce64d1a72538a70b90\"},\"potentialAction\":[{\"@type\":\"SearchAction\",\"target\":{\"@type\":\"EntryPoint\",\"urlTemplate\":\"https:\/\/apuntesdesanluis.com\/?s={search_term_string}\"},\"query-input\":{\"@type\":\"PropertyValueSpecification\",\"valueRequired\":true,\"valueName\":\"search_term_string\"}}],\"inLanguage\":\"es-AR\"},{\"@type\":[\"Person\",\"Organization\"],\"@id\":\"https:\/\/apuntesdesanluis.com\/#\/schema\/person\/b55151d52296fcce64d1a72538a70b90\",\"name\":\"apuntesdesanluis.com\",\"image\":{\"@type\":\"ImageObject\",\"inLanguage\":\"es-AR\",\"@id\":\"https:\/\/apuntesdesanluis.com\/#\/schema\/person\/image\/\",\"url\":\"https:\/\/apuntesdesanluis.com\/wp-content\/uploads\/2023\/07\/cropped-apuntesdesanluis.png\",\"contentUrl\":\"https:\/\/apuntesdesanluis.com\/wp-content\/uploads\/2023\/07\/cropped-apuntesdesanluis.png\",\"width\":450,\"height\":112,\"caption\":\"apuntesdesanluis.com\"},\"logo\":{\"@id\":\"https:\/\/apuntesdesanluis.com\/#\/schema\/person\/image\/\"},\"sameAs\":[\"https:\/\/apuntesdesanluis.com\"],\"url\":\"https:\/\/apuntesdesanluis.com\/index.php\/author\/apuntesdesanluis-com\/\"}]}<\/script>\n<!-- \/ Yoast SEO plugin. -->","yoast_head_json":{"title":"CARLOS, LA UNIVERSIDAD NO ADOCTRINA, FORMA EL PENSAMIENTO CR\u00cdTICO - Apuntes de San Luis","robots":{"index":"index","follow":"follow","max-snippet":"max-snippet:-1","max-image-preview":"max-image-preview:large","max-video-preview":"max-video-preview:-1"},"canonical":"https:\/\/apuntesdesanluis.com\/index.php\/2024\/10\/22\/carlos-la-universidad-no-adoctrina-forma-el-pensamiento-critico\/","og_locale":"es_ES","og_type":"article","og_title":"CARLOS, LA UNIVERSIDAD NO ADOCTRINA, FORMA EL PENSAMIENTO CR\u00cdTICO - Apuntes de San Luis","og_description":"Por Arnoldo Pucci * Con enorme preocupaci\u00f3n vemos el posteo realizado por el Diputado Libertario...","og_url":"https:\/\/apuntesdesanluis.com\/index.php\/2024\/10\/22\/carlos-la-universidad-no-adoctrina-forma-el-pensamiento-critico\/","og_site_name":"Apuntes de San Luis","article_published_time":"2024-10-23T02:27:08+00:00","og_image":[{"width":834,"height":545,"url":"https:\/\/apuntesdesanluis.com\/wp-content\/uploads\/2024\/10\/carlos-d\u00b4alessandro-diputado.png","type":"image\/png"}],"author":"apuntesdesanluis.com","twitter_card":"summary_large_image","twitter_misc":{"Escrito por":"apuntesdesanluis.com","Tiempo de lectura":"4 minutos"},"schema":{"@context":"https:\/\/schema.org","@graph":[{"@type":"Article","@id":"https:\/\/apuntesdesanluis.com\/index.php\/2024\/10\/22\/carlos-la-universidad-no-adoctrina-forma-el-pensamiento-critico\/#article","isPartOf":{"@id":"https:\/\/apuntesdesanluis.com\/index.php\/2024\/10\/22\/carlos-la-universidad-no-adoctrina-forma-el-pensamiento-critico\/"},"author":{"name":"apuntesdesanluis.com","@id":"https:\/\/apuntesdesanluis.com\/#\/schema\/person\/b55151d52296fcce64d1a72538a70b90"},"headline":"CARLOS, LA UNIVERSIDAD NO ADOCTRINA, FORMA EL PENSAMIENTO CR\u00cdTICO","datePublished":"2024-10-23T02:27:08+00:00","mainEntityOfPage":{"@id":"https:\/\/apuntesdesanluis.com\/index.php\/2024\/10\/22\/carlos-la-universidad-no-adoctrina-forma-el-pensamiento-critico\/"},"wordCount":820,"publisher":{"@id":"https:\/\/apuntesdesanluis.com\/#\/schema\/person\/b55151d52296fcce64d1a72538a70b90"},"image":{"@id":"https:\/\/apuntesdesanluis.com\/index.php\/2024\/10\/22\/carlos-la-universidad-no-adoctrina-forma-el-pensamiento-critico\/#primaryimage"},"thumbnailUrl":"https:\/\/apuntesdesanluis.com\/wp-content\/uploads\/2024\/10\/carlos-d\u00b4alessandro-diputado.png","articleSection":["Opini\u00f3n"],"inLanguage":"es-AR"},{"@type":"WebPage","@id":"https:\/\/apuntesdesanluis.com\/index.php\/2024\/10\/22\/carlos-la-universidad-no-adoctrina-forma-el-pensamiento-critico\/","url":"https:\/\/apuntesdesanluis.com\/index.php\/2024\/10\/22\/carlos-la-universidad-no-adoctrina-forma-el-pensamiento-critico\/","name":"CARLOS, LA UNIVERSIDAD NO ADOCTRINA, FORMA EL PENSAMIENTO CR\u00cdTICO - Apuntes de San Luis","isPartOf":{"@id":"https:\/\/apuntesdesanluis.com\/#website"},"primaryImageOfPage":{"@id":"https:\/\/apuntesdesanluis.com\/index.php\/2024\/10\/22\/carlos-la-universidad-no-adoctrina-forma-el-pensamiento-critico\/#primaryimage"},"image":{"@id":"https:\/\/apuntesdesanluis.com\/index.php\/2024\/10\/22\/carlos-la-universidad-no-adoctrina-forma-el-pensamiento-critico\/#primaryimage"},"thumbnailUrl":"https:\/\/apuntesdesanluis.com\/wp-content\/uploads\/2024\/10\/carlos-d\u00b4alessandro-diputado.png","datePublished":"2024-10-23T02:27:08+00:00","breadcrumb":{"@id":"https:\/\/apuntesdesanluis.com\/index.php\/2024\/10\/22\/carlos-la-universidad-no-adoctrina-forma-el-pensamiento-critico\/#breadcrumb"},"inLanguage":"es-AR","potentialAction":[{"@type":"ReadAction","target":["https:\/\/apuntesdesanluis.com\/index.php\/2024\/10\/22\/carlos-la-universidad-no-adoctrina-forma-el-pensamiento-critico\/"]}]},{"@type":"ImageObject","inLanguage":"es-AR","@id":"https:\/\/apuntesdesanluis.com\/index.php\/2024\/10\/22\/carlos-la-universidad-no-adoctrina-forma-el-pensamiento-critico\/#primaryimage","url":"https:\/\/apuntesdesanluis.com\/wp-content\/uploads\/2024\/10\/carlos-d\u00b4alessandro-diputado.png","contentUrl":"https:\/\/apuntesdesanluis.com\/wp-content\/uploads\/2024\/10\/carlos-d\u00b4alessandro-diputado.png","width":834,"height":545},{"@type":"BreadcrumbList","@id":"https:\/\/apuntesdesanluis.com\/index.php\/2024\/10\/22\/carlos-la-universidad-no-adoctrina-forma-el-pensamiento-critico\/#breadcrumb","itemListElement":[{"@type":"ListItem","position":1,"name":"Inicio","item":"https:\/\/apuntesdesanluis.com\/"},{"@type":"ListItem","position":2,"name":"CARLOS, LA UNIVERSIDAD NO ADOCTRINA, FORMA EL PENSAMIENTO CR\u00cdTICO"}]},{"@type":"WebSite","@id":"https:\/\/apuntesdesanluis.com\/#website","url":"https:\/\/apuntesdesanluis.com\/","name":"Apuntes de San Luis","description":"","publisher":{"@id":"https:\/\/apuntesdesanluis.com\/#\/schema\/person\/b55151d52296fcce64d1a72538a70b90"},"potentialAction":[{"@type":"SearchAction","target":{"@type":"EntryPoint","urlTemplate":"https:\/\/apuntesdesanluis.com\/?s={search_term_string}"},"query-input":{"@type":"PropertyValueSpecification","valueRequired":true,"valueName":"search_term_string"}}],"inLanguage":"es-AR"},{"@type":["Person","Organization"],"@id":"https:\/\/apuntesdesanluis.com\/#\/schema\/person\/b55151d52296fcce64d1a72538a70b90","name":"apuntesdesanluis.com","image":{"@type":"ImageObject","inLanguage":"es-AR","@id":"https:\/\/apuntesdesanluis.com\/#\/schema\/person\/image\/","url":"https:\/\/apuntesdesanluis.com\/wp-content\/uploads\/2023\/07\/cropped-apuntesdesanluis.png","contentUrl":"https:\/\/apuntesdesanluis.com\/wp-content\/uploads\/2023\/07\/cropped-apuntesdesanluis.png","width":450,"height":112,"caption":"apuntesdesanluis.com"},"logo":{"@id":"https:\/\/apuntesdesanluis.com\/#\/schema\/person\/image\/"},"sameAs":["https:\/\/apuntesdesanluis.com"],"url":"https:\/\/apuntesdesanluis.com\/index.php\/author\/apuntesdesanluis-com\/"}]}},"featured_image_urls":{"full":["https:\/\/apuntesdesanluis.com\/wp-content\/uploads\/2024\/10\/carlos-d\u00b4alessandro-diputado.png",834,545,false],"thumbnail":["https:\/\/apuntesdesanluis.com\/wp-content\/uploads\/2024\/10\/carlos-d\u00b4alessandro-diputado-150x150.png",150,150,true],"medium":["https:\/\/apuntesdesanluis.com\/wp-content\/uploads\/2024\/10\/carlos-d\u00b4alessandro-diputado-300x196.png",300,196,true],"medium_large":["https:\/\/apuntesdesanluis.com\/wp-content\/uploads\/2024\/10\/carlos-d\u00b4alessandro-diputado-768x502.png",640,418,true],"large":["https:\/\/apuntesdesanluis.com\/wp-content\/uploads\/2024\/10\/carlos-d\u00b4alessandro-diputado.png",640,418,false],"1536x1536":["https:\/\/apuntesdesanluis.com\/wp-content\/uploads\/2024\/10\/carlos-d\u00b4alessandro-diputado.png",834,545,false],"2048x2048":["https:\/\/apuntesdesanluis.com\/wp-content\/uploads\/2024\/10\/carlos-d\u00b4alessandro-diputado.png",834,545,false],"newsever-slider-full":["https:\/\/apuntesdesanluis.com\/wp-content\/uploads\/2024\/10\/carlos-d\u00b4alessandro-diputado.png",834,545,false],"newsever-featured":["https:\/\/apuntesdesanluis.com\/wp-content\/uploads\/2024\/10\/carlos-d\u00b4alessandro-diputado.png",834,545,false],"newsever-medium":["https:\/\/apuntesdesanluis.com\/wp-content\/uploads\/2024\/10\/carlos-d\u00b4alessandro-diputado-720x475.png",720,475,true]},"author_info":{"display_name":"apuntesdesanluis.com","author_link":"https:\/\/apuntesdesanluis.com\/index.php\/author\/apuntesdesanluis-com\/"},"category_info":"<a href=\"https:\/\/apuntesdesanluis.com\/index.php\/category\/opinion\/\" rel=\"category tag\">Opini\u00f3n<\/a>","tag_info":"Opini\u00f3n","comment_count":"0","_links":{"self":[{"href":"https:\/\/apuntesdesanluis.com\/index.php\/wp-json\/wp\/v2\/posts\/24230","targetHints":{"allow":["GET"]}}],"collection":[{"href":"https:\/\/apuntesdesanluis.com\/index.php\/wp-json\/wp\/v2\/posts"}],"about":[{"href":"https:\/\/apuntesdesanluis.com\/index.php\/wp-json\/wp\/v2\/types\/post"}],"author":[{"embeddable":true,"href":"https:\/\/apuntesdesanluis.com\/index.php\/wp-json\/wp\/v2\/users\/1"}],"replies":[{"embeddable":true,"href":"https:\/\/apuntesdesanluis.com\/index.php\/wp-json\/wp\/v2\/comments?post=24230"}],"version-history":[{"count":1,"href":"https:\/\/apuntesdesanluis.com\/index.php\/wp-json\/wp\/v2\/posts\/24230\/revisions"}],"predecessor-version":[{"id":24232,"href":"https:\/\/apuntesdesanluis.com\/index.php\/wp-json\/wp\/v2\/posts\/24230\/revisions\/24232"}],"wp:featuredmedia":[{"embeddable":true,"href":"https:\/\/apuntesdesanluis.com\/index.php\/wp-json\/wp\/v2\/media\/24231"}],"wp:attachment":[{"href":"https:\/\/apuntesdesanluis.com\/index.php\/wp-json\/wp\/v2\/media?parent=24230"}],"wp:term":[{"taxonomy":"category","embeddable":true,"href":"https:\/\/apuntesdesanluis.com\/index.php\/wp-json\/wp\/v2\/categories?post=24230"},{"taxonomy":"post_tag","embeddable":true,"href":"https:\/\/apuntesdesanluis.com\/index.php\/wp-json\/wp\/v2\/tags?post=24230"}],"curies":[{"name":"wp","href":"https:\/\/api.w.org\/{rel}","templated":true}]}}