{"id":24235,"date":"2024-10-22T23:58:12","date_gmt":"2024-10-23T02:58:12","guid":{"rendered":"https:\/\/apuntesdesanluis.com\/?p=24235"},"modified":"2024-10-22T23:58:12","modified_gmt":"2024-10-23T02:58:12","slug":"mas-remociones-en-el-gobierno-desplazan-a-una-directora-del-indec","status":"publish","type":"post","link":"https:\/\/apuntesdesanluis.com\/index.php\/2024\/10\/22\/mas-remociones-en-el-gobierno-desplazan-a-una-directora-del-indec\/","title":{"rendered":"M\u00c1S REMOCIONES EN EL GOBIERNO: DESPLAZAN A UNA DIRECTORA DEL INDEC"},"content":{"rendered":"<h3>Mientras se aguarda que el INDEC lance el nuevo \u00edndice de precios, el organismo desplaz\u00f3 a la directora nacional de Estad\u00edsticas y Precios, <strong>Anal\u00eda Calero<\/strong>.<\/h3>\n<h3>En el organismo explicaron que el pedido de renuncia se debe a \u201ccuestiones operativas y formas de trabajo\u201d. Pero despegaron la medida de la decisi\u00f3n de lanzar un nuevo \u00edndice de precios en noviembre pr\u00f3ximo.<\/h3>\n<h3>Calero ten\u00eda bajo su \u00f3rbita la Direcci\u00f3n de \u00cdndices de Precios de Consumo, que dirige Georgina Giglio, y la de \u00cdndices de Precios de la Producci\u00f3n, que conduce Rodrigo Oliver.<\/h3>\n<h3>Seg\u00fan trascendi\u00f3, el titular del INDEC, <strong>Marco Lavagna<\/strong> (foto portada), ten\u00eda diferencias de criterio con la funcionaria desplazada.<\/h3>\n<p><img fetchpriority=\"high\" decoding=\"async\" class=\"wp-image-24236 aligncenter\" src=\"https:\/\/apuntesdesanluis.com\/wp-content\/uploads\/2024\/10\/INDEC-DESPLAZADA-300x251.png\" alt=\"\" width=\"593\" height=\"496\" srcset=\"https:\/\/apuntesdesanluis.com\/wp-content\/uploads\/2024\/10\/INDEC-DESPLAZADA-300x251.png 300w, https:\/\/apuntesdesanluis.com\/wp-content\/uploads\/2024\/10\/INDEC-DESPLAZADA-768x644.png 768w, https:\/\/apuntesdesanluis.com\/wp-content\/uploads\/2024\/10\/INDEC-DESPLAZADA.png 803w\" sizes=\"(max-width: 593px) 100vw, 593px\" \/><\/p>\n<h3>\u201cFue por formas de trabajo, administraci\u00f3n de recursos humanos y manejo de equipos de trabajo y cumplimiento de metas\u201d, afirmaron en la c\u00fapula del Indec sobre el pedido de renuncia a Calero.<\/h3>\n<h3>En el INDEC tambi\u00e9n rechazaron que exista una preocupaci\u00f3n de las autoridades del organismo sobre el IPC dar\u00e1 m\u00e1s alto o m\u00e1s bajo, mientras el Gobierno busca que el \u00edndice de precio tienda a cero.<\/h3>\n<h3>Lavagna hab\u00eda adelantado en septiembre pasado que estaban casi listo para lanzar el nuevo IPC con una base de 500.000 precios y 24.000 informantes. \u201cEstamos en las pruebas finales\u201d, hab\u00eda mencionado entonces.<\/h3>\n<h3>El \u00edndice actual tiene 320.000 precios y va a pasar a 500.000 precios. De 16.700 informantes se saltar\u00eda a 24.000 informantes.<\/h3>\n<h3>\u201cEstamos en las pruebas finales. Tenemos que tener mucho cuidado en cu\u00e1ndo hacemos los cambios para que esto se entienda bien\u201d, hab\u00eda agregado en detalle de la nueva modalidad que se implementar\u00eda desde noviembre.<\/h3>\n<p>&nbsp;<\/p>\n<p>&nbsp;<\/p>\n<p>&nbsp;<\/p>\n<p>&nbsp;<\/p>\n<p>&nbsp;<\/p>\n<p>&nbsp;<\/p>\n<h3><\/h3>\n","protected":false},"excerpt":{"rendered":"<p>Mientras se aguarda que el INDEC lance el nuevo \u00edndice de precios, el organismo desplaz\u00f3&#8230;<\/p>\n","protected":false},"author":1,"featured_media":24237,"comment_status":"closed","ping_status":"closed","sticky":false,"template":"","format":"standard","meta":{"footnotes":""},"categories":[5],"tags":[],"class_list":["post-24235","post","type-post","status-publish","format-standard","has-post-thumbnail","hentry","category-nacionales-internacionales"],"yoast_head":"<!-- This site is optimized with the Yoast SEO plugin v26.1.1 - https:\/\/yoast.com\/wordpress\/plugins\/seo\/ -->\n<title>M\u00c1S REMOCIONES EN EL GOBIERNO: DESPLAZAN A UNA DIRECTORA DEL INDEC - Apuntes de San Luis<\/title>\n<meta name=\"robots\" content=\"index, follow, max-snippet:-1, max-image-preview:large, max-video-preview:-1\" \/>\n<link rel=\"canonical\" href=\"https:\/\/apuntesdesanluis.com\/index.php\/2024\/10\/22\/mas-remociones-en-el-gobierno-desplazan-a-una-directora-del-indec\/\" \/>\n<meta property=\"og:locale\" content=\"es_ES\" \/>\n<meta property=\"og:type\" content=\"article\" \/>\n<meta property=\"og:title\" content=\"M\u00c1S REMOCIONES EN EL GOBIERNO: DESPLAZAN A UNA DIRECTORA DEL INDEC - Apuntes de San Luis\" \/>\n<meta property=\"og:description\" content=\"Mientras se aguarda que el INDEC lance el nuevo \u00edndice de precios, el organismo desplaz\u00f3...\" \/>\n<meta property=\"og:url\" content=\"https:\/\/apuntesdesanluis.com\/index.php\/2024\/10\/22\/mas-remociones-en-el-gobierno-desplazan-a-una-directora-del-indec\/\" \/>\n<meta property=\"og:site_name\" content=\"Apuntes de San Luis\" \/>\n<meta property=\"article:published_time\" content=\"2024-10-23T02:58:12+00:00\" \/>\n<meta property=\"og:image\" content=\"https:\/\/apuntesdesanluis.com\/wp-content\/uploads\/2024\/10\/LAVAGNA.png\" \/>\n\t<meta property=\"og:image:width\" content=\"846\" \/>\n\t<meta property=\"og:image:height\" content=\"552\" \/>\n\t<meta property=\"og:image:type\" content=\"image\/png\" \/>\n<meta name=\"author\" content=\"apuntesdesanluis.com\" \/>\n<meta name=\"twitter:card\" content=\"summary_large_image\" \/>\n<meta name=\"twitter:label1\" content=\"Escrito por\" \/>\n\t<meta name=\"twitter:data1\" content=\"apuntesdesanluis.com\" \/>\n\t<meta name=\"twitter:label2\" content=\"Tiempo de lectura\" \/>\n\t<meta name=\"twitter:data2\" content=\"2 minutos\" \/>\n<script type=\"application\/ld+json\" class=\"yoast-schema-graph\">{\"@context\":\"https:\/\/schema.org\",\"@graph\":[{\"@type\":\"Article\",\"@id\":\"https:\/\/apuntesdesanluis.com\/index.php\/2024\/10\/22\/mas-remociones-en-el-gobierno-desplazan-a-una-directora-del-indec\/#article\",\"isPartOf\":{\"@id\":\"https:\/\/apuntesdesanluis.com\/index.php\/2024\/10\/22\/mas-remociones-en-el-gobierno-desplazan-a-una-directora-del-indec\/\"},\"author\":{\"name\":\"apuntesdesanluis.com\",\"@id\":\"https:\/\/apuntesdesanluis.com\/#\/schema\/person\/b55151d52296fcce64d1a72538a70b90\"},\"headline\":\"M\u00c1S REMOCIONES EN EL GOBIERNO: DESPLAZAN A UNA DIRECTORA DEL INDEC\",\"datePublished\":\"2024-10-23T02:58:12+00:00\",\"mainEntityOfPage\":{\"@id\":\"https:\/\/apuntesdesanluis.com\/index.php\/2024\/10\/22\/mas-remociones-en-el-gobierno-desplazan-a-una-directora-del-indec\/\"},\"wordCount\":295,\"publisher\":{\"@id\":\"https:\/\/apuntesdesanluis.com\/#\/schema\/person\/b55151d52296fcce64d1a72538a70b90\"},\"image\":{\"@id\":\"https:\/\/apuntesdesanluis.com\/index.php\/2024\/10\/22\/mas-remociones-en-el-gobierno-desplazan-a-una-directora-del-indec\/#primaryimage\"},\"thumbnailUrl\":\"https:\/\/apuntesdesanluis.com\/wp-content\/uploads\/2024\/10\/LAVAGNA.png\",\"articleSection\":[\"Nacionales\/Internacionales\"],\"inLanguage\":\"es-AR\"},{\"@type\":\"WebPage\",\"@id\":\"https:\/\/apuntesdesanluis.com\/index.php\/2024\/10\/22\/mas-remociones-en-el-gobierno-desplazan-a-una-directora-del-indec\/\",\"url\":\"https:\/\/apuntesdesanluis.com\/index.php\/2024\/10\/22\/mas-remociones-en-el-gobierno-desplazan-a-una-directora-del-indec\/\",\"name\":\"M\u00c1S REMOCIONES EN EL GOBIERNO: DESPLAZAN A UNA DIRECTORA DEL INDEC - Apuntes de San Luis\",\"isPartOf\":{\"@id\":\"https:\/\/apuntesdesanluis.com\/#website\"},\"primaryImageOfPage\":{\"@id\":\"https:\/\/apuntesdesanluis.com\/index.php\/2024\/10\/22\/mas-remociones-en-el-gobierno-desplazan-a-una-directora-del-indec\/#primaryimage\"},\"image\":{\"@id\":\"https:\/\/apuntesdesanluis.com\/index.php\/2024\/10\/22\/mas-remociones-en-el-gobierno-desplazan-a-una-directora-del-indec\/#primaryimage\"},\"thumbnailUrl\":\"https:\/\/apuntesdesanluis.com\/wp-content\/uploads\/2024\/10\/LAVAGNA.png\",\"datePublished\":\"2024-10-23T02:58:12+00:00\",\"breadcrumb\":{\"@id\":\"https:\/\/apuntesdesanluis.com\/index.php\/2024\/10\/22\/mas-remociones-en-el-gobierno-desplazan-a-una-directora-del-indec\/#breadcrumb\"},\"inLanguage\":\"es-AR\",\"potentialAction\":[{\"@type\":\"ReadAction\",\"target\":[\"https:\/\/apuntesdesanluis.com\/index.php\/2024\/10\/22\/mas-remociones-en-el-gobierno-desplazan-a-una-directora-del-indec\/\"]}]},{\"@type\":\"ImageObject\",\"inLanguage\":\"es-AR\",\"@id\":\"https:\/\/apuntesdesanluis.com\/index.php\/2024\/10\/22\/mas-remociones-en-el-gobierno-desplazan-a-una-directora-del-indec\/#primaryimage\",\"url\":\"https:\/\/apuntesdesanluis.com\/wp-content\/uploads\/2024\/10\/LAVAGNA.png\",\"contentUrl\":\"https:\/\/apuntesdesanluis.com\/wp-content\/uploads\/2024\/10\/LAVAGNA.png\",\"width\":846,\"height\":552},{\"@type\":\"BreadcrumbList\",\"@id\":\"https:\/\/apuntesdesanluis.com\/index.php\/2024\/10\/22\/mas-remociones-en-el-gobierno-desplazan-a-una-directora-del-indec\/#breadcrumb\",\"itemListElement\":[{\"@type\":\"ListItem\",\"position\":1,\"name\":\"Inicio\",\"item\":\"https:\/\/apuntesdesanluis.com\/\"},{\"@type\":\"ListItem\",\"position\":2,\"name\":\"M\u00c1S REMOCIONES EN EL GOBIERNO: DESPLAZAN A UNA DIRECTORA DEL INDEC\"}]},{\"@type\":\"WebSite\",\"@id\":\"https:\/\/apuntesdesanluis.com\/#website\",\"url\":\"https:\/\/apuntesdesanluis.com\/\",\"name\":\"Apuntes de San Luis\",\"description\":\"\",\"publisher\":{\"@id\":\"https:\/\/apuntesdesanluis.com\/#\/schema\/person\/b55151d52296fcce64d1a72538a70b90\"},\"potentialAction\":[{\"@type\":\"SearchAction\",\"target\":{\"@type\":\"EntryPoint\",\"urlTemplate\":\"https:\/\/apuntesdesanluis.com\/?s={search_term_string}\"},\"query-input\":{\"@type\":\"PropertyValueSpecification\",\"valueRequired\":true,\"valueName\":\"search_term_string\"}}],\"inLanguage\":\"es-AR\"},{\"@type\":[\"Person\",\"Organization\"],\"@id\":\"https:\/\/apuntesdesanluis.com\/#\/schema\/person\/b55151d52296fcce64d1a72538a70b90\",\"name\":\"apuntesdesanluis.com\",\"image\":{\"@type\":\"ImageObject\",\"inLanguage\":\"es-AR\",\"@id\":\"https:\/\/apuntesdesanluis.com\/#\/schema\/person\/image\/\",\"url\":\"https:\/\/apuntesdesanluis.com\/wp-content\/uploads\/2023\/07\/cropped-apuntesdesanluis.png\",\"contentUrl\":\"https:\/\/apuntesdesanluis.com\/wp-content\/uploads\/2023\/07\/cropped-apuntesdesanluis.png\",\"width\":450,\"height\":112,\"caption\":\"apuntesdesanluis.com\"},\"logo\":{\"@id\":\"https:\/\/apuntesdesanluis.com\/#\/schema\/person\/image\/\"},\"sameAs\":[\"https:\/\/apuntesdesanluis.com\"],\"url\":\"https:\/\/apuntesdesanluis.com\/index.php\/author\/apuntesdesanluis-com\/\"}]}<\/script>\n<!-- \/ Yoast SEO plugin. -->","yoast_head_json":{"title":"M\u00c1S REMOCIONES EN EL GOBIERNO: DESPLAZAN A UNA DIRECTORA DEL INDEC - Apuntes de San Luis","robots":{"index":"index","follow":"follow","max-snippet":"max-snippet:-1","max-image-preview":"max-image-preview:large","max-video-preview":"max-video-preview:-1"},"canonical":"https:\/\/apuntesdesanluis.com\/index.php\/2024\/10\/22\/mas-remociones-en-el-gobierno-desplazan-a-una-directora-del-indec\/","og_locale":"es_ES","og_type":"article","og_title":"M\u00c1S REMOCIONES EN EL GOBIERNO: DESPLAZAN A UNA DIRECTORA DEL INDEC - Apuntes de San Luis","og_description":"Mientras se aguarda que el INDEC lance el nuevo \u00edndice de precios, el organismo desplaz\u00f3...","og_url":"https:\/\/apuntesdesanluis.com\/index.php\/2024\/10\/22\/mas-remociones-en-el-gobierno-desplazan-a-una-directora-del-indec\/","og_site_name":"Apuntes de San Luis","article_published_time":"2024-10-23T02:58:12+00:00","og_image":[{"width":846,"height":552,"url":"https:\/\/apuntesdesanluis.com\/wp-content\/uploads\/2024\/10\/LAVAGNA.png","type":"image\/png"}],"author":"apuntesdesanluis.com","twitter_card":"summary_large_image","twitter_misc":{"Escrito por":"apuntesdesanluis.com","Tiempo de lectura":"2 minutos"},"schema":{"@context":"https:\/\/schema.org","@graph":[{"@type":"Article","@id":"https:\/\/apuntesdesanluis.com\/index.php\/2024\/10\/22\/mas-remociones-en-el-gobierno-desplazan-a-una-directora-del-indec\/#article","isPartOf":{"@id":"https:\/\/apuntesdesanluis.com\/index.php\/2024\/10\/22\/mas-remociones-en-el-gobierno-desplazan-a-una-directora-del-indec\/"},"author":{"name":"apuntesdesanluis.com","@id":"https:\/\/apuntesdesanluis.com\/#\/schema\/person\/b55151d52296fcce64d1a72538a70b90"},"headline":"M\u00c1S REMOCIONES EN EL GOBIERNO: DESPLAZAN A UNA DIRECTORA DEL INDEC","datePublished":"2024-10-23T02:58:12+00:00","mainEntityOfPage":{"@id":"https:\/\/apuntesdesanluis.com\/index.php\/2024\/10\/22\/mas-remociones-en-el-gobierno-desplazan-a-una-directora-del-indec\/"},"wordCount":295,"publisher":{"@id":"https:\/\/apuntesdesanluis.com\/#\/schema\/person\/b55151d52296fcce64d1a72538a70b90"},"image":{"@id":"https:\/\/apuntesdesanluis.com\/index.php\/2024\/10\/22\/mas-remociones-en-el-gobierno-desplazan-a-una-directora-del-indec\/#primaryimage"},"thumbnailUrl":"https:\/\/apuntesdesanluis.com\/wp-content\/uploads\/2024\/10\/LAVAGNA.png","articleSection":["Nacionales\/Internacionales"],"inLanguage":"es-AR"},{"@type":"WebPage","@id":"https:\/\/apuntesdesanluis.com\/index.php\/2024\/10\/22\/mas-remociones-en-el-gobierno-desplazan-a-una-directora-del-indec\/","url":"https:\/\/apuntesdesanluis.com\/index.php\/2024\/10\/22\/mas-remociones-en-el-gobierno-desplazan-a-una-directora-del-indec\/","name":"M\u00c1S REMOCIONES EN EL GOBIERNO: DESPLAZAN A UNA DIRECTORA DEL INDEC - Apuntes de San Luis","isPartOf":{"@id":"https:\/\/apuntesdesanluis.com\/#website"},"primaryImageOfPage":{"@id":"https:\/\/apuntesdesanluis.com\/index.php\/2024\/10\/22\/mas-remociones-en-el-gobierno-desplazan-a-una-directora-del-indec\/#primaryimage"},"image":{"@id":"https:\/\/apuntesdesanluis.com\/index.php\/2024\/10\/22\/mas-remociones-en-el-gobierno-desplazan-a-una-directora-del-indec\/#primaryimage"},"thumbnailUrl":"https:\/\/apuntesdesanluis.com\/wp-content\/uploads\/2024\/10\/LAVAGNA.png","datePublished":"2024-10-23T02:58:12+00:00","breadcrumb":{"@id":"https:\/\/apuntesdesanluis.com\/index.php\/2024\/10\/22\/mas-remociones-en-el-gobierno-desplazan-a-una-directora-del-indec\/#breadcrumb"},"inLanguage":"es-AR","potentialAction":[{"@type":"ReadAction","target":["https:\/\/apuntesdesanluis.com\/index.php\/2024\/10\/22\/mas-remociones-en-el-gobierno-desplazan-a-una-directora-del-indec\/"]}]},{"@type":"ImageObject","inLanguage":"es-AR","@id":"https:\/\/apuntesdesanluis.com\/index.php\/2024\/10\/22\/mas-remociones-en-el-gobierno-desplazan-a-una-directora-del-indec\/#primaryimage","url":"https:\/\/apuntesdesanluis.com\/wp-content\/uploads\/2024\/10\/LAVAGNA.png","contentUrl":"https:\/\/apuntesdesanluis.com\/wp-content\/uploads\/2024\/10\/LAVAGNA.png","width":846,"height":552},{"@type":"BreadcrumbList","@id":"https:\/\/apuntesdesanluis.com\/index.php\/2024\/10\/22\/mas-remociones-en-el-gobierno-desplazan-a-una-directora-del-indec\/#breadcrumb","itemListElement":[{"@type":"ListItem","position":1,"name":"Inicio","item":"https:\/\/apuntesdesanluis.com\/"},{"@type":"ListItem","position":2,"name":"M\u00c1S REMOCIONES EN EL GOBIERNO: DESPLAZAN A UNA DIRECTORA DEL INDEC"}]},{"@type":"WebSite","@id":"https:\/\/apuntesdesanluis.com\/#website","url":"https:\/\/apuntesdesanluis.com\/","name":"Apuntes de San Luis","description":"","publisher":{"@id":"https:\/\/apuntesdesanluis.com\/#\/schema\/person\/b55151d52296fcce64d1a72538a70b90"},"potentialAction":[{"@type":"SearchAction","target":{"@type":"EntryPoint","urlTemplate":"https:\/\/apuntesdesanluis.com\/?s={search_term_string}"},"query-input":{"@type":"PropertyValueSpecification","valueRequired":true,"valueName":"search_term_string"}}],"inLanguage":"es-AR"},{"@type":["Person","Organization"],"@id":"https:\/\/apuntesdesanluis.com\/#\/schema\/person\/b55151d52296fcce64d1a72538a70b90","name":"apuntesdesanluis.com","image":{"@type":"ImageObject","inLanguage":"es-AR","@id":"https:\/\/apuntesdesanluis.com\/#\/schema\/person\/image\/","url":"https:\/\/apuntesdesanluis.com\/wp-content\/uploads\/2023\/07\/cropped-apuntesdesanluis.png","contentUrl":"https:\/\/apuntesdesanluis.com\/wp-content\/uploads\/2023\/07\/cropped-apuntesdesanluis.png","width":450,"height":112,"caption":"apuntesdesanluis.com"},"logo":{"@id":"https:\/\/apuntesdesanluis.com\/#\/schema\/person\/image\/"},"sameAs":["https:\/\/apuntesdesanluis.com"],"url":"https:\/\/apuntesdesanluis.com\/index.php\/author\/apuntesdesanluis-com\/"}]}},"featured_image_urls":{"full":["https:\/\/apuntesdesanluis.com\/wp-content\/uploads\/2024\/10\/LAVAGNA.png",846,552,false],"thumbnail":["https:\/\/apuntesdesanluis.com\/wp-content\/uploads\/2024\/10\/LAVAGNA-150x150.png",150,150,true],"medium":["https:\/\/apuntesdesanluis.com\/wp-content\/uploads\/2024\/10\/LAVAGNA-300x196.png",300,196,true],"medium_large":["https:\/\/apuntesdesanluis.com\/wp-content\/uploads\/2024\/10\/LAVAGNA-768x501.png",640,418,true],"large":["https:\/\/apuntesdesanluis.com\/wp-content\/uploads\/2024\/10\/LAVAGNA.png",640,418,false],"1536x1536":["https:\/\/apuntesdesanluis.com\/wp-content\/uploads\/2024\/10\/LAVAGNA.png",846,552,false],"2048x2048":["https:\/\/apuntesdesanluis.com\/wp-content\/uploads\/2024\/10\/LAVAGNA.png",846,552,false],"newsever-slider-full":["https:\/\/apuntesdesanluis.com\/wp-content\/uploads\/2024\/10\/LAVAGNA.png",846,552,false],"newsever-featured":["https:\/\/apuntesdesanluis.com\/wp-content\/uploads\/2024\/10\/LAVAGNA.png",846,552,false],"newsever-medium":["https:\/\/apuntesdesanluis.com\/wp-content\/uploads\/2024\/10\/LAVAGNA-720x475.png",720,475,true]},"author_info":{"display_name":"apuntesdesanluis.com","author_link":"https:\/\/apuntesdesanluis.com\/index.php\/author\/apuntesdesanluis-com\/"},"category_info":"<a href=\"https:\/\/apuntesdesanluis.com\/index.php\/category\/nacionales-internacionales\/\" rel=\"category tag\">Nacionales\/Internacionales<\/a>","tag_info":"Nacionales\/Internacionales","comment_count":"0","_links":{"self":[{"href":"https:\/\/apuntesdesanluis.com\/index.php\/wp-json\/wp\/v2\/posts\/24235","targetHints":{"allow":["GET"]}}],"collection":[{"href":"https:\/\/apuntesdesanluis.com\/index.php\/wp-json\/wp\/v2\/posts"}],"about":[{"href":"https:\/\/apuntesdesanluis.com\/index.php\/wp-json\/wp\/v2\/types\/post"}],"author":[{"embeddable":true,"href":"https:\/\/apuntesdesanluis.com\/index.php\/wp-json\/wp\/v2\/users\/1"}],"replies":[{"embeddable":true,"href":"https:\/\/apuntesdesanluis.com\/index.php\/wp-json\/wp\/v2\/comments?post=24235"}],"version-history":[{"count":1,"href":"https:\/\/apuntesdesanluis.com\/index.php\/wp-json\/wp\/v2\/posts\/24235\/revisions"}],"predecessor-version":[{"id":24238,"href":"https:\/\/apuntesdesanluis.com\/index.php\/wp-json\/wp\/v2\/posts\/24235\/revisions\/24238"}],"wp:featuredmedia":[{"embeddable":true,"href":"https:\/\/apuntesdesanluis.com\/index.php\/wp-json\/wp\/v2\/media\/24237"}],"wp:attachment":[{"href":"https:\/\/apuntesdesanluis.com\/index.php\/wp-json\/wp\/v2\/media?parent=24235"}],"wp:term":[{"taxonomy":"category","embeddable":true,"href":"https:\/\/apuntesdesanluis.com\/index.php\/wp-json\/wp\/v2\/categories?post=24235"},{"taxonomy":"post_tag","embeddable":true,"href":"https:\/\/apuntesdesanluis.com\/index.php\/wp-json\/wp\/v2\/tags?post=24235"}],"curies":[{"name":"wp","href":"https:\/\/api.w.org\/{rel}","templated":true}]}}