{"id":24239,"date":"2024-10-23T00:05:16","date_gmt":"2024-10-23T03:05:16","guid":{"rendered":"https:\/\/apuntesdesanluis.com\/?p=24239"},"modified":"2024-10-23T00:05:41","modified_gmt":"2024-10-23T03:05:41","slug":"macri-deslizo-que-se-puede-hacer-una-coalicion-con-lla","status":"publish","type":"post","link":"https:\/\/apuntesdesanluis.com\/index.php\/2024\/10\/23\/macri-deslizo-que-se-puede-hacer-una-coalicion-con-lla\/","title":{"rendered":"MACRI DESLIZ\u00d3 QUE &#8220;SE PUEDE HACER UNA COALICI\u00d3N&#8221; CON EL PARTIDO DE MILEI"},"content":{"rendered":"<h3>El expresidente <strong>Mauricio Macri<\/strong> dej\u00f3 entrever esta noche que &#8220;se puede hacer una coalici\u00f3n&#8221; con <strong>La Libertad Avanza<\/strong> (LLA), con miras a las elecciones legislativas del a\u00f1o pr\u00f3ximo.<\/h3>\n<h3>De todas maneras, advirti\u00f3 que tiene que haber &#8220;respeto y confianza&#8221; de ambos lados, y que esa posible uni\u00f3n entre el PRO y el partido gobernante &#8220;no puede ser algo forzado&#8221;.<\/h3>\n<h3>&#8220;Veremos si con el \u00edmpetu de ellos puede haber una sinergia&#8221;, a\u00f1adi\u00f3, Macri, quien remarc\u00f3 que &#8220;este es un camino lo abri\u00f3 el PRO, y si lo empezamos es l\u00f3gico que apoyemos al gobierno actual&#8221;.<\/h3>\n<h3>Por tal motivo, no dud\u00f3 en afirmar &#8220;se puede hacer una coalici\u00f3n&#8221; con LLA, de cara a las legislativas, y destac\u00f3 &#8220;la generosidad del PRO por respaldar al gobierno de (Javier) Milei,<\/h3>\n<h3>nosotros tenemos dirigentes formados y valiosos. Ya estuvimos en ese lugar, eso es importante&#8221;.<\/h3>\n<h3>Por otra parte, y en declaraciones al canal La Naci\u00f3n+, Macri confi\u00f3 que tiene &#8220;una relaci\u00f3n honesta y sincera&#8221; con el actual mandatario y a\u00f1adi\u00f3 que &#8220;\u00e9l y la hermana (Karina) son una sola persona&#8221;.<\/h3>\n<h3>&#8220;La gente vot\u00f3 a alguien como Milei, que no era est\u00e1ndar, era alguien especial. Era feroz en cada momento de la campa\u00f1a, con una psicolog\u00eda especial. No evade el conflicto, va de frente y es aut\u00e9ntico&#8221;, dijo, al hacer una descripci\u00f3n del Jefe de Estado.<\/h3>\n<h3>&#8220;El (Milei) lleg\u00f3 con un mandato destructivo, dijo que quer\u00eda destruir la casta, habl\u00f3 de motosierra. Un estilo nuevo y moderno, que nos sorprendi\u00f3 a todos&#8221;, agreg\u00f3.<\/h3>\n<h3>Adem\u00e1s, Macri destac\u00f3 que &#8220;el verdadero outsider sali\u00f3 de ac\u00e1, de Argentina&#8221;, en referencia a Milei. &#8220;Todos dec\u00edan que (Donald) Trump era un outsider pero ten\u00eda el partido Republicano atr\u00e1s, lo mismo con (Jair) Bolsonaro, en Brasil, pero resulta ten\u00eda a los militares atr\u00e1s&#8221;.<\/h3>\n<h3><\/h3>\n<h3><\/h3>\n<p>&nbsp;<\/p>\n<p>&nbsp;<\/p>\n","protected":false},"excerpt":{"rendered":"<p>El expresidente Mauricio Macri dej\u00f3 entrever esta noche que &#8220;se puede hacer una coalici\u00f3n&#8221; con&#8230;<\/p>\n","protected":false},"author":1,"featured_media":21251,"comment_status":"closed","ping_status":"closed","sticky":false,"template":"","format":"standard","meta":{"footnotes":""},"categories":[5],"tags":[],"class_list":["post-24239","post","type-post","status-publish","format-standard","has-post-thumbnail","hentry","category-nacionales-internacionales"],"yoast_head":"<!-- This site is optimized with the Yoast SEO plugin v26.1.1 - https:\/\/yoast.com\/wordpress\/plugins\/seo\/ -->\n<title>MACRI DESLIZ\u00d3 QUE &quot;SE PUEDE HACER UNA COALICI\u00d3N&quot; CON EL PARTIDO DE MILEI - Apuntes de San Luis<\/title>\n<meta name=\"robots\" content=\"index, follow, max-snippet:-1, max-image-preview:large, max-video-preview:-1\" \/>\n<link rel=\"canonical\" href=\"https:\/\/apuntesdesanluis.com\/index.php\/2024\/10\/23\/macri-deslizo-que-se-puede-hacer-una-coalicion-con-lla\/\" \/>\n<meta property=\"og:locale\" content=\"es_ES\" \/>\n<meta property=\"og:type\" content=\"article\" \/>\n<meta property=\"og:title\" content=\"MACRI DESLIZ\u00d3 QUE &quot;SE PUEDE HACER UNA COALICI\u00d3N&quot; CON EL PARTIDO DE MILEI - Apuntes de San Luis\" \/>\n<meta property=\"og:description\" content=\"El expresidente Mauricio Macri dej\u00f3 entrever esta noche que &#8220;se puede hacer una coalici\u00f3n&#8221; con...\" \/>\n<meta property=\"og:url\" content=\"https:\/\/apuntesdesanluis.com\/index.php\/2024\/10\/23\/macri-deslizo-que-se-puede-hacer-una-coalicion-con-lla\/\" \/>\n<meta property=\"og:site_name\" content=\"Apuntes de San Luis\" \/>\n<meta property=\"article:published_time\" content=\"2024-10-23T03:05:16+00:00\" \/>\n<meta property=\"article:modified_time\" content=\"2024-10-23T03:05:41+00:00\" \/>\n<meta property=\"og:image\" content=\"https:\/\/apuntesdesanluis.com\/wp-content\/uploads\/2024\/08\/milei-y-macri.png\" \/>\n\t<meta property=\"og:image:width\" content=\"779\" \/>\n\t<meta property=\"og:image:height\" content=\"437\" \/>\n\t<meta property=\"og:image:type\" content=\"image\/png\" \/>\n<meta name=\"author\" content=\"apuntesdesanluis.com\" \/>\n<meta name=\"twitter:card\" content=\"summary_large_image\" \/>\n<meta name=\"twitter:label1\" content=\"Escrito por\" \/>\n\t<meta name=\"twitter:data1\" content=\"apuntesdesanluis.com\" \/>\n\t<meta name=\"twitter:label2\" content=\"Tiempo de lectura\" \/>\n\t<meta name=\"twitter:data2\" content=\"2 minutos\" \/>\n<script type=\"application\/ld+json\" class=\"yoast-schema-graph\">{\"@context\":\"https:\/\/schema.org\",\"@graph\":[{\"@type\":\"Article\",\"@id\":\"https:\/\/apuntesdesanluis.com\/index.php\/2024\/10\/23\/macri-deslizo-que-se-puede-hacer-una-coalicion-con-lla\/#article\",\"isPartOf\":{\"@id\":\"https:\/\/apuntesdesanluis.com\/index.php\/2024\/10\/23\/macri-deslizo-que-se-puede-hacer-una-coalicion-con-lla\/\"},\"author\":{\"name\":\"apuntesdesanluis.com\",\"@id\":\"https:\/\/apuntesdesanluis.com\/#\/schema\/person\/b55151d52296fcce64d1a72538a70b90\"},\"headline\":\"MACRI DESLIZ\u00d3 QUE &#8220;SE PUEDE HACER UNA COALICI\u00d3N&#8221; CON EL PARTIDO DE MILEI\",\"datePublished\":\"2024-10-23T03:05:16+00:00\",\"dateModified\":\"2024-10-23T03:05:41+00:00\",\"mainEntityOfPage\":{\"@id\":\"https:\/\/apuntesdesanluis.com\/index.php\/2024\/10\/23\/macri-deslizo-que-se-puede-hacer-una-coalicion-con-lla\/\"},\"wordCount\":329,\"publisher\":{\"@id\":\"https:\/\/apuntesdesanluis.com\/#\/schema\/person\/b55151d52296fcce64d1a72538a70b90\"},\"image\":{\"@id\":\"https:\/\/apuntesdesanluis.com\/index.php\/2024\/10\/23\/macri-deslizo-que-se-puede-hacer-una-coalicion-con-lla\/#primaryimage\"},\"thumbnailUrl\":\"https:\/\/apuntesdesanluis.com\/wp-content\/uploads\/2024\/08\/milei-y-macri.png\",\"articleSection\":[\"Nacionales\/Internacionales\"],\"inLanguage\":\"es-AR\"},{\"@type\":\"WebPage\",\"@id\":\"https:\/\/apuntesdesanluis.com\/index.php\/2024\/10\/23\/macri-deslizo-que-se-puede-hacer-una-coalicion-con-lla\/\",\"url\":\"https:\/\/apuntesdesanluis.com\/index.php\/2024\/10\/23\/macri-deslizo-que-se-puede-hacer-una-coalicion-con-lla\/\",\"name\":\"MACRI DESLIZ\u00d3 QUE \\\"SE PUEDE HACER UNA COALICI\u00d3N\\\" CON EL PARTIDO DE MILEI - Apuntes de San Luis\",\"isPartOf\":{\"@id\":\"https:\/\/apuntesdesanluis.com\/#website\"},\"primaryImageOfPage\":{\"@id\":\"https:\/\/apuntesdesanluis.com\/index.php\/2024\/10\/23\/macri-deslizo-que-se-puede-hacer-una-coalicion-con-lla\/#primaryimage\"},\"image\":{\"@id\":\"https:\/\/apuntesdesanluis.com\/index.php\/2024\/10\/23\/macri-deslizo-que-se-puede-hacer-una-coalicion-con-lla\/#primaryimage\"},\"thumbnailUrl\":\"https:\/\/apuntesdesanluis.com\/wp-content\/uploads\/2024\/08\/milei-y-macri.png\",\"datePublished\":\"2024-10-23T03:05:16+00:00\",\"dateModified\":\"2024-10-23T03:05:41+00:00\",\"breadcrumb\":{\"@id\":\"https:\/\/apuntesdesanluis.com\/index.php\/2024\/10\/23\/macri-deslizo-que-se-puede-hacer-una-coalicion-con-lla\/#breadcrumb\"},\"inLanguage\":\"es-AR\",\"potentialAction\":[{\"@type\":\"ReadAction\",\"target\":[\"https:\/\/apuntesdesanluis.com\/index.php\/2024\/10\/23\/macri-deslizo-que-se-puede-hacer-una-coalicion-con-lla\/\"]}]},{\"@type\":\"ImageObject\",\"inLanguage\":\"es-AR\",\"@id\":\"https:\/\/apuntesdesanluis.com\/index.php\/2024\/10\/23\/macri-deslizo-que-se-puede-hacer-una-coalicion-con-lla\/#primaryimage\",\"url\":\"https:\/\/apuntesdesanluis.com\/wp-content\/uploads\/2024\/08\/milei-y-macri.png\",\"contentUrl\":\"https:\/\/apuntesdesanluis.com\/wp-content\/uploads\/2024\/08\/milei-y-macri.png\",\"width\":779,\"height\":437},{\"@type\":\"BreadcrumbList\",\"@id\":\"https:\/\/apuntesdesanluis.com\/index.php\/2024\/10\/23\/macri-deslizo-que-se-puede-hacer-una-coalicion-con-lla\/#breadcrumb\",\"itemListElement\":[{\"@type\":\"ListItem\",\"position\":1,\"name\":\"Inicio\",\"item\":\"https:\/\/apuntesdesanluis.com\/\"},{\"@type\":\"ListItem\",\"position\":2,\"name\":\"MACRI DESLIZ\u00d3 QUE &#8220;SE PUEDE HACER UNA COALICI\u00d3N&#8221; CON EL PARTIDO DE MILEI\"}]},{\"@type\":\"WebSite\",\"@id\":\"https:\/\/apuntesdesanluis.com\/#website\",\"url\":\"https:\/\/apuntesdesanluis.com\/\",\"name\":\"Apuntes de San Luis\",\"description\":\"\",\"publisher\":{\"@id\":\"https:\/\/apuntesdesanluis.com\/#\/schema\/person\/b55151d52296fcce64d1a72538a70b90\"},\"potentialAction\":[{\"@type\":\"SearchAction\",\"target\":{\"@type\":\"EntryPoint\",\"urlTemplate\":\"https:\/\/apuntesdesanluis.com\/?s={search_term_string}\"},\"query-input\":{\"@type\":\"PropertyValueSpecification\",\"valueRequired\":true,\"valueName\":\"search_term_string\"}}],\"inLanguage\":\"es-AR\"},{\"@type\":[\"Person\",\"Organization\"],\"@id\":\"https:\/\/apuntesdesanluis.com\/#\/schema\/person\/b55151d52296fcce64d1a72538a70b90\",\"name\":\"apuntesdesanluis.com\",\"image\":{\"@type\":\"ImageObject\",\"inLanguage\":\"es-AR\",\"@id\":\"https:\/\/apuntesdesanluis.com\/#\/schema\/person\/image\/\",\"url\":\"https:\/\/apuntesdesanluis.com\/wp-content\/uploads\/2023\/07\/cropped-apuntesdesanluis.png\",\"contentUrl\":\"https:\/\/apuntesdesanluis.com\/wp-content\/uploads\/2023\/07\/cropped-apuntesdesanluis.png\",\"width\":450,\"height\":112,\"caption\":\"apuntesdesanluis.com\"},\"logo\":{\"@id\":\"https:\/\/apuntesdesanluis.com\/#\/schema\/person\/image\/\"},\"sameAs\":[\"https:\/\/apuntesdesanluis.com\"],\"url\":\"https:\/\/apuntesdesanluis.com\/index.php\/author\/apuntesdesanluis-com\/\"}]}<\/script>\n<!-- \/ Yoast SEO plugin. -->","yoast_head_json":{"title":"MACRI DESLIZ\u00d3 QUE \"SE PUEDE HACER UNA COALICI\u00d3N\" CON EL PARTIDO DE MILEI - Apuntes de San Luis","robots":{"index":"index","follow":"follow","max-snippet":"max-snippet:-1","max-image-preview":"max-image-preview:large","max-video-preview":"max-video-preview:-1"},"canonical":"https:\/\/apuntesdesanluis.com\/index.php\/2024\/10\/23\/macri-deslizo-que-se-puede-hacer-una-coalicion-con-lla\/","og_locale":"es_ES","og_type":"article","og_title":"MACRI DESLIZ\u00d3 QUE \"SE PUEDE HACER UNA COALICI\u00d3N\" CON EL PARTIDO DE MILEI - Apuntes de San Luis","og_description":"El expresidente Mauricio Macri dej\u00f3 entrever esta noche que &#8220;se puede hacer una coalici\u00f3n&#8221; con...","og_url":"https:\/\/apuntesdesanluis.com\/index.php\/2024\/10\/23\/macri-deslizo-que-se-puede-hacer-una-coalicion-con-lla\/","og_site_name":"Apuntes de San Luis","article_published_time":"2024-10-23T03:05:16+00:00","article_modified_time":"2024-10-23T03:05:41+00:00","og_image":[{"width":779,"height":437,"url":"https:\/\/apuntesdesanluis.com\/wp-content\/uploads\/2024\/08\/milei-y-macri.png","type":"image\/png"}],"author":"apuntesdesanluis.com","twitter_card":"summary_large_image","twitter_misc":{"Escrito por":"apuntesdesanluis.com","Tiempo de lectura":"2 minutos"},"schema":{"@context":"https:\/\/schema.org","@graph":[{"@type":"Article","@id":"https:\/\/apuntesdesanluis.com\/index.php\/2024\/10\/23\/macri-deslizo-que-se-puede-hacer-una-coalicion-con-lla\/#article","isPartOf":{"@id":"https:\/\/apuntesdesanluis.com\/index.php\/2024\/10\/23\/macri-deslizo-que-se-puede-hacer-una-coalicion-con-lla\/"},"author":{"name":"apuntesdesanluis.com","@id":"https:\/\/apuntesdesanluis.com\/#\/schema\/person\/b55151d52296fcce64d1a72538a70b90"},"headline":"MACRI DESLIZ\u00d3 QUE &#8220;SE PUEDE HACER UNA COALICI\u00d3N&#8221; CON EL PARTIDO DE MILEI","datePublished":"2024-10-23T03:05:16+00:00","dateModified":"2024-10-23T03:05:41+00:00","mainEntityOfPage":{"@id":"https:\/\/apuntesdesanluis.com\/index.php\/2024\/10\/23\/macri-deslizo-que-se-puede-hacer-una-coalicion-con-lla\/"},"wordCount":329,"publisher":{"@id":"https:\/\/apuntesdesanluis.com\/#\/schema\/person\/b55151d52296fcce64d1a72538a70b90"},"image":{"@id":"https:\/\/apuntesdesanluis.com\/index.php\/2024\/10\/23\/macri-deslizo-que-se-puede-hacer-una-coalicion-con-lla\/#primaryimage"},"thumbnailUrl":"https:\/\/apuntesdesanluis.com\/wp-content\/uploads\/2024\/08\/milei-y-macri.png","articleSection":["Nacionales\/Internacionales"],"inLanguage":"es-AR"},{"@type":"WebPage","@id":"https:\/\/apuntesdesanluis.com\/index.php\/2024\/10\/23\/macri-deslizo-que-se-puede-hacer-una-coalicion-con-lla\/","url":"https:\/\/apuntesdesanluis.com\/index.php\/2024\/10\/23\/macri-deslizo-que-se-puede-hacer-una-coalicion-con-lla\/","name":"MACRI DESLIZ\u00d3 QUE \"SE PUEDE HACER UNA COALICI\u00d3N\" CON EL PARTIDO DE MILEI - Apuntes de San Luis","isPartOf":{"@id":"https:\/\/apuntesdesanluis.com\/#website"},"primaryImageOfPage":{"@id":"https:\/\/apuntesdesanluis.com\/index.php\/2024\/10\/23\/macri-deslizo-que-se-puede-hacer-una-coalicion-con-lla\/#primaryimage"},"image":{"@id":"https:\/\/apuntesdesanluis.com\/index.php\/2024\/10\/23\/macri-deslizo-que-se-puede-hacer-una-coalicion-con-lla\/#primaryimage"},"thumbnailUrl":"https:\/\/apuntesdesanluis.com\/wp-content\/uploads\/2024\/08\/milei-y-macri.png","datePublished":"2024-10-23T03:05:16+00:00","dateModified":"2024-10-23T03:05:41+00:00","breadcrumb":{"@id":"https:\/\/apuntesdesanluis.com\/index.php\/2024\/10\/23\/macri-deslizo-que-se-puede-hacer-una-coalicion-con-lla\/#breadcrumb"},"inLanguage":"es-AR","potentialAction":[{"@type":"ReadAction","target":["https:\/\/apuntesdesanluis.com\/index.php\/2024\/10\/23\/macri-deslizo-que-se-puede-hacer-una-coalicion-con-lla\/"]}]},{"@type":"ImageObject","inLanguage":"es-AR","@id":"https:\/\/apuntesdesanluis.com\/index.php\/2024\/10\/23\/macri-deslizo-que-se-puede-hacer-una-coalicion-con-lla\/#primaryimage","url":"https:\/\/apuntesdesanluis.com\/wp-content\/uploads\/2024\/08\/milei-y-macri.png","contentUrl":"https:\/\/apuntesdesanluis.com\/wp-content\/uploads\/2024\/08\/milei-y-macri.png","width":779,"height":437},{"@type":"BreadcrumbList","@id":"https:\/\/apuntesdesanluis.com\/index.php\/2024\/10\/23\/macri-deslizo-que-se-puede-hacer-una-coalicion-con-lla\/#breadcrumb","itemListElement":[{"@type":"ListItem","position":1,"name":"Inicio","item":"https:\/\/apuntesdesanluis.com\/"},{"@type":"ListItem","position":2,"name":"MACRI DESLIZ\u00d3 QUE &#8220;SE PUEDE HACER UNA COALICI\u00d3N&#8221; CON EL PARTIDO DE MILEI"}]},{"@type":"WebSite","@id":"https:\/\/apuntesdesanluis.com\/#website","url":"https:\/\/apuntesdesanluis.com\/","name":"Apuntes de San Luis","description":"","publisher":{"@id":"https:\/\/apuntesdesanluis.com\/#\/schema\/person\/b55151d52296fcce64d1a72538a70b90"},"potentialAction":[{"@type":"SearchAction","target":{"@type":"EntryPoint","urlTemplate":"https:\/\/apuntesdesanluis.com\/?s={search_term_string}"},"query-input":{"@type":"PropertyValueSpecification","valueRequired":true,"valueName":"search_term_string"}}],"inLanguage":"es-AR"},{"@type":["Person","Organization"],"@id":"https:\/\/apuntesdesanluis.com\/#\/schema\/person\/b55151d52296fcce64d1a72538a70b90","name":"apuntesdesanluis.com","image":{"@type":"ImageObject","inLanguage":"es-AR","@id":"https:\/\/apuntesdesanluis.com\/#\/schema\/person\/image\/","url":"https:\/\/apuntesdesanluis.com\/wp-content\/uploads\/2023\/07\/cropped-apuntesdesanluis.png","contentUrl":"https:\/\/apuntesdesanluis.com\/wp-content\/uploads\/2023\/07\/cropped-apuntesdesanluis.png","width":450,"height":112,"caption":"apuntesdesanluis.com"},"logo":{"@id":"https:\/\/apuntesdesanluis.com\/#\/schema\/person\/image\/"},"sameAs":["https:\/\/apuntesdesanluis.com"],"url":"https:\/\/apuntesdesanluis.com\/index.php\/author\/apuntesdesanluis-com\/"}]}},"featured_image_urls":{"full":["https:\/\/apuntesdesanluis.com\/wp-content\/uploads\/2024\/08\/milei-y-macri.png",779,437,false],"thumbnail":["https:\/\/apuntesdesanluis.com\/wp-content\/uploads\/2024\/08\/milei-y-macri-150x150.png",150,150,true],"medium":["https:\/\/apuntesdesanluis.com\/wp-content\/uploads\/2024\/08\/milei-y-macri-300x168.png",300,168,true],"medium_large":["https:\/\/apuntesdesanluis.com\/wp-content\/uploads\/2024\/08\/milei-y-macri-768x431.png",640,359,true],"large":["https:\/\/apuntesdesanluis.com\/wp-content\/uploads\/2024\/08\/milei-y-macri.png",640,359,false],"1536x1536":["https:\/\/apuntesdesanluis.com\/wp-content\/uploads\/2024\/08\/milei-y-macri.png",779,437,false],"2048x2048":["https:\/\/apuntesdesanluis.com\/wp-content\/uploads\/2024\/08\/milei-y-macri.png",779,437,false],"newsever-slider-full":["https:\/\/apuntesdesanluis.com\/wp-content\/uploads\/2024\/08\/milei-y-macri.png",779,437,false],"newsever-featured":["https:\/\/apuntesdesanluis.com\/wp-content\/uploads\/2024\/08\/milei-y-macri.png",779,437,false],"newsever-medium":["https:\/\/apuntesdesanluis.com\/wp-content\/uploads\/2024\/08\/milei-y-macri-720x437.png",720,437,true]},"author_info":{"display_name":"apuntesdesanluis.com","author_link":"https:\/\/apuntesdesanluis.com\/index.php\/author\/apuntesdesanluis-com\/"},"category_info":"<a href=\"https:\/\/apuntesdesanluis.com\/index.php\/category\/nacionales-internacionales\/\" rel=\"category tag\">Nacionales\/Internacionales<\/a>","tag_info":"Nacionales\/Internacionales","comment_count":"0","_links":{"self":[{"href":"https:\/\/apuntesdesanluis.com\/index.php\/wp-json\/wp\/v2\/posts\/24239","targetHints":{"allow":["GET"]}}],"collection":[{"href":"https:\/\/apuntesdesanluis.com\/index.php\/wp-json\/wp\/v2\/posts"}],"about":[{"href":"https:\/\/apuntesdesanluis.com\/index.php\/wp-json\/wp\/v2\/types\/post"}],"author":[{"embeddable":true,"href":"https:\/\/apuntesdesanluis.com\/index.php\/wp-json\/wp\/v2\/users\/1"}],"replies":[{"embeddable":true,"href":"https:\/\/apuntesdesanluis.com\/index.php\/wp-json\/wp\/v2\/comments?post=24239"}],"version-history":[{"count":2,"href":"https:\/\/apuntesdesanluis.com\/index.php\/wp-json\/wp\/v2\/posts\/24239\/revisions"}],"predecessor-version":[{"id":24241,"href":"https:\/\/apuntesdesanluis.com\/index.php\/wp-json\/wp\/v2\/posts\/24239\/revisions\/24241"}],"wp:featuredmedia":[{"embeddable":true,"href":"https:\/\/apuntesdesanluis.com\/index.php\/wp-json\/wp\/v2\/media\/21251"}],"wp:attachment":[{"href":"https:\/\/apuntesdesanluis.com\/index.php\/wp-json\/wp\/v2\/media?parent=24239"}],"wp:term":[{"taxonomy":"category","embeddable":true,"href":"https:\/\/apuntesdesanluis.com\/index.php\/wp-json\/wp\/v2\/categories?post=24239"},{"taxonomy":"post_tag","embeddable":true,"href":"https:\/\/apuntesdesanluis.com\/index.php\/wp-json\/wp\/v2\/tags?post=24239"}],"curies":[{"name":"wp","href":"https:\/\/api.w.org\/{rel}","templated":true}]}}