{"id":24257,"date":"2024-10-23T19:49:32","date_gmt":"2024-10-23T22:49:32","guid":{"rendered":"https:\/\/apuntesdesanluis.com\/?p=24257"},"modified":"2024-10-23T19:49:32","modified_gmt":"2024-10-23T22:49:32","slug":"se-llevara-a-cabo-en-la-villa-de-merlo-el-foro-de-seguridad","status":"publish","type":"post","link":"https:\/\/apuntesdesanluis.com\/index.php\/2024\/10\/23\/se-llevara-a-cabo-en-la-villa-de-merlo-el-foro-de-seguridad\/","title":{"rendered":"SE LLEVAR\u00c1 A CABO EN LA VILLA DE MERLO EL FORO DE SEGURIDAD"},"content":{"rendered":"<h3>Con el firme objetivo de continuar garantizando una seguridad integral que involucre tanto a las instituciones como a la ciudadan\u00eda, el Municipio invita a los vecinos de la\u00a0Villa a ser parte del <strong>Foro de Seguridad<\/strong> del Ministerio de Seguridad.<\/h3>\n<h3>El Municipio de la Villa de Merlo, junto al Ministerio de Seguridad de la Naci\u00f3n y el Ministerio de Seguridad de la Provincia de San Luis, invita a la comunidad a participar del <strong>Foro de Seguridad <\/strong>titulado <strong>&#8220;Programa de Buenas Pr\u00e1cticas en la Gesti\u00f3n de la Seguridad Local&#8221;,<\/strong> bajo la charla titulada \u201c<strong>Protecci\u00f3n civil \u2013 Gesti\u00f3n Integral del Riesgo<\/strong>\u201d, que se llevar\u00e1 a cabo el <strong>jueves 24 de octubre <\/strong>en la <strong>Casa del Poeta a las 14.30 hs<\/strong>.<\/h3>\n<h3>Este evento tiene como objetivo fundamental <strong>empoderar a las autoridades locales y a la ciudadan\u00eda <\/strong>para reducir el riesgo de desastres mediante talleres orientados a sectores clave, como adolescentes, instituciones intermedias, fuerzas policiales, cuerpos de prevenci\u00f3n, protecci\u00f3n civil, bomberos, agentes municipales y la poblaci\u00f3n en general.<\/h3>\n<h3>El Intendente <strong>Juan Alvarez Pinto <\/strong>ha destacado la importancia de este foro como una pieza clave para fortalecer la <strong>participaci\u00f3n ciudadana <\/strong>y la <strong>seguridad comunitaria<\/strong>, permitiendo a los vecinos ser parte activa en la construcci\u00f3n de estrategias preventivas y de gesti\u00f3n integral del riesgo.<\/h3>\n<h3>Durante la jornada, se abordar\u00e1n temas esenciales para la protecci\u00f3n civil y la gesti\u00f3n del riesgo, con la participaci\u00f3n del <strong>Director Nacional de Apoyo al SINAGIR<\/strong>, <strong>Sr. Ignacio Pedro Cabello<\/strong>, junto a <strong>Guillermo Federico Galv\u00e1n<\/strong>, <strong>Director Nacional de Articulaci\u00f3n Federal<\/strong>, y <strong>N\u00e9stor Octavio Majul<\/strong>, <strong>Secretario de Articulaci\u00f3n Federal<\/strong>. Adem\u00e1s, estar\u00e1n presentes autoridades provinciales y municipales, quienes sumar\u00e1n sus experiencias en gesti\u00f3n de seguridad local.<\/h3>\n<h3>Acciones del foro:<\/h3>\n<h3>1.- Identificaci\u00f3n de desaf\u00edos y buenas pr\u00e1cticas en la gesti\u00f3n de la seguridad ciudadana.<\/h3>\n<h3>2.- Acciones formativas y de sensibilizaci\u00f3n para fortalecer las capacidades locales en seguridad.<\/h3>\n<h3>3.- Elaboraci\u00f3n de manuales y protocolos para la gesti\u00f3n municipal del riesgo.<\/h3>\n<h3>4.- Fortalecimiento de las capacidades de los gobiernos locales para mejorar la autoprotecci\u00f3n, preparaci\u00f3n, respuesta y recuperaci\u00f3n ante desastres.<\/h3>\n<h3>En paralelo, durante los d\u00edas mi\u00e9rcoles 23 y jueves 24 de octubre, personal del Ministerio de Seguridad de la Naci\u00f3n y de la Provincia, en conjunto con el Ministerio de Educaci\u00f3n y acompa\u00f1ados por el Intendente Juan Alvarez Pinto y parte del gabinete municipal, realizan charlas en instituciones educativas de la Villa de Merlo. Los talleres incluyen temas cruciales como <strong>prevenci\u00f3n del Bullying y Ciberbullying; Identificaci\u00f3n y Prevenci\u00f3n de Grooming y otros Ciberdelitos; prevenci\u00f3n de la Violencia y Resoluci\u00f3n Pac\u00edfica de Conflictos; prevenci\u00f3n de la Violencia por motivo de G\u00e9nero; identificaci\u00f3n de la Trata de Personas y prevencion de Relaciones Violentas.<\/strong><\/h3>\n<h3>Este foro refuerza el compromiso del Municipio de la Villa de Merlo en articular esfuerzos para garantizar una seguridad integral que involucre tanto a las instituciones como a la ciudadan\u00eda.<strong>La participaci\u00f3n es gratuita <\/strong>y abierta a todos los vecinos.<\/h3>\n<p><img fetchpriority=\"high\" decoding=\"async\" class=\"wp-image-24258 aligncenter\" src=\"https:\/\/apuntesdesanluis.com\/wp-content\/uploads\/2024\/10\/Imagen-de-WhatsApp-2024-10-23-a-las-11.19.57_7eaf8ef2-240x300.jpg\" alt=\"\" width=\"522\" height=\"653\" srcset=\"https:\/\/apuntesdesanluis.com\/wp-content\/uploads\/2024\/10\/Imagen-de-WhatsApp-2024-10-23-a-las-11.19.57_7eaf8ef2-240x300.jpg 240w, https:\/\/apuntesdesanluis.com\/wp-content\/uploads\/2024\/10\/Imagen-de-WhatsApp-2024-10-23-a-las-11.19.57_7eaf8ef2-819x1024.jpg 819w, https:\/\/apuntesdesanluis.com\/wp-content\/uploads\/2024\/10\/Imagen-de-WhatsApp-2024-10-23-a-las-11.19.57_7eaf8ef2-768x960.jpg 768w, https:\/\/apuntesdesanluis.com\/wp-content\/uploads\/2024\/10\/Imagen-de-WhatsApp-2024-10-23-a-las-11.19.57_7eaf8ef2-1024x1280.jpg 1024w, https:\/\/apuntesdesanluis.com\/wp-content\/uploads\/2024\/10\/Imagen-de-WhatsApp-2024-10-23-a-las-11.19.57_7eaf8ef2.jpg 1126w\" sizes=\"(max-width: 522px) 100vw, 522px\" \/><\/p>\n<p>&nbsp;<\/p>\n<p>&nbsp;<\/p>\n<p>&nbsp;<\/p>\n<p>&nbsp;<\/p>\n<p>&nbsp;<\/p>\n","protected":false},"excerpt":{"rendered":"<p>Con el firme objetivo de continuar garantizando una seguridad integral que involucre tanto a las&#8230;<\/p>\n","protected":false},"author":1,"featured_media":24259,"comment_status":"closed","ping_status":"closed","sticky":false,"template":"","format":"standard","meta":{"footnotes":""},"categories":[6],"tags":[],"class_list":["post-24257","post","type-post","status-publish","format-standard","has-post-thumbnail","hentry","category-ciudad-provincia"],"yoast_head":"<!-- This site is optimized with the Yoast SEO plugin v26.1.1 - https:\/\/yoast.com\/wordpress\/plugins\/seo\/ -->\n<title>SE LLEVAR\u00c1 A CABO EN LA VILLA DE MERLO EL FORO DE SEGURIDAD - Apuntes de San Luis<\/title>\n<meta name=\"robots\" content=\"index, follow, max-snippet:-1, max-image-preview:large, max-video-preview:-1\" \/>\n<link rel=\"canonical\" href=\"https:\/\/apuntesdesanluis.com\/index.php\/2024\/10\/23\/se-llevara-a-cabo-en-la-villa-de-merlo-el-foro-de-seguridad\/\" \/>\n<meta property=\"og:locale\" content=\"es_ES\" \/>\n<meta property=\"og:type\" content=\"article\" \/>\n<meta property=\"og:title\" content=\"SE LLEVAR\u00c1 A CABO EN LA VILLA DE MERLO EL FORO DE SEGURIDAD - Apuntes de San Luis\" \/>\n<meta property=\"og:description\" content=\"Con el firme objetivo de continuar garantizando una seguridad integral que involucre tanto a las...\" \/>\n<meta property=\"og:url\" content=\"https:\/\/apuntesdesanluis.com\/index.php\/2024\/10\/23\/se-llevara-a-cabo-en-la-villa-de-merlo-el-foro-de-seguridad\/\" \/>\n<meta property=\"og:site_name\" content=\"Apuntes de San Luis\" \/>\n<meta property=\"article:published_time\" content=\"2024-10-23T22:49:32+00:00\" \/>\n<meta property=\"og:image\" content=\"https:\/\/apuntesdesanluis.com\/wp-content\/uploads\/2024\/10\/casa-del-poeta-en-merlo.png\" \/>\n\t<meta property=\"og:image:width\" content=\"528\" \/>\n\t<meta property=\"og:image:height\" content=\"331\" \/>\n\t<meta property=\"og:image:type\" content=\"image\/png\" \/>\n<meta name=\"author\" content=\"apuntesdesanluis.com\" \/>\n<meta name=\"twitter:card\" content=\"summary_large_image\" \/>\n<meta name=\"twitter:label1\" content=\"Escrito por\" \/>\n\t<meta name=\"twitter:data1\" content=\"apuntesdesanluis.com\" \/>\n\t<meta name=\"twitter:label2\" content=\"Tiempo de lectura\" \/>\n\t<meta name=\"twitter:data2\" content=\"3 minutos\" \/>\n<script type=\"application\/ld+json\" class=\"yoast-schema-graph\">{\"@context\":\"https:\/\/schema.org\",\"@graph\":[{\"@type\":\"Article\",\"@id\":\"https:\/\/apuntesdesanluis.com\/index.php\/2024\/10\/23\/se-llevara-a-cabo-en-la-villa-de-merlo-el-foro-de-seguridad\/#article\",\"isPartOf\":{\"@id\":\"https:\/\/apuntesdesanluis.com\/index.php\/2024\/10\/23\/se-llevara-a-cabo-en-la-villa-de-merlo-el-foro-de-seguridad\/\"},\"author\":{\"name\":\"apuntesdesanluis.com\",\"@id\":\"https:\/\/apuntesdesanluis.com\/#\/schema\/person\/b55151d52296fcce64d1a72538a70b90\"},\"headline\":\"SE LLEVAR\u00c1 A CABO EN LA VILLA DE MERLO EL FORO DE SEGURIDAD\",\"datePublished\":\"2024-10-23T22:49:32+00:00\",\"mainEntityOfPage\":{\"@id\":\"https:\/\/apuntesdesanluis.com\/index.php\/2024\/10\/23\/se-llevara-a-cabo-en-la-villa-de-merlo-el-foro-de-seguridad\/\"},\"wordCount\":538,\"publisher\":{\"@id\":\"https:\/\/apuntesdesanluis.com\/#\/schema\/person\/b55151d52296fcce64d1a72538a70b90\"},\"image\":{\"@id\":\"https:\/\/apuntesdesanluis.com\/index.php\/2024\/10\/23\/se-llevara-a-cabo-en-la-villa-de-merlo-el-foro-de-seguridad\/#primaryimage\"},\"thumbnailUrl\":\"https:\/\/apuntesdesanluis.com\/wp-content\/uploads\/2024\/10\/casa-del-poeta-en-merlo.png\",\"articleSection\":[\"Ciudad\/Provincia\"],\"inLanguage\":\"es-AR\"},{\"@type\":\"WebPage\",\"@id\":\"https:\/\/apuntesdesanluis.com\/index.php\/2024\/10\/23\/se-llevara-a-cabo-en-la-villa-de-merlo-el-foro-de-seguridad\/\",\"url\":\"https:\/\/apuntesdesanluis.com\/index.php\/2024\/10\/23\/se-llevara-a-cabo-en-la-villa-de-merlo-el-foro-de-seguridad\/\",\"name\":\"SE LLEVAR\u00c1 A CABO EN LA VILLA DE MERLO EL FORO DE SEGURIDAD - Apuntes de San Luis\",\"isPartOf\":{\"@id\":\"https:\/\/apuntesdesanluis.com\/#website\"},\"primaryImageOfPage\":{\"@id\":\"https:\/\/apuntesdesanluis.com\/index.php\/2024\/10\/23\/se-llevara-a-cabo-en-la-villa-de-merlo-el-foro-de-seguridad\/#primaryimage\"},\"image\":{\"@id\":\"https:\/\/apuntesdesanluis.com\/index.php\/2024\/10\/23\/se-llevara-a-cabo-en-la-villa-de-merlo-el-foro-de-seguridad\/#primaryimage\"},\"thumbnailUrl\":\"https:\/\/apuntesdesanluis.com\/wp-content\/uploads\/2024\/10\/casa-del-poeta-en-merlo.png\",\"datePublished\":\"2024-10-23T22:49:32+00:00\",\"breadcrumb\":{\"@id\":\"https:\/\/apuntesdesanluis.com\/index.php\/2024\/10\/23\/se-llevara-a-cabo-en-la-villa-de-merlo-el-foro-de-seguridad\/#breadcrumb\"},\"inLanguage\":\"es-AR\",\"potentialAction\":[{\"@type\":\"ReadAction\",\"target\":[\"https:\/\/apuntesdesanluis.com\/index.php\/2024\/10\/23\/se-llevara-a-cabo-en-la-villa-de-merlo-el-foro-de-seguridad\/\"]}]},{\"@type\":\"ImageObject\",\"inLanguage\":\"es-AR\",\"@id\":\"https:\/\/apuntesdesanluis.com\/index.php\/2024\/10\/23\/se-llevara-a-cabo-en-la-villa-de-merlo-el-foro-de-seguridad\/#primaryimage\",\"url\":\"https:\/\/apuntesdesanluis.com\/wp-content\/uploads\/2024\/10\/casa-del-poeta-en-merlo.png\",\"contentUrl\":\"https:\/\/apuntesdesanluis.com\/wp-content\/uploads\/2024\/10\/casa-del-poeta-en-merlo.png\",\"width\":528,\"height\":331},{\"@type\":\"BreadcrumbList\",\"@id\":\"https:\/\/apuntesdesanluis.com\/index.php\/2024\/10\/23\/se-llevara-a-cabo-en-la-villa-de-merlo-el-foro-de-seguridad\/#breadcrumb\",\"itemListElement\":[{\"@type\":\"ListItem\",\"position\":1,\"name\":\"Inicio\",\"item\":\"https:\/\/apuntesdesanluis.com\/\"},{\"@type\":\"ListItem\",\"position\":2,\"name\":\"SE LLEVAR\u00c1 A CABO EN LA VILLA DE MERLO EL FORO DE SEGURIDAD\"}]},{\"@type\":\"WebSite\",\"@id\":\"https:\/\/apuntesdesanluis.com\/#website\",\"url\":\"https:\/\/apuntesdesanluis.com\/\",\"name\":\"Apuntes de San Luis\",\"description\":\"\",\"publisher\":{\"@id\":\"https:\/\/apuntesdesanluis.com\/#\/schema\/person\/b55151d52296fcce64d1a72538a70b90\"},\"potentialAction\":[{\"@type\":\"SearchAction\",\"target\":{\"@type\":\"EntryPoint\",\"urlTemplate\":\"https:\/\/apuntesdesanluis.com\/?s={search_term_string}\"},\"query-input\":{\"@type\":\"PropertyValueSpecification\",\"valueRequired\":true,\"valueName\":\"search_term_string\"}}],\"inLanguage\":\"es-AR\"},{\"@type\":[\"Person\",\"Organization\"],\"@id\":\"https:\/\/apuntesdesanluis.com\/#\/schema\/person\/b55151d52296fcce64d1a72538a70b90\",\"name\":\"apuntesdesanluis.com\",\"image\":{\"@type\":\"ImageObject\",\"inLanguage\":\"es-AR\",\"@id\":\"https:\/\/apuntesdesanluis.com\/#\/schema\/person\/image\/\",\"url\":\"https:\/\/apuntesdesanluis.com\/wp-content\/uploads\/2023\/07\/cropped-apuntesdesanluis.png\",\"contentUrl\":\"https:\/\/apuntesdesanluis.com\/wp-content\/uploads\/2023\/07\/cropped-apuntesdesanluis.png\",\"width\":450,\"height\":112,\"caption\":\"apuntesdesanluis.com\"},\"logo\":{\"@id\":\"https:\/\/apuntesdesanluis.com\/#\/schema\/person\/image\/\"},\"sameAs\":[\"https:\/\/apuntesdesanluis.com\"],\"url\":\"https:\/\/apuntesdesanluis.com\/index.php\/author\/apuntesdesanluis-com\/\"}]}<\/script>\n<!-- \/ Yoast SEO plugin. -->","yoast_head_json":{"title":"SE LLEVAR\u00c1 A CABO EN LA VILLA DE MERLO EL FORO DE SEGURIDAD - Apuntes de San Luis","robots":{"index":"index","follow":"follow","max-snippet":"max-snippet:-1","max-image-preview":"max-image-preview:large","max-video-preview":"max-video-preview:-1"},"canonical":"https:\/\/apuntesdesanluis.com\/index.php\/2024\/10\/23\/se-llevara-a-cabo-en-la-villa-de-merlo-el-foro-de-seguridad\/","og_locale":"es_ES","og_type":"article","og_title":"SE LLEVAR\u00c1 A CABO EN LA VILLA DE MERLO EL FORO DE SEGURIDAD - Apuntes de San Luis","og_description":"Con el firme objetivo de continuar garantizando una seguridad integral que involucre tanto a las...","og_url":"https:\/\/apuntesdesanluis.com\/index.php\/2024\/10\/23\/se-llevara-a-cabo-en-la-villa-de-merlo-el-foro-de-seguridad\/","og_site_name":"Apuntes de San Luis","article_published_time":"2024-10-23T22:49:32+00:00","og_image":[{"width":528,"height":331,"url":"https:\/\/apuntesdesanluis.com\/wp-content\/uploads\/2024\/10\/casa-del-poeta-en-merlo.png","type":"image\/png"}],"author":"apuntesdesanluis.com","twitter_card":"summary_large_image","twitter_misc":{"Escrito por":"apuntesdesanluis.com","Tiempo de lectura":"3 minutos"},"schema":{"@context":"https:\/\/schema.org","@graph":[{"@type":"Article","@id":"https:\/\/apuntesdesanluis.com\/index.php\/2024\/10\/23\/se-llevara-a-cabo-en-la-villa-de-merlo-el-foro-de-seguridad\/#article","isPartOf":{"@id":"https:\/\/apuntesdesanluis.com\/index.php\/2024\/10\/23\/se-llevara-a-cabo-en-la-villa-de-merlo-el-foro-de-seguridad\/"},"author":{"name":"apuntesdesanluis.com","@id":"https:\/\/apuntesdesanluis.com\/#\/schema\/person\/b55151d52296fcce64d1a72538a70b90"},"headline":"SE LLEVAR\u00c1 A CABO EN LA VILLA DE MERLO EL FORO DE SEGURIDAD","datePublished":"2024-10-23T22:49:32+00:00","mainEntityOfPage":{"@id":"https:\/\/apuntesdesanluis.com\/index.php\/2024\/10\/23\/se-llevara-a-cabo-en-la-villa-de-merlo-el-foro-de-seguridad\/"},"wordCount":538,"publisher":{"@id":"https:\/\/apuntesdesanluis.com\/#\/schema\/person\/b55151d52296fcce64d1a72538a70b90"},"image":{"@id":"https:\/\/apuntesdesanluis.com\/index.php\/2024\/10\/23\/se-llevara-a-cabo-en-la-villa-de-merlo-el-foro-de-seguridad\/#primaryimage"},"thumbnailUrl":"https:\/\/apuntesdesanluis.com\/wp-content\/uploads\/2024\/10\/casa-del-poeta-en-merlo.png","articleSection":["Ciudad\/Provincia"],"inLanguage":"es-AR"},{"@type":"WebPage","@id":"https:\/\/apuntesdesanluis.com\/index.php\/2024\/10\/23\/se-llevara-a-cabo-en-la-villa-de-merlo-el-foro-de-seguridad\/","url":"https:\/\/apuntesdesanluis.com\/index.php\/2024\/10\/23\/se-llevara-a-cabo-en-la-villa-de-merlo-el-foro-de-seguridad\/","name":"SE LLEVAR\u00c1 A CABO EN LA VILLA DE MERLO EL FORO DE SEGURIDAD - Apuntes de San Luis","isPartOf":{"@id":"https:\/\/apuntesdesanluis.com\/#website"},"primaryImageOfPage":{"@id":"https:\/\/apuntesdesanluis.com\/index.php\/2024\/10\/23\/se-llevara-a-cabo-en-la-villa-de-merlo-el-foro-de-seguridad\/#primaryimage"},"image":{"@id":"https:\/\/apuntesdesanluis.com\/index.php\/2024\/10\/23\/se-llevara-a-cabo-en-la-villa-de-merlo-el-foro-de-seguridad\/#primaryimage"},"thumbnailUrl":"https:\/\/apuntesdesanluis.com\/wp-content\/uploads\/2024\/10\/casa-del-poeta-en-merlo.png","datePublished":"2024-10-23T22:49:32+00:00","breadcrumb":{"@id":"https:\/\/apuntesdesanluis.com\/index.php\/2024\/10\/23\/se-llevara-a-cabo-en-la-villa-de-merlo-el-foro-de-seguridad\/#breadcrumb"},"inLanguage":"es-AR","potentialAction":[{"@type":"ReadAction","target":["https:\/\/apuntesdesanluis.com\/index.php\/2024\/10\/23\/se-llevara-a-cabo-en-la-villa-de-merlo-el-foro-de-seguridad\/"]}]},{"@type":"ImageObject","inLanguage":"es-AR","@id":"https:\/\/apuntesdesanluis.com\/index.php\/2024\/10\/23\/se-llevara-a-cabo-en-la-villa-de-merlo-el-foro-de-seguridad\/#primaryimage","url":"https:\/\/apuntesdesanluis.com\/wp-content\/uploads\/2024\/10\/casa-del-poeta-en-merlo.png","contentUrl":"https:\/\/apuntesdesanluis.com\/wp-content\/uploads\/2024\/10\/casa-del-poeta-en-merlo.png","width":528,"height":331},{"@type":"BreadcrumbList","@id":"https:\/\/apuntesdesanluis.com\/index.php\/2024\/10\/23\/se-llevara-a-cabo-en-la-villa-de-merlo-el-foro-de-seguridad\/#breadcrumb","itemListElement":[{"@type":"ListItem","position":1,"name":"Inicio","item":"https:\/\/apuntesdesanluis.com\/"},{"@type":"ListItem","position":2,"name":"SE LLEVAR\u00c1 A CABO EN LA VILLA DE MERLO EL FORO DE SEGURIDAD"}]},{"@type":"WebSite","@id":"https:\/\/apuntesdesanluis.com\/#website","url":"https:\/\/apuntesdesanluis.com\/","name":"Apuntes de San Luis","description":"","publisher":{"@id":"https:\/\/apuntesdesanluis.com\/#\/schema\/person\/b55151d52296fcce64d1a72538a70b90"},"potentialAction":[{"@type":"SearchAction","target":{"@type":"EntryPoint","urlTemplate":"https:\/\/apuntesdesanluis.com\/?s={search_term_string}"},"query-input":{"@type":"PropertyValueSpecification","valueRequired":true,"valueName":"search_term_string"}}],"inLanguage":"es-AR"},{"@type":["Person","Organization"],"@id":"https:\/\/apuntesdesanluis.com\/#\/schema\/person\/b55151d52296fcce64d1a72538a70b90","name":"apuntesdesanluis.com","image":{"@type":"ImageObject","inLanguage":"es-AR","@id":"https:\/\/apuntesdesanluis.com\/#\/schema\/person\/image\/","url":"https:\/\/apuntesdesanluis.com\/wp-content\/uploads\/2023\/07\/cropped-apuntesdesanluis.png","contentUrl":"https:\/\/apuntesdesanluis.com\/wp-content\/uploads\/2023\/07\/cropped-apuntesdesanluis.png","width":450,"height":112,"caption":"apuntesdesanluis.com"},"logo":{"@id":"https:\/\/apuntesdesanluis.com\/#\/schema\/person\/image\/"},"sameAs":["https:\/\/apuntesdesanluis.com"],"url":"https:\/\/apuntesdesanluis.com\/index.php\/author\/apuntesdesanluis-com\/"}]}},"featured_image_urls":{"full":["https:\/\/apuntesdesanluis.com\/wp-content\/uploads\/2024\/10\/casa-del-poeta-en-merlo.png",528,331,false],"thumbnail":["https:\/\/apuntesdesanluis.com\/wp-content\/uploads\/2024\/10\/casa-del-poeta-en-merlo-150x150.png",150,150,true],"medium":["https:\/\/apuntesdesanluis.com\/wp-content\/uploads\/2024\/10\/casa-del-poeta-en-merlo-300x188.png",300,188,true],"medium_large":["https:\/\/apuntesdesanluis.com\/wp-content\/uploads\/2024\/10\/casa-del-poeta-en-merlo.png",528,331,false],"large":["https:\/\/apuntesdesanluis.com\/wp-content\/uploads\/2024\/10\/casa-del-poeta-en-merlo.png",528,331,false],"1536x1536":["https:\/\/apuntesdesanluis.com\/wp-content\/uploads\/2024\/10\/casa-del-poeta-en-merlo.png",528,331,false],"2048x2048":["https:\/\/apuntesdesanluis.com\/wp-content\/uploads\/2024\/10\/casa-del-poeta-en-merlo.png",528,331,false],"newsever-slider-full":["https:\/\/apuntesdesanluis.com\/wp-content\/uploads\/2024\/10\/casa-del-poeta-en-merlo.png",528,331,false],"newsever-featured":["https:\/\/apuntesdesanluis.com\/wp-content\/uploads\/2024\/10\/casa-del-poeta-en-merlo.png",528,331,false],"newsever-medium":["https:\/\/apuntesdesanluis.com\/wp-content\/uploads\/2024\/10\/casa-del-poeta-en-merlo.png",528,331,false]},"author_info":{"display_name":"apuntesdesanluis.com","author_link":"https:\/\/apuntesdesanluis.com\/index.php\/author\/apuntesdesanluis-com\/"},"category_info":"<a href=\"https:\/\/apuntesdesanluis.com\/index.php\/category\/ciudad-provincia\/\" rel=\"category tag\">Ciudad\/Provincia<\/a>","tag_info":"Ciudad\/Provincia","comment_count":"0","_links":{"self":[{"href":"https:\/\/apuntesdesanluis.com\/index.php\/wp-json\/wp\/v2\/posts\/24257","targetHints":{"allow":["GET"]}}],"collection":[{"href":"https:\/\/apuntesdesanluis.com\/index.php\/wp-json\/wp\/v2\/posts"}],"about":[{"href":"https:\/\/apuntesdesanluis.com\/index.php\/wp-json\/wp\/v2\/types\/post"}],"author":[{"embeddable":true,"href":"https:\/\/apuntesdesanluis.com\/index.php\/wp-json\/wp\/v2\/users\/1"}],"replies":[{"embeddable":true,"href":"https:\/\/apuntesdesanluis.com\/index.php\/wp-json\/wp\/v2\/comments?post=24257"}],"version-history":[{"count":1,"href":"https:\/\/apuntesdesanluis.com\/index.php\/wp-json\/wp\/v2\/posts\/24257\/revisions"}],"predecessor-version":[{"id":24260,"href":"https:\/\/apuntesdesanluis.com\/index.php\/wp-json\/wp\/v2\/posts\/24257\/revisions\/24260"}],"wp:featuredmedia":[{"embeddable":true,"href":"https:\/\/apuntesdesanluis.com\/index.php\/wp-json\/wp\/v2\/media\/24259"}],"wp:attachment":[{"href":"https:\/\/apuntesdesanluis.com\/index.php\/wp-json\/wp\/v2\/media?parent=24257"}],"wp:term":[{"taxonomy":"category","embeddable":true,"href":"https:\/\/apuntesdesanluis.com\/index.php\/wp-json\/wp\/v2\/categories?post=24257"},{"taxonomy":"post_tag","embeddable":true,"href":"https:\/\/apuntesdesanluis.com\/index.php\/wp-json\/wp\/v2\/tags?post=24257"}],"curies":[{"name":"wp","href":"https:\/\/api.w.org\/{rel}","templated":true}]}}